{"id":17342,"date":"2023-09-03T18:56:26","date_gmt":"2023-09-03T18:56:26","guid":{"rendered":"https:\/\/www.africa-press.net\/djibouti\/politique\/le-ministre-yonis-ali-guedi-recu-en-audience-par-le-directeur-general-de-lisa"},"modified":"2023-09-03T19:24:24","modified_gmt":"2023-09-03T19:24:24","slug":"le-ministre-yonis-ali-guedi-recu-en-audience-par-le-directeur-general-de-lisa","status":"publish","type":"post","link":"https:\/\/www.africa-press.net\/djibouti\/economie\/le-ministre-yonis-ali-guedi-recu-en-audience-par-le-directeur-general-de-lisa","title":{"rendered":"Le ministre Yonis Ali Guedi re\u00e7u en audience par le Directeur g\u00e9n\u00e9ral de l\u2019ISA"},"content":{"rendered":"<p><span style=\"color: #ff6600\"><strong>Africa-Press &#8211; Djibouti. <\/strong><\/span>En visite de travail a\u0300 Kigali pour prendre part a\u0300 la 5e\u0300me Re\u0301union Re\u0301gionale de l\u2019Alliance Solaire Internationale pour la Re\u0301gion Afrique, le Ministre de l\u2019Energie charge\u0301 des Ressources Naturelles, Yonis Ali Guedi, a e\u0301te\u0301 rec\u0327u en audience par Dr Ajay Mathur, Directeur Ge\u0301ne\u0301ral de l\u2019ISA. L\u2019entretien s\u2019est de\u0301roule\u0301 en pre\u0301sence du Conseiller Technique du Ministre, M. Mahdi Waberi Hassan, du Directeur de l\u2019Energie, M. Gouled Mohamed Djama ainsi que des principaux collaborateurs du Directeur Ge\u0301ne\u0301ral de l\u2019ISA.<\/p>\n<p>Au centre des discussions, le renforcement de la coope\u0301ration bilate\u0301rale entre la Re\u0301publique de Djibouti et l\u2019Alliance Solaire Internationale, notamment dans le domaine du de\u0301veloppement de l\u2019e\u0301nergie solaire.<\/p>\n<p>Diffe\u0301rents points ont nourri les e\u0301changes entre les deux hauts responsables, notamment l\u2019e\u0301lectrification des villages recule\u0301s de notre pays parl\u2019installation de mini-centrales solaires, la mise a\u0300 disposition des populations rurales en pe\u0301riode d\u2019e\u0301te\u0301 de conteneurs frigorifiques fonctionnant gra\u0302ce aux techniques solaires, le renforcement des capacite\u0301s et des compe\u0301tences des inge\u0301nieurs Djiboutiens par la formation aux technologies solaires ou encore l\u2019installation a\u0300 Djibouti d\u2019un Centre de Ressources et d\u2019Applications de la Technologie Solaire (STAR-C), destine\u0301 a\u0300 de\u0301livrer les certifications relatives aux e\u0301quipements solaires.<\/p>\n<p>Le Ministre de l\u2019Energie, Yonis Ali Guedi, a d\u2019emble\u0301e tenu a\u0300 remercier le Directeur Ge\u0301ne\u0301ral de l\u2019ISA pour l\u2019appui apporte\u0301 par cette Alliance pour le de\u0301veloppement de l\u2019e\u0301nergie solaire a\u0300 Djibouti. Tout en rappelant que notre pays fut l\u2019un des premiers fondateurs de l\u2019ISA par la volonte\u0301 du Chef de l\u2019Etat, Ismail Omar Guelleh, le Ministre Yonis a mis l\u2019accent sur la volonte\u0301 des plus hautes autorite\u0301s de notre pays de de\u0301velopper son fort potentiel solaire. Le Ministre a par ailleurs soumis au DG de l\u2019ISA toutes les attentes de notre pays vis-a\u0300-vis de l\u2019Alliance Solaire Internationale.<\/p>\n<p>Il a, en outre, informe\u0301 son interlocuteur de la volonte\u0301 de Djibouti de soumettre prochainement sa candidature au poste de Vice-pre\u0301sident de l\u2019ISA pour la re\u0301gion Afrique lors des prochaines e\u0301lections de gouvernance de l\u2019ISA. Il a enfin propose\u0301 que la prochaine re\u0301union re\u0301gionale de l\u2019ISA pour la Re\u0301gion Afrique se tienne a\u0300 Djibouti.<\/p>\n<p>Pour sa part, le Directeur Ge\u0301ne\u0301ral de l\u2019Alliance Solaire Internationale, Dr Ajay Mathur, a remercie\u0301 la Re\u0301publique de Djibouti pour sa participation active aux activite\u0301s de l\u2019ISA. Il a insiste\u0301 sur la ne\u0301cessite\u0301 de faciliter le de\u0301ploiement des conteneurs frigorifiques destine\u0301s aux populations rurales tout en informant le Ministre Yonis de la mise en place prochaine a\u0300 Djibouti du Centre STAR-C qui fournira les certifications pour l\u2019utilisation des e\u0301quipements solaires. Selon lui, l\u2019ISA travaillera de concert avec Djibouti et l\u2019appuiera dans la concre\u0301tisation de ses propres projets. Il a promis la volonte\u0301 de son organisation d\u2019apporter une assistance technique a\u0300 Djibouti pour la formation des inge\u0301nieurs Djiboutiens aux techniques et technologies solaires ainsi que pour la re\u0301alisation des infrastructures solaires.<\/p>\n<p>Les discussions entre les deux hommes ont ensuite e\u0301te\u0301 e\u0301tendues a\u0300 d\u2019autres sujets ayant trait a\u0300 la promotion et au de\u0301veloppement de l\u2019e\u0301nergie solaire a\u0300 Djibouti, notamment le lancement dans les prochains mois du Projet de construction de la centrale e\u0301lectrique solaire du Grand Bara de 25 Me\u0301gawatts par le Groupe e\u0301nerge\u0301tique e\u0301mirati AMEA POWER ainsi que le de\u0301marrage prochain des activite\u0301s de l\u2019Usine de production des panneaux solaires \u00ab Made in Djibouti \u00bb qui se consacrera a\u0300 la fabrication des e\u0301quipements solaires photovoltai\u0308ques adapte\u0301s aux tempe\u0301ratures e\u0301leve\u0301es de notre pays et de celles des pays de l\u2019Afrique de l\u2019Est.<\/p>\n<p>Il convient de noter enfin que cette rencontre bilate\u0301rale entre le Ministre Yonis Ali Guedi et Dr Ajay Mathur s\u2019inscrit dans le cadre de la volonte\u0301 du Ministre Yonis Ali Guedide faire be\u0301ne\u0301ficier a\u0300 notre pays, disposant d\u2019un potentiel solaire e\u0301norme, les diffe\u0301rents programmes e\u0301labore\u0301s par cette Alliance qui vise a\u0300 mobiliser plus de 1000 Milliards d\u2019investissements dans le monde dans le solaire photovoltai\u0308que d\u2019ici a\u0300 2030 pour permettre l\u2019installation d\u2019une capacite\u0301 de plus 1000 Gigawatts d\u2019e\u0301nergie solaire supple\u0301mentaire.<\/p>\n\r\n                <style type=\"text\/css\">\r\n                    \r\n                    #td_uid_1_69ef7c426eed5  .td-doubleSlider-2 .td-item1 {\r\n                        background: url(https:\/\/static.africa-press.net\/djibouti\/sites\/52\/2023\/09\/sm_1693756403.328713-80x60.jpg) 0 0 no-repeat;\r\n                    }\r\n                    #td_uid_1_69ef7c426eed5  .td-doubleSlider-2 .td-item2 {\r\n                        background: url(https:\/\/static.africa-press.net\/djibouti\/sites\/52\/2023\/09\/sm_1693756420.544237-80x60.jpg) 0 0 no-repeat;\r\n                    }\r\n                <\/style>\r\n\r\n                <div id=\"td_uid_1_69ef7c426eed5\" class=\"td-gallery td-slide-on-2-columns\">\r\n                    <div class=\"post_td_gallery\">\r\n                        <div class=\"td-gallery-slide-top\">\r\n                           <div class=\"td-gallery-title\"><\/div>\r\n\r\n                            <div class=\"td-gallery-controls-wrapper\">\r\n                                <div class=\"td-gallery-slide-count\"><span class=\"td-gallery-slide-item-focus\">1<\/span> de 2<\/div>\r\n                                <div class=\"td-gallery-slide-prev-next-but\">\r\n                                    <i class = \"td-icon-left doubleSliderPrevButton\"><\/i>\r\n                                    <i class = \"td-icon-right doubleSliderNextButton\"><\/i>\r\n                                <\/div>\r\n                            <\/div>\r\n                        <\/div>\r\n\r\n                        <div class = \"td-doubleSlider-1 \">\r\n                            <div class = \"td-slider\">\r\n                                \r\n                    <div class = \"td-slide-item td-item1\">\r\n                        <figure class=\"td-slide-galery-figure td-slide-popup-gallery\">\r\n                            <a class=\"slide-gallery-image-link\" href=\"https:\/\/static.africa-press.net\/djibouti\/sites\/52\/2023\/09\/sm_1693756403.328713.jpg\" title=\"sm_1693756403.328713\"  data-caption=\"\"  data-description=\"\">\r\n                                <img decoding=\"async\" src=\"https:\/\/static.africa-press.net\/djibouti\/sites\/52\/2023\/09\/sm_1693756403.328713.jpg\" srcset=\"https:\/\/static.africa-press.net\/djibouti\/sites\/52\/2023\/09\/sm_1693756403.328713.jpg 1024w, https:\/\/static.africa-press.net\/djibouti\/sites\/52\/2023\/09\/sm_1693756403.328713-300x225.jpg 300w, https:\/\/static.africa-press.net\/djibouti\/sites\/52\/2023\/09\/sm_1693756403.328713-768x576.jpg 768w, https:\/\/static.africa-press.net\/djibouti\/sites\/52\/2023\/09\/sm_1693756403.328713-80x60.jpg 80w\" sizes=\"(max-width: 1024px) 100vw, 1024px\" alt=\"\">\r\n                            <\/a>\r\n                            \r\n                        <\/figure>\r\n                    <\/div>\r\n                    <div class = \"td-slide-item td-item2\">\r\n                        <figure class=\"td-slide-galery-figure td-slide-popup-gallery\">\r\n                            <a class=\"slide-gallery-image-link\" href=\"https:\/\/static.africa-press.net\/djibouti\/sites\/52\/2023\/09\/sm_1693756420.544237.jpg\" title=\"sm_1693756420.544237\"  data-caption=\"\"  data-description=\"\">\r\n                                <img decoding=\"async\" src=\"https:\/\/static.africa-press.net\/djibouti\/sites\/52\/2023\/09\/sm_1693756420.544237.jpg\" srcset=\"https:\/\/static.africa-press.net\/djibouti\/sites\/52\/2023\/09\/sm_1693756420.544237.jpg 696w, https:\/\/static.africa-press.net\/djibouti\/sites\/52\/2023\/09\/sm_1693756420.544237-300x225.jpg 300w, https:\/\/static.africa-press.net\/djibouti\/sites\/52\/2023\/09\/sm_1693756420.544237-80x60.jpg 80w\" sizes=\"(max-width: 696px) 100vw, 696px\" alt=\"\">\r\n                            <\/a>\r\n                            \r\n                        <\/figure>\r\n                    <\/div>\r\n                            <\/div>\r\n                        <\/div>\r\n\r\n                        <div class = \"td-doubleSlider-2\">\r\n                            <div class = \"td-slider\">\r\n                                \r\n                    <div class = \"td-button td-item1\">\r\n                        <div class = \"td-border\"><\/div>\r\n                    <\/div>\r\n                    <div class = \"td-button td-item2\">\r\n                        <div class = \"td-border\"><\/div>\r\n                    <\/div>\r\n                            <\/div>\r\n                        <\/div>\r\n\r\n                    <\/div>\r\n\r\n                <\/div>\r\n                \n<p><strong>Pour plus d&rsquo;informations et d&rsquo;analyses sur la <a href=\"https:\/\/www.africa-press.net\/djibouti\">Djibouti<\/a>, suivez <a href=\"https:\/\/www.africa-press.net\/\">Africa-Press<\/a><\/strong><\/p>\n","protected":false},"excerpt":{"rendered":"<p>Africa-Press &#8211; Djibouti. En visite de travail a\u0300 Kigali pour prendre part a\u0300 la 5e\u0300me Re\u0301union Re\u0301gionale de l\u2019Alliance Solaire Internationale pour la Re\u0301gion Afrique, le Ministre de l\u2019Energie charge\u0301 des Ressources Naturelles, Yonis Ali Guedi, a e\u0301te\u0301 rec\u0327u en audience par Dr Ajay Mathur, Directeur Ge\u0301ne\u0301ral de l\u2019ISA. L\u2019entretien s\u2019est de\u0301roule\u0301 en pre\u0301sence du [&hellip;]<\/p>\n","protected":false},"author":82,"featured_media":17341,"comment_status":"open","ping_status":"closed","sticky":false,"template":"","format":"standard","meta":{"footnotes":""},"categories":[3,8,10],"tags":[36,49,50],"class_list":["post-17342","post","type-post","status-publish","format-standard","has-post-thumbnail","hentry","category-economie","category-photo","category-toutes-les-actualites","tag-africa-press","tag-africa-press-djibouti","tag-djibouti"],"yoast_head":"<!-- This site is optimized with the Yoast SEO Premium plugin v26.1 (Yoast SEO v27.0) - https:\/\/yoast.com\/product\/yoast-seo-premium-wordpress\/ -->\n<title>Le ministre Yonis Ali Guedi re\u00e7u en audience par le Directeur g\u00e9n\u00e9ral de l\u2019ISA - Djibouti<\/title>\n<meta name=\"description\" content=\"En visite de travail a\u0300 Kigali pour prendre part a\u0300 la 5e\u0300me Re\u0301union Re\u0301gionale de l\u2019Alliance Solaire Internationale po ...\" \/>\n<meta name=\"robots\" content=\"index, follow, max-snippet:-1, max-image-preview:large, max-video-preview:-1\" \/>\n<link rel=\"canonical\" href=\"https:\/\/www.africa-press.net\/djibouti\/economie\/le-ministre-yonis-ali-guedi-recu-en-audience-par-le-directeur-general-de-lisa\" \/>\n<meta property=\"og:locale\" content=\"fr_FR\" \/>\n<meta property=\"og:type\" content=\"article\" \/>\n<meta property=\"og:title\" content=\"Le ministre Yonis Ali Guedi re\u00e7u en audience par le Directeur g\u00e9n\u00e9ral de l\u2019ISA\" \/>\n<meta property=\"og:description\" content=\"En visite de travail a\u0300 Kigali pour prendre part a\u0300 la 5e\u0300me Re\u0301union Re\u0301gionale de l\u2019Alliance Solaire Internationale po ...\" \/>\n<meta property=\"og:url\" content=\"https:\/\/www.africa-press.net\/djibouti\/economie\/le-ministre-yonis-ali-guedi-recu-en-audience-par-le-directeur-general-de-lisa\" \/>\n<meta property=\"og:site_name\" content=\"Djibouti\" \/>\n<meta property=\"article:published_time\" content=\"2023-09-03T18:56:26+00:00\" \/>\n<meta property=\"article:modified_time\" content=\"2023-09-03T19:24:24+00:00\" \/>\n<meta property=\"og:image\" content=\"https:\/\/static.africa-press.net\/djibouti\/sites\/52\/2023\/09\/sm_1693756433.45232.jpg\" \/>\n\t<meta property=\"og:image:width\" content=\"720\" \/>\n\t<meta property=\"og:image:height\" content=\"540\" \/>\n\t<meta property=\"og:image:type\" content=\"image\/jpeg\" \/>\n<meta name=\"author\" content=\"cfeditorfr\" \/>\n<meta name=\"twitter:card\" content=\"summary_large_image\" \/>\n<meta name=\"twitter:label1\" content=\"\u00c9crit par\" \/>\n\t<meta name=\"twitter:data1\" content=\"cfeditorfr\" \/>\n\t<meta name=\"twitter:label2\" content=\"Dur\u00e9e de lecture estim\u00e9e\" \/>\n\t<meta name=\"twitter:data2\" content=\"4 minutes\" \/>\n<script type=\"application\/ld+json\" class=\"yoast-schema-graph\">{\"@context\":\"https:\/\/schema.org\",\"@graph\":[{\"@type\":\"Article\",\"@id\":\"https:\/\/www.africa-press.net\/djibouti\/economie\/le-ministre-yonis-ali-guedi-recu-en-audience-par-le-directeur-general-de-lisa#article\",\"isPartOf\":{\"@id\":\"https:\/\/www.africa-press.net\/djibouti\/economie\/le-ministre-yonis-ali-guedi-recu-en-audience-par-le-directeur-general-de-lisa\"},\"author\":{\"name\":\"cfeditorfr\",\"@id\":\"https:\/\/www.africa-press.net\/djibouti\/#\/schema\/person\/2b1cf3cd81a31e3cd26889ca66d677f1\"},\"headline\":\"Le ministre Yonis Ali Guedi re\u00e7u en audience par le Directeur g\u00e9n\u00e9ral de l\u2019ISA\",\"datePublished\":\"2023-09-03T18:56:26+00:00\",\"dateModified\":\"2023-09-03T19:24:24+00:00\",\"mainEntityOfPage\":{\"@id\":\"https:\/\/www.africa-press.net\/djibouti\/economie\/le-ministre-yonis-ali-guedi-recu-en-audience-par-le-directeur-general-de-lisa\"},\"wordCount\":803,\"commentCount\":0,\"image\":{\"@id\":\"https:\/\/www.africa-press.net\/djibouti\/economie\/le-ministre-yonis-ali-guedi-recu-en-audience-par-le-directeur-general-de-lisa#primaryimage\"},\"thumbnailUrl\":\"https:\/\/static.africa-press.net\/djibouti\/sites\/52\/2023\/09\/sm_1693756433.45232.jpg\",\"keywords\":[\"Africa Press\",\"Africa Press-Djibouti\",\"Djibouti\"],\"articleSection\":[\"\u00c9conomie\",\"Photo\",\"Toutes les actualit\u00e9s\"],\"inLanguage\":\"fr-FR\",\"potentialAction\":[{\"@type\":\"CommentAction\",\"name\":\"Comment\",\"target\":[\"https:\/\/www.africa-press.net\/djibouti\/economie\/le-ministre-yonis-ali-guedi-recu-en-audience-par-le-directeur-general-de-lisa#respond\"]}]},{\"@type\":\"WebPage\",\"@id\":\"https:\/\/www.africa-press.net\/djibouti\/economie\/le-ministre-yonis-ali-guedi-recu-en-audience-par-le-directeur-general-de-lisa\",\"url\":\"https:\/\/www.africa-press.net\/djibouti\/economie\/le-ministre-yonis-ali-guedi-recu-en-audience-par-le-directeur-general-de-lisa\",\"name\":\"Le ministre Yonis Ali Guedi re\u00e7u en audience par le Directeur g\u00e9n\u00e9ral de l\u2019ISA - Djibouti\",\"isPartOf\":{\"@id\":\"https:\/\/www.africa-press.net\/djibouti\/#website\"},\"primaryImageOfPage\":{\"@id\":\"https:\/\/www.africa-press.net\/djibouti\/economie\/le-ministre-yonis-ali-guedi-recu-en-audience-par-le-directeur-general-de-lisa#primaryimage\"},\"image\":{\"@id\":\"https:\/\/www.africa-press.net\/djibouti\/economie\/le-ministre-yonis-ali-guedi-recu-en-audience-par-le-directeur-general-de-lisa#primaryimage\"},\"thumbnailUrl\":\"https:\/\/static.africa-press.net\/djibouti\/sites\/52\/2023\/09\/sm_1693756433.45232.jpg\",\"datePublished\":\"2023-09-03T18:56:26+00:00\",\"dateModified\":\"2023-09-03T19:24:24+00:00\",\"author\":{\"@id\":\"https:\/\/www.africa-press.net\/djibouti\/#\/schema\/person\/2b1cf3cd81a31e3cd26889ca66d677f1\"},\"description\":\"En visite de travail a\u0300 Kigali pour prendre part a\u0300 la 5e\u0300me Re\u0301union Re\u0301gionale de l\u2019Alliance Solaire Internationale po ...\",\"breadcrumb\":{\"@id\":\"https:\/\/www.africa-press.net\/djibouti\/economie\/le-ministre-yonis-ali-guedi-recu-en-audience-par-le-directeur-general-de-lisa#breadcrumb\"},\"inLanguage\":\"fr-FR\",\"potentialAction\":[{\"@type\":\"ReadAction\",\"target\":[\"https:\/\/www.africa-press.net\/djibouti\/economie\/le-ministre-yonis-ali-guedi-recu-en-audience-par-le-directeur-general-de-lisa\"]}]},{\"@type\":\"ImageObject\",\"inLanguage\":\"fr-FR\",\"@id\":\"https:\/\/www.africa-press.net\/djibouti\/economie\/le-ministre-yonis-ali-guedi-recu-en-audience-par-le-directeur-general-de-lisa#primaryimage\",\"url\":\"https:\/\/static.africa-press.net\/djibouti\/sites\/52\/2023\/09\/sm_1693756433.45232.jpg\",\"contentUrl\":\"https:\/\/static.africa-press.net\/djibouti\/sites\/52\/2023\/09\/sm_1693756433.45232.jpg\",\"width\":720,\"height\":540,\"caption\":\"Le ministre Yonis Ali Guedi re\u00e7u en audience par le Directeur g\u00e9n\u00e9ral de l\u2019ISA\"},{\"@type\":\"BreadcrumbList\",\"@id\":\"https:\/\/www.africa-press.net\/djibouti\/economie\/le-ministre-yonis-ali-guedi-recu-en-audience-par-le-directeur-general-de-lisa#breadcrumb\",\"itemListElement\":[{\"@type\":\"ListItem\",\"position\":1,\"name\":\"Accueil\",\"item\":\"https:\/\/www.africa-press.net\/djibouti\/\"},{\"@type\":\"ListItem\",\"position\":2,\"name\":\"Le ministre Yonis Ali Guedi re\u00e7u en audience par le Directeur g\u00e9n\u00e9ral de l\u2019ISA\"}]},{\"@type\":\"WebSite\",\"@id\":\"https:\/\/www.africa-press.net\/djibouti\/#website\",\"url\":\"https:\/\/www.africa-press.net\/djibouti\/\",\"name\":\"Djibouti\",\"description\":\"Just another Africa News Agency Sites site\",\"potentialAction\":[{\"@type\":\"SearchAction\",\"target\":{\"@type\":\"EntryPoint\",\"urlTemplate\":\"https:\/\/www.africa-press.net\/djibouti\/?s={search_term_string}\"},\"query-input\":{\"@type\":\"PropertyValueSpecification\",\"valueRequired\":true,\"valueName\":\"search_term_string\"}}],\"inLanguage\":\"fr-FR\"},{\"@type\":\"Person\",\"@id\":\"https:\/\/www.africa-press.net\/djibouti\/#\/schema\/person\/2b1cf3cd81a31e3cd26889ca66d677f1\",\"name\":\"cfeditorfr\"}]}<\/script>\n<!-- \/ Yoast SEO Premium plugin. -->","yoast_head_json":{"title":"Le ministre Yonis Ali Guedi re\u00e7u en audience par le Directeur g\u00e9n\u00e9ral de l\u2019ISA - Djibouti","description":"En visite de travail a\u0300 Kigali pour prendre part a\u0300 la 5e\u0300me Re\u0301union Re\u0301gionale de l\u2019Alliance Solaire Internationale po ...","robots":{"index":"index","follow":"follow","max-snippet":"max-snippet:-1","max-image-preview":"max-image-preview:large","max-video-preview":"max-video-preview:-1"},"canonical":"https:\/\/www.africa-press.net\/djibouti\/economie\/le-ministre-yonis-ali-guedi-recu-en-audience-par-le-directeur-general-de-lisa","og_locale":"fr_FR","og_type":"article","og_title":"Le ministre Yonis Ali Guedi re\u00e7u en audience par le Directeur g\u00e9n\u00e9ral de l\u2019ISA","og_description":"En visite de travail a\u0300 Kigali pour prendre part a\u0300 la 5e\u0300me Re\u0301union Re\u0301gionale de l\u2019Alliance Solaire Internationale po ...","og_url":"https:\/\/www.africa-press.net\/djibouti\/economie\/le-ministre-yonis-ali-guedi-recu-en-audience-par-le-directeur-general-de-lisa","og_site_name":"Djibouti","article_published_time":"2023-09-03T18:56:26+00:00","article_modified_time":"2023-09-03T19:24:24+00:00","og_image":[{"width":720,"height":540,"url":"https:\/\/static.africa-press.net\/djibouti\/sites\/52\/2023\/09\/sm_1693756433.45232.jpg","type":"image\/jpeg"}],"author":"cfeditorfr","twitter_card":"summary_large_image","twitter_misc":{"\u00c9crit par":"cfeditorfr","Dur\u00e9e de lecture estim\u00e9e":"4 minutes"},"schema":{"@context":"https:\/\/schema.org","@graph":[{"@type":"Article","@id":"https:\/\/www.africa-press.net\/djibouti\/economie\/le-ministre-yonis-ali-guedi-recu-en-audience-par-le-directeur-general-de-lisa#article","isPartOf":{"@id":"https:\/\/www.africa-press.net\/djibouti\/economie\/le-ministre-yonis-ali-guedi-recu-en-audience-par-le-directeur-general-de-lisa"},"author":{"name":"cfeditorfr","@id":"https:\/\/www.africa-press.net\/djibouti\/#\/schema\/person\/2b1cf3cd81a31e3cd26889ca66d677f1"},"headline":"Le ministre Yonis Ali Guedi re\u00e7u en audience par le Directeur g\u00e9n\u00e9ral de l\u2019ISA","datePublished":"2023-09-03T18:56:26+00:00","dateModified":"2023-09-03T19:24:24+00:00","mainEntityOfPage":{"@id":"https:\/\/www.africa-press.net\/djibouti\/economie\/le-ministre-yonis-ali-guedi-recu-en-audience-par-le-directeur-general-de-lisa"},"wordCount":803,"commentCount":0,"image":{"@id":"https:\/\/www.africa-press.net\/djibouti\/economie\/le-ministre-yonis-ali-guedi-recu-en-audience-par-le-directeur-general-de-lisa#primaryimage"},"thumbnailUrl":"https:\/\/static.africa-press.net\/djibouti\/sites\/52\/2023\/09\/sm_1693756433.45232.jpg","keywords":["Africa Press","Africa Press-Djibouti","Djibouti"],"articleSection":["\u00c9conomie","Photo","Toutes les actualit\u00e9s"],"inLanguage":"fr-FR","potentialAction":[{"@type":"CommentAction","name":"Comment","target":["https:\/\/www.africa-press.net\/djibouti\/economie\/le-ministre-yonis-ali-guedi-recu-en-audience-par-le-directeur-general-de-lisa#respond"]}]},{"@type":"WebPage","@id":"https:\/\/www.africa-press.net\/djibouti\/economie\/le-ministre-yonis-ali-guedi-recu-en-audience-par-le-directeur-general-de-lisa","url":"https:\/\/www.africa-press.net\/djibouti\/economie\/le-ministre-yonis-ali-guedi-recu-en-audience-par-le-directeur-general-de-lisa","name":"Le ministre Yonis Ali Guedi re\u00e7u en audience par le Directeur g\u00e9n\u00e9ral de l\u2019ISA - Djibouti","isPartOf":{"@id":"https:\/\/www.africa-press.net\/djibouti\/#website"},"primaryImageOfPage":{"@id":"https:\/\/www.africa-press.net\/djibouti\/economie\/le-ministre-yonis-ali-guedi-recu-en-audience-par-le-directeur-general-de-lisa#primaryimage"},"image":{"@id":"https:\/\/www.africa-press.net\/djibouti\/economie\/le-ministre-yonis-ali-guedi-recu-en-audience-par-le-directeur-general-de-lisa#primaryimage"},"thumbnailUrl":"https:\/\/static.africa-press.net\/djibouti\/sites\/52\/2023\/09\/sm_1693756433.45232.jpg","datePublished":"2023-09-03T18:56:26+00:00","dateModified":"2023-09-03T19:24:24+00:00","author":{"@id":"https:\/\/www.africa-press.net\/djibouti\/#\/schema\/person\/2b1cf3cd81a31e3cd26889ca66d677f1"},"description":"En visite de travail a\u0300 Kigali pour prendre part a\u0300 la 5e\u0300me Re\u0301union Re\u0301gionale de l\u2019Alliance Solaire Internationale po ...","breadcrumb":{"@id":"https:\/\/www.africa-press.net\/djibouti\/economie\/le-ministre-yonis-ali-guedi-recu-en-audience-par-le-directeur-general-de-lisa#breadcrumb"},"inLanguage":"fr-FR","potentialAction":[{"@type":"ReadAction","target":["https:\/\/www.africa-press.net\/djibouti\/economie\/le-ministre-yonis-ali-guedi-recu-en-audience-par-le-directeur-general-de-lisa"]}]},{"@type":"ImageObject","inLanguage":"fr-FR","@id":"https:\/\/www.africa-press.net\/djibouti\/economie\/le-ministre-yonis-ali-guedi-recu-en-audience-par-le-directeur-general-de-lisa#primaryimage","url":"https:\/\/static.africa-press.net\/djibouti\/sites\/52\/2023\/09\/sm_1693756433.45232.jpg","contentUrl":"https:\/\/static.africa-press.net\/djibouti\/sites\/52\/2023\/09\/sm_1693756433.45232.jpg","width":720,"height":540,"caption":"Le ministre Yonis Ali Guedi re\u00e7u en audience par le Directeur g\u00e9n\u00e9ral de l\u2019ISA"},{"@type":"BreadcrumbList","@id":"https:\/\/www.africa-press.net\/djibouti\/economie\/le-ministre-yonis-ali-guedi-recu-en-audience-par-le-directeur-general-de-lisa#breadcrumb","itemListElement":[{"@type":"ListItem","position":1,"name":"Accueil","item":"https:\/\/www.africa-press.net\/djibouti\/"},{"@type":"ListItem","position":2,"name":"Le ministre Yonis Ali Guedi re\u00e7u en audience par le Directeur g\u00e9n\u00e9ral de l\u2019ISA"}]},{"@type":"WebSite","@id":"https:\/\/www.africa-press.net\/djibouti\/#website","url":"https:\/\/www.africa-press.net\/djibouti\/","name":"Djibouti","description":"Just another Africa News Agency Sites site","potentialAction":[{"@type":"SearchAction","target":{"@type":"EntryPoint","urlTemplate":"https:\/\/www.africa-press.net\/djibouti\/?s={search_term_string}"},"query-input":{"@type":"PropertyValueSpecification","valueRequired":true,"valueName":"search_term_string"}}],"inLanguage":"fr-FR"},{"@type":"Person","@id":"https:\/\/www.africa-press.net\/djibouti\/#\/schema\/person\/2b1cf3cd81a31e3cd26889ca66d677f1","name":"cfeditorfr"}]}},"_links":{"self":[{"href":"https:\/\/www.africa-press.net\/djibouti\/wp-json\/wp\/v2\/posts\/17342","targetHints":{"allow":["GET"]}}],"collection":[{"href":"https:\/\/www.africa-press.net\/djibouti\/wp-json\/wp\/v2\/posts"}],"about":[{"href":"https:\/\/www.africa-press.net\/djibouti\/wp-json\/wp\/v2\/types\/post"}],"author":[{"embeddable":true,"href":"https:\/\/www.africa-press.net\/djibouti\/wp-json\/wp\/v2\/users\/82"}],"replies":[{"embeddable":true,"href":"https:\/\/www.africa-press.net\/djibouti\/wp-json\/wp\/v2\/comments?post=17342"}],"version-history":[{"count":0,"href":"https:\/\/www.africa-press.net\/djibouti\/wp-json\/wp\/v2\/posts\/17342\/revisions"}],"wp:featuredmedia":[{"embeddable":true,"href":"https:\/\/www.africa-press.net\/djibouti\/wp-json\/wp\/v2\/media\/17341"}],"wp:attachment":[{"href":"https:\/\/www.africa-press.net\/djibouti\/wp-json\/wp\/v2\/media?parent=17342"}],"wp:term":[{"taxonomy":"category","embeddable":true,"href":"https:\/\/www.africa-press.net\/djibouti\/wp-json\/wp\/v2\/categories?post=17342"},{"taxonomy":"post_tag","embeddable":true,"href":"https:\/\/www.africa-press.net\/djibouti\/wp-json\/wp\/v2\/tags?post=17342"}],"curies":[{"name":"wp","href":"https:\/\/api.w.org\/{rel}","templated":true}]}}