{"id":17347,"date":"2023-09-03T18:57:09","date_gmt":"2023-09-03T18:57:09","guid":{"rendered":"https:\/\/www.africa-press.net\/djibouti\/politique\/le-capitaine-laurent-flament-decore-de-la-medaille-de-chevalier-de-lordre-national-du-27-juin"},"modified":"2023-09-03T19:25:08","modified_gmt":"2023-09-03T19:25:08","slug":"le-capitaine-laurent-flament-decore-de-la-medaille-de-chevalier-de-lordre-national-du-27-juin","status":"publish","type":"post","link":"https:\/\/www.africa-press.net\/djibouti\/politique\/le-capitaine-laurent-flament-decore-de-la-medaille-de-chevalier-de-lordre-national-du-27-juin","title":{"rendered":"Le capitaine Laurent Flament d\u00e9cor\u00e9 de la m\u00e9daille de Chevalier de l\u2019Ordre National  du 27 Juin"},"content":{"rendered":"<p><span style=\"color: #ff6600\"><strong>Africa-Press &#8211; Djibouti. <\/strong><\/span>Le Chef d\u2019Etat-major Ge\u0301ne\u0301ral des Arme\u0301es, le Ge\u0301ne\u0301ral de Corps d\u2019Arme\u0301e Zakaria Cheick Ibrahim, a de\u0301core\u0301 de la me\u0301daille de chevalier de l\u2019Ordre du 27 juin le capitaine Laurent Flament de la police nationale, dont la mission de travail a\u0300 Djibouti est arrive\u0301e a\u0300 son terme. La ce\u0301re\u0301monie de de\u0301coration s\u2019est de\u0301roule\u0301e jeudi dernier a\u0300 l\u2019acade\u0301mie de police Idriss Farah Abaneh, sise a\u0300 Nagad, en pre\u0301sence du Directeur Ge\u0301ne\u0301ral de la Police Nationale, le Colonel Abdourahman Ali Kahin, des proches collaborateurs du CEMGA ainsi que du Directeur de l\u2019APIFA, le Lieutenant \u2013 colonel Omar Youssouf Omar.<\/p>\n<p>En fonction depuis 2019 a\u0300 l\u2019Acade\u0301mie de Police, le Capitaine Flament fut le principal Conseiller du directeur de l\u2019Acade\u0301mie. Il a par ailleurs contribue\u0301 a\u0300 la re\u0301alisation de nombreux projets importants au sein de l\u2019APIFA.<\/p>\n<p>Durant ces anne\u0301es au service de la Police Nationale, le Capitaine Laurent Flament s\u2019est illustre\u0301 pour son de\u0301vouement, sa capacite\u0301 d\u2019inte\u0301gration et son dynamisme.<\/p>\n<p>Dans un bref mot e\u0301nonce\u0301 a\u0300 cette occasion, le Directeur Ge\u0301ne\u0301ral de la Police Nationale, le Colonel Abdourahman Ali Kahin, a remercie\u0301 le Capitaine Laurent Flament pour sa contribution au renforcement des formations offertes aux policiers.<\/p>\n<p><b>N. Kadassiya<\/b><\/p>\n\r\n                <style type=\"text\/css\">\r\n                    \r\n                    #td_uid_1_69ef7c422c128  .td-doubleSlider-2 .td-item1 {\r\n                        background: url(https:\/\/static.africa-press.net\/djibouti\/sites\/52\/2023\/09\/sm_1693756453.899231-80x60.jpg) 0 0 no-repeat;\r\n                    }\r\n                    #td_uid_1_69ef7c422c128  .td-doubleSlider-2 .td-item2 {\r\n                        background: url(https:\/\/static.africa-press.net\/djibouti\/sites\/52\/2023\/09\/sm_1693756469.784834-80x60.jpg) 0 0 no-repeat;\r\n                    }\r\n                <\/style>\r\n\r\n                <div id=\"td_uid_1_69ef7c422c128\" class=\"td-gallery td-slide-on-2-columns\">\r\n                    <div class=\"post_td_gallery\">\r\n                        <div class=\"td-gallery-slide-top\">\r\n                           <div class=\"td-gallery-title\"><\/div>\r\n\r\n                            <div class=\"td-gallery-controls-wrapper\">\r\n                                <div class=\"td-gallery-slide-count\"><span class=\"td-gallery-slide-item-focus\">1<\/span> de 2<\/div>\r\n                                <div class=\"td-gallery-slide-prev-next-but\">\r\n                                    <i class = \"td-icon-left doubleSliderPrevButton\"><\/i>\r\n                                    <i class = \"td-icon-right doubleSliderNextButton\"><\/i>\r\n                                <\/div>\r\n                            <\/div>\r\n                        <\/div>\r\n\r\n                        <div class = \"td-doubleSlider-1 \">\r\n                            <div class = \"td-slider\">\r\n                                \r\n                    <div class = \"td-slide-item td-item1\">\r\n                        <figure class=\"td-slide-galery-figure td-slide-popup-gallery\">\r\n                            <a class=\"slide-gallery-image-link\" href=\"https:\/\/static.africa-press.net\/djibouti\/sites\/52\/2023\/09\/sm_1693756453.899231.jpg\" title=\"sm_1693756453.899231\"  data-caption=\"\"  data-description=\"\">\r\n                                <img decoding=\"async\" src=\"https:\/\/static.africa-press.net\/djibouti\/sites\/52\/2023\/09\/sm_1693756453.899231.jpg\" srcset=\"https:\/\/static.africa-press.net\/djibouti\/sites\/52\/2023\/09\/sm_1693756453.899231.jpg 1024w, https:\/\/static.africa-press.net\/djibouti\/sites\/52\/2023\/09\/sm_1693756453.899231-300x200.jpg 300w, https:\/\/static.africa-press.net\/djibouti\/sites\/52\/2023\/09\/sm_1693756453.899231-768x511.jpg 768w\" sizes=\"(max-width: 1024px) 100vw, 1024px\" alt=\"\">\r\n                            <\/a>\r\n                            \r\n                        <\/figure>\r\n                    <\/div>\r\n                    <div class = \"td-slide-item td-item2\">\r\n                        <figure class=\"td-slide-galery-figure td-slide-popup-gallery\">\r\n                            <a class=\"slide-gallery-image-link\" href=\"https:\/\/static.africa-press.net\/djibouti\/sites\/52\/2023\/09\/sm_1693756469.784834.jpg\" title=\"sm_1693756469.784834\"  data-caption=\"\"  data-description=\"\">\r\n                                <img decoding=\"async\" src=\"https:\/\/static.africa-press.net\/djibouti\/sites\/52\/2023\/09\/sm_1693756469.784834.jpg\" srcset=\"https:\/\/static.africa-press.net\/djibouti\/sites\/52\/2023\/09\/sm_1693756469.784834.jpg 696w, https:\/\/static.africa-press.net\/djibouti\/sites\/52\/2023\/09\/sm_1693756469.784834-300x200.jpg 300w\" sizes=\"(max-width: 696px) 100vw, 696px\" alt=\"\">\r\n                            <\/a>\r\n                            \r\n                        <\/figure>\r\n                    <\/div>\r\n                            <\/div>\r\n                        <\/div>\r\n\r\n                        <div class = \"td-doubleSlider-2\">\r\n                            <div class = \"td-slider\">\r\n                                \r\n                    <div class = \"td-button td-item1\">\r\n                        <div class = \"td-border\"><\/div>\r\n                    <\/div>\r\n                    <div class = \"td-button td-item2\">\r\n                        <div class = \"td-border\"><\/div>\r\n                    <\/div>\r\n                            <\/div>\r\n                        <\/div>\r\n\r\n                    <\/div>\r\n\r\n                <\/div>\r\n                \n<p><strong>Pour plus d&rsquo;informations et d&rsquo;analyses sur la <a href=\"https:\/\/www.africa-press.net\/djibouti\">Djibouti<\/a>, suivez <a href=\"https:\/\/www.africa-press.net\/\">Africa-Press<\/a><\/strong><\/p>\n","protected":false},"excerpt":{"rendered":"<p>Africa-Press &#8211; Djibouti. Le Chef d\u2019Etat-major Ge\u0301ne\u0301ral des Arme\u0301es, le Ge\u0301ne\u0301ral de Corps d\u2019Arme\u0301e Zakaria Cheick Ibrahim, a de\u0301core\u0301 de la me\u0301daille de chevalier de l\u2019Ordre du 27 juin le capitaine Laurent Flament de la police nationale, dont la mission de travail a\u0300 Djibouti est arrive\u0301e a\u0300 son terme. La ce\u0301re\u0301monie de de\u0301coration s\u2019est de\u0301roule\u0301e [&hellip;]<\/p>\n","protected":false},"author":82,"featured_media":17346,"comment_status":"open","ping_status":"closed","sticky":false,"template":"","format":"standard","meta":{"footnotes":""},"categories":[8,2,10],"tags":[36,49,50],"class_list":["post-17347","post","type-post","status-publish","format-standard","has-post-thumbnail","hentry","category-photo","category-politique","category-toutes-les-actualites","tag-africa-press","tag-africa-press-djibouti","tag-djibouti"],"yoast_head":"<!-- This site is optimized with the Yoast SEO Premium plugin v26.1 (Yoast SEO v27.0) - https:\/\/yoast.com\/product\/yoast-seo-premium-wordpress\/ -->\n<title>Le capitaine Laurent Flament d\u00e9cor\u00e9 de la m\u00e9daille de Chevalier de l\u2019Ordre National du 27 Juin - Djibouti<\/title>\n<meta name=\"description\" content=\"Le Chef d\u2019Etat-major Ge\u0301ne\u0301ral des Arme\u0301es, le Ge\u0301ne\u0301ral de Corps d\u2019Arme\u0301e Zakaria Cheick Ibrahim, a de\u0301core\u0301 de la me\u0301d ...\" \/>\n<meta name=\"robots\" content=\"index, follow, max-snippet:-1, max-image-preview:large, max-video-preview:-1\" \/>\n<link rel=\"canonical\" href=\"https:\/\/www.africa-press.net\/djibouti\/politique\/le-capitaine-laurent-flament-decore-de-la-medaille-de-chevalier-de-lordre-national-du-27-juin\" \/>\n<meta property=\"og:locale\" content=\"fr_FR\" \/>\n<meta property=\"og:type\" content=\"article\" \/>\n<meta property=\"og:title\" content=\"Le capitaine Laurent Flament d\u00e9cor\u00e9 de la m\u00e9daille de Chevalier de l\u2019Ordre National du 27 Juin\" \/>\n<meta property=\"og:description\" content=\"Le Chef d\u2019Etat-major Ge\u0301ne\u0301ral des Arme\u0301es, le Ge\u0301ne\u0301ral de Corps d\u2019Arme\u0301e Zakaria Cheick Ibrahim, a de\u0301core\u0301 de la me\u0301d ...\" \/>\n<meta property=\"og:url\" content=\"https:\/\/www.africa-press.net\/djibouti\/politique\/le-capitaine-laurent-flament-decore-de-la-medaille-de-chevalier-de-lordre-national-du-27-juin\" \/>\n<meta property=\"og:site_name\" content=\"Djibouti\" \/>\n<meta property=\"article:published_time\" content=\"2023-09-03T18:57:09+00:00\" \/>\n<meta property=\"article:modified_time\" content=\"2023-09-03T19:25:08+00:00\" \/>\n<meta property=\"og:image\" content=\"https:\/\/static.africa-press.net\/djibouti\/sites\/52\/2023\/09\/sm_1693756481.555007.jpg\" \/>\n\t<meta property=\"og:image:width\" content=\"720\" \/>\n\t<meta property=\"og:image:height\" content=\"478\" \/>\n\t<meta property=\"og:image:type\" content=\"image\/jpeg\" \/>\n<meta name=\"author\" content=\"cfeditorfr\" \/>\n<meta name=\"twitter:card\" content=\"summary_large_image\" \/>\n<meta name=\"twitter:label1\" content=\"\u00c9crit par\" \/>\n\t<meta name=\"twitter:data1\" content=\"cfeditorfr\" \/>\n\t<meta name=\"twitter:label2\" content=\"Dur\u00e9e de lecture estim\u00e9e\" \/>\n\t<meta name=\"twitter:data2\" content=\"2 minutes\" \/>\n<script type=\"application\/ld+json\" class=\"yoast-schema-graph\">{\"@context\":\"https:\/\/schema.org\",\"@graph\":[{\"@type\":\"Article\",\"@id\":\"https:\/\/www.africa-press.net\/djibouti\/politique\/le-capitaine-laurent-flament-decore-de-la-medaille-de-chevalier-de-lordre-national-du-27-juin#article\",\"isPartOf\":{\"@id\":\"https:\/\/www.africa-press.net\/djibouti\/politique\/le-capitaine-laurent-flament-decore-de-la-medaille-de-chevalier-de-lordre-national-du-27-juin\"},\"author\":{\"name\":\"cfeditorfr\",\"@id\":\"https:\/\/www.africa-press.net\/djibouti\/#\/schema\/person\/2b1cf3cd81a31e3cd26889ca66d677f1\"},\"headline\":\"Le capitaine Laurent Flament d\u00e9cor\u00e9 de la m\u00e9daille de Chevalier de l\u2019Ordre National du 27 Juin\",\"datePublished\":\"2023-09-03T18:57:09+00:00\",\"dateModified\":\"2023-09-03T19:25:08+00:00\",\"mainEntityOfPage\":{\"@id\":\"https:\/\/www.africa-press.net\/djibouti\/politique\/le-capitaine-laurent-flament-decore-de-la-medaille-de-chevalier-de-lordre-national-du-27-juin\"},\"wordCount\":271,\"commentCount\":0,\"image\":{\"@id\":\"https:\/\/www.africa-press.net\/djibouti\/politique\/le-capitaine-laurent-flament-decore-de-la-medaille-de-chevalier-de-lordre-national-du-27-juin#primaryimage\"},\"thumbnailUrl\":\"https:\/\/static.africa-press.net\/djibouti\/sites\/52\/2023\/09\/sm_1693756481.555007.jpg\",\"keywords\":[\"Africa Press\",\"Africa Press-Djibouti\",\"Djibouti\"],\"articleSection\":[\"Photo\",\"Politique\",\"Toutes les actualit\u00e9s\"],\"inLanguage\":\"fr-FR\",\"potentialAction\":[{\"@type\":\"CommentAction\",\"name\":\"Comment\",\"target\":[\"https:\/\/www.africa-press.net\/djibouti\/politique\/le-capitaine-laurent-flament-decore-de-la-medaille-de-chevalier-de-lordre-national-du-27-juin#respond\"]}]},{\"@type\":\"WebPage\",\"@id\":\"https:\/\/www.africa-press.net\/djibouti\/politique\/le-capitaine-laurent-flament-decore-de-la-medaille-de-chevalier-de-lordre-national-du-27-juin\",\"url\":\"https:\/\/www.africa-press.net\/djibouti\/politique\/le-capitaine-laurent-flament-decore-de-la-medaille-de-chevalier-de-lordre-national-du-27-juin\",\"name\":\"Le capitaine Laurent Flament d\u00e9cor\u00e9 de la m\u00e9daille de Chevalier de l\u2019Ordre National du 27 Juin - Djibouti\",\"isPartOf\":{\"@id\":\"https:\/\/www.africa-press.net\/djibouti\/#website\"},\"primaryImageOfPage\":{\"@id\":\"https:\/\/www.africa-press.net\/djibouti\/politique\/le-capitaine-laurent-flament-decore-de-la-medaille-de-chevalier-de-lordre-national-du-27-juin#primaryimage\"},\"image\":{\"@id\":\"https:\/\/www.africa-press.net\/djibouti\/politique\/le-capitaine-laurent-flament-decore-de-la-medaille-de-chevalier-de-lordre-national-du-27-juin#primaryimage\"},\"thumbnailUrl\":\"https:\/\/static.africa-press.net\/djibouti\/sites\/52\/2023\/09\/sm_1693756481.555007.jpg\",\"datePublished\":\"2023-09-03T18:57:09+00:00\",\"dateModified\":\"2023-09-03T19:25:08+00:00\",\"author\":{\"@id\":\"https:\/\/www.africa-press.net\/djibouti\/#\/schema\/person\/2b1cf3cd81a31e3cd26889ca66d677f1\"},\"description\":\"Le Chef d\u2019Etat-major Ge\u0301ne\u0301ral des Arme\u0301es, le Ge\u0301ne\u0301ral de Corps d\u2019Arme\u0301e Zakaria Cheick Ibrahim, a de\u0301core\u0301 de la me\u0301d ...\",\"breadcrumb\":{\"@id\":\"https:\/\/www.africa-press.net\/djibouti\/politique\/le-capitaine-laurent-flament-decore-de-la-medaille-de-chevalier-de-lordre-national-du-27-juin#breadcrumb\"},\"inLanguage\":\"fr-FR\",\"potentialAction\":[{\"@type\":\"ReadAction\",\"target\":[\"https:\/\/www.africa-press.net\/djibouti\/politique\/le-capitaine-laurent-flament-decore-de-la-medaille-de-chevalier-de-lordre-national-du-27-juin\"]}]},{\"@type\":\"ImageObject\",\"inLanguage\":\"fr-FR\",\"@id\":\"https:\/\/www.africa-press.net\/djibouti\/politique\/le-capitaine-laurent-flament-decore-de-la-medaille-de-chevalier-de-lordre-national-du-27-juin#primaryimage\",\"url\":\"https:\/\/static.africa-press.net\/djibouti\/sites\/52\/2023\/09\/sm_1693756481.555007.jpg\",\"contentUrl\":\"https:\/\/static.africa-press.net\/djibouti\/sites\/52\/2023\/09\/sm_1693756481.555007.jpg\",\"width\":720,\"height\":478,\"caption\":\"Le capitaine Laurent Flament d\u00e9cor\u00e9 de la m\u00e9daille de Chevalier de l\u2019Ordre National du 27 Juin\"},{\"@type\":\"BreadcrumbList\",\"@id\":\"https:\/\/www.africa-press.net\/djibouti\/politique\/le-capitaine-laurent-flament-decore-de-la-medaille-de-chevalier-de-lordre-national-du-27-juin#breadcrumb\",\"itemListElement\":[{\"@type\":\"ListItem\",\"position\":1,\"name\":\"Accueil\",\"item\":\"https:\/\/www.africa-press.net\/djibouti\/\"},{\"@type\":\"ListItem\",\"position\":2,\"name\":\"Le capitaine Laurent Flament d\u00e9cor\u00e9 de la m\u00e9daille de Chevalier de l\u2019Ordre National du 27 Juin\"}]},{\"@type\":\"WebSite\",\"@id\":\"https:\/\/www.africa-press.net\/djibouti\/#website\",\"url\":\"https:\/\/www.africa-press.net\/djibouti\/\",\"name\":\"Djibouti\",\"description\":\"Just another Africa News Agency Sites site\",\"potentialAction\":[{\"@type\":\"SearchAction\",\"target\":{\"@type\":\"EntryPoint\",\"urlTemplate\":\"https:\/\/www.africa-press.net\/djibouti\/?s={search_term_string}\"},\"query-input\":{\"@type\":\"PropertyValueSpecification\",\"valueRequired\":true,\"valueName\":\"search_term_string\"}}],\"inLanguage\":\"fr-FR\"},{\"@type\":\"Person\",\"@id\":\"https:\/\/www.africa-press.net\/djibouti\/#\/schema\/person\/2b1cf3cd81a31e3cd26889ca66d677f1\",\"name\":\"cfeditorfr\"}]}<\/script>\n<!-- \/ Yoast SEO Premium plugin. -->","yoast_head_json":{"title":"Le capitaine Laurent Flament d\u00e9cor\u00e9 de la m\u00e9daille de Chevalier de l\u2019Ordre National du 27 Juin - Djibouti","description":"Le Chef d\u2019Etat-major Ge\u0301ne\u0301ral des Arme\u0301es, le Ge\u0301ne\u0301ral de Corps d\u2019Arme\u0301e Zakaria Cheick Ibrahim, a de\u0301core\u0301 de la me\u0301d ...","robots":{"index":"index","follow":"follow","max-snippet":"max-snippet:-1","max-image-preview":"max-image-preview:large","max-video-preview":"max-video-preview:-1"},"canonical":"https:\/\/www.africa-press.net\/djibouti\/politique\/le-capitaine-laurent-flament-decore-de-la-medaille-de-chevalier-de-lordre-national-du-27-juin","og_locale":"fr_FR","og_type":"article","og_title":"Le capitaine Laurent Flament d\u00e9cor\u00e9 de la m\u00e9daille de Chevalier de l\u2019Ordre National du 27 Juin","og_description":"Le Chef d\u2019Etat-major Ge\u0301ne\u0301ral des Arme\u0301es, le Ge\u0301ne\u0301ral de Corps d\u2019Arme\u0301e Zakaria Cheick Ibrahim, a de\u0301core\u0301 de la me\u0301d ...","og_url":"https:\/\/www.africa-press.net\/djibouti\/politique\/le-capitaine-laurent-flament-decore-de-la-medaille-de-chevalier-de-lordre-national-du-27-juin","og_site_name":"Djibouti","article_published_time":"2023-09-03T18:57:09+00:00","article_modified_time":"2023-09-03T19:25:08+00:00","og_image":[{"width":720,"height":478,"url":"https:\/\/static.africa-press.net\/djibouti\/sites\/52\/2023\/09\/sm_1693756481.555007.jpg","type":"image\/jpeg"}],"author":"cfeditorfr","twitter_card":"summary_large_image","twitter_misc":{"\u00c9crit par":"cfeditorfr","Dur\u00e9e de lecture estim\u00e9e":"2 minutes"},"schema":{"@context":"https:\/\/schema.org","@graph":[{"@type":"Article","@id":"https:\/\/www.africa-press.net\/djibouti\/politique\/le-capitaine-laurent-flament-decore-de-la-medaille-de-chevalier-de-lordre-national-du-27-juin#article","isPartOf":{"@id":"https:\/\/www.africa-press.net\/djibouti\/politique\/le-capitaine-laurent-flament-decore-de-la-medaille-de-chevalier-de-lordre-national-du-27-juin"},"author":{"name":"cfeditorfr","@id":"https:\/\/www.africa-press.net\/djibouti\/#\/schema\/person\/2b1cf3cd81a31e3cd26889ca66d677f1"},"headline":"Le capitaine Laurent Flament d\u00e9cor\u00e9 de la m\u00e9daille de Chevalier de l\u2019Ordre National du 27 Juin","datePublished":"2023-09-03T18:57:09+00:00","dateModified":"2023-09-03T19:25:08+00:00","mainEntityOfPage":{"@id":"https:\/\/www.africa-press.net\/djibouti\/politique\/le-capitaine-laurent-flament-decore-de-la-medaille-de-chevalier-de-lordre-national-du-27-juin"},"wordCount":271,"commentCount":0,"image":{"@id":"https:\/\/www.africa-press.net\/djibouti\/politique\/le-capitaine-laurent-flament-decore-de-la-medaille-de-chevalier-de-lordre-national-du-27-juin#primaryimage"},"thumbnailUrl":"https:\/\/static.africa-press.net\/djibouti\/sites\/52\/2023\/09\/sm_1693756481.555007.jpg","keywords":["Africa Press","Africa Press-Djibouti","Djibouti"],"articleSection":["Photo","Politique","Toutes les actualit\u00e9s"],"inLanguage":"fr-FR","potentialAction":[{"@type":"CommentAction","name":"Comment","target":["https:\/\/www.africa-press.net\/djibouti\/politique\/le-capitaine-laurent-flament-decore-de-la-medaille-de-chevalier-de-lordre-national-du-27-juin#respond"]}]},{"@type":"WebPage","@id":"https:\/\/www.africa-press.net\/djibouti\/politique\/le-capitaine-laurent-flament-decore-de-la-medaille-de-chevalier-de-lordre-national-du-27-juin","url":"https:\/\/www.africa-press.net\/djibouti\/politique\/le-capitaine-laurent-flament-decore-de-la-medaille-de-chevalier-de-lordre-national-du-27-juin","name":"Le capitaine Laurent Flament d\u00e9cor\u00e9 de la m\u00e9daille de Chevalier de l\u2019Ordre National du 27 Juin - Djibouti","isPartOf":{"@id":"https:\/\/www.africa-press.net\/djibouti\/#website"},"primaryImageOfPage":{"@id":"https:\/\/www.africa-press.net\/djibouti\/politique\/le-capitaine-laurent-flament-decore-de-la-medaille-de-chevalier-de-lordre-national-du-27-juin#primaryimage"},"image":{"@id":"https:\/\/www.africa-press.net\/djibouti\/politique\/le-capitaine-laurent-flament-decore-de-la-medaille-de-chevalier-de-lordre-national-du-27-juin#primaryimage"},"thumbnailUrl":"https:\/\/static.africa-press.net\/djibouti\/sites\/52\/2023\/09\/sm_1693756481.555007.jpg","datePublished":"2023-09-03T18:57:09+00:00","dateModified":"2023-09-03T19:25:08+00:00","author":{"@id":"https:\/\/www.africa-press.net\/djibouti\/#\/schema\/person\/2b1cf3cd81a31e3cd26889ca66d677f1"},"description":"Le Chef d\u2019Etat-major Ge\u0301ne\u0301ral des Arme\u0301es, le Ge\u0301ne\u0301ral de Corps d\u2019Arme\u0301e Zakaria Cheick Ibrahim, a de\u0301core\u0301 de la me\u0301d ...","breadcrumb":{"@id":"https:\/\/www.africa-press.net\/djibouti\/politique\/le-capitaine-laurent-flament-decore-de-la-medaille-de-chevalier-de-lordre-national-du-27-juin#breadcrumb"},"inLanguage":"fr-FR","potentialAction":[{"@type":"ReadAction","target":["https:\/\/www.africa-press.net\/djibouti\/politique\/le-capitaine-laurent-flament-decore-de-la-medaille-de-chevalier-de-lordre-national-du-27-juin"]}]},{"@type":"ImageObject","inLanguage":"fr-FR","@id":"https:\/\/www.africa-press.net\/djibouti\/politique\/le-capitaine-laurent-flament-decore-de-la-medaille-de-chevalier-de-lordre-national-du-27-juin#primaryimage","url":"https:\/\/static.africa-press.net\/djibouti\/sites\/52\/2023\/09\/sm_1693756481.555007.jpg","contentUrl":"https:\/\/static.africa-press.net\/djibouti\/sites\/52\/2023\/09\/sm_1693756481.555007.jpg","width":720,"height":478,"caption":"Le capitaine Laurent Flament d\u00e9cor\u00e9 de la m\u00e9daille de Chevalier de l\u2019Ordre National du 27 Juin"},{"@type":"BreadcrumbList","@id":"https:\/\/www.africa-press.net\/djibouti\/politique\/le-capitaine-laurent-flament-decore-de-la-medaille-de-chevalier-de-lordre-national-du-27-juin#breadcrumb","itemListElement":[{"@type":"ListItem","position":1,"name":"Accueil","item":"https:\/\/www.africa-press.net\/djibouti\/"},{"@type":"ListItem","position":2,"name":"Le capitaine Laurent Flament d\u00e9cor\u00e9 de la m\u00e9daille de Chevalier de l\u2019Ordre National du 27 Juin"}]},{"@type":"WebSite","@id":"https:\/\/www.africa-press.net\/djibouti\/#website","url":"https:\/\/www.africa-press.net\/djibouti\/","name":"Djibouti","description":"Just another Africa News Agency Sites site","potentialAction":[{"@type":"SearchAction","target":{"@type":"EntryPoint","urlTemplate":"https:\/\/www.africa-press.net\/djibouti\/?s={search_term_string}"},"query-input":{"@type":"PropertyValueSpecification","valueRequired":true,"valueName":"search_term_string"}}],"inLanguage":"fr-FR"},{"@type":"Person","@id":"https:\/\/www.africa-press.net\/djibouti\/#\/schema\/person\/2b1cf3cd81a31e3cd26889ca66d677f1","name":"cfeditorfr"}]}},"_links":{"self":[{"href":"https:\/\/www.africa-press.net\/djibouti\/wp-json\/wp\/v2\/posts\/17347","targetHints":{"allow":["GET"]}}],"collection":[{"href":"https:\/\/www.africa-press.net\/djibouti\/wp-json\/wp\/v2\/posts"}],"about":[{"href":"https:\/\/www.africa-press.net\/djibouti\/wp-json\/wp\/v2\/types\/post"}],"author":[{"embeddable":true,"href":"https:\/\/www.africa-press.net\/djibouti\/wp-json\/wp\/v2\/users\/82"}],"replies":[{"embeddable":true,"href":"https:\/\/www.africa-press.net\/djibouti\/wp-json\/wp\/v2\/comments?post=17347"}],"version-history":[{"count":0,"href":"https:\/\/www.africa-press.net\/djibouti\/wp-json\/wp\/v2\/posts\/17347\/revisions"}],"wp:featuredmedia":[{"embeddable":true,"href":"https:\/\/www.africa-press.net\/djibouti\/wp-json\/wp\/v2\/media\/17346"}],"wp:attachment":[{"href":"https:\/\/www.africa-press.net\/djibouti\/wp-json\/wp\/v2\/media?parent=17347"}],"wp:term":[{"taxonomy":"category","embeddable":true,"href":"https:\/\/www.africa-press.net\/djibouti\/wp-json\/wp\/v2\/categories?post=17347"},{"taxonomy":"post_tag","embeddable":true,"href":"https:\/\/www.africa-press.net\/djibouti\/wp-json\/wp\/v2\/tags?post=17347"}],"curies":[{"name":"wp","href":"https:\/\/api.w.org\/{rel}","templated":true}]}}