{"id":17352,"date":"2023-09-03T18:57:42","date_gmt":"2023-09-03T18:57:42","guid":{"rendered":"https:\/\/www.africa-press.net\/djibouti\/politique\/le-prefet-et-le-maire-de-djibouti-en-tournee-dans-les-communes-de-la-capitale"},"modified":"2023-09-03T19:25:47","modified_gmt":"2023-09-03T19:25:47","slug":"le-prefet-et-le-maire-de-djibouti-en-tournee-dans-les-communes-de-la-capitale","status":"publish","type":"post","link":"https:\/\/www.africa-press.net\/djibouti\/politique\/le-prefet-et-le-maire-de-djibouti-en-tournee-dans-les-communes-de-la-capitale","title":{"rendered":"Le pr\u00e9fet et le maire de Djibouti en tourn\u00e9e dans les communes de la capitale"},"content":{"rendered":"<p><span style=\"color: #ff6600\"><strong>Africa-Press &#8211; Djibouti. <\/strong><\/span><b>Le pre\u0301fet de Djibouti, Abdi Sikieh Kayad, accompagne\u0301 du maire de la capitale, Sai\u0308d Daoud Mohamed, ont effectue\u0301 mercredi dernier une se\u0301rie de visites dans les communes de Balbala, Boulaos et Ras Dika.<\/b><\/p>\n<p>Accueillis a\u0300 leur arrive\u0301 sur lieu par le pre\u0301sident de la commune de Balbala, Mohamed Hassan Sai\u0308d, la de\u0301le\u0301gation conduite par le maire a effectue\u0301 des immersions au sein des diffe\u0301rents bureaux de la commune.<\/p>\n<p>Cette visite de terrain avait pour but de renforcer la collaboration entre les autorite\u0301s municipales et les administrations pre\u0301fectorales pour une meilleure mise en \u0153uvre des politiques publiques et une gestion plus efficace des ressources. Elle a permis e\u0301galement de mieux comprendre les de\u0301fis et les besoins spe\u0301cifiques de la commune balbala.<\/p>\n<p>Apres cette courte visite a\u0300 balbala, les deux responsables ont pris la route en direction de la commune de Boulaos.<\/p>\n<p>Ils ont eu l\u2019occasion de rencontrer les responsables des lieux, les chefs de quartier, les membres des conseils municipaux et d\u2019autres acteurs cle\u0301s de la communaute\u0301.<\/p>\n<p>Les discussions ont porte\u0301 sur la planification urbaine et l\u2019ame\u0301nagement du Territoire et la manie\u0300re d\u2019optimiser l\u2019utilisation des terres et des ressources pour un de\u0301veloppement urbain e\u0301quilibre\u0301.<\/p>\n<p>Ainsi que pour une meilleure coordination entre les administrations pre\u0301fectorales et municipales afin d\u2019e\u0301viter les conflits d\u2019inte\u0301re\u0302ts et les proble\u0300mes d\u2019ame\u0301nagement.<\/p>\n<p>Au cours de cette rencontre, les e\u0301lus locaux ont aborde\u0301 au pre\u0301fet de Djibouti et le maire les de\u0301fis lie\u0301s a\u0300 la fourniture de services de base tels que l\u2019eau potable, l\u2019e\u0301lectricite\u0301, la collecte des de\u0301chets et les transports pour contribuer a\u0300 garantir ces services de manie\u0300re efficace et e\u0301quitable.<\/p>\n<p>Le Pre\u0301fet M. Abdi Sikieh Kayad et le Maire M. Sai\u0308d Daoud Mohamed ont souligne\u0301 l\u2019importance de ces visites pour le dialogue ouvert et la coope\u0301ration entre les diffe\u0301rentes branches ascendantes. Ils ont re\u0301affirme\u0301 leur engagement envers le renforcement de la coordination pour une gestion plus efficace et une ame\u0301lioration de la qualite\u0301 de vie dans toutes les Communes de Djibouti. Toujours dans le cadre de sa prise de contact, le pre\u0301fet de Djibouti, Abdi Sikieh Kayad a effectue\u0301 jeudi dernier une visite dans la commune de Ras-Dika.<\/p>\n<p>Accompagne\u0301 par le Maire de la ville, les deux responsables ont eu l\u2019occasion de rencontrer le pre\u0301sident de la commune, M. Ibrahim Sai\u0308d Ibrahim, ainsi que le sous-pre\u0301fet M.Awaleh Mohamed Fod. Les discussions ont porte\u0301 sur l\u2019ame\u0301lioration des services publics, La planification urbaine, la gestion des infrastructures et le de\u0301veloppement e\u0301conomique Local.<\/p>\n<p>Le Pre\u0301fet de Djibouti M. Abdi Sikieh Kayad et le maire de la ville ont souligne\u0301 l\u2019importance de ces initiatives collaboratives pour le de\u0301veloppement harmonieux de la ville.\u00ab En travaillant main dans la Main avec les autorite\u0301s locales, nous pouvons aborder les de\u0301fis complexes de manie\u0300re plus Efficace et mettre en place des solutions durables \u00bb, de\u0301clare le Pre\u0301fet.<\/p>\n<p>De son co\u0302te\u0301, le Maire de la capitale, Sai\u0308d Daoud Mohamed, a exprime\u0301 sa satisfaction des de\u0301marches et des e\u0301changes fructueux avec la commune de Ras-Dika. \u00ab Nous sommes re\u0301solus a\u0300 e\u0301couter les pre\u0301occupations des citoyens et a\u0300 les inclure dans les processus de\u0301cisionnels qui concernent leur propre avenir \u00bb, a affirme\u0301 le maire.<\/p>\n<p>Cette visite de gestion de liaison marque l\u2019engagement continu du Pre\u0301fet et du Maire envers le de\u0301veloppement e\u0301quilibre\u0301 et l\u2019ame\u0301lioration des conditions de vie dans la ville. Les lec\u0327ons apprises et les ide\u0301es ge\u0301ne\u0301re\u0301es au cours de cette journe\u0301e consolident la collaboration future entre les autorite\u0301s pre\u0301fectorales et communales pour une seule institution be\u0301ne\u0301fique a\u0300 tous les citoyens.<\/p>\n<p><b>SOUBER<\/b><\/p>\n\r\n                <style type=\"text\/css\">\r\n                    \r\n                    #td_uid_1_69ef7c42161e5  .td-doubleSlider-2 .td-item1 {\r\n                        background: url(https:\/\/static.africa-press.net\/djibouti\/sites\/52\/2023\/09\/sm_1693756497.03786-80x60.jpg) 0 0 no-repeat;\r\n                    }\r\n                    #td_uid_1_69ef7c42161e5  .td-doubleSlider-2 .td-item2 {\r\n                        background: url(https:\/\/static.africa-press.net\/djibouti\/sites\/52\/2023\/09\/sm_1693756513.267798-80x60.jpg) 0 0 no-repeat;\r\n                    }\r\n                <\/style>\r\n\r\n                <div id=\"td_uid_1_69ef7c42161e5\" class=\"td-gallery td-slide-on-2-columns\">\r\n                    <div class=\"post_td_gallery\">\r\n                        <div class=\"td-gallery-slide-top\">\r\n                           <div class=\"td-gallery-title\"><\/div>\r\n\r\n                            <div class=\"td-gallery-controls-wrapper\">\r\n                                <div class=\"td-gallery-slide-count\"><span class=\"td-gallery-slide-item-focus\">1<\/span> de 2<\/div>\r\n                                <div class=\"td-gallery-slide-prev-next-but\">\r\n                                    <i class = \"td-icon-left doubleSliderPrevButton\"><\/i>\r\n                                    <i class = \"td-icon-right doubleSliderNextButton\"><\/i>\r\n                                <\/div>\r\n                            <\/div>\r\n                        <\/div>\r\n\r\n                        <div class = \"td-doubleSlider-1 \">\r\n                            <div class = \"td-slider\">\r\n                                \r\n                    <div class = \"td-slide-item td-item1\">\r\n                        <figure class=\"td-slide-galery-figure td-slide-popup-gallery\">\r\n                            <a class=\"slide-gallery-image-link\" href=\"https:\/\/static.africa-press.net\/djibouti\/sites\/52\/2023\/09\/sm_1693756497.03786.jpg\" title=\"sm_1693756497.03786\"  data-caption=\"\"  data-description=\"\">\r\n                                <img decoding=\"async\" src=\"https:\/\/static.africa-press.net\/djibouti\/sites\/52\/2023\/09\/sm_1693756497.03786.jpg\" srcset=\"https:\/\/static.africa-press.net\/djibouti\/sites\/52\/2023\/09\/sm_1693756497.03786.jpg 1024w, https:\/\/static.africa-press.net\/djibouti\/sites\/52\/2023\/09\/sm_1693756497.03786-300x200.jpg 300w, https:\/\/static.africa-press.net\/djibouti\/sites\/52\/2023\/09\/sm_1693756497.03786-768x512.jpg 768w\" sizes=\"(max-width: 1024px) 100vw, 1024px\" alt=\"\">\r\n                            <\/a>\r\n                            \r\n                        <\/figure>\r\n                    <\/div>\r\n                    <div class = \"td-slide-item td-item2\">\r\n                        <figure class=\"td-slide-galery-figure td-slide-popup-gallery\">\r\n                            <a class=\"slide-gallery-image-link\" href=\"https:\/\/static.africa-press.net\/djibouti\/sites\/52\/2023\/09\/sm_1693756513.267798.jpg\" title=\"sm_1693756513.267798\"  data-caption=\"\"  data-description=\"\">\r\n                                <img decoding=\"async\" src=\"https:\/\/static.africa-press.net\/djibouti\/sites\/52\/2023\/09\/sm_1693756513.267798.jpg\" srcset=\"https:\/\/static.africa-press.net\/djibouti\/sites\/52\/2023\/09\/sm_1693756513.267798.jpg 1024w, https:\/\/static.africa-press.net\/djibouti\/sites\/52\/2023\/09\/sm_1693756513.267798-300x200.jpg 300w, https:\/\/static.africa-press.net\/djibouti\/sites\/52\/2023\/09\/sm_1693756513.267798-768x512.jpg 768w\" sizes=\"(max-width: 1024px) 100vw, 1024px\" alt=\"\">\r\n                            <\/a>\r\n                            \r\n                        <\/figure>\r\n                    <\/div>\r\n                            <\/div>\r\n                        <\/div>\r\n\r\n                        <div class = \"td-doubleSlider-2\">\r\n                            <div class = \"td-slider\">\r\n                                \r\n                    <div class = \"td-button td-item1\">\r\n                        <div class = \"td-border\"><\/div>\r\n                    <\/div>\r\n                    <div class = \"td-button td-item2\">\r\n                        <div class = \"td-border\"><\/div>\r\n                    <\/div>\r\n                            <\/div>\r\n                        <\/div>\r\n\r\n                    <\/div>\r\n\r\n                <\/div>\r\n                \n<p><strong>Pour plus d&rsquo;informations et d&rsquo;analyses sur la <a href=\"https:\/\/www.africa-press.net\/djibouti\">Djibouti<\/a>, suivez <a href=\"https:\/\/www.africa-press.net\/\">Africa-Press<\/a><\/strong><\/p>\n","protected":false},"excerpt":{"rendered":"<p>Africa-Press &#8211; Djibouti. Le pre\u0301fet de Djibouti, Abdi Sikieh Kayad, accompagne\u0301 du maire de la capitale, Sai\u0308d Daoud Mohamed, ont effectue\u0301 mercredi dernier une se\u0301rie de visites dans les communes de Balbala, Boulaos et Ras Dika. Accueillis a\u0300 leur arrive\u0301 sur lieu par le pre\u0301sident de la commune de Balbala, Mohamed Hassan Sai\u0308d, la de\u0301le\u0301gation [&hellip;]<\/p>\n","protected":false},"author":82,"featured_media":17351,"comment_status":"open","ping_status":"closed","sticky":false,"template":"","format":"standard","meta":{"footnotes":""},"categories":[8,2,20,10],"tags":[36,49,50],"class_list":["post-17352","post","type-post","status-publish","format-standard","has-post-thumbnail","hentry","category-photo","category-politique","category-top-nouvelles","category-toutes-les-actualites","tag-africa-press","tag-africa-press-djibouti","tag-djibouti"],"yoast_head":"<!-- This site is optimized with the Yoast SEO Premium plugin v26.1 (Yoast SEO v27.0) - https:\/\/yoast.com\/product\/yoast-seo-premium-wordpress\/ -->\n<title>Le pr\u00e9fet et le maire de Djibouti en tourn\u00e9e dans les communes de la capitale - Djibouti<\/title>\n<meta name=\"description\" content=\"Le pre\u0301fet de Djibouti, Abdi Sikieh Kayad, accompagne\u0301 du maire de la capitale, Sai\u0308d Daoud Mohamed, ont effectue\u0301 me ...\" \/>\n<meta name=\"robots\" content=\"index, follow, max-snippet:-1, max-image-preview:large, max-video-preview:-1\" \/>\n<link rel=\"canonical\" href=\"https:\/\/www.africa-press.net\/djibouti\/politique\/le-prefet-et-le-maire-de-djibouti-en-tournee-dans-les-communes-de-la-capitale\" \/>\n<meta property=\"og:locale\" content=\"fr_FR\" \/>\n<meta property=\"og:type\" content=\"article\" \/>\n<meta property=\"og:title\" content=\"Le pr\u00e9fet et le maire de Djibouti en tourn\u00e9e dans les communes de la capitale\" \/>\n<meta property=\"og:description\" content=\"Le pre\u0301fet de Djibouti, Abdi Sikieh Kayad, accompagne\u0301 du maire de la capitale, Sai\u0308d Daoud Mohamed, ont effectue\u0301 me ...\" \/>\n<meta property=\"og:url\" content=\"https:\/\/www.africa-press.net\/djibouti\/politique\/le-prefet-et-le-maire-de-djibouti-en-tournee-dans-les-communes-de-la-capitale\" \/>\n<meta property=\"og:site_name\" content=\"Djibouti\" \/>\n<meta property=\"article:published_time\" content=\"2023-09-03T18:57:42+00:00\" \/>\n<meta property=\"article:modified_time\" content=\"2023-09-03T19:25:47+00:00\" \/>\n<meta property=\"og:image\" content=\"https:\/\/static.africa-press.net\/djibouti\/sites\/52\/2023\/09\/sm_1693756530.736895.jpg\" \/>\n\t<meta property=\"og:image:width\" content=\"720\" \/>\n\t<meta property=\"og:image:height\" content=\"534\" \/>\n\t<meta property=\"og:image:type\" content=\"image\/jpeg\" \/>\n<meta name=\"author\" content=\"cfeditorfr\" \/>\n<meta name=\"twitter:card\" content=\"summary_large_image\" \/>\n<meta name=\"twitter:label1\" content=\"\u00c9crit par\" \/>\n\t<meta name=\"twitter:data1\" content=\"cfeditorfr\" \/>\n\t<meta name=\"twitter:label2\" content=\"Dur\u00e9e de lecture estim\u00e9e\" \/>\n\t<meta name=\"twitter:data2\" content=\"4 minutes\" \/>\n<script type=\"application\/ld+json\" class=\"yoast-schema-graph\">{\"@context\":\"https:\/\/schema.org\",\"@graph\":[{\"@type\":\"Article\",\"@id\":\"https:\/\/www.africa-press.net\/djibouti\/politique\/le-prefet-et-le-maire-de-djibouti-en-tournee-dans-les-communes-de-la-capitale#article\",\"isPartOf\":{\"@id\":\"https:\/\/www.africa-press.net\/djibouti\/politique\/le-prefet-et-le-maire-de-djibouti-en-tournee-dans-les-communes-de-la-capitale\"},\"author\":{\"name\":\"cfeditorfr\",\"@id\":\"https:\/\/www.africa-press.net\/djibouti\/#\/schema\/person\/2b1cf3cd81a31e3cd26889ca66d677f1\"},\"headline\":\"Le pr\u00e9fet et le maire de Djibouti en tourn\u00e9e dans les communes de la capitale\",\"datePublished\":\"2023-09-03T18:57:42+00:00\",\"dateModified\":\"2023-09-03T19:25:47+00:00\",\"mainEntityOfPage\":{\"@id\":\"https:\/\/www.africa-press.net\/djibouti\/politique\/le-prefet-et-le-maire-de-djibouti-en-tournee-dans-les-communes-de-la-capitale\"},\"wordCount\":706,\"commentCount\":0,\"image\":{\"@id\":\"https:\/\/www.africa-press.net\/djibouti\/politique\/le-prefet-et-le-maire-de-djibouti-en-tournee-dans-les-communes-de-la-capitale#primaryimage\"},\"thumbnailUrl\":\"https:\/\/static.africa-press.net\/djibouti\/sites\/52\/2023\/09\/sm_1693756530.736895.jpg\",\"keywords\":[\"Africa Press\",\"Africa Press-Djibouti\",\"Djibouti\"],\"articleSection\":[\"Photo\",\"Politique\",\"Top Nouvelles\",\"Toutes les actualit\u00e9s\"],\"inLanguage\":\"fr-FR\",\"potentialAction\":[{\"@type\":\"CommentAction\",\"name\":\"Comment\",\"target\":[\"https:\/\/www.africa-press.net\/djibouti\/politique\/le-prefet-et-le-maire-de-djibouti-en-tournee-dans-les-communes-de-la-capitale#respond\"]}]},{\"@type\":\"WebPage\",\"@id\":\"https:\/\/www.africa-press.net\/djibouti\/politique\/le-prefet-et-le-maire-de-djibouti-en-tournee-dans-les-communes-de-la-capitale\",\"url\":\"https:\/\/www.africa-press.net\/djibouti\/politique\/le-prefet-et-le-maire-de-djibouti-en-tournee-dans-les-communes-de-la-capitale\",\"name\":\"Le pr\u00e9fet et le maire de Djibouti en tourn\u00e9e dans les communes de la capitale - Djibouti\",\"isPartOf\":{\"@id\":\"https:\/\/www.africa-press.net\/djibouti\/#website\"},\"primaryImageOfPage\":{\"@id\":\"https:\/\/www.africa-press.net\/djibouti\/politique\/le-prefet-et-le-maire-de-djibouti-en-tournee-dans-les-communes-de-la-capitale#primaryimage\"},\"image\":{\"@id\":\"https:\/\/www.africa-press.net\/djibouti\/politique\/le-prefet-et-le-maire-de-djibouti-en-tournee-dans-les-communes-de-la-capitale#primaryimage\"},\"thumbnailUrl\":\"https:\/\/static.africa-press.net\/djibouti\/sites\/52\/2023\/09\/sm_1693756530.736895.jpg\",\"datePublished\":\"2023-09-03T18:57:42+00:00\",\"dateModified\":\"2023-09-03T19:25:47+00:00\",\"author\":{\"@id\":\"https:\/\/www.africa-press.net\/djibouti\/#\/schema\/person\/2b1cf3cd81a31e3cd26889ca66d677f1\"},\"description\":\"Le pre\u0301fet de Djibouti, Abdi Sikieh Kayad, accompagne\u0301 du maire de la capitale, Sai\u0308d Daoud Mohamed, ont effectue\u0301 me ...\",\"breadcrumb\":{\"@id\":\"https:\/\/www.africa-press.net\/djibouti\/politique\/le-prefet-et-le-maire-de-djibouti-en-tournee-dans-les-communes-de-la-capitale#breadcrumb\"},\"inLanguage\":\"fr-FR\",\"potentialAction\":[{\"@type\":\"ReadAction\",\"target\":[\"https:\/\/www.africa-press.net\/djibouti\/politique\/le-prefet-et-le-maire-de-djibouti-en-tournee-dans-les-communes-de-la-capitale\"]}]},{\"@type\":\"ImageObject\",\"inLanguage\":\"fr-FR\",\"@id\":\"https:\/\/www.africa-press.net\/djibouti\/politique\/le-prefet-et-le-maire-de-djibouti-en-tournee-dans-les-communes-de-la-capitale#primaryimage\",\"url\":\"https:\/\/static.africa-press.net\/djibouti\/sites\/52\/2023\/09\/sm_1693756530.736895.jpg\",\"contentUrl\":\"https:\/\/static.africa-press.net\/djibouti\/sites\/52\/2023\/09\/sm_1693756530.736895.jpg\",\"width\":720,\"height\":534,\"caption\":\"Le pr\u00e9fet et le maire de Djibouti en tourn\u00e9e dans les communes de la capitale\"},{\"@type\":\"BreadcrumbList\",\"@id\":\"https:\/\/www.africa-press.net\/djibouti\/politique\/le-prefet-et-le-maire-de-djibouti-en-tournee-dans-les-communes-de-la-capitale#breadcrumb\",\"itemListElement\":[{\"@type\":\"ListItem\",\"position\":1,\"name\":\"Accueil\",\"item\":\"https:\/\/www.africa-press.net\/djibouti\/\"},{\"@type\":\"ListItem\",\"position\":2,\"name\":\"Le pr\u00e9fet et le maire de Djibouti en tourn\u00e9e dans les communes de la capitale\"}]},{\"@type\":\"WebSite\",\"@id\":\"https:\/\/www.africa-press.net\/djibouti\/#website\",\"url\":\"https:\/\/www.africa-press.net\/djibouti\/\",\"name\":\"Djibouti\",\"description\":\"Just another Africa News Agency Sites site\",\"potentialAction\":[{\"@type\":\"SearchAction\",\"target\":{\"@type\":\"EntryPoint\",\"urlTemplate\":\"https:\/\/www.africa-press.net\/djibouti\/?s={search_term_string}\"},\"query-input\":{\"@type\":\"PropertyValueSpecification\",\"valueRequired\":true,\"valueName\":\"search_term_string\"}}],\"inLanguage\":\"fr-FR\"},{\"@type\":\"Person\",\"@id\":\"https:\/\/www.africa-press.net\/djibouti\/#\/schema\/person\/2b1cf3cd81a31e3cd26889ca66d677f1\",\"name\":\"cfeditorfr\"}]}<\/script>\n<!-- \/ Yoast SEO Premium plugin. -->","yoast_head_json":{"title":"Le pr\u00e9fet et le maire de Djibouti en tourn\u00e9e dans les communes de la capitale - Djibouti","description":"Le pre\u0301fet de Djibouti, Abdi Sikieh Kayad, accompagne\u0301 du maire de la capitale, Sai\u0308d Daoud Mohamed, ont effectue\u0301 me ...","robots":{"index":"index","follow":"follow","max-snippet":"max-snippet:-1","max-image-preview":"max-image-preview:large","max-video-preview":"max-video-preview:-1"},"canonical":"https:\/\/www.africa-press.net\/djibouti\/politique\/le-prefet-et-le-maire-de-djibouti-en-tournee-dans-les-communes-de-la-capitale","og_locale":"fr_FR","og_type":"article","og_title":"Le pr\u00e9fet et le maire de Djibouti en tourn\u00e9e dans les communes de la capitale","og_description":"Le pre\u0301fet de Djibouti, Abdi Sikieh Kayad, accompagne\u0301 du maire de la capitale, Sai\u0308d Daoud Mohamed, ont effectue\u0301 me ...","og_url":"https:\/\/www.africa-press.net\/djibouti\/politique\/le-prefet-et-le-maire-de-djibouti-en-tournee-dans-les-communes-de-la-capitale","og_site_name":"Djibouti","article_published_time":"2023-09-03T18:57:42+00:00","article_modified_time":"2023-09-03T19:25:47+00:00","og_image":[{"width":720,"height":534,"url":"https:\/\/static.africa-press.net\/djibouti\/sites\/52\/2023\/09\/sm_1693756530.736895.jpg","type":"image\/jpeg"}],"author":"cfeditorfr","twitter_card":"summary_large_image","twitter_misc":{"\u00c9crit par":"cfeditorfr","Dur\u00e9e de lecture estim\u00e9e":"4 minutes"},"schema":{"@context":"https:\/\/schema.org","@graph":[{"@type":"Article","@id":"https:\/\/www.africa-press.net\/djibouti\/politique\/le-prefet-et-le-maire-de-djibouti-en-tournee-dans-les-communes-de-la-capitale#article","isPartOf":{"@id":"https:\/\/www.africa-press.net\/djibouti\/politique\/le-prefet-et-le-maire-de-djibouti-en-tournee-dans-les-communes-de-la-capitale"},"author":{"name":"cfeditorfr","@id":"https:\/\/www.africa-press.net\/djibouti\/#\/schema\/person\/2b1cf3cd81a31e3cd26889ca66d677f1"},"headline":"Le pr\u00e9fet et le maire de Djibouti en tourn\u00e9e dans les communes de la capitale","datePublished":"2023-09-03T18:57:42+00:00","dateModified":"2023-09-03T19:25:47+00:00","mainEntityOfPage":{"@id":"https:\/\/www.africa-press.net\/djibouti\/politique\/le-prefet-et-le-maire-de-djibouti-en-tournee-dans-les-communes-de-la-capitale"},"wordCount":706,"commentCount":0,"image":{"@id":"https:\/\/www.africa-press.net\/djibouti\/politique\/le-prefet-et-le-maire-de-djibouti-en-tournee-dans-les-communes-de-la-capitale#primaryimage"},"thumbnailUrl":"https:\/\/static.africa-press.net\/djibouti\/sites\/52\/2023\/09\/sm_1693756530.736895.jpg","keywords":["Africa Press","Africa Press-Djibouti","Djibouti"],"articleSection":["Photo","Politique","Top Nouvelles","Toutes les actualit\u00e9s"],"inLanguage":"fr-FR","potentialAction":[{"@type":"CommentAction","name":"Comment","target":["https:\/\/www.africa-press.net\/djibouti\/politique\/le-prefet-et-le-maire-de-djibouti-en-tournee-dans-les-communes-de-la-capitale#respond"]}]},{"@type":"WebPage","@id":"https:\/\/www.africa-press.net\/djibouti\/politique\/le-prefet-et-le-maire-de-djibouti-en-tournee-dans-les-communes-de-la-capitale","url":"https:\/\/www.africa-press.net\/djibouti\/politique\/le-prefet-et-le-maire-de-djibouti-en-tournee-dans-les-communes-de-la-capitale","name":"Le pr\u00e9fet et le maire de Djibouti en tourn\u00e9e dans les communes de la capitale - Djibouti","isPartOf":{"@id":"https:\/\/www.africa-press.net\/djibouti\/#website"},"primaryImageOfPage":{"@id":"https:\/\/www.africa-press.net\/djibouti\/politique\/le-prefet-et-le-maire-de-djibouti-en-tournee-dans-les-communes-de-la-capitale#primaryimage"},"image":{"@id":"https:\/\/www.africa-press.net\/djibouti\/politique\/le-prefet-et-le-maire-de-djibouti-en-tournee-dans-les-communes-de-la-capitale#primaryimage"},"thumbnailUrl":"https:\/\/static.africa-press.net\/djibouti\/sites\/52\/2023\/09\/sm_1693756530.736895.jpg","datePublished":"2023-09-03T18:57:42+00:00","dateModified":"2023-09-03T19:25:47+00:00","author":{"@id":"https:\/\/www.africa-press.net\/djibouti\/#\/schema\/person\/2b1cf3cd81a31e3cd26889ca66d677f1"},"description":"Le pre\u0301fet de Djibouti, Abdi Sikieh Kayad, accompagne\u0301 du maire de la capitale, Sai\u0308d Daoud Mohamed, ont effectue\u0301 me ...","breadcrumb":{"@id":"https:\/\/www.africa-press.net\/djibouti\/politique\/le-prefet-et-le-maire-de-djibouti-en-tournee-dans-les-communes-de-la-capitale#breadcrumb"},"inLanguage":"fr-FR","potentialAction":[{"@type":"ReadAction","target":["https:\/\/www.africa-press.net\/djibouti\/politique\/le-prefet-et-le-maire-de-djibouti-en-tournee-dans-les-communes-de-la-capitale"]}]},{"@type":"ImageObject","inLanguage":"fr-FR","@id":"https:\/\/www.africa-press.net\/djibouti\/politique\/le-prefet-et-le-maire-de-djibouti-en-tournee-dans-les-communes-de-la-capitale#primaryimage","url":"https:\/\/static.africa-press.net\/djibouti\/sites\/52\/2023\/09\/sm_1693756530.736895.jpg","contentUrl":"https:\/\/static.africa-press.net\/djibouti\/sites\/52\/2023\/09\/sm_1693756530.736895.jpg","width":720,"height":534,"caption":"Le pr\u00e9fet et le maire de Djibouti en tourn\u00e9e dans les communes de la capitale"},{"@type":"BreadcrumbList","@id":"https:\/\/www.africa-press.net\/djibouti\/politique\/le-prefet-et-le-maire-de-djibouti-en-tournee-dans-les-communes-de-la-capitale#breadcrumb","itemListElement":[{"@type":"ListItem","position":1,"name":"Accueil","item":"https:\/\/www.africa-press.net\/djibouti\/"},{"@type":"ListItem","position":2,"name":"Le pr\u00e9fet et le maire de Djibouti en tourn\u00e9e dans les communes de la capitale"}]},{"@type":"WebSite","@id":"https:\/\/www.africa-press.net\/djibouti\/#website","url":"https:\/\/www.africa-press.net\/djibouti\/","name":"Djibouti","description":"Just another Africa News Agency Sites site","potentialAction":[{"@type":"SearchAction","target":{"@type":"EntryPoint","urlTemplate":"https:\/\/www.africa-press.net\/djibouti\/?s={search_term_string}"},"query-input":{"@type":"PropertyValueSpecification","valueRequired":true,"valueName":"search_term_string"}}],"inLanguage":"fr-FR"},{"@type":"Person","@id":"https:\/\/www.africa-press.net\/djibouti\/#\/schema\/person\/2b1cf3cd81a31e3cd26889ca66d677f1","name":"cfeditorfr"}]}},"_links":{"self":[{"href":"https:\/\/www.africa-press.net\/djibouti\/wp-json\/wp\/v2\/posts\/17352","targetHints":{"allow":["GET"]}}],"collection":[{"href":"https:\/\/www.africa-press.net\/djibouti\/wp-json\/wp\/v2\/posts"}],"about":[{"href":"https:\/\/www.africa-press.net\/djibouti\/wp-json\/wp\/v2\/types\/post"}],"author":[{"embeddable":true,"href":"https:\/\/www.africa-press.net\/djibouti\/wp-json\/wp\/v2\/users\/82"}],"replies":[{"embeddable":true,"href":"https:\/\/www.africa-press.net\/djibouti\/wp-json\/wp\/v2\/comments?post=17352"}],"version-history":[{"count":0,"href":"https:\/\/www.africa-press.net\/djibouti\/wp-json\/wp\/v2\/posts\/17352\/revisions"}],"wp:featuredmedia":[{"embeddable":true,"href":"https:\/\/www.africa-press.net\/djibouti\/wp-json\/wp\/v2\/media\/17351"}],"wp:attachment":[{"href":"https:\/\/www.africa-press.net\/djibouti\/wp-json\/wp\/v2\/media?parent=17352"}],"wp:term":[{"taxonomy":"category","embeddable":true,"href":"https:\/\/www.africa-press.net\/djibouti\/wp-json\/wp\/v2\/categories?post=17352"},{"taxonomy":"post_tag","embeddable":true,"href":"https:\/\/www.africa-press.net\/djibouti\/wp-json\/wp\/v2\/tags?post=17352"}],"curies":[{"name":"wp","href":"https:\/\/api.w.org\/{rel}","templated":true}]}}