{"id":17371,"date":"2023-09-04T16:13:49","date_gmt":"2023-09-04T16:13:49","guid":{"rendered":"https:\/\/www.africa-press.net\/djibouti\/politique\/quatrieme-assemblee-generale-ordinaire-du-conseil-regional-dali-sabieh-adoption-dun-arrete-regissant-le-mode-de-gestion-de-2-nouveaux-marches-a-aska"},"modified":"2023-09-04T17:00:33","modified_gmt":"2023-09-04T17:00:33","slug":"quatrieme-assemblee-generale-ordinaire-du-conseil-regional-dali-sabieh-adoption-dun-arrete-regissant-le-mode-de-gestion-de-2-nouveaux-marches-a-aska","status":"publish","type":"post","link":"https:\/\/www.africa-press.net\/djibouti\/politique\/quatrieme-assemblee-generale-ordinaire-du-conseil-regional-dali-sabieh-adoption-dun-arrete-regissant-le-mode-de-gestion-de-2-nouveaux-marches-a-aska","title":{"rendered":"Quatri\u00e8me Assembl\u00e9e g\u00e9n\u00e9rale ordinaire du conseil r\u00e9gional d\u2019Ali-Sabieh Adoption d\u2019un arr\u00eat\u00e9 r\u00e9gissant le mode de gestion de 2 nouveaux march\u00e9s \u00e0 Aska"},"content":{"rendered":"<p><span style=\"color: #ff6600\"><strong>Africa-Press &#8211; Djibouti. <\/strong><\/span>La quatrie\u0300me assemble\u0301e ge\u0301ne\u0301rale ordinaire du conseil re\u0301gional d\u2019Ali-Sabieh a eu lieu dans la salle des confe\u0301rences de son sie\u0300ge.Cette se\u0301ance qui avait rassemble\u0301e l\u2019ensemble des e\u0301lus locaux a e\u0301te\u0301 pre\u0301side\u0301e par le pre\u0301sident de cette instance re\u0301gionale de la de\u0301centralisation, Charmake Hassan Allaleh.Notons la pre\u0301sence le directeur de l\u2019Agence de la Voirie d\u2019Ali-Sabieh (AVAS), Radwan Aden Ai\u0308nane, et l\u2019inge\u0301nieur monteur des projets a\u0300 effectuer dans le cadre du programme Appui a\u0300 la De\u0301centralisation et aux Initiatives Locales (ADIL) ainsi que le comptable de l\u2019institution.<\/p>\n<p>Elle intervient apre\u0300s la rentre\u0301e politique nationale de mardi dernier marque\u0301e par un conseil des ministres pre\u0301side\u0301 par le chef de l\u2019e\u0301tat, son excellence, Ismae\u0308l Omar Guelleh. A Ali-Sabieh, cette quatrie\u0300me Assemble\u0301e Ge\u0301ne\u0301rale de l\u2019instance re\u0301gionale de la de\u0301centralisation s\u2019apparente comme la rentre\u0301e politique au niveau re\u0301gional.<\/p>\n<p>Ce quatrie\u0300me rassemblement des e\u0301lus re\u0301gionaux a de\u0301bute\u0301 par la lecture d\u2019un verset du saint coran suivi de l\u2019hymne national. Peu de temps apre\u0300s intervient le discours d\u2019ouverture du pre\u0301sident du conseil re\u0301gional a\u0300 l\u2019e\u0301gard de ses colle\u0300gues.<\/p>\n<p>Une allocution concise et bre\u0300ve qui rappelle que cette quatrie\u0300me Assemble\u0301e ordinaire marque une e\u0301tape importante dans notre engagement envers le de\u0301veloppement et le progre\u0300s de notre re\u0301gion. Votre pre\u0301sence ici te\u0301moigne de votre de\u0301vouement envers les inte\u0301re\u0302ts de notre collectivite\u0301s, et je tiens a\u0300 vous remercier pour votre participation active et constructive, a-t-il martele\u0301 a\u0300 l\u2019e\u0301gard de ses colle\u0300gues e\u0301lus. Nous examinerons l\u2019arre\u0302te\u0301 re\u0301gissant le mode de gestion de deux nouveaux marche\u0301s e\u0301difie\u0301s dans deux quartiers diffe\u0301rents de la ville.<\/p>\n<p>Cette mesure vise a\u0300 garantir une utilisation responsable et efficiente des ressources, tout en favorisant la participation des acteurs locaux. Nous sommes convaincus que ce cadre re\u0301glementaire renforcera notre capacite\u0301 a\u0300 re\u0301aliser des projets porteurs de croissance e\u0301conomique pour notre re\u0301gion, a-t-il fais savoir a\u0300 ses colle\u0300gues, e\u0301lus locaux.<\/p>\n<p>A l\u2019issue de son discours, le pre\u0301sident de l\u2019instance re\u0301gionale de la de\u0301centralisation a donne\u0301 la parole a\u0300 chacun de ses colle\u0300gues, e\u0301lus locaux.En premier, le vice-pre\u0301sident du conseil re\u0301gional, Nouh Sai\u0308d Gueldon, a explique\u0301 a\u0300 ses interlocuteurs la re\u0301organisation du service de l\u2019e\u0301tat civil. Il a parle\u0301 de la facilitation des proce\u0301dures de demande et d\u2019octroi des actes de naissance, de la copie inte\u0301grale et d\u2019autres documents administratifs. Chacun des participants a rec\u0327u un exemplaire du plan de de\u0301veloppement re\u0301gional du conseil re\u0301gional accompagne\u0301 d\u2019une lettre de mission conforme au contenu du Plan de De\u0301veloppement Re\u0301gionale (PDR).<\/p>\n<p>Apre\u0300s le discours de leur pre\u0301sident annonc\u0327ant l\u2019ordre du jour, a\u0300 savoir le vote d\u2019un arre\u0302te\u0301 re\u0301gional re\u0301gissant les modalite\u0301s d\u2019attribution des stands de vente de deux nouveaux marche\u0301s qui seront prochainement inaugure\u0301 aux bouchers et commerc\u0327ants assajogs.<\/p>\n<p>Sachant que la construction de ces nouvelles boucheries e\u0301difie\u0301es l\u2019une dans le quartier nomme\u0301 \u00ab Cha\u0302teau d\u2019eau \u00bb et l\u2019autre au quartier appele\u0301 \u00ab La cite\u0301 \u00bb a be\u0301ne\u0301ficie\u0301 d\u2019un financement de l\u2019Union Europe\u0301enne dans le cadre du programme Appui a\u0300 la De\u0301centralisation et aux Initiatives Locale plus connu sous son sigle ADIL. Avant de proce\u0301der a\u0300 l\u2019examen des modalite\u0301s de remise des cle\u0301s et d\u2019attribution des boutiques au sein des nouveaux marche\u0301s, les e\u0301lus re\u0301gionaux ont discute\u0301 des travaux en cours comme la construction des trottoirs des routes de l\u2019inte\u0301rieur de la ville, des aires de jeux dans trois quartiers populaires du chef-lieu et de la localite\u0301 rurale de Goubetto ainsi que de l\u2019e\u0301dition de deux antennes du conseil re\u0301gional dans les villages d\u2019Ali-Adde\u0301 et de Holl-Holl.<\/p>\n<p>Pour l\u2019attribution des stands de vente des nouveaux marche\u0301s, il a e\u0301te\u0301 convenu de proce\u0301der a\u0300 la me\u0301thode du tirage au sort en pre\u0301sence d\u2019un huissier de justice.<\/p>\n<p>L\u2019ordre du jour s\u2019est re\u0301sume\u0301 a\u0300 la pre\u0301sentation d\u2019un arre\u0302te\u0301 portant sur le fonctionnement et les modalite\u0301s de gestion des marche\u0301s des fruits, le\u0301gumes et boucherie situe\u0301s dans les quartiers Cha\u0302teau d\u2019eau et Cite\u0301 de la ville d\u2019Aska. Son analyse et sa soumission au vote avant leur promulgation a\u0300 travers la signature du pre\u0301sident a fait l\u2019objet d\u2019un de\u0301bat houleux et constructif. Les e\u0301lus locaux sont intervenus a\u0300 maintes reprises pour demander des comptes sur les projets a\u0300 e\u0301difier. Les uns et les autres ont plaide\u0301 pour recevoir le maximum d\u2019informations sur les projets en cours ou ceux en perspectives. L\u2019arre\u0302te\u0301 du jour a rec\u0327u l\u2019approbation d\u2019une grande majorite\u0301 des e\u0301lus soit 16 pour contre une abstention pour un total de 17 e\u0301lus locaux.<\/p>\n<p>A peine vote\u0301, le pre\u0301sident du conseil re\u0301gional, Charmake Hassan Allaleh a proce\u0301de\u0301 a\u0300 la signature marquant la mise en \u0153uvre de l\u2019arre\u0302te\u0301 re\u0301gional en question.<\/p>\n<p>Sachant que les arre\u0302te\u0301s e\u0301manent une de\u0301cision du pre\u0301sident du conseil re\u0301gional sur le fonctionnement d\u2019une entite\u0301 administrative e\u0301rige\u0301e dans sa re\u0301gion. Pour son application, ils sont soumis a\u0300 l\u2019e\u0301tude et au vote des e\u0301lus re\u0301gionaux.<\/p>\n<p>A l\u2019issue de la mise en vigueur de l\u2019arre\u0302te\u0301en question, le chef de l\u2019instance re\u0301gionale de la de\u0301centralisation, Charmake Hassan Allaleh a rappele\u0301 a\u0300 ses colle\u0300gues qu\u2019ils seront juge\u0301s sur l\u2019impact des actions socio e\u0301conomiques sur le quotidien de nos concitoyens.<\/p>\n<p>Ce dernier a rappele\u0301 la ne\u0301cessite\u0301 de travailler en e\u0301troite collaboration avec les responsables des services de\u0301concentre\u0301s de l\u2019E\u0301tat et de s\u2019informer aupre\u0300s de leur colle\u0300gue charge\u0301 des diffe\u0301rentes du conseil re\u0301gional. Au cours de cette Assemble\u0301e Ge\u0301ne\u0301rale Ordinaire, les de\u0301bats expose\u0301s par certains, les questionnements de leurs colle\u0300gues et leurs propositions se sont de\u0301roule\u0301s dans une atmosphe\u0300re respectueuse de l\u2019esprit de la de\u0301mocratie. Celle-ci a pris fin par la photo de famille habituelle des e\u0301lus re\u0301gionaux sur le perron des locaux du conseil re\u0301gional.<\/p>\n<p><b>Ali Ladieh<\/b><\/p>\n\r\n                <style type=\"text\/css\">\r\n                    \r\n                    #td_uid_1_69f1d42c8856c  .td-doubleSlider-2 .td-item1 {\r\n                        background: url(https:\/\/static.africa-press.net\/djibouti\/sites\/52\/2023\/09\/sm_1693834181.854012-80x60.jpg) 0 0 no-repeat;\r\n                    }\r\n                    #td_uid_1_69f1d42c8856c  .td-doubleSlider-2 .td-item2 {\r\n                        background: url(https:\/\/static.africa-press.net\/djibouti\/sites\/52\/2023\/09\/sm_1693834189.540066-80x60.jpg) 0 0 no-repeat;\r\n                    }\r\n                <\/style>\r\n\r\n                <div id=\"td_uid_1_69f1d42c8856c\" class=\"td-gallery td-slide-on-2-columns\">\r\n                    <div class=\"post_td_gallery\">\r\n                        <div class=\"td-gallery-slide-top\">\r\n                           <div class=\"td-gallery-title\"><\/div>\r\n\r\n                            <div class=\"td-gallery-controls-wrapper\">\r\n                                <div class=\"td-gallery-slide-count\"><span class=\"td-gallery-slide-item-focus\">1<\/span> de 2<\/div>\r\n                                <div class=\"td-gallery-slide-prev-next-but\">\r\n                                    <i class = \"td-icon-left doubleSliderPrevButton\"><\/i>\r\n                                    <i class = \"td-icon-right doubleSliderNextButton\"><\/i>\r\n                                <\/div>\r\n                            <\/div>\r\n                        <\/div>\r\n\r\n                        <div class = \"td-doubleSlider-1 \">\r\n                            <div class = \"td-slider\">\r\n                                \r\n                    <div class = \"td-slide-item td-item1\">\r\n                        <figure class=\"td-slide-galery-figure td-slide-popup-gallery\">\r\n                            <a class=\"slide-gallery-image-link\" href=\"https:\/\/static.africa-press.net\/djibouti\/sites\/52\/2023\/09\/sm_1693834181.854012.jpg\" title=\"sm_1693834181.854012\"  data-caption=\"\"  data-description=\"\">\r\n                                <img decoding=\"async\" src=\"https:\/\/static.africa-press.net\/djibouti\/sites\/52\/2023\/09\/sm_1693834181.854012.jpg\" srcset=\"https:\/\/static.africa-press.net\/djibouti\/sites\/52\/2023\/09\/sm_1693834181.854012.jpg 1024w, https:\/\/static.africa-press.net\/djibouti\/sites\/52\/2023\/09\/sm_1693834181.854012-300x169.jpg 300w, https:\/\/static.africa-press.net\/djibouti\/sites\/52\/2023\/09\/sm_1693834181.854012-768x432.jpg 768w\" sizes=\"(max-width: 1024px) 100vw, 1024px\" alt=\"\">\r\n                            <\/a>\r\n                            \r\n                        <\/figure>\r\n                    <\/div>\r\n                    <div class = \"td-slide-item td-item2\">\r\n                        <figure class=\"td-slide-galery-figure td-slide-popup-gallery\">\r\n                            <a class=\"slide-gallery-image-link\" href=\"https:\/\/static.africa-press.net\/djibouti\/sites\/52\/2023\/09\/sm_1693834189.540066.jpg\" title=\"sm_1693834189.540066\"  data-caption=\"\"  data-description=\"\">\r\n                                <img decoding=\"async\" src=\"https:\/\/static.africa-press.net\/djibouti\/sites\/52\/2023\/09\/sm_1693834189.540066.jpg\" srcset=\"https:\/\/static.africa-press.net\/djibouti\/sites\/52\/2023\/09\/sm_1693834189.540066.jpg 1024w, https:\/\/static.africa-press.net\/djibouti\/sites\/52\/2023\/09\/sm_1693834189.540066-300x169.jpg 300w, https:\/\/static.africa-press.net\/djibouti\/sites\/52\/2023\/09\/sm_1693834189.540066-768x432.jpg 768w\" sizes=\"(max-width: 1024px) 100vw, 1024px\" alt=\"\">\r\n                            <\/a>\r\n                            \r\n                        <\/figure>\r\n                    <\/div>\r\n                            <\/div>\r\n                        <\/div>\r\n\r\n                        <div class = \"td-doubleSlider-2\">\r\n                            <div class = \"td-slider\">\r\n                                \r\n                    <div class = \"td-button td-item1\">\r\n                        <div class = \"td-border\"><\/div>\r\n                    <\/div>\r\n                    <div class = \"td-button td-item2\">\r\n                        <div class = \"td-border\"><\/div>\r\n                    <\/div>\r\n                            <\/div>\r\n                        <\/div>\r\n\r\n                    <\/div>\r\n\r\n                <\/div>\r\n                \n<p><strong>Pour plus d&rsquo;informations et d&rsquo;analyses sur la <a href=\"https:\/\/www.africa-press.net\/djibouti\">Djibouti<\/a>, suivez <a href=\"https:\/\/www.africa-press.net\/\">Africa-Press<\/a><\/strong><\/p>\n","protected":false},"excerpt":{"rendered":"<p>Africa-Press &#8211; Djibouti. La quatrie\u0300me assemble\u0301e ge\u0301ne\u0301rale ordinaire du conseil re\u0301gional d\u2019Ali-Sabieh a eu lieu dans la salle des confe\u0301rences de son sie\u0300ge.Cette se\u0301ance qui avait rassemble\u0301e l\u2019ensemble des e\u0301lus locaux a e\u0301te\u0301 pre\u0301side\u0301e par le pre\u0301sident de cette instance re\u0301gionale de la de\u0301centralisation, Charmake Hassan Allaleh.Notons la pre\u0301sence le directeur de l\u2019Agence de la [&hellip;]<\/p>\n","protected":false},"author":82,"featured_media":17370,"comment_status":"open","ping_status":"closed","sticky":false,"template":"","format":"standard","meta":{"footnotes":""},"categories":[8,2,10],"tags":[36,49,50],"class_list":["post-17371","post","type-post","status-publish","format-standard","has-post-thumbnail","hentry","category-photo","category-politique","category-toutes-les-actualites","tag-africa-press","tag-africa-press-djibouti","tag-djibouti"],"yoast_head":"<!-- This site is optimized with the Yoast SEO Premium plugin v26.1 (Yoast SEO v27.0) - https:\/\/yoast.com\/product\/yoast-seo-premium-wordpress\/ -->\n<title>Quatri\u00e8me Assembl\u00e9e g\u00e9n\u00e9rale ordinaire du conseil r\u00e9gional d\u2019Ali-Sabieh Adoption d\u2019un arr\u00eat\u00e9 r\u00e9gissant le mode de gestion de 2 nouveaux march\u00e9s \u00e0 Aska - Djibouti<\/title>\n<meta name=\"description\" content=\"La quatrie\u0300me assemble\u0301e ge\u0301ne\u0301rale ordinaire du conseil re\u0301gional d\u2019Ali-Sabieh a eu lieu dans la salle des confe\u0301rences ...\" \/>\n<meta name=\"robots\" content=\"index, follow, max-snippet:-1, max-image-preview:large, max-video-preview:-1\" \/>\n<link rel=\"canonical\" href=\"https:\/\/www.africa-press.net\/djibouti\/politique\/quatrieme-assemblee-generale-ordinaire-du-conseil-regional-dali-sabieh-adoption-dun-arrete-regissant-le-mode-de-gestion-de-2-nouveaux-marches-a-aska\" \/>\n<meta property=\"og:locale\" content=\"fr_FR\" \/>\n<meta property=\"og:type\" content=\"article\" \/>\n<meta property=\"og:title\" content=\"Quatri\u00e8me Assembl\u00e9e g\u00e9n\u00e9rale ordinaire du conseil r\u00e9gional d\u2019Ali-Sabieh Adoption d\u2019un arr\u00eat\u00e9 r\u00e9gissant le mode de gestion de 2 nouveaux march\u00e9s \u00e0 Aska\" \/>\n<meta property=\"og:description\" content=\"La quatrie\u0300me assemble\u0301e ge\u0301ne\u0301rale ordinaire du conseil re\u0301gional d\u2019Ali-Sabieh a eu lieu dans la salle des confe\u0301rences ...\" \/>\n<meta property=\"og:url\" content=\"https:\/\/www.africa-press.net\/djibouti\/politique\/quatrieme-assemblee-generale-ordinaire-du-conseil-regional-dali-sabieh-adoption-dun-arrete-regissant-le-mode-de-gestion-de-2-nouveaux-marches-a-aska\" \/>\n<meta property=\"og:site_name\" content=\"Djibouti\" \/>\n<meta property=\"article:published_time\" content=\"2023-09-04T16:13:49+00:00\" \/>\n<meta property=\"article:modified_time\" content=\"2023-09-04T17:00:33+00:00\" \/>\n<meta property=\"og:image\" content=\"https:\/\/static.africa-press.net\/djibouti\/sites\/52\/2023\/09\/sm_1693834200.772188.jpg\" \/>\n\t<meta property=\"og:image:width\" content=\"720\" \/>\n\t<meta property=\"og:image:height\" content=\"405\" \/>\n\t<meta property=\"og:image:type\" content=\"image\/jpeg\" \/>\n<meta name=\"author\" content=\"cfeditorfr\" \/>\n<meta name=\"twitter:card\" content=\"summary_large_image\" \/>\n<meta name=\"twitter:label1\" content=\"\u00c9crit par\" \/>\n\t<meta name=\"twitter:data1\" content=\"cfeditorfr\" \/>\n\t<meta name=\"twitter:label2\" content=\"Dur\u00e9e de lecture estim\u00e9e\" \/>\n\t<meta name=\"twitter:data2\" content=\"5 minutes\" \/>\n<script type=\"application\/ld+json\" class=\"yoast-schema-graph\">{\"@context\":\"https:\/\/schema.org\",\"@graph\":[{\"@type\":\"Article\",\"@id\":\"https:\/\/www.africa-press.net\/djibouti\/politique\/quatrieme-assemblee-generale-ordinaire-du-conseil-regional-dali-sabieh-adoption-dun-arrete-regissant-le-mode-de-gestion-de-2-nouveaux-marches-a-aska#article\",\"isPartOf\":{\"@id\":\"https:\/\/www.africa-press.net\/djibouti\/politique\/quatrieme-assemblee-generale-ordinaire-du-conseil-regional-dali-sabieh-adoption-dun-arrete-regissant-le-mode-de-gestion-de-2-nouveaux-marches-a-aska\"},\"author\":{\"name\":\"cfeditorfr\",\"@id\":\"https:\/\/www.africa-press.net\/djibouti\/#\/schema\/person\/2b1cf3cd81a31e3cd26889ca66d677f1\"},\"headline\":\"Quatri\u00e8me Assembl\u00e9e g\u00e9n\u00e9rale ordinaire du conseil r\u00e9gional d\u2019Ali-Sabieh Adoption d\u2019un arr\u00eat\u00e9 r\u00e9gissant le mode de gestion de 2 nouveaux march\u00e9s \u00e0 Aska\",\"datePublished\":\"2023-09-04T16:13:49+00:00\",\"dateModified\":\"2023-09-04T17:00:33+00:00\",\"mainEntityOfPage\":{\"@id\":\"https:\/\/www.africa-press.net\/djibouti\/politique\/quatrieme-assemblee-generale-ordinaire-du-conseil-regional-dali-sabieh-adoption-dun-arrete-regissant-le-mode-de-gestion-de-2-nouveaux-marches-a-aska\"},\"wordCount\":1197,\"commentCount\":0,\"image\":{\"@id\":\"https:\/\/www.africa-press.net\/djibouti\/politique\/quatrieme-assemblee-generale-ordinaire-du-conseil-regional-dali-sabieh-adoption-dun-arrete-regissant-le-mode-de-gestion-de-2-nouveaux-marches-a-aska#primaryimage\"},\"thumbnailUrl\":\"https:\/\/static.africa-press.net\/djibouti\/sites\/52\/2023\/09\/sm_1693834200.772188.jpg\",\"keywords\":[\"Africa Press\",\"Africa Press-Djibouti\",\"Djibouti\"],\"articleSection\":[\"Photo\",\"Politique\",\"Toutes les actualit\u00e9s\"],\"inLanguage\":\"fr-FR\",\"potentialAction\":[{\"@type\":\"CommentAction\",\"name\":\"Comment\",\"target\":[\"https:\/\/www.africa-press.net\/djibouti\/politique\/quatrieme-assemblee-generale-ordinaire-du-conseil-regional-dali-sabieh-adoption-dun-arrete-regissant-le-mode-de-gestion-de-2-nouveaux-marches-a-aska#respond\"]}]},{\"@type\":\"WebPage\",\"@id\":\"https:\/\/www.africa-press.net\/djibouti\/politique\/quatrieme-assemblee-generale-ordinaire-du-conseil-regional-dali-sabieh-adoption-dun-arrete-regissant-le-mode-de-gestion-de-2-nouveaux-marches-a-aska\",\"url\":\"https:\/\/www.africa-press.net\/djibouti\/politique\/quatrieme-assemblee-generale-ordinaire-du-conseil-regional-dali-sabieh-adoption-dun-arrete-regissant-le-mode-de-gestion-de-2-nouveaux-marches-a-aska\",\"name\":\"Quatri\u00e8me Assembl\u00e9e g\u00e9n\u00e9rale ordinaire du conseil r\u00e9gional d\u2019Ali-Sabieh Adoption d\u2019un arr\u00eat\u00e9 r\u00e9gissant le mode de gestion de 2 nouveaux march\u00e9s \u00e0 Aska - Djibouti\",\"isPartOf\":{\"@id\":\"https:\/\/www.africa-press.net\/djibouti\/#website\"},\"primaryImageOfPage\":{\"@id\":\"https:\/\/www.africa-press.net\/djibouti\/politique\/quatrieme-assemblee-generale-ordinaire-du-conseil-regional-dali-sabieh-adoption-dun-arrete-regissant-le-mode-de-gestion-de-2-nouveaux-marches-a-aska#primaryimage\"},\"image\":{\"@id\":\"https:\/\/www.africa-press.net\/djibouti\/politique\/quatrieme-assemblee-generale-ordinaire-du-conseil-regional-dali-sabieh-adoption-dun-arrete-regissant-le-mode-de-gestion-de-2-nouveaux-marches-a-aska#primaryimage\"},\"thumbnailUrl\":\"https:\/\/static.africa-press.net\/djibouti\/sites\/52\/2023\/09\/sm_1693834200.772188.jpg\",\"datePublished\":\"2023-09-04T16:13:49+00:00\",\"dateModified\":\"2023-09-04T17:00:33+00:00\",\"author\":{\"@id\":\"https:\/\/www.africa-press.net\/djibouti\/#\/schema\/person\/2b1cf3cd81a31e3cd26889ca66d677f1\"},\"description\":\"La quatrie\u0300me assemble\u0301e ge\u0301ne\u0301rale ordinaire du conseil re\u0301gional d\u2019Ali-Sabieh a eu lieu dans la salle des confe\u0301rences ...\",\"breadcrumb\":{\"@id\":\"https:\/\/www.africa-press.net\/djibouti\/politique\/quatrieme-assemblee-generale-ordinaire-du-conseil-regional-dali-sabieh-adoption-dun-arrete-regissant-le-mode-de-gestion-de-2-nouveaux-marches-a-aska#breadcrumb\"},\"inLanguage\":\"fr-FR\",\"potentialAction\":[{\"@type\":\"ReadAction\",\"target\":[\"https:\/\/www.africa-press.net\/djibouti\/politique\/quatrieme-assemblee-generale-ordinaire-du-conseil-regional-dali-sabieh-adoption-dun-arrete-regissant-le-mode-de-gestion-de-2-nouveaux-marches-a-aska\"]}]},{\"@type\":\"ImageObject\",\"inLanguage\":\"fr-FR\",\"@id\":\"https:\/\/www.africa-press.net\/djibouti\/politique\/quatrieme-assemblee-generale-ordinaire-du-conseil-regional-dali-sabieh-adoption-dun-arrete-regissant-le-mode-de-gestion-de-2-nouveaux-marches-a-aska#primaryimage\",\"url\":\"https:\/\/static.africa-press.net\/djibouti\/sites\/52\/2023\/09\/sm_1693834200.772188.jpg\",\"contentUrl\":\"https:\/\/static.africa-press.net\/djibouti\/sites\/52\/2023\/09\/sm_1693834200.772188.jpg\",\"width\":720,\"height\":405,\"caption\":\"Quatri\u00e8me Assembl\u00e9e g\u00e9n\u00e9rale ordinaire du conseil r\u00e9gional d\u2019Ali-Sabieh Adoption d\u2019un arr\u00eat\u00e9 r\u00e9gissant le mode de gestion de 2 nouveaux march\u00e9s \u00e0 Aska\"},{\"@type\":\"BreadcrumbList\",\"@id\":\"https:\/\/www.africa-press.net\/djibouti\/politique\/quatrieme-assemblee-generale-ordinaire-du-conseil-regional-dali-sabieh-adoption-dun-arrete-regissant-le-mode-de-gestion-de-2-nouveaux-marches-a-aska#breadcrumb\",\"itemListElement\":[{\"@type\":\"ListItem\",\"position\":1,\"name\":\"Accueil\",\"item\":\"https:\/\/www.africa-press.net\/djibouti\/\"},{\"@type\":\"ListItem\",\"position\":2,\"name\":\"Quatri\u00e8me Assembl\u00e9e g\u00e9n\u00e9rale ordinaire du conseil r\u00e9gional d\u2019Ali-Sabieh Adoption d\u2019un arr\u00eat\u00e9 r\u00e9gissant le mode de gestion de 2 nouveaux march\u00e9s \u00e0 Aska\"}]},{\"@type\":\"WebSite\",\"@id\":\"https:\/\/www.africa-press.net\/djibouti\/#website\",\"url\":\"https:\/\/www.africa-press.net\/djibouti\/\",\"name\":\"Djibouti\",\"description\":\"Just another Africa News Agency Sites site\",\"potentialAction\":[{\"@type\":\"SearchAction\",\"target\":{\"@type\":\"EntryPoint\",\"urlTemplate\":\"https:\/\/www.africa-press.net\/djibouti\/?s={search_term_string}\"},\"query-input\":{\"@type\":\"PropertyValueSpecification\",\"valueRequired\":true,\"valueName\":\"search_term_string\"}}],\"inLanguage\":\"fr-FR\"},{\"@type\":\"Person\",\"@id\":\"https:\/\/www.africa-press.net\/djibouti\/#\/schema\/person\/2b1cf3cd81a31e3cd26889ca66d677f1\",\"name\":\"cfeditorfr\"}]}<\/script>\n<!-- \/ Yoast SEO Premium plugin. -->","yoast_head_json":{"title":"Quatri\u00e8me Assembl\u00e9e g\u00e9n\u00e9rale ordinaire du conseil r\u00e9gional d\u2019Ali-Sabieh Adoption d\u2019un arr\u00eat\u00e9 r\u00e9gissant le mode de gestion de 2 nouveaux march\u00e9s \u00e0 Aska - Djibouti","description":"La quatrie\u0300me assemble\u0301e ge\u0301ne\u0301rale ordinaire du conseil re\u0301gional d\u2019Ali-Sabieh a eu lieu dans la salle des confe\u0301rences ...","robots":{"index":"index","follow":"follow","max-snippet":"max-snippet:-1","max-image-preview":"max-image-preview:large","max-video-preview":"max-video-preview:-1"},"canonical":"https:\/\/www.africa-press.net\/djibouti\/politique\/quatrieme-assemblee-generale-ordinaire-du-conseil-regional-dali-sabieh-adoption-dun-arrete-regissant-le-mode-de-gestion-de-2-nouveaux-marches-a-aska","og_locale":"fr_FR","og_type":"article","og_title":"Quatri\u00e8me Assembl\u00e9e g\u00e9n\u00e9rale ordinaire du conseil r\u00e9gional d\u2019Ali-Sabieh Adoption d\u2019un arr\u00eat\u00e9 r\u00e9gissant le mode de gestion de 2 nouveaux march\u00e9s \u00e0 Aska","og_description":"La quatrie\u0300me assemble\u0301e ge\u0301ne\u0301rale ordinaire du conseil re\u0301gional d\u2019Ali-Sabieh a eu lieu dans la salle des confe\u0301rences ...","og_url":"https:\/\/www.africa-press.net\/djibouti\/politique\/quatrieme-assemblee-generale-ordinaire-du-conseil-regional-dali-sabieh-adoption-dun-arrete-regissant-le-mode-de-gestion-de-2-nouveaux-marches-a-aska","og_site_name":"Djibouti","article_published_time":"2023-09-04T16:13:49+00:00","article_modified_time":"2023-09-04T17:00:33+00:00","og_image":[{"width":720,"height":405,"url":"https:\/\/static.africa-press.net\/djibouti\/sites\/52\/2023\/09\/sm_1693834200.772188.jpg","type":"image\/jpeg"}],"author":"cfeditorfr","twitter_card":"summary_large_image","twitter_misc":{"\u00c9crit par":"cfeditorfr","Dur\u00e9e de lecture estim\u00e9e":"5 minutes"},"schema":{"@context":"https:\/\/schema.org","@graph":[{"@type":"Article","@id":"https:\/\/www.africa-press.net\/djibouti\/politique\/quatrieme-assemblee-generale-ordinaire-du-conseil-regional-dali-sabieh-adoption-dun-arrete-regissant-le-mode-de-gestion-de-2-nouveaux-marches-a-aska#article","isPartOf":{"@id":"https:\/\/www.africa-press.net\/djibouti\/politique\/quatrieme-assemblee-generale-ordinaire-du-conseil-regional-dali-sabieh-adoption-dun-arrete-regissant-le-mode-de-gestion-de-2-nouveaux-marches-a-aska"},"author":{"name":"cfeditorfr","@id":"https:\/\/www.africa-press.net\/djibouti\/#\/schema\/person\/2b1cf3cd81a31e3cd26889ca66d677f1"},"headline":"Quatri\u00e8me Assembl\u00e9e g\u00e9n\u00e9rale ordinaire du conseil r\u00e9gional d\u2019Ali-Sabieh Adoption d\u2019un arr\u00eat\u00e9 r\u00e9gissant le mode de gestion de 2 nouveaux march\u00e9s \u00e0 Aska","datePublished":"2023-09-04T16:13:49+00:00","dateModified":"2023-09-04T17:00:33+00:00","mainEntityOfPage":{"@id":"https:\/\/www.africa-press.net\/djibouti\/politique\/quatrieme-assemblee-generale-ordinaire-du-conseil-regional-dali-sabieh-adoption-dun-arrete-regissant-le-mode-de-gestion-de-2-nouveaux-marches-a-aska"},"wordCount":1197,"commentCount":0,"image":{"@id":"https:\/\/www.africa-press.net\/djibouti\/politique\/quatrieme-assemblee-generale-ordinaire-du-conseil-regional-dali-sabieh-adoption-dun-arrete-regissant-le-mode-de-gestion-de-2-nouveaux-marches-a-aska#primaryimage"},"thumbnailUrl":"https:\/\/static.africa-press.net\/djibouti\/sites\/52\/2023\/09\/sm_1693834200.772188.jpg","keywords":["Africa Press","Africa Press-Djibouti","Djibouti"],"articleSection":["Photo","Politique","Toutes les actualit\u00e9s"],"inLanguage":"fr-FR","potentialAction":[{"@type":"CommentAction","name":"Comment","target":["https:\/\/www.africa-press.net\/djibouti\/politique\/quatrieme-assemblee-generale-ordinaire-du-conseil-regional-dali-sabieh-adoption-dun-arrete-regissant-le-mode-de-gestion-de-2-nouveaux-marches-a-aska#respond"]}]},{"@type":"WebPage","@id":"https:\/\/www.africa-press.net\/djibouti\/politique\/quatrieme-assemblee-generale-ordinaire-du-conseil-regional-dali-sabieh-adoption-dun-arrete-regissant-le-mode-de-gestion-de-2-nouveaux-marches-a-aska","url":"https:\/\/www.africa-press.net\/djibouti\/politique\/quatrieme-assemblee-generale-ordinaire-du-conseil-regional-dali-sabieh-adoption-dun-arrete-regissant-le-mode-de-gestion-de-2-nouveaux-marches-a-aska","name":"Quatri\u00e8me Assembl\u00e9e g\u00e9n\u00e9rale ordinaire du conseil r\u00e9gional d\u2019Ali-Sabieh Adoption d\u2019un arr\u00eat\u00e9 r\u00e9gissant le mode de gestion de 2 nouveaux march\u00e9s \u00e0 Aska - Djibouti","isPartOf":{"@id":"https:\/\/www.africa-press.net\/djibouti\/#website"},"primaryImageOfPage":{"@id":"https:\/\/www.africa-press.net\/djibouti\/politique\/quatrieme-assemblee-generale-ordinaire-du-conseil-regional-dali-sabieh-adoption-dun-arrete-regissant-le-mode-de-gestion-de-2-nouveaux-marches-a-aska#primaryimage"},"image":{"@id":"https:\/\/www.africa-press.net\/djibouti\/politique\/quatrieme-assemblee-generale-ordinaire-du-conseil-regional-dali-sabieh-adoption-dun-arrete-regissant-le-mode-de-gestion-de-2-nouveaux-marches-a-aska#primaryimage"},"thumbnailUrl":"https:\/\/static.africa-press.net\/djibouti\/sites\/52\/2023\/09\/sm_1693834200.772188.jpg","datePublished":"2023-09-04T16:13:49+00:00","dateModified":"2023-09-04T17:00:33+00:00","author":{"@id":"https:\/\/www.africa-press.net\/djibouti\/#\/schema\/person\/2b1cf3cd81a31e3cd26889ca66d677f1"},"description":"La quatrie\u0300me assemble\u0301e ge\u0301ne\u0301rale ordinaire du conseil re\u0301gional d\u2019Ali-Sabieh a eu lieu dans la salle des confe\u0301rences ...","breadcrumb":{"@id":"https:\/\/www.africa-press.net\/djibouti\/politique\/quatrieme-assemblee-generale-ordinaire-du-conseil-regional-dali-sabieh-adoption-dun-arrete-regissant-le-mode-de-gestion-de-2-nouveaux-marches-a-aska#breadcrumb"},"inLanguage":"fr-FR","potentialAction":[{"@type":"ReadAction","target":["https:\/\/www.africa-press.net\/djibouti\/politique\/quatrieme-assemblee-generale-ordinaire-du-conseil-regional-dali-sabieh-adoption-dun-arrete-regissant-le-mode-de-gestion-de-2-nouveaux-marches-a-aska"]}]},{"@type":"ImageObject","inLanguage":"fr-FR","@id":"https:\/\/www.africa-press.net\/djibouti\/politique\/quatrieme-assemblee-generale-ordinaire-du-conseil-regional-dali-sabieh-adoption-dun-arrete-regissant-le-mode-de-gestion-de-2-nouveaux-marches-a-aska#primaryimage","url":"https:\/\/static.africa-press.net\/djibouti\/sites\/52\/2023\/09\/sm_1693834200.772188.jpg","contentUrl":"https:\/\/static.africa-press.net\/djibouti\/sites\/52\/2023\/09\/sm_1693834200.772188.jpg","width":720,"height":405,"caption":"Quatri\u00e8me Assembl\u00e9e g\u00e9n\u00e9rale ordinaire du conseil r\u00e9gional d\u2019Ali-Sabieh Adoption d\u2019un arr\u00eat\u00e9 r\u00e9gissant le mode de gestion de 2 nouveaux march\u00e9s \u00e0 Aska"},{"@type":"BreadcrumbList","@id":"https:\/\/www.africa-press.net\/djibouti\/politique\/quatrieme-assemblee-generale-ordinaire-du-conseil-regional-dali-sabieh-adoption-dun-arrete-regissant-le-mode-de-gestion-de-2-nouveaux-marches-a-aska#breadcrumb","itemListElement":[{"@type":"ListItem","position":1,"name":"Accueil","item":"https:\/\/www.africa-press.net\/djibouti\/"},{"@type":"ListItem","position":2,"name":"Quatri\u00e8me Assembl\u00e9e g\u00e9n\u00e9rale ordinaire du conseil r\u00e9gional d\u2019Ali-Sabieh Adoption d\u2019un arr\u00eat\u00e9 r\u00e9gissant le mode de gestion de 2 nouveaux march\u00e9s \u00e0 Aska"}]},{"@type":"WebSite","@id":"https:\/\/www.africa-press.net\/djibouti\/#website","url":"https:\/\/www.africa-press.net\/djibouti\/","name":"Djibouti","description":"Just another Africa News Agency Sites site","potentialAction":[{"@type":"SearchAction","target":{"@type":"EntryPoint","urlTemplate":"https:\/\/www.africa-press.net\/djibouti\/?s={search_term_string}"},"query-input":{"@type":"PropertyValueSpecification","valueRequired":true,"valueName":"search_term_string"}}],"inLanguage":"fr-FR"},{"@type":"Person","@id":"https:\/\/www.africa-press.net\/djibouti\/#\/schema\/person\/2b1cf3cd81a31e3cd26889ca66d677f1","name":"cfeditorfr"}]}},"_links":{"self":[{"href":"https:\/\/www.africa-press.net\/djibouti\/wp-json\/wp\/v2\/posts\/17371","targetHints":{"allow":["GET"]}}],"collection":[{"href":"https:\/\/www.africa-press.net\/djibouti\/wp-json\/wp\/v2\/posts"}],"about":[{"href":"https:\/\/www.africa-press.net\/djibouti\/wp-json\/wp\/v2\/types\/post"}],"author":[{"embeddable":true,"href":"https:\/\/www.africa-press.net\/djibouti\/wp-json\/wp\/v2\/users\/82"}],"replies":[{"embeddable":true,"href":"https:\/\/www.africa-press.net\/djibouti\/wp-json\/wp\/v2\/comments?post=17371"}],"version-history":[{"count":0,"href":"https:\/\/www.africa-press.net\/djibouti\/wp-json\/wp\/v2\/posts\/17371\/revisions"}],"wp:featuredmedia":[{"embeddable":true,"href":"https:\/\/www.africa-press.net\/djibouti\/wp-json\/wp\/v2\/media\/17370"}],"wp:attachment":[{"href":"https:\/\/www.africa-press.net\/djibouti\/wp-json\/wp\/v2\/media?parent=17371"}],"wp:term":[{"taxonomy":"category","embeddable":true,"href":"https:\/\/www.africa-press.net\/djibouti\/wp-json\/wp\/v2\/categories?post=17371"},{"taxonomy":"post_tag","embeddable":true,"href":"https:\/\/www.africa-press.net\/djibouti\/wp-json\/wp\/v2\/tags?post=17371"}],"curies":[{"name":"wp","href":"https:\/\/api.w.org\/{rel}","templated":true}]}}