{"id":17382,"date":"2023-09-04T16:15:24","date_gmt":"2023-09-04T16:15:24","guid":{"rendered":"https:\/\/www.africa-press.net\/djibouti\/politique\/commune-de-balbala-finale-du-tournoi-dete-aden-farah-samatar"},"modified":"2023-09-04T17:03:14","modified_gmt":"2023-09-04T17:03:14","slug":"commune-de-balbala-finale-du-tournoi-dete-aden-farah-samatar","status":"publish","type":"post","link":"https:\/\/www.africa-press.net\/djibouti\/sports\/commune-de-balbala-finale-du-tournoi-dete-aden-farah-samatar","title":{"rendered":"Commune de Balbala : Finale du tournoi d\u2019\u00e9t\u00e9 \u00ab ADEN FARAH SAMATAR \u00bb"},"content":{"rendered":"<p><span style=\"color: #ff6600\"><strong>Africa-Press &#8211; Djibouti. <\/strong><\/span>L\u2019association DANAB, en partenariat avec le ministe\u0300re de la Jeunesse et de la Culture et la Commune de Balbala, a clo\u0302ture\u0301 la premie\u0300re e\u0301dition du tournoi de football d\u2019e\u0301te\u0301 intitule\u0301 \u00abTournoi ADEN FARAH SAMATAR \u00bb, en hommage a\u0300 feu Aden Farah Samatar, grand auteur, compositeur, poe\u0300te et chanteur de\u0301ce\u0301de\u0301 en juillet 2023.<\/p>\n<p>En effet, la finale a eu lieu le samedi 2 septembre 2023 au terrain de Balbala. Etaient pre\u0301sents a\u0300 cette finale la ministre de la Jeunesse et de la Culture , Dr Hibo Moumin Assoweh, le ministre de la de\u0301centralisation, Kassim Haroun Ali, le pre\u0301sident de la commune de Balbala,<\/p>\n<p>M. Mohamed Hassan, le pre\u0301sident de la commune de Boulaos, M. Abdoulkader Iman, les de\u0301pute\u0301s de la commune de Balbala, le fre\u0300re du de\u0301funt, M. Ali Farah Samatar, le pre\u0301sident de la FDF, M.Souleiman Waberi, et enfin les hauts cadres du MJC. Le tournoi a regroupe\u0301 16 e\u0301quipes compose\u0301es de jeunes de 18 a\u0300 23 ans issus de tous les quartiers de la commune de Balbala et avait pour objectif d\u2019e\u0301panouir les jeunes en pe\u0301riode de vacances et aussi de lutter contre la de\u0301linquance juve\u0301nile et l\u2019oisivete\u0301.<\/p>\n<p>La finale a oppose\u0301 l\u2019e\u0301quipe Cheick-Moussa et l\u2019e\u0301quipe Bahache. L\u2019e\u0301quipe Cheik Moussa l\u2019a emporte\u0301 avec un score de 1 a\u0300 0.<\/p>\n\r\n                <style type=\"text\/css\">\r\n                    \r\n                    #td_uid_1_69efa2ab4ffe7  .td-doubleSlider-2 .td-item1 {\r\n                        background: url(https:\/\/static.africa-press.net\/djibouti\/sites\/52\/2023\/09\/sm_1693834287.819099-80x60.jpg) 0 0 no-repeat;\r\n                    }\r\n                    #td_uid_1_69efa2ab4ffe7  .td-doubleSlider-2 .td-item2 {\r\n                        background: url(https:\/\/static.africa-press.net\/djibouti\/sites\/52\/2023\/09\/sm_1693834304.781511-80x60.jpg) 0 0 no-repeat;\r\n                    }\r\n                    #td_uid_1_69efa2ab4ffe7  .td-doubleSlider-2 .td-item3 {\r\n                        background: url(https:\/\/static.africa-press.net\/djibouti\/sites\/52\/2023\/09\/sm_1693834319.811078-80x60.jpg) 0 0 no-repeat;\r\n                    }\r\n                <\/style>\r\n\r\n                <div id=\"td_uid_1_69efa2ab4ffe7\" class=\"td-gallery td-slide-on-2-columns\">\r\n                    <div class=\"post_td_gallery\">\r\n                        <div class=\"td-gallery-slide-top\">\r\n                           <div class=\"td-gallery-title\"><\/div>\r\n\r\n                            <div class=\"td-gallery-controls-wrapper\">\r\n                                <div class=\"td-gallery-slide-count\"><span class=\"td-gallery-slide-item-focus\">1<\/span> de 3<\/div>\r\n                                <div class=\"td-gallery-slide-prev-next-but\">\r\n                                    <i class = \"td-icon-left doubleSliderPrevButton\"><\/i>\r\n                                    <i class = \"td-icon-right doubleSliderNextButton\"><\/i>\r\n                                <\/div>\r\n                            <\/div>\r\n                        <\/div>\r\n\r\n                        <div class = \"td-doubleSlider-1 \">\r\n                            <div class = \"td-slider\">\r\n                                \r\n                    <div class = \"td-slide-item td-item1\">\r\n                        <figure class=\"td-slide-galery-figure td-slide-popup-gallery\">\r\n                            <a class=\"slide-gallery-image-link\" href=\"https:\/\/static.africa-press.net\/djibouti\/sites\/52\/2023\/09\/sm_1693834287.819099.jpg\" title=\"sm_1693834287.819099\"  data-caption=\"\"  data-description=\"\">\r\n                                <img decoding=\"async\" src=\"https:\/\/static.africa-press.net\/djibouti\/sites\/52\/2023\/09\/sm_1693834287.819099.jpg\" srcset=\"https:\/\/static.africa-press.net\/djibouti\/sites\/52\/2023\/09\/sm_1693834287.819099.jpg 1024w, https:\/\/static.africa-press.net\/djibouti\/sites\/52\/2023\/09\/sm_1693834287.819099-300x200.jpg 300w, https:\/\/static.africa-press.net\/djibouti\/sites\/52\/2023\/09\/sm_1693834287.819099-768x512.jpg 768w\" sizes=\"(max-width: 1024px) 100vw, 1024px\" alt=\"\">\r\n                            <\/a>\r\n                            \r\n                        <\/figure>\r\n                    <\/div>\r\n                    <div class = \"td-slide-item td-item2\">\r\n                        <figure class=\"td-slide-galery-figure td-slide-popup-gallery\">\r\n                            <a class=\"slide-gallery-image-link\" href=\"https:\/\/static.africa-press.net\/djibouti\/sites\/52\/2023\/09\/sm_1693834304.781511.jpg\" title=\"sm_1693834304.781511\"  data-caption=\"\"  data-description=\"\">\r\n                                <img decoding=\"async\" src=\"https:\/\/static.africa-press.net\/djibouti\/sites\/52\/2023\/09\/sm_1693834304.781511.jpg\" srcset=\"https:\/\/static.africa-press.net\/djibouti\/sites\/52\/2023\/09\/sm_1693834304.781511.jpg 1024w, https:\/\/static.africa-press.net\/djibouti\/sites\/52\/2023\/09\/sm_1693834304.781511-300x200.jpg 300w, https:\/\/static.africa-press.net\/djibouti\/sites\/52\/2023\/09\/sm_1693834304.781511-768x512.jpg 768w\" sizes=\"(max-width: 1024px) 100vw, 1024px\" alt=\"\">\r\n                            <\/a>\r\n                            \r\n                        <\/figure>\r\n                    <\/div>\r\n                    <div class = \"td-slide-item td-item3\">\r\n                        <figure class=\"td-slide-galery-figure td-slide-popup-gallery\">\r\n                            <a class=\"slide-gallery-image-link\" href=\"https:\/\/static.africa-press.net\/djibouti\/sites\/52\/2023\/09\/sm_1693834319.811078.jpg\" title=\"sm_1693834319.811078\"  data-caption=\"\"  data-description=\"\">\r\n                                <img decoding=\"async\" src=\"https:\/\/static.africa-press.net\/djibouti\/sites\/52\/2023\/09\/sm_1693834319.811078.jpg\" srcset=\"https:\/\/static.africa-press.net\/djibouti\/sites\/52\/2023\/09\/sm_1693834319.811078.jpg 1024w, https:\/\/static.africa-press.net\/djibouti\/sites\/52\/2023\/09\/sm_1693834319.811078-300x200.jpg 300w, https:\/\/static.africa-press.net\/djibouti\/sites\/52\/2023\/09\/sm_1693834319.811078-768x512.jpg 768w\" sizes=\"(max-width: 1024px) 100vw, 1024px\" alt=\"\">\r\n                            <\/a>\r\n                            \r\n                        <\/figure>\r\n                    <\/div>\r\n                            <\/div>\r\n                        <\/div>\r\n\r\n                        <div class = \"td-doubleSlider-2\">\r\n                            <div class = \"td-slider\">\r\n                                \r\n                    <div class = \"td-button td-item1\">\r\n                        <div class = \"td-border\"><\/div>\r\n                    <\/div>\r\n                    <div class = \"td-button td-item2\">\r\n                        <div class = \"td-border\"><\/div>\r\n                    <\/div>\r\n                    <div class = \"td-button td-item3\">\r\n                        <div class = \"td-border\"><\/div>\r\n                    <\/div>\r\n                            <\/div>\r\n                        <\/div>\r\n\r\n                    <\/div>\r\n\r\n                <\/div>\r\n                \n<p><strong>Pour plus d&rsquo;informations et d&rsquo;analyses sur la <a href=\"https:\/\/www.africa-press.net\/djibouti\">Djibouti<\/a>, suivez <a href=\"https:\/\/www.africa-press.net\/\">Africa-Press<\/a><\/strong><\/p>\n","protected":false},"excerpt":{"rendered":"<p>Africa-Press &#8211; Djibouti. L\u2019association DANAB, en partenariat avec le ministe\u0300re de la Jeunesse et de la Culture et la Commune de Balbala, a clo\u0302ture\u0301 la premie\u0300re e\u0301dition du tournoi de football d\u2019e\u0301te\u0301 intitule\u0301 \u00abTournoi ADEN FARAH SAMATAR \u00bb, en hommage a\u0300 feu Aden Farah Samatar, grand auteur, compositeur, poe\u0300te et chanteur de\u0301ce\u0301de\u0301 en juillet 2023. [&hellip;]<\/p>\n","protected":false},"author":82,"featured_media":17381,"comment_status":"open","ping_status":"closed","sticky":false,"template":"","format":"standard","meta":{"footnotes":""},"categories":[8,6,10],"tags":[36,49,50],"class_list":["post-17382","post","type-post","status-publish","format-standard","has-post-thumbnail","hentry","category-photo","category-sports","category-toutes-les-actualites","tag-africa-press","tag-africa-press-djibouti","tag-djibouti"],"yoast_head":"<!-- This site is optimized with the Yoast SEO Premium plugin v26.1 (Yoast SEO v27.0) - https:\/\/yoast.com\/product\/yoast-seo-premium-wordpress\/ -->\n<title>Commune de Balbala : Finale du tournoi d\u2019\u00e9t\u00e9 \u00ab ADEN FARAH SAMATAR \u00bb - Djibouti<\/title>\n<meta name=\"description\" content=\"L\u2019association DANAB, en partenariat avec le ministe\u0300re de la Jeunesse et de la Culture et la Commune de Balbala, a clo\u0302t ...\" \/>\n<meta name=\"robots\" content=\"index, follow, max-snippet:-1, max-image-preview:large, max-video-preview:-1\" \/>\n<link rel=\"canonical\" href=\"https:\/\/www.africa-press.net\/djibouti\/sports\/commune-de-balbala-finale-du-tournoi-dete-aden-farah-samatar\" \/>\n<meta property=\"og:locale\" content=\"fr_FR\" \/>\n<meta property=\"og:type\" content=\"article\" \/>\n<meta property=\"og:title\" content=\"Commune de Balbala : Finale du tournoi d\u2019\u00e9t\u00e9 \u00ab ADEN FARAH SAMATAR \u00bb\" \/>\n<meta property=\"og:description\" content=\"L\u2019association DANAB, en partenariat avec le ministe\u0300re de la Jeunesse et de la Culture et la Commune de Balbala, a clo\u0302t ...\" \/>\n<meta property=\"og:url\" content=\"https:\/\/www.africa-press.net\/djibouti\/sports\/commune-de-balbala-finale-du-tournoi-dete-aden-farah-samatar\" \/>\n<meta property=\"og:site_name\" content=\"Djibouti\" \/>\n<meta property=\"article:published_time\" content=\"2023-09-04T16:15:24+00:00\" \/>\n<meta property=\"article:modified_time\" content=\"2023-09-04T17:03:14+00:00\" \/>\n<meta property=\"og:image\" content=\"https:\/\/static.africa-press.net\/djibouti\/sites\/52\/2023\/09\/sm_1693834341.321368.jpg\" \/>\n\t<meta property=\"og:image:width\" content=\"720\" \/>\n\t<meta property=\"og:image:height\" content=\"480\" \/>\n\t<meta property=\"og:image:type\" content=\"image\/jpeg\" \/>\n<meta name=\"author\" content=\"cfeditorfr\" \/>\n<meta name=\"twitter:card\" content=\"summary_large_image\" \/>\n<meta name=\"twitter:label1\" content=\"\u00c9crit par\" \/>\n\t<meta name=\"twitter:data1\" content=\"cfeditorfr\" \/>\n\t<meta name=\"twitter:label2\" content=\"Dur\u00e9e de lecture estim\u00e9e\" \/>\n\t<meta name=\"twitter:data2\" content=\"2 minutes\" \/>\n<script type=\"application\/ld+json\" class=\"yoast-schema-graph\">{\"@context\":\"https:\/\/schema.org\",\"@graph\":[{\"@type\":\"Article\",\"@id\":\"https:\/\/www.africa-press.net\/djibouti\/sports\/commune-de-balbala-finale-du-tournoi-dete-aden-farah-samatar#article\",\"isPartOf\":{\"@id\":\"https:\/\/www.africa-press.net\/djibouti\/sports\/commune-de-balbala-finale-du-tournoi-dete-aden-farah-samatar\"},\"author\":{\"name\":\"cfeditorfr\",\"@id\":\"https:\/\/www.africa-press.net\/djibouti\/#\/schema\/person\/2b1cf3cd81a31e3cd26889ca66d677f1\"},\"headline\":\"Commune de Balbala : Finale du tournoi d\u2019\u00e9t\u00e9 \u00ab ADEN FARAH SAMATAR \u00bb\",\"datePublished\":\"2023-09-04T16:15:24+00:00\",\"dateModified\":\"2023-09-04T17:03:14+00:00\",\"mainEntityOfPage\":{\"@id\":\"https:\/\/www.africa-press.net\/djibouti\/sports\/commune-de-balbala-finale-du-tournoi-dete-aden-farah-samatar\"},\"wordCount\":271,\"commentCount\":0,\"image\":{\"@id\":\"https:\/\/www.africa-press.net\/djibouti\/sports\/commune-de-balbala-finale-du-tournoi-dete-aden-farah-samatar#primaryimage\"},\"thumbnailUrl\":\"https:\/\/static.africa-press.net\/djibouti\/sites\/52\/2023\/09\/sm_1693834341.321368.jpg\",\"keywords\":[\"Africa Press\",\"Africa Press-Djibouti\",\"Djibouti\"],\"articleSection\":[\"Photo\",\"Sports\",\"Toutes les actualit\u00e9s\"],\"inLanguage\":\"fr-FR\",\"potentialAction\":[{\"@type\":\"CommentAction\",\"name\":\"Comment\",\"target\":[\"https:\/\/www.africa-press.net\/djibouti\/sports\/commune-de-balbala-finale-du-tournoi-dete-aden-farah-samatar#respond\"]}]},{\"@type\":\"WebPage\",\"@id\":\"https:\/\/www.africa-press.net\/djibouti\/sports\/commune-de-balbala-finale-du-tournoi-dete-aden-farah-samatar\",\"url\":\"https:\/\/www.africa-press.net\/djibouti\/sports\/commune-de-balbala-finale-du-tournoi-dete-aden-farah-samatar\",\"name\":\"Commune de Balbala : Finale du tournoi d\u2019\u00e9t\u00e9 \u00ab ADEN FARAH SAMATAR \u00bb - Djibouti\",\"isPartOf\":{\"@id\":\"https:\/\/www.africa-press.net\/djibouti\/#website\"},\"primaryImageOfPage\":{\"@id\":\"https:\/\/www.africa-press.net\/djibouti\/sports\/commune-de-balbala-finale-du-tournoi-dete-aden-farah-samatar#primaryimage\"},\"image\":{\"@id\":\"https:\/\/www.africa-press.net\/djibouti\/sports\/commune-de-balbala-finale-du-tournoi-dete-aden-farah-samatar#primaryimage\"},\"thumbnailUrl\":\"https:\/\/static.africa-press.net\/djibouti\/sites\/52\/2023\/09\/sm_1693834341.321368.jpg\",\"datePublished\":\"2023-09-04T16:15:24+00:00\",\"dateModified\":\"2023-09-04T17:03:14+00:00\",\"author\":{\"@id\":\"https:\/\/www.africa-press.net\/djibouti\/#\/schema\/person\/2b1cf3cd81a31e3cd26889ca66d677f1\"},\"description\":\"L\u2019association DANAB, en partenariat avec le ministe\u0300re de la Jeunesse et de la Culture et la Commune de Balbala, a clo\u0302t ...\",\"breadcrumb\":{\"@id\":\"https:\/\/www.africa-press.net\/djibouti\/sports\/commune-de-balbala-finale-du-tournoi-dete-aden-farah-samatar#breadcrumb\"},\"inLanguage\":\"fr-FR\",\"potentialAction\":[{\"@type\":\"ReadAction\",\"target\":[\"https:\/\/www.africa-press.net\/djibouti\/sports\/commune-de-balbala-finale-du-tournoi-dete-aden-farah-samatar\"]}]},{\"@type\":\"ImageObject\",\"inLanguage\":\"fr-FR\",\"@id\":\"https:\/\/www.africa-press.net\/djibouti\/sports\/commune-de-balbala-finale-du-tournoi-dete-aden-farah-samatar#primaryimage\",\"url\":\"https:\/\/static.africa-press.net\/djibouti\/sites\/52\/2023\/09\/sm_1693834341.321368.jpg\",\"contentUrl\":\"https:\/\/static.africa-press.net\/djibouti\/sites\/52\/2023\/09\/sm_1693834341.321368.jpg\",\"width\":720,\"height\":480,\"caption\":\"Commune de Balbala : Finale du tournoi d\u2019\u00e9t\u00e9 \u00ab ADEN FARAH SAMATAR \u00bb\"},{\"@type\":\"BreadcrumbList\",\"@id\":\"https:\/\/www.africa-press.net\/djibouti\/sports\/commune-de-balbala-finale-du-tournoi-dete-aden-farah-samatar#breadcrumb\",\"itemListElement\":[{\"@type\":\"ListItem\",\"position\":1,\"name\":\"Accueil\",\"item\":\"https:\/\/www.africa-press.net\/djibouti\/\"},{\"@type\":\"ListItem\",\"position\":2,\"name\":\"Commune de Balbala : Finale du tournoi d\u2019\u00e9t\u00e9 \u00ab ADEN FARAH SAMATAR \u00bb\"}]},{\"@type\":\"WebSite\",\"@id\":\"https:\/\/www.africa-press.net\/djibouti\/#website\",\"url\":\"https:\/\/www.africa-press.net\/djibouti\/\",\"name\":\"Djibouti\",\"description\":\"Just another Africa News Agency Sites site\",\"potentialAction\":[{\"@type\":\"SearchAction\",\"target\":{\"@type\":\"EntryPoint\",\"urlTemplate\":\"https:\/\/www.africa-press.net\/djibouti\/?s={search_term_string}\"},\"query-input\":{\"@type\":\"PropertyValueSpecification\",\"valueRequired\":true,\"valueName\":\"search_term_string\"}}],\"inLanguage\":\"fr-FR\"},{\"@type\":\"Person\",\"@id\":\"https:\/\/www.africa-press.net\/djibouti\/#\/schema\/person\/2b1cf3cd81a31e3cd26889ca66d677f1\",\"name\":\"cfeditorfr\"}]}<\/script>\n<!-- \/ Yoast SEO Premium plugin. -->","yoast_head_json":{"title":"Commune de Balbala : Finale du tournoi d\u2019\u00e9t\u00e9 \u00ab ADEN FARAH SAMATAR \u00bb - Djibouti","description":"L\u2019association DANAB, en partenariat avec le ministe\u0300re de la Jeunesse et de la Culture et la Commune de Balbala, a clo\u0302t ...","robots":{"index":"index","follow":"follow","max-snippet":"max-snippet:-1","max-image-preview":"max-image-preview:large","max-video-preview":"max-video-preview:-1"},"canonical":"https:\/\/www.africa-press.net\/djibouti\/sports\/commune-de-balbala-finale-du-tournoi-dete-aden-farah-samatar","og_locale":"fr_FR","og_type":"article","og_title":"Commune de Balbala : Finale du tournoi d\u2019\u00e9t\u00e9 \u00ab ADEN FARAH SAMATAR \u00bb","og_description":"L\u2019association DANAB, en partenariat avec le ministe\u0300re de la Jeunesse et de la Culture et la Commune de Balbala, a clo\u0302t ...","og_url":"https:\/\/www.africa-press.net\/djibouti\/sports\/commune-de-balbala-finale-du-tournoi-dete-aden-farah-samatar","og_site_name":"Djibouti","article_published_time":"2023-09-04T16:15:24+00:00","article_modified_time":"2023-09-04T17:03:14+00:00","og_image":[{"width":720,"height":480,"url":"https:\/\/static.africa-press.net\/djibouti\/sites\/52\/2023\/09\/sm_1693834341.321368.jpg","type":"image\/jpeg"}],"author":"cfeditorfr","twitter_card":"summary_large_image","twitter_misc":{"\u00c9crit par":"cfeditorfr","Dur\u00e9e de lecture estim\u00e9e":"2 minutes"},"schema":{"@context":"https:\/\/schema.org","@graph":[{"@type":"Article","@id":"https:\/\/www.africa-press.net\/djibouti\/sports\/commune-de-balbala-finale-du-tournoi-dete-aden-farah-samatar#article","isPartOf":{"@id":"https:\/\/www.africa-press.net\/djibouti\/sports\/commune-de-balbala-finale-du-tournoi-dete-aden-farah-samatar"},"author":{"name":"cfeditorfr","@id":"https:\/\/www.africa-press.net\/djibouti\/#\/schema\/person\/2b1cf3cd81a31e3cd26889ca66d677f1"},"headline":"Commune de Balbala : Finale du tournoi d\u2019\u00e9t\u00e9 \u00ab ADEN FARAH SAMATAR \u00bb","datePublished":"2023-09-04T16:15:24+00:00","dateModified":"2023-09-04T17:03:14+00:00","mainEntityOfPage":{"@id":"https:\/\/www.africa-press.net\/djibouti\/sports\/commune-de-balbala-finale-du-tournoi-dete-aden-farah-samatar"},"wordCount":271,"commentCount":0,"image":{"@id":"https:\/\/www.africa-press.net\/djibouti\/sports\/commune-de-balbala-finale-du-tournoi-dete-aden-farah-samatar#primaryimage"},"thumbnailUrl":"https:\/\/static.africa-press.net\/djibouti\/sites\/52\/2023\/09\/sm_1693834341.321368.jpg","keywords":["Africa Press","Africa Press-Djibouti","Djibouti"],"articleSection":["Photo","Sports","Toutes les actualit\u00e9s"],"inLanguage":"fr-FR","potentialAction":[{"@type":"CommentAction","name":"Comment","target":["https:\/\/www.africa-press.net\/djibouti\/sports\/commune-de-balbala-finale-du-tournoi-dete-aden-farah-samatar#respond"]}]},{"@type":"WebPage","@id":"https:\/\/www.africa-press.net\/djibouti\/sports\/commune-de-balbala-finale-du-tournoi-dete-aden-farah-samatar","url":"https:\/\/www.africa-press.net\/djibouti\/sports\/commune-de-balbala-finale-du-tournoi-dete-aden-farah-samatar","name":"Commune de Balbala : Finale du tournoi d\u2019\u00e9t\u00e9 \u00ab ADEN FARAH SAMATAR \u00bb - Djibouti","isPartOf":{"@id":"https:\/\/www.africa-press.net\/djibouti\/#website"},"primaryImageOfPage":{"@id":"https:\/\/www.africa-press.net\/djibouti\/sports\/commune-de-balbala-finale-du-tournoi-dete-aden-farah-samatar#primaryimage"},"image":{"@id":"https:\/\/www.africa-press.net\/djibouti\/sports\/commune-de-balbala-finale-du-tournoi-dete-aden-farah-samatar#primaryimage"},"thumbnailUrl":"https:\/\/static.africa-press.net\/djibouti\/sites\/52\/2023\/09\/sm_1693834341.321368.jpg","datePublished":"2023-09-04T16:15:24+00:00","dateModified":"2023-09-04T17:03:14+00:00","author":{"@id":"https:\/\/www.africa-press.net\/djibouti\/#\/schema\/person\/2b1cf3cd81a31e3cd26889ca66d677f1"},"description":"L\u2019association DANAB, en partenariat avec le ministe\u0300re de la Jeunesse et de la Culture et la Commune de Balbala, a clo\u0302t ...","breadcrumb":{"@id":"https:\/\/www.africa-press.net\/djibouti\/sports\/commune-de-balbala-finale-du-tournoi-dete-aden-farah-samatar#breadcrumb"},"inLanguage":"fr-FR","potentialAction":[{"@type":"ReadAction","target":["https:\/\/www.africa-press.net\/djibouti\/sports\/commune-de-balbala-finale-du-tournoi-dete-aden-farah-samatar"]}]},{"@type":"ImageObject","inLanguage":"fr-FR","@id":"https:\/\/www.africa-press.net\/djibouti\/sports\/commune-de-balbala-finale-du-tournoi-dete-aden-farah-samatar#primaryimage","url":"https:\/\/static.africa-press.net\/djibouti\/sites\/52\/2023\/09\/sm_1693834341.321368.jpg","contentUrl":"https:\/\/static.africa-press.net\/djibouti\/sites\/52\/2023\/09\/sm_1693834341.321368.jpg","width":720,"height":480,"caption":"Commune de Balbala : Finale du tournoi d\u2019\u00e9t\u00e9 \u00ab ADEN FARAH SAMATAR \u00bb"},{"@type":"BreadcrumbList","@id":"https:\/\/www.africa-press.net\/djibouti\/sports\/commune-de-balbala-finale-du-tournoi-dete-aden-farah-samatar#breadcrumb","itemListElement":[{"@type":"ListItem","position":1,"name":"Accueil","item":"https:\/\/www.africa-press.net\/djibouti\/"},{"@type":"ListItem","position":2,"name":"Commune de Balbala : Finale du tournoi d\u2019\u00e9t\u00e9 \u00ab ADEN FARAH SAMATAR \u00bb"}]},{"@type":"WebSite","@id":"https:\/\/www.africa-press.net\/djibouti\/#website","url":"https:\/\/www.africa-press.net\/djibouti\/","name":"Djibouti","description":"Just another Africa News Agency Sites site","potentialAction":[{"@type":"SearchAction","target":{"@type":"EntryPoint","urlTemplate":"https:\/\/www.africa-press.net\/djibouti\/?s={search_term_string}"},"query-input":{"@type":"PropertyValueSpecification","valueRequired":true,"valueName":"search_term_string"}}],"inLanguage":"fr-FR"},{"@type":"Person","@id":"https:\/\/www.africa-press.net\/djibouti\/#\/schema\/person\/2b1cf3cd81a31e3cd26889ca66d677f1","name":"cfeditorfr"}]}},"_links":{"self":[{"href":"https:\/\/www.africa-press.net\/djibouti\/wp-json\/wp\/v2\/posts\/17382","targetHints":{"allow":["GET"]}}],"collection":[{"href":"https:\/\/www.africa-press.net\/djibouti\/wp-json\/wp\/v2\/posts"}],"about":[{"href":"https:\/\/www.africa-press.net\/djibouti\/wp-json\/wp\/v2\/types\/post"}],"author":[{"embeddable":true,"href":"https:\/\/www.africa-press.net\/djibouti\/wp-json\/wp\/v2\/users\/82"}],"replies":[{"embeddable":true,"href":"https:\/\/www.africa-press.net\/djibouti\/wp-json\/wp\/v2\/comments?post=17382"}],"version-history":[{"count":0,"href":"https:\/\/www.africa-press.net\/djibouti\/wp-json\/wp\/v2\/posts\/17382\/revisions"}],"wp:featuredmedia":[{"embeddable":true,"href":"https:\/\/www.africa-press.net\/djibouti\/wp-json\/wp\/v2\/media\/17381"}],"wp:attachment":[{"href":"https:\/\/www.africa-press.net\/djibouti\/wp-json\/wp\/v2\/media?parent=17382"}],"wp:term":[{"taxonomy":"category","embeddable":true,"href":"https:\/\/www.africa-press.net\/djibouti\/wp-json\/wp\/v2\/categories?post=17382"},{"taxonomy":"post_tag","embeddable":true,"href":"https:\/\/www.africa-press.net\/djibouti\/wp-json\/wp\/v2\/tags?post=17382"}],"curies":[{"name":"wp","href":"https:\/\/api.w.org\/{rel}","templated":true}]}}