{"id":17387,"date":"2023-09-04T16:15:48","date_gmt":"2023-09-04T16:15:48","guid":{"rendered":"https:\/\/www.africa-press.net\/djibouti\/politique\/garde-cotes-visite-de-courtoisie-du-commandant-de-la-force-navale-europeenne-atalante"},"modified":"2023-09-04T17:03:57","modified_gmt":"2023-09-04T17:03:57","slug":"garde-cotes-visite-de-courtoisie-du-commandant-de-la-force-navale-europeenne-atalante","status":"publish","type":"post","link":"https:\/\/www.africa-press.net\/djibouti\/politique\/garde-cotes-visite-de-courtoisie-du-commandant-de-la-force-navale-europeenne-atalante","title":{"rendered":"Garde-c\u00f4tes : visite de courtoisie du commandant de la force navale europ\u00e9enne ATALANTE"},"content":{"rendered":"<p><span style=\"color: #ff6600\"><strong>Africa-Press &#8211; Djibouti. <\/strong><\/span>Le mercredi 30 aou\u0302t 2023, le colonel Wais Omar Bogoreh, Commandant de la Garde-Co\u0302tes, a accueilli au salon d\u2019honneur de la Direction Ge\u0301ne\u0301rale de la Garde-Co\u0302tes Djiboutienne le contre-amiral Fabrizio Rutteri, commandant de la force navale europe\u0301enne ATALANTE, lors de sa visite de travail en re\u0301publique de Djibouti.La mission de la force ATALANTE, au sein de la force navale europe\u0301enne (EUNAVFOR), est de contrer les menaces de piraterie et de terrorisme maritime dans le Golfe d\u2019Aden et l\u2019Oce\u0301an Indien.<\/p>\n<p>A\u0300 cette occasion, le colonel Wais Omar Bogoreh a pre\u0301sente\u0301 les missions et les capacite\u0301s ope\u0301rationnelles de la Garde-Co\u0302tes Djiboutienne a\u0300 la de\u0301le\u0301gation. Cette pre\u0301sentation a engendre\u0301 une discussion approfondie au cours de laquelle les deux parties ont partage\u0301 leurs expe\u0301riences en matie\u0300re de se\u0301curite\u0301 maritime et ont explore\u0301 les opportunite\u0301s de renforcer la coope\u0301ration entre leurs institutions respectives.<\/p>\n<p>Le contre-amiral Fabrizio Rutteri a souligne\u0301 l\u2019importance cruciale du ro\u0302le de la Garde-Co\u0302tes Djiboutienne dans la se\u0301curite\u0301 et la su\u0302rete\u0301 maritimes de la re\u0301gion du Golfe d\u2019Aden et du de\u0301troit de Bab-el-Mandeb. Il a e\u0301galement salue\u0301 la remarquable progression de cette institution depuis sa cre\u0301ation.<\/p>\n<p>La visite s\u2019est conclue par un e\u0301change de cadeaux et une photo de groupe pour marquer cette visite me\u0301morable.<\/p>\n\r\n                <style type=\"text\/css\">\r\n                    \r\n                    #td_uid_1_69efa2acb8475  .td-doubleSlider-2 .td-item1 {\r\n                        background: url(https:\/\/static.africa-press.net\/djibouti\/sites\/52\/2023\/09\/sm_1693834379.793934-80x60.jpg) 0 0 no-repeat;\r\n                    }\r\n                    #td_uid_1_69efa2acb8475  .td-doubleSlider-2 .td-item2 {\r\n                        background: url(https:\/\/static.africa-press.net\/djibouti\/sites\/52\/2023\/09\/sm_1693834396.40657-80x60.jpg) 0 0 no-repeat;\r\n                    }\r\n                <\/style>\r\n\r\n                <div id=\"td_uid_1_69efa2acb8475\" class=\"td-gallery td-slide-on-2-columns\">\r\n                    <div class=\"post_td_gallery\">\r\n                        <div class=\"td-gallery-slide-top\">\r\n                           <div class=\"td-gallery-title\"><\/div>\r\n\r\n                            <div class=\"td-gallery-controls-wrapper\">\r\n                                <div class=\"td-gallery-slide-count\"><span class=\"td-gallery-slide-item-focus\">1<\/span> de 2<\/div>\r\n                                <div class=\"td-gallery-slide-prev-next-but\">\r\n                                    <i class = \"td-icon-left doubleSliderPrevButton\"><\/i>\r\n                                    <i class = \"td-icon-right doubleSliderNextButton\"><\/i>\r\n                                <\/div>\r\n                            <\/div>\r\n                        <\/div>\r\n\r\n                        <div class = \"td-doubleSlider-1 \">\r\n                            <div class = \"td-slider\">\r\n                                \r\n                    <div class = \"td-slide-item td-item1\">\r\n                        <figure class=\"td-slide-galery-figure td-slide-popup-gallery\">\r\n                            <a class=\"slide-gallery-image-link\" href=\"https:\/\/static.africa-press.net\/djibouti\/sites\/52\/2023\/09\/sm_1693834379.793934.jpg\" title=\"sm_1693834379.793934\"  data-caption=\"\"  data-description=\"\">\r\n                                <img decoding=\"async\" src=\"https:\/\/static.africa-press.net\/djibouti\/sites\/52\/2023\/09\/sm_1693834379.793934.jpg\" srcset=\"https:\/\/static.africa-press.net\/djibouti\/sites\/52\/2023\/09\/sm_1693834379.793934.jpg 1024w, https:\/\/static.africa-press.net\/djibouti\/sites\/52\/2023\/09\/sm_1693834379.793934-300x212.jpg 300w, https:\/\/static.africa-press.net\/djibouti\/sites\/52\/2023\/09\/sm_1693834379.793934-768x542.jpg 768w, https:\/\/static.africa-press.net\/djibouti\/sites\/52\/2023\/09\/sm_1693834379.793934-100x70.jpg 100w\" sizes=\"(max-width: 1024px) 100vw, 1024px\" alt=\"\">\r\n                            <\/a>\r\n                            \r\n                        <\/figure>\r\n                    <\/div>\r\n                    <div class = \"td-slide-item td-item2\">\r\n                        <figure class=\"td-slide-galery-figure td-slide-popup-gallery\">\r\n                            <a class=\"slide-gallery-image-link\" href=\"https:\/\/static.africa-press.net\/djibouti\/sites\/52\/2023\/09\/sm_1693834396.40657.jpg\" title=\"sm_1693834396.40657\"  data-caption=\"\"  data-description=\"\">\r\n                                <img decoding=\"async\" src=\"https:\/\/static.africa-press.net\/djibouti\/sites\/52\/2023\/09\/sm_1693834396.40657.jpg\" srcset=\"https:\/\/static.africa-press.net\/djibouti\/sites\/52\/2023\/09\/sm_1693834396.40657.jpg 696w, https:\/\/static.africa-press.net\/djibouti\/sites\/52\/2023\/09\/sm_1693834396.40657-300x200.jpg 300w\" sizes=\"(max-width: 696px) 100vw, 696px\" alt=\"\">\r\n                            <\/a>\r\n                            \r\n                        <\/figure>\r\n                    <\/div>\r\n                            <\/div>\r\n                        <\/div>\r\n\r\n                        <div class = \"td-doubleSlider-2\">\r\n                            <div class = \"td-slider\">\r\n                                \r\n                    <div class = \"td-button td-item1\">\r\n                        <div class = \"td-border\"><\/div>\r\n                    <\/div>\r\n                    <div class = \"td-button td-item2\">\r\n                        <div class = \"td-border\"><\/div>\r\n                    <\/div>\r\n                            <\/div>\r\n                        <\/div>\r\n\r\n                    <\/div>\r\n\r\n                <\/div>\r\n                \n<p><strong>Pour plus d&rsquo;informations et d&rsquo;analyses sur la <a href=\"https:\/\/www.africa-press.net\/djibouti\">Djibouti<\/a>, suivez <a href=\"https:\/\/www.africa-press.net\/\">Africa-Press<\/a><\/strong><\/p>\n","protected":false},"excerpt":{"rendered":"<p>Africa-Press &#8211; Djibouti. Le mercredi 30 aou\u0302t 2023, le colonel Wais Omar Bogoreh, Commandant de la Garde-Co\u0302tes, a accueilli au salon d\u2019honneur de la Direction Ge\u0301ne\u0301rale de la Garde-Co\u0302tes Djiboutienne le contre-amiral Fabrizio Rutteri, commandant de la force navale europe\u0301enne ATALANTE, lors de sa visite de travail en re\u0301publique de Djibouti.La mission de la force [&hellip;]<\/p>\n","protected":false},"author":82,"featured_media":17386,"comment_status":"open","ping_status":"closed","sticky":false,"template":"","format":"standard","meta":{"footnotes":""},"categories":[8,2,10],"tags":[36,49,50],"class_list":["post-17387","post","type-post","status-publish","format-standard","has-post-thumbnail","hentry","category-photo","category-politique","category-toutes-les-actualites","tag-africa-press","tag-africa-press-djibouti","tag-djibouti"],"yoast_head":"<!-- This site is optimized with the Yoast SEO Premium plugin v26.1 (Yoast SEO v27.0) - https:\/\/yoast.com\/product\/yoast-seo-premium-wordpress\/ -->\n<title>Garde-c\u00f4tes : visite de courtoisie du commandant de la force navale europ\u00e9enne ATALANTE - Djibouti<\/title>\n<meta name=\"description\" content=\"Le mercredi 30 aou\u0302t 2023, le colonel Wais Omar Bogoreh, Commandant de la Garde-Co\u0302tes, a accueilli au salon d\u2019honneur d ...\" \/>\n<meta name=\"robots\" content=\"index, follow, max-snippet:-1, max-image-preview:large, max-video-preview:-1\" \/>\n<link rel=\"canonical\" href=\"https:\/\/www.africa-press.net\/djibouti\/politique\/garde-cotes-visite-de-courtoisie-du-commandant-de-la-force-navale-europeenne-atalante\" \/>\n<meta property=\"og:locale\" content=\"fr_FR\" \/>\n<meta property=\"og:type\" content=\"article\" \/>\n<meta property=\"og:title\" content=\"Garde-c\u00f4tes : visite de courtoisie du commandant de la force navale europ\u00e9enne ATALANTE\" \/>\n<meta property=\"og:description\" content=\"Le mercredi 30 aou\u0302t 2023, le colonel Wais Omar Bogoreh, Commandant de la Garde-Co\u0302tes, a accueilli au salon d\u2019honneur d ...\" \/>\n<meta property=\"og:url\" content=\"https:\/\/www.africa-press.net\/djibouti\/politique\/garde-cotes-visite-de-courtoisie-du-commandant-de-la-force-navale-europeenne-atalante\" \/>\n<meta property=\"og:site_name\" content=\"Djibouti\" \/>\n<meta property=\"article:published_time\" content=\"2023-09-04T16:15:48+00:00\" \/>\n<meta property=\"article:modified_time\" content=\"2023-09-04T17:03:57+00:00\" \/>\n<meta property=\"og:image\" content=\"https:\/\/static.africa-press.net\/djibouti\/sites\/52\/2023\/09\/sm_1693834406.180918.jpg\" \/>\n\t<meta property=\"og:image:width\" content=\"720\" \/>\n\t<meta property=\"og:image:height\" content=\"480\" \/>\n\t<meta property=\"og:image:type\" content=\"image\/jpeg\" \/>\n<meta name=\"author\" content=\"cfeditorfr\" \/>\n<meta name=\"twitter:card\" content=\"summary_large_image\" \/>\n<meta name=\"twitter:label1\" content=\"\u00c9crit par\" \/>\n\t<meta name=\"twitter:data1\" content=\"cfeditorfr\" \/>\n\t<meta name=\"twitter:label2\" content=\"Dur\u00e9e de lecture estim\u00e9e\" \/>\n\t<meta name=\"twitter:data2\" content=\"2 minutes\" \/>\n<script type=\"application\/ld+json\" class=\"yoast-schema-graph\">{\"@context\":\"https:\/\/schema.org\",\"@graph\":[{\"@type\":\"Article\",\"@id\":\"https:\/\/www.africa-press.net\/djibouti\/politique\/garde-cotes-visite-de-courtoisie-du-commandant-de-la-force-navale-europeenne-atalante#article\",\"isPartOf\":{\"@id\":\"https:\/\/www.africa-press.net\/djibouti\/politique\/garde-cotes-visite-de-courtoisie-du-commandant-de-la-force-navale-europeenne-atalante\"},\"author\":{\"name\":\"cfeditorfr\",\"@id\":\"https:\/\/www.africa-press.net\/djibouti\/#\/schema\/person\/2b1cf3cd81a31e3cd26889ca66d677f1\"},\"headline\":\"Garde-c\u00f4tes : visite de courtoisie du commandant de la force navale europ\u00e9enne ATALANTE\",\"datePublished\":\"2023-09-04T16:15:48+00:00\",\"dateModified\":\"2023-09-04T17:03:57+00:00\",\"mainEntityOfPage\":{\"@id\":\"https:\/\/www.africa-press.net\/djibouti\/politique\/garde-cotes-visite-de-courtoisie-du-commandant-de-la-force-navale-europeenne-atalante\"},\"wordCount\":277,\"commentCount\":0,\"image\":{\"@id\":\"https:\/\/www.africa-press.net\/djibouti\/politique\/garde-cotes-visite-de-courtoisie-du-commandant-de-la-force-navale-europeenne-atalante#primaryimage\"},\"thumbnailUrl\":\"https:\/\/static.africa-press.net\/djibouti\/sites\/52\/2023\/09\/sm_1693834406.180918.jpg\",\"keywords\":[\"Africa Press\",\"Africa Press-Djibouti\",\"Djibouti\"],\"articleSection\":[\"Photo\",\"Politique\",\"Toutes les actualit\u00e9s\"],\"inLanguage\":\"fr-FR\",\"potentialAction\":[{\"@type\":\"CommentAction\",\"name\":\"Comment\",\"target\":[\"https:\/\/www.africa-press.net\/djibouti\/politique\/garde-cotes-visite-de-courtoisie-du-commandant-de-la-force-navale-europeenne-atalante#respond\"]}]},{\"@type\":\"WebPage\",\"@id\":\"https:\/\/www.africa-press.net\/djibouti\/politique\/garde-cotes-visite-de-courtoisie-du-commandant-de-la-force-navale-europeenne-atalante\",\"url\":\"https:\/\/www.africa-press.net\/djibouti\/politique\/garde-cotes-visite-de-courtoisie-du-commandant-de-la-force-navale-europeenne-atalante\",\"name\":\"Garde-c\u00f4tes : visite de courtoisie du commandant de la force navale europ\u00e9enne ATALANTE - Djibouti\",\"isPartOf\":{\"@id\":\"https:\/\/www.africa-press.net\/djibouti\/#website\"},\"primaryImageOfPage\":{\"@id\":\"https:\/\/www.africa-press.net\/djibouti\/politique\/garde-cotes-visite-de-courtoisie-du-commandant-de-la-force-navale-europeenne-atalante#primaryimage\"},\"image\":{\"@id\":\"https:\/\/www.africa-press.net\/djibouti\/politique\/garde-cotes-visite-de-courtoisie-du-commandant-de-la-force-navale-europeenne-atalante#primaryimage\"},\"thumbnailUrl\":\"https:\/\/static.africa-press.net\/djibouti\/sites\/52\/2023\/09\/sm_1693834406.180918.jpg\",\"datePublished\":\"2023-09-04T16:15:48+00:00\",\"dateModified\":\"2023-09-04T17:03:57+00:00\",\"author\":{\"@id\":\"https:\/\/www.africa-press.net\/djibouti\/#\/schema\/person\/2b1cf3cd81a31e3cd26889ca66d677f1\"},\"description\":\"Le mercredi 30 aou\u0302t 2023, le colonel Wais Omar Bogoreh, Commandant de la Garde-Co\u0302tes, a accueilli au salon d\u2019honneur d ...\",\"breadcrumb\":{\"@id\":\"https:\/\/www.africa-press.net\/djibouti\/politique\/garde-cotes-visite-de-courtoisie-du-commandant-de-la-force-navale-europeenne-atalante#breadcrumb\"},\"inLanguage\":\"fr-FR\",\"potentialAction\":[{\"@type\":\"ReadAction\",\"target\":[\"https:\/\/www.africa-press.net\/djibouti\/politique\/garde-cotes-visite-de-courtoisie-du-commandant-de-la-force-navale-europeenne-atalante\"]}]},{\"@type\":\"ImageObject\",\"inLanguage\":\"fr-FR\",\"@id\":\"https:\/\/www.africa-press.net\/djibouti\/politique\/garde-cotes-visite-de-courtoisie-du-commandant-de-la-force-navale-europeenne-atalante#primaryimage\",\"url\":\"https:\/\/static.africa-press.net\/djibouti\/sites\/52\/2023\/09\/sm_1693834406.180918.jpg\",\"contentUrl\":\"https:\/\/static.africa-press.net\/djibouti\/sites\/52\/2023\/09\/sm_1693834406.180918.jpg\",\"width\":720,\"height\":480,\"caption\":\"Garde-c\u00f4tes : visite de courtoisie du commandant de la force navale europ\u00e9enne ATALANTE\"},{\"@type\":\"BreadcrumbList\",\"@id\":\"https:\/\/www.africa-press.net\/djibouti\/politique\/garde-cotes-visite-de-courtoisie-du-commandant-de-la-force-navale-europeenne-atalante#breadcrumb\",\"itemListElement\":[{\"@type\":\"ListItem\",\"position\":1,\"name\":\"Accueil\",\"item\":\"https:\/\/www.africa-press.net\/djibouti\/\"},{\"@type\":\"ListItem\",\"position\":2,\"name\":\"Garde-c\u00f4tes : visite de courtoisie du commandant de la force navale europ\u00e9enne ATALANTE\"}]},{\"@type\":\"WebSite\",\"@id\":\"https:\/\/www.africa-press.net\/djibouti\/#website\",\"url\":\"https:\/\/www.africa-press.net\/djibouti\/\",\"name\":\"Djibouti\",\"description\":\"Just another Africa News Agency Sites site\",\"potentialAction\":[{\"@type\":\"SearchAction\",\"target\":{\"@type\":\"EntryPoint\",\"urlTemplate\":\"https:\/\/www.africa-press.net\/djibouti\/?s={search_term_string}\"},\"query-input\":{\"@type\":\"PropertyValueSpecification\",\"valueRequired\":true,\"valueName\":\"search_term_string\"}}],\"inLanguage\":\"fr-FR\"},{\"@type\":\"Person\",\"@id\":\"https:\/\/www.africa-press.net\/djibouti\/#\/schema\/person\/2b1cf3cd81a31e3cd26889ca66d677f1\",\"name\":\"cfeditorfr\"}]}<\/script>\n<!-- \/ Yoast SEO Premium plugin. -->","yoast_head_json":{"title":"Garde-c\u00f4tes : visite de courtoisie du commandant de la force navale europ\u00e9enne ATALANTE - Djibouti","description":"Le mercredi 30 aou\u0302t 2023, le colonel Wais Omar Bogoreh, Commandant de la Garde-Co\u0302tes, a accueilli au salon d\u2019honneur d ...","robots":{"index":"index","follow":"follow","max-snippet":"max-snippet:-1","max-image-preview":"max-image-preview:large","max-video-preview":"max-video-preview:-1"},"canonical":"https:\/\/www.africa-press.net\/djibouti\/politique\/garde-cotes-visite-de-courtoisie-du-commandant-de-la-force-navale-europeenne-atalante","og_locale":"fr_FR","og_type":"article","og_title":"Garde-c\u00f4tes : visite de courtoisie du commandant de la force navale europ\u00e9enne ATALANTE","og_description":"Le mercredi 30 aou\u0302t 2023, le colonel Wais Omar Bogoreh, Commandant de la Garde-Co\u0302tes, a accueilli au salon d\u2019honneur d ...","og_url":"https:\/\/www.africa-press.net\/djibouti\/politique\/garde-cotes-visite-de-courtoisie-du-commandant-de-la-force-navale-europeenne-atalante","og_site_name":"Djibouti","article_published_time":"2023-09-04T16:15:48+00:00","article_modified_time":"2023-09-04T17:03:57+00:00","og_image":[{"width":720,"height":480,"url":"https:\/\/static.africa-press.net\/djibouti\/sites\/52\/2023\/09\/sm_1693834406.180918.jpg","type":"image\/jpeg"}],"author":"cfeditorfr","twitter_card":"summary_large_image","twitter_misc":{"\u00c9crit par":"cfeditorfr","Dur\u00e9e de lecture estim\u00e9e":"2 minutes"},"schema":{"@context":"https:\/\/schema.org","@graph":[{"@type":"Article","@id":"https:\/\/www.africa-press.net\/djibouti\/politique\/garde-cotes-visite-de-courtoisie-du-commandant-de-la-force-navale-europeenne-atalante#article","isPartOf":{"@id":"https:\/\/www.africa-press.net\/djibouti\/politique\/garde-cotes-visite-de-courtoisie-du-commandant-de-la-force-navale-europeenne-atalante"},"author":{"name":"cfeditorfr","@id":"https:\/\/www.africa-press.net\/djibouti\/#\/schema\/person\/2b1cf3cd81a31e3cd26889ca66d677f1"},"headline":"Garde-c\u00f4tes : visite de courtoisie du commandant de la force navale europ\u00e9enne ATALANTE","datePublished":"2023-09-04T16:15:48+00:00","dateModified":"2023-09-04T17:03:57+00:00","mainEntityOfPage":{"@id":"https:\/\/www.africa-press.net\/djibouti\/politique\/garde-cotes-visite-de-courtoisie-du-commandant-de-la-force-navale-europeenne-atalante"},"wordCount":277,"commentCount":0,"image":{"@id":"https:\/\/www.africa-press.net\/djibouti\/politique\/garde-cotes-visite-de-courtoisie-du-commandant-de-la-force-navale-europeenne-atalante#primaryimage"},"thumbnailUrl":"https:\/\/static.africa-press.net\/djibouti\/sites\/52\/2023\/09\/sm_1693834406.180918.jpg","keywords":["Africa Press","Africa Press-Djibouti","Djibouti"],"articleSection":["Photo","Politique","Toutes les actualit\u00e9s"],"inLanguage":"fr-FR","potentialAction":[{"@type":"CommentAction","name":"Comment","target":["https:\/\/www.africa-press.net\/djibouti\/politique\/garde-cotes-visite-de-courtoisie-du-commandant-de-la-force-navale-europeenne-atalante#respond"]}]},{"@type":"WebPage","@id":"https:\/\/www.africa-press.net\/djibouti\/politique\/garde-cotes-visite-de-courtoisie-du-commandant-de-la-force-navale-europeenne-atalante","url":"https:\/\/www.africa-press.net\/djibouti\/politique\/garde-cotes-visite-de-courtoisie-du-commandant-de-la-force-navale-europeenne-atalante","name":"Garde-c\u00f4tes : visite de courtoisie du commandant de la force navale europ\u00e9enne ATALANTE - Djibouti","isPartOf":{"@id":"https:\/\/www.africa-press.net\/djibouti\/#website"},"primaryImageOfPage":{"@id":"https:\/\/www.africa-press.net\/djibouti\/politique\/garde-cotes-visite-de-courtoisie-du-commandant-de-la-force-navale-europeenne-atalante#primaryimage"},"image":{"@id":"https:\/\/www.africa-press.net\/djibouti\/politique\/garde-cotes-visite-de-courtoisie-du-commandant-de-la-force-navale-europeenne-atalante#primaryimage"},"thumbnailUrl":"https:\/\/static.africa-press.net\/djibouti\/sites\/52\/2023\/09\/sm_1693834406.180918.jpg","datePublished":"2023-09-04T16:15:48+00:00","dateModified":"2023-09-04T17:03:57+00:00","author":{"@id":"https:\/\/www.africa-press.net\/djibouti\/#\/schema\/person\/2b1cf3cd81a31e3cd26889ca66d677f1"},"description":"Le mercredi 30 aou\u0302t 2023, le colonel Wais Omar Bogoreh, Commandant de la Garde-Co\u0302tes, a accueilli au salon d\u2019honneur d ...","breadcrumb":{"@id":"https:\/\/www.africa-press.net\/djibouti\/politique\/garde-cotes-visite-de-courtoisie-du-commandant-de-la-force-navale-europeenne-atalante#breadcrumb"},"inLanguage":"fr-FR","potentialAction":[{"@type":"ReadAction","target":["https:\/\/www.africa-press.net\/djibouti\/politique\/garde-cotes-visite-de-courtoisie-du-commandant-de-la-force-navale-europeenne-atalante"]}]},{"@type":"ImageObject","inLanguage":"fr-FR","@id":"https:\/\/www.africa-press.net\/djibouti\/politique\/garde-cotes-visite-de-courtoisie-du-commandant-de-la-force-navale-europeenne-atalante#primaryimage","url":"https:\/\/static.africa-press.net\/djibouti\/sites\/52\/2023\/09\/sm_1693834406.180918.jpg","contentUrl":"https:\/\/static.africa-press.net\/djibouti\/sites\/52\/2023\/09\/sm_1693834406.180918.jpg","width":720,"height":480,"caption":"Garde-c\u00f4tes : visite de courtoisie du commandant de la force navale europ\u00e9enne ATALANTE"},{"@type":"BreadcrumbList","@id":"https:\/\/www.africa-press.net\/djibouti\/politique\/garde-cotes-visite-de-courtoisie-du-commandant-de-la-force-navale-europeenne-atalante#breadcrumb","itemListElement":[{"@type":"ListItem","position":1,"name":"Accueil","item":"https:\/\/www.africa-press.net\/djibouti\/"},{"@type":"ListItem","position":2,"name":"Garde-c\u00f4tes : visite de courtoisie du commandant de la force navale europ\u00e9enne ATALANTE"}]},{"@type":"WebSite","@id":"https:\/\/www.africa-press.net\/djibouti\/#website","url":"https:\/\/www.africa-press.net\/djibouti\/","name":"Djibouti","description":"Just another Africa News Agency Sites site","potentialAction":[{"@type":"SearchAction","target":{"@type":"EntryPoint","urlTemplate":"https:\/\/www.africa-press.net\/djibouti\/?s={search_term_string}"},"query-input":{"@type":"PropertyValueSpecification","valueRequired":true,"valueName":"search_term_string"}}],"inLanguage":"fr-FR"},{"@type":"Person","@id":"https:\/\/www.africa-press.net\/djibouti\/#\/schema\/person\/2b1cf3cd81a31e3cd26889ca66d677f1","name":"cfeditorfr"}]}},"_links":{"self":[{"href":"https:\/\/www.africa-press.net\/djibouti\/wp-json\/wp\/v2\/posts\/17387","targetHints":{"allow":["GET"]}}],"collection":[{"href":"https:\/\/www.africa-press.net\/djibouti\/wp-json\/wp\/v2\/posts"}],"about":[{"href":"https:\/\/www.africa-press.net\/djibouti\/wp-json\/wp\/v2\/types\/post"}],"author":[{"embeddable":true,"href":"https:\/\/www.africa-press.net\/djibouti\/wp-json\/wp\/v2\/users\/82"}],"replies":[{"embeddable":true,"href":"https:\/\/www.africa-press.net\/djibouti\/wp-json\/wp\/v2\/comments?post=17387"}],"version-history":[{"count":0,"href":"https:\/\/www.africa-press.net\/djibouti\/wp-json\/wp\/v2\/posts\/17387\/revisions"}],"wp:featuredmedia":[{"embeddable":true,"href":"https:\/\/www.africa-press.net\/djibouti\/wp-json\/wp\/v2\/media\/17386"}],"wp:attachment":[{"href":"https:\/\/www.africa-press.net\/djibouti\/wp-json\/wp\/v2\/media?parent=17387"}],"wp:term":[{"taxonomy":"category","embeddable":true,"href":"https:\/\/www.africa-press.net\/djibouti\/wp-json\/wp\/v2\/categories?post=17387"},{"taxonomy":"post_tag","embeddable":true,"href":"https:\/\/www.africa-press.net\/djibouti\/wp-json\/wp\/v2\/tags?post=17387"}],"curies":[{"name":"wp","href":"https:\/\/api.w.org\/{rel}","templated":true}]}}