{"id":17392,"date":"2023-09-04T16:16:25","date_gmt":"2023-09-04T16:16:25","guid":{"rendered":"https:\/\/www.africa-press.net\/djibouti\/politique\/les-garde-cotes-sauvent-154-migrants-au-large-de-khor-angar"},"modified":"2023-09-04T17:04:43","modified_gmt":"2023-09-04T17:04:43","slug":"les-garde-cotes-sauvent-154-migrants-au-large-de-khor-angar","status":"publish","type":"post","link":"https:\/\/www.africa-press.net\/djibouti\/photo\/les-garde-cotes-sauvent-154-migrants-au-large-de-khor-angar","title":{"rendered":"Les Garde-C\u00f4tes sauvent 154 migrants au large de Khor-Angar"},"content":{"rendered":"<p><span style=\"color: #ff6600\"><strong>Africa-Press &#8211; Djibouti. <\/strong><\/span><b>Les unite\u0301s de surveillance du littoral Maritime de Khor Angar de la Garde-Co\u0302tes ont sauve\u0301 de la noyade le 29 aou\u0302t dernier cent cinquante-quatre migrants vulne\u0301rables, entasse\u0301s a\u0300 bord d\u2019une embarcation de type \u201cGalba\u201d, en situation de de\u0301tresse.<\/b><\/p>\n<p>Dans le cadre de la lutte contre le trafic humain,les unite\u0301s du Poste de Surveillance du Littoral Maritime de Khor Angar de la Garde-Co\u0302tes Djiboutienne, ont intercepte\u0301, au cours d\u2019une ope\u0301ration de routine mene\u0301e le mardi 29 aou\u0302t dernier pre\u0300s de l\u2019ile Hamra, une embarcation de type \u2018\u2018Galba\u2019\u2019 transportant a\u0300 son bord, 154 migrants, parmi lesquels 43 femmes.<\/p>\n<p>Les rescape\u0301s, majoritairement des Ethiopiens, tentaient de rejoindre les co\u0302tes arabiques lorsque leur embarcation commenc\u0327ait a\u0300 prendre l\u2019eau en pleine mer.<\/p>\n<p>L\u2019intervention rapide des unite\u0301s du poste de surveillance de Khor Angar de la Garde-Co\u0302tes a permis de sauver la vie de ces migrants qui e\u0301taient pie\u0301ge\u0301s dans des conditions pre\u0301caires en pleine mer. Les cent cinquante-quatre rescape\u0301s ont rec\u0327u une assistance humanitaire essentielle, permettant de re\u0301pondre a\u0300 leurs besoins imme\u0301diats, a\u0300 savoir de l\u2019eau et de la nourriture. Par la suite, les autorite\u0301s compe\u0301tentes ont pris en charge ces individus dans le but de faciliter leur retour vers leur pays d\u2019origine.<\/p>\n<p>Quant aux passeurs ye\u0301me\u0301nites responsables de cette tragique tentative, ils ont e\u0301te\u0301 appre\u0301hende\u0301s, ce qui te\u0301moigne de l\u2019engagement re\u0301solu des forces de se\u0301curite\u0301 a\u0300 lutter contre les re\u0301seaux criminels implique\u0301s dans le trafic humain en milieu maritime.<\/p>\n<p>Il est important de rappeler que chaque anne\u0301e, des milliers de migrants clandestins en provenance des pays limitrophes traversent le territoire de Djibouti et tentent de traverser le golfe d\u2019Aden dans des conditions extre\u0302mement dangereuses. Cette ope\u0301ration de sauvetage met en e\u0301vidence les de\u0301fis auxquels notre pays est confronte\u0301 en matie\u0300re de migration et souligne l\u2019importance de la coope\u0301ration internationale pour lutter contre ce fle\u0301au humanitaire.<\/p>\n<p><b>Rachid Bayleh<\/b><\/p>\n\r\n                <style type=\"text\/css\">\r\n                    \r\n                    #td_uid_1_69efa2abc4e85  .td-doubleSlider-2 .td-item1 {\r\n                        background: url(https:\/\/static.africa-press.net\/djibouti\/sites\/52\/2023\/09\/sm_1693834429.224823-80x60.jpg) 0 0 no-repeat;\r\n                    }\r\n                    #td_uid_1_69efa2abc4e85  .td-doubleSlider-2 .td-item2 {\r\n                        background: url(https:\/\/static.africa-press.net\/djibouti\/sites\/52\/2023\/09\/sm_1693834441.323631-80x60.jpg) 0 0 no-repeat;\r\n                    }\r\n                <\/style>\r\n\r\n                <div id=\"td_uid_1_69efa2abc4e85\" class=\"td-gallery td-slide-on-2-columns\">\r\n                    <div class=\"post_td_gallery\">\r\n                        <div class=\"td-gallery-slide-top\">\r\n                           <div class=\"td-gallery-title\"><\/div>\r\n\r\n                            <div class=\"td-gallery-controls-wrapper\">\r\n                                <div class=\"td-gallery-slide-count\"><span class=\"td-gallery-slide-item-focus\">1<\/span> de 2<\/div>\r\n                                <div class=\"td-gallery-slide-prev-next-but\">\r\n                                    <i class = \"td-icon-left doubleSliderPrevButton\"><\/i>\r\n                                    <i class = \"td-icon-right doubleSliderNextButton\"><\/i>\r\n                                <\/div>\r\n                            <\/div>\r\n                        <\/div>\r\n\r\n                        <div class = \"td-doubleSlider-1 \">\r\n                            <div class = \"td-slider\">\r\n                                \r\n                    <div class = \"td-slide-item td-item1\">\r\n                        <figure class=\"td-slide-galery-figure td-slide-popup-gallery\">\r\n                            <a class=\"slide-gallery-image-link\" href=\"https:\/\/static.africa-press.net\/djibouti\/sites\/52\/2023\/09\/sm_1693834429.224823.jpg\" title=\"sm_1693834429.224823\"  data-caption=\"\"  data-description=\"\">\r\n                                <img decoding=\"async\" src=\"https:\/\/static.africa-press.net\/djibouti\/sites\/52\/2023\/09\/sm_1693834429.224823.jpg\" srcset=\"https:\/\/static.africa-press.net\/djibouti\/sites\/52\/2023\/09\/sm_1693834429.224823.jpg 1024w, https:\/\/static.africa-press.net\/djibouti\/sites\/52\/2023\/09\/sm_1693834429.224823-300x135.jpg 300w, https:\/\/static.africa-press.net\/djibouti\/sites\/52\/2023\/09\/sm_1693834429.224823-768x345.jpg 768w\" sizes=\"(max-width: 1024px) 100vw, 1024px\" alt=\"\">\r\n                            <\/a>\r\n                            \r\n                        <\/figure>\r\n                    <\/div>\r\n                    <div class = \"td-slide-item td-item2\">\r\n                        <figure class=\"td-slide-galery-figure td-slide-popup-gallery\">\r\n                            <a class=\"slide-gallery-image-link\" href=\"https:\/\/static.africa-press.net\/djibouti\/sites\/52\/2023\/09\/sm_1693834441.323631.jpg\" title=\"sm_1693834441.323631\"  data-caption=\"\"  data-description=\"\">\r\n                                <img decoding=\"async\" src=\"https:\/\/static.africa-press.net\/djibouti\/sites\/52\/2023\/09\/sm_1693834441.323631.jpg\" srcset=\"https:\/\/static.africa-press.net\/djibouti\/sites\/52\/2023\/09\/sm_1693834441.323631.jpg 696w, https:\/\/static.africa-press.net\/djibouti\/sites\/52\/2023\/09\/sm_1693834441.323631-300x245.jpg 300w\" sizes=\"(max-width: 696px) 100vw, 696px\" alt=\"\">\r\n                            <\/a>\r\n                            \r\n                        <\/figure>\r\n                    <\/div>\r\n                            <\/div>\r\n                        <\/div>\r\n\r\n                        <div class = \"td-doubleSlider-2\">\r\n                            <div class = \"td-slider\">\r\n                                \r\n                    <div class = \"td-button td-item1\">\r\n                        <div class = \"td-border\"><\/div>\r\n                    <\/div>\r\n                    <div class = \"td-button td-item2\">\r\n                        <div class = \"td-border\"><\/div>\r\n                    <\/div>\r\n                            <\/div>\r\n                        <\/div>\r\n\r\n                    <\/div>\r\n\r\n                <\/div>\r\n                \n<p><strong>Pour plus d&rsquo;informations et d&rsquo;analyses sur la <a href=\"https:\/\/www.africa-press.net\/djibouti\">Djibouti<\/a>, suivez <a href=\"https:\/\/www.africa-press.net\/\">Africa-Press<\/a><\/strong><\/p>\n","protected":false},"excerpt":{"rendered":"<p>Africa-Press &#8211; Djibouti. Les unite\u0301s de surveillance du littoral Maritime de Khor Angar de la Garde-Co\u0302tes ont sauve\u0301 de la noyade le 29 aou\u0302t dernier cent cinquante-quatre migrants vulne\u0301rables, entasse\u0301s a\u0300 bord d\u2019une embarcation de type \u201cGalba\u201d, en situation de de\u0301tresse. Dans le cadre de la lutte contre le trafic humain,les unite\u0301s du Poste de [&hellip;]<\/p>\n","protected":false},"author":82,"featured_media":17391,"comment_status":"open","ping_status":"closed","sticky":false,"template":"","format":"standard","meta":{"footnotes":""},"categories":[21,8,10],"tags":[36,49,50],"class_list":["post-17392","post","type-post","status-publish","format-standard","has-post-thumbnail","hentry","category-communaute","category-photo","category-toutes-les-actualites","tag-africa-press","tag-africa-press-djibouti","tag-djibouti"],"yoast_head":"<!-- This site is optimized with the Yoast SEO Premium plugin v26.1 (Yoast SEO v27.0) - https:\/\/yoast.com\/product\/yoast-seo-premium-wordpress\/ -->\n<title>Les Garde-C\u00f4tes sauvent 154 migrants au large de Khor-Angar - Djibouti<\/title>\n<meta name=\"description\" content=\"Les unite\u0301s de surveillance du littoral Maritime de Khor Angar de la Garde-Co\u0302tes ont sauve\u0301 de la noyade le 29 aou\u0302t ...\" \/>\n<meta name=\"robots\" content=\"index, follow, max-snippet:-1, max-image-preview:large, max-video-preview:-1\" \/>\n<link rel=\"canonical\" href=\"https:\/\/www.africa-press.net\/djibouti\/photo\/les-garde-cotes-sauvent-154-migrants-au-large-de-khor-angar\" \/>\n<meta property=\"og:locale\" content=\"fr_FR\" \/>\n<meta property=\"og:type\" content=\"article\" \/>\n<meta property=\"og:title\" content=\"Les Garde-C\u00f4tes sauvent 154 migrants au large de Khor-Angar\" \/>\n<meta property=\"og:description\" content=\"Les unite\u0301s de surveillance du littoral Maritime de Khor Angar de la Garde-Co\u0302tes ont sauve\u0301 de la noyade le 29 aou\u0302t ...\" \/>\n<meta property=\"og:url\" content=\"https:\/\/www.africa-press.net\/djibouti\/photo\/les-garde-cotes-sauvent-154-migrants-au-large-de-khor-angar\" \/>\n<meta property=\"og:site_name\" content=\"Djibouti\" \/>\n<meta property=\"article:published_time\" content=\"2023-09-04T16:16:25+00:00\" \/>\n<meta property=\"article:modified_time\" content=\"2023-09-04T17:04:43+00:00\" \/>\n<meta property=\"og:image\" content=\"https:\/\/static.africa-press.net\/djibouti\/sites\/52\/2023\/09\/sm_1693834454.852561.jpg\" \/>\n\t<meta property=\"og:image:width\" content=\"1280\" \/>\n\t<meta property=\"og:image:height\" content=\"720\" \/>\n\t<meta property=\"og:image:type\" content=\"image\/jpeg\" \/>\n<meta name=\"author\" content=\"cfeditorfr\" \/>\n<meta name=\"twitter:card\" content=\"summary_large_image\" \/>\n<meta name=\"twitter:label1\" content=\"\u00c9crit par\" \/>\n\t<meta name=\"twitter:data1\" content=\"cfeditorfr\" \/>\n\t<meta name=\"twitter:label2\" content=\"Dur\u00e9e de lecture estim\u00e9e\" \/>\n\t<meta name=\"twitter:data2\" content=\"2 minutes\" \/>\n<script type=\"application\/ld+json\" class=\"yoast-schema-graph\">{\"@context\":\"https:\/\/schema.org\",\"@graph\":[{\"@type\":\"Article\",\"@id\":\"https:\/\/www.africa-press.net\/djibouti\/photo\/les-garde-cotes-sauvent-154-migrants-au-large-de-khor-angar#article\",\"isPartOf\":{\"@id\":\"https:\/\/www.africa-press.net\/djibouti\/photo\/les-garde-cotes-sauvent-154-migrants-au-large-de-khor-angar\"},\"author\":{\"name\":\"cfeditorfr\",\"@id\":\"https:\/\/www.africa-press.net\/djibouti\/#\/schema\/person\/2b1cf3cd81a31e3cd26889ca66d677f1\"},\"headline\":\"Les Garde-C\u00f4tes sauvent 154 migrants au large de Khor-Angar\",\"datePublished\":\"2023-09-04T16:16:25+00:00\",\"dateModified\":\"2023-09-04T17:04:43+00:00\",\"mainEntityOfPage\":{\"@id\":\"https:\/\/www.africa-press.net\/djibouti\/photo\/les-garde-cotes-sauvent-154-migrants-au-large-de-khor-angar\"},\"wordCount\":389,\"commentCount\":0,\"image\":{\"@id\":\"https:\/\/www.africa-press.net\/djibouti\/photo\/les-garde-cotes-sauvent-154-migrants-au-large-de-khor-angar#primaryimage\"},\"thumbnailUrl\":\"https:\/\/static.africa-press.net\/djibouti\/sites\/52\/2023\/09\/sm_1693834454.852561.jpg\",\"keywords\":[\"Africa Press\",\"Africa Press-Djibouti\",\"Djibouti\"],\"articleSection\":[\"Communaut\u00e9\",\"Photo\",\"Toutes les actualit\u00e9s\"],\"inLanguage\":\"fr-FR\",\"potentialAction\":[{\"@type\":\"CommentAction\",\"name\":\"Comment\",\"target\":[\"https:\/\/www.africa-press.net\/djibouti\/photo\/les-garde-cotes-sauvent-154-migrants-au-large-de-khor-angar#respond\"]}]},{\"@type\":\"WebPage\",\"@id\":\"https:\/\/www.africa-press.net\/djibouti\/photo\/les-garde-cotes-sauvent-154-migrants-au-large-de-khor-angar\",\"url\":\"https:\/\/www.africa-press.net\/djibouti\/photo\/les-garde-cotes-sauvent-154-migrants-au-large-de-khor-angar\",\"name\":\"Les Garde-C\u00f4tes sauvent 154 migrants au large de Khor-Angar - Djibouti\",\"isPartOf\":{\"@id\":\"https:\/\/www.africa-press.net\/djibouti\/#website\"},\"primaryImageOfPage\":{\"@id\":\"https:\/\/www.africa-press.net\/djibouti\/photo\/les-garde-cotes-sauvent-154-migrants-au-large-de-khor-angar#primaryimage\"},\"image\":{\"@id\":\"https:\/\/www.africa-press.net\/djibouti\/photo\/les-garde-cotes-sauvent-154-migrants-au-large-de-khor-angar#primaryimage\"},\"thumbnailUrl\":\"https:\/\/static.africa-press.net\/djibouti\/sites\/52\/2023\/09\/sm_1693834454.852561.jpg\",\"datePublished\":\"2023-09-04T16:16:25+00:00\",\"dateModified\":\"2023-09-04T17:04:43+00:00\",\"author\":{\"@id\":\"https:\/\/www.africa-press.net\/djibouti\/#\/schema\/person\/2b1cf3cd81a31e3cd26889ca66d677f1\"},\"description\":\"Les unite\u0301s de surveillance du littoral Maritime de Khor Angar de la Garde-Co\u0302tes ont sauve\u0301 de la noyade le 29 aou\u0302t ...\",\"breadcrumb\":{\"@id\":\"https:\/\/www.africa-press.net\/djibouti\/photo\/les-garde-cotes-sauvent-154-migrants-au-large-de-khor-angar#breadcrumb\"},\"inLanguage\":\"fr-FR\",\"potentialAction\":[{\"@type\":\"ReadAction\",\"target\":[\"https:\/\/www.africa-press.net\/djibouti\/photo\/les-garde-cotes-sauvent-154-migrants-au-large-de-khor-angar\"]}]},{\"@type\":\"ImageObject\",\"inLanguage\":\"fr-FR\",\"@id\":\"https:\/\/www.africa-press.net\/djibouti\/photo\/les-garde-cotes-sauvent-154-migrants-au-large-de-khor-angar#primaryimage\",\"url\":\"https:\/\/static.africa-press.net\/djibouti\/sites\/52\/2023\/09\/sm_1693834454.852561.jpg\",\"contentUrl\":\"https:\/\/static.africa-press.net\/djibouti\/sites\/52\/2023\/09\/sm_1693834454.852561.jpg\",\"width\":1280,\"height\":720,\"caption\":\"Les Garde-C\u00f4tes sauvent 154 migrants au large de Khor-Angar\"},{\"@type\":\"BreadcrumbList\",\"@id\":\"https:\/\/www.africa-press.net\/djibouti\/photo\/les-garde-cotes-sauvent-154-migrants-au-large-de-khor-angar#breadcrumb\",\"itemListElement\":[{\"@type\":\"ListItem\",\"position\":1,\"name\":\"Accueil\",\"item\":\"https:\/\/www.africa-press.net\/djibouti\/\"},{\"@type\":\"ListItem\",\"position\":2,\"name\":\"Les Garde-C\u00f4tes sauvent 154 migrants au large de Khor-Angar\"}]},{\"@type\":\"WebSite\",\"@id\":\"https:\/\/www.africa-press.net\/djibouti\/#website\",\"url\":\"https:\/\/www.africa-press.net\/djibouti\/\",\"name\":\"Djibouti\",\"description\":\"Just another Africa News Agency Sites site\",\"potentialAction\":[{\"@type\":\"SearchAction\",\"target\":{\"@type\":\"EntryPoint\",\"urlTemplate\":\"https:\/\/www.africa-press.net\/djibouti\/?s={search_term_string}\"},\"query-input\":{\"@type\":\"PropertyValueSpecification\",\"valueRequired\":true,\"valueName\":\"search_term_string\"}}],\"inLanguage\":\"fr-FR\"},{\"@type\":\"Person\",\"@id\":\"https:\/\/www.africa-press.net\/djibouti\/#\/schema\/person\/2b1cf3cd81a31e3cd26889ca66d677f1\",\"name\":\"cfeditorfr\"}]}<\/script>\n<!-- \/ Yoast SEO Premium plugin. -->","yoast_head_json":{"title":"Les Garde-C\u00f4tes sauvent 154 migrants au large de Khor-Angar - Djibouti","description":"Les unite\u0301s de surveillance du littoral Maritime de Khor Angar de la Garde-Co\u0302tes ont sauve\u0301 de la noyade le 29 aou\u0302t ...","robots":{"index":"index","follow":"follow","max-snippet":"max-snippet:-1","max-image-preview":"max-image-preview:large","max-video-preview":"max-video-preview:-1"},"canonical":"https:\/\/www.africa-press.net\/djibouti\/photo\/les-garde-cotes-sauvent-154-migrants-au-large-de-khor-angar","og_locale":"fr_FR","og_type":"article","og_title":"Les Garde-C\u00f4tes sauvent 154 migrants au large de Khor-Angar","og_description":"Les unite\u0301s de surveillance du littoral Maritime de Khor Angar de la Garde-Co\u0302tes ont sauve\u0301 de la noyade le 29 aou\u0302t ...","og_url":"https:\/\/www.africa-press.net\/djibouti\/photo\/les-garde-cotes-sauvent-154-migrants-au-large-de-khor-angar","og_site_name":"Djibouti","article_published_time":"2023-09-04T16:16:25+00:00","article_modified_time":"2023-09-04T17:04:43+00:00","og_image":[{"width":1280,"height":720,"url":"https:\/\/static.africa-press.net\/djibouti\/sites\/52\/2023\/09\/sm_1693834454.852561.jpg","type":"image\/jpeg"}],"author":"cfeditorfr","twitter_card":"summary_large_image","twitter_misc":{"\u00c9crit par":"cfeditorfr","Dur\u00e9e de lecture estim\u00e9e":"2 minutes"},"schema":{"@context":"https:\/\/schema.org","@graph":[{"@type":"Article","@id":"https:\/\/www.africa-press.net\/djibouti\/photo\/les-garde-cotes-sauvent-154-migrants-au-large-de-khor-angar#article","isPartOf":{"@id":"https:\/\/www.africa-press.net\/djibouti\/photo\/les-garde-cotes-sauvent-154-migrants-au-large-de-khor-angar"},"author":{"name":"cfeditorfr","@id":"https:\/\/www.africa-press.net\/djibouti\/#\/schema\/person\/2b1cf3cd81a31e3cd26889ca66d677f1"},"headline":"Les Garde-C\u00f4tes sauvent 154 migrants au large de Khor-Angar","datePublished":"2023-09-04T16:16:25+00:00","dateModified":"2023-09-04T17:04:43+00:00","mainEntityOfPage":{"@id":"https:\/\/www.africa-press.net\/djibouti\/photo\/les-garde-cotes-sauvent-154-migrants-au-large-de-khor-angar"},"wordCount":389,"commentCount":0,"image":{"@id":"https:\/\/www.africa-press.net\/djibouti\/photo\/les-garde-cotes-sauvent-154-migrants-au-large-de-khor-angar#primaryimage"},"thumbnailUrl":"https:\/\/static.africa-press.net\/djibouti\/sites\/52\/2023\/09\/sm_1693834454.852561.jpg","keywords":["Africa Press","Africa Press-Djibouti","Djibouti"],"articleSection":["Communaut\u00e9","Photo","Toutes les actualit\u00e9s"],"inLanguage":"fr-FR","potentialAction":[{"@type":"CommentAction","name":"Comment","target":["https:\/\/www.africa-press.net\/djibouti\/photo\/les-garde-cotes-sauvent-154-migrants-au-large-de-khor-angar#respond"]}]},{"@type":"WebPage","@id":"https:\/\/www.africa-press.net\/djibouti\/photo\/les-garde-cotes-sauvent-154-migrants-au-large-de-khor-angar","url":"https:\/\/www.africa-press.net\/djibouti\/photo\/les-garde-cotes-sauvent-154-migrants-au-large-de-khor-angar","name":"Les Garde-C\u00f4tes sauvent 154 migrants au large de Khor-Angar - Djibouti","isPartOf":{"@id":"https:\/\/www.africa-press.net\/djibouti\/#website"},"primaryImageOfPage":{"@id":"https:\/\/www.africa-press.net\/djibouti\/photo\/les-garde-cotes-sauvent-154-migrants-au-large-de-khor-angar#primaryimage"},"image":{"@id":"https:\/\/www.africa-press.net\/djibouti\/photo\/les-garde-cotes-sauvent-154-migrants-au-large-de-khor-angar#primaryimage"},"thumbnailUrl":"https:\/\/static.africa-press.net\/djibouti\/sites\/52\/2023\/09\/sm_1693834454.852561.jpg","datePublished":"2023-09-04T16:16:25+00:00","dateModified":"2023-09-04T17:04:43+00:00","author":{"@id":"https:\/\/www.africa-press.net\/djibouti\/#\/schema\/person\/2b1cf3cd81a31e3cd26889ca66d677f1"},"description":"Les unite\u0301s de surveillance du littoral Maritime de Khor Angar de la Garde-Co\u0302tes ont sauve\u0301 de la noyade le 29 aou\u0302t ...","breadcrumb":{"@id":"https:\/\/www.africa-press.net\/djibouti\/photo\/les-garde-cotes-sauvent-154-migrants-au-large-de-khor-angar#breadcrumb"},"inLanguage":"fr-FR","potentialAction":[{"@type":"ReadAction","target":["https:\/\/www.africa-press.net\/djibouti\/photo\/les-garde-cotes-sauvent-154-migrants-au-large-de-khor-angar"]}]},{"@type":"ImageObject","inLanguage":"fr-FR","@id":"https:\/\/www.africa-press.net\/djibouti\/photo\/les-garde-cotes-sauvent-154-migrants-au-large-de-khor-angar#primaryimage","url":"https:\/\/static.africa-press.net\/djibouti\/sites\/52\/2023\/09\/sm_1693834454.852561.jpg","contentUrl":"https:\/\/static.africa-press.net\/djibouti\/sites\/52\/2023\/09\/sm_1693834454.852561.jpg","width":1280,"height":720,"caption":"Les Garde-C\u00f4tes sauvent 154 migrants au large de Khor-Angar"},{"@type":"BreadcrumbList","@id":"https:\/\/www.africa-press.net\/djibouti\/photo\/les-garde-cotes-sauvent-154-migrants-au-large-de-khor-angar#breadcrumb","itemListElement":[{"@type":"ListItem","position":1,"name":"Accueil","item":"https:\/\/www.africa-press.net\/djibouti\/"},{"@type":"ListItem","position":2,"name":"Les Garde-C\u00f4tes sauvent 154 migrants au large de Khor-Angar"}]},{"@type":"WebSite","@id":"https:\/\/www.africa-press.net\/djibouti\/#website","url":"https:\/\/www.africa-press.net\/djibouti\/","name":"Djibouti","description":"Just another Africa News Agency Sites site","potentialAction":[{"@type":"SearchAction","target":{"@type":"EntryPoint","urlTemplate":"https:\/\/www.africa-press.net\/djibouti\/?s={search_term_string}"},"query-input":{"@type":"PropertyValueSpecification","valueRequired":true,"valueName":"search_term_string"}}],"inLanguage":"fr-FR"},{"@type":"Person","@id":"https:\/\/www.africa-press.net\/djibouti\/#\/schema\/person\/2b1cf3cd81a31e3cd26889ca66d677f1","name":"cfeditorfr"}]}},"_links":{"self":[{"href":"https:\/\/www.africa-press.net\/djibouti\/wp-json\/wp\/v2\/posts\/17392","targetHints":{"allow":["GET"]}}],"collection":[{"href":"https:\/\/www.africa-press.net\/djibouti\/wp-json\/wp\/v2\/posts"}],"about":[{"href":"https:\/\/www.africa-press.net\/djibouti\/wp-json\/wp\/v2\/types\/post"}],"author":[{"embeddable":true,"href":"https:\/\/www.africa-press.net\/djibouti\/wp-json\/wp\/v2\/users\/82"}],"replies":[{"embeddable":true,"href":"https:\/\/www.africa-press.net\/djibouti\/wp-json\/wp\/v2\/comments?post=17392"}],"version-history":[{"count":0,"href":"https:\/\/www.africa-press.net\/djibouti\/wp-json\/wp\/v2\/posts\/17392\/revisions"}],"wp:featuredmedia":[{"embeddable":true,"href":"https:\/\/www.africa-press.net\/djibouti\/wp-json\/wp\/v2\/media\/17391"}],"wp:attachment":[{"href":"https:\/\/www.africa-press.net\/djibouti\/wp-json\/wp\/v2\/media?parent=17392"}],"wp:term":[{"taxonomy":"category","embeddable":true,"href":"https:\/\/www.africa-press.net\/djibouti\/wp-json\/wp\/v2\/categories?post=17392"},{"taxonomy":"post_tag","embeddable":true,"href":"https:\/\/www.africa-press.net\/djibouti\/wp-json\/wp\/v2\/tags?post=17392"}],"curies":[{"name":"wp","href":"https:\/\/api.w.org\/{rel}","templated":true}]}}