{"id":17395,"date":"2023-09-04T16:35:46","date_gmt":"2023-09-04T16:35:46","guid":{"rendered":"https:\/\/www.africa-press.net\/djibouti\/politique\/rentree-scolaire-quelque-122-285-eleves-de-lenseignement-fondamental-reprennent-le-chemin-de-lecole"},"modified":"2023-09-04T17:19:21","modified_gmt":"2023-09-04T17:19:21","slug":"rentree-scolaire-quelque-122-285-eleves-de-lenseignement-fondamental-reprennent-le-chemin-de-lecole","status":"publish","type":"post","link":"https:\/\/www.africa-press.net\/djibouti\/culture-et-art\/rentree-scolaire-quelque-122-285-eleves-de-lenseignement-fondamental-reprennent-le-chemin-de-lecole","title":{"rendered":"Rentr\u00e9e scolaire : Quelque 122.285 \u00e9l\u00e8ves de l&rsquo;enseignement fondamental reprennent le chemin de l&rsquo;\u00e9cole"},"content":{"rendered":"<p><span style=\"color: #ff6600\"><strong>Africa-Press &#8211; Djibouti. <\/strong><\/span>Ils e\u0301taient pre\u0300s de 122.285 e\u0301le\u0300ves de l&rsquo;enseignement fondamental a\u0300 regagner ce dimanche les salles de classe.<\/p>\n<p>Dans la capitale comme dans les re\u0301gions de l&rsquo;inte\u0301rieur, en zones urbaines comme dans les coins les plus recule\u0301s du pays, la rentre\u0301e scolaire s&rsquo;est effectue\u0301e dans le calme et la se\u0301re\u0301nite\u0301.<\/p>\n<p>A la te\u0302te d&rsquo;une importante de\u0301le\u0301gation compose\u0301e notamment de hauts responsables du de\u0301partement de l&rsquo;Education nationale, le secre\u0301taire ge\u0301ne\u0301ral du ministe\u0300re de l&rsquo;Education nationale et de la Formation professionnelle, M. Mohamed Abdallah Mahyoub, a entrepris une tourne\u0301e qui l&rsquo;a conduit dans plusieurs e\u0301tablissements scolaires.<\/p>\n<p>Notons au passage que les e\u0301le\u0300ves de l&rsquo;enseignement secondaire ge\u0301ne\u0301ral technique et professionnel regarderont a\u0300 leur tour les salles de classe mardi 5 septembre.<\/p>\n<p>Quant a\u0300 elles, les classes de l&rsquo;e\u0301ducation pre\u0301scolaire effectueront leur rentre\u0301e le dimanche 1er octobre 2022, soit un peu moins d&rsquo;un mois apre\u0300s celles de l&rsquo;enseignement fondamental.<\/p>\n<p>Ils e\u0301taient pre\u0300s de 122.285 e\u0301le\u0300ves de l&rsquo;enseignement fondamental a\u0300 regagner ce dimanche les salles de classe.<\/p>\n<p>Dans la capitale comme dans les re\u0301gions de l&rsquo;inte\u0301rieur, en zones urbaines comme dans les coins les plus recule\u0301s du pays, la rentre\u0301e scolaire s&rsquo;est effectue\u0301e dans le calme et la se\u0301re\u0301nite\u0301.<\/p>\n<p>A la te\u0302te d&rsquo;une importante de\u0301le\u0301gation compose\u0301e notamment de hauts responsables du de\u0301partement de l&rsquo;Education nationale, le secre\u0301taire ge\u0301ne\u0301ral du ministe\u0300re de l&rsquo;Education nationale et de la Formation professionnelle, M. Mohamed Abdallah Mahyoub, a entrepris une tourne\u0301e qui l&rsquo;a conduit dans plusieurs e\u0301tablissements scolaires.<\/p>\n<p>Notons au passage que les e\u0301le\u0300ves de l&rsquo;enseignement secondaire ge\u0301ne\u0301ral technique et professionnel regarderont a\u0300 leur tour les salles de classe mardi 5 septembre.<\/p>\n<p>Quant a\u0300 elles, les classes de l&rsquo;e\u0301ducation pre\u0301scolaire effectueront leur rentre\u0301e le dimanche 1er octobre 2022, soit un peu moins d&rsquo;un mois apre\u0300s celles de l&rsquo;enseignement fondamental.<\/p>\n<p><strong>Pour plus d&rsquo;informations et d&rsquo;analyses sur la <a href=\"https:\/\/www.africa-press.net\/djibouti\">Djibouti<\/a>, suivez <a href=\"https:\/\/www.africa-press.net\/\">Africa-Press<\/a><\/strong><\/p>\n","protected":false},"excerpt":{"rendered":"<p>Africa-Press &#8211; Djibouti. Ils e\u0301taient pre\u0300s de 122.285 e\u0301le\u0300ves de l&rsquo;enseignement fondamental a\u0300 regagner ce dimanche les salles de classe. Dans la capitale comme dans les re\u0301gions de l&rsquo;inte\u0301rieur, en zones urbaines comme dans les coins les plus recule\u0301s du pays, la rentre\u0301e scolaire s&rsquo;est effectue\u0301e dans le calme et la se\u0301re\u0301nite\u0301. A la te\u0302te [&hellip;]<\/p>\n","protected":false},"author":82,"featured_media":17394,"comment_status":"open","ping_status":"closed","sticky":false,"template":"","format":"standard","meta":{"footnotes":""},"categories":[5,10],"tags":[36,49,50],"class_list":["post-17395","post","type-post","status-publish","format-standard","has-post-thumbnail","hentry","category-culture-et-art","category-toutes-les-actualites","tag-africa-press","tag-africa-press-djibouti","tag-djibouti"],"yoast_head":"<!-- This site is optimized with the Yoast SEO Premium plugin v26.1 (Yoast SEO v27.0) - https:\/\/yoast.com\/product\/yoast-seo-premium-wordpress\/ -->\n<title>Rentr\u00e9e scolaire : Quelque 122.285 \u00e9l\u00e8ves de l&#039;enseignement fondamental reprennent le chemin de l&#039;\u00e9cole - Djibouti<\/title>\n<meta name=\"description\" content=\"Ils e\u0301taient pre\u0300s de 122.285 e\u0301le\u0300ves de l&#039;enseignement fondamental a\u0300 regagner ce dimanche les salles de classe. Dans ...\" \/>\n<meta name=\"robots\" content=\"index, follow, max-snippet:-1, max-image-preview:large, max-video-preview:-1\" \/>\n<link rel=\"canonical\" href=\"https:\/\/www.africa-press.net\/djibouti\/culture-et-art\/rentree-scolaire-quelque-122-285-eleves-de-lenseignement-fondamental-reprennent-le-chemin-de-lecole\" \/>\n<meta property=\"og:locale\" content=\"fr_FR\" \/>\n<meta property=\"og:type\" content=\"article\" \/>\n<meta property=\"og:title\" content=\"Rentr\u00e9e scolaire : Quelque 122.285 \u00e9l\u00e8ves de l&#039;enseignement fondamental reprennent le chemin de l&#039;\u00e9cole\" \/>\n<meta property=\"og:description\" content=\"Ils e\u0301taient pre\u0300s de 122.285 e\u0301le\u0300ves de l&#039;enseignement fondamental a\u0300 regagner ce dimanche les salles de classe. Dans ...\" \/>\n<meta property=\"og:url\" content=\"https:\/\/www.africa-press.net\/djibouti\/culture-et-art\/rentree-scolaire-quelque-122-285-eleves-de-lenseignement-fondamental-reprennent-le-chemin-de-lecole\" \/>\n<meta property=\"og:site_name\" content=\"Djibouti\" \/>\n<meta property=\"article:published_time\" content=\"2023-09-04T16:35:46+00:00\" \/>\n<meta property=\"article:modified_time\" content=\"2023-09-04T17:19:21+00:00\" \/>\n<meta property=\"og:image\" content=\"https:\/\/static.africa-press.net\/djibouti\/sites\/52\/2023\/09\/sm_1693835320.990301.jpg\" \/>\n\t<meta property=\"og:image:width\" content=\"801\" \/>\n\t<meta property=\"og:image:height\" content=\"499\" \/>\n\t<meta property=\"og:image:type\" content=\"image\/jpeg\" \/>\n<meta name=\"author\" content=\"cfeditorfr\" \/>\n<meta name=\"twitter:card\" content=\"summary_large_image\" \/>\n<meta name=\"twitter:label1\" content=\"\u00c9crit par\" \/>\n\t<meta name=\"twitter:data1\" content=\"cfeditorfr\" \/>\n\t<meta name=\"twitter:label2\" content=\"Dur\u00e9e de lecture estim\u00e9e\" \/>\n\t<meta name=\"twitter:data2\" content=\"2 minutes\" \/>\n<script type=\"application\/ld+json\" class=\"yoast-schema-graph\">{\"@context\":\"https:\/\/schema.org\",\"@graph\":[{\"@type\":\"Article\",\"@id\":\"https:\/\/www.africa-press.net\/djibouti\/culture-et-art\/rentree-scolaire-quelque-122-285-eleves-de-lenseignement-fondamental-reprennent-le-chemin-de-lecole#article\",\"isPartOf\":{\"@id\":\"https:\/\/www.africa-press.net\/djibouti\/culture-et-art\/rentree-scolaire-quelque-122-285-eleves-de-lenseignement-fondamental-reprennent-le-chemin-de-lecole\"},\"author\":{\"name\":\"cfeditorfr\",\"@id\":\"https:\/\/www.africa-press.net\/djibouti\/#\/schema\/person\/2b1cf3cd81a31e3cd26889ca66d677f1\"},\"headline\":\"Rentr\u00e9e scolaire : Quelque 122.285 \u00e9l\u00e8ves de l&rsquo;enseignement fondamental reprennent le chemin de l&rsquo;\u00e9cole\",\"datePublished\":\"2023-09-04T16:35:46+00:00\",\"dateModified\":\"2023-09-04T17:19:21+00:00\",\"mainEntityOfPage\":{\"@id\":\"https:\/\/www.africa-press.net\/djibouti\/culture-et-art\/rentree-scolaire-quelque-122-285-eleves-de-lenseignement-fondamental-reprennent-le-chemin-de-lecole\"},\"wordCount\":395,\"commentCount\":0,\"image\":{\"@id\":\"https:\/\/www.africa-press.net\/djibouti\/culture-et-art\/rentree-scolaire-quelque-122-285-eleves-de-lenseignement-fondamental-reprennent-le-chemin-de-lecole#primaryimage\"},\"thumbnailUrl\":\"https:\/\/static.africa-press.net\/djibouti\/sites\/52\/2023\/09\/sm_1693835320.990301.jpg\",\"keywords\":[\"Africa Press\",\"Africa Press-Djibouti\",\"Djibouti\"],\"articleSection\":[\"Culture et Art\",\"Toutes les actualit\u00e9s\"],\"inLanguage\":\"fr-FR\",\"potentialAction\":[{\"@type\":\"CommentAction\",\"name\":\"Comment\",\"target\":[\"https:\/\/www.africa-press.net\/djibouti\/culture-et-art\/rentree-scolaire-quelque-122-285-eleves-de-lenseignement-fondamental-reprennent-le-chemin-de-lecole#respond\"]}]},{\"@type\":\"WebPage\",\"@id\":\"https:\/\/www.africa-press.net\/djibouti\/culture-et-art\/rentree-scolaire-quelque-122-285-eleves-de-lenseignement-fondamental-reprennent-le-chemin-de-lecole\",\"url\":\"https:\/\/www.africa-press.net\/djibouti\/culture-et-art\/rentree-scolaire-quelque-122-285-eleves-de-lenseignement-fondamental-reprennent-le-chemin-de-lecole\",\"name\":\"Rentr\u00e9e scolaire : Quelque 122.285 \u00e9l\u00e8ves de l'enseignement fondamental reprennent le chemin de l'\u00e9cole - Djibouti\",\"isPartOf\":{\"@id\":\"https:\/\/www.africa-press.net\/djibouti\/#website\"},\"primaryImageOfPage\":{\"@id\":\"https:\/\/www.africa-press.net\/djibouti\/culture-et-art\/rentree-scolaire-quelque-122-285-eleves-de-lenseignement-fondamental-reprennent-le-chemin-de-lecole#primaryimage\"},\"image\":{\"@id\":\"https:\/\/www.africa-press.net\/djibouti\/culture-et-art\/rentree-scolaire-quelque-122-285-eleves-de-lenseignement-fondamental-reprennent-le-chemin-de-lecole#primaryimage\"},\"thumbnailUrl\":\"https:\/\/static.africa-press.net\/djibouti\/sites\/52\/2023\/09\/sm_1693835320.990301.jpg\",\"datePublished\":\"2023-09-04T16:35:46+00:00\",\"dateModified\":\"2023-09-04T17:19:21+00:00\",\"author\":{\"@id\":\"https:\/\/www.africa-press.net\/djibouti\/#\/schema\/person\/2b1cf3cd81a31e3cd26889ca66d677f1\"},\"description\":\"Ils e\u0301taient pre\u0300s de 122.285 e\u0301le\u0300ves de l'enseignement fondamental a\u0300 regagner ce dimanche les salles de classe. Dans ...\",\"breadcrumb\":{\"@id\":\"https:\/\/www.africa-press.net\/djibouti\/culture-et-art\/rentree-scolaire-quelque-122-285-eleves-de-lenseignement-fondamental-reprennent-le-chemin-de-lecole#breadcrumb\"},\"inLanguage\":\"fr-FR\",\"potentialAction\":[{\"@type\":\"ReadAction\",\"target\":[\"https:\/\/www.africa-press.net\/djibouti\/culture-et-art\/rentree-scolaire-quelque-122-285-eleves-de-lenseignement-fondamental-reprennent-le-chemin-de-lecole\"]}]},{\"@type\":\"ImageObject\",\"inLanguage\":\"fr-FR\",\"@id\":\"https:\/\/www.africa-press.net\/djibouti\/culture-et-art\/rentree-scolaire-quelque-122-285-eleves-de-lenseignement-fondamental-reprennent-le-chemin-de-lecole#primaryimage\",\"url\":\"https:\/\/static.africa-press.net\/djibouti\/sites\/52\/2023\/09\/sm_1693835320.990301.jpg\",\"contentUrl\":\"https:\/\/static.africa-press.net\/djibouti\/sites\/52\/2023\/09\/sm_1693835320.990301.jpg\",\"width\":801,\"height\":499,\"caption\":\"Rentr\u00e9e scolaire : Quelque 122.285 \u00e9l\u00e8ves de l'enseignement fondamental reprennent le chemin de l'\u00e9cole\"},{\"@type\":\"BreadcrumbList\",\"@id\":\"https:\/\/www.africa-press.net\/djibouti\/culture-et-art\/rentree-scolaire-quelque-122-285-eleves-de-lenseignement-fondamental-reprennent-le-chemin-de-lecole#breadcrumb\",\"itemListElement\":[{\"@type\":\"ListItem\",\"position\":1,\"name\":\"Accueil\",\"item\":\"https:\/\/www.africa-press.net\/djibouti\/\"},{\"@type\":\"ListItem\",\"position\":2,\"name\":\"Rentr\u00e9e scolaire : Quelque 122.285 \u00e9l\u00e8ves de l&#8217;enseignement fondamental reprennent le chemin de l&#8217;\u00e9cole\"}]},{\"@type\":\"WebSite\",\"@id\":\"https:\/\/www.africa-press.net\/djibouti\/#website\",\"url\":\"https:\/\/www.africa-press.net\/djibouti\/\",\"name\":\"Djibouti\",\"description\":\"Just another Africa News Agency Sites site\",\"potentialAction\":[{\"@type\":\"SearchAction\",\"target\":{\"@type\":\"EntryPoint\",\"urlTemplate\":\"https:\/\/www.africa-press.net\/djibouti\/?s={search_term_string}\"},\"query-input\":{\"@type\":\"PropertyValueSpecification\",\"valueRequired\":true,\"valueName\":\"search_term_string\"}}],\"inLanguage\":\"fr-FR\"},{\"@type\":\"Person\",\"@id\":\"https:\/\/www.africa-press.net\/djibouti\/#\/schema\/person\/2b1cf3cd81a31e3cd26889ca66d677f1\",\"name\":\"cfeditorfr\"}]}<\/script>\n<!-- \/ Yoast SEO Premium plugin. -->","yoast_head_json":{"title":"Rentr\u00e9e scolaire : Quelque 122.285 \u00e9l\u00e8ves de l'enseignement fondamental reprennent le chemin de l'\u00e9cole - Djibouti","description":"Ils e\u0301taient pre\u0300s de 122.285 e\u0301le\u0300ves de l'enseignement fondamental a\u0300 regagner ce dimanche les salles de classe. Dans ...","robots":{"index":"index","follow":"follow","max-snippet":"max-snippet:-1","max-image-preview":"max-image-preview:large","max-video-preview":"max-video-preview:-1"},"canonical":"https:\/\/www.africa-press.net\/djibouti\/culture-et-art\/rentree-scolaire-quelque-122-285-eleves-de-lenseignement-fondamental-reprennent-le-chemin-de-lecole","og_locale":"fr_FR","og_type":"article","og_title":"Rentr\u00e9e scolaire : Quelque 122.285 \u00e9l\u00e8ves de l'enseignement fondamental reprennent le chemin de l'\u00e9cole","og_description":"Ils e\u0301taient pre\u0300s de 122.285 e\u0301le\u0300ves de l'enseignement fondamental a\u0300 regagner ce dimanche les salles de classe. Dans ...","og_url":"https:\/\/www.africa-press.net\/djibouti\/culture-et-art\/rentree-scolaire-quelque-122-285-eleves-de-lenseignement-fondamental-reprennent-le-chemin-de-lecole","og_site_name":"Djibouti","article_published_time":"2023-09-04T16:35:46+00:00","article_modified_time":"2023-09-04T17:19:21+00:00","og_image":[{"width":801,"height":499,"url":"https:\/\/static.africa-press.net\/djibouti\/sites\/52\/2023\/09\/sm_1693835320.990301.jpg","type":"image\/jpeg"}],"author":"cfeditorfr","twitter_card":"summary_large_image","twitter_misc":{"\u00c9crit par":"cfeditorfr","Dur\u00e9e de lecture estim\u00e9e":"2 minutes"},"schema":{"@context":"https:\/\/schema.org","@graph":[{"@type":"Article","@id":"https:\/\/www.africa-press.net\/djibouti\/culture-et-art\/rentree-scolaire-quelque-122-285-eleves-de-lenseignement-fondamental-reprennent-le-chemin-de-lecole#article","isPartOf":{"@id":"https:\/\/www.africa-press.net\/djibouti\/culture-et-art\/rentree-scolaire-quelque-122-285-eleves-de-lenseignement-fondamental-reprennent-le-chemin-de-lecole"},"author":{"name":"cfeditorfr","@id":"https:\/\/www.africa-press.net\/djibouti\/#\/schema\/person\/2b1cf3cd81a31e3cd26889ca66d677f1"},"headline":"Rentr\u00e9e scolaire : Quelque 122.285 \u00e9l\u00e8ves de l&rsquo;enseignement fondamental reprennent le chemin de l&rsquo;\u00e9cole","datePublished":"2023-09-04T16:35:46+00:00","dateModified":"2023-09-04T17:19:21+00:00","mainEntityOfPage":{"@id":"https:\/\/www.africa-press.net\/djibouti\/culture-et-art\/rentree-scolaire-quelque-122-285-eleves-de-lenseignement-fondamental-reprennent-le-chemin-de-lecole"},"wordCount":395,"commentCount":0,"image":{"@id":"https:\/\/www.africa-press.net\/djibouti\/culture-et-art\/rentree-scolaire-quelque-122-285-eleves-de-lenseignement-fondamental-reprennent-le-chemin-de-lecole#primaryimage"},"thumbnailUrl":"https:\/\/static.africa-press.net\/djibouti\/sites\/52\/2023\/09\/sm_1693835320.990301.jpg","keywords":["Africa Press","Africa Press-Djibouti","Djibouti"],"articleSection":["Culture et Art","Toutes les actualit\u00e9s"],"inLanguage":"fr-FR","potentialAction":[{"@type":"CommentAction","name":"Comment","target":["https:\/\/www.africa-press.net\/djibouti\/culture-et-art\/rentree-scolaire-quelque-122-285-eleves-de-lenseignement-fondamental-reprennent-le-chemin-de-lecole#respond"]}]},{"@type":"WebPage","@id":"https:\/\/www.africa-press.net\/djibouti\/culture-et-art\/rentree-scolaire-quelque-122-285-eleves-de-lenseignement-fondamental-reprennent-le-chemin-de-lecole","url":"https:\/\/www.africa-press.net\/djibouti\/culture-et-art\/rentree-scolaire-quelque-122-285-eleves-de-lenseignement-fondamental-reprennent-le-chemin-de-lecole","name":"Rentr\u00e9e scolaire : Quelque 122.285 \u00e9l\u00e8ves de l'enseignement fondamental reprennent le chemin de l'\u00e9cole - Djibouti","isPartOf":{"@id":"https:\/\/www.africa-press.net\/djibouti\/#website"},"primaryImageOfPage":{"@id":"https:\/\/www.africa-press.net\/djibouti\/culture-et-art\/rentree-scolaire-quelque-122-285-eleves-de-lenseignement-fondamental-reprennent-le-chemin-de-lecole#primaryimage"},"image":{"@id":"https:\/\/www.africa-press.net\/djibouti\/culture-et-art\/rentree-scolaire-quelque-122-285-eleves-de-lenseignement-fondamental-reprennent-le-chemin-de-lecole#primaryimage"},"thumbnailUrl":"https:\/\/static.africa-press.net\/djibouti\/sites\/52\/2023\/09\/sm_1693835320.990301.jpg","datePublished":"2023-09-04T16:35:46+00:00","dateModified":"2023-09-04T17:19:21+00:00","author":{"@id":"https:\/\/www.africa-press.net\/djibouti\/#\/schema\/person\/2b1cf3cd81a31e3cd26889ca66d677f1"},"description":"Ils e\u0301taient pre\u0300s de 122.285 e\u0301le\u0300ves de l'enseignement fondamental a\u0300 regagner ce dimanche les salles de classe. Dans ...","breadcrumb":{"@id":"https:\/\/www.africa-press.net\/djibouti\/culture-et-art\/rentree-scolaire-quelque-122-285-eleves-de-lenseignement-fondamental-reprennent-le-chemin-de-lecole#breadcrumb"},"inLanguage":"fr-FR","potentialAction":[{"@type":"ReadAction","target":["https:\/\/www.africa-press.net\/djibouti\/culture-et-art\/rentree-scolaire-quelque-122-285-eleves-de-lenseignement-fondamental-reprennent-le-chemin-de-lecole"]}]},{"@type":"ImageObject","inLanguage":"fr-FR","@id":"https:\/\/www.africa-press.net\/djibouti\/culture-et-art\/rentree-scolaire-quelque-122-285-eleves-de-lenseignement-fondamental-reprennent-le-chemin-de-lecole#primaryimage","url":"https:\/\/static.africa-press.net\/djibouti\/sites\/52\/2023\/09\/sm_1693835320.990301.jpg","contentUrl":"https:\/\/static.africa-press.net\/djibouti\/sites\/52\/2023\/09\/sm_1693835320.990301.jpg","width":801,"height":499,"caption":"Rentr\u00e9e scolaire : Quelque 122.285 \u00e9l\u00e8ves de l'enseignement fondamental reprennent le chemin de l'\u00e9cole"},{"@type":"BreadcrumbList","@id":"https:\/\/www.africa-press.net\/djibouti\/culture-et-art\/rentree-scolaire-quelque-122-285-eleves-de-lenseignement-fondamental-reprennent-le-chemin-de-lecole#breadcrumb","itemListElement":[{"@type":"ListItem","position":1,"name":"Accueil","item":"https:\/\/www.africa-press.net\/djibouti\/"},{"@type":"ListItem","position":2,"name":"Rentr\u00e9e scolaire : Quelque 122.285 \u00e9l\u00e8ves de l&#8217;enseignement fondamental reprennent le chemin de l&#8217;\u00e9cole"}]},{"@type":"WebSite","@id":"https:\/\/www.africa-press.net\/djibouti\/#website","url":"https:\/\/www.africa-press.net\/djibouti\/","name":"Djibouti","description":"Just another Africa News Agency Sites site","potentialAction":[{"@type":"SearchAction","target":{"@type":"EntryPoint","urlTemplate":"https:\/\/www.africa-press.net\/djibouti\/?s={search_term_string}"},"query-input":{"@type":"PropertyValueSpecification","valueRequired":true,"valueName":"search_term_string"}}],"inLanguage":"fr-FR"},{"@type":"Person","@id":"https:\/\/www.africa-press.net\/djibouti\/#\/schema\/person\/2b1cf3cd81a31e3cd26889ca66d677f1","name":"cfeditorfr"}]}},"_links":{"self":[{"href":"https:\/\/www.africa-press.net\/djibouti\/wp-json\/wp\/v2\/posts\/17395","targetHints":{"allow":["GET"]}}],"collection":[{"href":"https:\/\/www.africa-press.net\/djibouti\/wp-json\/wp\/v2\/posts"}],"about":[{"href":"https:\/\/www.africa-press.net\/djibouti\/wp-json\/wp\/v2\/types\/post"}],"author":[{"embeddable":true,"href":"https:\/\/www.africa-press.net\/djibouti\/wp-json\/wp\/v2\/users\/82"}],"replies":[{"embeddable":true,"href":"https:\/\/www.africa-press.net\/djibouti\/wp-json\/wp\/v2\/comments?post=17395"}],"version-history":[{"count":0,"href":"https:\/\/www.africa-press.net\/djibouti\/wp-json\/wp\/v2\/posts\/17395\/revisions"}],"wp:featuredmedia":[{"embeddable":true,"href":"https:\/\/www.africa-press.net\/djibouti\/wp-json\/wp\/v2\/media\/17394"}],"wp:attachment":[{"href":"https:\/\/www.africa-press.net\/djibouti\/wp-json\/wp\/v2\/media?parent=17395"}],"wp:term":[{"taxonomy":"category","embeddable":true,"href":"https:\/\/www.africa-press.net\/djibouti\/wp-json\/wp\/v2\/categories?post=17395"},{"taxonomy":"post_tag","embeddable":true,"href":"https:\/\/www.africa-press.net\/djibouti\/wp-json\/wp\/v2\/tags?post=17395"}],"curies":[{"name":"wp","href":"https:\/\/api.w.org\/{rel}","templated":true}]}}