{"id":17425,"date":"2023-09-05T11:30:02","date_gmt":"2023-09-05T11:30:02","guid":{"rendered":"https:\/\/www.africa-press.net\/djibouti\/politique\/avec-sanlamallianz-naissance-dun-geant-panafricain-des-assurances"},"modified":"2023-09-05T12:22:20","modified_gmt":"2023-09-05T12:22:20","slug":"avec-sanlamallianz-naissance-dun-geant-panafricain-des-assurances","status":"publish","type":"post","link":"https:\/\/www.africa-press.net\/djibouti\/economie\/avec-sanlamallianz-naissance-dun-geant-panafricain-des-assurances","title":{"rendered":"Avec SanlamAllianz, naissance d\u2019un g\u00e9ant panafricain des assurances"},"content":{"rendered":"<p><b>Aur\u00e9lie M&rsquo;Bida<\/b><\/p>\n<p><span style=\"color: #ff6600\"><strong>Africa-Press &#8211; Djibouti. <\/strong><\/span>Sanlam et Allianz annoncent officiellement la conclusion de leur partenariat et la cr\u00e9ation d\u2019une coentreprise de services financiers SanlamAllianz. Gouvernance, p\u00e9rim\u00e8tre, parts de march\u00e9s\u2026 JA l\u00e8ve le voile sur les contours de ce futur g\u00e9ant continental.<\/p>\n<p>Les de\u0301tails ont e\u0301te\u0301 ne\u0301gocie\u0301s jusqu\u2019aux dernie\u0300res heures de la nuit du 4 septembre. Et l\u2019accord entre les partenaires sud-africain et allemand a finalement e\u0301te\u0301 de\u0301voile\u0301 a\u0300 l\u2019ouverture de la Bourse de Johannesburg, ce 5 septembre.<\/p>\n<p>Le partenariat strate\u0301gique entre Sanlam et Allianz, dont les contours ont e\u0301te\u0301 dessine\u0301s a\u0300 la fin de de\u0301cembre 2021 avant d\u2019e\u0302tre mate\u0301rialise\u0301 dans une coentreprise en mai 2022, vient de prendre un tournant de\u0301finitif. Les deux entite\u0301s qui repre\u0301sentent un portefeuille d\u2019actifs combine\u0301s d\u2019environ 2 milliards d\u2019euros, viennent de clo\u0302turer leur ope\u0301ration en donnant naissance a\u0300 une entreprise commune dans 27 pays africains*, et simplement baptise\u0301e \u00ab SanlamAllianz \u00bb.<\/p>\n<p><b>Aucun d\u00e9ploiement de capital suppl\u00e9mentaire<\/b><br \/>\nLe leader panafricain \u2013 depuis le rachat, en 2018, de Saham Finances \u2013 qui a r\u00e9alis\u00e9 11,8 milliards d\u2019euros de revenus en 2021, et le g\u00e9ant mondial Allianz (134 milliards), combinent leurs activit\u00e9s en Afrique et cr\u00e9ent ainsi la plus grande entreprise de services financiers non bancaires du continent, apr\u00e8s avoir obtenu l\u2019aval des diverses autorit\u00e9s r\u00e9glementaires concern\u00e9es.<\/p>\n<p>Comme le rappelait le groupe Sanlam lors de la pr\u00e9sentation de ses r\u00e9sultats en mars dernier, \u00ab le portefeuille de Sanlam Pan Africa (filiales hors Afrique du Sud du groupe) sera consid\u00e9rablement \u00e9largi et diversifi\u00e9 avec des synergies de co\u00fbts, de capital et de revenus, gr\u00e2ce \u00e0 la cr\u00e9ation d\u2019une joint-venture avec Allianz SE. \u00bb Et de pr\u00e9ciser que la cr\u00e9ation de cette JV n\u2019a n\u00e9cessit\u00e9 aucun d\u00e9ploiement de capital suppl\u00e9mentaire de la part du groupe.<\/p>\n<p><b>Pr\u00e9sidence tournante<\/b><br \/>\nDans le d\u00e9tail, la structure de la nouvelle entreprise doit \u00e0 pr\u00e9sent s\u2019articuler autour de deux activit\u00e9s principales : l\u2019assurance non-vie (general insurance) dont la direction g\u00e9n\u00e9rale sera assur\u00e9e par la Burkinab\u00e8 Delphine Traor\u00e9 \u2013 jusqu\u2019alors DG d\u2019Allianz Africa \u2013, et l\u2019assurance vie (life insurance) pilot\u00e9e par le Sud-Africain Robert Dommisse, actuellement DG de Sanlam Pan Africa Life Insurance. Heinie Werth, actuel DG de Sanlam Emerging Markets, prend quant \u00e0 lui la direction g\u00e9n\u00e9rale de la joint-venture dont la pr\u00e9sidence sera tournante tous les deux ans. Le premier mandat de pr\u00e9sident du conseil d\u2019administration sera ainsi assur\u00e9 par Chris Townsend, qui si\u00e8ge actuellement au board d\u2019Allianz SE \u00e0 Munich, a appris Jeune Afrique de sources proches du dossier.<\/p>\n<p>\u00ab Il est rappel\u00e9 aux actionnaires que la r\u00e9partition initiale des parts de Sanlam et d\u2019Allianz dans la joint-venture a \u00e9t\u00e9 fix\u00e9e \u00e0 60\/40, respectivement \u00bb, pr\u00e9cise la communication financi\u00e8re diffus\u00e9e ce 5 septembre.<\/p>\n<p><b>Strat\u00e9gie immuable<\/b><br \/>\nGr\u00e2ce \u00e0 ce rapprochement, pr\u00e8s de 16 % des primes d\u2019assurance sur le continent seront \u00e9mises par l\u2019entit\u00e9 r\u00e9unie. Comme lors de la fusion avec Saham, l\u2019assureur sud-africain poursuit une strat\u00e9gie immuable : int\u00e9grer le top 3, en termes de parts de march\u00e9, dans ses pays d\u2019implantation, que ce soit en assurance vie ou en assurance non-vie. Pour Allianz, ce mariage repr\u00e9sente \u00e9galement un retour, sous la banni\u00e8re SanlamAllianz, dans certains pays qu\u2019il avait \u00e9t\u00e9 c\u00e9d\u00e9s \u00e0 Sunu en 2019. C\u2019est le cas du B\u00e9nin, du Burkina Faso, du Mali et du Togo.<\/p>\n<p>\u00c0 noter que parmi les 27 pays du p\u00e9rim\u00e8tre de la joint-venture, dix pays pr\u00e9sentent encore une double repr\u00e9sentation \u00ab Sanlam \u00bb et \u00ab Allianz \u00bb, dont le Cameroun, le Kenya ou encore la Tanzanie. Selon nos informations, ces pays ne seront pas concern\u00e9s par le rebranding SanlamAllianz, mais l\u2019objectif est de r\u00e9ussir la fusion de ces filiales dans chacun d\u2019entre eux.<\/p>\n<p>*Maroc, Niger, Mali, S\u00e9n\u00e9gal, Burkina Faso, B\u00e9nin, C\u00f4te d\u2019Ivoire, Ghana, Togo, Nigeria, Cameroun, Gabon, Angola, Zambie, Namibie, Botswana, \u00c9gypte, Ouganda, Kenya, Rwanda, Burundi, Tanzanie, Malawi, Mozambique, Maurice, Zimbabwe, Madagascar.<\/p>\n<p><b>Source: JeuneAfrique<\/b><\/p>\n<p><strong>Pour plus d&rsquo;informations et d&rsquo;analyses sur la <a href=\"https:\/\/www.africa-press.net\/djibouti\">Djibouti<\/a>, suivez <a href=\"https:\/\/www.africa-press.net\/\">Africa-Press<\/a><\/strong><\/p>\n","protected":false},"excerpt":{"rendered":"<p>Aur\u00e9lie M&rsquo;Bida Africa-Press &#8211; Djibouti. Sanlam et Allianz annoncent officiellement la conclusion de leur partenariat et la cr\u00e9ation d\u2019une coentreprise de services financiers SanlamAllianz. Gouvernance, p\u00e9rim\u00e8tre, parts de march\u00e9s\u2026 JA l\u00e8ve le voile sur les contours de ce futur g\u00e9ant continental. Les de\u0301tails ont e\u0301te\u0301 ne\u0301gocie\u0301s jusqu\u2019aux dernie\u0300res heures de la nuit du 4 septembre. [&hellip;]<\/p>\n","protected":false},"author":82,"featured_media":17424,"comment_status":"open","ping_status":"closed","sticky":false,"template":"","format":"standard","meta":{"footnotes":""},"categories":[3,10],"tags":[36,49,50],"class_list":["post-17425","post","type-post","status-publish","format-standard","has-post-thumbnail","hentry","category-economie","category-toutes-les-actualites","tag-africa-press","tag-africa-press-djibouti","tag-djibouti"],"yoast_head":"<!-- This site is optimized with the Yoast SEO Premium plugin v26.1 (Yoast SEO v27.0) - https:\/\/yoast.com\/product\/yoast-seo-premium-wordpress\/ -->\n<title>Avec SanlamAllianz, naissance d\u2019un g\u00e9ant panafricain des assurances - Djibouti<\/title>\n<meta name=\"description\" content=\"Sanlam et Allianz annoncent officiellement la conclusion de leur partenariat et la cre\u0301ation d\u2019une coentreprise de servic ...\" \/>\n<meta name=\"robots\" content=\"index, follow, max-snippet:-1, max-image-preview:large, max-video-preview:-1\" \/>\n<link rel=\"canonical\" href=\"https:\/\/www.africa-press.net\/djibouti\/economie\/avec-sanlamallianz-naissance-dun-geant-panafricain-des-assurances\" \/>\n<meta property=\"og:locale\" content=\"fr_FR\" \/>\n<meta property=\"og:type\" content=\"article\" \/>\n<meta property=\"og:title\" content=\"Avec SanlamAllianz, naissance d\u2019un g\u00e9ant panafricain des assurances\" \/>\n<meta property=\"og:description\" content=\"Sanlam et Allianz annoncent officiellement la conclusion de leur partenariat et la cre\u0301ation d\u2019une coentreprise de servic ...\" \/>\n<meta property=\"og:url\" content=\"https:\/\/www.africa-press.net\/djibouti\/economie\/avec-sanlamallianz-naissance-dun-geant-panafricain-des-assurances\" \/>\n<meta property=\"og:site_name\" content=\"Djibouti\" \/>\n<meta property=\"article:published_time\" content=\"2023-09-05T11:30:02+00:00\" \/>\n<meta property=\"article:modified_time\" content=\"2023-09-05T12:22:20+00:00\" \/>\n<meta property=\"og:image\" content=\"https:\/\/static.africa-press.net\/djibouti\/sites\/52\/2023\/09\/sm_1693903812.930349.jpg\" \/>\n\t<meta property=\"og:image:width\" content=\"1256\" \/>\n\t<meta property=\"og:image:height\" content=\"628\" \/>\n\t<meta property=\"og:image:type\" content=\"image\/jpeg\" \/>\n<meta name=\"author\" content=\"cfeditorfr\" \/>\n<meta name=\"twitter:card\" content=\"summary_large_image\" \/>\n<meta name=\"twitter:label1\" content=\"\u00c9crit par\" \/>\n\t<meta name=\"twitter:data1\" content=\"cfeditorfr\" \/>\n\t<meta name=\"twitter:label2\" content=\"Dur\u00e9e de lecture estim\u00e9e\" \/>\n\t<meta name=\"twitter:data2\" content=\"4 minutes\" \/>\n<script type=\"application\/ld+json\" class=\"yoast-schema-graph\">{\"@context\":\"https:\/\/schema.org\",\"@graph\":[{\"@type\":\"Article\",\"@id\":\"https:\/\/www.africa-press.net\/djibouti\/economie\/avec-sanlamallianz-naissance-dun-geant-panafricain-des-assurances#article\",\"isPartOf\":{\"@id\":\"https:\/\/www.africa-press.net\/djibouti\/economie\/avec-sanlamallianz-naissance-dun-geant-panafricain-des-assurances\"},\"author\":{\"name\":\"cfeditorfr\",\"@id\":\"https:\/\/www.africa-press.net\/djibouti\/#\/schema\/person\/2b1cf3cd81a31e3cd26889ca66d677f1\"},\"headline\":\"Avec SanlamAllianz, naissance d\u2019un g\u00e9ant panafricain des assurances\",\"datePublished\":\"2023-09-05T11:30:02+00:00\",\"dateModified\":\"2023-09-05T12:22:20+00:00\",\"mainEntityOfPage\":{\"@id\":\"https:\/\/www.africa-press.net\/djibouti\/economie\/avec-sanlamallianz-naissance-dun-geant-panafricain-des-assurances\"},\"wordCount\":725,\"commentCount\":0,\"image\":{\"@id\":\"https:\/\/www.africa-press.net\/djibouti\/economie\/avec-sanlamallianz-naissance-dun-geant-panafricain-des-assurances#primaryimage\"},\"thumbnailUrl\":\"https:\/\/static.africa-press.net\/djibouti\/sites\/52\/2023\/09\/sm_1693903812.930349.jpg\",\"keywords\":[\"Africa Press\",\"Africa Press-Djibouti\",\"Djibouti\"],\"articleSection\":[\"\u00c9conomie\",\"Toutes les actualit\u00e9s\"],\"inLanguage\":\"fr-FR\",\"potentialAction\":[{\"@type\":\"CommentAction\",\"name\":\"Comment\",\"target\":[\"https:\/\/www.africa-press.net\/djibouti\/economie\/avec-sanlamallianz-naissance-dun-geant-panafricain-des-assurances#respond\"]}]},{\"@type\":\"WebPage\",\"@id\":\"https:\/\/www.africa-press.net\/djibouti\/economie\/avec-sanlamallianz-naissance-dun-geant-panafricain-des-assurances\",\"url\":\"https:\/\/www.africa-press.net\/djibouti\/economie\/avec-sanlamallianz-naissance-dun-geant-panafricain-des-assurances\",\"name\":\"Avec SanlamAllianz, naissance d\u2019un g\u00e9ant panafricain des assurances - Djibouti\",\"isPartOf\":{\"@id\":\"https:\/\/www.africa-press.net\/djibouti\/#website\"},\"primaryImageOfPage\":{\"@id\":\"https:\/\/www.africa-press.net\/djibouti\/economie\/avec-sanlamallianz-naissance-dun-geant-panafricain-des-assurances#primaryimage\"},\"image\":{\"@id\":\"https:\/\/www.africa-press.net\/djibouti\/economie\/avec-sanlamallianz-naissance-dun-geant-panafricain-des-assurances#primaryimage\"},\"thumbnailUrl\":\"https:\/\/static.africa-press.net\/djibouti\/sites\/52\/2023\/09\/sm_1693903812.930349.jpg\",\"datePublished\":\"2023-09-05T11:30:02+00:00\",\"dateModified\":\"2023-09-05T12:22:20+00:00\",\"author\":{\"@id\":\"https:\/\/www.africa-press.net\/djibouti\/#\/schema\/person\/2b1cf3cd81a31e3cd26889ca66d677f1\"},\"description\":\"Sanlam et Allianz annoncent officiellement la conclusion de leur partenariat et la cre\u0301ation d\u2019une coentreprise de servic ...\",\"breadcrumb\":{\"@id\":\"https:\/\/www.africa-press.net\/djibouti\/economie\/avec-sanlamallianz-naissance-dun-geant-panafricain-des-assurances#breadcrumb\"},\"inLanguage\":\"fr-FR\",\"potentialAction\":[{\"@type\":\"ReadAction\",\"target\":[\"https:\/\/www.africa-press.net\/djibouti\/economie\/avec-sanlamallianz-naissance-dun-geant-panafricain-des-assurances\"]}]},{\"@type\":\"ImageObject\",\"inLanguage\":\"fr-FR\",\"@id\":\"https:\/\/www.africa-press.net\/djibouti\/economie\/avec-sanlamallianz-naissance-dun-geant-panafricain-des-assurances#primaryimage\",\"url\":\"https:\/\/static.africa-press.net\/djibouti\/sites\/52\/2023\/09\/sm_1693903812.930349.jpg\",\"contentUrl\":\"https:\/\/static.africa-press.net\/djibouti\/sites\/52\/2023\/09\/sm_1693903812.930349.jpg\",\"width\":1256,\"height\":628,\"caption\":\"Avec SanlamAllianz, naissance d\u2019un g\u00e9ant panafricain des assurances\"},{\"@type\":\"BreadcrumbList\",\"@id\":\"https:\/\/www.africa-press.net\/djibouti\/economie\/avec-sanlamallianz-naissance-dun-geant-panafricain-des-assurances#breadcrumb\",\"itemListElement\":[{\"@type\":\"ListItem\",\"position\":1,\"name\":\"Accueil\",\"item\":\"https:\/\/www.africa-press.net\/djibouti\/\"},{\"@type\":\"ListItem\",\"position\":2,\"name\":\"Avec SanlamAllianz, naissance d\u2019un g\u00e9ant panafricain des assurances\"}]},{\"@type\":\"WebSite\",\"@id\":\"https:\/\/www.africa-press.net\/djibouti\/#website\",\"url\":\"https:\/\/www.africa-press.net\/djibouti\/\",\"name\":\"Djibouti\",\"description\":\"Just another Africa News Agency Sites site\",\"potentialAction\":[{\"@type\":\"SearchAction\",\"target\":{\"@type\":\"EntryPoint\",\"urlTemplate\":\"https:\/\/www.africa-press.net\/djibouti\/?s={search_term_string}\"},\"query-input\":{\"@type\":\"PropertyValueSpecification\",\"valueRequired\":true,\"valueName\":\"search_term_string\"}}],\"inLanguage\":\"fr-FR\"},{\"@type\":\"Person\",\"@id\":\"https:\/\/www.africa-press.net\/djibouti\/#\/schema\/person\/2b1cf3cd81a31e3cd26889ca66d677f1\",\"name\":\"cfeditorfr\"}]}<\/script>\n<!-- \/ Yoast SEO Premium plugin. -->","yoast_head_json":{"title":"Avec SanlamAllianz, naissance d\u2019un g\u00e9ant panafricain des assurances - Djibouti","description":"Sanlam et Allianz annoncent officiellement la conclusion de leur partenariat et la cre\u0301ation d\u2019une coentreprise de servic ...","robots":{"index":"index","follow":"follow","max-snippet":"max-snippet:-1","max-image-preview":"max-image-preview:large","max-video-preview":"max-video-preview:-1"},"canonical":"https:\/\/www.africa-press.net\/djibouti\/economie\/avec-sanlamallianz-naissance-dun-geant-panafricain-des-assurances","og_locale":"fr_FR","og_type":"article","og_title":"Avec SanlamAllianz, naissance d\u2019un g\u00e9ant panafricain des assurances","og_description":"Sanlam et Allianz annoncent officiellement la conclusion de leur partenariat et la cre\u0301ation d\u2019une coentreprise de servic ...","og_url":"https:\/\/www.africa-press.net\/djibouti\/economie\/avec-sanlamallianz-naissance-dun-geant-panafricain-des-assurances","og_site_name":"Djibouti","article_published_time":"2023-09-05T11:30:02+00:00","article_modified_time":"2023-09-05T12:22:20+00:00","og_image":[{"width":1256,"height":628,"url":"https:\/\/static.africa-press.net\/djibouti\/sites\/52\/2023\/09\/sm_1693903812.930349.jpg","type":"image\/jpeg"}],"author":"cfeditorfr","twitter_card":"summary_large_image","twitter_misc":{"\u00c9crit par":"cfeditorfr","Dur\u00e9e de lecture estim\u00e9e":"4 minutes"},"schema":{"@context":"https:\/\/schema.org","@graph":[{"@type":"Article","@id":"https:\/\/www.africa-press.net\/djibouti\/economie\/avec-sanlamallianz-naissance-dun-geant-panafricain-des-assurances#article","isPartOf":{"@id":"https:\/\/www.africa-press.net\/djibouti\/economie\/avec-sanlamallianz-naissance-dun-geant-panafricain-des-assurances"},"author":{"name":"cfeditorfr","@id":"https:\/\/www.africa-press.net\/djibouti\/#\/schema\/person\/2b1cf3cd81a31e3cd26889ca66d677f1"},"headline":"Avec SanlamAllianz, naissance d\u2019un g\u00e9ant panafricain des assurances","datePublished":"2023-09-05T11:30:02+00:00","dateModified":"2023-09-05T12:22:20+00:00","mainEntityOfPage":{"@id":"https:\/\/www.africa-press.net\/djibouti\/economie\/avec-sanlamallianz-naissance-dun-geant-panafricain-des-assurances"},"wordCount":725,"commentCount":0,"image":{"@id":"https:\/\/www.africa-press.net\/djibouti\/economie\/avec-sanlamallianz-naissance-dun-geant-panafricain-des-assurances#primaryimage"},"thumbnailUrl":"https:\/\/static.africa-press.net\/djibouti\/sites\/52\/2023\/09\/sm_1693903812.930349.jpg","keywords":["Africa Press","Africa Press-Djibouti","Djibouti"],"articleSection":["\u00c9conomie","Toutes les actualit\u00e9s"],"inLanguage":"fr-FR","potentialAction":[{"@type":"CommentAction","name":"Comment","target":["https:\/\/www.africa-press.net\/djibouti\/economie\/avec-sanlamallianz-naissance-dun-geant-panafricain-des-assurances#respond"]}]},{"@type":"WebPage","@id":"https:\/\/www.africa-press.net\/djibouti\/economie\/avec-sanlamallianz-naissance-dun-geant-panafricain-des-assurances","url":"https:\/\/www.africa-press.net\/djibouti\/economie\/avec-sanlamallianz-naissance-dun-geant-panafricain-des-assurances","name":"Avec SanlamAllianz, naissance d\u2019un g\u00e9ant panafricain des assurances - Djibouti","isPartOf":{"@id":"https:\/\/www.africa-press.net\/djibouti\/#website"},"primaryImageOfPage":{"@id":"https:\/\/www.africa-press.net\/djibouti\/economie\/avec-sanlamallianz-naissance-dun-geant-panafricain-des-assurances#primaryimage"},"image":{"@id":"https:\/\/www.africa-press.net\/djibouti\/economie\/avec-sanlamallianz-naissance-dun-geant-panafricain-des-assurances#primaryimage"},"thumbnailUrl":"https:\/\/static.africa-press.net\/djibouti\/sites\/52\/2023\/09\/sm_1693903812.930349.jpg","datePublished":"2023-09-05T11:30:02+00:00","dateModified":"2023-09-05T12:22:20+00:00","author":{"@id":"https:\/\/www.africa-press.net\/djibouti\/#\/schema\/person\/2b1cf3cd81a31e3cd26889ca66d677f1"},"description":"Sanlam et Allianz annoncent officiellement la conclusion de leur partenariat et la cre\u0301ation d\u2019une coentreprise de servic ...","breadcrumb":{"@id":"https:\/\/www.africa-press.net\/djibouti\/economie\/avec-sanlamallianz-naissance-dun-geant-panafricain-des-assurances#breadcrumb"},"inLanguage":"fr-FR","potentialAction":[{"@type":"ReadAction","target":["https:\/\/www.africa-press.net\/djibouti\/economie\/avec-sanlamallianz-naissance-dun-geant-panafricain-des-assurances"]}]},{"@type":"ImageObject","inLanguage":"fr-FR","@id":"https:\/\/www.africa-press.net\/djibouti\/economie\/avec-sanlamallianz-naissance-dun-geant-panafricain-des-assurances#primaryimage","url":"https:\/\/static.africa-press.net\/djibouti\/sites\/52\/2023\/09\/sm_1693903812.930349.jpg","contentUrl":"https:\/\/static.africa-press.net\/djibouti\/sites\/52\/2023\/09\/sm_1693903812.930349.jpg","width":1256,"height":628,"caption":"Avec SanlamAllianz, naissance d\u2019un g\u00e9ant panafricain des assurances"},{"@type":"BreadcrumbList","@id":"https:\/\/www.africa-press.net\/djibouti\/economie\/avec-sanlamallianz-naissance-dun-geant-panafricain-des-assurances#breadcrumb","itemListElement":[{"@type":"ListItem","position":1,"name":"Accueil","item":"https:\/\/www.africa-press.net\/djibouti\/"},{"@type":"ListItem","position":2,"name":"Avec SanlamAllianz, naissance d\u2019un g\u00e9ant panafricain des assurances"}]},{"@type":"WebSite","@id":"https:\/\/www.africa-press.net\/djibouti\/#website","url":"https:\/\/www.africa-press.net\/djibouti\/","name":"Djibouti","description":"Just another Africa News Agency Sites site","potentialAction":[{"@type":"SearchAction","target":{"@type":"EntryPoint","urlTemplate":"https:\/\/www.africa-press.net\/djibouti\/?s={search_term_string}"},"query-input":{"@type":"PropertyValueSpecification","valueRequired":true,"valueName":"search_term_string"}}],"inLanguage":"fr-FR"},{"@type":"Person","@id":"https:\/\/www.africa-press.net\/djibouti\/#\/schema\/person\/2b1cf3cd81a31e3cd26889ca66d677f1","name":"cfeditorfr"}]}},"_links":{"self":[{"href":"https:\/\/www.africa-press.net\/djibouti\/wp-json\/wp\/v2\/posts\/17425","targetHints":{"allow":["GET"]}}],"collection":[{"href":"https:\/\/www.africa-press.net\/djibouti\/wp-json\/wp\/v2\/posts"}],"about":[{"href":"https:\/\/www.africa-press.net\/djibouti\/wp-json\/wp\/v2\/types\/post"}],"author":[{"embeddable":true,"href":"https:\/\/www.africa-press.net\/djibouti\/wp-json\/wp\/v2\/users\/82"}],"replies":[{"embeddable":true,"href":"https:\/\/www.africa-press.net\/djibouti\/wp-json\/wp\/v2\/comments?post=17425"}],"version-history":[{"count":0,"href":"https:\/\/www.africa-press.net\/djibouti\/wp-json\/wp\/v2\/posts\/17425\/revisions"}],"wp:featuredmedia":[{"embeddable":true,"href":"https:\/\/www.africa-press.net\/djibouti\/wp-json\/wp\/v2\/media\/17424"}],"wp:attachment":[{"href":"https:\/\/www.africa-press.net\/djibouti\/wp-json\/wp\/v2\/media?parent=17425"}],"wp:term":[{"taxonomy":"category","embeddable":true,"href":"https:\/\/www.africa-press.net\/djibouti\/wp-json\/wp\/v2\/categories?post=17425"},{"taxonomy":"post_tag","embeddable":true,"href":"https:\/\/www.africa-press.net\/djibouti\/wp-json\/wp\/v2\/tags?post=17425"}],"curies":[{"name":"wp","href":"https:\/\/api.w.org\/{rel}","templated":true}]}}