{"id":17433,"date":"2023-09-05T13:57:23","date_gmt":"2023-09-05T13:57:23","guid":{"rendered":"https:\/\/www.africa-press.net\/djibouti\/politique\/le-premier-ministre-preside-une-reunion-axee-sur-le-projet-dembellissement-de-la-ville-de-djibouti-et-des-cinq-regions-de-linterieur"},"modified":"2023-09-05T15:05:59","modified_gmt":"2023-09-05T15:05:59","slug":"le-premier-ministre-preside-une-reunion-axee-sur-le-projet-dembellissement-de-la-ville-de-djibouti-et-des-cinq-regions-de-linterieur","status":"publish","type":"post","link":"https:\/\/www.africa-press.net\/djibouti\/politique\/le-premier-ministre-preside-une-reunion-axee-sur-le-projet-dembellissement-de-la-ville-de-djibouti-et-des-cinq-regions-de-linterieur","title":{"rendered":"Le Premier ministre pr\u00e9side une r\u00e9union ax\u00e9e sur le projet d&#8217;embellissement de la ville de Djibouti et des cinq r\u00e9gions de l&rsquo;int\u00e9rieur"},"content":{"rendered":"<p><span style=\"color: #ff6600\"><strong>Africa-Press &#8211; Djibouti. <\/strong><\/span>Le Premier ministre, M. Abdoulkader Kamil Mohamed, a pre\u0301side\u0301 ce lundi une re\u0301union axe\u0301e sur le projet d&#8217;embellissement de la ville de Djibouti et des cinq re\u0301gions de l&rsquo;inte\u0301rieur.<\/p>\n<p>La re\u0301union a vu la pre\u0301sence du ministre de l&rsquo;Inte\u0301rieur, du ministre de l&rsquo;Agriculture, du ministre de\u0301le\u0301gue\u0301 a\u0300 la De\u0301centralisation, des pre\u0301fets des diffe\u0301rentes re\u0301gions et de la ville de Djibouti, ainsi que des repre\u0301sentants de diverses autres institutions.<\/p>\n<p>L&rsquo;ordre du jour de cette re\u0301union historique e\u0301tait axe\u0301 sur le projet d&#8217;embellissement de la ville de Djibouti et des cinq re\u0301gions de l&rsquo;inte\u0301rieur, en mettant particulie\u0300rement l&rsquo;accent sur l&rsquo;implantation d&rsquo;arbres dans les arte\u0300res principales.<\/p>\n<p>Le Premier ministre a rappele\u0301 que toutes les re\u0301gions et la ville de Djibouti disposent des moyens ne\u0301cessaires et disponibles pour mener a\u0300 bien cette mission ambitieuse.<\/p>\n<p>Un calendrier de mise en \u0153uvre et une strate\u0301gie de sensibilisation ont e\u0301te\u0301 e\u0301tablis pour la mise en \u0153uvre de ce projet d&#8217;embellissement.<\/p>\n<p>Il a e\u0301te\u0301 e\u0301labore\u0301 en e\u0301troite collaboration avec les autorite\u0301s locales et re\u0301gionales, garantissant ainsi une coordination efficace entre tous les acteurs implique\u0301s.<\/p>\n<p>Le Premier ministre a souligne\u0301 que la protection de l&rsquo;environnement demeure l&rsquo;une des priorite\u0301s du gouvernement de Djibouti.<\/p>\n<p>Il a affirme\u0301 que notre pays ne restera pas en marge des efforts mondiaux visant a\u0300 pre\u0301server la nature et a\u0300 promouvoir la durabilite\u0301 environnementale.<\/p>\n<p>En outre, le Premier ministre a indique\u0301 aux pre\u0301fets que \u00ab\u00a0ils sont les premiers vigiles de leurs villes respectives\u00a0\u00bb.<\/p>\n<p>\u00ab\u00a0Leur ro\u0302le crucial dans la mise en \u0153uvre de ce projet ne peut e\u0302tre sous-estime\u0301, et leur engagement est essentiel pour la re\u0301ussite de cette entreprise collective\u00a0\u00bb, a-t-il insiste\u0301.<\/p>\n<p>Cette re\u0301union s&rsquo;inscrit dans le cadre du suivi des ope\u0301rations de\u0301ja\u0300 entreprises.<\/p>\n<p>Elle marque aussi un nouveau de\u0301part face a\u0300 l&rsquo;immensite\u0301 de la ta\u0302che a\u0300 accomplir pour renforcer l&rsquo;attractivite\u0301 de nos villes.<\/p>\n<p>\u00ab\u00a0Nous sommes convaincus que cette initiative contribuera non seulement a\u0300 ame\u0301liorer la qualite\u0301 de vie de nos concitoyens, mais aussi a\u0300 renforcer la position de Djibouti en tant que champion de la protection de l&rsquo;environnement dans la re\u0301gion\u00a0\u00bb, a martele\u0301 en ce sens le Premier ministre.<\/p>\n<p>\u00ab\u00a0Le gouvernement de Djibouti, a-t-il ajoute\u0301, re\u0301ite\u0300re son engagement a\u0300 agir contre la de\u0301sertification et la de\u0301gradation de l&rsquo;environnement\u00a0\u00bb.<\/p>\n<p>Le Premier ministre, M. Abdoulkader Kamil Mohamed, a pre\u0301side\u0301 ce lundi une re\u0301union axe\u0301e sur le projet d&#8217;embellissement de la ville de Djibouti et des cinq re\u0301gions de l&rsquo;inte\u0301rieur.<\/p>\n<p>La re\u0301union a vu la pre\u0301sence du ministre de l&rsquo;Inte\u0301rieur, du ministre de l&rsquo;Agriculture, du ministre de\u0301le\u0301gue\u0301 a\u0300 la De\u0301centralisation, des pre\u0301fets des diffe\u0301rentes re\u0301gions et de la ville de Djibouti, ainsi que des repre\u0301sentants de diverses autres institutions.<\/p>\n<p>L&rsquo;ordre du jour de cette re\u0301union historique e\u0301tait axe\u0301 sur le projet d&#8217;embellissement de la ville de Djibouti et des cinq re\u0301gions de l&rsquo;inte\u0301rieur, en mettant particulie\u0300rement l&rsquo;accent sur l&rsquo;implantation d&rsquo;arbres dans les arte\u0300res principales.<\/p>\n<p>Le Premier ministre a rappele\u0301 que toutes les re\u0301gions et la ville de Djibouti disposent des moyens ne\u0301cessaires et disponibles pour mener a\u0300 bien cette mission ambitieuse.<\/p>\n<p>Un calendrier de mise en \u0153uvre et une strate\u0301gie de sensibilisation ont e\u0301te\u0301 e\u0301tablis pour la mise en \u0153uvre de ce projet d&#8217;embellissement.<\/p>\n<p>Il a e\u0301te\u0301 e\u0301labore\u0301 en e\u0301troite collaboration avec les autorite\u0301s locales et re\u0301gionales, garantissant ainsi une coordination efficace entre tous les acteurs implique\u0301s.<\/p>\n<p>Le Premier ministre a souligne\u0301 que la protection de l&rsquo;environnement demeure l&rsquo;une des priorite\u0301s du gouvernement de Djibouti.<\/p>\n<p>Il a affirme\u0301 que notre pays ne restera pas en marge des efforts mondiaux visant a\u0300 pre\u0301server la nature et a\u0300 promouvoir la durabilite\u0301 environnementale.<\/p>\n<p>En outre, le Premier ministre a indique\u0301 aux pre\u0301fets que \u00ab\u00a0ils sont les premiers vigiles de leurs villes respectives\u00a0\u00bb.<\/p>\n<p>\u00ab\u00a0Leur ro\u0302le crucial dans la mise en \u0153uvre de ce projet ne peut e\u0302tre sous-estime\u0301, et leur engagement est essentiel pour la re\u0301ussite de cette entreprise collective\u00a0\u00bb, a-t-il insiste\u0301.<\/p>\n<p>Cette re\u0301union s&rsquo;inscrit dans le cadre du suivi des ope\u0301rations de\u0301ja\u0300 entreprises.<\/p>\n<p>Elle marque aussi un nouveau de\u0301part face a\u0300 l&rsquo;immensite\u0301 de la ta\u0302che a\u0300 accomplir pour renforcer l&rsquo;attractivite\u0301 de nos villes.<\/p>\n<p>\u00ab\u00a0Nous sommes convaincus que cette initiative contribuera non seulement a\u0300 ame\u0301liorer la qualite\u0301 de vie de nos concitoyens, mais aussi a\u0300 renforcer la position de Djibouti en tant que champion de la protection de l&rsquo;environnement dans la re\u0301gion\u00a0\u00bb, a martele\u0301 en ce sens le Premier ministre.<\/p>\n<p>\u00ab\u00a0Le gouvernement de Djibouti, a-t-il ajoute\u0301, re\u0301ite\u0300re son engagement a\u0300 agir contre la de\u0301sertification et la de\u0301gradation de l&rsquo;environnement\u00a0\u00bb.<\/p>\n<p><strong>Pour plus d&rsquo;informations et d&rsquo;analyses sur la <a href=\"https:\/\/www.africa-press.net\/djibouti\">Djibouti<\/a>, suivez <a href=\"https:\/\/www.africa-press.net\/\">Africa-Press<\/a><\/strong><\/p>\n","protected":false},"excerpt":{"rendered":"<p>Africa-Press &#8211; Djibouti. Le Premier ministre, M. Abdoulkader Kamil Mohamed, a pre\u0301side\u0301 ce lundi une re\u0301union axe\u0301e sur le projet d&#8217;embellissement de la ville de Djibouti et des cinq re\u0301gions de l&rsquo;inte\u0301rieur. La re\u0301union a vu la pre\u0301sence du ministre de l&rsquo;Inte\u0301rieur, du ministre de l&rsquo;Agriculture, du ministre de\u0301le\u0301gue\u0301 a\u0300 la De\u0301centralisation, des pre\u0301fets des [&hellip;]<\/p>\n","protected":false},"author":82,"featured_media":17432,"comment_status":"open","ping_status":"closed","sticky":false,"template":"","format":"standard","meta":{"footnotes":""},"categories":[2,20,10],"tags":[36,49,50],"class_list":["post-17433","post","type-post","status-publish","format-standard","has-post-thumbnail","hentry","category-politique","category-top-nouvelles","category-toutes-les-actualites","tag-africa-press","tag-africa-press-djibouti","tag-djibouti"],"yoast_head":"<!-- This site is optimized with the Yoast SEO Premium plugin v26.1 (Yoast SEO v27.0) - https:\/\/yoast.com\/product\/yoast-seo-premium-wordpress\/ -->\n<title>Le Premier ministre pr\u00e9side une r\u00e9union ax\u00e9e sur le projet d&#039;embellissement de la ville de Djibouti et des cinq r\u00e9gions de l&#039;int\u00e9rieur - Djibouti<\/title>\n<meta name=\"description\" content=\"Le Premier ministre, M. Abdoulkader Kamil Mohamed, a pre\u0301side\u0301 ce lundi une re\u0301union axe\u0301e sur le projet d&#039;embellissemen ...\" \/>\n<meta name=\"robots\" content=\"index, follow, max-snippet:-1, max-image-preview:large, max-video-preview:-1\" \/>\n<link rel=\"canonical\" href=\"https:\/\/www.africa-press.net\/djibouti\/politique\/le-premier-ministre-preside-une-reunion-axee-sur-le-projet-dembellissement-de-la-ville-de-djibouti-et-des-cinq-regions-de-linterieur\" \/>\n<meta property=\"og:locale\" content=\"fr_FR\" \/>\n<meta property=\"og:type\" content=\"article\" \/>\n<meta property=\"og:title\" content=\"Le Premier ministre pr\u00e9side une r\u00e9union ax\u00e9e sur le projet d&#039;embellissement de la ville de Djibouti et des cinq r\u00e9gions de l&#039;int\u00e9rieur\" \/>\n<meta property=\"og:description\" content=\"Le Premier ministre, M. Abdoulkader Kamil Mohamed, a pre\u0301side\u0301 ce lundi une re\u0301union axe\u0301e sur le projet d&#039;embellissemen ...\" \/>\n<meta property=\"og:url\" content=\"https:\/\/www.africa-press.net\/djibouti\/politique\/le-premier-ministre-preside-une-reunion-axee-sur-le-projet-dembellissement-de-la-ville-de-djibouti-et-des-cinq-regions-de-linterieur\" \/>\n<meta property=\"og:site_name\" content=\"Djibouti\" \/>\n<meta property=\"article:published_time\" content=\"2023-09-05T13:57:23+00:00\" \/>\n<meta property=\"article:modified_time\" content=\"2023-09-05T15:05:59+00:00\" \/>\n<meta property=\"og:image\" content=\"https:\/\/static.africa-press.net\/djibouti\/sites\/52\/2023\/09\/sm_1693913707.57828.jpg\" \/>\n\t<meta property=\"og:image:width\" content=\"1080\" \/>\n\t<meta property=\"og:image:height\" content=\"608\" \/>\n\t<meta property=\"og:image:type\" content=\"image\/jpeg\" \/>\n<meta name=\"author\" content=\"cfeditorfr\" \/>\n<meta name=\"twitter:card\" content=\"summary_large_image\" \/>\n<meta name=\"twitter:label1\" content=\"\u00c9crit par\" \/>\n\t<meta name=\"twitter:data1\" content=\"cfeditorfr\" \/>\n\t<meta name=\"twitter:label2\" content=\"Dur\u00e9e de lecture estim\u00e9e\" \/>\n\t<meta name=\"twitter:data2\" content=\"4 minutes\" \/>\n<script type=\"application\/ld+json\" class=\"yoast-schema-graph\">{\"@context\":\"https:\/\/schema.org\",\"@graph\":[{\"@type\":\"Article\",\"@id\":\"https:\/\/www.africa-press.net\/djibouti\/politique\/le-premier-ministre-preside-une-reunion-axee-sur-le-projet-dembellissement-de-la-ville-de-djibouti-et-des-cinq-regions-de-linterieur#article\",\"isPartOf\":{\"@id\":\"https:\/\/www.africa-press.net\/djibouti\/politique\/le-premier-ministre-preside-une-reunion-axee-sur-le-projet-dembellissement-de-la-ville-de-djibouti-et-des-cinq-regions-de-linterieur\"},\"author\":{\"name\":\"cfeditorfr\",\"@id\":\"https:\/\/www.africa-press.net\/djibouti\/#\/schema\/person\/2b1cf3cd81a31e3cd26889ca66d677f1\"},\"headline\":\"Le Premier ministre pr\u00e9side une r\u00e9union ax\u00e9e sur le projet d&#8217;embellissement de la ville de Djibouti et des cinq r\u00e9gions de l&rsquo;int\u00e9rieur\",\"datePublished\":\"2023-09-05T13:57:23+00:00\",\"dateModified\":\"2023-09-05T15:05:59+00:00\",\"mainEntityOfPage\":{\"@id\":\"https:\/\/www.africa-press.net\/djibouti\/politique\/le-premier-ministre-preside-une-reunion-axee-sur-le-projet-dembellissement-de-la-ville-de-djibouti-et-des-cinq-regions-de-linterieur\"},\"wordCount\":906,\"commentCount\":0,\"image\":{\"@id\":\"https:\/\/www.africa-press.net\/djibouti\/politique\/le-premier-ministre-preside-une-reunion-axee-sur-le-projet-dembellissement-de-la-ville-de-djibouti-et-des-cinq-regions-de-linterieur#primaryimage\"},\"thumbnailUrl\":\"https:\/\/static.africa-press.net\/djibouti\/sites\/52\/2023\/09\/sm_1693913707.57828.jpg\",\"keywords\":[\"Africa Press\",\"Africa Press-Djibouti\",\"Djibouti\"],\"articleSection\":[\"Politique\",\"Top Nouvelles\",\"Toutes les actualit\u00e9s\"],\"inLanguage\":\"fr-FR\",\"potentialAction\":[{\"@type\":\"CommentAction\",\"name\":\"Comment\",\"target\":[\"https:\/\/www.africa-press.net\/djibouti\/politique\/le-premier-ministre-preside-une-reunion-axee-sur-le-projet-dembellissement-de-la-ville-de-djibouti-et-des-cinq-regions-de-linterieur#respond\"]}]},{\"@type\":\"WebPage\",\"@id\":\"https:\/\/www.africa-press.net\/djibouti\/politique\/le-premier-ministre-preside-une-reunion-axee-sur-le-projet-dembellissement-de-la-ville-de-djibouti-et-des-cinq-regions-de-linterieur\",\"url\":\"https:\/\/www.africa-press.net\/djibouti\/politique\/le-premier-ministre-preside-une-reunion-axee-sur-le-projet-dembellissement-de-la-ville-de-djibouti-et-des-cinq-regions-de-linterieur\",\"name\":\"Le Premier ministre pr\u00e9side une r\u00e9union ax\u00e9e sur le projet d'embellissement de la ville de Djibouti et des cinq r\u00e9gions de l'int\u00e9rieur - Djibouti\",\"isPartOf\":{\"@id\":\"https:\/\/www.africa-press.net\/djibouti\/#website\"},\"primaryImageOfPage\":{\"@id\":\"https:\/\/www.africa-press.net\/djibouti\/politique\/le-premier-ministre-preside-une-reunion-axee-sur-le-projet-dembellissement-de-la-ville-de-djibouti-et-des-cinq-regions-de-linterieur#primaryimage\"},\"image\":{\"@id\":\"https:\/\/www.africa-press.net\/djibouti\/politique\/le-premier-ministre-preside-une-reunion-axee-sur-le-projet-dembellissement-de-la-ville-de-djibouti-et-des-cinq-regions-de-linterieur#primaryimage\"},\"thumbnailUrl\":\"https:\/\/static.africa-press.net\/djibouti\/sites\/52\/2023\/09\/sm_1693913707.57828.jpg\",\"datePublished\":\"2023-09-05T13:57:23+00:00\",\"dateModified\":\"2023-09-05T15:05:59+00:00\",\"author\":{\"@id\":\"https:\/\/www.africa-press.net\/djibouti\/#\/schema\/person\/2b1cf3cd81a31e3cd26889ca66d677f1\"},\"description\":\"Le Premier ministre, M. Abdoulkader Kamil Mohamed, a pre\u0301side\u0301 ce lundi une re\u0301union axe\u0301e sur le projet d'embellissemen ...\",\"breadcrumb\":{\"@id\":\"https:\/\/www.africa-press.net\/djibouti\/politique\/le-premier-ministre-preside-une-reunion-axee-sur-le-projet-dembellissement-de-la-ville-de-djibouti-et-des-cinq-regions-de-linterieur#breadcrumb\"},\"inLanguage\":\"fr-FR\",\"potentialAction\":[{\"@type\":\"ReadAction\",\"target\":[\"https:\/\/www.africa-press.net\/djibouti\/politique\/le-premier-ministre-preside-une-reunion-axee-sur-le-projet-dembellissement-de-la-ville-de-djibouti-et-des-cinq-regions-de-linterieur\"]}]},{\"@type\":\"ImageObject\",\"inLanguage\":\"fr-FR\",\"@id\":\"https:\/\/www.africa-press.net\/djibouti\/politique\/le-premier-ministre-preside-une-reunion-axee-sur-le-projet-dembellissement-de-la-ville-de-djibouti-et-des-cinq-regions-de-linterieur#primaryimage\",\"url\":\"https:\/\/static.africa-press.net\/djibouti\/sites\/52\/2023\/09\/sm_1693913707.57828.jpg\",\"contentUrl\":\"https:\/\/static.africa-press.net\/djibouti\/sites\/52\/2023\/09\/sm_1693913707.57828.jpg\",\"width\":1080,\"height\":608,\"caption\":\"Le Premier ministre pr\u00e9side une r\u00e9union ax\u00e9e sur le projet d'embellissement de la ville de Djibouti et des cinq r\u00e9gions de l'int\u00e9rieur\"},{\"@type\":\"BreadcrumbList\",\"@id\":\"https:\/\/www.africa-press.net\/djibouti\/politique\/le-premier-ministre-preside-une-reunion-axee-sur-le-projet-dembellissement-de-la-ville-de-djibouti-et-des-cinq-regions-de-linterieur#breadcrumb\",\"itemListElement\":[{\"@type\":\"ListItem\",\"position\":1,\"name\":\"Accueil\",\"item\":\"https:\/\/www.africa-press.net\/djibouti\/\"},{\"@type\":\"ListItem\",\"position\":2,\"name\":\"Le Premier ministre pr\u00e9side une r\u00e9union ax\u00e9e sur le projet d&#8217;embellissement de la ville de Djibouti et des cinq r\u00e9gions de l&#8217;int\u00e9rieur\"}]},{\"@type\":\"WebSite\",\"@id\":\"https:\/\/www.africa-press.net\/djibouti\/#website\",\"url\":\"https:\/\/www.africa-press.net\/djibouti\/\",\"name\":\"Djibouti\",\"description\":\"Just another Africa News Agency Sites site\",\"potentialAction\":[{\"@type\":\"SearchAction\",\"target\":{\"@type\":\"EntryPoint\",\"urlTemplate\":\"https:\/\/www.africa-press.net\/djibouti\/?s={search_term_string}\"},\"query-input\":{\"@type\":\"PropertyValueSpecification\",\"valueRequired\":true,\"valueName\":\"search_term_string\"}}],\"inLanguage\":\"fr-FR\"},{\"@type\":\"Person\",\"@id\":\"https:\/\/www.africa-press.net\/djibouti\/#\/schema\/person\/2b1cf3cd81a31e3cd26889ca66d677f1\",\"name\":\"cfeditorfr\"}]}<\/script>\n<!-- \/ Yoast SEO Premium plugin. -->","yoast_head_json":{"title":"Le Premier ministre pr\u00e9side une r\u00e9union ax\u00e9e sur le projet d'embellissement de la ville de Djibouti et des cinq r\u00e9gions de l'int\u00e9rieur - Djibouti","description":"Le Premier ministre, M. Abdoulkader Kamil Mohamed, a pre\u0301side\u0301 ce lundi une re\u0301union axe\u0301e sur le projet d'embellissemen ...","robots":{"index":"index","follow":"follow","max-snippet":"max-snippet:-1","max-image-preview":"max-image-preview:large","max-video-preview":"max-video-preview:-1"},"canonical":"https:\/\/www.africa-press.net\/djibouti\/politique\/le-premier-ministre-preside-une-reunion-axee-sur-le-projet-dembellissement-de-la-ville-de-djibouti-et-des-cinq-regions-de-linterieur","og_locale":"fr_FR","og_type":"article","og_title":"Le Premier ministre pr\u00e9side une r\u00e9union ax\u00e9e sur le projet d'embellissement de la ville de Djibouti et des cinq r\u00e9gions de l'int\u00e9rieur","og_description":"Le Premier ministre, M. Abdoulkader Kamil Mohamed, a pre\u0301side\u0301 ce lundi une re\u0301union axe\u0301e sur le projet d'embellissemen ...","og_url":"https:\/\/www.africa-press.net\/djibouti\/politique\/le-premier-ministre-preside-une-reunion-axee-sur-le-projet-dembellissement-de-la-ville-de-djibouti-et-des-cinq-regions-de-linterieur","og_site_name":"Djibouti","article_published_time":"2023-09-05T13:57:23+00:00","article_modified_time":"2023-09-05T15:05:59+00:00","og_image":[{"width":1080,"height":608,"url":"https:\/\/static.africa-press.net\/djibouti\/sites\/52\/2023\/09\/sm_1693913707.57828.jpg","type":"image\/jpeg"}],"author":"cfeditorfr","twitter_card":"summary_large_image","twitter_misc":{"\u00c9crit par":"cfeditorfr","Dur\u00e9e de lecture estim\u00e9e":"4 minutes"},"schema":{"@context":"https:\/\/schema.org","@graph":[{"@type":"Article","@id":"https:\/\/www.africa-press.net\/djibouti\/politique\/le-premier-ministre-preside-une-reunion-axee-sur-le-projet-dembellissement-de-la-ville-de-djibouti-et-des-cinq-regions-de-linterieur#article","isPartOf":{"@id":"https:\/\/www.africa-press.net\/djibouti\/politique\/le-premier-ministre-preside-une-reunion-axee-sur-le-projet-dembellissement-de-la-ville-de-djibouti-et-des-cinq-regions-de-linterieur"},"author":{"name":"cfeditorfr","@id":"https:\/\/www.africa-press.net\/djibouti\/#\/schema\/person\/2b1cf3cd81a31e3cd26889ca66d677f1"},"headline":"Le Premier ministre pr\u00e9side une r\u00e9union ax\u00e9e sur le projet d&#8217;embellissement de la ville de Djibouti et des cinq r\u00e9gions de l&rsquo;int\u00e9rieur","datePublished":"2023-09-05T13:57:23+00:00","dateModified":"2023-09-05T15:05:59+00:00","mainEntityOfPage":{"@id":"https:\/\/www.africa-press.net\/djibouti\/politique\/le-premier-ministre-preside-une-reunion-axee-sur-le-projet-dembellissement-de-la-ville-de-djibouti-et-des-cinq-regions-de-linterieur"},"wordCount":906,"commentCount":0,"image":{"@id":"https:\/\/www.africa-press.net\/djibouti\/politique\/le-premier-ministre-preside-une-reunion-axee-sur-le-projet-dembellissement-de-la-ville-de-djibouti-et-des-cinq-regions-de-linterieur#primaryimage"},"thumbnailUrl":"https:\/\/static.africa-press.net\/djibouti\/sites\/52\/2023\/09\/sm_1693913707.57828.jpg","keywords":["Africa Press","Africa Press-Djibouti","Djibouti"],"articleSection":["Politique","Top Nouvelles","Toutes les actualit\u00e9s"],"inLanguage":"fr-FR","potentialAction":[{"@type":"CommentAction","name":"Comment","target":["https:\/\/www.africa-press.net\/djibouti\/politique\/le-premier-ministre-preside-une-reunion-axee-sur-le-projet-dembellissement-de-la-ville-de-djibouti-et-des-cinq-regions-de-linterieur#respond"]}]},{"@type":"WebPage","@id":"https:\/\/www.africa-press.net\/djibouti\/politique\/le-premier-ministre-preside-une-reunion-axee-sur-le-projet-dembellissement-de-la-ville-de-djibouti-et-des-cinq-regions-de-linterieur","url":"https:\/\/www.africa-press.net\/djibouti\/politique\/le-premier-ministre-preside-une-reunion-axee-sur-le-projet-dembellissement-de-la-ville-de-djibouti-et-des-cinq-regions-de-linterieur","name":"Le Premier ministre pr\u00e9side une r\u00e9union ax\u00e9e sur le projet d'embellissement de la ville de Djibouti et des cinq r\u00e9gions de l'int\u00e9rieur - Djibouti","isPartOf":{"@id":"https:\/\/www.africa-press.net\/djibouti\/#website"},"primaryImageOfPage":{"@id":"https:\/\/www.africa-press.net\/djibouti\/politique\/le-premier-ministre-preside-une-reunion-axee-sur-le-projet-dembellissement-de-la-ville-de-djibouti-et-des-cinq-regions-de-linterieur#primaryimage"},"image":{"@id":"https:\/\/www.africa-press.net\/djibouti\/politique\/le-premier-ministre-preside-une-reunion-axee-sur-le-projet-dembellissement-de-la-ville-de-djibouti-et-des-cinq-regions-de-linterieur#primaryimage"},"thumbnailUrl":"https:\/\/static.africa-press.net\/djibouti\/sites\/52\/2023\/09\/sm_1693913707.57828.jpg","datePublished":"2023-09-05T13:57:23+00:00","dateModified":"2023-09-05T15:05:59+00:00","author":{"@id":"https:\/\/www.africa-press.net\/djibouti\/#\/schema\/person\/2b1cf3cd81a31e3cd26889ca66d677f1"},"description":"Le Premier ministre, M. Abdoulkader Kamil Mohamed, a pre\u0301side\u0301 ce lundi une re\u0301union axe\u0301e sur le projet d'embellissemen ...","breadcrumb":{"@id":"https:\/\/www.africa-press.net\/djibouti\/politique\/le-premier-ministre-preside-une-reunion-axee-sur-le-projet-dembellissement-de-la-ville-de-djibouti-et-des-cinq-regions-de-linterieur#breadcrumb"},"inLanguage":"fr-FR","potentialAction":[{"@type":"ReadAction","target":["https:\/\/www.africa-press.net\/djibouti\/politique\/le-premier-ministre-preside-une-reunion-axee-sur-le-projet-dembellissement-de-la-ville-de-djibouti-et-des-cinq-regions-de-linterieur"]}]},{"@type":"ImageObject","inLanguage":"fr-FR","@id":"https:\/\/www.africa-press.net\/djibouti\/politique\/le-premier-ministre-preside-une-reunion-axee-sur-le-projet-dembellissement-de-la-ville-de-djibouti-et-des-cinq-regions-de-linterieur#primaryimage","url":"https:\/\/static.africa-press.net\/djibouti\/sites\/52\/2023\/09\/sm_1693913707.57828.jpg","contentUrl":"https:\/\/static.africa-press.net\/djibouti\/sites\/52\/2023\/09\/sm_1693913707.57828.jpg","width":1080,"height":608,"caption":"Le Premier ministre pr\u00e9side une r\u00e9union ax\u00e9e sur le projet d'embellissement de la ville de Djibouti et des cinq r\u00e9gions de l'int\u00e9rieur"},{"@type":"BreadcrumbList","@id":"https:\/\/www.africa-press.net\/djibouti\/politique\/le-premier-ministre-preside-une-reunion-axee-sur-le-projet-dembellissement-de-la-ville-de-djibouti-et-des-cinq-regions-de-linterieur#breadcrumb","itemListElement":[{"@type":"ListItem","position":1,"name":"Accueil","item":"https:\/\/www.africa-press.net\/djibouti\/"},{"@type":"ListItem","position":2,"name":"Le Premier ministre pr\u00e9side une r\u00e9union ax\u00e9e sur le projet d&#8217;embellissement de la ville de Djibouti et des cinq r\u00e9gions de l&#8217;int\u00e9rieur"}]},{"@type":"WebSite","@id":"https:\/\/www.africa-press.net\/djibouti\/#website","url":"https:\/\/www.africa-press.net\/djibouti\/","name":"Djibouti","description":"Just another Africa News Agency Sites site","potentialAction":[{"@type":"SearchAction","target":{"@type":"EntryPoint","urlTemplate":"https:\/\/www.africa-press.net\/djibouti\/?s={search_term_string}"},"query-input":{"@type":"PropertyValueSpecification","valueRequired":true,"valueName":"search_term_string"}}],"inLanguage":"fr-FR"},{"@type":"Person","@id":"https:\/\/www.africa-press.net\/djibouti\/#\/schema\/person\/2b1cf3cd81a31e3cd26889ca66d677f1","name":"cfeditorfr"}]}},"_links":{"self":[{"href":"https:\/\/www.africa-press.net\/djibouti\/wp-json\/wp\/v2\/posts\/17433","targetHints":{"allow":["GET"]}}],"collection":[{"href":"https:\/\/www.africa-press.net\/djibouti\/wp-json\/wp\/v2\/posts"}],"about":[{"href":"https:\/\/www.africa-press.net\/djibouti\/wp-json\/wp\/v2\/types\/post"}],"author":[{"embeddable":true,"href":"https:\/\/www.africa-press.net\/djibouti\/wp-json\/wp\/v2\/users\/82"}],"replies":[{"embeddable":true,"href":"https:\/\/www.africa-press.net\/djibouti\/wp-json\/wp\/v2\/comments?post=17433"}],"version-history":[{"count":0,"href":"https:\/\/www.africa-press.net\/djibouti\/wp-json\/wp\/v2\/posts\/17433\/revisions"}],"wp:featuredmedia":[{"embeddable":true,"href":"https:\/\/www.africa-press.net\/djibouti\/wp-json\/wp\/v2\/media\/17432"}],"wp:attachment":[{"href":"https:\/\/www.africa-press.net\/djibouti\/wp-json\/wp\/v2\/media?parent=17433"}],"wp:term":[{"taxonomy":"category","embeddable":true,"href":"https:\/\/www.africa-press.net\/djibouti\/wp-json\/wp\/v2\/categories?post=17433"},{"taxonomy":"post_tag","embeddable":true,"href":"https:\/\/www.africa-press.net\/djibouti\/wp-json\/wp\/v2\/tags?post=17433"}],"curies":[{"name":"wp","href":"https:\/\/api.w.org\/{rel}","templated":true}]}}