{"id":17446,"date":"2023-09-05T14:42:03","date_gmt":"2023-09-05T14:42:03","guid":{"rendered":"https:\/\/www.africa-press.net\/djibouti\/politique\/reunion-de-travail-entre-le-ministre-de-la-decentralisation-et-les-presidents-des-communes-de-la-ville-de-djibouti"},"modified":"2023-09-05T15:35:41","modified_gmt":"2023-09-05T15:35:41","slug":"reunion-de-travail-entre-le-ministre-de-la-decentralisation-et-les-presidents-des-communes-de-la-ville-de-djibouti","status":"publish","type":"post","link":"https:\/\/www.africa-press.net\/djibouti\/politique\/reunion-de-travail-entre-le-ministre-de-la-decentralisation-et-les-presidents-des-communes-de-la-ville-de-djibouti","title":{"rendered":"R\u00e9union de travail entre le ministre de la d\u00e9centralisation et les pr\u00e9sidents des communes de la ville de Djibouti"},"content":{"rendered":"<p><span style=\"color: #ff6600\"><strong>Africa-Press &#8211; Djibouti. <\/strong><\/span>Le ministre de\u0301le\u0301gue\u0301 charge\u0301 de la De\u0301centralisation, Kassim Haroun Ali, a organise\u0301 dans son bureau jeudi dernier une re\u0301union de travail avec les pre\u0301sidents des communes de la ville de Djibouti.<\/p>\n<p>Le ministre a commence\u0301 la re\u0301union avec les pre\u0301sidents des communes de Boulaos et de Balbala, le pre\u0301sident de la commune de Ras-Dika s\u2019est joint a\u0300 eux un peu plus tard. Cette re\u0301union, qui marque la rentre\u0301e politique des e\u0301lus, est une occasion pour le ministre de rappeler a\u0300 ces derniers les directives et les grandes orientations de sa mission conforme\u0301ment a\u0300 la feuille de route du Pre\u0301sident de la Re\u0301publique, Ismail Omar Guelleh..<\/p>\n<p>En effet, le ministre a exhorte\u0301 les pre\u0301sidents des communes a\u0300 planifier leurs activite\u0301s et a\u0300 composer avec la socie\u0301te\u0301 civile. Chacun d\u2019entre eux doit pre\u0301parer un plan d\u2019action bimestriel qui fera l\u2019objet d\u2019un rapport a\u0300 la fin de son exe\u0301cution. Ce rapport devra e\u0302tre transmis au ministre a\u0300 titre d\u2019information. Le ministre a, de son co\u0302te\u0301, assure\u0301 les pre\u0301sidents des communes de la ville de Djibouti.de son soutien pour la bonne re\u0301alisation de leurs missions.<\/p>\n<p>&nbsp;<\/p>\n<p><strong>Pour plus d&rsquo;informations et d&rsquo;analyses sur la <a href=\"https:\/\/www.africa-press.net\/djibouti\">Djibouti<\/a>, suivez <a href=\"https:\/\/www.africa-press.net\/\">Africa-Press<\/a><\/strong><\/p>\n","protected":false},"excerpt":{"rendered":"<p>Africa-Press &#8211; Djibouti. Le ministre de\u0301le\u0301gue\u0301 charge\u0301 de la De\u0301centralisation, Kassim Haroun Ali, a organise\u0301 dans son bureau jeudi dernier une re\u0301union de travail avec les pre\u0301sidents des communes de la ville de Djibouti. Le ministre a commence\u0301 la re\u0301union avec les pre\u0301sidents des communes de Boulaos et de Balbala, le pre\u0301sident de la commune [&hellip;]<\/p>\n","protected":false},"author":82,"featured_media":17445,"comment_status":"open","ping_status":"closed","sticky":false,"template":"","format":"standard","meta":{"footnotes":""},"categories":[2,10],"tags":[36,49,50],"class_list":["post-17446","post","type-post","status-publish","format-standard","has-post-thumbnail","hentry","category-politique","category-toutes-les-actualites","tag-africa-press","tag-africa-press-djibouti","tag-djibouti"],"yoast_head":"<!-- This site is optimized with the Yoast SEO Premium plugin v26.1 (Yoast SEO v27.0) - https:\/\/yoast.com\/product\/yoast-seo-premium-wordpress\/ -->\n<title>R\u00e9union de travail entre le ministre de la d\u00e9centralisation et les pr\u00e9sidents des communes de la ville de Djibouti - Djibouti<\/title>\n<meta name=\"description\" content=\"Le ministre de\u0301le\u0301gue\u0301 charge\u0301 de la De\u0301centralisation, Kassim Haroun Ali, a organise\u0301 dans son bureau jeudi dernier une ...\" \/>\n<meta name=\"robots\" content=\"index, follow, max-snippet:-1, max-image-preview:large, max-video-preview:-1\" \/>\n<link rel=\"canonical\" href=\"https:\/\/www.africa-press.net\/djibouti\/politique\/reunion-de-travail-entre-le-ministre-de-la-decentralisation-et-les-presidents-des-communes-de-la-ville-de-djibouti\" \/>\n<meta property=\"og:locale\" content=\"fr_FR\" \/>\n<meta property=\"og:type\" content=\"article\" \/>\n<meta property=\"og:title\" content=\"R\u00e9union de travail entre le ministre de la d\u00e9centralisation et les pr\u00e9sidents des communes de la ville de Djibouti\" \/>\n<meta property=\"og:description\" content=\"Le ministre de\u0301le\u0301gue\u0301 charge\u0301 de la De\u0301centralisation, Kassim Haroun Ali, a organise\u0301 dans son bureau jeudi dernier une ...\" \/>\n<meta property=\"og:url\" content=\"https:\/\/www.africa-press.net\/djibouti\/politique\/reunion-de-travail-entre-le-ministre-de-la-decentralisation-et-les-presidents-des-communes-de-la-ville-de-djibouti\" \/>\n<meta property=\"og:site_name\" content=\"Djibouti\" \/>\n<meta property=\"article:published_time\" content=\"2023-09-05T14:42:03+00:00\" \/>\n<meta property=\"article:modified_time\" content=\"2023-09-05T15:35:41+00:00\" \/>\n<meta property=\"og:image\" content=\"https:\/\/static.africa-press.net\/djibouti\/sites\/52\/2023\/09\/sm_1693915513.862979.jpg\" \/>\n\t<meta property=\"og:image:width\" content=\"720\" \/>\n\t<meta property=\"og:image:height\" content=\"540\" \/>\n\t<meta property=\"og:image:type\" content=\"image\/jpeg\" \/>\n<meta name=\"author\" content=\"cfeditorfr\" \/>\n<meta name=\"twitter:card\" content=\"summary_large_image\" \/>\n<meta name=\"twitter:label1\" content=\"\u00c9crit par\" \/>\n\t<meta name=\"twitter:data1\" content=\"cfeditorfr\" \/>\n\t<meta name=\"twitter:label2\" content=\"Dur\u00e9e de lecture estim\u00e9e\" \/>\n\t<meta name=\"twitter:data2\" content=\"1 minute\" \/>\n<script type=\"application\/ld+json\" class=\"yoast-schema-graph\">{\"@context\":\"https:\/\/schema.org\",\"@graph\":[{\"@type\":\"Article\",\"@id\":\"https:\/\/www.africa-press.net\/djibouti\/politique\/reunion-de-travail-entre-le-ministre-de-la-decentralisation-et-les-presidents-des-communes-de-la-ville-de-djibouti#article\",\"isPartOf\":{\"@id\":\"https:\/\/www.africa-press.net\/djibouti\/politique\/reunion-de-travail-entre-le-ministre-de-la-decentralisation-et-les-presidents-des-communes-de-la-ville-de-djibouti\"},\"author\":{\"name\":\"cfeditorfr\",\"@id\":\"https:\/\/www.africa-press.net\/djibouti\/#\/schema\/person\/2b1cf3cd81a31e3cd26889ca66d677f1\"},\"headline\":\"R\u00e9union de travail entre le ministre de la d\u00e9centralisation et les pr\u00e9sidents des communes de la ville de Djibouti\",\"datePublished\":\"2023-09-05T14:42:03+00:00\",\"dateModified\":\"2023-09-05T15:35:41+00:00\",\"mainEntityOfPage\":{\"@id\":\"https:\/\/www.africa-press.net\/djibouti\/politique\/reunion-de-travail-entre-le-ministre-de-la-decentralisation-et-les-presidents-des-communes-de-la-ville-de-djibouti\"},\"wordCount\":249,\"commentCount\":0,\"image\":{\"@id\":\"https:\/\/www.africa-press.net\/djibouti\/politique\/reunion-de-travail-entre-le-ministre-de-la-decentralisation-et-les-presidents-des-communes-de-la-ville-de-djibouti#primaryimage\"},\"thumbnailUrl\":\"https:\/\/static.africa-press.net\/djibouti\/sites\/52\/2023\/09\/sm_1693915513.862979.jpg\",\"keywords\":[\"Africa Press\",\"Africa Press-Djibouti\",\"Djibouti\"],\"articleSection\":[\"Politique\",\"Toutes les actualit\u00e9s\"],\"inLanguage\":\"fr-FR\",\"potentialAction\":[{\"@type\":\"CommentAction\",\"name\":\"Comment\",\"target\":[\"https:\/\/www.africa-press.net\/djibouti\/politique\/reunion-de-travail-entre-le-ministre-de-la-decentralisation-et-les-presidents-des-communes-de-la-ville-de-djibouti#respond\"]}]},{\"@type\":\"WebPage\",\"@id\":\"https:\/\/www.africa-press.net\/djibouti\/politique\/reunion-de-travail-entre-le-ministre-de-la-decentralisation-et-les-presidents-des-communes-de-la-ville-de-djibouti\",\"url\":\"https:\/\/www.africa-press.net\/djibouti\/politique\/reunion-de-travail-entre-le-ministre-de-la-decentralisation-et-les-presidents-des-communes-de-la-ville-de-djibouti\",\"name\":\"R\u00e9union de travail entre le ministre de la d\u00e9centralisation et les pr\u00e9sidents des communes de la ville de Djibouti - Djibouti\",\"isPartOf\":{\"@id\":\"https:\/\/www.africa-press.net\/djibouti\/#website\"},\"primaryImageOfPage\":{\"@id\":\"https:\/\/www.africa-press.net\/djibouti\/politique\/reunion-de-travail-entre-le-ministre-de-la-decentralisation-et-les-presidents-des-communes-de-la-ville-de-djibouti#primaryimage\"},\"image\":{\"@id\":\"https:\/\/www.africa-press.net\/djibouti\/politique\/reunion-de-travail-entre-le-ministre-de-la-decentralisation-et-les-presidents-des-communes-de-la-ville-de-djibouti#primaryimage\"},\"thumbnailUrl\":\"https:\/\/static.africa-press.net\/djibouti\/sites\/52\/2023\/09\/sm_1693915513.862979.jpg\",\"datePublished\":\"2023-09-05T14:42:03+00:00\",\"dateModified\":\"2023-09-05T15:35:41+00:00\",\"author\":{\"@id\":\"https:\/\/www.africa-press.net\/djibouti\/#\/schema\/person\/2b1cf3cd81a31e3cd26889ca66d677f1\"},\"description\":\"Le ministre de\u0301le\u0301gue\u0301 charge\u0301 de la De\u0301centralisation, Kassim Haroun Ali, a organise\u0301 dans son bureau jeudi dernier une ...\",\"breadcrumb\":{\"@id\":\"https:\/\/www.africa-press.net\/djibouti\/politique\/reunion-de-travail-entre-le-ministre-de-la-decentralisation-et-les-presidents-des-communes-de-la-ville-de-djibouti#breadcrumb\"},\"inLanguage\":\"fr-FR\",\"potentialAction\":[{\"@type\":\"ReadAction\",\"target\":[\"https:\/\/www.africa-press.net\/djibouti\/politique\/reunion-de-travail-entre-le-ministre-de-la-decentralisation-et-les-presidents-des-communes-de-la-ville-de-djibouti\"]}]},{\"@type\":\"ImageObject\",\"inLanguage\":\"fr-FR\",\"@id\":\"https:\/\/www.africa-press.net\/djibouti\/politique\/reunion-de-travail-entre-le-ministre-de-la-decentralisation-et-les-presidents-des-communes-de-la-ville-de-djibouti#primaryimage\",\"url\":\"https:\/\/static.africa-press.net\/djibouti\/sites\/52\/2023\/09\/sm_1693915513.862979.jpg\",\"contentUrl\":\"https:\/\/static.africa-press.net\/djibouti\/sites\/52\/2023\/09\/sm_1693915513.862979.jpg\",\"width\":720,\"height\":540,\"caption\":\"R\u00e9union de travail entre le ministre de la d\u00e9centralisation et les pr\u00e9sidents des communes de la ville de Djibouti\"},{\"@type\":\"BreadcrumbList\",\"@id\":\"https:\/\/www.africa-press.net\/djibouti\/politique\/reunion-de-travail-entre-le-ministre-de-la-decentralisation-et-les-presidents-des-communes-de-la-ville-de-djibouti#breadcrumb\",\"itemListElement\":[{\"@type\":\"ListItem\",\"position\":1,\"name\":\"Accueil\",\"item\":\"https:\/\/www.africa-press.net\/djibouti\/\"},{\"@type\":\"ListItem\",\"position\":2,\"name\":\"R\u00e9union de travail entre le ministre de la d\u00e9centralisation et les pr\u00e9sidents des communes de la ville de Djibouti\"}]},{\"@type\":\"WebSite\",\"@id\":\"https:\/\/www.africa-press.net\/djibouti\/#website\",\"url\":\"https:\/\/www.africa-press.net\/djibouti\/\",\"name\":\"Djibouti\",\"description\":\"Just another Africa News Agency Sites site\",\"potentialAction\":[{\"@type\":\"SearchAction\",\"target\":{\"@type\":\"EntryPoint\",\"urlTemplate\":\"https:\/\/www.africa-press.net\/djibouti\/?s={search_term_string}\"},\"query-input\":{\"@type\":\"PropertyValueSpecification\",\"valueRequired\":true,\"valueName\":\"search_term_string\"}}],\"inLanguage\":\"fr-FR\"},{\"@type\":\"Person\",\"@id\":\"https:\/\/www.africa-press.net\/djibouti\/#\/schema\/person\/2b1cf3cd81a31e3cd26889ca66d677f1\",\"name\":\"cfeditorfr\"}]}<\/script>\n<!-- \/ Yoast SEO Premium plugin. -->","yoast_head_json":{"title":"R\u00e9union de travail entre le ministre de la d\u00e9centralisation et les pr\u00e9sidents des communes de la ville de Djibouti - Djibouti","description":"Le ministre de\u0301le\u0301gue\u0301 charge\u0301 de la De\u0301centralisation, Kassim Haroun Ali, a organise\u0301 dans son bureau jeudi dernier une ...","robots":{"index":"index","follow":"follow","max-snippet":"max-snippet:-1","max-image-preview":"max-image-preview:large","max-video-preview":"max-video-preview:-1"},"canonical":"https:\/\/www.africa-press.net\/djibouti\/politique\/reunion-de-travail-entre-le-ministre-de-la-decentralisation-et-les-presidents-des-communes-de-la-ville-de-djibouti","og_locale":"fr_FR","og_type":"article","og_title":"R\u00e9union de travail entre le ministre de la d\u00e9centralisation et les pr\u00e9sidents des communes de la ville de Djibouti","og_description":"Le ministre de\u0301le\u0301gue\u0301 charge\u0301 de la De\u0301centralisation, Kassim Haroun Ali, a organise\u0301 dans son bureau jeudi dernier une ...","og_url":"https:\/\/www.africa-press.net\/djibouti\/politique\/reunion-de-travail-entre-le-ministre-de-la-decentralisation-et-les-presidents-des-communes-de-la-ville-de-djibouti","og_site_name":"Djibouti","article_published_time":"2023-09-05T14:42:03+00:00","article_modified_time":"2023-09-05T15:35:41+00:00","og_image":[{"width":720,"height":540,"url":"https:\/\/static.africa-press.net\/djibouti\/sites\/52\/2023\/09\/sm_1693915513.862979.jpg","type":"image\/jpeg"}],"author":"cfeditorfr","twitter_card":"summary_large_image","twitter_misc":{"\u00c9crit par":"cfeditorfr","Dur\u00e9e de lecture estim\u00e9e":"1 minute"},"schema":{"@context":"https:\/\/schema.org","@graph":[{"@type":"Article","@id":"https:\/\/www.africa-press.net\/djibouti\/politique\/reunion-de-travail-entre-le-ministre-de-la-decentralisation-et-les-presidents-des-communes-de-la-ville-de-djibouti#article","isPartOf":{"@id":"https:\/\/www.africa-press.net\/djibouti\/politique\/reunion-de-travail-entre-le-ministre-de-la-decentralisation-et-les-presidents-des-communes-de-la-ville-de-djibouti"},"author":{"name":"cfeditorfr","@id":"https:\/\/www.africa-press.net\/djibouti\/#\/schema\/person\/2b1cf3cd81a31e3cd26889ca66d677f1"},"headline":"R\u00e9union de travail entre le ministre de la d\u00e9centralisation et les pr\u00e9sidents des communes de la ville de Djibouti","datePublished":"2023-09-05T14:42:03+00:00","dateModified":"2023-09-05T15:35:41+00:00","mainEntityOfPage":{"@id":"https:\/\/www.africa-press.net\/djibouti\/politique\/reunion-de-travail-entre-le-ministre-de-la-decentralisation-et-les-presidents-des-communes-de-la-ville-de-djibouti"},"wordCount":249,"commentCount":0,"image":{"@id":"https:\/\/www.africa-press.net\/djibouti\/politique\/reunion-de-travail-entre-le-ministre-de-la-decentralisation-et-les-presidents-des-communes-de-la-ville-de-djibouti#primaryimage"},"thumbnailUrl":"https:\/\/static.africa-press.net\/djibouti\/sites\/52\/2023\/09\/sm_1693915513.862979.jpg","keywords":["Africa Press","Africa Press-Djibouti","Djibouti"],"articleSection":["Politique","Toutes les actualit\u00e9s"],"inLanguage":"fr-FR","potentialAction":[{"@type":"CommentAction","name":"Comment","target":["https:\/\/www.africa-press.net\/djibouti\/politique\/reunion-de-travail-entre-le-ministre-de-la-decentralisation-et-les-presidents-des-communes-de-la-ville-de-djibouti#respond"]}]},{"@type":"WebPage","@id":"https:\/\/www.africa-press.net\/djibouti\/politique\/reunion-de-travail-entre-le-ministre-de-la-decentralisation-et-les-presidents-des-communes-de-la-ville-de-djibouti","url":"https:\/\/www.africa-press.net\/djibouti\/politique\/reunion-de-travail-entre-le-ministre-de-la-decentralisation-et-les-presidents-des-communes-de-la-ville-de-djibouti","name":"R\u00e9union de travail entre le ministre de la d\u00e9centralisation et les pr\u00e9sidents des communes de la ville de Djibouti - Djibouti","isPartOf":{"@id":"https:\/\/www.africa-press.net\/djibouti\/#website"},"primaryImageOfPage":{"@id":"https:\/\/www.africa-press.net\/djibouti\/politique\/reunion-de-travail-entre-le-ministre-de-la-decentralisation-et-les-presidents-des-communes-de-la-ville-de-djibouti#primaryimage"},"image":{"@id":"https:\/\/www.africa-press.net\/djibouti\/politique\/reunion-de-travail-entre-le-ministre-de-la-decentralisation-et-les-presidents-des-communes-de-la-ville-de-djibouti#primaryimage"},"thumbnailUrl":"https:\/\/static.africa-press.net\/djibouti\/sites\/52\/2023\/09\/sm_1693915513.862979.jpg","datePublished":"2023-09-05T14:42:03+00:00","dateModified":"2023-09-05T15:35:41+00:00","author":{"@id":"https:\/\/www.africa-press.net\/djibouti\/#\/schema\/person\/2b1cf3cd81a31e3cd26889ca66d677f1"},"description":"Le ministre de\u0301le\u0301gue\u0301 charge\u0301 de la De\u0301centralisation, Kassim Haroun Ali, a organise\u0301 dans son bureau jeudi dernier une ...","breadcrumb":{"@id":"https:\/\/www.africa-press.net\/djibouti\/politique\/reunion-de-travail-entre-le-ministre-de-la-decentralisation-et-les-presidents-des-communes-de-la-ville-de-djibouti#breadcrumb"},"inLanguage":"fr-FR","potentialAction":[{"@type":"ReadAction","target":["https:\/\/www.africa-press.net\/djibouti\/politique\/reunion-de-travail-entre-le-ministre-de-la-decentralisation-et-les-presidents-des-communes-de-la-ville-de-djibouti"]}]},{"@type":"ImageObject","inLanguage":"fr-FR","@id":"https:\/\/www.africa-press.net\/djibouti\/politique\/reunion-de-travail-entre-le-ministre-de-la-decentralisation-et-les-presidents-des-communes-de-la-ville-de-djibouti#primaryimage","url":"https:\/\/static.africa-press.net\/djibouti\/sites\/52\/2023\/09\/sm_1693915513.862979.jpg","contentUrl":"https:\/\/static.africa-press.net\/djibouti\/sites\/52\/2023\/09\/sm_1693915513.862979.jpg","width":720,"height":540,"caption":"R\u00e9union de travail entre le ministre de la d\u00e9centralisation et les pr\u00e9sidents des communes de la ville de Djibouti"},{"@type":"BreadcrumbList","@id":"https:\/\/www.africa-press.net\/djibouti\/politique\/reunion-de-travail-entre-le-ministre-de-la-decentralisation-et-les-presidents-des-communes-de-la-ville-de-djibouti#breadcrumb","itemListElement":[{"@type":"ListItem","position":1,"name":"Accueil","item":"https:\/\/www.africa-press.net\/djibouti\/"},{"@type":"ListItem","position":2,"name":"R\u00e9union de travail entre le ministre de la d\u00e9centralisation et les pr\u00e9sidents des communes de la ville de Djibouti"}]},{"@type":"WebSite","@id":"https:\/\/www.africa-press.net\/djibouti\/#website","url":"https:\/\/www.africa-press.net\/djibouti\/","name":"Djibouti","description":"Just another Africa News Agency Sites site","potentialAction":[{"@type":"SearchAction","target":{"@type":"EntryPoint","urlTemplate":"https:\/\/www.africa-press.net\/djibouti\/?s={search_term_string}"},"query-input":{"@type":"PropertyValueSpecification","valueRequired":true,"valueName":"search_term_string"}}],"inLanguage":"fr-FR"},{"@type":"Person","@id":"https:\/\/www.africa-press.net\/djibouti\/#\/schema\/person\/2b1cf3cd81a31e3cd26889ca66d677f1","name":"cfeditorfr"}]}},"_links":{"self":[{"href":"https:\/\/www.africa-press.net\/djibouti\/wp-json\/wp\/v2\/posts\/17446","targetHints":{"allow":["GET"]}}],"collection":[{"href":"https:\/\/www.africa-press.net\/djibouti\/wp-json\/wp\/v2\/posts"}],"about":[{"href":"https:\/\/www.africa-press.net\/djibouti\/wp-json\/wp\/v2\/types\/post"}],"author":[{"embeddable":true,"href":"https:\/\/www.africa-press.net\/djibouti\/wp-json\/wp\/v2\/users\/82"}],"replies":[{"embeddable":true,"href":"https:\/\/www.africa-press.net\/djibouti\/wp-json\/wp\/v2\/comments?post=17446"}],"version-history":[{"count":0,"href":"https:\/\/www.africa-press.net\/djibouti\/wp-json\/wp\/v2\/posts\/17446\/revisions"}],"wp:featuredmedia":[{"embeddable":true,"href":"https:\/\/www.africa-press.net\/djibouti\/wp-json\/wp\/v2\/media\/17445"}],"wp:attachment":[{"href":"https:\/\/www.africa-press.net\/djibouti\/wp-json\/wp\/v2\/media?parent=17446"}],"wp:term":[{"taxonomy":"category","embeddable":true,"href":"https:\/\/www.africa-press.net\/djibouti\/wp-json\/wp\/v2\/categories?post=17446"},{"taxonomy":"post_tag","embeddable":true,"href":"https:\/\/www.africa-press.net\/djibouti\/wp-json\/wp\/v2\/tags?post=17446"}],"curies":[{"name":"wp","href":"https:\/\/api.w.org\/{rel}","templated":true}]}}