{"id":17451,"date":"2023-09-05T14:42:22","date_gmt":"2023-09-05T14:42:22","guid":{"rendered":"https:\/\/www.africa-press.net\/djibouti\/politique\/rentree-scolaire-2023-a-arta"},"modified":"2023-09-05T15:36:22","modified_gmt":"2023-09-05T15:36:22","slug":"rentree-scolaire-2023-a-arta","status":"publish","type":"post","link":"https:\/\/www.africa-press.net\/djibouti\/culture-et-art\/rentree-scolaire-2023-a-arta","title":{"rendered":"Rentr\u00e9e scolaire 2023 \u00e0 Arta"},"content":{"rendered":"<p><span style=\"color: #ff6600\"><strong>Africa-Press &#8211; Djibouti. <\/strong><\/span>La rentre\u0301e scolaire 2023 a eu lieu aussi a\u0300 l\u2019e\u0301cole primaire d\u2019Arta a\u0300 l\u2019instar de tous les e\u0301tablissements. La journe\u0301e e\u0301tait remplie d\u2019excitation, de retrouvailles et de promesses pour cette nouvelle anne\u0301e scolaire.<\/p>\n<p>De\u0300s l\u2019aube de la journe\u0301e du dimanche 3 septembre, l\u2019effervescence e\u0301tait palpable. Les e\u0301le\u0300ves de toutes les classes se sont rassemble\u0301s devant les grilles de l\u2019e\u0301cole, accompagne\u0301s de leurs parents qui e\u0301taient a\u0300 la fois fiers et e\u0301mus de les voir grandir. Le directeur de l\u2019e\u0301cole primaire, M. Mouktar Omar Aden, le Pre\u0301fet de la re\u0301gion d\u2019Arta, Hassan Dabaleh, le Pre\u0301sident du Conseil Re\u0301gional, Elmi Bouh, et plusieurs hauts cadres de la re\u0301gion ont ouvert la journe\u0301e avec des discours inspirants, rappelant l\u2019importance de l\u2019e\u0301ducation, de l\u2019engagement et du respect mutuel au sein de la communaute\u0301 scolaire.<\/p>\n<p>Leurs allocutions ont suscite\u0301 l\u2019enthousiasme de tous les e\u0301le\u0300ves, qui se sont promis de donner le meilleur d\u2019eux-me\u0302mes pour cette anne\u0301e a\u0300 venir.<\/p>\n<p>Ensuite, les e\u0301le\u0300ves ont e\u0301te\u0301 conduits dans leurs nouvelles classes, ou\u0300 ils ont retrouve\u0301s leurs amis et leurs professeurs. Les sourires et les e\u0301clats de rire e\u0301taient omnipre\u0301sents, te\u0301moignant de l\u2019attachement et de la complicite\u0301 qui se sont forge\u0301s tout au long de leurs anne\u0301es passe\u0301es ensemble.<\/p>\n<p>Les professeurs ont pre\u0301sente\u0301 les re\u0300gles de vie, les attentes pe\u0301dagogiques et les projets passionnants qui les attendent cet anne\u0301e.<\/p>\n<p>Chaque e\u0301le\u0300ve s\u2019est vu remettre un emploi du temps de\u0301taille\u0301, rempli de de\u0301couvertes et de de\u0301fis a\u0300 relever.<\/p>\n<p>Apre\u0300s une matine\u0301e bien remplie, une pause-de\u0301jeuner tant attendue a permis aux e\u0301le\u0300ves de retrouver l\u2019appe\u0301tit tout en partageant leurs expe\u0301riences de vacances. Le re\u0301fectoire e\u0301tait anime\u0301 de discussions et de rires contagieux.<\/p>\n<p><b>Meyam Medask<\/b><\/p>\n\r\n                <style type=\"text\/css\">\r\n                    \r\n                    #td_uid_1_69efb5c5962de  .td-doubleSlider-2 .td-item1 {\r\n                        background: url(https:\/\/static.africa-press.net\/djibouti\/sites\/52\/2023\/09\/sm_1693915529.14131-80x60.jpg) 0 0 no-repeat;\r\n                    }\r\n                    #td_uid_1_69efb5c5962de  .td-doubleSlider-2 .td-item2 {\r\n                        background: url(https:\/\/static.africa-press.net\/djibouti\/sites\/52\/2023\/09\/sm_1693915539.2975-80x60.jpg) 0 0 no-repeat;\r\n                    }\r\n                <\/style>\r\n\r\n                <div id=\"td_uid_1_69efb5c5962de\" class=\"td-gallery td-slide-on-2-columns\">\r\n                    <div class=\"post_td_gallery\">\r\n                        <div class=\"td-gallery-slide-top\">\r\n                           <div class=\"td-gallery-title\"><\/div>\r\n\r\n                            <div class=\"td-gallery-controls-wrapper\">\r\n                                <div class=\"td-gallery-slide-count\"><span class=\"td-gallery-slide-item-focus\">1<\/span> de 2<\/div>\r\n                                <div class=\"td-gallery-slide-prev-next-but\">\r\n                                    <i class = \"td-icon-left doubleSliderPrevButton\"><\/i>\r\n                                    <i class = \"td-icon-right doubleSliderNextButton\"><\/i>\r\n                                <\/div>\r\n                            <\/div>\r\n                        <\/div>\r\n\r\n                        <div class = \"td-doubleSlider-1 \">\r\n                            <div class = \"td-slider\">\r\n                                \r\n                    <div class = \"td-slide-item td-item1\">\r\n                        <figure class=\"td-slide-galery-figure td-slide-popup-gallery\">\r\n                            <a class=\"slide-gallery-image-link\" href=\"https:\/\/static.africa-press.net\/djibouti\/sites\/52\/2023\/09\/sm_1693915529.14131.jpg\" title=\"sm_1693915529.14131\"  data-caption=\"\"  data-description=\"\">\r\n                                <img decoding=\"async\" src=\"https:\/\/static.africa-press.net\/djibouti\/sites\/52\/2023\/09\/sm_1693915529.14131.jpg\" srcset=\"https:\/\/static.africa-press.net\/djibouti\/sites\/52\/2023\/09\/sm_1693915529.14131.jpg 1024w, https:\/\/static.africa-press.net\/djibouti\/sites\/52\/2023\/09\/sm_1693915529.14131-300x226.jpg 300w, https:\/\/static.africa-press.net\/djibouti\/sites\/52\/2023\/09\/sm_1693915529.14131-768x578.jpg 768w, https:\/\/static.africa-press.net\/djibouti\/sites\/52\/2023\/09\/sm_1693915529.14131-80x60.jpg 80w\" sizes=\"(max-width: 1024px) 100vw, 1024px\" alt=\"\">\r\n                            <\/a>\r\n                            \r\n                        <\/figure>\r\n                    <\/div>\r\n                    <div class = \"td-slide-item td-item2\">\r\n                        <figure class=\"td-slide-galery-figure td-slide-popup-gallery\">\r\n                            <a class=\"slide-gallery-image-link\" href=\"https:\/\/static.africa-press.net\/djibouti\/sites\/52\/2023\/09\/sm_1693915539.2975.jpg\" title=\"sm_1693915539.2975\"  data-caption=\"\"  data-description=\"\">\r\n                                <img decoding=\"async\" src=\"https:\/\/static.africa-press.net\/djibouti\/sites\/52\/2023\/09\/sm_1693915539.2975.jpg\" srcset=\"https:\/\/static.africa-press.net\/djibouti\/sites\/52\/2023\/09\/sm_1693915539.2975.jpg 696w, https:\/\/static.africa-press.net\/djibouti\/sites\/52\/2023\/09\/sm_1693915539.2975-300x233.jpg 300w\" sizes=\"(max-width: 696px) 100vw, 696px\" alt=\"\">\r\n                            <\/a>\r\n                            \r\n                        <\/figure>\r\n                    <\/div>\r\n                            <\/div>\r\n                        <\/div>\r\n\r\n                        <div class = \"td-doubleSlider-2\">\r\n                            <div class = \"td-slider\">\r\n                                \r\n                    <div class = \"td-button td-item1\">\r\n                        <div class = \"td-border\"><\/div>\r\n                    <\/div>\r\n                    <div class = \"td-button td-item2\">\r\n                        <div class = \"td-border\"><\/div>\r\n                    <\/div>\r\n                            <\/div>\r\n                        <\/div>\r\n\r\n                    <\/div>\r\n\r\n                <\/div>\r\n                \n<p><strong>Pour plus d&rsquo;informations et d&rsquo;analyses sur la <a href=\"https:\/\/www.africa-press.net\/djibouti\">Djibouti<\/a>, suivez <a href=\"https:\/\/www.africa-press.net\/\">Africa-Press<\/a><\/strong><\/p>\n","protected":false},"excerpt":{"rendered":"<p>Africa-Press &#8211; Djibouti. La rentre\u0301e scolaire 2023 a eu lieu aussi a\u0300 l\u2019e\u0301cole primaire d\u2019Arta a\u0300 l\u2019instar de tous les e\u0301tablissements. La journe\u0301e e\u0301tait remplie d\u2019excitation, de retrouvailles et de promesses pour cette nouvelle anne\u0301e scolaire. De\u0300s l\u2019aube de la journe\u0301e du dimanche 3 septembre, l\u2019effervescence e\u0301tait palpable. Les e\u0301le\u0300ves de toutes les classes se [&hellip;]<\/p>\n","protected":false},"author":82,"featured_media":17450,"comment_status":"open","ping_status":"closed","sticky":false,"template":"","format":"standard","meta":{"footnotes":""},"categories":[5,8,10],"tags":[36,49,50],"class_list":["post-17451","post","type-post","status-publish","format-standard","has-post-thumbnail","hentry","category-culture-et-art","category-photo","category-toutes-les-actualites","tag-africa-press","tag-africa-press-djibouti","tag-djibouti"],"yoast_head":"<!-- This site is optimized with the Yoast SEO Premium plugin v26.1 (Yoast SEO v27.0) - https:\/\/yoast.com\/product\/yoast-seo-premium-wordpress\/ -->\n<title>Rentr\u00e9e scolaire 2023 \u00e0 Arta - Djibouti<\/title>\n<meta name=\"description\" content=\"La rentre\u0301e scolaire 2023 a eu lieu aussi a\u0300 l\u2019e\u0301cole primaire d\u2019Arta a\u0300 l\u2019instar de tous les e\u0301tablissements. La journe ...\" \/>\n<meta name=\"robots\" content=\"index, follow, max-snippet:-1, max-image-preview:large, max-video-preview:-1\" \/>\n<link rel=\"canonical\" href=\"https:\/\/www.africa-press.net\/djibouti\/culture-et-art\/rentree-scolaire-2023-a-arta\" \/>\n<meta property=\"og:locale\" content=\"fr_FR\" \/>\n<meta property=\"og:type\" content=\"article\" \/>\n<meta property=\"og:title\" content=\"Rentr\u00e9e scolaire 2023 \u00e0 Arta\" \/>\n<meta property=\"og:description\" content=\"La rentre\u0301e scolaire 2023 a eu lieu aussi a\u0300 l\u2019e\u0301cole primaire d\u2019Arta a\u0300 l\u2019instar de tous les e\u0301tablissements. La journe ...\" \/>\n<meta property=\"og:url\" content=\"https:\/\/www.africa-press.net\/djibouti\/culture-et-art\/rentree-scolaire-2023-a-arta\" \/>\n<meta property=\"og:site_name\" content=\"Djibouti\" \/>\n<meta property=\"article:published_time\" content=\"2023-09-05T14:42:22+00:00\" \/>\n<meta property=\"article:modified_time\" content=\"2023-09-05T15:36:22+00:00\" \/>\n<meta property=\"og:image\" content=\"https:\/\/static.africa-press.net\/djibouti\/sites\/52\/2023\/09\/sm_1693915550.994952.jpg\" \/>\n\t<meta property=\"og:image:width\" content=\"1280\" \/>\n\t<meta property=\"og:image:height\" content=\"720\" \/>\n\t<meta property=\"og:image:type\" content=\"image\/jpeg\" \/>\n<meta name=\"author\" content=\"cfeditorfr\" \/>\n<meta name=\"twitter:card\" content=\"summary_large_image\" \/>\n<meta name=\"twitter:label1\" content=\"\u00c9crit par\" \/>\n\t<meta name=\"twitter:data1\" content=\"cfeditorfr\" \/>\n\t<meta name=\"twitter:label2\" content=\"Dur\u00e9e de lecture estim\u00e9e\" \/>\n\t<meta name=\"twitter:data2\" content=\"2 minutes\" \/>\n<script type=\"application\/ld+json\" class=\"yoast-schema-graph\">{\"@context\":\"https:\/\/schema.org\",\"@graph\":[{\"@type\":\"Article\",\"@id\":\"https:\/\/www.africa-press.net\/djibouti\/culture-et-art\/rentree-scolaire-2023-a-arta#article\",\"isPartOf\":{\"@id\":\"https:\/\/www.africa-press.net\/djibouti\/culture-et-art\/rentree-scolaire-2023-a-arta\"},\"author\":{\"name\":\"cfeditorfr\",\"@id\":\"https:\/\/www.africa-press.net\/djibouti\/#\/schema\/person\/2b1cf3cd81a31e3cd26889ca66d677f1\"},\"headline\":\"Rentr\u00e9e scolaire 2023 \u00e0 Arta\",\"datePublished\":\"2023-09-05T14:42:22+00:00\",\"dateModified\":\"2023-09-05T15:36:22+00:00\",\"mainEntityOfPage\":{\"@id\":\"https:\/\/www.africa-press.net\/djibouti\/culture-et-art\/rentree-scolaire-2023-a-arta\"},\"wordCount\":374,\"commentCount\":0,\"image\":{\"@id\":\"https:\/\/www.africa-press.net\/djibouti\/culture-et-art\/rentree-scolaire-2023-a-arta#primaryimage\"},\"thumbnailUrl\":\"https:\/\/static.africa-press.net\/djibouti\/sites\/52\/2023\/09\/sm_1693915550.994952.jpg\",\"keywords\":[\"Africa Press\",\"Africa Press-Djibouti\",\"Djibouti\"],\"articleSection\":[\"Culture et Art\",\"Photo\",\"Toutes les actualit\u00e9s\"],\"inLanguage\":\"fr-FR\",\"potentialAction\":[{\"@type\":\"CommentAction\",\"name\":\"Comment\",\"target\":[\"https:\/\/www.africa-press.net\/djibouti\/culture-et-art\/rentree-scolaire-2023-a-arta#respond\"]}]},{\"@type\":\"WebPage\",\"@id\":\"https:\/\/www.africa-press.net\/djibouti\/culture-et-art\/rentree-scolaire-2023-a-arta\",\"url\":\"https:\/\/www.africa-press.net\/djibouti\/culture-et-art\/rentree-scolaire-2023-a-arta\",\"name\":\"Rentr\u00e9e scolaire 2023 \u00e0 Arta - Djibouti\",\"isPartOf\":{\"@id\":\"https:\/\/www.africa-press.net\/djibouti\/#website\"},\"primaryImageOfPage\":{\"@id\":\"https:\/\/www.africa-press.net\/djibouti\/culture-et-art\/rentree-scolaire-2023-a-arta#primaryimage\"},\"image\":{\"@id\":\"https:\/\/www.africa-press.net\/djibouti\/culture-et-art\/rentree-scolaire-2023-a-arta#primaryimage\"},\"thumbnailUrl\":\"https:\/\/static.africa-press.net\/djibouti\/sites\/52\/2023\/09\/sm_1693915550.994952.jpg\",\"datePublished\":\"2023-09-05T14:42:22+00:00\",\"dateModified\":\"2023-09-05T15:36:22+00:00\",\"author\":{\"@id\":\"https:\/\/www.africa-press.net\/djibouti\/#\/schema\/person\/2b1cf3cd81a31e3cd26889ca66d677f1\"},\"description\":\"La rentre\u0301e scolaire 2023 a eu lieu aussi a\u0300 l\u2019e\u0301cole primaire d\u2019Arta a\u0300 l\u2019instar de tous les e\u0301tablissements. La journe ...\",\"breadcrumb\":{\"@id\":\"https:\/\/www.africa-press.net\/djibouti\/culture-et-art\/rentree-scolaire-2023-a-arta#breadcrumb\"},\"inLanguage\":\"fr-FR\",\"potentialAction\":[{\"@type\":\"ReadAction\",\"target\":[\"https:\/\/www.africa-press.net\/djibouti\/culture-et-art\/rentree-scolaire-2023-a-arta\"]}]},{\"@type\":\"ImageObject\",\"inLanguage\":\"fr-FR\",\"@id\":\"https:\/\/www.africa-press.net\/djibouti\/culture-et-art\/rentree-scolaire-2023-a-arta#primaryimage\",\"url\":\"https:\/\/static.africa-press.net\/djibouti\/sites\/52\/2023\/09\/sm_1693915550.994952.jpg\",\"contentUrl\":\"https:\/\/static.africa-press.net\/djibouti\/sites\/52\/2023\/09\/sm_1693915550.994952.jpg\",\"width\":1280,\"height\":720,\"caption\":\"Rentr\u00e9e scolaire 2023 \u00e0 Arta\"},{\"@type\":\"BreadcrumbList\",\"@id\":\"https:\/\/www.africa-press.net\/djibouti\/culture-et-art\/rentree-scolaire-2023-a-arta#breadcrumb\",\"itemListElement\":[{\"@type\":\"ListItem\",\"position\":1,\"name\":\"Accueil\",\"item\":\"https:\/\/www.africa-press.net\/djibouti\/\"},{\"@type\":\"ListItem\",\"position\":2,\"name\":\"Rentr\u00e9e scolaire 2023 \u00e0 Arta\"}]},{\"@type\":\"WebSite\",\"@id\":\"https:\/\/www.africa-press.net\/djibouti\/#website\",\"url\":\"https:\/\/www.africa-press.net\/djibouti\/\",\"name\":\"Djibouti\",\"description\":\"Just another Africa News Agency Sites site\",\"potentialAction\":[{\"@type\":\"SearchAction\",\"target\":{\"@type\":\"EntryPoint\",\"urlTemplate\":\"https:\/\/www.africa-press.net\/djibouti\/?s={search_term_string}\"},\"query-input\":{\"@type\":\"PropertyValueSpecification\",\"valueRequired\":true,\"valueName\":\"search_term_string\"}}],\"inLanguage\":\"fr-FR\"},{\"@type\":\"Person\",\"@id\":\"https:\/\/www.africa-press.net\/djibouti\/#\/schema\/person\/2b1cf3cd81a31e3cd26889ca66d677f1\",\"name\":\"cfeditorfr\"}]}<\/script>\n<!-- \/ Yoast SEO Premium plugin. -->","yoast_head_json":{"title":"Rentr\u00e9e scolaire 2023 \u00e0 Arta - Djibouti","description":"La rentre\u0301e scolaire 2023 a eu lieu aussi a\u0300 l\u2019e\u0301cole primaire d\u2019Arta a\u0300 l\u2019instar de tous les e\u0301tablissements. La journe ...","robots":{"index":"index","follow":"follow","max-snippet":"max-snippet:-1","max-image-preview":"max-image-preview:large","max-video-preview":"max-video-preview:-1"},"canonical":"https:\/\/www.africa-press.net\/djibouti\/culture-et-art\/rentree-scolaire-2023-a-arta","og_locale":"fr_FR","og_type":"article","og_title":"Rentr\u00e9e scolaire 2023 \u00e0 Arta","og_description":"La rentre\u0301e scolaire 2023 a eu lieu aussi a\u0300 l\u2019e\u0301cole primaire d\u2019Arta a\u0300 l\u2019instar de tous les e\u0301tablissements. La journe ...","og_url":"https:\/\/www.africa-press.net\/djibouti\/culture-et-art\/rentree-scolaire-2023-a-arta","og_site_name":"Djibouti","article_published_time":"2023-09-05T14:42:22+00:00","article_modified_time":"2023-09-05T15:36:22+00:00","og_image":[{"width":1280,"height":720,"url":"https:\/\/static.africa-press.net\/djibouti\/sites\/52\/2023\/09\/sm_1693915550.994952.jpg","type":"image\/jpeg"}],"author":"cfeditorfr","twitter_card":"summary_large_image","twitter_misc":{"\u00c9crit par":"cfeditorfr","Dur\u00e9e de lecture estim\u00e9e":"2 minutes"},"schema":{"@context":"https:\/\/schema.org","@graph":[{"@type":"Article","@id":"https:\/\/www.africa-press.net\/djibouti\/culture-et-art\/rentree-scolaire-2023-a-arta#article","isPartOf":{"@id":"https:\/\/www.africa-press.net\/djibouti\/culture-et-art\/rentree-scolaire-2023-a-arta"},"author":{"name":"cfeditorfr","@id":"https:\/\/www.africa-press.net\/djibouti\/#\/schema\/person\/2b1cf3cd81a31e3cd26889ca66d677f1"},"headline":"Rentr\u00e9e scolaire 2023 \u00e0 Arta","datePublished":"2023-09-05T14:42:22+00:00","dateModified":"2023-09-05T15:36:22+00:00","mainEntityOfPage":{"@id":"https:\/\/www.africa-press.net\/djibouti\/culture-et-art\/rentree-scolaire-2023-a-arta"},"wordCount":374,"commentCount":0,"image":{"@id":"https:\/\/www.africa-press.net\/djibouti\/culture-et-art\/rentree-scolaire-2023-a-arta#primaryimage"},"thumbnailUrl":"https:\/\/static.africa-press.net\/djibouti\/sites\/52\/2023\/09\/sm_1693915550.994952.jpg","keywords":["Africa Press","Africa Press-Djibouti","Djibouti"],"articleSection":["Culture et Art","Photo","Toutes les actualit\u00e9s"],"inLanguage":"fr-FR","potentialAction":[{"@type":"CommentAction","name":"Comment","target":["https:\/\/www.africa-press.net\/djibouti\/culture-et-art\/rentree-scolaire-2023-a-arta#respond"]}]},{"@type":"WebPage","@id":"https:\/\/www.africa-press.net\/djibouti\/culture-et-art\/rentree-scolaire-2023-a-arta","url":"https:\/\/www.africa-press.net\/djibouti\/culture-et-art\/rentree-scolaire-2023-a-arta","name":"Rentr\u00e9e scolaire 2023 \u00e0 Arta - Djibouti","isPartOf":{"@id":"https:\/\/www.africa-press.net\/djibouti\/#website"},"primaryImageOfPage":{"@id":"https:\/\/www.africa-press.net\/djibouti\/culture-et-art\/rentree-scolaire-2023-a-arta#primaryimage"},"image":{"@id":"https:\/\/www.africa-press.net\/djibouti\/culture-et-art\/rentree-scolaire-2023-a-arta#primaryimage"},"thumbnailUrl":"https:\/\/static.africa-press.net\/djibouti\/sites\/52\/2023\/09\/sm_1693915550.994952.jpg","datePublished":"2023-09-05T14:42:22+00:00","dateModified":"2023-09-05T15:36:22+00:00","author":{"@id":"https:\/\/www.africa-press.net\/djibouti\/#\/schema\/person\/2b1cf3cd81a31e3cd26889ca66d677f1"},"description":"La rentre\u0301e scolaire 2023 a eu lieu aussi a\u0300 l\u2019e\u0301cole primaire d\u2019Arta a\u0300 l\u2019instar de tous les e\u0301tablissements. La journe ...","breadcrumb":{"@id":"https:\/\/www.africa-press.net\/djibouti\/culture-et-art\/rentree-scolaire-2023-a-arta#breadcrumb"},"inLanguage":"fr-FR","potentialAction":[{"@type":"ReadAction","target":["https:\/\/www.africa-press.net\/djibouti\/culture-et-art\/rentree-scolaire-2023-a-arta"]}]},{"@type":"ImageObject","inLanguage":"fr-FR","@id":"https:\/\/www.africa-press.net\/djibouti\/culture-et-art\/rentree-scolaire-2023-a-arta#primaryimage","url":"https:\/\/static.africa-press.net\/djibouti\/sites\/52\/2023\/09\/sm_1693915550.994952.jpg","contentUrl":"https:\/\/static.africa-press.net\/djibouti\/sites\/52\/2023\/09\/sm_1693915550.994952.jpg","width":1280,"height":720,"caption":"Rentr\u00e9e scolaire 2023 \u00e0 Arta"},{"@type":"BreadcrumbList","@id":"https:\/\/www.africa-press.net\/djibouti\/culture-et-art\/rentree-scolaire-2023-a-arta#breadcrumb","itemListElement":[{"@type":"ListItem","position":1,"name":"Accueil","item":"https:\/\/www.africa-press.net\/djibouti\/"},{"@type":"ListItem","position":2,"name":"Rentr\u00e9e scolaire 2023 \u00e0 Arta"}]},{"@type":"WebSite","@id":"https:\/\/www.africa-press.net\/djibouti\/#website","url":"https:\/\/www.africa-press.net\/djibouti\/","name":"Djibouti","description":"Just another Africa News Agency Sites site","potentialAction":[{"@type":"SearchAction","target":{"@type":"EntryPoint","urlTemplate":"https:\/\/www.africa-press.net\/djibouti\/?s={search_term_string}"},"query-input":{"@type":"PropertyValueSpecification","valueRequired":true,"valueName":"search_term_string"}}],"inLanguage":"fr-FR"},{"@type":"Person","@id":"https:\/\/www.africa-press.net\/djibouti\/#\/schema\/person\/2b1cf3cd81a31e3cd26889ca66d677f1","name":"cfeditorfr"}]}},"_links":{"self":[{"href":"https:\/\/www.africa-press.net\/djibouti\/wp-json\/wp\/v2\/posts\/17451","targetHints":{"allow":["GET"]}}],"collection":[{"href":"https:\/\/www.africa-press.net\/djibouti\/wp-json\/wp\/v2\/posts"}],"about":[{"href":"https:\/\/www.africa-press.net\/djibouti\/wp-json\/wp\/v2\/types\/post"}],"author":[{"embeddable":true,"href":"https:\/\/www.africa-press.net\/djibouti\/wp-json\/wp\/v2\/users\/82"}],"replies":[{"embeddable":true,"href":"https:\/\/www.africa-press.net\/djibouti\/wp-json\/wp\/v2\/comments?post=17451"}],"version-history":[{"count":0,"href":"https:\/\/www.africa-press.net\/djibouti\/wp-json\/wp\/v2\/posts\/17451\/revisions"}],"wp:featuredmedia":[{"embeddable":true,"href":"https:\/\/www.africa-press.net\/djibouti\/wp-json\/wp\/v2\/media\/17450"}],"wp:attachment":[{"href":"https:\/\/www.africa-press.net\/djibouti\/wp-json\/wp\/v2\/media?parent=17451"}],"wp:term":[{"taxonomy":"category","embeddable":true,"href":"https:\/\/www.africa-press.net\/djibouti\/wp-json\/wp\/v2\/categories?post=17451"},{"taxonomy":"post_tag","embeddable":true,"href":"https:\/\/www.africa-press.net\/djibouti\/wp-json\/wp\/v2\/tags?post=17451"}],"curies":[{"name":"wp","href":"https:\/\/api.w.org\/{rel}","templated":true}]}}