{"id":17456,"date":"2023-09-05T14:42:46","date_gmt":"2023-09-05T14:42:46","guid":{"rendered":"https:\/\/www.africa-press.net\/djibouti\/politique\/rentree-scolaire-2023-2024-a-obock"},"modified":"2023-09-05T15:37:03","modified_gmt":"2023-09-05T15:37:03","slug":"rentree-scolaire-2023-2024-a-obock","status":"publish","type":"post","link":"https:\/\/www.africa-press.net\/djibouti\/culture-et-art\/rentree-scolaire-2023-2024-a-obock","title":{"rendered":"Rentr\u00e9e scolaire 2023-2024 \u00e0 Obock"},"content":{"rendered":"<p><span style=\"color: #ff6600\"><strong>Africa-Press &#8211; Djibouti. <\/strong><\/span>Comme dans l\u2019ensemble du pays, la rentre\u0301e scolaire 2023-2024 s\u2019est de\u0301roule\u0301e le dimanche 3 septembre 2023 dans les e\u0301tablissements de l\u2019enseignement de base et de moyen de la re\u0301gion d\u2019Obock, ou\u0300 quelques 2 000 e\u0301le\u0300ves du primaire et environ 700 e\u0301le\u0300ves du colle\u0300ge, dans l\u2019ensemble de la re\u0301gion, ont regagne\u0301 les bancs des e\u0301coles.<\/p>\n<p>Le MENFOP avait pris les dispositions ne\u0301cessaires pour favoriser le bon de\u0301roulement de la nouvelle rentre\u0301e des classes, notamment en engageant les travaux de re\u0301fection et de re\u0301paration dans les e\u0301coles telles que Waddi, Assassin et Oulma ou\u0300 des salles de classe avaient e\u0301te\u0301 endommage\u0301es par un vent violent durant la pe\u0301riode des vacances scolaires et ce dans le but d\u2019accueillir les e\u0301le\u0300ves dans les meilleures conditions possibles.<\/p>\n<p>Comme a\u0300 l\u2019accoutume\u0301e, les autorite\u0301s locales, compose\u0301es notamment du pre\u0301fet-Adjoint M. Mohamed Awad et du pre\u0301sident du Conseil Re\u0301gional, M. Mohamed Houmed Ismael et accompagne\u0301es par l\u2019inspecteur de l\u2019e\u0301ducation M. Hamadou Ali Mohamed, ont effectue\u0301 une tourne\u0301e dans les e\u0301tablissements de l\u2019enseignement de base et de l\u2019enseignement moyen du chef-lieu, afin de superviser le bon de\u0301roulement de la rentre\u0301e scolaire.<\/p>\n<p>La de\u0301le\u0301gation s\u2019est rendue d\u2019abord a\u0300 l\u2019e\u0301cole d\u2019Obock1 qui est la plus grande e\u0301cole de la re\u0301gion et qui accueille au total 560 e\u0301le\u0300ves, ou\u0300 la de\u0301le\u0301gation a e\u0301te\u0301 accueillie par le directeur de cette e\u0301cole, M. Abdoulkader Kassim.<\/p>\n<p>La de\u0301le\u0301gation s\u2019est rendue ensuite successivement au colle\u0300ge d\u2019obock, a\u0300 l\u2019e\u0301cole d\u2019obock 2, a\u0300 l\u2019e\u0301cole bilingue et technologique d\u2019obock, a\u0300 l\u2019e\u0301cole Alrahma et enfin a\u0300 l\u2019e\u0301cole Markazi pour les re\u0301fugie\u0301s ye\u0301me\u0301nites.<\/p>\n<p>A cette occasion la de\u0301le\u0301gation s\u2019est re\u0301jouie des bonnes conditions dans lesquelles s\u2019est de\u0301roule\u0301 l\u2019accueil des e\u0301le\u0300ves dans tous ces e\u0301tablissements scolaires ou\u0300 re\u0301gnait une ambiance de joie.<\/p>\n<p>L\u2019inspecteur de l\u2019e\u0301ducation re\u0301gionale d\u2019Obock M. Hamadou Ali a rappele\u0301 dans son intervention, les principales nouveaute\u0301s intervenues cette anne\u0301e dans le domaine e\u0301ducatif, au niveau dans la re\u0301gion d\u2019Obock, a\u0300 l\u2019instar de l\u2019ouverture d\u2019une nouvelle e\u0301cole a\u0300 Souwali, l\u2019ouverture d\u2019un colle\u0300ge a\u0300 Khor-Angar et l\u2019extension de l\u2019e\u0301cole de Moulhouleh. A cela s\u2019ajoute le de\u0301veloppement de l\u2019enseignement de l\u2019anglais dans toutes les e\u0301coles de la re\u0301gion et enfin l\u2019ouverture des classes pre\u0301scolaires dans la plupart des e\u0301coles de la re\u0301gion d\u2019Obock, a-t-il ponctue\u0301. L\u2019inspecteur Hamadou a par ailleurs souligne\u0301 que toutes ces initiatives te\u0301moignent les efforts conside\u0301rables consentis par le MENFOP pour de\u0301velopper l\u2019e\u0301ducation dans notre pays, tant sur les plans de l\u2019acce\u0300s, de l\u2019e\u0301quite\u0301 que de la qualite\u0301.<\/p>\n<p>D\u2019autre part, les parents d\u2019e\u0301le\u0300ves ont exprime\u0301 leur satisfaction concernant le de\u0301veloppement de l\u2019e\u0301ducation dans la re\u0301gion d\u2019Obock, avec l\u2019augmentation conse\u0301quente des effectifs des e\u0301le\u0300ves mais aussi la re\u0301ussite aux diffe\u0301rents examens de fin d\u2019anne\u0301e, enregistre\u0301e ces dernie\u0300res anne\u0301es.<\/p>\n\r\n                <style type=\"text\/css\">\r\n                    \r\n                    #td_uid_1_69efb5dc38611  .td-doubleSlider-2 .td-item1 {\r\n                        background: url(https:\/\/static.africa-press.net\/djibouti\/sites\/52\/2023\/09\/sm_1693915576.688128-80x60.jpg) 0 0 no-repeat;\r\n                    }\r\n                    #td_uid_1_69efb5dc38611  .td-doubleSlider-2 .td-item2 {\r\n                        background: url(https:\/\/static.africa-press.net\/djibouti\/sites\/52\/2023\/09\/sm_1693915590.23574-80x60.jpg) 0 0 no-repeat;\r\n                    }\r\n                <\/style>\r\n\r\n                <div id=\"td_uid_1_69efb5dc38611\" class=\"td-gallery td-slide-on-2-columns\">\r\n                    <div class=\"post_td_gallery\">\r\n                        <div class=\"td-gallery-slide-top\">\r\n                           <div class=\"td-gallery-title\"><\/div>\r\n\r\n                            <div class=\"td-gallery-controls-wrapper\">\r\n                                <div class=\"td-gallery-slide-count\"><span class=\"td-gallery-slide-item-focus\">1<\/span> de 2<\/div>\r\n                                <div class=\"td-gallery-slide-prev-next-but\">\r\n                                    <i class = \"td-icon-left doubleSliderPrevButton\"><\/i>\r\n                                    <i class = \"td-icon-right doubleSliderNextButton\"><\/i>\r\n                                <\/div>\r\n                            <\/div>\r\n                        <\/div>\r\n\r\n                        <div class = \"td-doubleSlider-1 \">\r\n                            <div class = \"td-slider\">\r\n                                \r\n                    <div class = \"td-slide-item td-item1\">\r\n                        <figure class=\"td-slide-galery-figure td-slide-popup-gallery\">\r\n                            <a class=\"slide-gallery-image-link\" href=\"https:\/\/static.africa-press.net\/djibouti\/sites\/52\/2023\/09\/sm_1693915576.688128.jpg\" title=\"sm_1693915576.688128\"  data-caption=\"\"  data-description=\"\">\r\n                                <img decoding=\"async\" src=\"https:\/\/static.africa-press.net\/djibouti\/sites\/52\/2023\/09\/sm_1693915576.688128.jpg\" srcset=\"https:\/\/static.africa-press.net\/djibouti\/sites\/52\/2023\/09\/sm_1693915576.688128.jpg 1024w, https:\/\/static.africa-press.net\/djibouti\/sites\/52\/2023\/09\/sm_1693915576.688128-300x175.jpg 300w, https:\/\/static.africa-press.net\/djibouti\/sites\/52\/2023\/09\/sm_1693915576.688128-768x447.jpg 768w\" sizes=\"(max-width: 1024px) 100vw, 1024px\" alt=\"\">\r\n                            <\/a>\r\n                            \r\n                        <\/figure>\r\n                    <\/div>\r\n                    <div class = \"td-slide-item td-item2\">\r\n                        <figure class=\"td-slide-galery-figure td-slide-popup-gallery\">\r\n                            <a class=\"slide-gallery-image-link\" href=\"https:\/\/static.africa-press.net\/djibouti\/sites\/52\/2023\/09\/sm_1693915590.23574.jpg\" title=\"sm_1693915590.23574\"  data-caption=\"\"  data-description=\"\">\r\n                                <img decoding=\"async\" src=\"https:\/\/static.africa-press.net\/djibouti\/sites\/52\/2023\/09\/sm_1693915590.23574.jpg\" srcset=\"https:\/\/static.africa-press.net\/djibouti\/sites\/52\/2023\/09\/sm_1693915590.23574.jpg 696w, https:\/\/static.africa-press.net\/djibouti\/sites\/52\/2023\/09\/sm_1693915590.23574-300x172.jpg 300w\" sizes=\"(max-width: 696px) 100vw, 696px\" alt=\"\">\r\n                            <\/a>\r\n                            \r\n                        <\/figure>\r\n                    <\/div>\r\n                            <\/div>\r\n                        <\/div>\r\n\r\n                        <div class = \"td-doubleSlider-2\">\r\n                            <div class = \"td-slider\">\r\n                                \r\n                    <div class = \"td-button td-item1\">\r\n                        <div class = \"td-border\"><\/div>\r\n                    <\/div>\r\n                    <div class = \"td-button td-item2\">\r\n                        <div class = \"td-border\"><\/div>\r\n                    <\/div>\r\n                            <\/div>\r\n                        <\/div>\r\n\r\n                    <\/div>\r\n\r\n                <\/div>\r\n                \n<p><strong>Pour plus d&rsquo;informations et d&rsquo;analyses sur la <a href=\"https:\/\/www.africa-press.net\/djibouti\">Djibouti<\/a>, suivez <a href=\"https:\/\/www.africa-press.net\/\">Africa-Press<\/a><\/strong><\/p>\n","protected":false},"excerpt":{"rendered":"<p>Africa-Press &#8211; Djibouti. Comme dans l\u2019ensemble du pays, la rentre\u0301e scolaire 2023-2024 s\u2019est de\u0301roule\u0301e le dimanche 3 septembre 2023 dans les e\u0301tablissements de l\u2019enseignement de base et de moyen de la re\u0301gion d\u2019Obock, ou\u0300 quelques 2 000 e\u0301le\u0300ves du primaire et environ 700 e\u0301le\u0300ves du colle\u0300ge, dans l\u2019ensemble de la re\u0301gion, ont regagne\u0301 les bancs [&hellip;]<\/p>\n","protected":false},"author":82,"featured_media":17455,"comment_status":"open","ping_status":"closed","sticky":false,"template":"","format":"standard","meta":{"footnotes":""},"categories":[5,8,10],"tags":[36,49,50],"class_list":["post-17456","post","type-post","status-publish","format-standard","has-post-thumbnail","hentry","category-culture-et-art","category-photo","category-toutes-les-actualites","tag-africa-press","tag-africa-press-djibouti","tag-djibouti"],"yoast_head":"<!-- This site is optimized with the Yoast SEO Premium plugin v26.1 (Yoast SEO v27.0) - https:\/\/yoast.com\/product\/yoast-seo-premium-wordpress\/ -->\n<title>Rentr\u00e9e scolaire 2023-2024 \u00e0 Obock - Djibouti<\/title>\n<meta name=\"description\" content=\"Comme dans l\u2019ensemble du pays, la rentre\u0301e scolaire 2023-2024 s\u2019est de\u0301roule\u0301e le dimanche 3 septembre 2023 dans les e\u0301t ...\" \/>\n<meta name=\"robots\" content=\"index, follow, max-snippet:-1, max-image-preview:large, max-video-preview:-1\" \/>\n<link rel=\"canonical\" href=\"https:\/\/www.africa-press.net\/djibouti\/culture-et-art\/rentree-scolaire-2023-2024-a-obock\" \/>\n<meta property=\"og:locale\" content=\"fr_FR\" \/>\n<meta property=\"og:type\" content=\"article\" \/>\n<meta property=\"og:title\" content=\"Rentr\u00e9e scolaire 2023-2024 \u00e0 Obock\" \/>\n<meta property=\"og:description\" content=\"Comme dans l\u2019ensemble du pays, la rentre\u0301e scolaire 2023-2024 s\u2019est de\u0301roule\u0301e le dimanche 3 septembre 2023 dans les e\u0301t ...\" \/>\n<meta property=\"og:url\" content=\"https:\/\/www.africa-press.net\/djibouti\/culture-et-art\/rentree-scolaire-2023-2024-a-obock\" \/>\n<meta property=\"og:site_name\" content=\"Djibouti\" \/>\n<meta property=\"article:published_time\" content=\"2023-09-05T14:42:46+00:00\" \/>\n<meta property=\"article:modified_time\" content=\"2023-09-05T15:37:03+00:00\" \/>\n<meta property=\"og:image\" content=\"https:\/\/static.africa-press.net\/djibouti\/sites\/52\/2023\/09\/sm_1693915599.333749.jpg\" \/>\n\t<meta property=\"og:image:width\" content=\"720\" \/>\n\t<meta property=\"og:image:height\" content=\"411\" \/>\n\t<meta property=\"og:image:type\" content=\"image\/jpeg\" \/>\n<meta name=\"author\" content=\"cfeditorfr\" \/>\n<meta name=\"twitter:card\" content=\"summary_large_image\" \/>\n<meta name=\"twitter:label1\" content=\"\u00c9crit par\" \/>\n\t<meta name=\"twitter:data1\" content=\"cfeditorfr\" \/>\n\t<meta name=\"twitter:label2\" content=\"Dur\u00e9e de lecture estim\u00e9e\" \/>\n\t<meta name=\"twitter:data2\" content=\"3 minutes\" \/>\n<script type=\"application\/ld+json\" class=\"yoast-schema-graph\">{\"@context\":\"https:\/\/schema.org\",\"@graph\":[{\"@type\":\"Article\",\"@id\":\"https:\/\/www.africa-press.net\/djibouti\/culture-et-art\/rentree-scolaire-2023-2024-a-obock#article\",\"isPartOf\":{\"@id\":\"https:\/\/www.africa-press.net\/djibouti\/culture-et-art\/rentree-scolaire-2023-2024-a-obock\"},\"author\":{\"name\":\"cfeditorfr\",\"@id\":\"https:\/\/www.africa-press.net\/djibouti\/#\/schema\/person\/2b1cf3cd81a31e3cd26889ca66d677f1\"},\"headline\":\"Rentr\u00e9e scolaire 2023-2024 \u00e0 Obock\",\"datePublished\":\"2023-09-05T14:42:46+00:00\",\"dateModified\":\"2023-09-05T15:37:03+00:00\",\"mainEntityOfPage\":{\"@id\":\"https:\/\/www.africa-press.net\/djibouti\/culture-et-art\/rentree-scolaire-2023-2024-a-obock\"},\"wordCount\":612,\"commentCount\":0,\"image\":{\"@id\":\"https:\/\/www.africa-press.net\/djibouti\/culture-et-art\/rentree-scolaire-2023-2024-a-obock#primaryimage\"},\"thumbnailUrl\":\"https:\/\/static.africa-press.net\/djibouti\/sites\/52\/2023\/09\/sm_1693915599.333749.jpg\",\"keywords\":[\"Africa Press\",\"Africa Press-Djibouti\",\"Djibouti\"],\"articleSection\":[\"Culture et Art\",\"Photo\",\"Toutes les actualit\u00e9s\"],\"inLanguage\":\"fr-FR\",\"potentialAction\":[{\"@type\":\"CommentAction\",\"name\":\"Comment\",\"target\":[\"https:\/\/www.africa-press.net\/djibouti\/culture-et-art\/rentree-scolaire-2023-2024-a-obock#respond\"]}]},{\"@type\":\"WebPage\",\"@id\":\"https:\/\/www.africa-press.net\/djibouti\/culture-et-art\/rentree-scolaire-2023-2024-a-obock\",\"url\":\"https:\/\/www.africa-press.net\/djibouti\/culture-et-art\/rentree-scolaire-2023-2024-a-obock\",\"name\":\"Rentr\u00e9e scolaire 2023-2024 \u00e0 Obock - Djibouti\",\"isPartOf\":{\"@id\":\"https:\/\/www.africa-press.net\/djibouti\/#website\"},\"primaryImageOfPage\":{\"@id\":\"https:\/\/www.africa-press.net\/djibouti\/culture-et-art\/rentree-scolaire-2023-2024-a-obock#primaryimage\"},\"image\":{\"@id\":\"https:\/\/www.africa-press.net\/djibouti\/culture-et-art\/rentree-scolaire-2023-2024-a-obock#primaryimage\"},\"thumbnailUrl\":\"https:\/\/static.africa-press.net\/djibouti\/sites\/52\/2023\/09\/sm_1693915599.333749.jpg\",\"datePublished\":\"2023-09-05T14:42:46+00:00\",\"dateModified\":\"2023-09-05T15:37:03+00:00\",\"author\":{\"@id\":\"https:\/\/www.africa-press.net\/djibouti\/#\/schema\/person\/2b1cf3cd81a31e3cd26889ca66d677f1\"},\"description\":\"Comme dans l\u2019ensemble du pays, la rentre\u0301e scolaire 2023-2024 s\u2019est de\u0301roule\u0301e le dimanche 3 septembre 2023 dans les e\u0301t ...\",\"breadcrumb\":{\"@id\":\"https:\/\/www.africa-press.net\/djibouti\/culture-et-art\/rentree-scolaire-2023-2024-a-obock#breadcrumb\"},\"inLanguage\":\"fr-FR\",\"potentialAction\":[{\"@type\":\"ReadAction\",\"target\":[\"https:\/\/www.africa-press.net\/djibouti\/culture-et-art\/rentree-scolaire-2023-2024-a-obock\"]}]},{\"@type\":\"ImageObject\",\"inLanguage\":\"fr-FR\",\"@id\":\"https:\/\/www.africa-press.net\/djibouti\/culture-et-art\/rentree-scolaire-2023-2024-a-obock#primaryimage\",\"url\":\"https:\/\/static.africa-press.net\/djibouti\/sites\/52\/2023\/09\/sm_1693915599.333749.jpg\",\"contentUrl\":\"https:\/\/static.africa-press.net\/djibouti\/sites\/52\/2023\/09\/sm_1693915599.333749.jpg\",\"width\":720,\"height\":411,\"caption\":\"Rentr\u00e9e scolaire 2023-2024 \u00e0 Obock\"},{\"@type\":\"BreadcrumbList\",\"@id\":\"https:\/\/www.africa-press.net\/djibouti\/culture-et-art\/rentree-scolaire-2023-2024-a-obock#breadcrumb\",\"itemListElement\":[{\"@type\":\"ListItem\",\"position\":1,\"name\":\"Accueil\",\"item\":\"https:\/\/www.africa-press.net\/djibouti\/\"},{\"@type\":\"ListItem\",\"position\":2,\"name\":\"Rentr\u00e9e scolaire 2023-2024 \u00e0 Obock\"}]},{\"@type\":\"WebSite\",\"@id\":\"https:\/\/www.africa-press.net\/djibouti\/#website\",\"url\":\"https:\/\/www.africa-press.net\/djibouti\/\",\"name\":\"Djibouti\",\"description\":\"Just another Africa News Agency Sites site\",\"potentialAction\":[{\"@type\":\"SearchAction\",\"target\":{\"@type\":\"EntryPoint\",\"urlTemplate\":\"https:\/\/www.africa-press.net\/djibouti\/?s={search_term_string}\"},\"query-input\":{\"@type\":\"PropertyValueSpecification\",\"valueRequired\":true,\"valueName\":\"search_term_string\"}}],\"inLanguage\":\"fr-FR\"},{\"@type\":\"Person\",\"@id\":\"https:\/\/www.africa-press.net\/djibouti\/#\/schema\/person\/2b1cf3cd81a31e3cd26889ca66d677f1\",\"name\":\"cfeditorfr\"}]}<\/script>\n<!-- \/ Yoast SEO Premium plugin. -->","yoast_head_json":{"title":"Rentr\u00e9e scolaire 2023-2024 \u00e0 Obock - Djibouti","description":"Comme dans l\u2019ensemble du pays, la rentre\u0301e scolaire 2023-2024 s\u2019est de\u0301roule\u0301e le dimanche 3 septembre 2023 dans les e\u0301t ...","robots":{"index":"index","follow":"follow","max-snippet":"max-snippet:-1","max-image-preview":"max-image-preview:large","max-video-preview":"max-video-preview:-1"},"canonical":"https:\/\/www.africa-press.net\/djibouti\/culture-et-art\/rentree-scolaire-2023-2024-a-obock","og_locale":"fr_FR","og_type":"article","og_title":"Rentr\u00e9e scolaire 2023-2024 \u00e0 Obock","og_description":"Comme dans l\u2019ensemble du pays, la rentre\u0301e scolaire 2023-2024 s\u2019est de\u0301roule\u0301e le dimanche 3 septembre 2023 dans les e\u0301t ...","og_url":"https:\/\/www.africa-press.net\/djibouti\/culture-et-art\/rentree-scolaire-2023-2024-a-obock","og_site_name":"Djibouti","article_published_time":"2023-09-05T14:42:46+00:00","article_modified_time":"2023-09-05T15:37:03+00:00","og_image":[{"width":720,"height":411,"url":"https:\/\/static.africa-press.net\/djibouti\/sites\/52\/2023\/09\/sm_1693915599.333749.jpg","type":"image\/jpeg"}],"author":"cfeditorfr","twitter_card":"summary_large_image","twitter_misc":{"\u00c9crit par":"cfeditorfr","Dur\u00e9e de lecture estim\u00e9e":"3 minutes"},"schema":{"@context":"https:\/\/schema.org","@graph":[{"@type":"Article","@id":"https:\/\/www.africa-press.net\/djibouti\/culture-et-art\/rentree-scolaire-2023-2024-a-obock#article","isPartOf":{"@id":"https:\/\/www.africa-press.net\/djibouti\/culture-et-art\/rentree-scolaire-2023-2024-a-obock"},"author":{"name":"cfeditorfr","@id":"https:\/\/www.africa-press.net\/djibouti\/#\/schema\/person\/2b1cf3cd81a31e3cd26889ca66d677f1"},"headline":"Rentr\u00e9e scolaire 2023-2024 \u00e0 Obock","datePublished":"2023-09-05T14:42:46+00:00","dateModified":"2023-09-05T15:37:03+00:00","mainEntityOfPage":{"@id":"https:\/\/www.africa-press.net\/djibouti\/culture-et-art\/rentree-scolaire-2023-2024-a-obock"},"wordCount":612,"commentCount":0,"image":{"@id":"https:\/\/www.africa-press.net\/djibouti\/culture-et-art\/rentree-scolaire-2023-2024-a-obock#primaryimage"},"thumbnailUrl":"https:\/\/static.africa-press.net\/djibouti\/sites\/52\/2023\/09\/sm_1693915599.333749.jpg","keywords":["Africa Press","Africa Press-Djibouti","Djibouti"],"articleSection":["Culture et Art","Photo","Toutes les actualit\u00e9s"],"inLanguage":"fr-FR","potentialAction":[{"@type":"CommentAction","name":"Comment","target":["https:\/\/www.africa-press.net\/djibouti\/culture-et-art\/rentree-scolaire-2023-2024-a-obock#respond"]}]},{"@type":"WebPage","@id":"https:\/\/www.africa-press.net\/djibouti\/culture-et-art\/rentree-scolaire-2023-2024-a-obock","url":"https:\/\/www.africa-press.net\/djibouti\/culture-et-art\/rentree-scolaire-2023-2024-a-obock","name":"Rentr\u00e9e scolaire 2023-2024 \u00e0 Obock - Djibouti","isPartOf":{"@id":"https:\/\/www.africa-press.net\/djibouti\/#website"},"primaryImageOfPage":{"@id":"https:\/\/www.africa-press.net\/djibouti\/culture-et-art\/rentree-scolaire-2023-2024-a-obock#primaryimage"},"image":{"@id":"https:\/\/www.africa-press.net\/djibouti\/culture-et-art\/rentree-scolaire-2023-2024-a-obock#primaryimage"},"thumbnailUrl":"https:\/\/static.africa-press.net\/djibouti\/sites\/52\/2023\/09\/sm_1693915599.333749.jpg","datePublished":"2023-09-05T14:42:46+00:00","dateModified":"2023-09-05T15:37:03+00:00","author":{"@id":"https:\/\/www.africa-press.net\/djibouti\/#\/schema\/person\/2b1cf3cd81a31e3cd26889ca66d677f1"},"description":"Comme dans l\u2019ensemble du pays, la rentre\u0301e scolaire 2023-2024 s\u2019est de\u0301roule\u0301e le dimanche 3 septembre 2023 dans les e\u0301t ...","breadcrumb":{"@id":"https:\/\/www.africa-press.net\/djibouti\/culture-et-art\/rentree-scolaire-2023-2024-a-obock#breadcrumb"},"inLanguage":"fr-FR","potentialAction":[{"@type":"ReadAction","target":["https:\/\/www.africa-press.net\/djibouti\/culture-et-art\/rentree-scolaire-2023-2024-a-obock"]}]},{"@type":"ImageObject","inLanguage":"fr-FR","@id":"https:\/\/www.africa-press.net\/djibouti\/culture-et-art\/rentree-scolaire-2023-2024-a-obock#primaryimage","url":"https:\/\/static.africa-press.net\/djibouti\/sites\/52\/2023\/09\/sm_1693915599.333749.jpg","contentUrl":"https:\/\/static.africa-press.net\/djibouti\/sites\/52\/2023\/09\/sm_1693915599.333749.jpg","width":720,"height":411,"caption":"Rentr\u00e9e scolaire 2023-2024 \u00e0 Obock"},{"@type":"BreadcrumbList","@id":"https:\/\/www.africa-press.net\/djibouti\/culture-et-art\/rentree-scolaire-2023-2024-a-obock#breadcrumb","itemListElement":[{"@type":"ListItem","position":1,"name":"Accueil","item":"https:\/\/www.africa-press.net\/djibouti\/"},{"@type":"ListItem","position":2,"name":"Rentr\u00e9e scolaire 2023-2024 \u00e0 Obock"}]},{"@type":"WebSite","@id":"https:\/\/www.africa-press.net\/djibouti\/#website","url":"https:\/\/www.africa-press.net\/djibouti\/","name":"Djibouti","description":"Just another Africa News Agency Sites site","potentialAction":[{"@type":"SearchAction","target":{"@type":"EntryPoint","urlTemplate":"https:\/\/www.africa-press.net\/djibouti\/?s={search_term_string}"},"query-input":{"@type":"PropertyValueSpecification","valueRequired":true,"valueName":"search_term_string"}}],"inLanguage":"fr-FR"},{"@type":"Person","@id":"https:\/\/www.africa-press.net\/djibouti\/#\/schema\/person\/2b1cf3cd81a31e3cd26889ca66d677f1","name":"cfeditorfr"}]}},"_links":{"self":[{"href":"https:\/\/www.africa-press.net\/djibouti\/wp-json\/wp\/v2\/posts\/17456","targetHints":{"allow":["GET"]}}],"collection":[{"href":"https:\/\/www.africa-press.net\/djibouti\/wp-json\/wp\/v2\/posts"}],"about":[{"href":"https:\/\/www.africa-press.net\/djibouti\/wp-json\/wp\/v2\/types\/post"}],"author":[{"embeddable":true,"href":"https:\/\/www.africa-press.net\/djibouti\/wp-json\/wp\/v2\/users\/82"}],"replies":[{"embeddable":true,"href":"https:\/\/www.africa-press.net\/djibouti\/wp-json\/wp\/v2\/comments?post=17456"}],"version-history":[{"count":0,"href":"https:\/\/www.africa-press.net\/djibouti\/wp-json\/wp\/v2\/posts\/17456\/revisions"}],"wp:featuredmedia":[{"embeddable":true,"href":"https:\/\/www.africa-press.net\/djibouti\/wp-json\/wp\/v2\/media\/17455"}],"wp:attachment":[{"href":"https:\/\/www.africa-press.net\/djibouti\/wp-json\/wp\/v2\/media?parent=17456"}],"wp:term":[{"taxonomy":"category","embeddable":true,"href":"https:\/\/www.africa-press.net\/djibouti\/wp-json\/wp\/v2\/categories?post=17456"},{"taxonomy":"post_tag","embeddable":true,"href":"https:\/\/www.africa-press.net\/djibouti\/wp-json\/wp\/v2\/tags?post=17456"}],"curies":[{"name":"wp","href":"https:\/\/api.w.org\/{rel}","templated":true}]}}