{"id":17461,"date":"2023-09-05T14:43:10","date_gmt":"2023-09-05T14:43:10","guid":{"rendered":"https:\/\/www.africa-press.net\/djibouti\/politique\/region-dali-sabieh-une-rentree-scolaire-avec-lentree-en-service-des-nouvelles-entites-scolaires-de-base"},"modified":"2023-09-05T15:37:47","modified_gmt":"2023-09-05T15:37:47","slug":"region-dali-sabieh-une-rentree-scolaire-avec-lentree-en-service-des-nouvelles-entites-scolaires-de-base","status":"publish","type":"post","link":"https:\/\/www.africa-press.net\/djibouti\/culture-et-art\/region-dali-sabieh-une-rentree-scolaire-avec-lentree-en-service-des-nouvelles-entites-scolaires-de-base","title":{"rendered":"R\u00e9gion d\u2019Ali-Sabieh : Une rentr\u00e9e  scolaire avec l\u2019entr\u00e9e en service des nouvelles entit\u00e9s scolaires de base"},"content":{"rendered":"<p><span style=\"color: #ff6600\"><strong>Africa-Press &#8211; Djibouti. <\/strong><\/span>A l\u2019instar de l\u2019ensemble du reste du pays, la rentre\u0301e scolaire 2023\/2024 a eu lieudimanche matin pour les e\u0301tablissements d\u2019enseignement fondamental (e\u0301coles de base et colle\u0300ges) dans cette re\u0301gion du Sud-est du pays.De la classe de 1e\u0300re anne\u0301e a\u0300 la 5e\u0300me anne\u0301e, de l\u2019e\u0301cole de base jusqu\u2019au colle\u0300ge d\u2019enseignement moyen (CEM), au total plus de six mille cent (6100) e\u0301le\u0300ves ont pris le chemin vers les bancs scolaires.<\/p>\n<p>To\u0302t le matin des centaines d\u2019e\u0301le\u0300ves habille\u0301s avec des ve\u0302tements neufs et accompagne\u0301s par leurs me\u0300res surtout parmi eux,ceux en bas a\u0302ge, e\u0301taient masse\u0301s devant les e\u0301tablissements scolaires de base et les colle\u0300ges d\u2019enseignement moyen.Ce grand retour sur les bancs des e\u0301coles avec un air de fe\u0302te a de\u0301bute\u0301 sous le signede l\u2019appel a\u0300 un engagement de toutes les parties prenantes (enseignants, parents, chefs d\u2019e\u0301tablissement, inspecteurs, conseillers pe\u0301dagogiques, concepteurs, formateurs, personnel de vie scolaire, documentalistes, personnels administratifs, partenaires sociaux, techniques et financiers) afin de relever les de\u0301fis majeurs de notre syste\u0300me e\u0301ducatif comme stipule\u0301 dans la lettre du Ministre de l\u2019Education Nationale et de la Formation Professionnelle (MENFOP), Moustapha Mohamed Mohamoud, pour cette rentre\u0301e scolaire. Pour cette anne\u0301e scolaire qui vient de de\u0301buter, deux nouvelles e\u0301coles rurales ont ouvert leurs portes. Il s\u2019agit des e\u0301coles de baseflambant neuves de la localite\u0301 frontalie\u0300re de Gue\u0301lile\u0301e et celle de la zone de brousse de \u00abGadid \u00bb. Au chef-lieu de la re\u0301gion, la ville d\u2019Aska et dans les zones rurales, l\u2019ouverture de trois nouvelles entite\u0301s scolaire de base e\u0301tablissements publics apre\u0300s trois longs mois de vacances scolaires a e\u0301te\u0301 pre\u0301pare\u0301eminutieusementavec le nettoyage des salles de classes et la mise en bon e\u0301tat des tables bancs.<\/p>\n<p>Peu de temps apre\u0300s l\u2019appel des e\u0301le\u0300ves et leur accueil dans leur salle d\u2019e\u0301tude respective, une de\u0301le\u0301gation conduite par le pre\u0301fet de la re\u0301gion, Abdoul-Malik Mohamed Banoi\u0308ta et compose\u0301e du pre\u0301sident du conseil re\u0301gional, Charmake Hassan Allaleh, de l\u2019inspecteur et chef de service re\u0301gionaldu Ministe\u0300re de l\u2019Education Nationale et de la Formation Professionnelle (MENFOP), Mohamed Aden Guelleh, des chefs de corps du de\u0301tachement de la gendarmerie et de la police dans la re\u0301gion et des conseillers pe\u0301dagogiques ont fait immersion dans l\u2019e\u0301cole de base d\u2019Ali-Sabieh 1, l\u2019e\u0301cole bilingue inaugure\u0301e l\u2019anne\u0301e dernie\u0300re et les colle\u0300ges d\u2019enseignement moyens (CEM) pour constater de visu le bon de\u0301roulement de cette rentre\u0301e scolaire.<\/p>\n<p>Apre\u0300s leur visite des e\u0301tablissements scolaires du chef-lieu, les officiels ont mis le cap vers l\u2019e\u0301cole de base rurale flambant neuve de la localite\u0301 frontalie\u0300re de Gue\u0301lile\u0301.<\/p>\n<p>De\u0300s le premier jour, l\u2019e\u0301cole a accueilli un effectif de quelques 118 e\u0301le\u0300ves compris des anciens e\u0301coliers de l\u2019e\u0301cole d\u2019Ali-Sabieh issus de cette e\u0301cole du chef-lieu et de deux classes de nouveaux inscrits.<\/p>\n<p><b>Ali Ladieh<\/b><\/p>\n\r\n                <style type=\"text\/css\">\r\n                    \r\n                    #td_uid_1_69efb5c5eed6a  .td-doubleSlider-2 .td-item1 {\r\n                        background: url(https:\/\/static.africa-press.net\/djibouti\/sites\/52\/2023\/09\/sm_1693915615.65799-80x60.jpg) 0 0 no-repeat;\r\n                    }\r\n                    #td_uid_1_69efb5c5eed6a  .td-doubleSlider-2 .td-item2 {\r\n                        background: url(https:\/\/static.africa-press.net\/djibouti\/sites\/52\/2023\/09\/sm_1693915631.160578-80x60.jpg) 0 0 no-repeat;\r\n                    }\r\n                <\/style>\r\n\r\n                <div id=\"td_uid_1_69efb5c5eed6a\" class=\"td-gallery td-slide-on-2-columns\">\r\n                    <div class=\"post_td_gallery\">\r\n                        <div class=\"td-gallery-slide-top\">\r\n                           <div class=\"td-gallery-title\"><\/div>\r\n\r\n                            <div class=\"td-gallery-controls-wrapper\">\r\n                                <div class=\"td-gallery-slide-count\"><span class=\"td-gallery-slide-item-focus\">1<\/span> de 2<\/div>\r\n                                <div class=\"td-gallery-slide-prev-next-but\">\r\n                                    <i class = \"td-icon-left doubleSliderPrevButton\"><\/i>\r\n                                    <i class = \"td-icon-right doubleSliderNextButton\"><\/i>\r\n                                <\/div>\r\n                            <\/div>\r\n                        <\/div>\r\n\r\n                        <div class = \"td-doubleSlider-1 \">\r\n                            <div class = \"td-slider\">\r\n                                \r\n                    <div class = \"td-slide-item td-item1\">\r\n                        <figure class=\"td-slide-galery-figure td-slide-popup-gallery\">\r\n                            <a class=\"slide-gallery-image-link\" href=\"https:\/\/static.africa-press.net\/djibouti\/sites\/52\/2023\/09\/sm_1693915615.65799.jpg\" title=\"sm_1693915615.65799\"  data-caption=\"\"  data-description=\"\">\r\n                                <img decoding=\"async\" src=\"https:\/\/static.africa-press.net\/djibouti\/sites\/52\/2023\/09\/sm_1693915615.65799.jpg\" srcset=\"https:\/\/static.africa-press.net\/djibouti\/sites\/52\/2023\/09\/sm_1693915615.65799.jpg 1024w, https:\/\/static.africa-press.net\/djibouti\/sites\/52\/2023\/09\/sm_1693915615.65799-300x225.jpg 300w, https:\/\/static.africa-press.net\/djibouti\/sites\/52\/2023\/09\/sm_1693915615.65799-768x576.jpg 768w, https:\/\/static.africa-press.net\/djibouti\/sites\/52\/2023\/09\/sm_1693915615.65799-80x60.jpg 80w\" sizes=\"(max-width: 1024px) 100vw, 1024px\" alt=\"\">\r\n                            <\/a>\r\n                            \r\n                        <\/figure>\r\n                    <\/div>\r\n                    <div class = \"td-slide-item td-item2\">\r\n                        <figure class=\"td-slide-galery-figure td-slide-popup-gallery\">\r\n                            <a class=\"slide-gallery-image-link\" href=\"https:\/\/static.africa-press.net\/djibouti\/sites\/52\/2023\/09\/sm_1693915631.160578.jpg\" title=\"sm_1693915631.160578\"  data-caption=\"\"  data-description=\"\">\r\n                                <img decoding=\"async\" src=\"https:\/\/static.africa-press.net\/djibouti\/sites\/52\/2023\/09\/sm_1693915631.160578.jpg\" srcset=\"https:\/\/static.africa-press.net\/djibouti\/sites\/52\/2023\/09\/sm_1693915631.160578.jpg 696w, https:\/\/static.africa-press.net\/djibouti\/sites\/52\/2023\/09\/sm_1693915631.160578-300x225.jpg 300w, https:\/\/static.africa-press.net\/djibouti\/sites\/52\/2023\/09\/sm_1693915631.160578-80x60.jpg 80w\" sizes=\"(max-width: 696px) 100vw, 696px\" alt=\"\">\r\n                            <\/a>\r\n                            \r\n                        <\/figure>\r\n                    <\/div>\r\n                            <\/div>\r\n                        <\/div>\r\n\r\n                        <div class = \"td-doubleSlider-2\">\r\n                            <div class = \"td-slider\">\r\n                                \r\n                    <div class = \"td-button td-item1\">\r\n                        <div class = \"td-border\"><\/div>\r\n                    <\/div>\r\n                    <div class = \"td-button td-item2\">\r\n                        <div class = \"td-border\"><\/div>\r\n                    <\/div>\r\n                            <\/div>\r\n                        <\/div>\r\n\r\n                    <\/div>\r\n\r\n                <\/div>\r\n                \n<p><strong>Pour plus d&rsquo;informations et d&rsquo;analyses sur la <a href=\"https:\/\/www.africa-press.net\/djibouti\">Djibouti<\/a>, suivez <a href=\"https:\/\/www.africa-press.net\/\">Africa-Press<\/a><\/strong><\/p>\n","protected":false},"excerpt":{"rendered":"<p>Africa-Press &#8211; Djibouti. A l\u2019instar de l\u2019ensemble du reste du pays, la rentre\u0301e scolaire 2023\/2024 a eu lieudimanche matin pour les e\u0301tablissements d\u2019enseignement fondamental (e\u0301coles de base et colle\u0300ges) dans cette re\u0301gion du Sud-est du pays.De la classe de 1e\u0300re anne\u0301e a\u0300 la 5e\u0300me anne\u0301e, de l\u2019e\u0301cole de base jusqu\u2019au colle\u0300ge d\u2019enseignement moyen (CEM), au [&hellip;]<\/p>\n","protected":false},"author":82,"featured_media":17460,"comment_status":"open","ping_status":"closed","sticky":false,"template":"","format":"standard","meta":{"footnotes":""},"categories":[5,8,10],"tags":[36,49,50],"class_list":["post-17461","post","type-post","status-publish","format-standard","has-post-thumbnail","hentry","category-culture-et-art","category-photo","category-toutes-les-actualites","tag-africa-press","tag-africa-press-djibouti","tag-djibouti"],"yoast_head":"<!-- This site is optimized with the Yoast SEO Premium plugin v26.1 (Yoast SEO v27.0) - https:\/\/yoast.com\/product\/yoast-seo-premium-wordpress\/ -->\n<title>R\u00e9gion d\u2019Ali-Sabieh : Une rentr\u00e9e scolaire avec l\u2019entr\u00e9e en service des nouvelles entit\u00e9s scolaires de base - Djibouti<\/title>\n<meta name=\"description\" content=\"A l\u2019instar de l\u2019ensemble du reste du pays, la rentre\u0301e scolaire 2023\/2024 a eu lieudimanche matin pour les e\u0301tablissemen ...\" \/>\n<meta name=\"robots\" content=\"index, follow, max-snippet:-1, max-image-preview:large, max-video-preview:-1\" \/>\n<link rel=\"canonical\" href=\"https:\/\/www.africa-press.net\/djibouti\/culture-et-art\/region-dali-sabieh-une-rentree-scolaire-avec-lentree-en-service-des-nouvelles-entites-scolaires-de-base\" \/>\n<meta property=\"og:locale\" content=\"fr_FR\" \/>\n<meta property=\"og:type\" content=\"article\" \/>\n<meta property=\"og:title\" content=\"R\u00e9gion d\u2019Ali-Sabieh : Une rentr\u00e9e scolaire avec l\u2019entr\u00e9e en service des nouvelles entit\u00e9s scolaires de base\" \/>\n<meta property=\"og:description\" content=\"A l\u2019instar de l\u2019ensemble du reste du pays, la rentre\u0301e scolaire 2023\/2024 a eu lieudimanche matin pour les e\u0301tablissemen ...\" \/>\n<meta property=\"og:url\" content=\"https:\/\/www.africa-press.net\/djibouti\/culture-et-art\/region-dali-sabieh-une-rentree-scolaire-avec-lentree-en-service-des-nouvelles-entites-scolaires-de-base\" \/>\n<meta property=\"og:site_name\" content=\"Djibouti\" \/>\n<meta property=\"article:published_time\" content=\"2023-09-05T14:43:10+00:00\" \/>\n<meta property=\"article:modified_time\" content=\"2023-09-05T15:37:47+00:00\" \/>\n<meta property=\"og:image\" content=\"https:\/\/static.africa-press.net\/djibouti\/sites\/52\/2023\/09\/sm_1693915647.798591.jpg\" \/>\n\t<meta property=\"og:image:width\" content=\"720\" \/>\n\t<meta property=\"og:image:height\" content=\"540\" \/>\n\t<meta property=\"og:image:type\" content=\"image\/jpeg\" \/>\n<meta name=\"author\" content=\"cfeditorfr\" \/>\n<meta name=\"twitter:card\" content=\"summary_large_image\" \/>\n<meta name=\"twitter:label1\" content=\"\u00c9crit par\" \/>\n\t<meta name=\"twitter:data1\" content=\"cfeditorfr\" \/>\n\t<meta name=\"twitter:label2\" content=\"Dur\u00e9e de lecture estim\u00e9e\" \/>\n\t<meta name=\"twitter:data2\" content=\"3 minutes\" \/>\n<script type=\"application\/ld+json\" class=\"yoast-schema-graph\">{\"@context\":\"https:\/\/schema.org\",\"@graph\":[{\"@type\":\"Article\",\"@id\":\"https:\/\/www.africa-press.net\/djibouti\/culture-et-art\/region-dali-sabieh-une-rentree-scolaire-avec-lentree-en-service-des-nouvelles-entites-scolaires-de-base#article\",\"isPartOf\":{\"@id\":\"https:\/\/www.africa-press.net\/djibouti\/culture-et-art\/region-dali-sabieh-une-rentree-scolaire-avec-lentree-en-service-des-nouvelles-entites-scolaires-de-base\"},\"author\":{\"name\":\"cfeditorfr\",\"@id\":\"https:\/\/www.africa-press.net\/djibouti\/#\/schema\/person\/2b1cf3cd81a31e3cd26889ca66d677f1\"},\"headline\":\"R\u00e9gion d\u2019Ali-Sabieh : Une rentr\u00e9e scolaire avec l\u2019entr\u00e9e en service des nouvelles entit\u00e9s scolaires de base\",\"datePublished\":\"2023-09-05T14:43:10+00:00\",\"dateModified\":\"2023-09-05T15:37:47+00:00\",\"mainEntityOfPage\":{\"@id\":\"https:\/\/www.africa-press.net\/djibouti\/culture-et-art\/region-dali-sabieh-une-rentree-scolaire-avec-lentree-en-service-des-nouvelles-entites-scolaires-de-base\"},\"wordCount\":597,\"commentCount\":0,\"image\":{\"@id\":\"https:\/\/www.africa-press.net\/djibouti\/culture-et-art\/region-dali-sabieh-une-rentree-scolaire-avec-lentree-en-service-des-nouvelles-entites-scolaires-de-base#primaryimage\"},\"thumbnailUrl\":\"https:\/\/static.africa-press.net\/djibouti\/sites\/52\/2023\/09\/sm_1693915647.798591.jpg\",\"keywords\":[\"Africa Press\",\"Africa Press-Djibouti\",\"Djibouti\"],\"articleSection\":[\"Culture et Art\",\"Photo\",\"Toutes les actualit\u00e9s\"],\"inLanguage\":\"fr-FR\",\"potentialAction\":[{\"@type\":\"CommentAction\",\"name\":\"Comment\",\"target\":[\"https:\/\/www.africa-press.net\/djibouti\/culture-et-art\/region-dali-sabieh-une-rentree-scolaire-avec-lentree-en-service-des-nouvelles-entites-scolaires-de-base#respond\"]}]},{\"@type\":\"WebPage\",\"@id\":\"https:\/\/www.africa-press.net\/djibouti\/culture-et-art\/region-dali-sabieh-une-rentree-scolaire-avec-lentree-en-service-des-nouvelles-entites-scolaires-de-base\",\"url\":\"https:\/\/www.africa-press.net\/djibouti\/culture-et-art\/region-dali-sabieh-une-rentree-scolaire-avec-lentree-en-service-des-nouvelles-entites-scolaires-de-base\",\"name\":\"R\u00e9gion d\u2019Ali-Sabieh : Une rentr\u00e9e scolaire avec l\u2019entr\u00e9e en service des nouvelles entit\u00e9s scolaires de base - Djibouti\",\"isPartOf\":{\"@id\":\"https:\/\/www.africa-press.net\/djibouti\/#website\"},\"primaryImageOfPage\":{\"@id\":\"https:\/\/www.africa-press.net\/djibouti\/culture-et-art\/region-dali-sabieh-une-rentree-scolaire-avec-lentree-en-service-des-nouvelles-entites-scolaires-de-base#primaryimage\"},\"image\":{\"@id\":\"https:\/\/www.africa-press.net\/djibouti\/culture-et-art\/region-dali-sabieh-une-rentree-scolaire-avec-lentree-en-service-des-nouvelles-entites-scolaires-de-base#primaryimage\"},\"thumbnailUrl\":\"https:\/\/static.africa-press.net\/djibouti\/sites\/52\/2023\/09\/sm_1693915647.798591.jpg\",\"datePublished\":\"2023-09-05T14:43:10+00:00\",\"dateModified\":\"2023-09-05T15:37:47+00:00\",\"author\":{\"@id\":\"https:\/\/www.africa-press.net\/djibouti\/#\/schema\/person\/2b1cf3cd81a31e3cd26889ca66d677f1\"},\"description\":\"A l\u2019instar de l\u2019ensemble du reste du pays, la rentre\u0301e scolaire 2023\/2024 a eu lieudimanche matin pour les e\u0301tablissemen ...\",\"breadcrumb\":{\"@id\":\"https:\/\/www.africa-press.net\/djibouti\/culture-et-art\/region-dali-sabieh-une-rentree-scolaire-avec-lentree-en-service-des-nouvelles-entites-scolaires-de-base#breadcrumb\"},\"inLanguage\":\"fr-FR\",\"potentialAction\":[{\"@type\":\"ReadAction\",\"target\":[\"https:\/\/www.africa-press.net\/djibouti\/culture-et-art\/region-dali-sabieh-une-rentree-scolaire-avec-lentree-en-service-des-nouvelles-entites-scolaires-de-base\"]}]},{\"@type\":\"ImageObject\",\"inLanguage\":\"fr-FR\",\"@id\":\"https:\/\/www.africa-press.net\/djibouti\/culture-et-art\/region-dali-sabieh-une-rentree-scolaire-avec-lentree-en-service-des-nouvelles-entites-scolaires-de-base#primaryimage\",\"url\":\"https:\/\/static.africa-press.net\/djibouti\/sites\/52\/2023\/09\/sm_1693915647.798591.jpg\",\"contentUrl\":\"https:\/\/static.africa-press.net\/djibouti\/sites\/52\/2023\/09\/sm_1693915647.798591.jpg\",\"width\":720,\"height\":540,\"caption\":\"R\u00e9gion d\u2019Ali-Sabieh : Une rentr\u00e9e scolaire avec l\u2019entr\u00e9e en service des nouvelles entit\u00e9s scolaires de base\"},{\"@type\":\"BreadcrumbList\",\"@id\":\"https:\/\/www.africa-press.net\/djibouti\/culture-et-art\/region-dali-sabieh-une-rentree-scolaire-avec-lentree-en-service-des-nouvelles-entites-scolaires-de-base#breadcrumb\",\"itemListElement\":[{\"@type\":\"ListItem\",\"position\":1,\"name\":\"Accueil\",\"item\":\"https:\/\/www.africa-press.net\/djibouti\/\"},{\"@type\":\"ListItem\",\"position\":2,\"name\":\"R\u00e9gion d\u2019Ali-Sabieh : Une rentr\u00e9e scolaire avec l\u2019entr\u00e9e en service des nouvelles entit\u00e9s scolaires de base\"}]},{\"@type\":\"WebSite\",\"@id\":\"https:\/\/www.africa-press.net\/djibouti\/#website\",\"url\":\"https:\/\/www.africa-press.net\/djibouti\/\",\"name\":\"Djibouti\",\"description\":\"Just another Africa News Agency Sites site\",\"potentialAction\":[{\"@type\":\"SearchAction\",\"target\":{\"@type\":\"EntryPoint\",\"urlTemplate\":\"https:\/\/www.africa-press.net\/djibouti\/?s={search_term_string}\"},\"query-input\":{\"@type\":\"PropertyValueSpecification\",\"valueRequired\":true,\"valueName\":\"search_term_string\"}}],\"inLanguage\":\"fr-FR\"},{\"@type\":\"Person\",\"@id\":\"https:\/\/www.africa-press.net\/djibouti\/#\/schema\/person\/2b1cf3cd81a31e3cd26889ca66d677f1\",\"name\":\"cfeditorfr\"}]}<\/script>\n<!-- \/ Yoast SEO Premium plugin. -->","yoast_head_json":{"title":"R\u00e9gion d\u2019Ali-Sabieh : Une rentr\u00e9e scolaire avec l\u2019entr\u00e9e en service des nouvelles entit\u00e9s scolaires de base - Djibouti","description":"A l\u2019instar de l\u2019ensemble du reste du pays, la rentre\u0301e scolaire 2023\/2024 a eu lieudimanche matin pour les e\u0301tablissemen ...","robots":{"index":"index","follow":"follow","max-snippet":"max-snippet:-1","max-image-preview":"max-image-preview:large","max-video-preview":"max-video-preview:-1"},"canonical":"https:\/\/www.africa-press.net\/djibouti\/culture-et-art\/region-dali-sabieh-une-rentree-scolaire-avec-lentree-en-service-des-nouvelles-entites-scolaires-de-base","og_locale":"fr_FR","og_type":"article","og_title":"R\u00e9gion d\u2019Ali-Sabieh : Une rentr\u00e9e scolaire avec l\u2019entr\u00e9e en service des nouvelles entit\u00e9s scolaires de base","og_description":"A l\u2019instar de l\u2019ensemble du reste du pays, la rentre\u0301e scolaire 2023\/2024 a eu lieudimanche matin pour les e\u0301tablissemen ...","og_url":"https:\/\/www.africa-press.net\/djibouti\/culture-et-art\/region-dali-sabieh-une-rentree-scolaire-avec-lentree-en-service-des-nouvelles-entites-scolaires-de-base","og_site_name":"Djibouti","article_published_time":"2023-09-05T14:43:10+00:00","article_modified_time":"2023-09-05T15:37:47+00:00","og_image":[{"width":720,"height":540,"url":"https:\/\/static.africa-press.net\/djibouti\/sites\/52\/2023\/09\/sm_1693915647.798591.jpg","type":"image\/jpeg"}],"author":"cfeditorfr","twitter_card":"summary_large_image","twitter_misc":{"\u00c9crit par":"cfeditorfr","Dur\u00e9e de lecture estim\u00e9e":"3 minutes"},"schema":{"@context":"https:\/\/schema.org","@graph":[{"@type":"Article","@id":"https:\/\/www.africa-press.net\/djibouti\/culture-et-art\/region-dali-sabieh-une-rentree-scolaire-avec-lentree-en-service-des-nouvelles-entites-scolaires-de-base#article","isPartOf":{"@id":"https:\/\/www.africa-press.net\/djibouti\/culture-et-art\/region-dali-sabieh-une-rentree-scolaire-avec-lentree-en-service-des-nouvelles-entites-scolaires-de-base"},"author":{"name":"cfeditorfr","@id":"https:\/\/www.africa-press.net\/djibouti\/#\/schema\/person\/2b1cf3cd81a31e3cd26889ca66d677f1"},"headline":"R\u00e9gion d\u2019Ali-Sabieh : Une rentr\u00e9e scolaire avec l\u2019entr\u00e9e en service des nouvelles entit\u00e9s scolaires de base","datePublished":"2023-09-05T14:43:10+00:00","dateModified":"2023-09-05T15:37:47+00:00","mainEntityOfPage":{"@id":"https:\/\/www.africa-press.net\/djibouti\/culture-et-art\/region-dali-sabieh-une-rentree-scolaire-avec-lentree-en-service-des-nouvelles-entites-scolaires-de-base"},"wordCount":597,"commentCount":0,"image":{"@id":"https:\/\/www.africa-press.net\/djibouti\/culture-et-art\/region-dali-sabieh-une-rentree-scolaire-avec-lentree-en-service-des-nouvelles-entites-scolaires-de-base#primaryimage"},"thumbnailUrl":"https:\/\/static.africa-press.net\/djibouti\/sites\/52\/2023\/09\/sm_1693915647.798591.jpg","keywords":["Africa Press","Africa Press-Djibouti","Djibouti"],"articleSection":["Culture et Art","Photo","Toutes les actualit\u00e9s"],"inLanguage":"fr-FR","potentialAction":[{"@type":"CommentAction","name":"Comment","target":["https:\/\/www.africa-press.net\/djibouti\/culture-et-art\/region-dali-sabieh-une-rentree-scolaire-avec-lentree-en-service-des-nouvelles-entites-scolaires-de-base#respond"]}]},{"@type":"WebPage","@id":"https:\/\/www.africa-press.net\/djibouti\/culture-et-art\/region-dali-sabieh-une-rentree-scolaire-avec-lentree-en-service-des-nouvelles-entites-scolaires-de-base","url":"https:\/\/www.africa-press.net\/djibouti\/culture-et-art\/region-dali-sabieh-une-rentree-scolaire-avec-lentree-en-service-des-nouvelles-entites-scolaires-de-base","name":"R\u00e9gion d\u2019Ali-Sabieh : Une rentr\u00e9e scolaire avec l\u2019entr\u00e9e en service des nouvelles entit\u00e9s scolaires de base - Djibouti","isPartOf":{"@id":"https:\/\/www.africa-press.net\/djibouti\/#website"},"primaryImageOfPage":{"@id":"https:\/\/www.africa-press.net\/djibouti\/culture-et-art\/region-dali-sabieh-une-rentree-scolaire-avec-lentree-en-service-des-nouvelles-entites-scolaires-de-base#primaryimage"},"image":{"@id":"https:\/\/www.africa-press.net\/djibouti\/culture-et-art\/region-dali-sabieh-une-rentree-scolaire-avec-lentree-en-service-des-nouvelles-entites-scolaires-de-base#primaryimage"},"thumbnailUrl":"https:\/\/static.africa-press.net\/djibouti\/sites\/52\/2023\/09\/sm_1693915647.798591.jpg","datePublished":"2023-09-05T14:43:10+00:00","dateModified":"2023-09-05T15:37:47+00:00","author":{"@id":"https:\/\/www.africa-press.net\/djibouti\/#\/schema\/person\/2b1cf3cd81a31e3cd26889ca66d677f1"},"description":"A l\u2019instar de l\u2019ensemble du reste du pays, la rentre\u0301e scolaire 2023\/2024 a eu lieudimanche matin pour les e\u0301tablissemen ...","breadcrumb":{"@id":"https:\/\/www.africa-press.net\/djibouti\/culture-et-art\/region-dali-sabieh-une-rentree-scolaire-avec-lentree-en-service-des-nouvelles-entites-scolaires-de-base#breadcrumb"},"inLanguage":"fr-FR","potentialAction":[{"@type":"ReadAction","target":["https:\/\/www.africa-press.net\/djibouti\/culture-et-art\/region-dali-sabieh-une-rentree-scolaire-avec-lentree-en-service-des-nouvelles-entites-scolaires-de-base"]}]},{"@type":"ImageObject","inLanguage":"fr-FR","@id":"https:\/\/www.africa-press.net\/djibouti\/culture-et-art\/region-dali-sabieh-une-rentree-scolaire-avec-lentree-en-service-des-nouvelles-entites-scolaires-de-base#primaryimage","url":"https:\/\/static.africa-press.net\/djibouti\/sites\/52\/2023\/09\/sm_1693915647.798591.jpg","contentUrl":"https:\/\/static.africa-press.net\/djibouti\/sites\/52\/2023\/09\/sm_1693915647.798591.jpg","width":720,"height":540,"caption":"R\u00e9gion d\u2019Ali-Sabieh : Une rentr\u00e9e scolaire avec l\u2019entr\u00e9e en service des nouvelles entit\u00e9s scolaires de base"},{"@type":"BreadcrumbList","@id":"https:\/\/www.africa-press.net\/djibouti\/culture-et-art\/region-dali-sabieh-une-rentree-scolaire-avec-lentree-en-service-des-nouvelles-entites-scolaires-de-base#breadcrumb","itemListElement":[{"@type":"ListItem","position":1,"name":"Accueil","item":"https:\/\/www.africa-press.net\/djibouti\/"},{"@type":"ListItem","position":2,"name":"R\u00e9gion d\u2019Ali-Sabieh : Une rentr\u00e9e scolaire avec l\u2019entr\u00e9e en service des nouvelles entit\u00e9s scolaires de base"}]},{"@type":"WebSite","@id":"https:\/\/www.africa-press.net\/djibouti\/#website","url":"https:\/\/www.africa-press.net\/djibouti\/","name":"Djibouti","description":"Just another Africa News Agency Sites site","potentialAction":[{"@type":"SearchAction","target":{"@type":"EntryPoint","urlTemplate":"https:\/\/www.africa-press.net\/djibouti\/?s={search_term_string}"},"query-input":{"@type":"PropertyValueSpecification","valueRequired":true,"valueName":"search_term_string"}}],"inLanguage":"fr-FR"},{"@type":"Person","@id":"https:\/\/www.africa-press.net\/djibouti\/#\/schema\/person\/2b1cf3cd81a31e3cd26889ca66d677f1","name":"cfeditorfr"}]}},"_links":{"self":[{"href":"https:\/\/www.africa-press.net\/djibouti\/wp-json\/wp\/v2\/posts\/17461","targetHints":{"allow":["GET"]}}],"collection":[{"href":"https:\/\/www.africa-press.net\/djibouti\/wp-json\/wp\/v2\/posts"}],"about":[{"href":"https:\/\/www.africa-press.net\/djibouti\/wp-json\/wp\/v2\/types\/post"}],"author":[{"embeddable":true,"href":"https:\/\/www.africa-press.net\/djibouti\/wp-json\/wp\/v2\/users\/82"}],"replies":[{"embeddable":true,"href":"https:\/\/www.africa-press.net\/djibouti\/wp-json\/wp\/v2\/comments?post=17461"}],"version-history":[{"count":0,"href":"https:\/\/www.africa-press.net\/djibouti\/wp-json\/wp\/v2\/posts\/17461\/revisions"}],"wp:featuredmedia":[{"embeddable":true,"href":"https:\/\/www.africa-press.net\/djibouti\/wp-json\/wp\/v2\/media\/17460"}],"wp:attachment":[{"href":"https:\/\/www.africa-press.net\/djibouti\/wp-json\/wp\/v2\/media?parent=17461"}],"wp:term":[{"taxonomy":"category","embeddable":true,"href":"https:\/\/www.africa-press.net\/djibouti\/wp-json\/wp\/v2\/categories?post=17461"},{"taxonomy":"post_tag","embeddable":true,"href":"https:\/\/www.africa-press.net\/djibouti\/wp-json\/wp\/v2\/tags?post=17461"}],"curies":[{"name":"wp","href":"https:\/\/api.w.org\/{rel}","templated":true}]}}