{"id":17469,"date":"2023-09-05T14:43:57","date_gmt":"2023-09-05T14:43:57","guid":{"rendered":"https:\/\/www.africa-press.net\/djibouti\/politique\/rentree-scolaire-122-285-eleves-de-lenseignement-fondamental-ont-repris-le-chemin-de-lecole"},"modified":"2023-09-05T15:39:20","modified_gmt":"2023-09-05T15:39:20","slug":"rentree-scolaire-122-285-eleves-de-lenseignement-fondamental-ont-repris-le-chemin-de-lecole","status":"publish","type":"post","link":"https:\/\/www.africa-press.net\/djibouti\/culture-et-art\/rentree-scolaire-122-285-eleves-de-lenseignement-fondamental-ont-repris-le-chemin-de-lecole","title":{"rendered":"Rentr\u00e9e scolaire : 122 285 \u00e9l\u00e8ves de l\u2019enseignement fondamental ont repris le chemin de l\u2019\u00e9cole"},"content":{"rendered":"<p><span style=\"color: #ff6600\"><strong>Africa-Press &#8211; Djibouti. <\/strong><\/span>Les e\u0301le\u0300ves de l\u2019enseignement fondamental, soit au total 122 285 e\u0301le\u0300ves dont 74064 e\u0301le\u0300ves dans le primaire et 48221 e\u0301le\u0300ves dans les colle\u0300ges, ont repris le chemin de l\u2019e\u0301cole dimanche. Ceux de l\u2019enseignement secondaire ge\u0301ne\u0301ral, technique et professionnel retrouveront les bancs de leurs e\u0301tablissements scolaires de\u0300s aujourd\u2019hui,mardi 5 septembre 2023.<\/p>\n<p>A cette occasion,le secre\u0301taire ge\u0301ne\u0301ral du ministe\u0300re de l\u2019Education nationale et de la Formation professionnelle, M. Mohamed Abdallah Mahyoub, a\u0300 la te\u0302te d\u2019une importante de\u0301le\u0301gation compose\u0301e notamment de hauts responsables du de\u0301partement de l\u2019Education nationale, a entrepris une tourne\u0301e qui l\u2019a conduit dans plusieurs e\u0301tablissements scolaires.<\/p>\n<p>Pr ailleurs, cette anne\u0301e, l\u2019offre d\u2019enseignement a e\u0301te\u0301 largement renforce\u0301e avec l\u2019ouverture de douze nouveaux e\u0301tablissements scolaires dans les re\u0301gions de l\u2019inte\u0301rieur : Hilbaleh, Kourtimalay, Cheik Farah, Galileh, Gadid, Lyce\u0301e de Mouloud, Sankal et As-Eyla, Hagandeh, OttoyWaydarim, Souwali.<\/p>\n<p>Par la me\u0302me occasion, huit e\u0301tablissements scolaires ont be\u0301ne\u0301ficie\u0301 d\u2019extensions : We\u0301a, DoudoubAllaleh, Assamo, Sankal, Dougoum, Sagalou, Bouya et Moulhouleh.<\/p>\n<p>Ainsi, l\u2019e\u0301cole a e\u0301te\u0301 renforce\u0301e de vingt-six nouvelles salles de classe dans le pre\u0301scolaire, tandis que vingt-trois e\u0301tablissements ont e\u0301te\u0301 re\u0301habilite\u0301s et des dotations conse\u0301quentes en mobiliers ont e\u0301te\u0301 apporte\u0301es aux nouveaux e\u0301tablissements.<\/p>\n<p>Le MENFOP a mis les petits plats dans les grands pour une rentre\u0301e re\u0301ussie avec une offre e\u0301ducative e\u0301largie et une batterie de mesures pour renforcer la qualite\u0301 des enseignement et des apprentissages. L\u2019autre mesure forte, c\u2019est le renforcement de l\u2019e\u0301quite\u0301. A ce titre, le centre d\u2019e\u0301ducation spe\u0301cialise\u0301e destine\u0301 aux e\u0301le\u0300ves a\u0300 besoins spe\u0301ciaux est fonctionnel avec sept experts cubains qui y officient d\u2019ores et de\u0301ja\u0300. Les enseignants et e\u0301ducateurs nationaux ont e\u0301te\u0301 renforce\u0301s en nombre et en formation. Plus ge\u0301ne\u0301ralement, le MENFOP a dresse\u0301 une se\u0301rie de proble\u0301matiques prioritaires dans une lettre de rentre\u0301e 2023, adresse\u0301e a\u0300 tous les acteurs du syste\u0300me e\u0301ducatif. Le document fixe les grandes orientations et de\u0301finit les priorite\u0301s visant a\u0300 ame\u0301liorer les performances et les compe\u0301tences socio-scolaires des e\u0301le\u0300ves et lutter contre l\u2019abandon et le de\u0301crochage scolaire. Pour ce faire, le ministe\u0300re mise sur l\u2019accompagnement personnalise\u0301 des e\u0301le\u0300ves et des enseignants par des plans de carrie\u0300re ainsi que le renforcement des compe\u0301tences et du leadership des chefs d\u2019e\u0301tablissements.<\/p>\n<p>D\u2019un autre co\u0302te\u0301, le partenariat et la coe\u0301ducation avec les parents d\u2019e\u0301le\u0300ves et les autorite\u0301s locales s\u2019impose comme un pilier de cette nouvelle dynamique collaborative. D\u2019un point de vue didactique, le ministe\u0300re est de\u0301termine\u0301 a\u0300 mener a\u0300 terme la re\u0301vision des curricula de l\u2019enseignement fondamental et le de\u0301veloppement du pre\u0301scolaire ainsi que la mise en \u0153uvre de la strate\u0301gie des Ressources Educatives Libres.<\/p>\n<p>Autant dire que le MENFOP est re\u0301solu a\u0300 renforcer les capacite\u0301s des enseignants et des personnels d\u2019encadrement tant pe\u0301dagogique qu\u2019administratif et instaurer une culture de gestion axe\u0301e sur les re\u0301sultats. Des objectifs cardinaux quipermettront l\u2019e\u0301mergence d\u2019une e\u0301cole djiboutienne moderneet en phase avec son e\u0301poque a\u0300 me\u0302me de former des citoyens capables de s\u2019inse\u0301rer dans le monde professionnel et qui participent activement au de\u0301veloppement du pays.<\/p>\n\r\n                <style type=\"text\/css\">\r\n                    \r\n                    #td_uid_1_69efc9f81df3d  .td-doubleSlider-2 .td-item1 {\r\n                        background: url(https:\/\/static.africa-press.net\/djibouti\/sites\/52\/2023\/09\/sm_1693915664.073957-80x60.jpg) 0 0 no-repeat;\r\n                    }\r\n                    #td_uid_1_69efc9f81df3d  .td-doubleSlider-2 .td-item2 {\r\n                        background: url(https:\/\/static.africa-press.net\/djibouti\/sites\/52\/2023\/09\/sm_1693915674.211056-80x60.jpg) 0 0 no-repeat;\r\n                    }\r\n                    #td_uid_1_69efc9f81df3d  .td-doubleSlider-2 .td-item3 {\r\n                        background: url(https:\/\/static.africa-press.net\/djibouti\/sites\/52\/2023\/09\/sm_1693915688.324182-80x60.jpg) 0 0 no-repeat;\r\n                    }\r\n                    #td_uid_1_69efc9f81df3d  .td-doubleSlider-2 .td-item4 {\r\n                        background: url(https:\/\/static.africa-press.net\/djibouti\/sites\/52\/2023\/09\/sm_1693915703.017397-80x60.jpg) 0 0 no-repeat;\r\n                    }\r\n                    #td_uid_1_69efc9f81df3d  .td-doubleSlider-2 .td-item5 {\r\n                        background: url(https:\/\/static.africa-press.net\/djibouti\/sites\/52\/2023\/09\/sm_1693915717.257325-80x60.jpg) 0 0 no-repeat;\r\n                    }\r\n                <\/style>\r\n\r\n                <div id=\"td_uid_1_69efc9f81df3d\" class=\"td-gallery td-slide-on-2-columns\">\r\n                    <div class=\"post_td_gallery\">\r\n                        <div class=\"td-gallery-slide-top\">\r\n                           <div class=\"td-gallery-title\"><\/div>\r\n\r\n                            <div class=\"td-gallery-controls-wrapper\">\r\n                                <div class=\"td-gallery-slide-count\"><span class=\"td-gallery-slide-item-focus\">1<\/span> de 5<\/div>\r\n                                <div class=\"td-gallery-slide-prev-next-but\">\r\n                                    <i class = \"td-icon-left doubleSliderPrevButton\"><\/i>\r\n                                    <i class = \"td-icon-right doubleSliderNextButton\"><\/i>\r\n                                <\/div>\r\n                            <\/div>\r\n                        <\/div>\r\n\r\n                        <div class = \"td-doubleSlider-1 \">\r\n                            <div class = \"td-slider\">\r\n                                \r\n                    <div class = \"td-slide-item td-item1\">\r\n                        <figure class=\"td-slide-galery-figure td-slide-popup-gallery\">\r\n                            <a class=\"slide-gallery-image-link\" href=\"https:\/\/static.africa-press.net\/djibouti\/sites\/52\/2023\/09\/sm_1693915664.073957.jpg\" title=\"sm_1693915664.073957\"  data-caption=\"\"  data-description=\"\">\r\n                                <img decoding=\"async\" src=\"https:\/\/static.africa-press.net\/djibouti\/sites\/52\/2023\/09\/sm_1693915664.073957.jpg\" srcset=\"https:\/\/static.africa-press.net\/djibouti\/sites\/52\/2023\/09\/sm_1693915664.073957.jpg 1024w, https:\/\/static.africa-press.net\/djibouti\/sites\/52\/2023\/09\/sm_1693915664.073957-300x172.jpg 300w, https:\/\/static.africa-press.net\/djibouti\/sites\/52\/2023\/09\/sm_1693915664.073957-768x441.jpg 768w\" sizes=\"(max-width: 1024px) 100vw, 1024px\" alt=\"\">\r\n                            <\/a>\r\n                            \r\n                        <\/figure>\r\n                    <\/div>\r\n                    <div class = \"td-slide-item td-item2\">\r\n                        <figure class=\"td-slide-galery-figure td-slide-popup-gallery\">\r\n                            <a class=\"slide-gallery-image-link\" href=\"https:\/\/static.africa-press.net\/djibouti\/sites\/52\/2023\/09\/sm_1693915674.211056.jpg\" title=\"sm_1693915674.211056\"  data-caption=\"\"  data-description=\"\">\r\n                                <img decoding=\"async\" src=\"https:\/\/static.africa-press.net\/djibouti\/sites\/52\/2023\/09\/sm_1693915674.211056.jpg\" srcset=\"https:\/\/static.africa-press.net\/djibouti\/sites\/52\/2023\/09\/sm_1693915674.211056.jpg 1024w, https:\/\/static.africa-press.net\/djibouti\/sites\/52\/2023\/09\/sm_1693915674.211056-300x171.jpg 300w, https:\/\/static.africa-press.net\/djibouti\/sites\/52\/2023\/09\/sm_1693915674.211056-768x437.jpg 768w\" sizes=\"(max-width: 1024px) 100vw, 1024px\" alt=\"\">\r\n                            <\/a>\r\n                            \r\n                        <\/figure>\r\n                    <\/div>\r\n                    <div class = \"td-slide-item td-item3\">\r\n                        <figure class=\"td-slide-galery-figure td-slide-popup-gallery\">\r\n                            <a class=\"slide-gallery-image-link\" href=\"https:\/\/static.africa-press.net\/djibouti\/sites\/52\/2023\/09\/sm_1693915688.324182.jpg\" title=\"sm_1693915688.324182\"  data-caption=\"\"  data-description=\"\">\r\n                                <img decoding=\"async\" src=\"https:\/\/static.africa-press.net\/djibouti\/sites\/52\/2023\/09\/sm_1693915688.324182.jpg\" srcset=\"https:\/\/static.africa-press.net\/djibouti\/sites\/52\/2023\/09\/sm_1693915688.324182.jpg 1024w, https:\/\/static.africa-press.net\/djibouti\/sites\/52\/2023\/09\/sm_1693915688.324182-300x171.jpg 300w, https:\/\/static.africa-press.net\/djibouti\/sites\/52\/2023\/09\/sm_1693915688.324182-768x437.jpg 768w\" sizes=\"(max-width: 1024px) 100vw, 1024px\" alt=\"\">\r\n                            <\/a>\r\n                            \r\n                        <\/figure>\r\n                    <\/div>\r\n                    <div class = \"td-slide-item td-item4\">\r\n                        <figure class=\"td-slide-galery-figure td-slide-popup-gallery\">\r\n                            <a class=\"slide-gallery-image-link\" href=\"https:\/\/static.africa-press.net\/djibouti\/sites\/52\/2023\/09\/sm_1693915703.017397.jpg\" title=\"sm_1693915703.017397\"  data-caption=\"\"  data-description=\"\">\r\n                                <img decoding=\"async\" src=\"https:\/\/static.africa-press.net\/djibouti\/sites\/52\/2023\/09\/sm_1693915703.017397.jpg\" srcset=\"https:\/\/static.africa-press.net\/djibouti\/sites\/52\/2023\/09\/sm_1693915703.017397.jpg 1024w, https:\/\/static.africa-press.net\/djibouti\/sites\/52\/2023\/09\/sm_1693915703.017397-300x166.jpg 300w, https:\/\/static.africa-press.net\/djibouti\/sites\/52\/2023\/09\/sm_1693915703.017397-768x425.jpg 768w, https:\/\/static.africa-press.net\/djibouti\/sites\/52\/2023\/09\/sm_1693915703.017397-696x385.jpg 696w\" sizes=\"(max-width: 1024px) 100vw, 1024px\" alt=\"\">\r\n                            <\/a>\r\n                            \r\n                        <\/figure>\r\n                    <\/div>\r\n                    <div class = \"td-slide-item td-item5\">\r\n                        <figure class=\"td-slide-galery-figure td-slide-popup-gallery\">\r\n                            <a class=\"slide-gallery-image-link\" href=\"https:\/\/static.africa-press.net\/djibouti\/sites\/52\/2023\/09\/sm_1693915717.257325.jpg\" title=\"sm_1693915717.257325\"  data-caption=\"\"  data-description=\"\">\r\n                                <img decoding=\"async\" src=\"https:\/\/static.africa-press.net\/djibouti\/sites\/52\/2023\/09\/sm_1693915717.257325.jpg\" srcset=\"https:\/\/static.africa-press.net\/djibouti\/sites\/52\/2023\/09\/sm_1693915717.257325.jpg 1024w, https:\/\/static.africa-press.net\/djibouti\/sites\/52\/2023\/09\/sm_1693915717.257325-300x223.jpg 300w, https:\/\/static.africa-press.net\/djibouti\/sites\/52\/2023\/09\/sm_1693915717.257325-768x572.jpg 768w, https:\/\/static.africa-press.net\/djibouti\/sites\/52\/2023\/09\/sm_1693915717.257325-80x60.jpg 80w\" sizes=\"(max-width: 1024px) 100vw, 1024px\" alt=\"\">\r\n                            <\/a>\r\n                            \r\n                        <\/figure>\r\n                    <\/div>\r\n                            <\/div>\r\n                        <\/div>\r\n\r\n                        <div class = \"td-doubleSlider-2\">\r\n                            <div class = \"td-slider\">\r\n                                \r\n                    <div class = \"td-button td-item1\">\r\n                        <div class = \"td-border\"><\/div>\r\n                    <\/div>\r\n                    <div class = \"td-button td-item2\">\r\n                        <div class = \"td-border\"><\/div>\r\n                    <\/div>\r\n                    <div class = \"td-button td-item3\">\r\n                        <div class = \"td-border\"><\/div>\r\n                    <\/div>\r\n                    <div class = \"td-button td-item4\">\r\n                        <div class = \"td-border\"><\/div>\r\n                    <\/div>\r\n                    <div class = \"td-button td-item5\">\r\n                        <div class = \"td-border\"><\/div>\r\n                    <\/div>\r\n                            <\/div>\r\n                        <\/div>\r\n\r\n                    <\/div>\r\n\r\n                <\/div>\r\n                \n<p><strong>Pour plus d&rsquo;informations et d&rsquo;analyses sur la <a href=\"https:\/\/www.africa-press.net\/djibouti\">Djibouti<\/a>, suivez <a href=\"https:\/\/www.africa-press.net\/\">Africa-Press<\/a><\/strong><\/p>\n","protected":false},"excerpt":{"rendered":"<p>Africa-Press &#8211; Djibouti. Les e\u0301le\u0300ves de l\u2019enseignement fondamental, soit au total 122 285 e\u0301le\u0300ves dont 74064 e\u0301le\u0300ves dans le primaire et 48221 e\u0301le\u0300ves dans les colle\u0300ges, ont repris le chemin de l\u2019e\u0301cole dimanche. Ceux de l\u2019enseignement secondaire ge\u0301ne\u0301ral, technique et professionnel retrouveront les bancs de leurs e\u0301tablissements scolaires de\u0300s aujourd\u2019hui,mardi 5 septembre 2023. A cette [&hellip;]<\/p>\n","protected":false},"author":82,"featured_media":17468,"comment_status":"open","ping_status":"closed","sticky":false,"template":"","format":"standard","meta":{"footnotes":""},"categories":[5,8,10],"tags":[36,49,50],"class_list":["post-17469","post","type-post","status-publish","format-standard","has-post-thumbnail","hentry","category-culture-et-art","category-photo","category-toutes-les-actualites","tag-africa-press","tag-africa-press-djibouti","tag-djibouti"],"yoast_head":"<!-- This site is optimized with the Yoast SEO Premium plugin v26.1 (Yoast SEO v27.0) - https:\/\/yoast.com\/product\/yoast-seo-premium-wordpress\/ -->\n<title>Rentr\u00e9e scolaire : 122 285 \u00e9l\u00e8ves de l\u2019enseignement fondamental ont repris le chemin de l\u2019\u00e9cole - Djibouti<\/title>\n<meta name=\"description\" content=\"Les e\u0301le\u0300ves de l\u2019enseignement fondamental, soit au total 122 285 e\u0301le\u0300ves dont 74064 e\u0301le\u0300ves dans le primaire et 48221 ...\" \/>\n<meta name=\"robots\" content=\"index, follow, max-snippet:-1, max-image-preview:large, max-video-preview:-1\" \/>\n<link rel=\"canonical\" href=\"https:\/\/www.africa-press.net\/djibouti\/culture-et-art\/rentree-scolaire-122-285-eleves-de-lenseignement-fondamental-ont-repris-le-chemin-de-lecole\" \/>\n<meta property=\"og:locale\" content=\"fr_FR\" \/>\n<meta property=\"og:type\" content=\"article\" \/>\n<meta property=\"og:title\" content=\"Rentr\u00e9e scolaire : 122 285 \u00e9l\u00e8ves de l\u2019enseignement fondamental ont repris le chemin de l\u2019\u00e9cole\" \/>\n<meta property=\"og:description\" content=\"Les e\u0301le\u0300ves de l\u2019enseignement fondamental, soit au total 122 285 e\u0301le\u0300ves dont 74064 e\u0301le\u0300ves dans le primaire et 48221 ...\" \/>\n<meta property=\"og:url\" content=\"https:\/\/www.africa-press.net\/djibouti\/culture-et-art\/rentree-scolaire-122-285-eleves-de-lenseignement-fondamental-ont-repris-le-chemin-de-lecole\" \/>\n<meta property=\"og:site_name\" content=\"Djibouti\" \/>\n<meta property=\"article:published_time\" content=\"2023-09-05T14:43:57+00:00\" \/>\n<meta property=\"article:modified_time\" content=\"2023-09-05T15:39:20+00:00\" \/>\n<meta property=\"og:image\" content=\"https:\/\/static.africa-press.net\/djibouti\/sites\/52\/2023\/09\/sm_1693915732.011939.jpg\" \/>\n\t<meta property=\"og:image:width\" content=\"720\" \/>\n\t<meta property=\"og:image:height\" content=\"407\" \/>\n\t<meta property=\"og:image:type\" content=\"image\/jpeg\" \/>\n<meta name=\"author\" content=\"cfeditorfr\" \/>\n<meta name=\"twitter:card\" content=\"summary_large_image\" \/>\n<meta name=\"twitter:label1\" content=\"\u00c9crit par\" \/>\n\t<meta name=\"twitter:data1\" content=\"cfeditorfr\" \/>\n\t<meta name=\"twitter:label2\" content=\"Dur\u00e9e de lecture estim\u00e9e\" \/>\n\t<meta name=\"twitter:data2\" content=\"3 minutes\" \/>\n<script type=\"application\/ld+json\" class=\"yoast-schema-graph\">{\"@context\":\"https:\/\/schema.org\",\"@graph\":[{\"@type\":\"Article\",\"@id\":\"https:\/\/www.africa-press.net\/djibouti\/culture-et-art\/rentree-scolaire-122-285-eleves-de-lenseignement-fondamental-ont-repris-le-chemin-de-lecole#article\",\"isPartOf\":{\"@id\":\"https:\/\/www.africa-press.net\/djibouti\/culture-et-art\/rentree-scolaire-122-285-eleves-de-lenseignement-fondamental-ont-repris-le-chemin-de-lecole\"},\"author\":{\"name\":\"cfeditorfr\",\"@id\":\"https:\/\/www.africa-press.net\/djibouti\/#\/schema\/person\/2b1cf3cd81a31e3cd26889ca66d677f1\"},\"headline\":\"Rentr\u00e9e scolaire : 122 285 \u00e9l\u00e8ves de l\u2019enseignement fondamental ont repris le chemin de l\u2019\u00e9cole\",\"datePublished\":\"2023-09-05T14:43:57+00:00\",\"dateModified\":\"2023-09-05T15:39:20+00:00\",\"mainEntityOfPage\":{\"@id\":\"https:\/\/www.africa-press.net\/djibouti\/culture-et-art\/rentree-scolaire-122-285-eleves-de-lenseignement-fondamental-ont-repris-le-chemin-de-lecole\"},\"wordCount\":652,\"commentCount\":0,\"image\":{\"@id\":\"https:\/\/www.africa-press.net\/djibouti\/culture-et-art\/rentree-scolaire-122-285-eleves-de-lenseignement-fondamental-ont-repris-le-chemin-de-lecole#primaryimage\"},\"thumbnailUrl\":\"https:\/\/static.africa-press.net\/djibouti\/sites\/52\/2023\/09\/sm_1693915732.011939.jpg\",\"keywords\":[\"Africa Press\",\"Africa Press-Djibouti\",\"Djibouti\"],\"articleSection\":[\"Culture et Art\",\"Photo\",\"Toutes les actualit\u00e9s\"],\"inLanguage\":\"fr-FR\",\"potentialAction\":[{\"@type\":\"CommentAction\",\"name\":\"Comment\",\"target\":[\"https:\/\/www.africa-press.net\/djibouti\/culture-et-art\/rentree-scolaire-122-285-eleves-de-lenseignement-fondamental-ont-repris-le-chemin-de-lecole#respond\"]}]},{\"@type\":\"WebPage\",\"@id\":\"https:\/\/www.africa-press.net\/djibouti\/culture-et-art\/rentree-scolaire-122-285-eleves-de-lenseignement-fondamental-ont-repris-le-chemin-de-lecole\",\"url\":\"https:\/\/www.africa-press.net\/djibouti\/culture-et-art\/rentree-scolaire-122-285-eleves-de-lenseignement-fondamental-ont-repris-le-chemin-de-lecole\",\"name\":\"Rentr\u00e9e scolaire : 122 285 \u00e9l\u00e8ves de l\u2019enseignement fondamental ont repris le chemin de l\u2019\u00e9cole - Djibouti\",\"isPartOf\":{\"@id\":\"https:\/\/www.africa-press.net\/djibouti\/#website\"},\"primaryImageOfPage\":{\"@id\":\"https:\/\/www.africa-press.net\/djibouti\/culture-et-art\/rentree-scolaire-122-285-eleves-de-lenseignement-fondamental-ont-repris-le-chemin-de-lecole#primaryimage\"},\"image\":{\"@id\":\"https:\/\/www.africa-press.net\/djibouti\/culture-et-art\/rentree-scolaire-122-285-eleves-de-lenseignement-fondamental-ont-repris-le-chemin-de-lecole#primaryimage\"},\"thumbnailUrl\":\"https:\/\/static.africa-press.net\/djibouti\/sites\/52\/2023\/09\/sm_1693915732.011939.jpg\",\"datePublished\":\"2023-09-05T14:43:57+00:00\",\"dateModified\":\"2023-09-05T15:39:20+00:00\",\"author\":{\"@id\":\"https:\/\/www.africa-press.net\/djibouti\/#\/schema\/person\/2b1cf3cd81a31e3cd26889ca66d677f1\"},\"description\":\"Les e\u0301le\u0300ves de l\u2019enseignement fondamental, soit au total 122 285 e\u0301le\u0300ves dont 74064 e\u0301le\u0300ves dans le primaire et 48221 ...\",\"breadcrumb\":{\"@id\":\"https:\/\/www.africa-press.net\/djibouti\/culture-et-art\/rentree-scolaire-122-285-eleves-de-lenseignement-fondamental-ont-repris-le-chemin-de-lecole#breadcrumb\"},\"inLanguage\":\"fr-FR\",\"potentialAction\":[{\"@type\":\"ReadAction\",\"target\":[\"https:\/\/www.africa-press.net\/djibouti\/culture-et-art\/rentree-scolaire-122-285-eleves-de-lenseignement-fondamental-ont-repris-le-chemin-de-lecole\"]}]},{\"@type\":\"ImageObject\",\"inLanguage\":\"fr-FR\",\"@id\":\"https:\/\/www.africa-press.net\/djibouti\/culture-et-art\/rentree-scolaire-122-285-eleves-de-lenseignement-fondamental-ont-repris-le-chemin-de-lecole#primaryimage\",\"url\":\"https:\/\/static.africa-press.net\/djibouti\/sites\/52\/2023\/09\/sm_1693915732.011939.jpg\",\"contentUrl\":\"https:\/\/static.africa-press.net\/djibouti\/sites\/52\/2023\/09\/sm_1693915732.011939.jpg\",\"width\":720,\"height\":407,\"caption\":\"Rentr\u00e9e scolaire : 122 285 \u00e9l\u00e8ves de l\u2019enseignement fondamental ont repris le chemin de l\u2019\u00e9cole\"},{\"@type\":\"BreadcrumbList\",\"@id\":\"https:\/\/www.africa-press.net\/djibouti\/culture-et-art\/rentree-scolaire-122-285-eleves-de-lenseignement-fondamental-ont-repris-le-chemin-de-lecole#breadcrumb\",\"itemListElement\":[{\"@type\":\"ListItem\",\"position\":1,\"name\":\"Accueil\",\"item\":\"https:\/\/www.africa-press.net\/djibouti\/\"},{\"@type\":\"ListItem\",\"position\":2,\"name\":\"Rentr\u00e9e scolaire : 122 285 \u00e9l\u00e8ves de l\u2019enseignement fondamental ont repris le chemin de l\u2019\u00e9cole\"}]},{\"@type\":\"WebSite\",\"@id\":\"https:\/\/www.africa-press.net\/djibouti\/#website\",\"url\":\"https:\/\/www.africa-press.net\/djibouti\/\",\"name\":\"Djibouti\",\"description\":\"Just another Africa News Agency Sites site\",\"potentialAction\":[{\"@type\":\"SearchAction\",\"target\":{\"@type\":\"EntryPoint\",\"urlTemplate\":\"https:\/\/www.africa-press.net\/djibouti\/?s={search_term_string}\"},\"query-input\":{\"@type\":\"PropertyValueSpecification\",\"valueRequired\":true,\"valueName\":\"search_term_string\"}}],\"inLanguage\":\"fr-FR\"},{\"@type\":\"Person\",\"@id\":\"https:\/\/www.africa-press.net\/djibouti\/#\/schema\/person\/2b1cf3cd81a31e3cd26889ca66d677f1\",\"name\":\"cfeditorfr\"}]}<\/script>\n<!-- \/ Yoast SEO Premium plugin. -->","yoast_head_json":{"title":"Rentr\u00e9e scolaire : 122 285 \u00e9l\u00e8ves de l\u2019enseignement fondamental ont repris le chemin de l\u2019\u00e9cole - Djibouti","description":"Les e\u0301le\u0300ves de l\u2019enseignement fondamental, soit au total 122 285 e\u0301le\u0300ves dont 74064 e\u0301le\u0300ves dans le primaire et 48221 ...","robots":{"index":"index","follow":"follow","max-snippet":"max-snippet:-1","max-image-preview":"max-image-preview:large","max-video-preview":"max-video-preview:-1"},"canonical":"https:\/\/www.africa-press.net\/djibouti\/culture-et-art\/rentree-scolaire-122-285-eleves-de-lenseignement-fondamental-ont-repris-le-chemin-de-lecole","og_locale":"fr_FR","og_type":"article","og_title":"Rentr\u00e9e scolaire : 122 285 \u00e9l\u00e8ves de l\u2019enseignement fondamental ont repris le chemin de l\u2019\u00e9cole","og_description":"Les e\u0301le\u0300ves de l\u2019enseignement fondamental, soit au total 122 285 e\u0301le\u0300ves dont 74064 e\u0301le\u0300ves dans le primaire et 48221 ...","og_url":"https:\/\/www.africa-press.net\/djibouti\/culture-et-art\/rentree-scolaire-122-285-eleves-de-lenseignement-fondamental-ont-repris-le-chemin-de-lecole","og_site_name":"Djibouti","article_published_time":"2023-09-05T14:43:57+00:00","article_modified_time":"2023-09-05T15:39:20+00:00","og_image":[{"width":720,"height":407,"url":"https:\/\/static.africa-press.net\/djibouti\/sites\/52\/2023\/09\/sm_1693915732.011939.jpg","type":"image\/jpeg"}],"author":"cfeditorfr","twitter_card":"summary_large_image","twitter_misc":{"\u00c9crit par":"cfeditorfr","Dur\u00e9e de lecture estim\u00e9e":"3 minutes"},"schema":{"@context":"https:\/\/schema.org","@graph":[{"@type":"Article","@id":"https:\/\/www.africa-press.net\/djibouti\/culture-et-art\/rentree-scolaire-122-285-eleves-de-lenseignement-fondamental-ont-repris-le-chemin-de-lecole#article","isPartOf":{"@id":"https:\/\/www.africa-press.net\/djibouti\/culture-et-art\/rentree-scolaire-122-285-eleves-de-lenseignement-fondamental-ont-repris-le-chemin-de-lecole"},"author":{"name":"cfeditorfr","@id":"https:\/\/www.africa-press.net\/djibouti\/#\/schema\/person\/2b1cf3cd81a31e3cd26889ca66d677f1"},"headline":"Rentr\u00e9e scolaire : 122 285 \u00e9l\u00e8ves de l\u2019enseignement fondamental ont repris le chemin de l\u2019\u00e9cole","datePublished":"2023-09-05T14:43:57+00:00","dateModified":"2023-09-05T15:39:20+00:00","mainEntityOfPage":{"@id":"https:\/\/www.africa-press.net\/djibouti\/culture-et-art\/rentree-scolaire-122-285-eleves-de-lenseignement-fondamental-ont-repris-le-chemin-de-lecole"},"wordCount":652,"commentCount":0,"image":{"@id":"https:\/\/www.africa-press.net\/djibouti\/culture-et-art\/rentree-scolaire-122-285-eleves-de-lenseignement-fondamental-ont-repris-le-chemin-de-lecole#primaryimage"},"thumbnailUrl":"https:\/\/static.africa-press.net\/djibouti\/sites\/52\/2023\/09\/sm_1693915732.011939.jpg","keywords":["Africa Press","Africa Press-Djibouti","Djibouti"],"articleSection":["Culture et Art","Photo","Toutes les actualit\u00e9s"],"inLanguage":"fr-FR","potentialAction":[{"@type":"CommentAction","name":"Comment","target":["https:\/\/www.africa-press.net\/djibouti\/culture-et-art\/rentree-scolaire-122-285-eleves-de-lenseignement-fondamental-ont-repris-le-chemin-de-lecole#respond"]}]},{"@type":"WebPage","@id":"https:\/\/www.africa-press.net\/djibouti\/culture-et-art\/rentree-scolaire-122-285-eleves-de-lenseignement-fondamental-ont-repris-le-chemin-de-lecole","url":"https:\/\/www.africa-press.net\/djibouti\/culture-et-art\/rentree-scolaire-122-285-eleves-de-lenseignement-fondamental-ont-repris-le-chemin-de-lecole","name":"Rentr\u00e9e scolaire : 122 285 \u00e9l\u00e8ves de l\u2019enseignement fondamental ont repris le chemin de l\u2019\u00e9cole - Djibouti","isPartOf":{"@id":"https:\/\/www.africa-press.net\/djibouti\/#website"},"primaryImageOfPage":{"@id":"https:\/\/www.africa-press.net\/djibouti\/culture-et-art\/rentree-scolaire-122-285-eleves-de-lenseignement-fondamental-ont-repris-le-chemin-de-lecole#primaryimage"},"image":{"@id":"https:\/\/www.africa-press.net\/djibouti\/culture-et-art\/rentree-scolaire-122-285-eleves-de-lenseignement-fondamental-ont-repris-le-chemin-de-lecole#primaryimage"},"thumbnailUrl":"https:\/\/static.africa-press.net\/djibouti\/sites\/52\/2023\/09\/sm_1693915732.011939.jpg","datePublished":"2023-09-05T14:43:57+00:00","dateModified":"2023-09-05T15:39:20+00:00","author":{"@id":"https:\/\/www.africa-press.net\/djibouti\/#\/schema\/person\/2b1cf3cd81a31e3cd26889ca66d677f1"},"description":"Les e\u0301le\u0300ves de l\u2019enseignement fondamental, soit au total 122 285 e\u0301le\u0300ves dont 74064 e\u0301le\u0300ves dans le primaire et 48221 ...","breadcrumb":{"@id":"https:\/\/www.africa-press.net\/djibouti\/culture-et-art\/rentree-scolaire-122-285-eleves-de-lenseignement-fondamental-ont-repris-le-chemin-de-lecole#breadcrumb"},"inLanguage":"fr-FR","potentialAction":[{"@type":"ReadAction","target":["https:\/\/www.africa-press.net\/djibouti\/culture-et-art\/rentree-scolaire-122-285-eleves-de-lenseignement-fondamental-ont-repris-le-chemin-de-lecole"]}]},{"@type":"ImageObject","inLanguage":"fr-FR","@id":"https:\/\/www.africa-press.net\/djibouti\/culture-et-art\/rentree-scolaire-122-285-eleves-de-lenseignement-fondamental-ont-repris-le-chemin-de-lecole#primaryimage","url":"https:\/\/static.africa-press.net\/djibouti\/sites\/52\/2023\/09\/sm_1693915732.011939.jpg","contentUrl":"https:\/\/static.africa-press.net\/djibouti\/sites\/52\/2023\/09\/sm_1693915732.011939.jpg","width":720,"height":407,"caption":"Rentr\u00e9e scolaire : 122 285 \u00e9l\u00e8ves de l\u2019enseignement fondamental ont repris le chemin de l\u2019\u00e9cole"},{"@type":"BreadcrumbList","@id":"https:\/\/www.africa-press.net\/djibouti\/culture-et-art\/rentree-scolaire-122-285-eleves-de-lenseignement-fondamental-ont-repris-le-chemin-de-lecole#breadcrumb","itemListElement":[{"@type":"ListItem","position":1,"name":"Accueil","item":"https:\/\/www.africa-press.net\/djibouti\/"},{"@type":"ListItem","position":2,"name":"Rentr\u00e9e scolaire : 122 285 \u00e9l\u00e8ves de l\u2019enseignement fondamental ont repris le chemin de l\u2019\u00e9cole"}]},{"@type":"WebSite","@id":"https:\/\/www.africa-press.net\/djibouti\/#website","url":"https:\/\/www.africa-press.net\/djibouti\/","name":"Djibouti","description":"Just another Africa News Agency Sites site","potentialAction":[{"@type":"SearchAction","target":{"@type":"EntryPoint","urlTemplate":"https:\/\/www.africa-press.net\/djibouti\/?s={search_term_string}"},"query-input":{"@type":"PropertyValueSpecification","valueRequired":true,"valueName":"search_term_string"}}],"inLanguage":"fr-FR"},{"@type":"Person","@id":"https:\/\/www.africa-press.net\/djibouti\/#\/schema\/person\/2b1cf3cd81a31e3cd26889ca66d677f1","name":"cfeditorfr"}]}},"_links":{"self":[{"href":"https:\/\/www.africa-press.net\/djibouti\/wp-json\/wp\/v2\/posts\/17469","targetHints":{"allow":["GET"]}}],"collection":[{"href":"https:\/\/www.africa-press.net\/djibouti\/wp-json\/wp\/v2\/posts"}],"about":[{"href":"https:\/\/www.africa-press.net\/djibouti\/wp-json\/wp\/v2\/types\/post"}],"author":[{"embeddable":true,"href":"https:\/\/www.africa-press.net\/djibouti\/wp-json\/wp\/v2\/users\/82"}],"replies":[{"embeddable":true,"href":"https:\/\/www.africa-press.net\/djibouti\/wp-json\/wp\/v2\/comments?post=17469"}],"version-history":[{"count":0,"href":"https:\/\/www.africa-press.net\/djibouti\/wp-json\/wp\/v2\/posts\/17469\/revisions"}],"wp:featuredmedia":[{"embeddable":true,"href":"https:\/\/www.africa-press.net\/djibouti\/wp-json\/wp\/v2\/media\/17468"}],"wp:attachment":[{"href":"https:\/\/www.africa-press.net\/djibouti\/wp-json\/wp\/v2\/media?parent=17469"}],"wp:term":[{"taxonomy":"category","embeddable":true,"href":"https:\/\/www.africa-press.net\/djibouti\/wp-json\/wp\/v2\/categories?post=17469"},{"taxonomy":"post_tag","embeddable":true,"href":"https:\/\/www.africa-press.net\/djibouti\/wp-json\/wp\/v2\/tags?post=17469"}],"curies":[{"name":"wp","href":"https:\/\/api.w.org\/{rel}","templated":true}]}}