{"id":17475,"date":"2023-09-05T14:44:35","date_gmt":"2023-09-05T14:44:35","guid":{"rendered":"https:\/\/www.africa-press.net\/djibouti\/politique\/le-premier-ministre-preside-une-importante-reunion-visant-lembellissement-de-la-ville-de-djibouti-et-des-regions-de-linterieur"},"modified":"2023-09-05T15:40:17","modified_gmt":"2023-09-05T15:40:17","slug":"le-premier-ministre-preside-une-importante-reunion-visant-lembellissement-de-la-ville-de-djibouti-et-des-regions-de-linterieur","status":"publish","type":"post","link":"https:\/\/www.africa-press.net\/djibouti\/politique\/le-premier-ministre-preside-une-importante-reunion-visant-lembellissement-de-la-ville-de-djibouti-et-des-regions-de-linterieur","title":{"rendered":"Le Premier Ministre pr\u00e9side une importante r\u00e9union visant l\u2019embellissement de la ville de Djibouti et des r\u00e9gions de l\u2019int\u00e9rieur"},"content":{"rendered":"<p><span style=\"color: #ff6600\"><strong>Africa-Press &#8211; Djibouti. <\/strong><\/span><b>Le Premier ministre Abdoulkader Kamil Mohamed a pre\u0301side\u0301 hier une re\u0301union de grande envergure qui a rassemble\u0301 autour d\u2019une me\u0302me table de travail le ministre de l\u2019Inte\u0301rieur, Said Nouh Hassan, le ministre de l\u2019Agriculture, Mohamed Ahmed Awaleh, le ministre de\u0301le\u0301gue\u0301 a\u0300 la De\u0301centralisation, Kassim Haroun Ali, les pre\u0301fets des diffe\u0301rentes re\u0301gions de l\u2019inte\u0301rieur et celui de la ville de Djibouti, ainsi que des collaborateurs des institutions gouvernementales. L\u2019ordre du jour de cette re\u0301union e\u0301tait axe\u0301 sur le projet d\u2019embellissement de la ville de Djibouti et des re\u0301gions de l\u2019inte\u0301rieur, en mettant particulie\u0300rement l\u2019accent sur l\u2019implantation d\u2019arbres sur les arte\u0300res principales<\/b><\/p>\n<p>Le premier ministre a rappele\u0301 avec conviction que toutes les re\u0301gions et la ville de Djibouti disposent des moyens ne\u0301cessaires et disponibles pour mener a\u0300 bien cette mission ambitieuse. Un calendrier de mise en \u0153uvre et une strate\u0301gie de sensibilisation ont e\u0301te\u0301 e\u0301tablis pour la mise en \u0153uvre de ce projet d\u2019embellissement. Il a e\u0301te\u0301 e\u0301labore\u0301 en e\u0301troite collaboration avec les autorite\u0301s locales et re\u0301gionales, garantissant ainsi une coordination efficace entre tous les acteurs implique\u0301s.<\/p>\n<p>Le premier ministre a souligne\u0301 ensuite que la protection de l\u2019environnement demeure l\u2019une des priorite\u0301s fondamentales du gouvernement de Djibouti. Il a affirme\u0301 avec de\u0301termination que notre pays ne restera pas en marge des efforts mondiaux visant a\u0300 pre\u0301server la nature et a\u0300 promouvoir la durabilite\u0301 environnementale. En outre, le premier ministre a rappele\u0301 aux pre\u0301fets qu\u2019ils \u201csont les premiers vigiles de leurs villes respectives\u201d. Leur ro\u0302le crucial dans la mise en \u0153uvre de ce projet ne peut e\u0302tre sous-estime\u0301 et leur engagement est essentiel pour la re\u0301ussite de cette entreprise collective.<\/p>\n<p>Cette re\u0301union est le suivi des ope\u0301rations de\u0301ja\u0300 entreprises et marque le de\u0301but d\u2019une nouvelle e\u0300re pour Djibouti, te\u0301moignant de l\u2019engagement ine\u0301branlable du gouvernement en faveur de l\u2019embellissement de nos villes et de notre environnement. Nous sommes convaincus que cette initiative contribuera non seulement a\u0300 ame\u0301liorer la qualite\u0301 de vie de nos concitoyens, mais aussi a\u0300 renforcer la position de Djibouti en tant que champion de la protection de l\u2019environnement dans la re\u0301gion.<\/p>\n<p>Le gouvernement de Djibouti re\u0301ite\u0300re son engagement a\u0300 \u0153uvrer pour un avenir plus vert et plus ne\u0301cessaire pour notre nation.<\/p>\n\r\n                <style type=\"text\/css\">\r\n                    \r\n                    #td_uid_1_69efc9f0664e1  .td-doubleSlider-2 .td-item1 {\r\n                        background: url(https:\/\/static.africa-press.net\/djibouti\/sites\/52\/2023\/09\/sm_1693915750.91408-80x60.jpg) 0 0 no-repeat;\r\n                    }\r\n                    #td_uid_1_69efc9f0664e1  .td-doubleSlider-2 .td-item2 {\r\n                        background: url(https:\/\/static.africa-press.net\/djibouti\/sites\/52\/2023\/09\/sm_1693915767.12546-80x60.jpg) 0 0 no-repeat;\r\n                    }\r\n                    #td_uid_1_69efc9f0664e1  .td-doubleSlider-2 .td-item3 {\r\n                        background: url(https:\/\/static.africa-press.net\/djibouti\/sites\/52\/2023\/09\/sm_1693915781.884002-80x60.jpg) 0 0 no-repeat;\r\n                    }\r\n                <\/style>\r\n\r\n                <div id=\"td_uid_1_69efc9f0664e1\" class=\"td-gallery td-slide-on-2-columns\">\r\n                    <div class=\"post_td_gallery\">\r\n                        <div class=\"td-gallery-slide-top\">\r\n                           <div class=\"td-gallery-title\"><\/div>\r\n\r\n                            <div class=\"td-gallery-controls-wrapper\">\r\n                                <div class=\"td-gallery-slide-count\"><span class=\"td-gallery-slide-item-focus\">1<\/span> de 3<\/div>\r\n                                <div class=\"td-gallery-slide-prev-next-but\">\r\n                                    <i class = \"td-icon-left doubleSliderPrevButton\"><\/i>\r\n                                    <i class = \"td-icon-right doubleSliderNextButton\"><\/i>\r\n                                <\/div>\r\n                            <\/div>\r\n                        <\/div>\r\n\r\n                        <div class = \"td-doubleSlider-1 \">\r\n                            <div class = \"td-slider\">\r\n                                \r\n                    <div class = \"td-slide-item td-item1\">\r\n                        <figure class=\"td-slide-galery-figure td-slide-popup-gallery\">\r\n                            <a class=\"slide-gallery-image-link\" href=\"https:\/\/static.africa-press.net\/djibouti\/sites\/52\/2023\/09\/sm_1693915750.91408.jpg\" title=\"sm_1693915750.91408\"  data-caption=\"\"  data-description=\"\">\r\n                                <img decoding=\"async\" src=\"https:\/\/static.africa-press.net\/djibouti\/sites\/52\/2023\/09\/sm_1693915750.91408.jpg\" srcset=\"https:\/\/static.africa-press.net\/djibouti\/sites\/52\/2023\/09\/sm_1693915750.91408.jpg 1024w, https:\/\/static.africa-press.net\/djibouti\/sites\/52\/2023\/09\/sm_1693915750.91408-300x169.jpg 300w, https:\/\/static.africa-press.net\/djibouti\/sites\/52\/2023\/09\/sm_1693915750.91408-768x432.jpg 768w\" sizes=\"(max-width: 1024px) 100vw, 1024px\" alt=\"\">\r\n                            <\/a>\r\n                            \r\n                        <\/figure>\r\n                    <\/div>\r\n                    <div class = \"td-slide-item td-item2\">\r\n                        <figure class=\"td-slide-galery-figure td-slide-popup-gallery\">\r\n                            <a class=\"slide-gallery-image-link\" href=\"https:\/\/static.africa-press.net\/djibouti\/sites\/52\/2023\/09\/sm_1693915767.12546.jpg\" title=\"sm_1693915767.12546\"  data-caption=\"\"  data-description=\"\">\r\n                                <img decoding=\"async\" src=\"https:\/\/static.africa-press.net\/djibouti\/sites\/52\/2023\/09\/sm_1693915767.12546.jpg\" srcset=\"https:\/\/static.africa-press.net\/djibouti\/sites\/52\/2023\/09\/sm_1693915767.12546.jpg 1024w, https:\/\/static.africa-press.net\/djibouti\/sites\/52\/2023\/09\/sm_1693915767.12546-300x169.jpg 300w, https:\/\/static.africa-press.net\/djibouti\/sites\/52\/2023\/09\/sm_1693915767.12546-768x432.jpg 768w\" sizes=\"(max-width: 1024px) 100vw, 1024px\" alt=\"\">\r\n                            <\/a>\r\n                            \r\n                        <\/figure>\r\n                    <\/div>\r\n                    <div class = \"td-slide-item td-item3\">\r\n                        <figure class=\"td-slide-galery-figure td-slide-popup-gallery\">\r\n                            <a class=\"slide-gallery-image-link\" href=\"https:\/\/static.africa-press.net\/djibouti\/sites\/52\/2023\/09\/sm_1693915781.884002.jpg\" title=\"sm_1693915781.884002\"  data-caption=\"\"  data-description=\"\">\r\n                                <img decoding=\"async\" src=\"https:\/\/static.africa-press.net\/djibouti\/sites\/52\/2023\/09\/sm_1693915781.884002.jpg\" srcset=\"https:\/\/static.africa-press.net\/djibouti\/sites\/52\/2023\/09\/sm_1693915781.884002.jpg 1024w, https:\/\/static.africa-press.net\/djibouti\/sites\/52\/2023\/09\/sm_1693915781.884002-300x169.jpg 300w, https:\/\/static.africa-press.net\/djibouti\/sites\/52\/2023\/09\/sm_1693915781.884002-768x432.jpg 768w\" sizes=\"(max-width: 1024px) 100vw, 1024px\" alt=\"\">\r\n                            <\/a>\r\n                            \r\n                        <\/figure>\r\n                    <\/div>\r\n                            <\/div>\r\n                        <\/div>\r\n\r\n                        <div class = \"td-doubleSlider-2\">\r\n                            <div class = \"td-slider\">\r\n                                \r\n                    <div class = \"td-button td-item1\">\r\n                        <div class = \"td-border\"><\/div>\r\n                    <\/div>\r\n                    <div class = \"td-button td-item2\">\r\n                        <div class = \"td-border\"><\/div>\r\n                    <\/div>\r\n                    <div class = \"td-button td-item3\">\r\n                        <div class = \"td-border\"><\/div>\r\n                    <\/div>\r\n                            <\/div>\r\n                        <\/div>\r\n\r\n                    <\/div>\r\n\r\n                <\/div>\r\n                \n<p><strong>Pour plus d&rsquo;informations et d&rsquo;analyses sur la <a href=\"https:\/\/www.africa-press.net\/djibouti\">Djibouti<\/a>, suivez <a href=\"https:\/\/www.africa-press.net\/\">Africa-Press<\/a><\/strong><\/p>\n","protected":false},"excerpt":{"rendered":"<p>Africa-Press &#8211; Djibouti. Le Premier ministre Abdoulkader Kamil Mohamed a pre\u0301side\u0301 hier une re\u0301union de grande envergure qui a rassemble\u0301 autour d\u2019une me\u0302me table de travail le ministre de l\u2019Inte\u0301rieur, Said Nouh Hassan, le ministre de l\u2019Agriculture, Mohamed Ahmed Awaleh, le ministre de\u0301le\u0301gue\u0301 a\u0300 la De\u0301centralisation, Kassim Haroun Ali, les pre\u0301fets des diffe\u0301rentes re\u0301gions de [&hellip;]<\/p>\n","protected":false},"author":82,"featured_media":17474,"comment_status":"open","ping_status":"closed","sticky":false,"template":"","format":"standard","meta":{"footnotes":""},"categories":[8,2,20,10],"tags":[36,49,50],"class_list":["post-17475","post","type-post","status-publish","format-standard","has-post-thumbnail","hentry","category-photo","category-politique","category-top-nouvelles","category-toutes-les-actualites","tag-africa-press","tag-africa-press-djibouti","tag-djibouti"],"yoast_head":"<!-- This site is optimized with the Yoast SEO Premium plugin v26.1 (Yoast SEO v27.0) - https:\/\/yoast.com\/product\/yoast-seo-premium-wordpress\/ -->\n<title>Le Premier Ministre pr\u00e9side une importante r\u00e9union visant l\u2019embellissement de la ville de Djibouti et des r\u00e9gions de l\u2019int\u00e9rieur - Djibouti<\/title>\n<meta name=\"description\" content=\"Le Premier ministre Abdoulkader Kamil Mohamed a pre\u0301side\u0301 hier une re\u0301union de grande envergure qui a rassemble\u0301 auto ...\" \/>\n<meta name=\"robots\" content=\"index, follow, max-snippet:-1, max-image-preview:large, max-video-preview:-1\" \/>\n<link rel=\"canonical\" href=\"https:\/\/www.africa-press.net\/djibouti\/politique\/le-premier-ministre-preside-une-importante-reunion-visant-lembellissement-de-la-ville-de-djibouti-et-des-regions-de-linterieur\" \/>\n<meta property=\"og:locale\" content=\"fr_FR\" \/>\n<meta property=\"og:type\" content=\"article\" \/>\n<meta property=\"og:title\" content=\"Le Premier Ministre pr\u00e9side une importante r\u00e9union visant l\u2019embellissement de la ville de Djibouti et des r\u00e9gions de l\u2019int\u00e9rieur\" \/>\n<meta property=\"og:description\" content=\"Le Premier ministre Abdoulkader Kamil Mohamed a pre\u0301side\u0301 hier une re\u0301union de grande envergure qui a rassemble\u0301 auto ...\" \/>\n<meta property=\"og:url\" content=\"https:\/\/www.africa-press.net\/djibouti\/politique\/le-premier-ministre-preside-une-importante-reunion-visant-lembellissement-de-la-ville-de-djibouti-et-des-regions-de-linterieur\" \/>\n<meta property=\"og:site_name\" content=\"Djibouti\" \/>\n<meta property=\"article:published_time\" content=\"2023-09-05T14:44:35+00:00\" \/>\n<meta property=\"article:modified_time\" content=\"2023-09-05T15:40:17+00:00\" \/>\n<meta property=\"og:image\" content=\"https:\/\/static.africa-press.net\/djibouti\/sites\/52\/2023\/09\/sm_1693915793.892766.jpg\" \/>\n\t<meta property=\"og:image:width\" content=\"720\" \/>\n\t<meta property=\"og:image:height\" content=\"405\" \/>\n\t<meta property=\"og:image:type\" content=\"image\/jpeg\" \/>\n<meta name=\"author\" content=\"cfeditorfr\" \/>\n<meta name=\"twitter:card\" content=\"summary_large_image\" \/>\n<meta name=\"twitter:label1\" content=\"\u00c9crit par\" \/>\n\t<meta name=\"twitter:data1\" content=\"cfeditorfr\" \/>\n\t<meta name=\"twitter:label2\" content=\"Dur\u00e9e de lecture estim\u00e9e\" \/>\n\t<meta name=\"twitter:data2\" content=\"2 minutes\" \/>\n<script type=\"application\/ld+json\" class=\"yoast-schema-graph\">{\"@context\":\"https:\/\/schema.org\",\"@graph\":[{\"@type\":\"Article\",\"@id\":\"https:\/\/www.africa-press.net\/djibouti\/politique\/le-premier-ministre-preside-une-importante-reunion-visant-lembellissement-de-la-ville-de-djibouti-et-des-regions-de-linterieur#article\",\"isPartOf\":{\"@id\":\"https:\/\/www.africa-press.net\/djibouti\/politique\/le-premier-ministre-preside-une-importante-reunion-visant-lembellissement-de-la-ville-de-djibouti-et-des-regions-de-linterieur\"},\"author\":{\"name\":\"cfeditorfr\",\"@id\":\"https:\/\/www.africa-press.net\/djibouti\/#\/schema\/person\/2b1cf3cd81a31e3cd26889ca66d677f1\"},\"headline\":\"Le Premier Ministre pr\u00e9side une importante r\u00e9union visant l\u2019embellissement de la ville de Djibouti et des r\u00e9gions de l\u2019int\u00e9rieur\",\"datePublished\":\"2023-09-05T14:44:35+00:00\",\"dateModified\":\"2023-09-05T15:40:17+00:00\",\"mainEntityOfPage\":{\"@id\":\"https:\/\/www.africa-press.net\/djibouti\/politique\/le-premier-ministre-preside-une-importante-reunion-visant-lembellissement-de-la-ville-de-djibouti-et-des-regions-de-linterieur\"},\"wordCount\":475,\"commentCount\":0,\"image\":{\"@id\":\"https:\/\/www.africa-press.net\/djibouti\/politique\/le-premier-ministre-preside-une-importante-reunion-visant-lembellissement-de-la-ville-de-djibouti-et-des-regions-de-linterieur#primaryimage\"},\"thumbnailUrl\":\"https:\/\/static.africa-press.net\/djibouti\/sites\/52\/2023\/09\/sm_1693915793.892766.jpg\",\"keywords\":[\"Africa Press\",\"Africa Press-Djibouti\",\"Djibouti\"],\"articleSection\":[\"Photo\",\"Politique\",\"Top Nouvelles\",\"Toutes les actualit\u00e9s\"],\"inLanguage\":\"fr-FR\",\"potentialAction\":[{\"@type\":\"CommentAction\",\"name\":\"Comment\",\"target\":[\"https:\/\/www.africa-press.net\/djibouti\/politique\/le-premier-ministre-preside-une-importante-reunion-visant-lembellissement-de-la-ville-de-djibouti-et-des-regions-de-linterieur#respond\"]}]},{\"@type\":\"WebPage\",\"@id\":\"https:\/\/www.africa-press.net\/djibouti\/politique\/le-premier-ministre-preside-une-importante-reunion-visant-lembellissement-de-la-ville-de-djibouti-et-des-regions-de-linterieur\",\"url\":\"https:\/\/www.africa-press.net\/djibouti\/politique\/le-premier-ministre-preside-une-importante-reunion-visant-lembellissement-de-la-ville-de-djibouti-et-des-regions-de-linterieur\",\"name\":\"Le Premier Ministre pr\u00e9side une importante r\u00e9union visant l\u2019embellissement de la ville de Djibouti et des r\u00e9gions de l\u2019int\u00e9rieur - Djibouti\",\"isPartOf\":{\"@id\":\"https:\/\/www.africa-press.net\/djibouti\/#website\"},\"primaryImageOfPage\":{\"@id\":\"https:\/\/www.africa-press.net\/djibouti\/politique\/le-premier-ministre-preside-une-importante-reunion-visant-lembellissement-de-la-ville-de-djibouti-et-des-regions-de-linterieur#primaryimage\"},\"image\":{\"@id\":\"https:\/\/www.africa-press.net\/djibouti\/politique\/le-premier-ministre-preside-une-importante-reunion-visant-lembellissement-de-la-ville-de-djibouti-et-des-regions-de-linterieur#primaryimage\"},\"thumbnailUrl\":\"https:\/\/static.africa-press.net\/djibouti\/sites\/52\/2023\/09\/sm_1693915793.892766.jpg\",\"datePublished\":\"2023-09-05T14:44:35+00:00\",\"dateModified\":\"2023-09-05T15:40:17+00:00\",\"author\":{\"@id\":\"https:\/\/www.africa-press.net\/djibouti\/#\/schema\/person\/2b1cf3cd81a31e3cd26889ca66d677f1\"},\"description\":\"Le Premier ministre Abdoulkader Kamil Mohamed a pre\u0301side\u0301 hier une re\u0301union de grande envergure qui a rassemble\u0301 auto ...\",\"breadcrumb\":{\"@id\":\"https:\/\/www.africa-press.net\/djibouti\/politique\/le-premier-ministre-preside-une-importante-reunion-visant-lembellissement-de-la-ville-de-djibouti-et-des-regions-de-linterieur#breadcrumb\"},\"inLanguage\":\"fr-FR\",\"potentialAction\":[{\"@type\":\"ReadAction\",\"target\":[\"https:\/\/www.africa-press.net\/djibouti\/politique\/le-premier-ministre-preside-une-importante-reunion-visant-lembellissement-de-la-ville-de-djibouti-et-des-regions-de-linterieur\"]}]},{\"@type\":\"ImageObject\",\"inLanguage\":\"fr-FR\",\"@id\":\"https:\/\/www.africa-press.net\/djibouti\/politique\/le-premier-ministre-preside-une-importante-reunion-visant-lembellissement-de-la-ville-de-djibouti-et-des-regions-de-linterieur#primaryimage\",\"url\":\"https:\/\/static.africa-press.net\/djibouti\/sites\/52\/2023\/09\/sm_1693915793.892766.jpg\",\"contentUrl\":\"https:\/\/static.africa-press.net\/djibouti\/sites\/52\/2023\/09\/sm_1693915793.892766.jpg\",\"width\":720,\"height\":405,\"caption\":\"Le Premier Ministre pr\u00e9side une importante r\u00e9union visant l\u2019embellissement de la ville de Djibouti et des r\u00e9gions de l\u2019int\u00e9rieur\"},{\"@type\":\"BreadcrumbList\",\"@id\":\"https:\/\/www.africa-press.net\/djibouti\/politique\/le-premier-ministre-preside-une-importante-reunion-visant-lembellissement-de-la-ville-de-djibouti-et-des-regions-de-linterieur#breadcrumb\",\"itemListElement\":[{\"@type\":\"ListItem\",\"position\":1,\"name\":\"Accueil\",\"item\":\"https:\/\/www.africa-press.net\/djibouti\/\"},{\"@type\":\"ListItem\",\"position\":2,\"name\":\"Le Premier Ministre pr\u00e9side une importante r\u00e9union visant l\u2019embellissement de la ville de Djibouti et des r\u00e9gions de l\u2019int\u00e9rieur\"}]},{\"@type\":\"WebSite\",\"@id\":\"https:\/\/www.africa-press.net\/djibouti\/#website\",\"url\":\"https:\/\/www.africa-press.net\/djibouti\/\",\"name\":\"Djibouti\",\"description\":\"Just another Africa News Agency Sites site\",\"potentialAction\":[{\"@type\":\"SearchAction\",\"target\":{\"@type\":\"EntryPoint\",\"urlTemplate\":\"https:\/\/www.africa-press.net\/djibouti\/?s={search_term_string}\"},\"query-input\":{\"@type\":\"PropertyValueSpecification\",\"valueRequired\":true,\"valueName\":\"search_term_string\"}}],\"inLanguage\":\"fr-FR\"},{\"@type\":\"Person\",\"@id\":\"https:\/\/www.africa-press.net\/djibouti\/#\/schema\/person\/2b1cf3cd81a31e3cd26889ca66d677f1\",\"name\":\"cfeditorfr\"}]}<\/script>\n<!-- \/ Yoast SEO Premium plugin. -->","yoast_head_json":{"title":"Le Premier Ministre pr\u00e9side une importante r\u00e9union visant l\u2019embellissement de la ville de Djibouti et des r\u00e9gions de l\u2019int\u00e9rieur - Djibouti","description":"Le Premier ministre Abdoulkader Kamil Mohamed a pre\u0301side\u0301 hier une re\u0301union de grande envergure qui a rassemble\u0301 auto ...","robots":{"index":"index","follow":"follow","max-snippet":"max-snippet:-1","max-image-preview":"max-image-preview:large","max-video-preview":"max-video-preview:-1"},"canonical":"https:\/\/www.africa-press.net\/djibouti\/politique\/le-premier-ministre-preside-une-importante-reunion-visant-lembellissement-de-la-ville-de-djibouti-et-des-regions-de-linterieur","og_locale":"fr_FR","og_type":"article","og_title":"Le Premier Ministre pr\u00e9side une importante r\u00e9union visant l\u2019embellissement de la ville de Djibouti et des r\u00e9gions de l\u2019int\u00e9rieur","og_description":"Le Premier ministre Abdoulkader Kamil Mohamed a pre\u0301side\u0301 hier une re\u0301union de grande envergure qui a rassemble\u0301 auto ...","og_url":"https:\/\/www.africa-press.net\/djibouti\/politique\/le-premier-ministre-preside-une-importante-reunion-visant-lembellissement-de-la-ville-de-djibouti-et-des-regions-de-linterieur","og_site_name":"Djibouti","article_published_time":"2023-09-05T14:44:35+00:00","article_modified_time":"2023-09-05T15:40:17+00:00","og_image":[{"width":720,"height":405,"url":"https:\/\/static.africa-press.net\/djibouti\/sites\/52\/2023\/09\/sm_1693915793.892766.jpg","type":"image\/jpeg"}],"author":"cfeditorfr","twitter_card":"summary_large_image","twitter_misc":{"\u00c9crit par":"cfeditorfr","Dur\u00e9e de lecture estim\u00e9e":"2 minutes"},"schema":{"@context":"https:\/\/schema.org","@graph":[{"@type":"Article","@id":"https:\/\/www.africa-press.net\/djibouti\/politique\/le-premier-ministre-preside-une-importante-reunion-visant-lembellissement-de-la-ville-de-djibouti-et-des-regions-de-linterieur#article","isPartOf":{"@id":"https:\/\/www.africa-press.net\/djibouti\/politique\/le-premier-ministre-preside-une-importante-reunion-visant-lembellissement-de-la-ville-de-djibouti-et-des-regions-de-linterieur"},"author":{"name":"cfeditorfr","@id":"https:\/\/www.africa-press.net\/djibouti\/#\/schema\/person\/2b1cf3cd81a31e3cd26889ca66d677f1"},"headline":"Le Premier Ministre pr\u00e9side une importante r\u00e9union visant l\u2019embellissement de la ville de Djibouti et des r\u00e9gions de l\u2019int\u00e9rieur","datePublished":"2023-09-05T14:44:35+00:00","dateModified":"2023-09-05T15:40:17+00:00","mainEntityOfPage":{"@id":"https:\/\/www.africa-press.net\/djibouti\/politique\/le-premier-ministre-preside-une-importante-reunion-visant-lembellissement-de-la-ville-de-djibouti-et-des-regions-de-linterieur"},"wordCount":475,"commentCount":0,"image":{"@id":"https:\/\/www.africa-press.net\/djibouti\/politique\/le-premier-ministre-preside-une-importante-reunion-visant-lembellissement-de-la-ville-de-djibouti-et-des-regions-de-linterieur#primaryimage"},"thumbnailUrl":"https:\/\/static.africa-press.net\/djibouti\/sites\/52\/2023\/09\/sm_1693915793.892766.jpg","keywords":["Africa Press","Africa Press-Djibouti","Djibouti"],"articleSection":["Photo","Politique","Top Nouvelles","Toutes les actualit\u00e9s"],"inLanguage":"fr-FR","potentialAction":[{"@type":"CommentAction","name":"Comment","target":["https:\/\/www.africa-press.net\/djibouti\/politique\/le-premier-ministre-preside-une-importante-reunion-visant-lembellissement-de-la-ville-de-djibouti-et-des-regions-de-linterieur#respond"]}]},{"@type":"WebPage","@id":"https:\/\/www.africa-press.net\/djibouti\/politique\/le-premier-ministre-preside-une-importante-reunion-visant-lembellissement-de-la-ville-de-djibouti-et-des-regions-de-linterieur","url":"https:\/\/www.africa-press.net\/djibouti\/politique\/le-premier-ministre-preside-une-importante-reunion-visant-lembellissement-de-la-ville-de-djibouti-et-des-regions-de-linterieur","name":"Le Premier Ministre pr\u00e9side une importante r\u00e9union visant l\u2019embellissement de la ville de Djibouti et des r\u00e9gions de l\u2019int\u00e9rieur - Djibouti","isPartOf":{"@id":"https:\/\/www.africa-press.net\/djibouti\/#website"},"primaryImageOfPage":{"@id":"https:\/\/www.africa-press.net\/djibouti\/politique\/le-premier-ministre-preside-une-importante-reunion-visant-lembellissement-de-la-ville-de-djibouti-et-des-regions-de-linterieur#primaryimage"},"image":{"@id":"https:\/\/www.africa-press.net\/djibouti\/politique\/le-premier-ministre-preside-une-importante-reunion-visant-lembellissement-de-la-ville-de-djibouti-et-des-regions-de-linterieur#primaryimage"},"thumbnailUrl":"https:\/\/static.africa-press.net\/djibouti\/sites\/52\/2023\/09\/sm_1693915793.892766.jpg","datePublished":"2023-09-05T14:44:35+00:00","dateModified":"2023-09-05T15:40:17+00:00","author":{"@id":"https:\/\/www.africa-press.net\/djibouti\/#\/schema\/person\/2b1cf3cd81a31e3cd26889ca66d677f1"},"description":"Le Premier ministre Abdoulkader Kamil Mohamed a pre\u0301side\u0301 hier une re\u0301union de grande envergure qui a rassemble\u0301 auto ...","breadcrumb":{"@id":"https:\/\/www.africa-press.net\/djibouti\/politique\/le-premier-ministre-preside-une-importante-reunion-visant-lembellissement-de-la-ville-de-djibouti-et-des-regions-de-linterieur#breadcrumb"},"inLanguage":"fr-FR","potentialAction":[{"@type":"ReadAction","target":["https:\/\/www.africa-press.net\/djibouti\/politique\/le-premier-ministre-preside-une-importante-reunion-visant-lembellissement-de-la-ville-de-djibouti-et-des-regions-de-linterieur"]}]},{"@type":"ImageObject","inLanguage":"fr-FR","@id":"https:\/\/www.africa-press.net\/djibouti\/politique\/le-premier-ministre-preside-une-importante-reunion-visant-lembellissement-de-la-ville-de-djibouti-et-des-regions-de-linterieur#primaryimage","url":"https:\/\/static.africa-press.net\/djibouti\/sites\/52\/2023\/09\/sm_1693915793.892766.jpg","contentUrl":"https:\/\/static.africa-press.net\/djibouti\/sites\/52\/2023\/09\/sm_1693915793.892766.jpg","width":720,"height":405,"caption":"Le Premier Ministre pr\u00e9side une importante r\u00e9union visant l\u2019embellissement de la ville de Djibouti et des r\u00e9gions de l\u2019int\u00e9rieur"},{"@type":"BreadcrumbList","@id":"https:\/\/www.africa-press.net\/djibouti\/politique\/le-premier-ministre-preside-une-importante-reunion-visant-lembellissement-de-la-ville-de-djibouti-et-des-regions-de-linterieur#breadcrumb","itemListElement":[{"@type":"ListItem","position":1,"name":"Accueil","item":"https:\/\/www.africa-press.net\/djibouti\/"},{"@type":"ListItem","position":2,"name":"Le Premier Ministre pr\u00e9side une importante r\u00e9union visant l\u2019embellissement de la ville de Djibouti et des r\u00e9gions de l\u2019int\u00e9rieur"}]},{"@type":"WebSite","@id":"https:\/\/www.africa-press.net\/djibouti\/#website","url":"https:\/\/www.africa-press.net\/djibouti\/","name":"Djibouti","description":"Just another Africa News Agency Sites site","potentialAction":[{"@type":"SearchAction","target":{"@type":"EntryPoint","urlTemplate":"https:\/\/www.africa-press.net\/djibouti\/?s={search_term_string}"},"query-input":{"@type":"PropertyValueSpecification","valueRequired":true,"valueName":"search_term_string"}}],"inLanguage":"fr-FR"},{"@type":"Person","@id":"https:\/\/www.africa-press.net\/djibouti\/#\/schema\/person\/2b1cf3cd81a31e3cd26889ca66d677f1","name":"cfeditorfr"}]}},"_links":{"self":[{"href":"https:\/\/www.africa-press.net\/djibouti\/wp-json\/wp\/v2\/posts\/17475","targetHints":{"allow":["GET"]}}],"collection":[{"href":"https:\/\/www.africa-press.net\/djibouti\/wp-json\/wp\/v2\/posts"}],"about":[{"href":"https:\/\/www.africa-press.net\/djibouti\/wp-json\/wp\/v2\/types\/post"}],"author":[{"embeddable":true,"href":"https:\/\/www.africa-press.net\/djibouti\/wp-json\/wp\/v2\/users\/82"}],"replies":[{"embeddable":true,"href":"https:\/\/www.africa-press.net\/djibouti\/wp-json\/wp\/v2\/comments?post=17475"}],"version-history":[{"count":0,"href":"https:\/\/www.africa-press.net\/djibouti\/wp-json\/wp\/v2\/posts\/17475\/revisions"}],"wp:featuredmedia":[{"embeddable":true,"href":"https:\/\/www.africa-press.net\/djibouti\/wp-json\/wp\/v2\/media\/17474"}],"wp:attachment":[{"href":"https:\/\/www.africa-press.net\/djibouti\/wp-json\/wp\/v2\/media?parent=17475"}],"wp:term":[{"taxonomy":"category","embeddable":true,"href":"https:\/\/www.africa-press.net\/djibouti\/wp-json\/wp\/v2\/categories?post=17475"},{"taxonomy":"post_tag","embeddable":true,"href":"https:\/\/www.africa-press.net\/djibouti\/wp-json\/wp\/v2\/tags?post=17475"}],"curies":[{"name":"wp","href":"https:\/\/api.w.org\/{rel}","templated":true}]}}