{"id":17484,"date":"2023-09-06T11:34:53","date_gmt":"2023-09-06T11:34:53","guid":{"rendered":"https:\/\/www.africa-press.net\/djibouti\/politique\/sommet-africain-pour-le-climat-a-la-recherche-dune-voix-commune"},"modified":"2023-09-06T11:54:22","modified_gmt":"2023-09-06T11:54:22","slug":"sommet-africain-pour-le-climat-a-la-recherche-dune-voix-commune","status":"publish","type":"post","link":"https:\/\/www.africa-press.net\/djibouti\/economie\/sommet-africain-pour-le-climat-a-la-recherche-dune-voix-commune","title":{"rendered":"Sommet africain pour le climat\u00a0:\u00a0\u00e0 la recherche d\u2019une voix commune"},"content":{"rendered":"<p><span style=\"color: #ff6600\"><strong>Africa-Press &#8211; Djibouti. <\/strong><\/span>Le pre\u0301sident ke\u0301nyan a appele\u0301 la communaute\u0301 internationale a alle\u0301ge\u0301 le fardeau de la dette des pays du continent pour qu\u2019ils puissent financer leur transition e\u0301nerge\u0301tique.<\/p>\n<p>Les ne\u0301gociations historiques au sommet africain sur le climat doivent s\u2019achever ce 6 septembre, les dirigeants cherchant une voix unie sur la sce\u0300ne mondiale pour mettre en valeur le potentiel de croissance verte du continent si le monde renforce son aide en matie\u0300re de financement et d\u2019endettement.<\/p>\n<p>Lors du sommet, son ho\u0302te William Ruto a de\u0301fendu un discours axe\u0301 sur l\u2019acce\u0301le\u0301ration d\u2019une transition e\u0301nerge\u0301tique propre en Afrique, ou\u0300 les populations sont parmi les plus vulne\u0301rables au changement climatique.<\/p>\n<p><b>Riches pollueurs<\/b><\/p>\n<p>Une de\u0301claration finale des participants a\u0300 ce premier sommet africain sur le climat devrait appeler la communaute\u0301 internationale a\u0300 aider a\u0300 re\u0301aliser cet objectif, en alle\u0301geant le fardeau e\u0301crasant de la dette du continent et en re\u0301formant le syste\u0300me financier mondial pour de\u0301bloquer les investissements \u2013 ainsi qu\u2019en exigeant que les riches pollueurs honorent leurs promesses de financement climatique.<\/p>\n<p>Un succe\u0300s a\u0300 Nairobi autour d\u2019une vision partage\u0301e sur le de\u0301veloppement vert de l\u2019Afrique donnerait un e\u0301lan a\u0300 plusieurs re\u0301unions internationales cle\u0301s avant la COP28, en premier lieu le sommet du G20 en Inde le week-end prochain et l\u2019Assemble\u0301e ge\u0301ne\u0301rale des Nations unies ce mois-ci, puis en octobre la re\u0301union annuelle de la Banque mondiale et du Fonds mone\u0301taire international (FMI) a\u0300 Marrakech.<\/p>\n<p>Mais trouver un consensus au sein d\u2019un continent ou\u0300 vivent 1,2 milliard d\u2019habitants dans 54 pays politiquement et e\u0301conomiquement divers n\u2019est pas aise\u0301, certains gouvernements militant pour un avenir tourne\u0301 vers les e\u0301nergies renouvelables tandis que d\u2019autres de\u0301pendent de leurs ressources de combustibles fossiles.<\/p>\n<p><b>\u00ab Acteur positif \u00bb<\/b><\/p>\n<p>William Ruto a affirme\u0301 que les dirigeants africains imaginaient un \u00ab avenir dans lequel l\u2019Afrique entrerait enfin sur la sce\u0300ne en tant que puissance e\u0301conomique et industrielle, acteur efficace et positif sur la sce\u0300ne mondiale \u00bb. Le pre\u0301sident ke\u0301nyan estime que l\u2019Afrique est bien place\u0301e pour tirer parti de la ne\u0301cessite\u0301 de s\u2019e\u0301loigner des combustibles fossiles polluants, avec une population jeune, un vaste potentiel renouvelable et des ressources naturelles.<\/p>\n<p>Le 5 septembre, les E\u0301mirats arabes unis, qui accueilleront la prochaine confe\u0301rence de l\u2019ONU sur le climat (COP28) en fin d\u2019anne\u0301e, ont promis 4,5 milliards de dollars d\u2019investissement dans les e\u0301nergies propres en Afrique.<\/p>\n<p>Mais les de\u0301fis sont e\u0301crasants dans un continent ou\u0300 500 millions de personnes n\u2019ont pas acce\u0300s a\u0300 l\u2019e\u0301lectricite\u0301. Et les dirigeants africains ne cessent de souligner les obstacles financiers conside\u0301rables. Les pays africains sont paralyse\u0301s par le fardeau croissant de leur dette et le manque de financements. Malgre\u0301 son potentiel en ressources naturelles, seulement 3 % des investissements e\u0301nerge\u0301tiques dans le monde sont re\u0301alise\u0301s sur le continent.<\/p>\n<p>\u00ab Nous devons nous assurer que les financements climatiques soient plus disponibles, abordables et accessibles a\u0300 tous les pays en de\u0301veloppement, y compris ceux d\u2019Afrique \u00bb, ont de\u0301clare\u0301 William Ruto, le pre\u0301sident de la COP28, Sultan Al-Jaber, et le chef de la Commission de l\u2019Union africaine, Moussa Faki Mahamat, dans un communique\u0301 commun.<\/p>\n<p>A\u0300 l\u2019e\u0301chelle mondiale, les pays riches n\u2019ont pas encore tenu leur engagement de fournir, d\u2019ici 2020, 100 milliards de dollars par an en financement climatique aux pays les plus pauvres.<\/p>\n<p><b>Source: JeuneAfrique<\/b><\/p>\n<p><strong>Pour plus d&rsquo;informations et d&rsquo;analyses sur la <a href=\"https:\/\/www.africa-press.net\/djibouti\">Djibouti<\/a>, suivez <a href=\"https:\/\/www.africa-press.net\/\">Africa-Press<\/a><\/strong><\/p>\n","protected":false},"excerpt":{"rendered":"<p>Africa-Press &#8211; Djibouti. Le pre\u0301sident ke\u0301nyan a appele\u0301 la communaute\u0301 internationale a alle\u0301ge\u0301 le fardeau de la dette des pays du continent pour qu\u2019ils puissent financer leur transition e\u0301nerge\u0301tique. Les ne\u0301gociations historiques au sommet africain sur le climat doivent s\u2019achever ce 6 septembre, les dirigeants cherchant une voix unie sur la sce\u0300ne mondiale pour mettre [&hellip;]<\/p>\n","protected":false},"author":82,"featured_media":17483,"comment_status":"open","ping_status":"closed","sticky":false,"template":"","format":"standard","meta":{"footnotes":""},"categories":[3,10],"tags":[36,49,50],"class_list":["post-17484","post","type-post","status-publish","format-standard","has-post-thumbnail","hentry","category-economie","category-toutes-les-actualites","tag-africa-press","tag-africa-press-djibouti","tag-djibouti"],"yoast_head":"<!-- This site is optimized with the Yoast SEO Premium plugin v26.1 (Yoast SEO v27.0) - https:\/\/yoast.com\/product\/yoast-seo-premium-wordpress\/ -->\n<title>Sommet africain pour le climat\u00a0:\u00a0\u00e0 la recherche d\u2019une voix commune - Djibouti<\/title>\n<meta name=\"description\" content=\"Le pre\u0301sident ke\u0301nyan a appele\u0301 la communaute\u0301 internationale a alle\u0301ge\u0301 le fardeau de la dette des pays du continent po ...\" \/>\n<meta name=\"robots\" content=\"index, follow, max-snippet:-1, max-image-preview:large, max-video-preview:-1\" \/>\n<link rel=\"canonical\" href=\"https:\/\/www.africa-press.net\/djibouti\/economie\/sommet-africain-pour-le-climat-a-la-recherche-dune-voix-commune\" \/>\n<meta property=\"og:locale\" content=\"fr_FR\" \/>\n<meta property=\"og:type\" content=\"article\" \/>\n<meta property=\"og:title\" content=\"Sommet africain pour le climat\u00a0:\u00a0\u00e0 la recherche d\u2019une voix commune\" \/>\n<meta property=\"og:description\" content=\"Le pre\u0301sident ke\u0301nyan a appele\u0301 la communaute\u0301 internationale a alle\u0301ge\u0301 le fardeau de la dette des pays du continent po ...\" \/>\n<meta property=\"og:url\" content=\"https:\/\/www.africa-press.net\/djibouti\/economie\/sommet-africain-pour-le-climat-a-la-recherche-dune-voix-commune\" \/>\n<meta property=\"og:site_name\" content=\"Djibouti\" \/>\n<meta property=\"article:published_time\" content=\"2023-09-06T11:34:53+00:00\" \/>\n<meta property=\"article:modified_time\" content=\"2023-09-06T11:54:22+00:00\" \/>\n<meta property=\"og:image\" content=\"https:\/\/static.africa-press.net\/djibouti\/sites\/52\/2023\/09\/sm_1693988499.561954.jpg\" \/>\n\t<meta property=\"og:image:width\" content=\"1256\" \/>\n\t<meta property=\"og:image:height\" content=\"628\" \/>\n\t<meta property=\"og:image:type\" content=\"image\/jpeg\" \/>\n<meta name=\"author\" content=\"cfeditorfr\" \/>\n<meta name=\"twitter:card\" content=\"summary_large_image\" \/>\n<meta name=\"twitter:label1\" content=\"\u00c9crit par\" \/>\n\t<meta name=\"twitter:data1\" content=\"cfeditorfr\" \/>\n\t<meta name=\"twitter:label2\" content=\"Dur\u00e9e de lecture estim\u00e9e\" \/>\n\t<meta name=\"twitter:data2\" content=\"3 minutes\" \/>\n<script type=\"application\/ld+json\" class=\"yoast-schema-graph\">{\"@context\":\"https:\/\/schema.org\",\"@graph\":[{\"@type\":\"Article\",\"@id\":\"https:\/\/www.africa-press.net\/djibouti\/economie\/sommet-africain-pour-le-climat-a-la-recherche-dune-voix-commune#article\",\"isPartOf\":{\"@id\":\"https:\/\/www.africa-press.net\/djibouti\/economie\/sommet-africain-pour-le-climat-a-la-recherche-dune-voix-commune\"},\"author\":{\"name\":\"cfeditorfr\",\"@id\":\"https:\/\/www.africa-press.net\/djibouti\/#\/schema\/person\/2b1cf3cd81a31e3cd26889ca66d677f1\"},\"headline\":\"Sommet africain pour le climat\u00a0:\u00a0\u00e0 la recherche d\u2019une voix commune\",\"datePublished\":\"2023-09-06T11:34:53+00:00\",\"dateModified\":\"2023-09-06T11:54:22+00:00\",\"mainEntityOfPage\":{\"@id\":\"https:\/\/www.africa-press.net\/djibouti\/economie\/sommet-africain-pour-le-climat-a-la-recherche-dune-voix-commune\"},\"wordCount\":628,\"commentCount\":0,\"image\":{\"@id\":\"https:\/\/www.africa-press.net\/djibouti\/economie\/sommet-africain-pour-le-climat-a-la-recherche-dune-voix-commune#primaryimage\"},\"thumbnailUrl\":\"https:\/\/static.africa-press.net\/djibouti\/sites\/52\/2023\/09\/sm_1693988499.561954.jpg\",\"keywords\":[\"Africa Press\",\"Africa Press-Djibouti\",\"Djibouti\"],\"articleSection\":[\"\u00c9conomie\",\"Toutes les actualit\u00e9s\"],\"inLanguage\":\"fr-FR\",\"potentialAction\":[{\"@type\":\"CommentAction\",\"name\":\"Comment\",\"target\":[\"https:\/\/www.africa-press.net\/djibouti\/economie\/sommet-africain-pour-le-climat-a-la-recherche-dune-voix-commune#respond\"]}]},{\"@type\":\"WebPage\",\"@id\":\"https:\/\/www.africa-press.net\/djibouti\/economie\/sommet-africain-pour-le-climat-a-la-recherche-dune-voix-commune\",\"url\":\"https:\/\/www.africa-press.net\/djibouti\/economie\/sommet-africain-pour-le-climat-a-la-recherche-dune-voix-commune\",\"name\":\"Sommet africain pour le climat\u00a0:\u00a0\u00e0 la recherche d\u2019une voix commune - Djibouti\",\"isPartOf\":{\"@id\":\"https:\/\/www.africa-press.net\/djibouti\/#website\"},\"primaryImageOfPage\":{\"@id\":\"https:\/\/www.africa-press.net\/djibouti\/economie\/sommet-africain-pour-le-climat-a-la-recherche-dune-voix-commune#primaryimage\"},\"image\":{\"@id\":\"https:\/\/www.africa-press.net\/djibouti\/economie\/sommet-africain-pour-le-climat-a-la-recherche-dune-voix-commune#primaryimage\"},\"thumbnailUrl\":\"https:\/\/static.africa-press.net\/djibouti\/sites\/52\/2023\/09\/sm_1693988499.561954.jpg\",\"datePublished\":\"2023-09-06T11:34:53+00:00\",\"dateModified\":\"2023-09-06T11:54:22+00:00\",\"author\":{\"@id\":\"https:\/\/www.africa-press.net\/djibouti\/#\/schema\/person\/2b1cf3cd81a31e3cd26889ca66d677f1\"},\"description\":\"Le pre\u0301sident ke\u0301nyan a appele\u0301 la communaute\u0301 internationale a alle\u0301ge\u0301 le fardeau de la dette des pays du continent po ...\",\"breadcrumb\":{\"@id\":\"https:\/\/www.africa-press.net\/djibouti\/economie\/sommet-africain-pour-le-climat-a-la-recherche-dune-voix-commune#breadcrumb\"},\"inLanguage\":\"fr-FR\",\"potentialAction\":[{\"@type\":\"ReadAction\",\"target\":[\"https:\/\/www.africa-press.net\/djibouti\/economie\/sommet-africain-pour-le-climat-a-la-recherche-dune-voix-commune\"]}]},{\"@type\":\"ImageObject\",\"inLanguage\":\"fr-FR\",\"@id\":\"https:\/\/www.africa-press.net\/djibouti\/economie\/sommet-africain-pour-le-climat-a-la-recherche-dune-voix-commune#primaryimage\",\"url\":\"https:\/\/static.africa-press.net\/djibouti\/sites\/52\/2023\/09\/sm_1693988499.561954.jpg\",\"contentUrl\":\"https:\/\/static.africa-press.net\/djibouti\/sites\/52\/2023\/09\/sm_1693988499.561954.jpg\",\"width\":1256,\"height\":628,\"caption\":\"Sommet africain pour le climat\u00a0:\u00a0\u00e0 la recherche d\u2019une voix commune\"},{\"@type\":\"BreadcrumbList\",\"@id\":\"https:\/\/www.africa-press.net\/djibouti\/economie\/sommet-africain-pour-le-climat-a-la-recherche-dune-voix-commune#breadcrumb\",\"itemListElement\":[{\"@type\":\"ListItem\",\"position\":1,\"name\":\"Accueil\",\"item\":\"https:\/\/www.africa-press.net\/djibouti\/\"},{\"@type\":\"ListItem\",\"position\":2,\"name\":\"Sommet africain pour le climat\u00a0:\u00a0\u00e0 la recherche d\u2019une voix commune\"}]},{\"@type\":\"WebSite\",\"@id\":\"https:\/\/www.africa-press.net\/djibouti\/#website\",\"url\":\"https:\/\/www.africa-press.net\/djibouti\/\",\"name\":\"Djibouti\",\"description\":\"Just another Africa News Agency Sites site\",\"potentialAction\":[{\"@type\":\"SearchAction\",\"target\":{\"@type\":\"EntryPoint\",\"urlTemplate\":\"https:\/\/www.africa-press.net\/djibouti\/?s={search_term_string}\"},\"query-input\":{\"@type\":\"PropertyValueSpecification\",\"valueRequired\":true,\"valueName\":\"search_term_string\"}}],\"inLanguage\":\"fr-FR\"},{\"@type\":\"Person\",\"@id\":\"https:\/\/www.africa-press.net\/djibouti\/#\/schema\/person\/2b1cf3cd81a31e3cd26889ca66d677f1\",\"name\":\"cfeditorfr\"}]}<\/script>\n<!-- \/ Yoast SEO Premium plugin. -->","yoast_head_json":{"title":"Sommet africain pour le climat\u00a0:\u00a0\u00e0 la recherche d\u2019une voix commune - Djibouti","description":"Le pre\u0301sident ke\u0301nyan a appele\u0301 la communaute\u0301 internationale a alle\u0301ge\u0301 le fardeau de la dette des pays du continent po ...","robots":{"index":"index","follow":"follow","max-snippet":"max-snippet:-1","max-image-preview":"max-image-preview:large","max-video-preview":"max-video-preview:-1"},"canonical":"https:\/\/www.africa-press.net\/djibouti\/economie\/sommet-africain-pour-le-climat-a-la-recherche-dune-voix-commune","og_locale":"fr_FR","og_type":"article","og_title":"Sommet africain pour le climat\u00a0:\u00a0\u00e0 la recherche d\u2019une voix commune","og_description":"Le pre\u0301sident ke\u0301nyan a appele\u0301 la communaute\u0301 internationale a alle\u0301ge\u0301 le fardeau de la dette des pays du continent po ...","og_url":"https:\/\/www.africa-press.net\/djibouti\/economie\/sommet-africain-pour-le-climat-a-la-recherche-dune-voix-commune","og_site_name":"Djibouti","article_published_time":"2023-09-06T11:34:53+00:00","article_modified_time":"2023-09-06T11:54:22+00:00","og_image":[{"width":1256,"height":628,"url":"https:\/\/static.africa-press.net\/djibouti\/sites\/52\/2023\/09\/sm_1693988499.561954.jpg","type":"image\/jpeg"}],"author":"cfeditorfr","twitter_card":"summary_large_image","twitter_misc":{"\u00c9crit par":"cfeditorfr","Dur\u00e9e de lecture estim\u00e9e":"3 minutes"},"schema":{"@context":"https:\/\/schema.org","@graph":[{"@type":"Article","@id":"https:\/\/www.africa-press.net\/djibouti\/economie\/sommet-africain-pour-le-climat-a-la-recherche-dune-voix-commune#article","isPartOf":{"@id":"https:\/\/www.africa-press.net\/djibouti\/economie\/sommet-africain-pour-le-climat-a-la-recherche-dune-voix-commune"},"author":{"name":"cfeditorfr","@id":"https:\/\/www.africa-press.net\/djibouti\/#\/schema\/person\/2b1cf3cd81a31e3cd26889ca66d677f1"},"headline":"Sommet africain pour le climat\u00a0:\u00a0\u00e0 la recherche d\u2019une voix commune","datePublished":"2023-09-06T11:34:53+00:00","dateModified":"2023-09-06T11:54:22+00:00","mainEntityOfPage":{"@id":"https:\/\/www.africa-press.net\/djibouti\/economie\/sommet-africain-pour-le-climat-a-la-recherche-dune-voix-commune"},"wordCount":628,"commentCount":0,"image":{"@id":"https:\/\/www.africa-press.net\/djibouti\/economie\/sommet-africain-pour-le-climat-a-la-recherche-dune-voix-commune#primaryimage"},"thumbnailUrl":"https:\/\/static.africa-press.net\/djibouti\/sites\/52\/2023\/09\/sm_1693988499.561954.jpg","keywords":["Africa Press","Africa Press-Djibouti","Djibouti"],"articleSection":["\u00c9conomie","Toutes les actualit\u00e9s"],"inLanguage":"fr-FR","potentialAction":[{"@type":"CommentAction","name":"Comment","target":["https:\/\/www.africa-press.net\/djibouti\/economie\/sommet-africain-pour-le-climat-a-la-recherche-dune-voix-commune#respond"]}]},{"@type":"WebPage","@id":"https:\/\/www.africa-press.net\/djibouti\/economie\/sommet-africain-pour-le-climat-a-la-recherche-dune-voix-commune","url":"https:\/\/www.africa-press.net\/djibouti\/economie\/sommet-africain-pour-le-climat-a-la-recherche-dune-voix-commune","name":"Sommet africain pour le climat\u00a0:\u00a0\u00e0 la recherche d\u2019une voix commune - Djibouti","isPartOf":{"@id":"https:\/\/www.africa-press.net\/djibouti\/#website"},"primaryImageOfPage":{"@id":"https:\/\/www.africa-press.net\/djibouti\/economie\/sommet-africain-pour-le-climat-a-la-recherche-dune-voix-commune#primaryimage"},"image":{"@id":"https:\/\/www.africa-press.net\/djibouti\/economie\/sommet-africain-pour-le-climat-a-la-recherche-dune-voix-commune#primaryimage"},"thumbnailUrl":"https:\/\/static.africa-press.net\/djibouti\/sites\/52\/2023\/09\/sm_1693988499.561954.jpg","datePublished":"2023-09-06T11:34:53+00:00","dateModified":"2023-09-06T11:54:22+00:00","author":{"@id":"https:\/\/www.africa-press.net\/djibouti\/#\/schema\/person\/2b1cf3cd81a31e3cd26889ca66d677f1"},"description":"Le pre\u0301sident ke\u0301nyan a appele\u0301 la communaute\u0301 internationale a alle\u0301ge\u0301 le fardeau de la dette des pays du continent po ...","breadcrumb":{"@id":"https:\/\/www.africa-press.net\/djibouti\/economie\/sommet-africain-pour-le-climat-a-la-recherche-dune-voix-commune#breadcrumb"},"inLanguage":"fr-FR","potentialAction":[{"@type":"ReadAction","target":["https:\/\/www.africa-press.net\/djibouti\/economie\/sommet-africain-pour-le-climat-a-la-recherche-dune-voix-commune"]}]},{"@type":"ImageObject","inLanguage":"fr-FR","@id":"https:\/\/www.africa-press.net\/djibouti\/economie\/sommet-africain-pour-le-climat-a-la-recherche-dune-voix-commune#primaryimage","url":"https:\/\/static.africa-press.net\/djibouti\/sites\/52\/2023\/09\/sm_1693988499.561954.jpg","contentUrl":"https:\/\/static.africa-press.net\/djibouti\/sites\/52\/2023\/09\/sm_1693988499.561954.jpg","width":1256,"height":628,"caption":"Sommet africain pour le climat\u00a0:\u00a0\u00e0 la recherche d\u2019une voix commune"},{"@type":"BreadcrumbList","@id":"https:\/\/www.africa-press.net\/djibouti\/economie\/sommet-africain-pour-le-climat-a-la-recherche-dune-voix-commune#breadcrumb","itemListElement":[{"@type":"ListItem","position":1,"name":"Accueil","item":"https:\/\/www.africa-press.net\/djibouti\/"},{"@type":"ListItem","position":2,"name":"Sommet africain pour le climat\u00a0:\u00a0\u00e0 la recherche d\u2019une voix commune"}]},{"@type":"WebSite","@id":"https:\/\/www.africa-press.net\/djibouti\/#website","url":"https:\/\/www.africa-press.net\/djibouti\/","name":"Djibouti","description":"Just another Africa News Agency Sites site","potentialAction":[{"@type":"SearchAction","target":{"@type":"EntryPoint","urlTemplate":"https:\/\/www.africa-press.net\/djibouti\/?s={search_term_string}"},"query-input":{"@type":"PropertyValueSpecification","valueRequired":true,"valueName":"search_term_string"}}],"inLanguage":"fr-FR"},{"@type":"Person","@id":"https:\/\/www.africa-press.net\/djibouti\/#\/schema\/person\/2b1cf3cd81a31e3cd26889ca66d677f1","name":"cfeditorfr"}]}},"_links":{"self":[{"href":"https:\/\/www.africa-press.net\/djibouti\/wp-json\/wp\/v2\/posts\/17484","targetHints":{"allow":["GET"]}}],"collection":[{"href":"https:\/\/www.africa-press.net\/djibouti\/wp-json\/wp\/v2\/posts"}],"about":[{"href":"https:\/\/www.africa-press.net\/djibouti\/wp-json\/wp\/v2\/types\/post"}],"author":[{"embeddable":true,"href":"https:\/\/www.africa-press.net\/djibouti\/wp-json\/wp\/v2\/users\/82"}],"replies":[{"embeddable":true,"href":"https:\/\/www.africa-press.net\/djibouti\/wp-json\/wp\/v2\/comments?post=17484"}],"version-history":[{"count":0,"href":"https:\/\/www.africa-press.net\/djibouti\/wp-json\/wp\/v2\/posts\/17484\/revisions"}],"wp:featuredmedia":[{"embeddable":true,"href":"https:\/\/www.africa-press.net\/djibouti\/wp-json\/wp\/v2\/media\/17483"}],"wp:attachment":[{"href":"https:\/\/www.africa-press.net\/djibouti\/wp-json\/wp\/v2\/media?parent=17484"}],"wp:term":[{"taxonomy":"category","embeddable":true,"href":"https:\/\/www.africa-press.net\/djibouti\/wp-json\/wp\/v2\/categories?post=17484"},{"taxonomy":"post_tag","embeddable":true,"href":"https:\/\/www.africa-press.net\/djibouti\/wp-json\/wp\/v2\/tags?post=17484"}],"curies":[{"name":"wp","href":"https:\/\/api.w.org\/{rel}","templated":true}]}}