{"id":17498,"date":"2023-09-06T13:45:59","date_gmt":"2023-09-06T13:45:59","guid":{"rendered":"https:\/\/www.africa-press.net\/djibouti\/politique\/le-president-de-la-federation-djiboutienne-prend-part-a-casablanca-au-maroc-aux-reunions-de-lassemblee-generale-ordinaire-de-la-federation-africaine-de-judo"},"modified":"2023-09-06T14:49:04","modified_gmt":"2023-09-06T14:49:04","slug":"le-president-de-la-federation-djiboutienne-prend-part-a-casablanca-au-maroc-aux-reunions-de-lassemblee-generale-ordinaire-de-la-federation-africaine-de-judo","status":"publish","type":"post","link":"https:\/\/www.africa-press.net\/djibouti\/sports\/le-president-de-la-federation-djiboutienne-prend-part-a-casablanca-au-maroc-aux-reunions-de-lassemblee-generale-ordinaire-de-la-federation-africaine-de-judo","title":{"rendered":"Le Pr\u00e9sident de la F\u00e9d\u00e9ration Djiboutienne prend part \u00e0 Casablanca, au Maroc, aux r\u00e9unions de l&rsquo;Assembl\u00e9e G\u00e9n\u00e9rale Ordinaire de la F\u00e9d\u00e9ration Africaine de Judo"},"content":{"rendered":"<p><span style=\"color: #ff6600\"><strong>Africa-Press &#8211; Djibouti. <\/strong><\/span>Le Pre\u0301sident de la Fe\u0301de\u0301ration Djiboutienne de Judo, M. Faissal Abdourahman Abdoul-Raguib, a participe\u0301 aujourd&rsquo;hui dans la ville de Casablanca, au Maroc, aux re\u0301unions de l&rsquo;Assemble\u0301e Ge\u0301ne\u0301rale Ordinaire de la Fe\u0301de\u0301ration Africaine de Judo, en marge des 44e\u0300mes Championnats d\u2019Afrique seniors de judo pre\u0301vus du 8 au 11 septembre.<\/p>\n<p>La Fe\u0301de\u0301ration de judo a annonce\u0301 la liste de l&rsquo;e\u0301quipe qui participera au tournoi.<\/p>\n<p>Parmi les se\u0301lectionne\u0301s figurent Adam Alexander Hussein, Abdullah Hassan Youssouf et Sasso Hassan Mohamed.<\/p>\n<p>Le pre\u0301sident de la Fe\u0301de\u0301ration Djiboutienne de Judo a de\u0301clare\u0301 que l&rsquo;e\u0301quipe nationale se pre\u0301pare depuis le mois d&rsquo;avril a\u0300 Budapest et sera capable d&rsquo;obtenir des re\u0301sultats honorables pour Djibouti dans ce championnat continental, et que les objectifs principaux sont de remporter des me\u0301dailles et surtout se qualifier aux jeux olympiques de Paris 2024.<\/p>\n<p>Ce tournoi reve\u0302t une grande importance e\u0301tant donne\u0301 qu&rsquo;il est l&rsquo;un des tournois de qualification pour les Jeux Olympiques qui se tiendront l&rsquo;anne\u0301e prochaine a\u0300 Paris, en France.<\/p>\n<p>Le Pre\u0301sident de la Fe\u0301de\u0301ration Djiboutienne de Judo, M. Faissal Abdourahman Abdoul-Raguib, a participe\u0301 aujourd&rsquo;hui dans la ville de Casablanca, au Maroc, aux re\u0301unions de l&rsquo;Assemble\u0301e Ge\u0301ne\u0301rale Ordinaire de la Fe\u0301de\u0301ration Africaine de Judo, en marge des 44e\u0300mes Championnats d\u2019Afrique seniors de judo pre\u0301vus du 8 au 11 septembre.<\/p>\n<p>La Fe\u0301de\u0301ration de judo a annonce\u0301 la liste de l&rsquo;e\u0301quipe qui participera au tournoi.<\/p>\n<p>Parmi les se\u0301lectionne\u0301s figurent Adam Alexander Hussein, Abdullah Hassan Youssouf et Sasso Hassan Mohamed.<\/p>\n<p>Le pre\u0301sident de la Fe\u0301de\u0301ration Djiboutienne de Judo a de\u0301clare\u0301 que l&rsquo;e\u0301quipe nationale se pre\u0301pare depuis le mois d&rsquo;avril a\u0300 Budapest et sera capable d&rsquo;obtenir des re\u0301sultats honorables pour Djibouti dans ce championnat continental, et que les objectifs principaux sont de remporter des me\u0301dailles et surtout se qualifier aux jeux olympiques de Paris 2024.<\/p>\n<p>Ce tournoi reve\u0302t une grande importance e\u0301tant donne\u0301 qu&rsquo;il est l&rsquo;un des tournois de qualification pour les Jeux Olympiques qui se tiendront l&rsquo;anne\u0301e prochaine a\u0300 Paris, en France.<\/p>\n<p><strong>Pour plus d&rsquo;informations et d&rsquo;analyses sur la <a href=\"https:\/\/www.africa-press.net\/djibouti\">Djibouti<\/a>, suivez <a href=\"https:\/\/www.africa-press.net\/\">Africa-Press<\/a><\/strong><\/p>\n","protected":false},"excerpt":{"rendered":"<p>Africa-Press &#8211; Djibouti. Le Pre\u0301sident de la Fe\u0301de\u0301ration Djiboutienne de Judo, M. Faissal Abdourahman Abdoul-Raguib, a participe\u0301 aujourd&rsquo;hui dans la ville de Casablanca, au Maroc, aux re\u0301unions de l&rsquo;Assemble\u0301e Ge\u0301ne\u0301rale Ordinaire de la Fe\u0301de\u0301ration Africaine de Judo, en marge des 44e\u0300mes Championnats d\u2019Afrique seniors de judo pre\u0301vus du 8 au 11 septembre. La Fe\u0301de\u0301ration de [&hellip;]<\/p>\n","protected":false},"author":82,"featured_media":17497,"comment_status":"open","ping_status":"closed","sticky":false,"template":"","format":"standard","meta":{"footnotes":""},"categories":[6,10],"tags":[36,49,50],"class_list":["post-17498","post","type-post","status-publish","format-standard","has-post-thumbnail","hentry","category-sports","category-toutes-les-actualites","tag-africa-press","tag-africa-press-djibouti","tag-djibouti"],"yoast_head":"<!-- This site is optimized with the Yoast SEO Premium plugin v26.1 (Yoast SEO v27.0) - https:\/\/yoast.com\/product\/yoast-seo-premium-wordpress\/ -->\n<title>Le Pr\u00e9sident de la F\u00e9d\u00e9ration Djiboutienne prend part \u00e0 Casablanca, au Maroc, aux r\u00e9unions de l&#039;Assembl\u00e9e G\u00e9n\u00e9rale Ordinaire de la F\u00e9d\u00e9ration Africaine de Judo - Djibouti<\/title>\n<meta name=\"description\" content=\"Le Pre\u0301sident de la Fe\u0301de\u0301ration Djiboutienne de Judo, M. Faissal Abdourahman Abdoul-Raguib, a participe\u0301 aujourd&#039;hui da ...\" \/>\n<meta name=\"robots\" content=\"index, follow, max-snippet:-1, max-image-preview:large, max-video-preview:-1\" \/>\n<link rel=\"canonical\" href=\"https:\/\/www.africa-press.net\/djibouti\/sports\/le-president-de-la-federation-djiboutienne-prend-part-a-casablanca-au-maroc-aux-reunions-de-lassemblee-generale-ordinaire-de-la-federation-africaine-de-judo\" \/>\n<meta property=\"og:locale\" content=\"fr_FR\" \/>\n<meta property=\"og:type\" content=\"article\" \/>\n<meta property=\"og:title\" content=\"Le Pr\u00e9sident de la F\u00e9d\u00e9ration Djiboutienne prend part \u00e0 Casablanca, au Maroc, aux r\u00e9unions de l&#039;Assembl\u00e9e G\u00e9n\u00e9rale Ordinaire de la F\u00e9d\u00e9ration Africaine de Judo\" \/>\n<meta property=\"og:description\" content=\"Le Pre\u0301sident de la Fe\u0301de\u0301ration Djiboutienne de Judo, M. Faissal Abdourahman Abdoul-Raguib, a participe\u0301 aujourd&#039;hui da ...\" \/>\n<meta property=\"og:url\" content=\"https:\/\/www.africa-press.net\/djibouti\/sports\/le-president-de-la-federation-djiboutienne-prend-part-a-casablanca-au-maroc-aux-reunions-de-lassemblee-generale-ordinaire-de-la-federation-africaine-de-judo\" \/>\n<meta property=\"og:site_name\" content=\"Djibouti\" \/>\n<meta property=\"article:published_time\" content=\"2023-09-06T13:45:59+00:00\" \/>\n<meta property=\"article:modified_time\" content=\"2023-09-06T14:49:04+00:00\" \/>\n<meta property=\"og:image\" content=\"https:\/\/static.africa-press.net\/djibouti\/sites\/52\/2023\/09\/sm_1693999054.235444.jpg\" \/>\n\t<meta property=\"og:image:width\" content=\"1280\" \/>\n\t<meta property=\"og:image:height\" content=\"720\" \/>\n\t<meta property=\"og:image:type\" content=\"image\/jpeg\" \/>\n<meta name=\"author\" content=\"cfeditorfr\" \/>\n<meta name=\"twitter:card\" content=\"summary_large_image\" \/>\n<meta name=\"twitter:label1\" content=\"\u00c9crit par\" \/>\n\t<meta name=\"twitter:data1\" content=\"cfeditorfr\" \/>\n\t<meta name=\"twitter:label2\" content=\"Dur\u00e9e de lecture estim\u00e9e\" \/>\n\t<meta name=\"twitter:data2\" content=\"2 minutes\" \/>\n<script type=\"application\/ld+json\" class=\"yoast-schema-graph\">{\"@context\":\"https:\/\/schema.org\",\"@graph\":[{\"@type\":\"Article\",\"@id\":\"https:\/\/www.africa-press.net\/djibouti\/sports\/le-president-de-la-federation-djiboutienne-prend-part-a-casablanca-au-maroc-aux-reunions-de-lassemblee-generale-ordinaire-de-la-federation-africaine-de-judo#article\",\"isPartOf\":{\"@id\":\"https:\/\/www.africa-press.net\/djibouti\/sports\/le-president-de-la-federation-djiboutienne-prend-part-a-casablanca-au-maroc-aux-reunions-de-lassemblee-generale-ordinaire-de-la-federation-africaine-de-judo\"},\"author\":{\"name\":\"cfeditorfr\",\"@id\":\"https:\/\/www.africa-press.net\/djibouti\/#\/schema\/person\/2b1cf3cd81a31e3cd26889ca66d677f1\"},\"headline\":\"Le Pr\u00e9sident de la F\u00e9d\u00e9ration Djiboutienne prend part \u00e0 Casablanca, au Maroc, aux r\u00e9unions de l&rsquo;Assembl\u00e9e G\u00e9n\u00e9rale Ordinaire de la F\u00e9d\u00e9ration Africaine de Judo\",\"datePublished\":\"2023-09-06T13:45:59+00:00\",\"dateModified\":\"2023-09-06T14:49:04+00:00\",\"mainEntityOfPage\":{\"@id\":\"https:\/\/www.africa-press.net\/djibouti\/sports\/le-president-de-la-federation-djiboutienne-prend-part-a-casablanca-au-maroc-aux-reunions-de-lassemblee-generale-ordinaire-de-la-federation-africaine-de-judo\"},\"wordCount\":434,\"commentCount\":0,\"image\":{\"@id\":\"https:\/\/www.africa-press.net\/djibouti\/sports\/le-president-de-la-federation-djiboutienne-prend-part-a-casablanca-au-maroc-aux-reunions-de-lassemblee-generale-ordinaire-de-la-federation-africaine-de-judo#primaryimage\"},\"thumbnailUrl\":\"https:\/\/static.africa-press.net\/djibouti\/sites\/52\/2023\/09\/sm_1693999054.235444.jpg\",\"keywords\":[\"Africa Press\",\"Africa Press-Djibouti\",\"Djibouti\"],\"articleSection\":[\"Sports\",\"Toutes les actualit\u00e9s\"],\"inLanguage\":\"fr-FR\",\"potentialAction\":[{\"@type\":\"CommentAction\",\"name\":\"Comment\",\"target\":[\"https:\/\/www.africa-press.net\/djibouti\/sports\/le-president-de-la-federation-djiboutienne-prend-part-a-casablanca-au-maroc-aux-reunions-de-lassemblee-generale-ordinaire-de-la-federation-africaine-de-judo#respond\"]}]},{\"@type\":\"WebPage\",\"@id\":\"https:\/\/www.africa-press.net\/djibouti\/sports\/le-president-de-la-federation-djiboutienne-prend-part-a-casablanca-au-maroc-aux-reunions-de-lassemblee-generale-ordinaire-de-la-federation-africaine-de-judo\",\"url\":\"https:\/\/www.africa-press.net\/djibouti\/sports\/le-president-de-la-federation-djiboutienne-prend-part-a-casablanca-au-maroc-aux-reunions-de-lassemblee-generale-ordinaire-de-la-federation-africaine-de-judo\",\"name\":\"Le Pr\u00e9sident de la F\u00e9d\u00e9ration Djiboutienne prend part \u00e0 Casablanca, au Maroc, aux r\u00e9unions de l'Assembl\u00e9e G\u00e9n\u00e9rale Ordinaire de la F\u00e9d\u00e9ration Africaine de Judo - Djibouti\",\"isPartOf\":{\"@id\":\"https:\/\/www.africa-press.net\/djibouti\/#website\"},\"primaryImageOfPage\":{\"@id\":\"https:\/\/www.africa-press.net\/djibouti\/sports\/le-president-de-la-federation-djiboutienne-prend-part-a-casablanca-au-maroc-aux-reunions-de-lassemblee-generale-ordinaire-de-la-federation-africaine-de-judo#primaryimage\"},\"image\":{\"@id\":\"https:\/\/www.africa-press.net\/djibouti\/sports\/le-president-de-la-federation-djiboutienne-prend-part-a-casablanca-au-maroc-aux-reunions-de-lassemblee-generale-ordinaire-de-la-federation-africaine-de-judo#primaryimage\"},\"thumbnailUrl\":\"https:\/\/static.africa-press.net\/djibouti\/sites\/52\/2023\/09\/sm_1693999054.235444.jpg\",\"datePublished\":\"2023-09-06T13:45:59+00:00\",\"dateModified\":\"2023-09-06T14:49:04+00:00\",\"author\":{\"@id\":\"https:\/\/www.africa-press.net\/djibouti\/#\/schema\/person\/2b1cf3cd81a31e3cd26889ca66d677f1\"},\"description\":\"Le Pre\u0301sident de la Fe\u0301de\u0301ration Djiboutienne de Judo, M. Faissal Abdourahman Abdoul-Raguib, a participe\u0301 aujourd'hui da ...\",\"breadcrumb\":{\"@id\":\"https:\/\/www.africa-press.net\/djibouti\/sports\/le-president-de-la-federation-djiboutienne-prend-part-a-casablanca-au-maroc-aux-reunions-de-lassemblee-generale-ordinaire-de-la-federation-africaine-de-judo#breadcrumb\"},\"inLanguage\":\"fr-FR\",\"potentialAction\":[{\"@type\":\"ReadAction\",\"target\":[\"https:\/\/www.africa-press.net\/djibouti\/sports\/le-president-de-la-federation-djiboutienne-prend-part-a-casablanca-au-maroc-aux-reunions-de-lassemblee-generale-ordinaire-de-la-federation-africaine-de-judo\"]}]},{\"@type\":\"ImageObject\",\"inLanguage\":\"fr-FR\",\"@id\":\"https:\/\/www.africa-press.net\/djibouti\/sports\/le-president-de-la-federation-djiboutienne-prend-part-a-casablanca-au-maroc-aux-reunions-de-lassemblee-generale-ordinaire-de-la-federation-africaine-de-judo#primaryimage\",\"url\":\"https:\/\/static.africa-press.net\/djibouti\/sites\/52\/2023\/09\/sm_1693999054.235444.jpg\",\"contentUrl\":\"https:\/\/static.africa-press.net\/djibouti\/sites\/52\/2023\/09\/sm_1693999054.235444.jpg\",\"width\":1280,\"height\":720,\"caption\":\"Le Pr\u00e9sident de la F\u00e9d\u00e9ration Djiboutienne prend part \u00e0 Casablanca, au Maroc, aux r\u00e9unions de l'Assembl\u00e9e G\u00e9n\u00e9rale Ordinaire de la F\u00e9d\u00e9ration Africaine de Judo\"},{\"@type\":\"BreadcrumbList\",\"@id\":\"https:\/\/www.africa-press.net\/djibouti\/sports\/le-president-de-la-federation-djiboutienne-prend-part-a-casablanca-au-maroc-aux-reunions-de-lassemblee-generale-ordinaire-de-la-federation-africaine-de-judo#breadcrumb\",\"itemListElement\":[{\"@type\":\"ListItem\",\"position\":1,\"name\":\"Accueil\",\"item\":\"https:\/\/www.africa-press.net\/djibouti\/\"},{\"@type\":\"ListItem\",\"position\":2,\"name\":\"Le Pr\u00e9sident de la F\u00e9d\u00e9ration Djiboutienne prend part \u00e0 Casablanca, au Maroc, aux r\u00e9unions de l&#8217;Assembl\u00e9e G\u00e9n\u00e9rale Ordinaire de la F\u00e9d\u00e9ration Africaine de Judo\"}]},{\"@type\":\"WebSite\",\"@id\":\"https:\/\/www.africa-press.net\/djibouti\/#website\",\"url\":\"https:\/\/www.africa-press.net\/djibouti\/\",\"name\":\"Djibouti\",\"description\":\"Just another Africa News Agency Sites site\",\"potentialAction\":[{\"@type\":\"SearchAction\",\"target\":{\"@type\":\"EntryPoint\",\"urlTemplate\":\"https:\/\/www.africa-press.net\/djibouti\/?s={search_term_string}\"},\"query-input\":{\"@type\":\"PropertyValueSpecification\",\"valueRequired\":true,\"valueName\":\"search_term_string\"}}],\"inLanguage\":\"fr-FR\"},{\"@type\":\"Person\",\"@id\":\"https:\/\/www.africa-press.net\/djibouti\/#\/schema\/person\/2b1cf3cd81a31e3cd26889ca66d677f1\",\"name\":\"cfeditorfr\"}]}<\/script>\n<!-- \/ Yoast SEO Premium plugin. -->","yoast_head_json":{"title":"Le Pr\u00e9sident de la F\u00e9d\u00e9ration Djiboutienne prend part \u00e0 Casablanca, au Maroc, aux r\u00e9unions de l'Assembl\u00e9e G\u00e9n\u00e9rale Ordinaire de la F\u00e9d\u00e9ration Africaine de Judo - Djibouti","description":"Le Pre\u0301sident de la Fe\u0301de\u0301ration Djiboutienne de Judo, M. Faissal Abdourahman Abdoul-Raguib, a participe\u0301 aujourd'hui da ...","robots":{"index":"index","follow":"follow","max-snippet":"max-snippet:-1","max-image-preview":"max-image-preview:large","max-video-preview":"max-video-preview:-1"},"canonical":"https:\/\/www.africa-press.net\/djibouti\/sports\/le-president-de-la-federation-djiboutienne-prend-part-a-casablanca-au-maroc-aux-reunions-de-lassemblee-generale-ordinaire-de-la-federation-africaine-de-judo","og_locale":"fr_FR","og_type":"article","og_title":"Le Pr\u00e9sident de la F\u00e9d\u00e9ration Djiboutienne prend part \u00e0 Casablanca, au Maroc, aux r\u00e9unions de l'Assembl\u00e9e G\u00e9n\u00e9rale Ordinaire de la F\u00e9d\u00e9ration Africaine de Judo","og_description":"Le Pre\u0301sident de la Fe\u0301de\u0301ration Djiboutienne de Judo, M. Faissal Abdourahman Abdoul-Raguib, a participe\u0301 aujourd'hui da ...","og_url":"https:\/\/www.africa-press.net\/djibouti\/sports\/le-president-de-la-federation-djiboutienne-prend-part-a-casablanca-au-maroc-aux-reunions-de-lassemblee-generale-ordinaire-de-la-federation-africaine-de-judo","og_site_name":"Djibouti","article_published_time":"2023-09-06T13:45:59+00:00","article_modified_time":"2023-09-06T14:49:04+00:00","og_image":[{"width":1280,"height":720,"url":"https:\/\/static.africa-press.net\/djibouti\/sites\/52\/2023\/09\/sm_1693999054.235444.jpg","type":"image\/jpeg"}],"author":"cfeditorfr","twitter_card":"summary_large_image","twitter_misc":{"\u00c9crit par":"cfeditorfr","Dur\u00e9e de lecture estim\u00e9e":"2 minutes"},"schema":{"@context":"https:\/\/schema.org","@graph":[{"@type":"Article","@id":"https:\/\/www.africa-press.net\/djibouti\/sports\/le-president-de-la-federation-djiboutienne-prend-part-a-casablanca-au-maroc-aux-reunions-de-lassemblee-generale-ordinaire-de-la-federation-africaine-de-judo#article","isPartOf":{"@id":"https:\/\/www.africa-press.net\/djibouti\/sports\/le-president-de-la-federation-djiboutienne-prend-part-a-casablanca-au-maroc-aux-reunions-de-lassemblee-generale-ordinaire-de-la-federation-africaine-de-judo"},"author":{"name":"cfeditorfr","@id":"https:\/\/www.africa-press.net\/djibouti\/#\/schema\/person\/2b1cf3cd81a31e3cd26889ca66d677f1"},"headline":"Le Pr\u00e9sident de la F\u00e9d\u00e9ration Djiboutienne prend part \u00e0 Casablanca, au Maroc, aux r\u00e9unions de l&rsquo;Assembl\u00e9e G\u00e9n\u00e9rale Ordinaire de la F\u00e9d\u00e9ration Africaine de Judo","datePublished":"2023-09-06T13:45:59+00:00","dateModified":"2023-09-06T14:49:04+00:00","mainEntityOfPage":{"@id":"https:\/\/www.africa-press.net\/djibouti\/sports\/le-president-de-la-federation-djiboutienne-prend-part-a-casablanca-au-maroc-aux-reunions-de-lassemblee-generale-ordinaire-de-la-federation-africaine-de-judo"},"wordCount":434,"commentCount":0,"image":{"@id":"https:\/\/www.africa-press.net\/djibouti\/sports\/le-president-de-la-federation-djiboutienne-prend-part-a-casablanca-au-maroc-aux-reunions-de-lassemblee-generale-ordinaire-de-la-federation-africaine-de-judo#primaryimage"},"thumbnailUrl":"https:\/\/static.africa-press.net\/djibouti\/sites\/52\/2023\/09\/sm_1693999054.235444.jpg","keywords":["Africa Press","Africa Press-Djibouti","Djibouti"],"articleSection":["Sports","Toutes les actualit\u00e9s"],"inLanguage":"fr-FR","potentialAction":[{"@type":"CommentAction","name":"Comment","target":["https:\/\/www.africa-press.net\/djibouti\/sports\/le-president-de-la-federation-djiboutienne-prend-part-a-casablanca-au-maroc-aux-reunions-de-lassemblee-generale-ordinaire-de-la-federation-africaine-de-judo#respond"]}]},{"@type":"WebPage","@id":"https:\/\/www.africa-press.net\/djibouti\/sports\/le-president-de-la-federation-djiboutienne-prend-part-a-casablanca-au-maroc-aux-reunions-de-lassemblee-generale-ordinaire-de-la-federation-africaine-de-judo","url":"https:\/\/www.africa-press.net\/djibouti\/sports\/le-president-de-la-federation-djiboutienne-prend-part-a-casablanca-au-maroc-aux-reunions-de-lassemblee-generale-ordinaire-de-la-federation-africaine-de-judo","name":"Le Pr\u00e9sident de la F\u00e9d\u00e9ration Djiboutienne prend part \u00e0 Casablanca, au Maroc, aux r\u00e9unions de l'Assembl\u00e9e G\u00e9n\u00e9rale Ordinaire de la F\u00e9d\u00e9ration Africaine de Judo - Djibouti","isPartOf":{"@id":"https:\/\/www.africa-press.net\/djibouti\/#website"},"primaryImageOfPage":{"@id":"https:\/\/www.africa-press.net\/djibouti\/sports\/le-president-de-la-federation-djiboutienne-prend-part-a-casablanca-au-maroc-aux-reunions-de-lassemblee-generale-ordinaire-de-la-federation-africaine-de-judo#primaryimage"},"image":{"@id":"https:\/\/www.africa-press.net\/djibouti\/sports\/le-president-de-la-federation-djiboutienne-prend-part-a-casablanca-au-maroc-aux-reunions-de-lassemblee-generale-ordinaire-de-la-federation-africaine-de-judo#primaryimage"},"thumbnailUrl":"https:\/\/static.africa-press.net\/djibouti\/sites\/52\/2023\/09\/sm_1693999054.235444.jpg","datePublished":"2023-09-06T13:45:59+00:00","dateModified":"2023-09-06T14:49:04+00:00","author":{"@id":"https:\/\/www.africa-press.net\/djibouti\/#\/schema\/person\/2b1cf3cd81a31e3cd26889ca66d677f1"},"description":"Le Pre\u0301sident de la Fe\u0301de\u0301ration Djiboutienne de Judo, M. Faissal Abdourahman Abdoul-Raguib, a participe\u0301 aujourd'hui da ...","breadcrumb":{"@id":"https:\/\/www.africa-press.net\/djibouti\/sports\/le-president-de-la-federation-djiboutienne-prend-part-a-casablanca-au-maroc-aux-reunions-de-lassemblee-generale-ordinaire-de-la-federation-africaine-de-judo#breadcrumb"},"inLanguage":"fr-FR","potentialAction":[{"@type":"ReadAction","target":["https:\/\/www.africa-press.net\/djibouti\/sports\/le-president-de-la-federation-djiboutienne-prend-part-a-casablanca-au-maroc-aux-reunions-de-lassemblee-generale-ordinaire-de-la-federation-africaine-de-judo"]}]},{"@type":"ImageObject","inLanguage":"fr-FR","@id":"https:\/\/www.africa-press.net\/djibouti\/sports\/le-president-de-la-federation-djiboutienne-prend-part-a-casablanca-au-maroc-aux-reunions-de-lassemblee-generale-ordinaire-de-la-federation-africaine-de-judo#primaryimage","url":"https:\/\/static.africa-press.net\/djibouti\/sites\/52\/2023\/09\/sm_1693999054.235444.jpg","contentUrl":"https:\/\/static.africa-press.net\/djibouti\/sites\/52\/2023\/09\/sm_1693999054.235444.jpg","width":1280,"height":720,"caption":"Le Pr\u00e9sident de la F\u00e9d\u00e9ration Djiboutienne prend part \u00e0 Casablanca, au Maroc, aux r\u00e9unions de l'Assembl\u00e9e G\u00e9n\u00e9rale Ordinaire de la F\u00e9d\u00e9ration Africaine de Judo"},{"@type":"BreadcrumbList","@id":"https:\/\/www.africa-press.net\/djibouti\/sports\/le-president-de-la-federation-djiboutienne-prend-part-a-casablanca-au-maroc-aux-reunions-de-lassemblee-generale-ordinaire-de-la-federation-africaine-de-judo#breadcrumb","itemListElement":[{"@type":"ListItem","position":1,"name":"Accueil","item":"https:\/\/www.africa-press.net\/djibouti\/"},{"@type":"ListItem","position":2,"name":"Le Pr\u00e9sident de la F\u00e9d\u00e9ration Djiboutienne prend part \u00e0 Casablanca, au Maroc, aux r\u00e9unions de l&#8217;Assembl\u00e9e G\u00e9n\u00e9rale Ordinaire de la F\u00e9d\u00e9ration Africaine de Judo"}]},{"@type":"WebSite","@id":"https:\/\/www.africa-press.net\/djibouti\/#website","url":"https:\/\/www.africa-press.net\/djibouti\/","name":"Djibouti","description":"Just another Africa News Agency Sites site","potentialAction":[{"@type":"SearchAction","target":{"@type":"EntryPoint","urlTemplate":"https:\/\/www.africa-press.net\/djibouti\/?s={search_term_string}"},"query-input":{"@type":"PropertyValueSpecification","valueRequired":true,"valueName":"search_term_string"}}],"inLanguage":"fr-FR"},{"@type":"Person","@id":"https:\/\/www.africa-press.net\/djibouti\/#\/schema\/person\/2b1cf3cd81a31e3cd26889ca66d677f1","name":"cfeditorfr"}]}},"_links":{"self":[{"href":"https:\/\/www.africa-press.net\/djibouti\/wp-json\/wp\/v2\/posts\/17498","targetHints":{"allow":["GET"]}}],"collection":[{"href":"https:\/\/www.africa-press.net\/djibouti\/wp-json\/wp\/v2\/posts"}],"about":[{"href":"https:\/\/www.africa-press.net\/djibouti\/wp-json\/wp\/v2\/types\/post"}],"author":[{"embeddable":true,"href":"https:\/\/www.africa-press.net\/djibouti\/wp-json\/wp\/v2\/users\/82"}],"replies":[{"embeddable":true,"href":"https:\/\/www.africa-press.net\/djibouti\/wp-json\/wp\/v2\/comments?post=17498"}],"version-history":[{"count":0,"href":"https:\/\/www.africa-press.net\/djibouti\/wp-json\/wp\/v2\/posts\/17498\/revisions"}],"wp:featuredmedia":[{"embeddable":true,"href":"https:\/\/www.africa-press.net\/djibouti\/wp-json\/wp\/v2\/media\/17497"}],"wp:attachment":[{"href":"https:\/\/www.africa-press.net\/djibouti\/wp-json\/wp\/v2\/media?parent=17498"}],"wp:term":[{"taxonomy":"category","embeddable":true,"href":"https:\/\/www.africa-press.net\/djibouti\/wp-json\/wp\/v2\/categories?post=17498"},{"taxonomy":"post_tag","embeddable":true,"href":"https:\/\/www.africa-press.net\/djibouti\/wp-json\/wp\/v2\/tags?post=17498"}],"curies":[{"name":"wp","href":"https:\/\/api.w.org\/{rel}","templated":true}]}}