{"id":17500,"date":"2023-09-06T13:46:56","date_gmt":"2023-09-06T13:46:56","guid":{"rendered":"https:\/\/www.africa-press.net\/djibouti\/politique\/le-president-guelleh-president-de-ligad-plaide-en-faveur-de-leconomie-bleue-au-sommet-africain-du-climat"},"modified":"2023-09-06T14:49:22","modified_gmt":"2023-09-06T14:49:22","slug":"le-president-guelleh-president-de-ligad-plaide-en-faveur-de-leconomie-bleue-au-sommet-africain-du-climat","status":"publish","type":"post","link":"https:\/\/www.africa-press.net\/djibouti\/politique\/le-president-guelleh-president-de-ligad-plaide-en-faveur-de-leconomie-bleue-au-sommet-africain-du-climat","title":{"rendered":"Le Pr\u00e9sident Guelleh, Pr\u00e9sident de l\u2019IGAD, plaide en faveur de l\u2019\u00e9conomie bleue au sommet africain du Climat"},"content":{"rendered":"<p><span style=\"color: #ff6600\"><strong>Africa-Press &#8211; Djibouti. <\/strong><\/span>Le Pre\u0301sident de la Re\u0301publique, M. Ismail Omar Guelleh, participe ce mardi a\u0300 Nairobi, au Kenya, au sommet visant a\u0300 offrir aux pays d\u2019Afrique une plateforme d\u2019e\u0301change d\u2019expertises sur la re\u0301solution des proble\u0301matiques lie\u0301es au phe\u0301nome\u0300ne de changement climatique et une tribune privile\u0301gie\u0301e pour aiguiser les termes d\u2019une plaidoirie colle\u0301giale dans l\u2019acce\u0300s aux financements consentis sur le principe de la solidarite\u0301 internationale face aux difficulte\u0301s pose\u0301es par le climat.<\/p>\n<p>La participation du Pre\u0301sident Guelleh a\u0300 cet e\u0301ve\u0300nement s\u2019est principalement ope\u0301re\u0301e sous la forme d\u2019une allocution qu\u2019il fit a\u0300 la tribune de ce sommet auquel, outre une vingtaine de Chefs d\u2019Etat et de Gouvernement issus d\u2019Afrique, le Secre\u0301taire Ge\u0301ne\u0301ral de l\u2019Organisation des Nations unies, le Pre\u0301sident de la Commission de l\u2019Union africaine ainsi que de de\u0301le\u0301gations d\u2019e\u0301minents scientifiques et de spe\u0301cialistes de renomme\u0301e mondiale en matie\u0300re des questions lie\u0301es au Climat et a\u0300 l\u2019Environnement, ont pris part.<\/p>\n<p>Dans son intervention, le Pre\u0301sident djiboutien a de\u0301die\u0301 l\u2019essentiel de son propos a\u0300 l\u2019illustration de la vocation e\u0301tablie de l\u2019Economie bleue, le de\u0301veloppement tire\u0301 a\u0300 partir d\u2019activite\u0301s lie\u0301es aux Mers et aux Oce\u0301ans, a\u0300 servir de canal de re\u0301mission et de cre\u0301neau viable d\u2019exploitation pour pallier aux de\u0301ficiences e\u0301conomiques ne\u0301es au prolongement des dysfonctionnements ge\u0301ne\u0301re\u0301s par le phe\u0301nome\u0300ne de re\u0301chauffement climatique.<\/p>\n<p>Dans sa plaidoirie en faveur d\u2019un recours plus syste\u0301matique des pays d\u2019Afrique a\u0300 l\u2019e\u0301conomie bleue, le Chef de l\u2019Etat djiboutien a d\u2019emble\u0301e souligne\u0301 combien ce secteur d\u2019activite\u0301s sert de recoupement a\u0300 une pluralite\u0301 de me\u0301tiers et de secteurs d\u2019activite\u0301s e\u0301conomiques.<\/p>\n<p>\u00ab Les activite\u0301s portuaires et maritimes, la pe\u0302che, l\u2019aquaculture, le tourisme, la se\u0301curite\u0301 maritime, les technologies de pointe telles que les e\u0301nergies renouvelables et les te\u0301le\u0301communications a\u0300 travers les ca\u0302bles sous-marins \u00bb, inte\u0300grent, entre autres, le champ d\u2019action, de prestations et de professions relevant de l\u2019e\u0301conomie bleue, a souligne\u0301 le Pre\u0301sident Ismail Omar Guelleh.<\/p>\n<p>Qui s\u2019est ensuite livre\u0301 au re\u0301cit du succe\u0300s caracte\u0301risant, dans notre pays, l\u2019e\u0301conomie bleue.<\/p>\n<p>\u00ab Mon pays e\u0301tant un pays de\u0301sertique, se\u0301ve\u0300rement impacte\u0301 par le changement climatique ces dernie\u0300res anne\u0301es, l\u2019e\u0301conomie bleue, s\u2019est depuis longtemps naturellement impose\u0301 a\u0300 nous. C\u2019est pourquoi le secteur primaire ne repre\u0301sente que 3% du PIB alors que le secteur tertiaire occupe 87% du PIB gra\u0302ce aux activite\u0301s portuaires, maritimes et logistiques. \u00bb, a indique\u0301 le Pre\u0301sident Guelleh.<\/p>\n<p>Il mit e\u0301galement en lumie\u0300re combien l\u2019exploitation de l\u2019e\u0301conomie bleue trouve un terreau propice a\u0300 Djibouti avec \u00ab notre position ge\u0301ostrate\u0301gique&#8230;, un atout tre\u0300s important dans le secteur portuaire et du trafic maritime international. \u00bb<\/p>\n<p>Insigne marque de recette e\u0301tendue a\u0300 tous les domaines d\u2019actions dans notre pays, l\u2019e\u0301conomie bleue et ses variantes distinctes ne sont pas mobilise\u0301es uniquement a\u0300 Djibouti pour ge\u0301ne\u0301rer des richesses. Elles concourent aussi dans la re\u0301gulation de the\u0301matiques cruciales, a fait observer le Pre\u0301sident Guelleh, citant le triomphe signe\u0301 a\u0300 Djibouti \u00ab contre le spectre de la soif&#8230; a\u0300 travers la re\u0301alisation d\u2019une usine de dessalement de l\u2019eau de mer \u00bb.<\/p>\n<p>L\u2019e\u0301conomie bleue a valeur aujourd\u2019hui d\u2019instance phare de de\u0301finition a\u0300 l\u2019ensemble des secteurs de de\u0301veloppement de notre pays, a re\u0301ve\u0301le\u0301 le Pre\u0301sident Guelleh.<\/p>\n<p>Sa pre\u0301e\u0301minence est de\u0301cline\u0301e a\u0300 travers l\u2019e\u0301laboration intervenue \u00ab au cours de l\u2019anne\u0301e 2023&#8230;, d\u2019une Strate\u0301gie Nationale pour l\u2019e\u0301conomie bleue dont la vision nationale et les principes directeurs guideront l\u2019action du Gouvernement, de ses partenaires et de la socie\u0301te\u0301 civile dans les domaines maritimes et co\u0302tiers \u00bb, a pre\u0301cise\u0301 le Chef de l\u2019Etat, se re\u0301jouissant que l\u2019IGAD, notre Organisation re\u0301gionale dont il occupe la Pre\u0301sidence annuelle tournante depuis juin dernier conce\u0300de une e\u0301gale primaute\u0301 a\u0300 la notion d\u2019e\u0301conomie bleue.<\/p>\n<p>\u00ab La vision de la strate\u0301gie de l\u2019IGAD pour l\u2019e\u0301conomie bleue est une e\u0301conomie inclusive et durable qui pourra contribuer de manie\u0300re significative a\u0300 la transformation de la Corne de l\u2019Afrique \u00bb, a, a\u0300 ce propos, de\u0301clare\u0301 en substance le Pre\u0301sident Ismail Omar Guellleh.<\/p>\n<p>Dans son allocution, le Chef de l\u2019Etat, Pre\u0301sident en exercice de l\u2019IGAD, a re\u0301cuse\u0301 l\u2019assimilation de l\u2019e\u0301conomie bleue comme une recette programme\u0301e a\u0300 connaitre son succe\u0300s uniquement a\u0300 Djibouti et dans les pays de l\u2019IGAD.<\/p>\n<p>Selon lui, \u00ab les Oce\u0301ans \u00bb qui font partie inte\u0301grante de l\u2019e\u0301conomie bleue \u00ab transcendent les Etats. Ils nous connectent les uns aux autres \u00bb et, confe\u0300rent une matrice inclusive de collaboration e\u0301conomique a\u0300 l\u2019ensemble de la Communaute\u0301 internationale, assigne\u0301e toutefois a\u0300 appre\u0301hender l\u2019exploitation de ce cre\u0301neau a\u0300 travers une strate\u0301gie reposant sur un triptyque qu\u2019est : \u00ab le renforcement de la croissance e\u0301conomique des activite\u0301s maritimes traditionnelles et e\u0301mergentes, la sauvegarde des ressources naturelles et des services e\u0301cosyste\u0301miques et la cre\u0301ation d\u2019emplois durables et la pre\u0301servation des moyens de subsistance \u00bb.<\/p>\n<p>Dans son e\u0301lan, le Pre\u0301sident djiboutien fit e\u0301galement e\u0301tat de sa conviction selon laquelle la re\u0301alisation d\u2019une exploitation efficiente de l\u2019e\u0301conomie bleue est allie\u0301e a\u0300 la capacite\u0301 des socie\u0301te\u0301s du monde a\u0300 souscrire, entre autres, a\u0300 un processus \u00ab d\u2019action de lutte contre les ine\u0301galite\u0301s et les pratiques ne\u0301fastes qui entachent la gouvernance des Oce\u0301ans, la pe\u0302che ille\u0301gale, la pe\u0302che industrielle commerciale illimite\u0301e et non durable, le de\u0301versement ille\u0301gal de de\u0301chets toxiques \u00bb.<\/p>\n<p>Elle est allie\u0301e e\u0301galement, a-t-il soutenu, a\u0300 la capacite\u0301 des nations a\u0300 se conformer a\u0300 une plus grande solidarite\u0301 financie\u0300re internationale, notamment a\u0300 une perspective telle que, les \u00ab partenaires de\u0301veloppe\u0301s \u00bb respectent davantage \u00ab leurs engagements car le de\u0301veloppement de l\u2019e\u0301conomie bleue s\u2019inscrit parfaitement dans cet esprit de durabilite\u0301 et de re\u0301silience pro\u0302ne\u0301 par l\u2019Agenda 2030 des Nations unies \u00bb.<\/p>\n<p>A noter que dans le cadre de ce de\u0301placement a\u0300 Nairobi, le Pre\u0301sident de la Re\u0301publique, Pre\u0301sident en exercice de l\u2019IGAD, aura une se\u0301rie d\u2019entretiens et de rencontres avec les Chefs d\u2019Etat et de Gouvernement pre\u0301sents comme lui a\u0300 Nairobi, notamment avec le Pre\u0301sident ho\u0302te, M. William Ruto.<\/p>\n<p>Arrive\u0301 ce mardi, en fin de matine\u0301e, a\u0300 Nairobi, le Pre\u0301sident djiboutien a e\u0301te\u0301 accueilli a\u0300 sa descente d\u2019avion, a\u0300 l\u2019Ae\u0301roport International Jomo Kenyatta de Nairobi par une importante de\u0301le\u0301gation d\u2019officiels kenyans de haut rang dont, le Ministre des Affaires e\u0301trange\u0300res, M. Alfred Mutua, et le Ministre de la De\u0301fense, M. Aden Doualeh.<\/p>\n<p>Le Pre\u0301sident de la Re\u0301publique, M. Ismail Omar Guelleh, participe ce mardi a\u0300 Nairobi, au Kenya, au sommet visant a\u0300 offrir aux pays d\u2019Afrique une plateforme d\u2019e\u0301change d\u2019expertises sur la re\u0301solution des proble\u0301matiques lie\u0301es au phe\u0301nome\u0300ne de changement climatique et une tribune privile\u0301gie\u0301e pour aiguiser les termes d\u2019une plaidoirie colle\u0301giale dans l\u2019acce\u0300s aux financements consentis sur le principe de la solidarite\u0301 internationale face aux difficulte\u0301s pose\u0301es par le climat.<\/p>\n<p>La participation du Pre\u0301sident Guelleh a\u0300 cet e\u0301ve\u0300nement s\u2019est principalement ope\u0301re\u0301e sous la forme d\u2019une allocution qu\u2019il fit a\u0300 la tribune de ce sommet auquel, outre une vingtaine de Chefs d\u2019Etat et de Gouvernement issus d\u2019Afrique, le Secre\u0301taire Ge\u0301ne\u0301ral de l\u2019Organisation des Nations unies, le Pre\u0301sident de la Commission de l\u2019Union africaine ainsi que de de\u0301le\u0301gations d\u2019e\u0301minents scientifiques et de spe\u0301cialistes de renomme\u0301e mondiale en matie\u0300re des questions lie\u0301es au Climat et a\u0300 l\u2019Environnement, ont pris part.<\/p>\n<p>Dans son intervention, le Pre\u0301sident djiboutien a de\u0301die\u0301 l\u2019essentiel de son propos a\u0300 l\u2019illustration de la vocation e\u0301tablie de l\u2019Economie bleue, le de\u0301veloppement tire\u0301 a\u0300 partir d\u2019activite\u0301s lie\u0301es aux Mers et aux Oce\u0301ans, a\u0300 servir de canal de re\u0301mission et de cre\u0301neau viable d\u2019exploitation pour pallier aux de\u0301ficiences e\u0301conomiques ne\u0301es au prolongement des dysfonctionnements ge\u0301ne\u0301re\u0301s par le phe\u0301nome\u0300ne de re\u0301chauffement climatique.<\/p>\n<p>Dans sa plaidoirie en faveur d\u2019un recours plus syste\u0301matique des pays d\u2019Afrique a\u0300 l\u2019e\u0301conomie bleue, le Chef de l\u2019Etat djiboutien a d\u2019emble\u0301e souligne\u0301 combien ce secteur d\u2019activite\u0301s sert de recoupement a\u0300 une pluralite\u0301 de me\u0301tiers et de secteurs d\u2019activite\u0301s e\u0301conomiques.<\/p>\n<p>\u00ab Les activite\u0301s portuaires et maritimes, la pe\u0302che, l\u2019aquaculture, le tourisme, la se\u0301curite\u0301 maritime, les technologies de pointe telles que les e\u0301nergies renouvelables et les te\u0301le\u0301communications a\u0300 travers les ca\u0302bles sous-marins \u00bb, inte\u0300grent, entre autres, le champ d\u2019action, de prestations et de professions relevant de l\u2019e\u0301conomie bleue, a souligne\u0301 le Pre\u0301sident Ismail Omar Guelleh.<\/p>\n<p>Qui s\u2019est ensuite livre\u0301 au re\u0301cit du succe\u0300s caracte\u0301risant, dans notre pays, l\u2019e\u0301conomie bleue.<\/p>\n<p>\u00ab Mon pays e\u0301tant un pays de\u0301sertique, se\u0301ve\u0300rement impacte\u0301 par le changement climatique ces dernie\u0300res anne\u0301es, l\u2019e\u0301conomie bleue, s\u2019est depuis longtemps naturellement impose\u0301 a\u0300 nous. C\u2019est pourquoi le secteur primaire ne repre\u0301sente que 3% du PIB alors que le secteur tertiaire occupe 87% du PIB gra\u0302ce aux activite\u0301s portuaires, maritimes et logistiques. \u00bb, a indique\u0301 le Pre\u0301sident Guelleh.<\/p>\n<p>Il mit e\u0301galement en lumie\u0300re combien l\u2019exploitation de l\u2019e\u0301conomie bleue trouve un terreau propice a\u0300 Djibouti avec \u00ab notre position ge\u0301ostrate\u0301gique&#8230;, un atout tre\u0300s important dans le secteur portuaire et du trafic maritime international. \u00bb<\/p>\n<p>Insigne marque de recette e\u0301tendue a\u0300 tous les domaines d\u2019actions dans notre pays, l\u2019e\u0301conomie bleue et ses variantes distinctes ne sont pas mobilise\u0301es uniquement a\u0300 Djibouti pour ge\u0301ne\u0301rer des richesses. Elles concourent aussi dans la re\u0301gulation de the\u0301matiques cruciales, a fait observer le Pre\u0301sident Guelleh, citant le triomphe signe\u0301 a\u0300 Djibouti \u00ab contre le spectre de la soif&#8230; a\u0300 travers la re\u0301alisation d\u2019une usine de dessalement de l\u2019eau de mer \u00bb.<\/p>\n<p>L\u2019e\u0301conomie bleue a valeur aujourd\u2019hui d\u2019instance phare de de\u0301finition a\u0300 l\u2019ensemble des secteurs de de\u0301veloppement de notre pays, a re\u0301ve\u0301le\u0301 le Pre\u0301sident Guelleh.<\/p>\n<p>Sa pre\u0301e\u0301minence est de\u0301cline\u0301e a\u0300 travers l\u2019e\u0301laboration intervenue \u00ab au cours de l\u2019anne\u0301e 2023&#8230;, d\u2019une Strate\u0301gie Nationale pour l\u2019e\u0301conomie bleue dont la vision nationale et les principes directeurs guideront l\u2019action du Gouvernement, de ses partenaires et de la socie\u0301te\u0301 civile dans les domaines maritimes et co\u0302tiers \u00bb, a pre\u0301cise\u0301 le Chef de l\u2019Etat, se re\u0301jouissant que l\u2019IGAD, notre Organisation re\u0301gionale dont il occupe la Pre\u0301sidence annuelle tournante depuis juin dernier conce\u0300de une e\u0301gale primaute\u0301 a\u0300 la notion d\u2019e\u0301conomie bleue.<\/p>\n<p>\u00ab La vision de la strate\u0301gie de l\u2019IGAD pour l\u2019e\u0301conomie bleue est une e\u0301conomie inclusive et durable qui pourra contribuer de manie\u0300re significative a\u0300 la transformation de la Corne de l\u2019Afrique \u00bb, a, a\u0300 ce propos, de\u0301clare\u0301 en substance le Pre\u0301sident Ismail Omar Guellleh.<\/p>\n<p>Dans son allocution, le Chef de l\u2019Etat, Pre\u0301sident en exercice de l\u2019IGAD, a re\u0301cuse\u0301 l\u2019assimilation de l\u2019e\u0301conomie bleue comme une recette programme\u0301e a\u0300 connaitre son succe\u0300s uniquement a\u0300 Djibouti et dans les pays de l\u2019IGAD.<\/p>\n<p>Selon lui, \u00ab les Oce\u0301ans \u00bb qui font partie inte\u0301grante de l\u2019e\u0301conomie bleue \u00ab transcendent les Etats. Ils nous connectent les uns aux autres \u00bb et, confe\u0300rent une matrice inclusive de collaboration e\u0301conomique a\u0300 l\u2019ensemble de la Communaute\u0301 internationale, assigne\u0301e toutefois a\u0300 appre\u0301hender l\u2019exploitation de ce cre\u0301neau a\u0300 travers une strate\u0301gie reposant sur un triptyque qu\u2019est : \u00ab le renforcement de la croissance e\u0301conomique des activite\u0301s maritimes traditionnelles et e\u0301mergentes, la sauvegarde des ressources naturelles et des services e\u0301cosyste\u0301miques et la cre\u0301ation d\u2019emplois durables et la pre\u0301servation des moyens de subsistance \u00bb.<\/p>\n<p>Dans son e\u0301lan, le Pre\u0301sident djiboutien fit e\u0301galement e\u0301tat de sa conviction selon laquelle la re\u0301alisation d\u2019une exploitation efficiente de l\u2019e\u0301conomie bleue est allie\u0301e a\u0300 la capacite\u0301 des socie\u0301te\u0301s du monde a\u0300 souscrire, entre autres, a\u0300 un processus \u00ab d\u2019action de lutte contre les ine\u0301galite\u0301s et les pratiques ne\u0301fastes qui entachent la gouvernance des Oce\u0301ans, la pe\u0302che ille\u0301gale, la pe\u0302che industrielle commerciale illimite\u0301e et non durable, le de\u0301versement ille\u0301gal de de\u0301chets toxiques \u00bb.<\/p>\n<p>Elle est allie\u0301e e\u0301galement, a-t-il soutenu, a\u0300 la capacite\u0301 des nations a\u0300 se conformer a\u0300 une plus grande solidarite\u0301 financie\u0300re internationale, notamment a\u0300 une perspective telle que, les \u00ab partenaires de\u0301veloppe\u0301s \u00bb respectent davantage \u00ab leurs engagements car le de\u0301veloppement de l\u2019e\u0301conomie bleue s\u2019inscrit parfaitement dans cet esprit de durabilite\u0301 et de re\u0301silience pro\u0302ne\u0301 par l\u2019Agenda 2030 des Nations unies \u00bb.<\/p>\n<p>A noter que dans le cadre de ce de\u0301placement a\u0300 Nairobi, le Pre\u0301sident de la Re\u0301publique, Pre\u0301sident en exercice de l\u2019IGAD, aura une se\u0301rie d\u2019entretiens et de rencontres avec les Chefs d\u2019Etat et de Gouvernement pre\u0301sents comme lui a\u0300 Nairobi, notamment avec le Pre\u0301sident ho\u0302te, M. William Ruto.<\/p>\n<p>Arrive\u0301 ce mardi, en fin de matine\u0301e, a\u0300 Nairobi, le Pre\u0301sident djiboutien a e\u0301te\u0301 accueilli a\u0300 sa descente d\u2019avion, a\u0300 l\u2019Ae\u0301roport International Jomo Kenyatta de Nairobi par une importante de\u0301le\u0301gation d\u2019officiels kenyans de haut rang dont, le Ministre des Affaires e\u0301trange\u0300res, M. Alfred Mutua, et le Ministre de la De\u0301fense, M. Aden Doualeh.<\/p>\n<p><strong>Pour plus d&rsquo;informations et d&rsquo;analyses sur la <a href=\"https:\/\/www.africa-press.net\/djibouti\">Djibouti<\/a>, suivez <a href=\"https:\/\/www.africa-press.net\/\">Africa-Press<\/a><\/strong><\/p>\n","protected":false},"excerpt":{"rendered":"<p>Africa-Press &#8211; Djibouti. Le Pre\u0301sident de la Re\u0301publique, M. Ismail Omar Guelleh, participe ce mardi a\u0300 Nairobi, au Kenya, au sommet visant a\u0300 offrir aux pays d\u2019Afrique une plateforme d\u2019e\u0301change d\u2019expertises sur la re\u0301solution des proble\u0301matiques lie\u0301es au phe\u0301nome\u0300ne de changement climatique et une tribune privile\u0301gie\u0301e pour aiguiser les termes d\u2019une plaidoirie colle\u0301giale dans l\u2019acce\u0300s [&hellip;]<\/p>\n","protected":false},"author":82,"featured_media":17499,"comment_status":"open","ping_status":"closed","sticky":false,"template":"","format":"standard","meta":{"footnotes":""},"categories":[2,20,10],"tags":[36,49,50],"class_list":["post-17500","post","type-post","status-publish","format-standard","has-post-thumbnail","hentry","category-politique","category-top-nouvelles","category-toutes-les-actualites","tag-africa-press","tag-africa-press-djibouti","tag-djibouti"],"yoast_head":"<!-- This site is optimized with the Yoast SEO Premium plugin v26.1 (Yoast SEO v27.0) - https:\/\/yoast.com\/product\/yoast-seo-premium-wordpress\/ -->\n<title>Le Pr\u00e9sident Guelleh, Pr\u00e9sident de l\u2019IGAD, plaide en faveur de l\u2019\u00e9conomie bleue au sommet africain du Climat - Djibouti<\/title>\n<meta name=\"description\" content=\"Le Pre\u0301sident de la Re\u0301publique, M. Ismail Omar Guelleh, participe ce mardi a\u0300 Nairobi, au Kenya, au sommet visant a\u0300 of ...\" \/>\n<meta name=\"robots\" content=\"index, follow, max-snippet:-1, max-image-preview:large, max-video-preview:-1\" \/>\n<link rel=\"canonical\" href=\"https:\/\/www.africa-press.net\/djibouti\/politique\/le-president-guelleh-president-de-ligad-plaide-en-faveur-de-leconomie-bleue-au-sommet-africain-du-climat\" \/>\n<meta property=\"og:locale\" content=\"fr_FR\" \/>\n<meta property=\"og:type\" content=\"article\" \/>\n<meta property=\"og:title\" content=\"Le Pr\u00e9sident Guelleh, Pr\u00e9sident de l\u2019IGAD, plaide en faveur de l\u2019\u00e9conomie bleue au sommet africain du Climat\" \/>\n<meta property=\"og:description\" content=\"Le Pre\u0301sident de la Re\u0301publique, M. Ismail Omar Guelleh, participe ce mardi a\u0300 Nairobi, au Kenya, au sommet visant a\u0300 of ...\" \/>\n<meta property=\"og:url\" content=\"https:\/\/www.africa-press.net\/djibouti\/politique\/le-president-guelleh-president-de-ligad-plaide-en-faveur-de-leconomie-bleue-au-sommet-africain-du-climat\" \/>\n<meta property=\"og:site_name\" content=\"Djibouti\" \/>\n<meta property=\"article:published_time\" content=\"2023-09-06T13:46:56+00:00\" \/>\n<meta property=\"article:modified_time\" content=\"2023-09-06T14:49:22+00:00\" \/>\n<meta property=\"og:image\" content=\"https:\/\/static.africa-press.net\/djibouti\/sites\/52\/2023\/09\/sm_1693999073.427691.jpg\" \/>\n\t<meta property=\"og:image:width\" content=\"1080\" \/>\n\t<meta property=\"og:image:height\" content=\"720\" \/>\n\t<meta property=\"og:image:type\" content=\"image\/jpeg\" \/>\n<meta name=\"author\" content=\"cfeditorfr\" \/>\n<meta name=\"twitter:card\" content=\"summary_large_image\" \/>\n<meta name=\"twitter:label1\" content=\"\u00c9crit par\" \/>\n\t<meta name=\"twitter:data1\" content=\"cfeditorfr\" \/>\n\t<meta name=\"twitter:label2\" content=\"Dur\u00e9e de lecture estim\u00e9e\" \/>\n\t<meta name=\"twitter:data2\" content=\"10 minutes\" \/>\n<script type=\"application\/ld+json\" class=\"yoast-schema-graph\">{\"@context\":\"https:\/\/schema.org\",\"@graph\":[{\"@type\":\"Article\",\"@id\":\"https:\/\/www.africa-press.net\/djibouti\/politique\/le-president-guelleh-president-de-ligad-plaide-en-faveur-de-leconomie-bleue-au-sommet-africain-du-climat#article\",\"isPartOf\":{\"@id\":\"https:\/\/www.africa-press.net\/djibouti\/politique\/le-president-guelleh-president-de-ligad-plaide-en-faveur-de-leconomie-bleue-au-sommet-africain-du-climat\"},\"author\":{\"name\":\"cfeditorfr\",\"@id\":\"https:\/\/www.africa-press.net\/djibouti\/#\/schema\/person\/2b1cf3cd81a31e3cd26889ca66d677f1\"},\"headline\":\"Le Pr\u00e9sident Guelleh, Pr\u00e9sident de l\u2019IGAD, plaide en faveur de l\u2019\u00e9conomie bleue au sommet africain du Climat\",\"datePublished\":\"2023-09-06T13:46:56+00:00\",\"dateModified\":\"2023-09-06T14:49:22+00:00\",\"mainEntityOfPage\":{\"@id\":\"https:\/\/www.africa-press.net\/djibouti\/politique\/le-president-guelleh-president-de-ligad-plaide-en-faveur-de-leconomie-bleue-au-sommet-africain-du-climat\"},\"wordCount\":2488,\"commentCount\":0,\"image\":{\"@id\":\"https:\/\/www.africa-press.net\/djibouti\/politique\/le-president-guelleh-president-de-ligad-plaide-en-faveur-de-leconomie-bleue-au-sommet-africain-du-climat#primaryimage\"},\"thumbnailUrl\":\"https:\/\/static.africa-press.net\/djibouti\/sites\/52\/2023\/09\/sm_1693999073.427691.jpg\",\"keywords\":[\"Africa Press\",\"Africa Press-Djibouti\",\"Djibouti\"],\"articleSection\":[\"Politique\",\"Top Nouvelles\",\"Toutes les actualit\u00e9s\"],\"inLanguage\":\"fr-FR\",\"potentialAction\":[{\"@type\":\"CommentAction\",\"name\":\"Comment\",\"target\":[\"https:\/\/www.africa-press.net\/djibouti\/politique\/le-president-guelleh-president-de-ligad-plaide-en-faveur-de-leconomie-bleue-au-sommet-africain-du-climat#respond\"]}]},{\"@type\":\"WebPage\",\"@id\":\"https:\/\/www.africa-press.net\/djibouti\/politique\/le-president-guelleh-president-de-ligad-plaide-en-faveur-de-leconomie-bleue-au-sommet-africain-du-climat\",\"url\":\"https:\/\/www.africa-press.net\/djibouti\/politique\/le-president-guelleh-president-de-ligad-plaide-en-faveur-de-leconomie-bleue-au-sommet-africain-du-climat\",\"name\":\"Le Pr\u00e9sident Guelleh, Pr\u00e9sident de l\u2019IGAD, plaide en faveur de l\u2019\u00e9conomie bleue au sommet africain du Climat - Djibouti\",\"isPartOf\":{\"@id\":\"https:\/\/www.africa-press.net\/djibouti\/#website\"},\"primaryImageOfPage\":{\"@id\":\"https:\/\/www.africa-press.net\/djibouti\/politique\/le-president-guelleh-president-de-ligad-plaide-en-faveur-de-leconomie-bleue-au-sommet-africain-du-climat#primaryimage\"},\"image\":{\"@id\":\"https:\/\/www.africa-press.net\/djibouti\/politique\/le-president-guelleh-president-de-ligad-plaide-en-faveur-de-leconomie-bleue-au-sommet-africain-du-climat#primaryimage\"},\"thumbnailUrl\":\"https:\/\/static.africa-press.net\/djibouti\/sites\/52\/2023\/09\/sm_1693999073.427691.jpg\",\"datePublished\":\"2023-09-06T13:46:56+00:00\",\"dateModified\":\"2023-09-06T14:49:22+00:00\",\"author\":{\"@id\":\"https:\/\/www.africa-press.net\/djibouti\/#\/schema\/person\/2b1cf3cd81a31e3cd26889ca66d677f1\"},\"description\":\"Le Pre\u0301sident de la Re\u0301publique, M. Ismail Omar Guelleh, participe ce mardi a\u0300 Nairobi, au Kenya, au sommet visant a\u0300 of ...\",\"breadcrumb\":{\"@id\":\"https:\/\/www.africa-press.net\/djibouti\/politique\/le-president-guelleh-president-de-ligad-plaide-en-faveur-de-leconomie-bleue-au-sommet-africain-du-climat#breadcrumb\"},\"inLanguage\":\"fr-FR\",\"potentialAction\":[{\"@type\":\"ReadAction\",\"target\":[\"https:\/\/www.africa-press.net\/djibouti\/politique\/le-president-guelleh-president-de-ligad-plaide-en-faveur-de-leconomie-bleue-au-sommet-africain-du-climat\"]}]},{\"@type\":\"ImageObject\",\"inLanguage\":\"fr-FR\",\"@id\":\"https:\/\/www.africa-press.net\/djibouti\/politique\/le-president-guelleh-president-de-ligad-plaide-en-faveur-de-leconomie-bleue-au-sommet-africain-du-climat#primaryimage\",\"url\":\"https:\/\/static.africa-press.net\/djibouti\/sites\/52\/2023\/09\/sm_1693999073.427691.jpg\",\"contentUrl\":\"https:\/\/static.africa-press.net\/djibouti\/sites\/52\/2023\/09\/sm_1693999073.427691.jpg\",\"width\":1080,\"height\":720,\"caption\":\"Le Pr\u00e9sident Guelleh, Pr\u00e9sident de l\u2019IGAD, plaide en faveur de l\u2019\u00e9conomie bleue au sommet africain du Climat\"},{\"@type\":\"BreadcrumbList\",\"@id\":\"https:\/\/www.africa-press.net\/djibouti\/politique\/le-president-guelleh-president-de-ligad-plaide-en-faveur-de-leconomie-bleue-au-sommet-africain-du-climat#breadcrumb\",\"itemListElement\":[{\"@type\":\"ListItem\",\"position\":1,\"name\":\"Accueil\",\"item\":\"https:\/\/www.africa-press.net\/djibouti\/\"},{\"@type\":\"ListItem\",\"position\":2,\"name\":\"Le Pr\u00e9sident Guelleh, Pr\u00e9sident de l\u2019IGAD, plaide en faveur de l\u2019\u00e9conomie bleue au sommet africain du Climat\"}]},{\"@type\":\"WebSite\",\"@id\":\"https:\/\/www.africa-press.net\/djibouti\/#website\",\"url\":\"https:\/\/www.africa-press.net\/djibouti\/\",\"name\":\"Djibouti\",\"description\":\"Just another Africa News Agency Sites site\",\"potentialAction\":[{\"@type\":\"SearchAction\",\"target\":{\"@type\":\"EntryPoint\",\"urlTemplate\":\"https:\/\/www.africa-press.net\/djibouti\/?s={search_term_string}\"},\"query-input\":{\"@type\":\"PropertyValueSpecification\",\"valueRequired\":true,\"valueName\":\"search_term_string\"}}],\"inLanguage\":\"fr-FR\"},{\"@type\":\"Person\",\"@id\":\"https:\/\/www.africa-press.net\/djibouti\/#\/schema\/person\/2b1cf3cd81a31e3cd26889ca66d677f1\",\"name\":\"cfeditorfr\"}]}<\/script>\n<!-- \/ Yoast SEO Premium plugin. -->","yoast_head_json":{"title":"Le Pr\u00e9sident Guelleh, Pr\u00e9sident de l\u2019IGAD, plaide en faveur de l\u2019\u00e9conomie bleue au sommet africain du Climat - Djibouti","description":"Le Pre\u0301sident de la Re\u0301publique, M. Ismail Omar Guelleh, participe ce mardi a\u0300 Nairobi, au Kenya, au sommet visant a\u0300 of ...","robots":{"index":"index","follow":"follow","max-snippet":"max-snippet:-1","max-image-preview":"max-image-preview:large","max-video-preview":"max-video-preview:-1"},"canonical":"https:\/\/www.africa-press.net\/djibouti\/politique\/le-president-guelleh-president-de-ligad-plaide-en-faveur-de-leconomie-bleue-au-sommet-africain-du-climat","og_locale":"fr_FR","og_type":"article","og_title":"Le Pr\u00e9sident Guelleh, Pr\u00e9sident de l\u2019IGAD, plaide en faveur de l\u2019\u00e9conomie bleue au sommet africain du Climat","og_description":"Le Pre\u0301sident de la Re\u0301publique, M. Ismail Omar Guelleh, participe ce mardi a\u0300 Nairobi, au Kenya, au sommet visant a\u0300 of ...","og_url":"https:\/\/www.africa-press.net\/djibouti\/politique\/le-president-guelleh-president-de-ligad-plaide-en-faveur-de-leconomie-bleue-au-sommet-africain-du-climat","og_site_name":"Djibouti","article_published_time":"2023-09-06T13:46:56+00:00","article_modified_time":"2023-09-06T14:49:22+00:00","og_image":[{"width":1080,"height":720,"url":"https:\/\/static.africa-press.net\/djibouti\/sites\/52\/2023\/09\/sm_1693999073.427691.jpg","type":"image\/jpeg"}],"author":"cfeditorfr","twitter_card":"summary_large_image","twitter_misc":{"\u00c9crit par":"cfeditorfr","Dur\u00e9e de lecture estim\u00e9e":"10 minutes"},"schema":{"@context":"https:\/\/schema.org","@graph":[{"@type":"Article","@id":"https:\/\/www.africa-press.net\/djibouti\/politique\/le-president-guelleh-president-de-ligad-plaide-en-faveur-de-leconomie-bleue-au-sommet-africain-du-climat#article","isPartOf":{"@id":"https:\/\/www.africa-press.net\/djibouti\/politique\/le-president-guelleh-president-de-ligad-plaide-en-faveur-de-leconomie-bleue-au-sommet-africain-du-climat"},"author":{"name":"cfeditorfr","@id":"https:\/\/www.africa-press.net\/djibouti\/#\/schema\/person\/2b1cf3cd81a31e3cd26889ca66d677f1"},"headline":"Le Pr\u00e9sident Guelleh, Pr\u00e9sident de l\u2019IGAD, plaide en faveur de l\u2019\u00e9conomie bleue au sommet africain du Climat","datePublished":"2023-09-06T13:46:56+00:00","dateModified":"2023-09-06T14:49:22+00:00","mainEntityOfPage":{"@id":"https:\/\/www.africa-press.net\/djibouti\/politique\/le-president-guelleh-president-de-ligad-plaide-en-faveur-de-leconomie-bleue-au-sommet-africain-du-climat"},"wordCount":2488,"commentCount":0,"image":{"@id":"https:\/\/www.africa-press.net\/djibouti\/politique\/le-president-guelleh-president-de-ligad-plaide-en-faveur-de-leconomie-bleue-au-sommet-africain-du-climat#primaryimage"},"thumbnailUrl":"https:\/\/static.africa-press.net\/djibouti\/sites\/52\/2023\/09\/sm_1693999073.427691.jpg","keywords":["Africa Press","Africa Press-Djibouti","Djibouti"],"articleSection":["Politique","Top Nouvelles","Toutes les actualit\u00e9s"],"inLanguage":"fr-FR","potentialAction":[{"@type":"CommentAction","name":"Comment","target":["https:\/\/www.africa-press.net\/djibouti\/politique\/le-president-guelleh-president-de-ligad-plaide-en-faveur-de-leconomie-bleue-au-sommet-africain-du-climat#respond"]}]},{"@type":"WebPage","@id":"https:\/\/www.africa-press.net\/djibouti\/politique\/le-president-guelleh-president-de-ligad-plaide-en-faveur-de-leconomie-bleue-au-sommet-africain-du-climat","url":"https:\/\/www.africa-press.net\/djibouti\/politique\/le-president-guelleh-president-de-ligad-plaide-en-faveur-de-leconomie-bleue-au-sommet-africain-du-climat","name":"Le Pr\u00e9sident Guelleh, Pr\u00e9sident de l\u2019IGAD, plaide en faveur de l\u2019\u00e9conomie bleue au sommet africain du Climat - Djibouti","isPartOf":{"@id":"https:\/\/www.africa-press.net\/djibouti\/#website"},"primaryImageOfPage":{"@id":"https:\/\/www.africa-press.net\/djibouti\/politique\/le-president-guelleh-president-de-ligad-plaide-en-faveur-de-leconomie-bleue-au-sommet-africain-du-climat#primaryimage"},"image":{"@id":"https:\/\/www.africa-press.net\/djibouti\/politique\/le-president-guelleh-president-de-ligad-plaide-en-faveur-de-leconomie-bleue-au-sommet-africain-du-climat#primaryimage"},"thumbnailUrl":"https:\/\/static.africa-press.net\/djibouti\/sites\/52\/2023\/09\/sm_1693999073.427691.jpg","datePublished":"2023-09-06T13:46:56+00:00","dateModified":"2023-09-06T14:49:22+00:00","author":{"@id":"https:\/\/www.africa-press.net\/djibouti\/#\/schema\/person\/2b1cf3cd81a31e3cd26889ca66d677f1"},"description":"Le Pre\u0301sident de la Re\u0301publique, M. Ismail Omar Guelleh, participe ce mardi a\u0300 Nairobi, au Kenya, au sommet visant a\u0300 of ...","breadcrumb":{"@id":"https:\/\/www.africa-press.net\/djibouti\/politique\/le-president-guelleh-president-de-ligad-plaide-en-faveur-de-leconomie-bleue-au-sommet-africain-du-climat#breadcrumb"},"inLanguage":"fr-FR","potentialAction":[{"@type":"ReadAction","target":["https:\/\/www.africa-press.net\/djibouti\/politique\/le-president-guelleh-president-de-ligad-plaide-en-faveur-de-leconomie-bleue-au-sommet-africain-du-climat"]}]},{"@type":"ImageObject","inLanguage":"fr-FR","@id":"https:\/\/www.africa-press.net\/djibouti\/politique\/le-president-guelleh-president-de-ligad-plaide-en-faveur-de-leconomie-bleue-au-sommet-africain-du-climat#primaryimage","url":"https:\/\/static.africa-press.net\/djibouti\/sites\/52\/2023\/09\/sm_1693999073.427691.jpg","contentUrl":"https:\/\/static.africa-press.net\/djibouti\/sites\/52\/2023\/09\/sm_1693999073.427691.jpg","width":1080,"height":720,"caption":"Le Pr\u00e9sident Guelleh, Pr\u00e9sident de l\u2019IGAD, plaide en faveur de l\u2019\u00e9conomie bleue au sommet africain du Climat"},{"@type":"BreadcrumbList","@id":"https:\/\/www.africa-press.net\/djibouti\/politique\/le-president-guelleh-president-de-ligad-plaide-en-faveur-de-leconomie-bleue-au-sommet-africain-du-climat#breadcrumb","itemListElement":[{"@type":"ListItem","position":1,"name":"Accueil","item":"https:\/\/www.africa-press.net\/djibouti\/"},{"@type":"ListItem","position":2,"name":"Le Pr\u00e9sident Guelleh, Pr\u00e9sident de l\u2019IGAD, plaide en faveur de l\u2019\u00e9conomie bleue au sommet africain du Climat"}]},{"@type":"WebSite","@id":"https:\/\/www.africa-press.net\/djibouti\/#website","url":"https:\/\/www.africa-press.net\/djibouti\/","name":"Djibouti","description":"Just another Africa News Agency Sites site","potentialAction":[{"@type":"SearchAction","target":{"@type":"EntryPoint","urlTemplate":"https:\/\/www.africa-press.net\/djibouti\/?s={search_term_string}"},"query-input":{"@type":"PropertyValueSpecification","valueRequired":true,"valueName":"search_term_string"}}],"inLanguage":"fr-FR"},{"@type":"Person","@id":"https:\/\/www.africa-press.net\/djibouti\/#\/schema\/person\/2b1cf3cd81a31e3cd26889ca66d677f1","name":"cfeditorfr"}]}},"_links":{"self":[{"href":"https:\/\/www.africa-press.net\/djibouti\/wp-json\/wp\/v2\/posts\/17500","targetHints":{"allow":["GET"]}}],"collection":[{"href":"https:\/\/www.africa-press.net\/djibouti\/wp-json\/wp\/v2\/posts"}],"about":[{"href":"https:\/\/www.africa-press.net\/djibouti\/wp-json\/wp\/v2\/types\/post"}],"author":[{"embeddable":true,"href":"https:\/\/www.africa-press.net\/djibouti\/wp-json\/wp\/v2\/users\/82"}],"replies":[{"embeddable":true,"href":"https:\/\/www.africa-press.net\/djibouti\/wp-json\/wp\/v2\/comments?post=17500"}],"version-history":[{"count":0,"href":"https:\/\/www.africa-press.net\/djibouti\/wp-json\/wp\/v2\/posts\/17500\/revisions"}],"wp:featuredmedia":[{"embeddable":true,"href":"https:\/\/www.africa-press.net\/djibouti\/wp-json\/wp\/v2\/media\/17499"}],"wp:attachment":[{"href":"https:\/\/www.africa-press.net\/djibouti\/wp-json\/wp\/v2\/media?parent=17500"}],"wp:term":[{"taxonomy":"category","embeddable":true,"href":"https:\/\/www.africa-press.net\/djibouti\/wp-json\/wp\/v2\/categories?post=17500"},{"taxonomy":"post_tag","embeddable":true,"href":"https:\/\/www.africa-press.net\/djibouti\/wp-json\/wp\/v2\/tags?post=17500"}],"curies":[{"name":"wp","href":"https:\/\/api.w.org\/{rel}","templated":true}]}}