{"id":17511,"date":"2023-09-06T13:51:24","date_gmt":"2023-09-06T13:51:24","guid":{"rendered":"https:\/\/www.africa-press.net\/djibouti\/politique\/2eme-reunion-sur-lacceleration-de-limplantation-darbres-a-djibouti-un-engagement-fort-du-gouvernement-pour-la-protection-de-lenvironement"},"modified":"2023-09-06T14:50:17","modified_gmt":"2023-09-06T14:50:17","slug":"2eme-reunion-sur-lacceleration-de-limplantation-darbres-a-djibouti-un-engagement-fort-du-gouvernement-pour-la-protection-de-lenvironement","status":"publish","type":"post","link":"https:\/\/www.africa-press.net\/djibouti\/photo\/2eme-reunion-sur-lacceleration-de-limplantation-darbres-a-djibouti-un-engagement-fort-du-gouvernement-pour-la-protection-de-lenvironement","title":{"rendered":"2\u00e8me r\u00e9union sur l\u2019acc\u00e9l\u00e9ration de l\u2019implantation d\u2019arbres \u00e0 Djibouti : Un engagement fort du gouvernement pour la protection de l\u2019environement"},"content":{"rendered":"<p><span style=\"color: #ff6600\"><strong>Africa-Press &#8211; Djibouti. <\/strong><\/span>Sous la pre\u0301sidence du Premier ministre AbdoulkaderKamil Mohamed, et en pre\u0301sence de hauts responsables gouvernementaux, s\u2019est tenue la deuxie\u0300me re\u0301union strate\u0301gique au sein de la salle de re\u0301union de la primature. Cette re\u0301union a e\u0301te\u0301 marque\u0301e par la participation du ministre de l\u2019Inte\u0301rieur, de la ministre des Logements et de la Ville, du ministre de l\u2019Agriculture, du ministre de\u0301le\u0301gue\u0301 a\u0300 la De\u0301centralisation, du maire de la ville de Djibouti, des pre\u0301sidents des Conseils Re\u0301gionaux, des pre\u0301sidents de Commune, ainsi que du Directeur Ge\u0301ne\u0301ral de la Radio-Te\u0301le\u0301vision Djiboutienne (RTD).<\/p>\n<p>Le point central de cette re\u0301union a e\u0301te\u0301 le processus d\u2019acce\u0301le\u0301ration de l\u2019implantation d\u2019arbres dans la ville de Djibouti et les re\u0301gions de l\u2019inte\u0301rieur. Le Premier Ministre a pris la parole pour faire un bilan des avance\u0301es enregistre\u0301es jusqu\u2019a\u0300 pre\u0301sent, mettant en avant les re\u0301alisations majeures accomplies dans le cadre de ce projet environnemental crucial pour la nation. Le Premier Ministre a re\u0301affirme\u0301 sa ferme volonte\u0301 de superviser de pre\u0300s le projet d\u2019implantation d\u2019arbres et a souligne\u0301 l\u2019importance de cette initiative dans la re\u0301alisation de la vision environnementale du chef de l\u2019E\u0301tat. Il a rappele\u0301 que la protection de l\u2019environnement et la promotion de la durabilite\u0301 e\u0301taient des priorite\u0301s essentielles pour le gouvernement de Djibouti. Lors de la re\u0301union, la sensibilisation du public a\u0300 l\u2019importance de la plantation d\u2019arbres et de la pre\u0301servation de l\u2019environnement a e\u0301te\u0301 au c\u0153ur des e\u0301changes. Les participants ont discute\u0301 de l\u2019e\u0301laboration d\u2019une strate\u0301gie de sensibilisation efficace qui implique l\u2019ensemble de la socie\u0301te\u0301, des e\u0301coles aux entreprises, en passant par les me\u0301dias et les organisations de la socie\u0301te\u0301 civile.<\/p>\n<p>Un chronogramme d\u2019activite\u0301s a e\u0301galement e\u0301te\u0301 e\u0301voque\u0301 pour mettre en \u0153uvre cette strate\u0301gie de sensibilisation, qui comprendra des campagnes e\u0301ducatives, des ateliers de plantation d\u2019arbres et des e\u0301ve\u0301nements communautaires.<\/p>\n<p>Cette deuxie\u0300me re\u0301union marque un pas significatif dans l\u2019effort continu du gouvernement de Djibouti pour lutter contre les de\u0301fis environnementaux et acce\u0301le\u0301rer l\u2019implantation d\u2019arbres dans tout le pays. Le gouvernement s\u2019engage a\u0300 faire de Djibouti un exemple de durabilite\u0301 environnementale et compte sur l\u2019implication de tous les citoyens pour atteindre cet objectif commun.<\/p>\n\r\n                <style type=\"text\/css\">\r\n                    \r\n                    #td_uid_1_69eff3cb3cb17  .td-doubleSlider-2 .td-item1 {\r\n                        background: url(https:\/\/static.africa-press.net\/djibouti\/sites\/52\/2023\/09\/sm_1693999138.75376-80x60.jpg) 0 0 no-repeat;\r\n                    }\r\n                    #td_uid_1_69eff3cb3cb17  .td-doubleSlider-2 .td-item2 {\r\n                        background: url(https:\/\/static.africa-press.net\/djibouti\/sites\/52\/2023\/09\/sm_1693999150.329211-80x60.jpg) 0 0 no-repeat;\r\n                    }\r\n                <\/style>\r\n\r\n                <div id=\"td_uid_1_69eff3cb3cb17\" class=\"td-gallery td-slide-on-2-columns\">\r\n                    <div class=\"post_td_gallery\">\r\n                        <div class=\"td-gallery-slide-top\">\r\n                           <div class=\"td-gallery-title\"><\/div>\r\n\r\n                            <div class=\"td-gallery-controls-wrapper\">\r\n                                <div class=\"td-gallery-slide-count\"><span class=\"td-gallery-slide-item-focus\">1<\/span> de 2<\/div>\r\n                                <div class=\"td-gallery-slide-prev-next-but\">\r\n                                    <i class = \"td-icon-left doubleSliderPrevButton\"><\/i>\r\n                                    <i class = \"td-icon-right doubleSliderNextButton\"><\/i>\r\n                                <\/div>\r\n                            <\/div>\r\n                        <\/div>\r\n\r\n                        <div class = \"td-doubleSlider-1 \">\r\n                            <div class = \"td-slider\">\r\n                                \r\n                    <div class = \"td-slide-item td-item1\">\r\n                        <figure class=\"td-slide-galery-figure td-slide-popup-gallery\">\r\n                            <a class=\"slide-gallery-image-link\" href=\"https:\/\/static.africa-press.net\/djibouti\/sites\/52\/2023\/09\/sm_1693999138.75376.jpg\" title=\"sm_1693999138.75376\"  data-caption=\"\"  data-description=\"\">\r\n                                <img decoding=\"async\" src=\"https:\/\/static.africa-press.net\/djibouti\/sites\/52\/2023\/09\/sm_1693999138.75376.jpg\" srcset=\"https:\/\/static.africa-press.net\/djibouti\/sites\/52\/2023\/09\/sm_1693999138.75376.jpg 1024w, https:\/\/static.africa-press.net\/djibouti\/sites\/52\/2023\/09\/sm_1693999138.75376-300x169.jpg 300w, https:\/\/static.africa-press.net\/djibouti\/sites\/52\/2023\/09\/sm_1693999138.75376-768x432.jpg 768w\" sizes=\"(max-width: 1024px) 100vw, 1024px\" alt=\"\">\r\n                            <\/a>\r\n                            \r\n                        <\/figure>\r\n                    <\/div>\r\n                    <div class = \"td-slide-item td-item2\">\r\n                        <figure class=\"td-slide-galery-figure td-slide-popup-gallery\">\r\n                            <a class=\"slide-gallery-image-link\" href=\"https:\/\/static.africa-press.net\/djibouti\/sites\/52\/2023\/09\/sm_1693999150.329211.jpg\" title=\"sm_1693999150.329211\"  data-caption=\"\"  data-description=\"\">\r\n                                <img decoding=\"async\" src=\"https:\/\/static.africa-press.net\/djibouti\/sites\/52\/2023\/09\/sm_1693999150.329211.jpg\" srcset=\"https:\/\/static.africa-press.net\/djibouti\/sites\/52\/2023\/09\/sm_1693999150.329211.jpg 1024w, https:\/\/static.africa-press.net\/djibouti\/sites\/52\/2023\/09\/sm_1693999150.329211-300x169.jpg 300w, https:\/\/static.africa-press.net\/djibouti\/sites\/52\/2023\/09\/sm_1693999150.329211-768x432.jpg 768w\" sizes=\"(max-width: 1024px) 100vw, 1024px\" alt=\"\">\r\n                            <\/a>\r\n                            \r\n                        <\/figure>\r\n                    <\/div>\r\n                            <\/div>\r\n                        <\/div>\r\n\r\n                        <div class = \"td-doubleSlider-2\">\r\n                            <div class = \"td-slider\">\r\n                                \r\n                    <div class = \"td-button td-item1\">\r\n                        <div class = \"td-border\"><\/div>\r\n                    <\/div>\r\n                    <div class = \"td-button td-item2\">\r\n                        <div class = \"td-border\"><\/div>\r\n                    <\/div>\r\n                            <\/div>\r\n                        <\/div>\r\n\r\n                    <\/div>\r\n\r\n                <\/div>\r\n                \n<p><strong>Pour plus d&rsquo;informations et d&rsquo;analyses sur la <a href=\"https:\/\/www.africa-press.net\/djibouti\">Djibouti<\/a>, suivez <a href=\"https:\/\/www.africa-press.net\/\">Africa-Press<\/a><\/strong><\/p>\n","protected":false},"excerpt":{"rendered":"<p>Africa-Press &#8211; Djibouti. Sous la pre\u0301sidence du Premier ministre AbdoulkaderKamil Mohamed, et en pre\u0301sence de hauts responsables gouvernementaux, s\u2019est tenue la deuxie\u0300me re\u0301union strate\u0301gique au sein de la salle de re\u0301union de la primature. Cette re\u0301union a e\u0301te\u0301 marque\u0301e par la participation du ministre de l\u2019Inte\u0301rieur, de la ministre des Logements et de la Ville, [&hellip;]<\/p>\n","protected":false},"author":82,"featured_media":17509,"comment_status":"open","ping_status":"closed","sticky":false,"template":"","format":"standard","meta":{"footnotes":""},"categories":[21,8,20,10],"tags":[36,49,50],"class_list":["post-17511","post","type-post","status-publish","format-standard","has-post-thumbnail","hentry","category-communaute","category-photo","category-top-nouvelles","category-toutes-les-actualites","tag-africa-press","tag-africa-press-djibouti","tag-djibouti"],"yoast_head":"<!-- This site is optimized with the Yoast SEO Premium plugin v26.1 (Yoast SEO v27.0) - https:\/\/yoast.com\/product\/yoast-seo-premium-wordpress\/ -->\n<title>2\u00e8me r\u00e9union sur l\u2019acc\u00e9l\u00e9ration de l\u2019implantation d\u2019arbres \u00e0 Djibouti : Un engagement fort du gouvernement pour la protection de l\u2019environement - Djibouti<\/title>\n<meta name=\"description\" content=\"Sous la pre\u0301sidence du Premier ministre AbdoulkaderKamil Mohamed, et en pre\u0301sence de hauts responsables gouvernementaux, ...\" \/>\n<meta name=\"robots\" content=\"index, follow, max-snippet:-1, max-image-preview:large, max-video-preview:-1\" \/>\n<link rel=\"canonical\" href=\"https:\/\/www.africa-press.net\/djibouti\/photo\/2eme-reunion-sur-lacceleration-de-limplantation-darbres-a-djibouti-un-engagement-fort-du-gouvernement-pour-la-protection-de-lenvironement\" \/>\n<meta property=\"og:locale\" content=\"fr_FR\" \/>\n<meta property=\"og:type\" content=\"article\" \/>\n<meta property=\"og:title\" content=\"2\u00e8me r\u00e9union sur l\u2019acc\u00e9l\u00e9ration de l\u2019implantation d\u2019arbres \u00e0 Djibouti : Un engagement fort du gouvernement pour la protection de l\u2019environement\" \/>\n<meta property=\"og:description\" content=\"Sous la pre\u0301sidence du Premier ministre AbdoulkaderKamil Mohamed, et en pre\u0301sence de hauts responsables gouvernementaux, ...\" \/>\n<meta property=\"og:url\" content=\"https:\/\/www.africa-press.net\/djibouti\/photo\/2eme-reunion-sur-lacceleration-de-limplantation-darbres-a-djibouti-un-engagement-fort-du-gouvernement-pour-la-protection-de-lenvironement\" \/>\n<meta property=\"og:site_name\" content=\"Djibouti\" \/>\n<meta property=\"article:published_time\" content=\"2023-09-06T13:51:24+00:00\" \/>\n<meta property=\"article:modified_time\" content=\"2023-09-06T14:50:17+00:00\" \/>\n<meta property=\"og:image\" content=\"https:\/\/static.africa-press.net\/djibouti\/sites\/52\/2023\/09\/sm_1693999163.091726.jpg\" \/>\n\t<meta property=\"og:image:width\" content=\"720\" \/>\n\t<meta property=\"og:image:height\" content=\"405\" \/>\n\t<meta property=\"og:image:type\" content=\"image\/jpeg\" \/>\n<meta name=\"author\" content=\"cfeditorfr\" \/>\n<meta name=\"twitter:card\" content=\"summary_large_image\" \/>\n<meta name=\"twitter:label1\" content=\"\u00c9crit par\" \/>\n\t<meta name=\"twitter:data1\" content=\"cfeditorfr\" \/>\n\t<meta name=\"twitter:label2\" content=\"Dur\u00e9e de lecture estim\u00e9e\" \/>\n\t<meta name=\"twitter:data2\" content=\"2 minutes\" \/>\n<script type=\"application\/ld+json\" class=\"yoast-schema-graph\">{\"@context\":\"https:\/\/schema.org\",\"@graph\":[{\"@type\":\"Article\",\"@id\":\"https:\/\/www.africa-press.net\/djibouti\/photo\/2eme-reunion-sur-lacceleration-de-limplantation-darbres-a-djibouti-un-engagement-fort-du-gouvernement-pour-la-protection-de-lenvironement#article\",\"isPartOf\":{\"@id\":\"https:\/\/www.africa-press.net\/djibouti\/photo\/2eme-reunion-sur-lacceleration-de-limplantation-darbres-a-djibouti-un-engagement-fort-du-gouvernement-pour-la-protection-de-lenvironement\"},\"author\":{\"name\":\"cfeditorfr\",\"@id\":\"https:\/\/www.africa-press.net\/djibouti\/#\/schema\/person\/2b1cf3cd81a31e3cd26889ca66d677f1\"},\"headline\":\"2\u00e8me r\u00e9union sur l\u2019acc\u00e9l\u00e9ration de l\u2019implantation d\u2019arbres \u00e0 Djibouti : Un engagement fort du gouvernement pour la protection de l\u2019environement\",\"datePublished\":\"2023-09-06T13:51:24+00:00\",\"dateModified\":\"2023-09-06T14:50:17+00:00\",\"mainEntityOfPage\":{\"@id\":\"https:\/\/www.africa-press.net\/djibouti\/photo\/2eme-reunion-sur-lacceleration-de-limplantation-darbres-a-djibouti-un-engagement-fort-du-gouvernement-pour-la-protection-de-lenvironement\"},\"wordCount\":480,\"commentCount\":0,\"image\":{\"@id\":\"https:\/\/www.africa-press.net\/djibouti\/photo\/2eme-reunion-sur-lacceleration-de-limplantation-darbres-a-djibouti-un-engagement-fort-du-gouvernement-pour-la-protection-de-lenvironement#primaryimage\"},\"thumbnailUrl\":\"https:\/\/static.africa-press.net\/djibouti\/sites\/52\/2023\/09\/sm_1693999163.091726.jpg\",\"keywords\":[\"Africa Press\",\"Africa Press-Djibouti\",\"Djibouti\"],\"articleSection\":[\"Communaut\u00e9\",\"Photo\",\"Top Nouvelles\",\"Toutes les actualit\u00e9s\"],\"inLanguage\":\"fr-FR\",\"potentialAction\":[{\"@type\":\"CommentAction\",\"name\":\"Comment\",\"target\":[\"https:\/\/www.africa-press.net\/djibouti\/photo\/2eme-reunion-sur-lacceleration-de-limplantation-darbres-a-djibouti-un-engagement-fort-du-gouvernement-pour-la-protection-de-lenvironement#respond\"]}]},{\"@type\":\"WebPage\",\"@id\":\"https:\/\/www.africa-press.net\/djibouti\/photo\/2eme-reunion-sur-lacceleration-de-limplantation-darbres-a-djibouti-un-engagement-fort-du-gouvernement-pour-la-protection-de-lenvironement\",\"url\":\"https:\/\/www.africa-press.net\/djibouti\/photo\/2eme-reunion-sur-lacceleration-de-limplantation-darbres-a-djibouti-un-engagement-fort-du-gouvernement-pour-la-protection-de-lenvironement\",\"name\":\"2\u00e8me r\u00e9union sur l\u2019acc\u00e9l\u00e9ration de l\u2019implantation d\u2019arbres \u00e0 Djibouti : Un engagement fort du gouvernement pour la protection de l\u2019environement - Djibouti\",\"isPartOf\":{\"@id\":\"https:\/\/www.africa-press.net\/djibouti\/#website\"},\"primaryImageOfPage\":{\"@id\":\"https:\/\/www.africa-press.net\/djibouti\/photo\/2eme-reunion-sur-lacceleration-de-limplantation-darbres-a-djibouti-un-engagement-fort-du-gouvernement-pour-la-protection-de-lenvironement#primaryimage\"},\"image\":{\"@id\":\"https:\/\/www.africa-press.net\/djibouti\/photo\/2eme-reunion-sur-lacceleration-de-limplantation-darbres-a-djibouti-un-engagement-fort-du-gouvernement-pour-la-protection-de-lenvironement#primaryimage\"},\"thumbnailUrl\":\"https:\/\/static.africa-press.net\/djibouti\/sites\/52\/2023\/09\/sm_1693999163.091726.jpg\",\"datePublished\":\"2023-09-06T13:51:24+00:00\",\"dateModified\":\"2023-09-06T14:50:17+00:00\",\"author\":{\"@id\":\"https:\/\/www.africa-press.net\/djibouti\/#\/schema\/person\/2b1cf3cd81a31e3cd26889ca66d677f1\"},\"description\":\"Sous la pre\u0301sidence du Premier ministre AbdoulkaderKamil Mohamed, et en pre\u0301sence de hauts responsables gouvernementaux, ...\",\"breadcrumb\":{\"@id\":\"https:\/\/www.africa-press.net\/djibouti\/photo\/2eme-reunion-sur-lacceleration-de-limplantation-darbres-a-djibouti-un-engagement-fort-du-gouvernement-pour-la-protection-de-lenvironement#breadcrumb\"},\"inLanguage\":\"fr-FR\",\"potentialAction\":[{\"@type\":\"ReadAction\",\"target\":[\"https:\/\/www.africa-press.net\/djibouti\/photo\/2eme-reunion-sur-lacceleration-de-limplantation-darbres-a-djibouti-un-engagement-fort-du-gouvernement-pour-la-protection-de-lenvironement\"]}]},{\"@type\":\"ImageObject\",\"inLanguage\":\"fr-FR\",\"@id\":\"https:\/\/www.africa-press.net\/djibouti\/photo\/2eme-reunion-sur-lacceleration-de-limplantation-darbres-a-djibouti-un-engagement-fort-du-gouvernement-pour-la-protection-de-lenvironement#primaryimage\",\"url\":\"https:\/\/static.africa-press.net\/djibouti\/sites\/52\/2023\/09\/sm_1693999163.091726.jpg\",\"contentUrl\":\"https:\/\/static.africa-press.net\/djibouti\/sites\/52\/2023\/09\/sm_1693999163.091726.jpg\",\"width\":720,\"height\":405,\"caption\":\"2\u00e8me r\u00e9union sur l\u2019acc\u00e9l\u00e9ration de l\u2019implantation d\u2019arbres \u00e0 Djibouti : Un engagement fort du gouvernement pour la protection de l\u2019environement\"},{\"@type\":\"BreadcrumbList\",\"@id\":\"https:\/\/www.africa-press.net\/djibouti\/photo\/2eme-reunion-sur-lacceleration-de-limplantation-darbres-a-djibouti-un-engagement-fort-du-gouvernement-pour-la-protection-de-lenvironement#breadcrumb\",\"itemListElement\":[{\"@type\":\"ListItem\",\"position\":1,\"name\":\"Accueil\",\"item\":\"https:\/\/www.africa-press.net\/djibouti\/\"},{\"@type\":\"ListItem\",\"position\":2,\"name\":\"2\u00e8me r\u00e9union sur l\u2019acc\u00e9l\u00e9ration de l\u2019implantation d\u2019arbres \u00e0 Djibouti : Un engagement fort du gouvernement pour la protection de l\u2019environement\"}]},{\"@type\":\"WebSite\",\"@id\":\"https:\/\/www.africa-press.net\/djibouti\/#website\",\"url\":\"https:\/\/www.africa-press.net\/djibouti\/\",\"name\":\"Djibouti\",\"description\":\"Just another Africa News Agency Sites site\",\"potentialAction\":[{\"@type\":\"SearchAction\",\"target\":{\"@type\":\"EntryPoint\",\"urlTemplate\":\"https:\/\/www.africa-press.net\/djibouti\/?s={search_term_string}\"},\"query-input\":{\"@type\":\"PropertyValueSpecification\",\"valueRequired\":true,\"valueName\":\"search_term_string\"}}],\"inLanguage\":\"fr-FR\"},{\"@type\":\"Person\",\"@id\":\"https:\/\/www.africa-press.net\/djibouti\/#\/schema\/person\/2b1cf3cd81a31e3cd26889ca66d677f1\",\"name\":\"cfeditorfr\"}]}<\/script>\n<!-- \/ Yoast SEO Premium plugin. -->","yoast_head_json":{"title":"2\u00e8me r\u00e9union sur l\u2019acc\u00e9l\u00e9ration de l\u2019implantation d\u2019arbres \u00e0 Djibouti : Un engagement fort du gouvernement pour la protection de l\u2019environement - Djibouti","description":"Sous la pre\u0301sidence du Premier ministre AbdoulkaderKamil Mohamed, et en pre\u0301sence de hauts responsables gouvernementaux, ...","robots":{"index":"index","follow":"follow","max-snippet":"max-snippet:-1","max-image-preview":"max-image-preview:large","max-video-preview":"max-video-preview:-1"},"canonical":"https:\/\/www.africa-press.net\/djibouti\/photo\/2eme-reunion-sur-lacceleration-de-limplantation-darbres-a-djibouti-un-engagement-fort-du-gouvernement-pour-la-protection-de-lenvironement","og_locale":"fr_FR","og_type":"article","og_title":"2\u00e8me r\u00e9union sur l\u2019acc\u00e9l\u00e9ration de l\u2019implantation d\u2019arbres \u00e0 Djibouti : Un engagement fort du gouvernement pour la protection de l\u2019environement","og_description":"Sous la pre\u0301sidence du Premier ministre AbdoulkaderKamil Mohamed, et en pre\u0301sence de hauts responsables gouvernementaux, ...","og_url":"https:\/\/www.africa-press.net\/djibouti\/photo\/2eme-reunion-sur-lacceleration-de-limplantation-darbres-a-djibouti-un-engagement-fort-du-gouvernement-pour-la-protection-de-lenvironement","og_site_name":"Djibouti","article_published_time":"2023-09-06T13:51:24+00:00","article_modified_time":"2023-09-06T14:50:17+00:00","og_image":[{"width":720,"height":405,"url":"https:\/\/static.africa-press.net\/djibouti\/sites\/52\/2023\/09\/sm_1693999163.091726.jpg","type":"image\/jpeg"}],"author":"cfeditorfr","twitter_card":"summary_large_image","twitter_misc":{"\u00c9crit par":"cfeditorfr","Dur\u00e9e de lecture estim\u00e9e":"2 minutes"},"schema":{"@context":"https:\/\/schema.org","@graph":[{"@type":"Article","@id":"https:\/\/www.africa-press.net\/djibouti\/photo\/2eme-reunion-sur-lacceleration-de-limplantation-darbres-a-djibouti-un-engagement-fort-du-gouvernement-pour-la-protection-de-lenvironement#article","isPartOf":{"@id":"https:\/\/www.africa-press.net\/djibouti\/photo\/2eme-reunion-sur-lacceleration-de-limplantation-darbres-a-djibouti-un-engagement-fort-du-gouvernement-pour-la-protection-de-lenvironement"},"author":{"name":"cfeditorfr","@id":"https:\/\/www.africa-press.net\/djibouti\/#\/schema\/person\/2b1cf3cd81a31e3cd26889ca66d677f1"},"headline":"2\u00e8me r\u00e9union sur l\u2019acc\u00e9l\u00e9ration de l\u2019implantation d\u2019arbres \u00e0 Djibouti : Un engagement fort du gouvernement pour la protection de l\u2019environement","datePublished":"2023-09-06T13:51:24+00:00","dateModified":"2023-09-06T14:50:17+00:00","mainEntityOfPage":{"@id":"https:\/\/www.africa-press.net\/djibouti\/photo\/2eme-reunion-sur-lacceleration-de-limplantation-darbres-a-djibouti-un-engagement-fort-du-gouvernement-pour-la-protection-de-lenvironement"},"wordCount":480,"commentCount":0,"image":{"@id":"https:\/\/www.africa-press.net\/djibouti\/photo\/2eme-reunion-sur-lacceleration-de-limplantation-darbres-a-djibouti-un-engagement-fort-du-gouvernement-pour-la-protection-de-lenvironement#primaryimage"},"thumbnailUrl":"https:\/\/static.africa-press.net\/djibouti\/sites\/52\/2023\/09\/sm_1693999163.091726.jpg","keywords":["Africa Press","Africa Press-Djibouti","Djibouti"],"articleSection":["Communaut\u00e9","Photo","Top Nouvelles","Toutes les actualit\u00e9s"],"inLanguage":"fr-FR","potentialAction":[{"@type":"CommentAction","name":"Comment","target":["https:\/\/www.africa-press.net\/djibouti\/photo\/2eme-reunion-sur-lacceleration-de-limplantation-darbres-a-djibouti-un-engagement-fort-du-gouvernement-pour-la-protection-de-lenvironement#respond"]}]},{"@type":"WebPage","@id":"https:\/\/www.africa-press.net\/djibouti\/photo\/2eme-reunion-sur-lacceleration-de-limplantation-darbres-a-djibouti-un-engagement-fort-du-gouvernement-pour-la-protection-de-lenvironement","url":"https:\/\/www.africa-press.net\/djibouti\/photo\/2eme-reunion-sur-lacceleration-de-limplantation-darbres-a-djibouti-un-engagement-fort-du-gouvernement-pour-la-protection-de-lenvironement","name":"2\u00e8me r\u00e9union sur l\u2019acc\u00e9l\u00e9ration de l\u2019implantation d\u2019arbres \u00e0 Djibouti : Un engagement fort du gouvernement pour la protection de l\u2019environement - Djibouti","isPartOf":{"@id":"https:\/\/www.africa-press.net\/djibouti\/#website"},"primaryImageOfPage":{"@id":"https:\/\/www.africa-press.net\/djibouti\/photo\/2eme-reunion-sur-lacceleration-de-limplantation-darbres-a-djibouti-un-engagement-fort-du-gouvernement-pour-la-protection-de-lenvironement#primaryimage"},"image":{"@id":"https:\/\/www.africa-press.net\/djibouti\/photo\/2eme-reunion-sur-lacceleration-de-limplantation-darbres-a-djibouti-un-engagement-fort-du-gouvernement-pour-la-protection-de-lenvironement#primaryimage"},"thumbnailUrl":"https:\/\/static.africa-press.net\/djibouti\/sites\/52\/2023\/09\/sm_1693999163.091726.jpg","datePublished":"2023-09-06T13:51:24+00:00","dateModified":"2023-09-06T14:50:17+00:00","author":{"@id":"https:\/\/www.africa-press.net\/djibouti\/#\/schema\/person\/2b1cf3cd81a31e3cd26889ca66d677f1"},"description":"Sous la pre\u0301sidence du Premier ministre AbdoulkaderKamil Mohamed, et en pre\u0301sence de hauts responsables gouvernementaux, ...","breadcrumb":{"@id":"https:\/\/www.africa-press.net\/djibouti\/photo\/2eme-reunion-sur-lacceleration-de-limplantation-darbres-a-djibouti-un-engagement-fort-du-gouvernement-pour-la-protection-de-lenvironement#breadcrumb"},"inLanguage":"fr-FR","potentialAction":[{"@type":"ReadAction","target":["https:\/\/www.africa-press.net\/djibouti\/photo\/2eme-reunion-sur-lacceleration-de-limplantation-darbres-a-djibouti-un-engagement-fort-du-gouvernement-pour-la-protection-de-lenvironement"]}]},{"@type":"ImageObject","inLanguage":"fr-FR","@id":"https:\/\/www.africa-press.net\/djibouti\/photo\/2eme-reunion-sur-lacceleration-de-limplantation-darbres-a-djibouti-un-engagement-fort-du-gouvernement-pour-la-protection-de-lenvironement#primaryimage","url":"https:\/\/static.africa-press.net\/djibouti\/sites\/52\/2023\/09\/sm_1693999163.091726.jpg","contentUrl":"https:\/\/static.africa-press.net\/djibouti\/sites\/52\/2023\/09\/sm_1693999163.091726.jpg","width":720,"height":405,"caption":"2\u00e8me r\u00e9union sur l\u2019acc\u00e9l\u00e9ration de l\u2019implantation d\u2019arbres \u00e0 Djibouti : Un engagement fort du gouvernement pour la protection de l\u2019environement"},{"@type":"BreadcrumbList","@id":"https:\/\/www.africa-press.net\/djibouti\/photo\/2eme-reunion-sur-lacceleration-de-limplantation-darbres-a-djibouti-un-engagement-fort-du-gouvernement-pour-la-protection-de-lenvironement#breadcrumb","itemListElement":[{"@type":"ListItem","position":1,"name":"Accueil","item":"https:\/\/www.africa-press.net\/djibouti\/"},{"@type":"ListItem","position":2,"name":"2\u00e8me r\u00e9union sur l\u2019acc\u00e9l\u00e9ration de l\u2019implantation d\u2019arbres \u00e0 Djibouti : Un engagement fort du gouvernement pour la protection de l\u2019environement"}]},{"@type":"WebSite","@id":"https:\/\/www.africa-press.net\/djibouti\/#website","url":"https:\/\/www.africa-press.net\/djibouti\/","name":"Djibouti","description":"Just another Africa News Agency Sites site","potentialAction":[{"@type":"SearchAction","target":{"@type":"EntryPoint","urlTemplate":"https:\/\/www.africa-press.net\/djibouti\/?s={search_term_string}"},"query-input":{"@type":"PropertyValueSpecification","valueRequired":true,"valueName":"search_term_string"}}],"inLanguage":"fr-FR"},{"@type":"Person","@id":"https:\/\/www.africa-press.net\/djibouti\/#\/schema\/person\/2b1cf3cd81a31e3cd26889ca66d677f1","name":"cfeditorfr"}]}},"_links":{"self":[{"href":"https:\/\/www.africa-press.net\/djibouti\/wp-json\/wp\/v2\/posts\/17511","targetHints":{"allow":["GET"]}}],"collection":[{"href":"https:\/\/www.africa-press.net\/djibouti\/wp-json\/wp\/v2\/posts"}],"about":[{"href":"https:\/\/www.africa-press.net\/djibouti\/wp-json\/wp\/v2\/types\/post"}],"author":[{"embeddable":true,"href":"https:\/\/www.africa-press.net\/djibouti\/wp-json\/wp\/v2\/users\/82"}],"replies":[{"embeddable":true,"href":"https:\/\/www.africa-press.net\/djibouti\/wp-json\/wp\/v2\/comments?post=17511"}],"version-history":[{"count":0,"href":"https:\/\/www.africa-press.net\/djibouti\/wp-json\/wp\/v2\/posts\/17511\/revisions"}],"wp:featuredmedia":[{"embeddable":true,"href":"https:\/\/www.africa-press.net\/djibouti\/wp-json\/wp\/v2\/media\/17509"}],"wp:attachment":[{"href":"https:\/\/www.africa-press.net\/djibouti\/wp-json\/wp\/v2\/media?parent=17511"}],"wp:term":[{"taxonomy":"category","embeddable":true,"href":"https:\/\/www.africa-press.net\/djibouti\/wp-json\/wp\/v2\/categories?post=17511"},{"taxonomy":"post_tag","embeddable":true,"href":"https:\/\/www.africa-press.net\/djibouti\/wp-json\/wp\/v2\/tags?post=17511"}],"curies":[{"name":"wp","href":"https:\/\/api.w.org\/{rel}","templated":true}]}}