{"id":17533,"date":"2023-09-07T08:46:38","date_gmt":"2023-09-07T08:46:38","guid":{"rendered":"https:\/\/www.africa-press.net\/djibouti\/politique\/emmanuel-macron-propose-un-debat-parlementaire-sur-la-strategie-francaise-en-afrique"},"modified":"2023-09-07T09:24:55","modified_gmt":"2023-09-07T09:24:55","slug":"emmanuel-macron-propose-un-debat-parlementaire-sur-la-strategie-francaise-en-afrique","status":"publish","type":"post","link":"https:\/\/www.africa-press.net\/djibouti\/politique\/emmanuel-macron-propose-un-debat-parlementaire-sur-la-strategie-francaise-en-afrique","title":{"rendered":"Emmanuel Macron propose un d\u00e9bat parlementaire sur la strat\u00e9gie fran\u00e7aise en Afrique"},"content":{"rendered":"<p><span style=\"color: #ff6600\"><strong>Africa-Press &#8211; Djibouti. <\/strong><\/span>Le pre\u0301sident s\u2019est engage\u0301 a\u0300 de\u0301battre \u00ab de\u0300s l\u2019automne \u00bb de la politique de la France sur le continent, et en particulier au Sahel, ou\u0300 elle est de plus en plus rejete\u0301e.<\/p>\n<p>Emmanuel Macron s\u2019est engage\u0301 ce 7 septembre a\u0300 ce que le parlement puisse de\u0301battre prochainement de la strate\u0301gie de la France en Afrique et au Sahel, ou\u0300 sa pre\u0301sence militaire est conteste\u0301e dans plusieurs pays, y compris re\u0301cemment au Niger.<\/p>\n<p>Dans une lettre aux chefs de partis politiques qu\u2019il a rencontre\u0301s le 30 aou\u0302t, il estime que \u00ab l\u2019e\u0301change sur l\u2019Afrique a permis de revenir sur la situation dans plusieurs pays, en particulier au Sahel \u00bb, ajoutant que \u00ab le principe d\u2019un de\u0301bat parlementaire tel que pre\u0301vu par notre Constitution (&#8230;) a e\u0301te\u0301 acte\u0301, de\u0300s l\u2019automne sur ce sujet, et a\u0300 chaque fois que l\u2019actualite\u0301 le justifiera \u00bb, selon ce texte dont l\u2019AFP a obtenu copie.<\/p>\n<p><b>Situation tre\u0300s de\u0301licate<\/b><\/p>\n<p>La premie\u0300re partie de cette rencontre entre le chef de l\u2019E\u0301tat et les responsables de partis politiques avait e\u0301te\u0301 consacre\u0301e a\u0300 la situation internationale et a\u0300 ses conse\u0301quences pour la France.<\/p>\n<p>Apre\u0300s le Mali et le Burkina Faso, la France se trouve dans une situation tre\u0300s de\u0301licate au Niger. Les militaires auteurs d\u2019un coup d\u2019E\u0301tat, le 26 juillet, ont de\u0301nonce\u0301 les accords de de\u0301fense les liant a\u0300 Paris et somme\u0301 la France de retirer les pre\u0300s de 1 500 soldats qui y sont base\u0301s et sont engage\u0301s dans la lutte antijihadiste.<\/p>\n<p>Paris a reconnu cette semaine que des \u00ab e\u0301changes \u00bb avaient lieu entre arme\u0301es nige\u0301rienne et franc\u0327aise sur le retrait de \u00ab certains e\u0301le\u0301ments militaires \u00bb franc\u0327ais au Niger.<\/p>\n<p><b>Source: JeuneAfrique<\/b><\/p>\n<p><strong>Pour plus d&rsquo;informations et d&rsquo;analyses sur la <a href=\"https:\/\/www.africa-press.net\/djibouti\">Djibouti<\/a>, suivez <a href=\"https:\/\/www.africa-press.net\/\">Africa-Press<\/a><\/strong><\/p>\n","protected":false},"excerpt":{"rendered":"<p>Africa-Press &#8211; Djibouti. Le pre\u0301sident s\u2019est engage\u0301 a\u0300 de\u0301battre \u00ab de\u0300s l\u2019automne \u00bb de la politique de la France sur le continent, et en particulier au Sahel, ou\u0300 elle est de plus en plus rejete\u0301e. Emmanuel Macron s\u2019est engage\u0301 ce 7 septembre a\u0300 ce que le parlement puisse de\u0301battre prochainement de la strate\u0301gie de la [&hellip;]<\/p>\n","protected":false},"author":82,"featured_media":17532,"comment_status":"open","ping_status":"closed","sticky":false,"template":"","format":"standard","meta":{"footnotes":""},"categories":[2,10],"tags":[36,49,50],"class_list":["post-17533","post","type-post","status-publish","format-standard","has-post-thumbnail","hentry","category-politique","category-toutes-les-actualites","tag-africa-press","tag-africa-press-djibouti","tag-djibouti"],"yoast_head":"<!-- This site is optimized with the Yoast SEO Premium plugin v26.1 (Yoast SEO v27.0) - https:\/\/yoast.com\/product\/yoast-seo-premium-wordpress\/ -->\n<title>Emmanuel Macron propose un d\u00e9bat parlementaire sur la strat\u00e9gie fran\u00e7aise en Afrique - Djibouti<\/title>\n<meta name=\"description\" content=\"Le pre\u0301sident s\u2019est engage\u0301 a\u0300 de\u0301battre \u00ab de\u0300s l\u2019automne \u00bb de la politique de la France sur le continent, et en particu ...\" \/>\n<meta name=\"robots\" content=\"index, follow, max-snippet:-1, max-image-preview:large, max-video-preview:-1\" \/>\n<link rel=\"canonical\" href=\"https:\/\/www.africa-press.net\/djibouti\/politique\/emmanuel-macron-propose-un-debat-parlementaire-sur-la-strategie-francaise-en-afrique\" \/>\n<meta property=\"og:locale\" content=\"fr_FR\" \/>\n<meta property=\"og:type\" content=\"article\" \/>\n<meta property=\"og:title\" content=\"Emmanuel Macron propose un d\u00e9bat parlementaire sur la strat\u00e9gie fran\u00e7aise en Afrique\" \/>\n<meta property=\"og:description\" content=\"Le pre\u0301sident s\u2019est engage\u0301 a\u0300 de\u0301battre \u00ab de\u0300s l\u2019automne \u00bb de la politique de la France sur le continent, et en particu ...\" \/>\n<meta property=\"og:url\" content=\"https:\/\/www.africa-press.net\/djibouti\/politique\/emmanuel-macron-propose-un-debat-parlementaire-sur-la-strategie-francaise-en-afrique\" \/>\n<meta property=\"og:site_name\" content=\"Djibouti\" \/>\n<meta property=\"article:published_time\" content=\"2023-09-07T08:46:38+00:00\" \/>\n<meta property=\"article:modified_time\" content=\"2023-09-07T09:24:55+00:00\" \/>\n<meta property=\"og:image\" content=\"https:\/\/static.africa-press.net\/djibouti\/sites\/52\/2023\/09\/sm_1694066070.149738.jpg\" \/>\n\t<meta property=\"og:image:width\" content=\"1256\" \/>\n\t<meta property=\"og:image:height\" content=\"628\" \/>\n\t<meta property=\"og:image:type\" content=\"image\/jpeg\" \/>\n<meta name=\"author\" content=\"cfeditorfr\" \/>\n<meta name=\"twitter:card\" content=\"summary_large_image\" \/>\n<meta name=\"twitter:label1\" content=\"\u00c9crit par\" \/>\n\t<meta name=\"twitter:data1\" content=\"cfeditorfr\" \/>\n\t<meta name=\"twitter:label2\" content=\"Dur\u00e9e de lecture estim\u00e9e\" \/>\n\t<meta name=\"twitter:data2\" content=\"2 minutes\" \/>\n<script type=\"application\/ld+json\" class=\"yoast-schema-graph\">{\"@context\":\"https:\/\/schema.org\",\"@graph\":[{\"@type\":\"Article\",\"@id\":\"https:\/\/www.africa-press.net\/djibouti\/politique\/emmanuel-macron-propose-un-debat-parlementaire-sur-la-strategie-francaise-en-afrique#article\",\"isPartOf\":{\"@id\":\"https:\/\/www.africa-press.net\/djibouti\/politique\/emmanuel-macron-propose-un-debat-parlementaire-sur-la-strategie-francaise-en-afrique\"},\"author\":{\"name\":\"cfeditorfr\",\"@id\":\"https:\/\/www.africa-press.net\/djibouti\/#\/schema\/person\/2b1cf3cd81a31e3cd26889ca66d677f1\"},\"headline\":\"Emmanuel Macron propose un d\u00e9bat parlementaire sur la strat\u00e9gie fran\u00e7aise en Afrique\",\"datePublished\":\"2023-09-07T08:46:38+00:00\",\"dateModified\":\"2023-09-07T09:24:55+00:00\",\"mainEntityOfPage\":{\"@id\":\"https:\/\/www.africa-press.net\/djibouti\/politique\/emmanuel-macron-propose-un-debat-parlementaire-sur-la-strategie-francaise-en-afrique\"},\"wordCount\":339,\"commentCount\":0,\"image\":{\"@id\":\"https:\/\/www.africa-press.net\/djibouti\/politique\/emmanuel-macron-propose-un-debat-parlementaire-sur-la-strategie-francaise-en-afrique#primaryimage\"},\"thumbnailUrl\":\"https:\/\/static.africa-press.net\/djibouti\/sites\/52\/2023\/09\/sm_1694066070.149738.jpg\",\"keywords\":[\"Africa Press\",\"Africa Press-Djibouti\",\"Djibouti\"],\"articleSection\":[\"Politique\",\"Toutes les actualit\u00e9s\"],\"inLanguage\":\"fr-FR\",\"potentialAction\":[{\"@type\":\"CommentAction\",\"name\":\"Comment\",\"target\":[\"https:\/\/www.africa-press.net\/djibouti\/politique\/emmanuel-macron-propose-un-debat-parlementaire-sur-la-strategie-francaise-en-afrique#respond\"]}]},{\"@type\":\"WebPage\",\"@id\":\"https:\/\/www.africa-press.net\/djibouti\/politique\/emmanuel-macron-propose-un-debat-parlementaire-sur-la-strategie-francaise-en-afrique\",\"url\":\"https:\/\/www.africa-press.net\/djibouti\/politique\/emmanuel-macron-propose-un-debat-parlementaire-sur-la-strategie-francaise-en-afrique\",\"name\":\"Emmanuel Macron propose un d\u00e9bat parlementaire sur la strat\u00e9gie fran\u00e7aise en Afrique - Djibouti\",\"isPartOf\":{\"@id\":\"https:\/\/www.africa-press.net\/djibouti\/#website\"},\"primaryImageOfPage\":{\"@id\":\"https:\/\/www.africa-press.net\/djibouti\/politique\/emmanuel-macron-propose-un-debat-parlementaire-sur-la-strategie-francaise-en-afrique#primaryimage\"},\"image\":{\"@id\":\"https:\/\/www.africa-press.net\/djibouti\/politique\/emmanuel-macron-propose-un-debat-parlementaire-sur-la-strategie-francaise-en-afrique#primaryimage\"},\"thumbnailUrl\":\"https:\/\/static.africa-press.net\/djibouti\/sites\/52\/2023\/09\/sm_1694066070.149738.jpg\",\"datePublished\":\"2023-09-07T08:46:38+00:00\",\"dateModified\":\"2023-09-07T09:24:55+00:00\",\"author\":{\"@id\":\"https:\/\/www.africa-press.net\/djibouti\/#\/schema\/person\/2b1cf3cd81a31e3cd26889ca66d677f1\"},\"description\":\"Le pre\u0301sident s\u2019est engage\u0301 a\u0300 de\u0301battre \u00ab de\u0300s l\u2019automne \u00bb de la politique de la France sur le continent, et en particu ...\",\"breadcrumb\":{\"@id\":\"https:\/\/www.africa-press.net\/djibouti\/politique\/emmanuel-macron-propose-un-debat-parlementaire-sur-la-strategie-francaise-en-afrique#breadcrumb\"},\"inLanguage\":\"fr-FR\",\"potentialAction\":[{\"@type\":\"ReadAction\",\"target\":[\"https:\/\/www.africa-press.net\/djibouti\/politique\/emmanuel-macron-propose-un-debat-parlementaire-sur-la-strategie-francaise-en-afrique\"]}]},{\"@type\":\"ImageObject\",\"inLanguage\":\"fr-FR\",\"@id\":\"https:\/\/www.africa-press.net\/djibouti\/politique\/emmanuel-macron-propose-un-debat-parlementaire-sur-la-strategie-francaise-en-afrique#primaryimage\",\"url\":\"https:\/\/static.africa-press.net\/djibouti\/sites\/52\/2023\/09\/sm_1694066070.149738.jpg\",\"contentUrl\":\"https:\/\/static.africa-press.net\/djibouti\/sites\/52\/2023\/09\/sm_1694066070.149738.jpg\",\"width\":1256,\"height\":628,\"caption\":\"Emmanuel Macron propose un d\u00e9bat parlementaire sur la strat\u00e9gie fran\u00e7aise en Afrique\"},{\"@type\":\"BreadcrumbList\",\"@id\":\"https:\/\/www.africa-press.net\/djibouti\/politique\/emmanuel-macron-propose-un-debat-parlementaire-sur-la-strategie-francaise-en-afrique#breadcrumb\",\"itemListElement\":[{\"@type\":\"ListItem\",\"position\":1,\"name\":\"Accueil\",\"item\":\"https:\/\/www.africa-press.net\/djibouti\/\"},{\"@type\":\"ListItem\",\"position\":2,\"name\":\"Emmanuel Macron propose un d\u00e9bat parlementaire sur la strat\u00e9gie fran\u00e7aise en Afrique\"}]},{\"@type\":\"WebSite\",\"@id\":\"https:\/\/www.africa-press.net\/djibouti\/#website\",\"url\":\"https:\/\/www.africa-press.net\/djibouti\/\",\"name\":\"Djibouti\",\"description\":\"Just another Africa News Agency Sites site\",\"potentialAction\":[{\"@type\":\"SearchAction\",\"target\":{\"@type\":\"EntryPoint\",\"urlTemplate\":\"https:\/\/www.africa-press.net\/djibouti\/?s={search_term_string}\"},\"query-input\":{\"@type\":\"PropertyValueSpecification\",\"valueRequired\":true,\"valueName\":\"search_term_string\"}}],\"inLanguage\":\"fr-FR\"},{\"@type\":\"Person\",\"@id\":\"https:\/\/www.africa-press.net\/djibouti\/#\/schema\/person\/2b1cf3cd81a31e3cd26889ca66d677f1\",\"name\":\"cfeditorfr\"}]}<\/script>\n<!-- \/ Yoast SEO Premium plugin. -->","yoast_head_json":{"title":"Emmanuel Macron propose un d\u00e9bat parlementaire sur la strat\u00e9gie fran\u00e7aise en Afrique - Djibouti","description":"Le pre\u0301sident s\u2019est engage\u0301 a\u0300 de\u0301battre \u00ab de\u0300s l\u2019automne \u00bb de la politique de la France sur le continent, et en particu ...","robots":{"index":"index","follow":"follow","max-snippet":"max-snippet:-1","max-image-preview":"max-image-preview:large","max-video-preview":"max-video-preview:-1"},"canonical":"https:\/\/www.africa-press.net\/djibouti\/politique\/emmanuel-macron-propose-un-debat-parlementaire-sur-la-strategie-francaise-en-afrique","og_locale":"fr_FR","og_type":"article","og_title":"Emmanuel Macron propose un d\u00e9bat parlementaire sur la strat\u00e9gie fran\u00e7aise en Afrique","og_description":"Le pre\u0301sident s\u2019est engage\u0301 a\u0300 de\u0301battre \u00ab de\u0300s l\u2019automne \u00bb de la politique de la France sur le continent, et en particu ...","og_url":"https:\/\/www.africa-press.net\/djibouti\/politique\/emmanuel-macron-propose-un-debat-parlementaire-sur-la-strategie-francaise-en-afrique","og_site_name":"Djibouti","article_published_time":"2023-09-07T08:46:38+00:00","article_modified_time":"2023-09-07T09:24:55+00:00","og_image":[{"width":1256,"height":628,"url":"https:\/\/static.africa-press.net\/djibouti\/sites\/52\/2023\/09\/sm_1694066070.149738.jpg","type":"image\/jpeg"}],"author":"cfeditorfr","twitter_card":"summary_large_image","twitter_misc":{"\u00c9crit par":"cfeditorfr","Dur\u00e9e de lecture estim\u00e9e":"2 minutes"},"schema":{"@context":"https:\/\/schema.org","@graph":[{"@type":"Article","@id":"https:\/\/www.africa-press.net\/djibouti\/politique\/emmanuel-macron-propose-un-debat-parlementaire-sur-la-strategie-francaise-en-afrique#article","isPartOf":{"@id":"https:\/\/www.africa-press.net\/djibouti\/politique\/emmanuel-macron-propose-un-debat-parlementaire-sur-la-strategie-francaise-en-afrique"},"author":{"name":"cfeditorfr","@id":"https:\/\/www.africa-press.net\/djibouti\/#\/schema\/person\/2b1cf3cd81a31e3cd26889ca66d677f1"},"headline":"Emmanuel Macron propose un d\u00e9bat parlementaire sur la strat\u00e9gie fran\u00e7aise en Afrique","datePublished":"2023-09-07T08:46:38+00:00","dateModified":"2023-09-07T09:24:55+00:00","mainEntityOfPage":{"@id":"https:\/\/www.africa-press.net\/djibouti\/politique\/emmanuel-macron-propose-un-debat-parlementaire-sur-la-strategie-francaise-en-afrique"},"wordCount":339,"commentCount":0,"image":{"@id":"https:\/\/www.africa-press.net\/djibouti\/politique\/emmanuel-macron-propose-un-debat-parlementaire-sur-la-strategie-francaise-en-afrique#primaryimage"},"thumbnailUrl":"https:\/\/static.africa-press.net\/djibouti\/sites\/52\/2023\/09\/sm_1694066070.149738.jpg","keywords":["Africa Press","Africa Press-Djibouti","Djibouti"],"articleSection":["Politique","Toutes les actualit\u00e9s"],"inLanguage":"fr-FR","potentialAction":[{"@type":"CommentAction","name":"Comment","target":["https:\/\/www.africa-press.net\/djibouti\/politique\/emmanuel-macron-propose-un-debat-parlementaire-sur-la-strategie-francaise-en-afrique#respond"]}]},{"@type":"WebPage","@id":"https:\/\/www.africa-press.net\/djibouti\/politique\/emmanuel-macron-propose-un-debat-parlementaire-sur-la-strategie-francaise-en-afrique","url":"https:\/\/www.africa-press.net\/djibouti\/politique\/emmanuel-macron-propose-un-debat-parlementaire-sur-la-strategie-francaise-en-afrique","name":"Emmanuel Macron propose un d\u00e9bat parlementaire sur la strat\u00e9gie fran\u00e7aise en Afrique - Djibouti","isPartOf":{"@id":"https:\/\/www.africa-press.net\/djibouti\/#website"},"primaryImageOfPage":{"@id":"https:\/\/www.africa-press.net\/djibouti\/politique\/emmanuel-macron-propose-un-debat-parlementaire-sur-la-strategie-francaise-en-afrique#primaryimage"},"image":{"@id":"https:\/\/www.africa-press.net\/djibouti\/politique\/emmanuel-macron-propose-un-debat-parlementaire-sur-la-strategie-francaise-en-afrique#primaryimage"},"thumbnailUrl":"https:\/\/static.africa-press.net\/djibouti\/sites\/52\/2023\/09\/sm_1694066070.149738.jpg","datePublished":"2023-09-07T08:46:38+00:00","dateModified":"2023-09-07T09:24:55+00:00","author":{"@id":"https:\/\/www.africa-press.net\/djibouti\/#\/schema\/person\/2b1cf3cd81a31e3cd26889ca66d677f1"},"description":"Le pre\u0301sident s\u2019est engage\u0301 a\u0300 de\u0301battre \u00ab de\u0300s l\u2019automne \u00bb de la politique de la France sur le continent, et en particu ...","breadcrumb":{"@id":"https:\/\/www.africa-press.net\/djibouti\/politique\/emmanuel-macron-propose-un-debat-parlementaire-sur-la-strategie-francaise-en-afrique#breadcrumb"},"inLanguage":"fr-FR","potentialAction":[{"@type":"ReadAction","target":["https:\/\/www.africa-press.net\/djibouti\/politique\/emmanuel-macron-propose-un-debat-parlementaire-sur-la-strategie-francaise-en-afrique"]}]},{"@type":"ImageObject","inLanguage":"fr-FR","@id":"https:\/\/www.africa-press.net\/djibouti\/politique\/emmanuel-macron-propose-un-debat-parlementaire-sur-la-strategie-francaise-en-afrique#primaryimage","url":"https:\/\/static.africa-press.net\/djibouti\/sites\/52\/2023\/09\/sm_1694066070.149738.jpg","contentUrl":"https:\/\/static.africa-press.net\/djibouti\/sites\/52\/2023\/09\/sm_1694066070.149738.jpg","width":1256,"height":628,"caption":"Emmanuel Macron propose un d\u00e9bat parlementaire sur la strat\u00e9gie fran\u00e7aise en Afrique"},{"@type":"BreadcrumbList","@id":"https:\/\/www.africa-press.net\/djibouti\/politique\/emmanuel-macron-propose-un-debat-parlementaire-sur-la-strategie-francaise-en-afrique#breadcrumb","itemListElement":[{"@type":"ListItem","position":1,"name":"Accueil","item":"https:\/\/www.africa-press.net\/djibouti\/"},{"@type":"ListItem","position":2,"name":"Emmanuel Macron propose un d\u00e9bat parlementaire sur la strat\u00e9gie fran\u00e7aise en Afrique"}]},{"@type":"WebSite","@id":"https:\/\/www.africa-press.net\/djibouti\/#website","url":"https:\/\/www.africa-press.net\/djibouti\/","name":"Djibouti","description":"Just another Africa News Agency Sites site","potentialAction":[{"@type":"SearchAction","target":{"@type":"EntryPoint","urlTemplate":"https:\/\/www.africa-press.net\/djibouti\/?s={search_term_string}"},"query-input":{"@type":"PropertyValueSpecification","valueRequired":true,"valueName":"search_term_string"}}],"inLanguage":"fr-FR"},{"@type":"Person","@id":"https:\/\/www.africa-press.net\/djibouti\/#\/schema\/person\/2b1cf3cd81a31e3cd26889ca66d677f1","name":"cfeditorfr"}]}},"_links":{"self":[{"href":"https:\/\/www.africa-press.net\/djibouti\/wp-json\/wp\/v2\/posts\/17533","targetHints":{"allow":["GET"]}}],"collection":[{"href":"https:\/\/www.africa-press.net\/djibouti\/wp-json\/wp\/v2\/posts"}],"about":[{"href":"https:\/\/www.africa-press.net\/djibouti\/wp-json\/wp\/v2\/types\/post"}],"author":[{"embeddable":true,"href":"https:\/\/www.africa-press.net\/djibouti\/wp-json\/wp\/v2\/users\/82"}],"replies":[{"embeddable":true,"href":"https:\/\/www.africa-press.net\/djibouti\/wp-json\/wp\/v2\/comments?post=17533"}],"version-history":[{"count":0,"href":"https:\/\/www.africa-press.net\/djibouti\/wp-json\/wp\/v2\/posts\/17533\/revisions"}],"wp:featuredmedia":[{"embeddable":true,"href":"https:\/\/www.africa-press.net\/djibouti\/wp-json\/wp\/v2\/media\/17532"}],"wp:attachment":[{"href":"https:\/\/www.africa-press.net\/djibouti\/wp-json\/wp\/v2\/media?parent=17533"}],"wp:term":[{"taxonomy":"category","embeddable":true,"href":"https:\/\/www.africa-press.net\/djibouti\/wp-json\/wp\/v2\/categories?post=17533"},{"taxonomy":"post_tag","embeddable":true,"href":"https:\/\/www.africa-press.net\/djibouti\/wp-json\/wp\/v2\/tags?post=17533"}],"curies":[{"name":"wp","href":"https:\/\/api.w.org\/{rel}","templated":true}]}}