{"id":17550,"date":"2023-09-07T13:50:01","date_gmt":"2023-09-07T13:50:01","guid":{"rendered":"https:\/\/www.africa-press.net\/djibouti\/politique\/le-projet-appui-aux-jardins-maraichers-et-fourragers-de-kalaf-dans-la-de-tadjourah"},"modified":"2023-09-07T14:54:50","modified_gmt":"2023-09-07T14:54:50","slug":"le-projet-appui-aux-jardins-maraichers-et-fourragers-de-kalaf-dans-la-de-tadjourah","status":"publish","type":"post","link":"https:\/\/www.africa-press.net\/djibouti\/photo\/le-projet-appui-aux-jardins-maraichers-et-fourragers-de-kalaf-dans-la-de-tadjourah","title":{"rendered":"Le projet \u00ab Appui aux jardins maraichers et fourragers de Kalaf \u00bb, dans la de Tadjourah"},"content":{"rendered":"<p><span style=\"color: #ff6600\"><strong>Africa-Press &#8211; Djibouti. <\/strong><\/span>Dans le cadre du programme \u201cRenforcement de la Participation de la Socie\u0301te\u0301 Civile dans la Gouvernance Locale et le De\u0301veloppement Durable a\u0300 Djibouti\u201d, finance\u0301 par l\u2019Union Europe\u0301enne et mis en \u0153uvre par l\u2019Association Internationale des Maires Francophones (AIMF) et l\u2019Association Nationale des Collectivite\u0301s Locales Djiboutiennes (ANCLD), le groupement des femmes solidaires pour la bienfaisance (GFSB), pre\u0301side\u0301 par Mme Nasro Abas, a initie\u0301 un projet intitule\u0301 \u00ab Appui aux jardins maraichers et fourragers pour ge\u0301ne\u0301rer des revenus a\u0300 60 me\u0301nages de Kalaf \u00bb dans la re\u0301gion de Tadjourah.<\/p>\n<p>Ce projet a pour ambition de surmonter les de\u0301fis entravant la participation active des femmes dans des activite\u0301s agricoles productives et re\u0301silientes au sein du village de Kalaf. Dans un partenariat exemplaire, le gouvernement de Djibouti, via le ministe\u0300re de l\u2019Environnement et du De\u0301veloppement Durable, a de\u0301ja\u0300 amorce\u0301 une se\u0301rie d\u2019initiatives, dont la cre\u0301ation d\u2019un pe\u0301rime\u0300tre agropastoral couvrant une surface de 10 hectares a\u0300 Kalaf, dans la re\u0301gion de Tadjourah. Ce pe\u0301rime\u0300tre agropastoral s\u2019inscrit dans la dynamique de lutte continue contre les de\u0301fis du changement climatique et de la pauvrete\u0301 en milieu rural de Djibouti. C\u2019est dans ce contexte que l\u2019association GFSB a pris l\u2019initiative de mettre en \u0153uvre ce projet ambitieux, visant a\u0300 accompagner et renforcer les compe\u0301tences des be\u0301ne\u0301ficiaires de ce pe\u0301rime\u0300tre agropastoral.<\/p>\n<p>Dans le cadre de ce projet, apre\u0300s avoir mis en place une coope\u0301rative regroupant les agriculteurs de Kalaf, une se\u0301rie de formations sur les the\u0301ories et pratiques agricoles seront organise\u0301es. Cette initiative vise a\u0300 renforcer les compe\u0301tences et les connaissances des be\u0301ne\u0301ficiaires en matie\u0300re de techniques agricoles, dans le but d\u2019ame\u0301liorer les rendements de leurs cultures marai\u0302che\u0300res et fourrage\u0300res. Ces be\u0301ne\u0301ficiaires, de\u0301sireux d\u2019ame\u0301liorer leur productivite\u0301 agricole, sont confronte\u0301s a\u0300 des de\u0301fis tels que des me\u0301thodes traditionnelles de culture, des contraintes climatiques et une connaissance limite\u0301e des nouvelles pratiques agricoles. Afin de re\u0301pondre a\u0300 ces de\u0301fis, le projet a pre\u0301vu d\u2019organiser deux sessions de formation. Chaque session regroupera 30 be\u0301ne\u0301ficiaires et se de\u0301roulera sur une pe\u0301riode de 3 jours. Chaque groupe de 30 be\u0301ne\u0301ficiaires participera a\u0300 deux sessions distinctes, totalisant ainsi une formation intensive de 6 jours.<\/p>\n<p>Paralle\u0300lement, une coope\u0301rative agricole sera mise en place, offrant un cadre propice a\u0300 la collaboration entre les agriculteurs de Kalaf, favorisant ainsi le partage de connaissances et d\u2019expe\u0301riences pour une prospe\u0301rite\u0301 agricole partage\u0301e et durable.<\/p>\n<p>Ce projet refle\u0300te aussi l\u2019engagement continu de toutes les parties prenantes a\u0300 cre\u0301er des opportunite\u0301s significatives pour les femmes rurales, en alignant les efforts sur les objectifs de de\u0301veloppement durable et en contribuant activement a\u0300 la croissance socio-e\u0301conomique de Djibouti. Le GFSB exprime sa gratitude envers l\u2019Union Europe\u0301enne, l\u2019AIMF et l\u2019ANCLD pour leur soutien inde\u0301fectible dans la re\u0301alisation de cette initiative prometteuse.<\/p>\n\r\n                <style type=\"text\/css\">\r\n                    \r\n                    #td_uid_1_69eff3b19b7d6  .td-doubleSlider-2 .td-item1 {\r\n                        background: url(https:\/\/static.africa-press.net\/djibouti\/sites\/52\/2023\/09\/sm_1694085801.639125-80x60.jpg) 0 0 no-repeat;\r\n                    }\r\n                    #td_uid_1_69eff3b19b7d6  .td-doubleSlider-2 .td-item2 {\r\n                        background: url(https:\/\/static.africa-press.net\/djibouti\/sites\/52\/2023\/09\/sm_1694085826.327396-80x60.jpg) 0 0 no-repeat;\r\n                    }\r\n                <\/style>\r\n\r\n                <div id=\"td_uid_1_69eff3b19b7d6\" class=\"td-gallery td-slide-on-2-columns\">\r\n                    <div class=\"post_td_gallery\">\r\n                        <div class=\"td-gallery-slide-top\">\r\n                           <div class=\"td-gallery-title\"><\/div>\r\n\r\n                            <div class=\"td-gallery-controls-wrapper\">\r\n                                <div class=\"td-gallery-slide-count\"><span class=\"td-gallery-slide-item-focus\">1<\/span> de 2<\/div>\r\n                                <div class=\"td-gallery-slide-prev-next-but\">\r\n                                    <i class = \"td-icon-left doubleSliderPrevButton\"><\/i>\r\n                                    <i class = \"td-icon-right doubleSliderNextButton\"><\/i>\r\n                                <\/div>\r\n                            <\/div>\r\n                        <\/div>\r\n\r\n                        <div class = \"td-doubleSlider-1 \">\r\n                            <div class = \"td-slider\">\r\n                                \r\n                    <div class = \"td-slide-item td-item1\">\r\n                        <figure class=\"td-slide-galery-figure td-slide-popup-gallery\">\r\n                            <a class=\"slide-gallery-image-link\" href=\"https:\/\/static.africa-press.net\/djibouti\/sites\/52\/2023\/09\/sm_1694085801.639125.jpg\" title=\"sm_1694085801.639125\"  data-caption=\"\"  data-description=\"\">\r\n                                <img decoding=\"async\" src=\"https:\/\/static.africa-press.net\/djibouti\/sites\/52\/2023\/09\/sm_1694085801.639125.jpg\" srcset=\"https:\/\/static.africa-press.net\/djibouti\/sites\/52\/2023\/09\/sm_1694085801.639125.jpg 1024w, https:\/\/static.africa-press.net\/djibouti\/sites\/52\/2023\/09\/sm_1694085801.639125-300x225.jpg 300w, https:\/\/static.africa-press.net\/djibouti\/sites\/52\/2023\/09\/sm_1694085801.639125-768x576.jpg 768w, https:\/\/static.africa-press.net\/djibouti\/sites\/52\/2023\/09\/sm_1694085801.639125-80x60.jpg 80w\" sizes=\"(max-width: 1024px) 100vw, 1024px\" alt=\"\">\r\n                            <\/a>\r\n                            \r\n                        <\/figure>\r\n                    <\/div>\r\n                    <div class = \"td-slide-item td-item2\">\r\n                        <figure class=\"td-slide-galery-figure td-slide-popup-gallery\">\r\n                            <a class=\"slide-gallery-image-link\" href=\"https:\/\/static.africa-press.net\/djibouti\/sites\/52\/2023\/09\/sm_1694085826.327396.jpg\" title=\"sm_1694085826.327396\"  data-caption=\"\"  data-description=\"\">\r\n                                <img decoding=\"async\" src=\"https:\/\/static.africa-press.net\/djibouti\/sites\/52\/2023\/09\/sm_1694085826.327396.jpg\" srcset=\"https:\/\/static.africa-press.net\/djibouti\/sites\/52\/2023\/09\/sm_1694085826.327396.jpg 1024w, https:\/\/static.africa-press.net\/djibouti\/sites\/52\/2023\/09\/sm_1694085826.327396-300x169.jpg 300w, https:\/\/static.africa-press.net\/djibouti\/sites\/52\/2023\/09\/sm_1694085826.327396-768x432.jpg 768w\" sizes=\"(max-width: 1024px) 100vw, 1024px\" alt=\"\">\r\n                            <\/a>\r\n                            \r\n                        <\/figure>\r\n                    <\/div>\r\n                            <\/div>\r\n                        <\/div>\r\n\r\n                        <div class = \"td-doubleSlider-2\">\r\n                            <div class = \"td-slider\">\r\n                                \r\n                    <div class = \"td-button td-item1\">\r\n                        <div class = \"td-border\"><\/div>\r\n                    <\/div>\r\n                    <div class = \"td-button td-item2\">\r\n                        <div class = \"td-border\"><\/div>\r\n                    <\/div>\r\n                            <\/div>\r\n                        <\/div>\r\n\r\n                    <\/div>\r\n\r\n                <\/div>\r\n                \n<p><strong>Pour plus d&rsquo;informations et d&rsquo;analyses sur la <a href=\"https:\/\/www.africa-press.net\/djibouti\">Djibouti<\/a>, suivez <a href=\"https:\/\/www.africa-press.net\/\">Africa-Press<\/a><\/strong><\/p>\n","protected":false},"excerpt":{"rendered":"<p>Africa-Press &#8211; Djibouti. Dans le cadre du programme \u201cRenforcement de la Participation de la Socie\u0301te\u0301 Civile dans la Gouvernance Locale et le De\u0301veloppement Durable a\u0300 Djibouti\u201d, finance\u0301 par l\u2019Union Europe\u0301enne et mis en \u0153uvre par l\u2019Association Internationale des Maires Francophones (AIMF) et l\u2019Association Nationale des Collectivite\u0301s Locales Djiboutiennes (ANCLD), le groupement des femmes solidaires pour [&hellip;]<\/p>\n","protected":false},"author":82,"featured_media":17549,"comment_status":"open","ping_status":"closed","sticky":false,"template":"","format":"standard","meta":{"footnotes":""},"categories":[21,8,10],"tags":[36,49,50],"class_list":["post-17550","post","type-post","status-publish","format-standard","has-post-thumbnail","hentry","category-communaute","category-photo","category-toutes-les-actualites","tag-africa-press","tag-africa-press-djibouti","tag-djibouti"],"yoast_head":"<!-- This site is optimized with the Yoast SEO Premium plugin v26.1 (Yoast SEO v27.0) - https:\/\/yoast.com\/product\/yoast-seo-premium-wordpress\/ -->\n<title>Le projet \u00ab Appui aux jardins maraichers et fourragers de Kalaf \u00bb, dans la de Tadjourah - Djibouti<\/title>\n<meta name=\"description\" content=\"Dans le cadre du programme \u201cRenforcement de la Participation de la Socie\u0301te\u0301 Civile dans la Gouvernance Locale et le De\u0301 ...\" \/>\n<meta name=\"robots\" content=\"index, follow, max-snippet:-1, max-image-preview:large, max-video-preview:-1\" \/>\n<link rel=\"canonical\" href=\"https:\/\/www.africa-press.net\/djibouti\/photo\/le-projet-appui-aux-jardins-maraichers-et-fourragers-de-kalaf-dans-la-de-tadjourah\" \/>\n<meta property=\"og:locale\" content=\"fr_FR\" \/>\n<meta property=\"og:type\" content=\"article\" \/>\n<meta property=\"og:title\" content=\"Le projet \u00ab Appui aux jardins maraichers et fourragers de Kalaf \u00bb, dans la de Tadjourah\" \/>\n<meta property=\"og:description\" content=\"Dans le cadre du programme \u201cRenforcement de la Participation de la Socie\u0301te\u0301 Civile dans la Gouvernance Locale et le De\u0301 ...\" \/>\n<meta property=\"og:url\" content=\"https:\/\/www.africa-press.net\/djibouti\/photo\/le-projet-appui-aux-jardins-maraichers-et-fourragers-de-kalaf-dans-la-de-tadjourah\" \/>\n<meta property=\"og:site_name\" content=\"Djibouti\" \/>\n<meta property=\"article:published_time\" content=\"2023-09-07T13:50:01+00:00\" \/>\n<meta property=\"article:modified_time\" content=\"2023-09-07T14:54:50+00:00\" \/>\n<meta property=\"og:image\" content=\"https:\/\/static.africa-press.net\/djibouti\/sites\/52\/2023\/09\/sm_1694085846.48944.jpg\" \/>\n\t<meta property=\"og:image:width\" content=\"768\" \/>\n\t<meta property=\"og:image:height\" content=\"576\" \/>\n\t<meta property=\"og:image:type\" content=\"image\/jpeg\" \/>\n<meta name=\"author\" content=\"cfeditorfr\" \/>\n<meta name=\"twitter:card\" content=\"summary_large_image\" \/>\n<meta name=\"twitter:label1\" content=\"\u00c9crit par\" \/>\n\t<meta name=\"twitter:data1\" content=\"cfeditorfr\" \/>\n\t<meta name=\"twitter:label2\" content=\"Dur\u00e9e de lecture estim\u00e9e\" \/>\n\t<meta name=\"twitter:data2\" content=\"3 minutes\" \/>\n<script type=\"application\/ld+json\" class=\"yoast-schema-graph\">{\"@context\":\"https:\/\/schema.org\",\"@graph\":[{\"@type\":\"Article\",\"@id\":\"https:\/\/www.africa-press.net\/djibouti\/photo\/le-projet-appui-aux-jardins-maraichers-et-fourragers-de-kalaf-dans-la-de-tadjourah#article\",\"isPartOf\":{\"@id\":\"https:\/\/www.africa-press.net\/djibouti\/photo\/le-projet-appui-aux-jardins-maraichers-et-fourragers-de-kalaf-dans-la-de-tadjourah\"},\"author\":{\"name\":\"cfeditorfr\",\"@id\":\"https:\/\/www.africa-press.net\/djibouti\/#\/schema\/person\/2b1cf3cd81a31e3cd26889ca66d677f1\"},\"headline\":\"Le projet \u00ab Appui aux jardins maraichers et fourragers de Kalaf \u00bb, dans la de Tadjourah\",\"datePublished\":\"2023-09-07T13:50:01+00:00\",\"dateModified\":\"2023-09-07T14:54:50+00:00\",\"mainEntityOfPage\":{\"@id\":\"https:\/\/www.africa-press.net\/djibouti\/photo\/le-projet-appui-aux-jardins-maraichers-et-fourragers-de-kalaf-dans-la-de-tadjourah\"},\"wordCount\":565,\"commentCount\":0,\"image\":{\"@id\":\"https:\/\/www.africa-press.net\/djibouti\/photo\/le-projet-appui-aux-jardins-maraichers-et-fourragers-de-kalaf-dans-la-de-tadjourah#primaryimage\"},\"thumbnailUrl\":\"https:\/\/static.africa-press.net\/djibouti\/sites\/52\/2023\/09\/sm_1694085846.48944.jpg\",\"keywords\":[\"Africa Press\",\"Africa Press-Djibouti\",\"Djibouti\"],\"articleSection\":[\"Communaut\u00e9\",\"Photo\",\"Toutes les actualit\u00e9s\"],\"inLanguage\":\"fr-FR\",\"potentialAction\":[{\"@type\":\"CommentAction\",\"name\":\"Comment\",\"target\":[\"https:\/\/www.africa-press.net\/djibouti\/photo\/le-projet-appui-aux-jardins-maraichers-et-fourragers-de-kalaf-dans-la-de-tadjourah#respond\"]}]},{\"@type\":\"WebPage\",\"@id\":\"https:\/\/www.africa-press.net\/djibouti\/photo\/le-projet-appui-aux-jardins-maraichers-et-fourragers-de-kalaf-dans-la-de-tadjourah\",\"url\":\"https:\/\/www.africa-press.net\/djibouti\/photo\/le-projet-appui-aux-jardins-maraichers-et-fourragers-de-kalaf-dans-la-de-tadjourah\",\"name\":\"Le projet \u00ab Appui aux jardins maraichers et fourragers de Kalaf \u00bb, dans la de Tadjourah - Djibouti\",\"isPartOf\":{\"@id\":\"https:\/\/www.africa-press.net\/djibouti\/#website\"},\"primaryImageOfPage\":{\"@id\":\"https:\/\/www.africa-press.net\/djibouti\/photo\/le-projet-appui-aux-jardins-maraichers-et-fourragers-de-kalaf-dans-la-de-tadjourah#primaryimage\"},\"image\":{\"@id\":\"https:\/\/www.africa-press.net\/djibouti\/photo\/le-projet-appui-aux-jardins-maraichers-et-fourragers-de-kalaf-dans-la-de-tadjourah#primaryimage\"},\"thumbnailUrl\":\"https:\/\/static.africa-press.net\/djibouti\/sites\/52\/2023\/09\/sm_1694085846.48944.jpg\",\"datePublished\":\"2023-09-07T13:50:01+00:00\",\"dateModified\":\"2023-09-07T14:54:50+00:00\",\"author\":{\"@id\":\"https:\/\/www.africa-press.net\/djibouti\/#\/schema\/person\/2b1cf3cd81a31e3cd26889ca66d677f1\"},\"description\":\"Dans le cadre du programme \u201cRenforcement de la Participation de la Socie\u0301te\u0301 Civile dans la Gouvernance Locale et le De\u0301 ...\",\"breadcrumb\":{\"@id\":\"https:\/\/www.africa-press.net\/djibouti\/photo\/le-projet-appui-aux-jardins-maraichers-et-fourragers-de-kalaf-dans-la-de-tadjourah#breadcrumb\"},\"inLanguage\":\"fr-FR\",\"potentialAction\":[{\"@type\":\"ReadAction\",\"target\":[\"https:\/\/www.africa-press.net\/djibouti\/photo\/le-projet-appui-aux-jardins-maraichers-et-fourragers-de-kalaf-dans-la-de-tadjourah\"]}]},{\"@type\":\"ImageObject\",\"inLanguage\":\"fr-FR\",\"@id\":\"https:\/\/www.africa-press.net\/djibouti\/photo\/le-projet-appui-aux-jardins-maraichers-et-fourragers-de-kalaf-dans-la-de-tadjourah#primaryimage\",\"url\":\"https:\/\/static.africa-press.net\/djibouti\/sites\/52\/2023\/09\/sm_1694085846.48944.jpg\",\"contentUrl\":\"https:\/\/static.africa-press.net\/djibouti\/sites\/52\/2023\/09\/sm_1694085846.48944.jpg\",\"width\":768,\"height\":576,\"caption\":\"Le projet \u00ab Appui aux jardins maraichers et fourragers de Kalaf \u00bb, dans la de Tadjourah\"},{\"@type\":\"BreadcrumbList\",\"@id\":\"https:\/\/www.africa-press.net\/djibouti\/photo\/le-projet-appui-aux-jardins-maraichers-et-fourragers-de-kalaf-dans-la-de-tadjourah#breadcrumb\",\"itemListElement\":[{\"@type\":\"ListItem\",\"position\":1,\"name\":\"Accueil\",\"item\":\"https:\/\/www.africa-press.net\/djibouti\/\"},{\"@type\":\"ListItem\",\"position\":2,\"name\":\"Le projet \u00ab Appui aux jardins maraichers et fourragers de Kalaf \u00bb, dans la de Tadjourah\"}]},{\"@type\":\"WebSite\",\"@id\":\"https:\/\/www.africa-press.net\/djibouti\/#website\",\"url\":\"https:\/\/www.africa-press.net\/djibouti\/\",\"name\":\"Djibouti\",\"description\":\"Just another Africa News Agency Sites site\",\"potentialAction\":[{\"@type\":\"SearchAction\",\"target\":{\"@type\":\"EntryPoint\",\"urlTemplate\":\"https:\/\/www.africa-press.net\/djibouti\/?s={search_term_string}\"},\"query-input\":{\"@type\":\"PropertyValueSpecification\",\"valueRequired\":true,\"valueName\":\"search_term_string\"}}],\"inLanguage\":\"fr-FR\"},{\"@type\":\"Person\",\"@id\":\"https:\/\/www.africa-press.net\/djibouti\/#\/schema\/person\/2b1cf3cd81a31e3cd26889ca66d677f1\",\"name\":\"cfeditorfr\"}]}<\/script>\n<!-- \/ Yoast SEO Premium plugin. -->","yoast_head_json":{"title":"Le projet \u00ab Appui aux jardins maraichers et fourragers de Kalaf \u00bb, dans la de Tadjourah - Djibouti","description":"Dans le cadre du programme \u201cRenforcement de la Participation de la Socie\u0301te\u0301 Civile dans la Gouvernance Locale et le De\u0301 ...","robots":{"index":"index","follow":"follow","max-snippet":"max-snippet:-1","max-image-preview":"max-image-preview:large","max-video-preview":"max-video-preview:-1"},"canonical":"https:\/\/www.africa-press.net\/djibouti\/photo\/le-projet-appui-aux-jardins-maraichers-et-fourragers-de-kalaf-dans-la-de-tadjourah","og_locale":"fr_FR","og_type":"article","og_title":"Le projet \u00ab Appui aux jardins maraichers et fourragers de Kalaf \u00bb, dans la de Tadjourah","og_description":"Dans le cadre du programme \u201cRenforcement de la Participation de la Socie\u0301te\u0301 Civile dans la Gouvernance Locale et le De\u0301 ...","og_url":"https:\/\/www.africa-press.net\/djibouti\/photo\/le-projet-appui-aux-jardins-maraichers-et-fourragers-de-kalaf-dans-la-de-tadjourah","og_site_name":"Djibouti","article_published_time":"2023-09-07T13:50:01+00:00","article_modified_time":"2023-09-07T14:54:50+00:00","og_image":[{"width":768,"height":576,"url":"https:\/\/static.africa-press.net\/djibouti\/sites\/52\/2023\/09\/sm_1694085846.48944.jpg","type":"image\/jpeg"}],"author":"cfeditorfr","twitter_card":"summary_large_image","twitter_misc":{"\u00c9crit par":"cfeditorfr","Dur\u00e9e de lecture estim\u00e9e":"3 minutes"},"schema":{"@context":"https:\/\/schema.org","@graph":[{"@type":"Article","@id":"https:\/\/www.africa-press.net\/djibouti\/photo\/le-projet-appui-aux-jardins-maraichers-et-fourragers-de-kalaf-dans-la-de-tadjourah#article","isPartOf":{"@id":"https:\/\/www.africa-press.net\/djibouti\/photo\/le-projet-appui-aux-jardins-maraichers-et-fourragers-de-kalaf-dans-la-de-tadjourah"},"author":{"name":"cfeditorfr","@id":"https:\/\/www.africa-press.net\/djibouti\/#\/schema\/person\/2b1cf3cd81a31e3cd26889ca66d677f1"},"headline":"Le projet \u00ab Appui aux jardins maraichers et fourragers de Kalaf \u00bb, dans la de Tadjourah","datePublished":"2023-09-07T13:50:01+00:00","dateModified":"2023-09-07T14:54:50+00:00","mainEntityOfPage":{"@id":"https:\/\/www.africa-press.net\/djibouti\/photo\/le-projet-appui-aux-jardins-maraichers-et-fourragers-de-kalaf-dans-la-de-tadjourah"},"wordCount":565,"commentCount":0,"image":{"@id":"https:\/\/www.africa-press.net\/djibouti\/photo\/le-projet-appui-aux-jardins-maraichers-et-fourragers-de-kalaf-dans-la-de-tadjourah#primaryimage"},"thumbnailUrl":"https:\/\/static.africa-press.net\/djibouti\/sites\/52\/2023\/09\/sm_1694085846.48944.jpg","keywords":["Africa Press","Africa Press-Djibouti","Djibouti"],"articleSection":["Communaut\u00e9","Photo","Toutes les actualit\u00e9s"],"inLanguage":"fr-FR","potentialAction":[{"@type":"CommentAction","name":"Comment","target":["https:\/\/www.africa-press.net\/djibouti\/photo\/le-projet-appui-aux-jardins-maraichers-et-fourragers-de-kalaf-dans-la-de-tadjourah#respond"]}]},{"@type":"WebPage","@id":"https:\/\/www.africa-press.net\/djibouti\/photo\/le-projet-appui-aux-jardins-maraichers-et-fourragers-de-kalaf-dans-la-de-tadjourah","url":"https:\/\/www.africa-press.net\/djibouti\/photo\/le-projet-appui-aux-jardins-maraichers-et-fourragers-de-kalaf-dans-la-de-tadjourah","name":"Le projet \u00ab Appui aux jardins maraichers et fourragers de Kalaf \u00bb, dans la de Tadjourah - Djibouti","isPartOf":{"@id":"https:\/\/www.africa-press.net\/djibouti\/#website"},"primaryImageOfPage":{"@id":"https:\/\/www.africa-press.net\/djibouti\/photo\/le-projet-appui-aux-jardins-maraichers-et-fourragers-de-kalaf-dans-la-de-tadjourah#primaryimage"},"image":{"@id":"https:\/\/www.africa-press.net\/djibouti\/photo\/le-projet-appui-aux-jardins-maraichers-et-fourragers-de-kalaf-dans-la-de-tadjourah#primaryimage"},"thumbnailUrl":"https:\/\/static.africa-press.net\/djibouti\/sites\/52\/2023\/09\/sm_1694085846.48944.jpg","datePublished":"2023-09-07T13:50:01+00:00","dateModified":"2023-09-07T14:54:50+00:00","author":{"@id":"https:\/\/www.africa-press.net\/djibouti\/#\/schema\/person\/2b1cf3cd81a31e3cd26889ca66d677f1"},"description":"Dans le cadre du programme \u201cRenforcement de la Participation de la Socie\u0301te\u0301 Civile dans la Gouvernance Locale et le De\u0301 ...","breadcrumb":{"@id":"https:\/\/www.africa-press.net\/djibouti\/photo\/le-projet-appui-aux-jardins-maraichers-et-fourragers-de-kalaf-dans-la-de-tadjourah#breadcrumb"},"inLanguage":"fr-FR","potentialAction":[{"@type":"ReadAction","target":["https:\/\/www.africa-press.net\/djibouti\/photo\/le-projet-appui-aux-jardins-maraichers-et-fourragers-de-kalaf-dans-la-de-tadjourah"]}]},{"@type":"ImageObject","inLanguage":"fr-FR","@id":"https:\/\/www.africa-press.net\/djibouti\/photo\/le-projet-appui-aux-jardins-maraichers-et-fourragers-de-kalaf-dans-la-de-tadjourah#primaryimage","url":"https:\/\/static.africa-press.net\/djibouti\/sites\/52\/2023\/09\/sm_1694085846.48944.jpg","contentUrl":"https:\/\/static.africa-press.net\/djibouti\/sites\/52\/2023\/09\/sm_1694085846.48944.jpg","width":768,"height":576,"caption":"Le projet \u00ab Appui aux jardins maraichers et fourragers de Kalaf \u00bb, dans la de Tadjourah"},{"@type":"BreadcrumbList","@id":"https:\/\/www.africa-press.net\/djibouti\/photo\/le-projet-appui-aux-jardins-maraichers-et-fourragers-de-kalaf-dans-la-de-tadjourah#breadcrumb","itemListElement":[{"@type":"ListItem","position":1,"name":"Accueil","item":"https:\/\/www.africa-press.net\/djibouti\/"},{"@type":"ListItem","position":2,"name":"Le projet \u00ab Appui aux jardins maraichers et fourragers de Kalaf \u00bb, dans la de Tadjourah"}]},{"@type":"WebSite","@id":"https:\/\/www.africa-press.net\/djibouti\/#website","url":"https:\/\/www.africa-press.net\/djibouti\/","name":"Djibouti","description":"Just another Africa News Agency Sites site","potentialAction":[{"@type":"SearchAction","target":{"@type":"EntryPoint","urlTemplate":"https:\/\/www.africa-press.net\/djibouti\/?s={search_term_string}"},"query-input":{"@type":"PropertyValueSpecification","valueRequired":true,"valueName":"search_term_string"}}],"inLanguage":"fr-FR"},{"@type":"Person","@id":"https:\/\/www.africa-press.net\/djibouti\/#\/schema\/person\/2b1cf3cd81a31e3cd26889ca66d677f1","name":"cfeditorfr"}]}},"_links":{"self":[{"href":"https:\/\/www.africa-press.net\/djibouti\/wp-json\/wp\/v2\/posts\/17550","targetHints":{"allow":["GET"]}}],"collection":[{"href":"https:\/\/www.africa-press.net\/djibouti\/wp-json\/wp\/v2\/posts"}],"about":[{"href":"https:\/\/www.africa-press.net\/djibouti\/wp-json\/wp\/v2\/types\/post"}],"author":[{"embeddable":true,"href":"https:\/\/www.africa-press.net\/djibouti\/wp-json\/wp\/v2\/users\/82"}],"replies":[{"embeddable":true,"href":"https:\/\/www.africa-press.net\/djibouti\/wp-json\/wp\/v2\/comments?post=17550"}],"version-history":[{"count":0,"href":"https:\/\/www.africa-press.net\/djibouti\/wp-json\/wp\/v2\/posts\/17550\/revisions"}],"wp:featuredmedia":[{"embeddable":true,"href":"https:\/\/www.africa-press.net\/djibouti\/wp-json\/wp\/v2\/media\/17549"}],"wp:attachment":[{"href":"https:\/\/www.africa-press.net\/djibouti\/wp-json\/wp\/v2\/media?parent=17550"}],"wp:term":[{"taxonomy":"category","embeddable":true,"href":"https:\/\/www.africa-press.net\/djibouti\/wp-json\/wp\/v2\/categories?post=17550"},{"taxonomy":"post_tag","embeddable":true,"href":"https:\/\/www.africa-press.net\/djibouti\/wp-json\/wp\/v2\/tags?post=17550"}],"curies":[{"name":"wp","href":"https:\/\/api.w.org\/{rel}","templated":true}]}}