{"id":17568,"date":"2023-09-07T13:51:43","date_gmt":"2023-09-07T13:51:43","guid":{"rendered":"https:\/\/www.africa-press.net\/djibouti\/politique\/rentree-scolaire-des-eleves-du-secondaire-2023-2024"},"modified":"2023-09-07T14:59:33","modified_gmt":"2023-09-07T14:59:33","slug":"rentree-scolaire-des-eleves-du-secondaire-2023-2024","status":"publish","type":"post","link":"https:\/\/www.africa-press.net\/djibouti\/culture-et-art\/rentree-scolaire-des-eleves-du-secondaire-2023-2024","title":{"rendered":"Rentr\u00e9e scolaire des \u00e9l\u00e8ves du secondaire 2023\/2024"},"content":{"rendered":"<p><span style=\"color: #ff6600\"><strong>Africa-Press &#8211; Djibouti. <\/strong><\/span>Pre\u0300s les e\u0301le\u0300ves de l\u2019enseignement fondamental, les lyce\u0301ens ont repris le chemin de l\u2019e\u0301cole. Ainsi, ils sont plus de 21 000 e\u0301le\u0300ves de l\u2019enseignement secondaire ge\u0301ne\u0301ral et 5895 e\u0301le\u0300ves de l\u2019enseignement technique et formation professionnelle qui ont retrouve\u0301 les bancs de leurs e\u0301tablissements scolaires.<\/p>\n<p>Les e\u0301le\u0300ves ont e\u0301te\u0301 chaleureusement accueillis dans des e\u0301tablissements re\u0301nove\u0301s gra\u0302ce aux travaux d\u2019e\u0301te\u0301 mene\u0301s par le MENFOP. Les retrouvailles entre amis ont illumine\u0301 les cours de sourires et de rires.<\/p>\n<p>Il faut noter cette anne\u0301e, l\u2019ouverture de trois nouveaux lyce\u0301es dans la re\u0301gion de Dikhil, a\u0300 As Eyla, Sankal et Mouloud. Cette expansion renforce l\u2019engagement du MENFOP envers l\u2019e\u0301ducation de proximite\u0301, visant a\u0300 fixer les familles et a\u0300 limiter l\u2019exode rural. La construction constante d\u2019e\u0301coles se poursuit, atteignant de\u0301sormais les endroits les plus recule\u0301s du pays.<\/p>\n<p>Pour rappel, le MENFOP garde le cap dans sa politique de renforcement des capacite\u0301s des enseignants et des personnels d\u2019encadrement pe\u0301dagogique et administratif en ame\u0301liorant la pratique des classes et la culture de gestion axe\u0301e sur les re\u0301sultats et en renforc\u0327ant les innovations.<\/p>\n<p>Il faut dire que toutes les dispositions ont e\u0301te\u0301 prises pour assurer une rentre\u0301e scolaire sous les meilleurs auspices cette anne\u0301e. Pour rappel, le MENFOP avait mis l\u2019accent cette anne\u0301e sur une se\u0301rie de priorite\u0301s dans la lettre d\u2019orientation de la rentre\u0301e scolaire 2023\/2024. Des axes prioritaires comme la mise en \u0153uvre acce\u0301le\u0301re\u0301e de la politique du nume\u0301rique avec un recours accru aux Technologies de l\u2019Information et de la Communication dans l\u2019E\u0301ducation (TICE), l\u2019insertion professionnelle pour les lyce\u0301ens dans les filie\u0300res techniques et professionnelles, entre autres. Plus ge\u0301ne\u0301ralement, la lettre de la rentre\u0301e scolaire 2023\/2024 met un accent particulier sur le renforcement des performances et des compe\u0301tences socio-scolaires des e\u0301le\u0300ves et lutte contre l\u2019abandon et le de\u0301crochage scolaire. Pour ce faire, le ministe\u0300re mise sur l\u2019accompagnement personnalise\u0301 des e\u0301le\u0300ves et des enseignants par des plans de carrie\u0300re ainsi que le renforcement des compe\u0301tences et du leadership des chefs d\u2019e\u0301tablissements. Dans le cadre de son Plan d\u2019action 2021-2025, le MENFOP projette de cre\u0301er 6 Centres Sectoriels de la Formation Professionnelle de\u0301die\u0301s aux me\u0301tiers du nume\u0301rique, de l\u2019automobile, de l\u2019ho\u0302tellerie, de la menuiserie bois et aluminium, de l\u2019industrie et du textile. Ces centres spe\u0301cialise\u0301s visent a\u0300 augmenter les taux d\u2019insertion des jeunes sortants de nos centres de formation et de nos lyce\u0301es professionnels.<\/p>\n<p>Autre nouveaute\u0301, pour cette rentre\u0301e 2023-2024, a\u0300 l\u2019instar des colle\u0300ges, au sein de tous les lyce\u0301es du pays, le MENFOP mettra en place des assistants sociaux pour apporter l\u2019accompagnement, le bien-e\u0302tre et le soutien psychologique aux adolescents qui pre\u0301senteraient des signes de de\u0301tresse.<\/p>\n<p>A\u0300 terme, il s\u2019agit de favoriser l\u2019e\u0301mergence d\u2019une e\u0301cole Djiboutienne moderne et en phase avec son e\u0301poque a\u0300 me\u0302me de former des citoyens capables de s\u2019inse\u0301rer dans le monde professionnel et qui participent activement au de\u0301veloppement du pays.<\/p>\n<p>Cette rentre\u0301e scolaire s\u2019annonce donc prometteuse, marque\u0301e par un effort continu du MENFOP pour l\u2019ame\u0301lioration de notre syste\u0300me e\u0301ducatif.<\/p>\n\r\n                <style type=\"text\/css\">\r\n                    \r\n                    #td_uid_1_69eff3b12881f  .td-doubleSlider-2 .td-item1 {\r\n                        background: url(https:\/\/static.africa-press.net\/djibouti\/sites\/52\/2023\/09\/sm_1694086033.896473-80x60.jpg) 0 0 no-repeat;\r\n                    }\r\n                    #td_uid_1_69eff3b12881f  .td-doubleSlider-2 .td-item2 {\r\n                        background: url(https:\/\/static.africa-press.net\/djibouti\/sites\/52\/2023\/09\/sm_1694086053.607657-80x60.jpg) 0 0 no-repeat;\r\n                    }\r\n                    #td_uid_1_69eff3b12881f  .td-doubleSlider-2 .td-item3 {\r\n                        background: url(https:\/\/static.africa-press.net\/djibouti\/sites\/52\/2023\/09\/sm_1694086072.42248-80x60.jpg) 0 0 no-repeat;\r\n                    }\r\n                    #td_uid_1_69eff3b12881f  .td-doubleSlider-2 .td-item4 {\r\n                        background: url(https:\/\/static.africa-press.net\/djibouti\/sites\/52\/2023\/09\/sm_1694086092.242801-80x60.jpg) 0 0 no-repeat;\r\n                    }\r\n                    #td_uid_1_69eff3b12881f  .td-doubleSlider-2 .td-item5 {\r\n                        background: url(https:\/\/static.africa-press.net\/djibouti\/sites\/52\/2023\/09\/sm_1694086106.065762-80x60.jpg) 0 0 no-repeat;\r\n                    }\r\n                <\/style>\r\n\r\n                <div id=\"td_uid_1_69eff3b12881f\" class=\"td-gallery td-slide-on-2-columns\">\r\n                    <div class=\"post_td_gallery\">\r\n                        <div class=\"td-gallery-slide-top\">\r\n                           <div class=\"td-gallery-title\"><\/div>\r\n\r\n                            <div class=\"td-gallery-controls-wrapper\">\r\n                                <div class=\"td-gallery-slide-count\"><span class=\"td-gallery-slide-item-focus\">1<\/span> de 5<\/div>\r\n                                <div class=\"td-gallery-slide-prev-next-but\">\r\n                                    <i class = \"td-icon-left doubleSliderPrevButton\"><\/i>\r\n                                    <i class = \"td-icon-right doubleSliderNextButton\"><\/i>\r\n                                <\/div>\r\n                            <\/div>\r\n                        <\/div>\r\n\r\n                        <div class = \"td-doubleSlider-1 \">\r\n                            <div class = \"td-slider\">\r\n                                \r\n                    <div class = \"td-slide-item td-item1\">\r\n                        <figure class=\"td-slide-galery-figure td-slide-popup-gallery\">\r\n                            <a class=\"slide-gallery-image-link\" href=\"https:\/\/static.africa-press.net\/djibouti\/sites\/52\/2023\/09\/sm_1694086033.896473.jpg\" title=\"sm_1694086033.896473\"  data-caption=\"\"  data-description=\"\">\r\n                                <img decoding=\"async\" src=\"https:\/\/static.africa-press.net\/djibouti\/sites\/52\/2023\/09\/sm_1694086033.896473.jpg\" srcset=\"https:\/\/static.africa-press.net\/djibouti\/sites\/52\/2023\/09\/sm_1694086033.896473.jpg 1024w, https:\/\/static.africa-press.net\/djibouti\/sites\/52\/2023\/09\/sm_1694086033.896473-300x152.jpg 300w, https:\/\/static.africa-press.net\/djibouti\/sites\/52\/2023\/09\/sm_1694086033.896473-768x389.jpg 768w\" sizes=\"(max-width: 1024px) 100vw, 1024px\" alt=\"\">\r\n                            <\/a>\r\n                            \r\n                        <\/figure>\r\n                    <\/div>\r\n                    <div class = \"td-slide-item td-item2\">\r\n                        <figure class=\"td-slide-galery-figure td-slide-popup-gallery\">\r\n                            <a class=\"slide-gallery-image-link\" href=\"https:\/\/static.africa-press.net\/djibouti\/sites\/52\/2023\/09\/sm_1694086053.607657.jpg\" title=\"sm_1694086053.607657\"  data-caption=\"\"  data-description=\"\">\r\n                                <img decoding=\"async\" src=\"https:\/\/static.africa-press.net\/djibouti\/sites\/52\/2023\/09\/sm_1694086053.607657.jpg\" srcset=\"https:\/\/static.africa-press.net\/djibouti\/sites\/52\/2023\/09\/sm_1694086053.607657.jpg 1024w, https:\/\/static.africa-press.net\/djibouti\/sites\/52\/2023\/09\/sm_1694086053.607657-300x151.jpg 300w, https:\/\/static.africa-press.net\/djibouti\/sites\/52\/2023\/09\/sm_1694086053.607657-768x386.jpg 768w\" sizes=\"(max-width: 1024px) 100vw, 1024px\" alt=\"\">\r\n                            <\/a>\r\n                            \r\n                        <\/figure>\r\n                    <\/div>\r\n                    <div class = \"td-slide-item td-item3\">\r\n                        <figure class=\"td-slide-galery-figure td-slide-popup-gallery\">\r\n                            <a class=\"slide-gallery-image-link\" href=\"https:\/\/static.africa-press.net\/djibouti\/sites\/52\/2023\/09\/sm_1694086072.42248.jpg\" title=\"sm_1694086072.42248\"  data-caption=\"\"  data-description=\"\">\r\n                                <img decoding=\"async\" src=\"https:\/\/static.africa-press.net\/djibouti\/sites\/52\/2023\/09\/sm_1694086072.42248.jpg\" srcset=\"https:\/\/static.africa-press.net\/djibouti\/sites\/52\/2023\/09\/sm_1694086072.42248.jpg 1024w, https:\/\/static.africa-press.net\/djibouti\/sites\/52\/2023\/09\/sm_1694086072.42248-300x151.jpg 300w, https:\/\/static.africa-press.net\/djibouti\/sites\/52\/2023\/09\/sm_1694086072.42248-768x387.jpg 768w\" sizes=\"(max-width: 1024px) 100vw, 1024px\" alt=\"\">\r\n                            <\/a>\r\n                            \r\n                        <\/figure>\r\n                    <\/div>\r\n                    <div class = \"td-slide-item td-item4\">\r\n                        <figure class=\"td-slide-galery-figure td-slide-popup-gallery\">\r\n                            <a class=\"slide-gallery-image-link\" href=\"https:\/\/static.africa-press.net\/djibouti\/sites\/52\/2023\/09\/sm_1694086092.242801.jpg\" title=\"sm_1694086092.242801\"  data-caption=\"\"  data-description=\"\">\r\n                                <img decoding=\"async\" src=\"https:\/\/static.africa-press.net\/djibouti\/sites\/52\/2023\/09\/sm_1694086092.242801.jpg\" srcset=\"https:\/\/static.africa-press.net\/djibouti\/sites\/52\/2023\/09\/sm_1694086092.242801.jpg 1024w, https:\/\/static.africa-press.net\/djibouti\/sites\/52\/2023\/09\/sm_1694086092.242801-300x168.jpg 300w, https:\/\/static.africa-press.net\/djibouti\/sites\/52\/2023\/09\/sm_1694086092.242801-768x429.jpg 768w\" sizes=\"(max-width: 1024px) 100vw, 1024px\" alt=\"\">\r\n                            <\/a>\r\n                            \r\n                        <\/figure>\r\n                    <\/div>\r\n                    <div class = \"td-slide-item td-item5\">\r\n                        <figure class=\"td-slide-galery-figure td-slide-popup-gallery\">\r\n                            <a class=\"slide-gallery-image-link\" href=\"https:\/\/static.africa-press.net\/djibouti\/sites\/52\/2023\/09\/sm_1694086106.065762.jpg\" title=\"sm_1694086106.065762\"  data-caption=\"\"  data-description=\"\">\r\n                                <img decoding=\"async\" src=\"https:\/\/static.africa-press.net\/djibouti\/sites\/52\/2023\/09\/sm_1694086106.065762.jpg\" srcset=\"https:\/\/static.africa-press.net\/djibouti\/sites\/52\/2023\/09\/sm_1694086106.065762.jpg 1024w, https:\/\/static.africa-press.net\/djibouti\/sites\/52\/2023\/09\/sm_1694086106.065762-300x154.jpg 300w, https:\/\/static.africa-press.net\/djibouti\/sites\/52\/2023\/09\/sm_1694086106.065762-768x393.jpg 768w\" sizes=\"(max-width: 1024px) 100vw, 1024px\" alt=\"\">\r\n                            <\/a>\r\n                            \r\n                        <\/figure>\r\n                    <\/div>\r\n                            <\/div>\r\n                        <\/div>\r\n\r\n                        <div class = \"td-doubleSlider-2\">\r\n                            <div class = \"td-slider\">\r\n                                \r\n                    <div class = \"td-button td-item1\">\r\n                        <div class = \"td-border\"><\/div>\r\n                    <\/div>\r\n                    <div class = \"td-button td-item2\">\r\n                        <div class = \"td-border\"><\/div>\r\n                    <\/div>\r\n                    <div class = \"td-button td-item3\">\r\n                        <div class = \"td-border\"><\/div>\r\n                    <\/div>\r\n                    <div class = \"td-button td-item4\">\r\n                        <div class = \"td-border\"><\/div>\r\n                    <\/div>\r\n                    <div class = \"td-button td-item5\">\r\n                        <div class = \"td-border\"><\/div>\r\n                    <\/div>\r\n                            <\/div>\r\n                        <\/div>\r\n\r\n                    <\/div>\r\n\r\n                <\/div>\r\n                \n<p><strong>Pour plus d&rsquo;informations et d&rsquo;analyses sur la <a href=\"https:\/\/www.africa-press.net\/djibouti\">Djibouti<\/a>, suivez <a href=\"https:\/\/www.africa-press.net\/\">Africa-Press<\/a><\/strong><\/p>\n","protected":false},"excerpt":{"rendered":"<p>Africa-Press &#8211; Djibouti. Pre\u0300s les e\u0301le\u0300ves de l\u2019enseignement fondamental, les lyce\u0301ens ont repris le chemin de l\u2019e\u0301cole. Ainsi, ils sont plus de 21 000 e\u0301le\u0300ves de l\u2019enseignement secondaire ge\u0301ne\u0301ral et 5895 e\u0301le\u0300ves de l\u2019enseignement technique et formation professionnelle qui ont retrouve\u0301 les bancs de leurs e\u0301tablissements scolaires. Les e\u0301le\u0300ves ont e\u0301te\u0301 chaleureusement accueillis dans des [&hellip;]<\/p>\n","protected":false},"author":82,"featured_media":17567,"comment_status":"open","ping_status":"closed","sticky":false,"template":"","format":"standard","meta":{"footnotes":""},"categories":[5,8,10],"tags":[36,49,50],"class_list":["post-17568","post","type-post","status-publish","format-standard","has-post-thumbnail","hentry","category-culture-et-art","category-photo","category-toutes-les-actualites","tag-africa-press","tag-africa-press-djibouti","tag-djibouti"],"yoast_head":"<!-- This site is optimized with the Yoast SEO Premium plugin v26.1 (Yoast SEO v27.0) - https:\/\/yoast.com\/product\/yoast-seo-premium-wordpress\/ -->\n<title>Rentr\u00e9e scolaire des \u00e9l\u00e8ves du secondaire 2023\/2024 - Djibouti<\/title>\n<meta name=\"description\" content=\"Pre\u0300s les e\u0301le\u0300ves de l\u2019enseignement fondamental, les lyce\u0301ens ont repris le chemin de l\u2019e\u0301cole. Ainsi, ils sont plus de ...\" \/>\n<meta name=\"robots\" content=\"index, follow, max-snippet:-1, max-image-preview:large, max-video-preview:-1\" \/>\n<link rel=\"canonical\" href=\"https:\/\/www.africa-press.net\/djibouti\/culture-et-art\/rentree-scolaire-des-eleves-du-secondaire-2023-2024\" \/>\n<meta property=\"og:locale\" content=\"fr_FR\" \/>\n<meta property=\"og:type\" content=\"article\" \/>\n<meta property=\"og:title\" content=\"Rentr\u00e9e scolaire des \u00e9l\u00e8ves du secondaire 2023\/2024\" \/>\n<meta property=\"og:description\" content=\"Pre\u0300s les e\u0301le\u0300ves de l\u2019enseignement fondamental, les lyce\u0301ens ont repris le chemin de l\u2019e\u0301cole. Ainsi, ils sont plus de ...\" \/>\n<meta property=\"og:url\" content=\"https:\/\/www.africa-press.net\/djibouti\/culture-et-art\/rentree-scolaire-des-eleves-du-secondaire-2023-2024\" \/>\n<meta property=\"og:site_name\" content=\"Djibouti\" \/>\n<meta property=\"article:published_time\" content=\"2023-09-07T13:51:43+00:00\" \/>\n<meta property=\"article:modified_time\" content=\"2023-09-07T14:59:33+00:00\" \/>\n<meta property=\"og:image\" content=\"https:\/\/static.africa-press.net\/djibouti\/sites\/52\/2023\/09\/sm_1694086123.189333.jpg\" \/>\n\t<meta property=\"og:image:width\" content=\"720\" \/>\n\t<meta property=\"og:image:height\" content=\"352\" \/>\n\t<meta property=\"og:image:type\" content=\"image\/jpeg\" \/>\n<meta name=\"author\" content=\"cfeditorfr\" \/>\n<meta name=\"twitter:card\" content=\"summary_large_image\" \/>\n<meta name=\"twitter:label1\" content=\"\u00c9crit par\" \/>\n\t<meta name=\"twitter:data1\" content=\"cfeditorfr\" \/>\n\t<meta name=\"twitter:label2\" content=\"Dur\u00e9e de lecture estim\u00e9e\" \/>\n\t<meta name=\"twitter:data2\" content=\"3 minutes\" \/>\n<script type=\"application\/ld+json\" class=\"yoast-schema-graph\">{\"@context\":\"https:\/\/schema.org\",\"@graph\":[{\"@type\":\"Article\",\"@id\":\"https:\/\/www.africa-press.net\/djibouti\/culture-et-art\/rentree-scolaire-des-eleves-du-secondaire-2023-2024#article\",\"isPartOf\":{\"@id\":\"https:\/\/www.africa-press.net\/djibouti\/culture-et-art\/rentree-scolaire-des-eleves-du-secondaire-2023-2024\"},\"author\":{\"name\":\"cfeditorfr\",\"@id\":\"https:\/\/www.africa-press.net\/djibouti\/#\/schema\/person\/2b1cf3cd81a31e3cd26889ca66d677f1\"},\"headline\":\"Rentr\u00e9e scolaire des \u00e9l\u00e8ves du secondaire 2023\/2024\",\"datePublished\":\"2023-09-07T13:51:43+00:00\",\"dateModified\":\"2023-09-07T14:59:33+00:00\",\"mainEntityOfPage\":{\"@id\":\"https:\/\/www.africa-press.net\/djibouti\/culture-et-art\/rentree-scolaire-des-eleves-du-secondaire-2023-2024\"},\"wordCount\":631,\"commentCount\":0,\"image\":{\"@id\":\"https:\/\/www.africa-press.net\/djibouti\/culture-et-art\/rentree-scolaire-des-eleves-du-secondaire-2023-2024#primaryimage\"},\"thumbnailUrl\":\"https:\/\/static.africa-press.net\/djibouti\/sites\/52\/2023\/09\/sm_1694086123.189333.jpg\",\"keywords\":[\"Africa Press\",\"Africa Press-Djibouti\",\"Djibouti\"],\"articleSection\":[\"Culture et Art\",\"Photo\",\"Toutes les actualit\u00e9s\"],\"inLanguage\":\"fr-FR\",\"potentialAction\":[{\"@type\":\"CommentAction\",\"name\":\"Comment\",\"target\":[\"https:\/\/www.africa-press.net\/djibouti\/culture-et-art\/rentree-scolaire-des-eleves-du-secondaire-2023-2024#respond\"]}]},{\"@type\":\"WebPage\",\"@id\":\"https:\/\/www.africa-press.net\/djibouti\/culture-et-art\/rentree-scolaire-des-eleves-du-secondaire-2023-2024\",\"url\":\"https:\/\/www.africa-press.net\/djibouti\/culture-et-art\/rentree-scolaire-des-eleves-du-secondaire-2023-2024\",\"name\":\"Rentr\u00e9e scolaire des \u00e9l\u00e8ves du secondaire 2023\/2024 - Djibouti\",\"isPartOf\":{\"@id\":\"https:\/\/www.africa-press.net\/djibouti\/#website\"},\"primaryImageOfPage\":{\"@id\":\"https:\/\/www.africa-press.net\/djibouti\/culture-et-art\/rentree-scolaire-des-eleves-du-secondaire-2023-2024#primaryimage\"},\"image\":{\"@id\":\"https:\/\/www.africa-press.net\/djibouti\/culture-et-art\/rentree-scolaire-des-eleves-du-secondaire-2023-2024#primaryimage\"},\"thumbnailUrl\":\"https:\/\/static.africa-press.net\/djibouti\/sites\/52\/2023\/09\/sm_1694086123.189333.jpg\",\"datePublished\":\"2023-09-07T13:51:43+00:00\",\"dateModified\":\"2023-09-07T14:59:33+00:00\",\"author\":{\"@id\":\"https:\/\/www.africa-press.net\/djibouti\/#\/schema\/person\/2b1cf3cd81a31e3cd26889ca66d677f1\"},\"description\":\"Pre\u0300s les e\u0301le\u0300ves de l\u2019enseignement fondamental, les lyce\u0301ens ont repris le chemin de l\u2019e\u0301cole. Ainsi, ils sont plus de ...\",\"breadcrumb\":{\"@id\":\"https:\/\/www.africa-press.net\/djibouti\/culture-et-art\/rentree-scolaire-des-eleves-du-secondaire-2023-2024#breadcrumb\"},\"inLanguage\":\"fr-FR\",\"potentialAction\":[{\"@type\":\"ReadAction\",\"target\":[\"https:\/\/www.africa-press.net\/djibouti\/culture-et-art\/rentree-scolaire-des-eleves-du-secondaire-2023-2024\"]}]},{\"@type\":\"ImageObject\",\"inLanguage\":\"fr-FR\",\"@id\":\"https:\/\/www.africa-press.net\/djibouti\/culture-et-art\/rentree-scolaire-des-eleves-du-secondaire-2023-2024#primaryimage\",\"url\":\"https:\/\/static.africa-press.net\/djibouti\/sites\/52\/2023\/09\/sm_1694086123.189333.jpg\",\"contentUrl\":\"https:\/\/static.africa-press.net\/djibouti\/sites\/52\/2023\/09\/sm_1694086123.189333.jpg\",\"width\":720,\"height\":352,\"caption\":\"Rentr\u00e9e scolaire des \u00e9l\u00e8ves du secondaire 2023\/2024\"},{\"@type\":\"BreadcrumbList\",\"@id\":\"https:\/\/www.africa-press.net\/djibouti\/culture-et-art\/rentree-scolaire-des-eleves-du-secondaire-2023-2024#breadcrumb\",\"itemListElement\":[{\"@type\":\"ListItem\",\"position\":1,\"name\":\"Accueil\",\"item\":\"https:\/\/www.africa-press.net\/djibouti\/\"},{\"@type\":\"ListItem\",\"position\":2,\"name\":\"Rentr\u00e9e scolaire des \u00e9l\u00e8ves du secondaire 2023\/2024\"}]},{\"@type\":\"WebSite\",\"@id\":\"https:\/\/www.africa-press.net\/djibouti\/#website\",\"url\":\"https:\/\/www.africa-press.net\/djibouti\/\",\"name\":\"Djibouti\",\"description\":\"Just another Africa News Agency Sites site\",\"potentialAction\":[{\"@type\":\"SearchAction\",\"target\":{\"@type\":\"EntryPoint\",\"urlTemplate\":\"https:\/\/www.africa-press.net\/djibouti\/?s={search_term_string}\"},\"query-input\":{\"@type\":\"PropertyValueSpecification\",\"valueRequired\":true,\"valueName\":\"search_term_string\"}}],\"inLanguage\":\"fr-FR\"},{\"@type\":\"Person\",\"@id\":\"https:\/\/www.africa-press.net\/djibouti\/#\/schema\/person\/2b1cf3cd81a31e3cd26889ca66d677f1\",\"name\":\"cfeditorfr\"}]}<\/script>\n<!-- \/ Yoast SEO Premium plugin. -->","yoast_head_json":{"title":"Rentr\u00e9e scolaire des \u00e9l\u00e8ves du secondaire 2023\/2024 - Djibouti","description":"Pre\u0300s les e\u0301le\u0300ves de l\u2019enseignement fondamental, les lyce\u0301ens ont repris le chemin de l\u2019e\u0301cole. Ainsi, ils sont plus de ...","robots":{"index":"index","follow":"follow","max-snippet":"max-snippet:-1","max-image-preview":"max-image-preview:large","max-video-preview":"max-video-preview:-1"},"canonical":"https:\/\/www.africa-press.net\/djibouti\/culture-et-art\/rentree-scolaire-des-eleves-du-secondaire-2023-2024","og_locale":"fr_FR","og_type":"article","og_title":"Rentr\u00e9e scolaire des \u00e9l\u00e8ves du secondaire 2023\/2024","og_description":"Pre\u0300s les e\u0301le\u0300ves de l\u2019enseignement fondamental, les lyce\u0301ens ont repris le chemin de l\u2019e\u0301cole. Ainsi, ils sont plus de ...","og_url":"https:\/\/www.africa-press.net\/djibouti\/culture-et-art\/rentree-scolaire-des-eleves-du-secondaire-2023-2024","og_site_name":"Djibouti","article_published_time":"2023-09-07T13:51:43+00:00","article_modified_time":"2023-09-07T14:59:33+00:00","og_image":[{"width":720,"height":352,"url":"https:\/\/static.africa-press.net\/djibouti\/sites\/52\/2023\/09\/sm_1694086123.189333.jpg","type":"image\/jpeg"}],"author":"cfeditorfr","twitter_card":"summary_large_image","twitter_misc":{"\u00c9crit par":"cfeditorfr","Dur\u00e9e de lecture estim\u00e9e":"3 minutes"},"schema":{"@context":"https:\/\/schema.org","@graph":[{"@type":"Article","@id":"https:\/\/www.africa-press.net\/djibouti\/culture-et-art\/rentree-scolaire-des-eleves-du-secondaire-2023-2024#article","isPartOf":{"@id":"https:\/\/www.africa-press.net\/djibouti\/culture-et-art\/rentree-scolaire-des-eleves-du-secondaire-2023-2024"},"author":{"name":"cfeditorfr","@id":"https:\/\/www.africa-press.net\/djibouti\/#\/schema\/person\/2b1cf3cd81a31e3cd26889ca66d677f1"},"headline":"Rentr\u00e9e scolaire des \u00e9l\u00e8ves du secondaire 2023\/2024","datePublished":"2023-09-07T13:51:43+00:00","dateModified":"2023-09-07T14:59:33+00:00","mainEntityOfPage":{"@id":"https:\/\/www.africa-press.net\/djibouti\/culture-et-art\/rentree-scolaire-des-eleves-du-secondaire-2023-2024"},"wordCount":631,"commentCount":0,"image":{"@id":"https:\/\/www.africa-press.net\/djibouti\/culture-et-art\/rentree-scolaire-des-eleves-du-secondaire-2023-2024#primaryimage"},"thumbnailUrl":"https:\/\/static.africa-press.net\/djibouti\/sites\/52\/2023\/09\/sm_1694086123.189333.jpg","keywords":["Africa Press","Africa Press-Djibouti","Djibouti"],"articleSection":["Culture et Art","Photo","Toutes les actualit\u00e9s"],"inLanguage":"fr-FR","potentialAction":[{"@type":"CommentAction","name":"Comment","target":["https:\/\/www.africa-press.net\/djibouti\/culture-et-art\/rentree-scolaire-des-eleves-du-secondaire-2023-2024#respond"]}]},{"@type":"WebPage","@id":"https:\/\/www.africa-press.net\/djibouti\/culture-et-art\/rentree-scolaire-des-eleves-du-secondaire-2023-2024","url":"https:\/\/www.africa-press.net\/djibouti\/culture-et-art\/rentree-scolaire-des-eleves-du-secondaire-2023-2024","name":"Rentr\u00e9e scolaire des \u00e9l\u00e8ves du secondaire 2023\/2024 - Djibouti","isPartOf":{"@id":"https:\/\/www.africa-press.net\/djibouti\/#website"},"primaryImageOfPage":{"@id":"https:\/\/www.africa-press.net\/djibouti\/culture-et-art\/rentree-scolaire-des-eleves-du-secondaire-2023-2024#primaryimage"},"image":{"@id":"https:\/\/www.africa-press.net\/djibouti\/culture-et-art\/rentree-scolaire-des-eleves-du-secondaire-2023-2024#primaryimage"},"thumbnailUrl":"https:\/\/static.africa-press.net\/djibouti\/sites\/52\/2023\/09\/sm_1694086123.189333.jpg","datePublished":"2023-09-07T13:51:43+00:00","dateModified":"2023-09-07T14:59:33+00:00","author":{"@id":"https:\/\/www.africa-press.net\/djibouti\/#\/schema\/person\/2b1cf3cd81a31e3cd26889ca66d677f1"},"description":"Pre\u0300s les e\u0301le\u0300ves de l\u2019enseignement fondamental, les lyce\u0301ens ont repris le chemin de l\u2019e\u0301cole. Ainsi, ils sont plus de ...","breadcrumb":{"@id":"https:\/\/www.africa-press.net\/djibouti\/culture-et-art\/rentree-scolaire-des-eleves-du-secondaire-2023-2024#breadcrumb"},"inLanguage":"fr-FR","potentialAction":[{"@type":"ReadAction","target":["https:\/\/www.africa-press.net\/djibouti\/culture-et-art\/rentree-scolaire-des-eleves-du-secondaire-2023-2024"]}]},{"@type":"ImageObject","inLanguage":"fr-FR","@id":"https:\/\/www.africa-press.net\/djibouti\/culture-et-art\/rentree-scolaire-des-eleves-du-secondaire-2023-2024#primaryimage","url":"https:\/\/static.africa-press.net\/djibouti\/sites\/52\/2023\/09\/sm_1694086123.189333.jpg","contentUrl":"https:\/\/static.africa-press.net\/djibouti\/sites\/52\/2023\/09\/sm_1694086123.189333.jpg","width":720,"height":352,"caption":"Rentr\u00e9e scolaire des \u00e9l\u00e8ves du secondaire 2023\/2024"},{"@type":"BreadcrumbList","@id":"https:\/\/www.africa-press.net\/djibouti\/culture-et-art\/rentree-scolaire-des-eleves-du-secondaire-2023-2024#breadcrumb","itemListElement":[{"@type":"ListItem","position":1,"name":"Accueil","item":"https:\/\/www.africa-press.net\/djibouti\/"},{"@type":"ListItem","position":2,"name":"Rentr\u00e9e scolaire des \u00e9l\u00e8ves du secondaire 2023\/2024"}]},{"@type":"WebSite","@id":"https:\/\/www.africa-press.net\/djibouti\/#website","url":"https:\/\/www.africa-press.net\/djibouti\/","name":"Djibouti","description":"Just another Africa News Agency Sites site","potentialAction":[{"@type":"SearchAction","target":{"@type":"EntryPoint","urlTemplate":"https:\/\/www.africa-press.net\/djibouti\/?s={search_term_string}"},"query-input":{"@type":"PropertyValueSpecification","valueRequired":true,"valueName":"search_term_string"}}],"inLanguage":"fr-FR"},{"@type":"Person","@id":"https:\/\/www.africa-press.net\/djibouti\/#\/schema\/person\/2b1cf3cd81a31e3cd26889ca66d677f1","name":"cfeditorfr"}]}},"_links":{"self":[{"href":"https:\/\/www.africa-press.net\/djibouti\/wp-json\/wp\/v2\/posts\/17568","targetHints":{"allow":["GET"]}}],"collection":[{"href":"https:\/\/www.africa-press.net\/djibouti\/wp-json\/wp\/v2\/posts"}],"about":[{"href":"https:\/\/www.africa-press.net\/djibouti\/wp-json\/wp\/v2\/types\/post"}],"author":[{"embeddable":true,"href":"https:\/\/www.africa-press.net\/djibouti\/wp-json\/wp\/v2\/users\/82"}],"replies":[{"embeddable":true,"href":"https:\/\/www.africa-press.net\/djibouti\/wp-json\/wp\/v2\/comments?post=17568"}],"version-history":[{"count":0,"href":"https:\/\/www.africa-press.net\/djibouti\/wp-json\/wp\/v2\/posts\/17568\/revisions"}],"wp:featuredmedia":[{"embeddable":true,"href":"https:\/\/www.africa-press.net\/djibouti\/wp-json\/wp\/v2\/media\/17567"}],"wp:attachment":[{"href":"https:\/\/www.africa-press.net\/djibouti\/wp-json\/wp\/v2\/media?parent=17568"}],"wp:term":[{"taxonomy":"category","embeddable":true,"href":"https:\/\/www.africa-press.net\/djibouti\/wp-json\/wp\/v2\/categories?post=17568"},{"taxonomy":"post_tag","embeddable":true,"href":"https:\/\/www.africa-press.net\/djibouti\/wp-json\/wp\/v2\/tags?post=17568"}],"curies":[{"name":"wp","href":"https:\/\/api.w.org\/{rel}","templated":true}]}}