{"id":17579,"date":"2023-09-07T13:52:38","date_gmt":"2023-09-07T13:52:38","guid":{"rendered":"https:\/\/www.africa-press.net\/djibouti\/politique\/le-sommet-africain-sur-le-climat-sacheve-sur-des-recommandations-phares"},"modified":"2023-09-07T15:02:51","modified_gmt":"2023-09-07T15:02:51","slug":"le-sommet-africain-sur-le-climat-sacheve-sur-des-recommandations-phares","status":"publish","type":"post","link":"https:\/\/www.africa-press.net\/djibouti\/economie\/le-sommet-africain-sur-le-climat-sacheve-sur-des-recommandations-phares","title":{"rendered":"Le Sommet africain sur le Climat s\u2019ach\u00e8ve sur des recommandations phares"},"content":{"rendered":"<p><span style=\"color: #ff6600\"><strong>Africa-Press &#8211; Djibouti. <\/strong><\/span>Le Pre\u0301sident de la Re\u0301publique, Pre\u0301sident en exercice de l\u2019Autorite\u0301 Intergouvernementale pour le De\u0301veloppement (IGAD),<\/p>\n<p>Ismai\u0308l Omar Guelleh, a poursuivi hier matin, au 2e\u0300me jour conse\u0301cutif, sa participation aux travaux du Sommet africain 2023 sur le Climat qui a eu lieu a\u0300 Nairobi, la capitale kenyane.<\/p>\n<p>Essentiellement de\u0301volue a\u0300 la clo\u0302ture des travaux du sommet, cette audience a surtout servi de tribune a\u0300 l\u2019annonce de recommandations phares dont :<\/p>\n<p>-la ne\u0301cessite\u0301 de reconnaitre que \u00ab le monde n\u2019est pas sur la bonne voie pour maintenir la limite de 1,5\u00b0C convenue a\u0300 Paris et que les e\u0301missions mondiales doivent e\u0302tre re\u0301duites de 45 % au cours de cette de\u0301cennie \u00bb,<\/p>\n<p>-le constat selon lequel \u00ab l\u2019Afrique se re\u0301chauffe plus rapidement que le reste du monde et que, s\u2019il ne s\u2019atte\u0301nue pas, le changement climatique continuera d\u2019avoir des impacts ne\u0301gatifs sur les e\u0301conomies et les socie\u0301te\u0301s africaines et d\u2019entraver la croissance et le bien-e\u0302tre du Continent \u00bb,<\/p>\n<p>-l\u2019inquie\u0301tude lie\u0301e au fait que \u00ab de nombreux pays africains soient confronte\u0301s a\u0300 des charges et a\u0300 des risques disproportionne\u0301s re\u0301sultant d\u2019e\u0301ve\u0301nements et de phe\u0301nome\u0300nes me\u0301te\u0301orologiques impre\u0301visibles lie\u0301s au changement climatique, notamment des se\u0301cheresses prolonge\u0301es, des inondations de\u0301vastatrices, des incendies de fore\u0302t, qui provoquent une crise humanitaire massive avec des impacts ne\u0301fastes sur les e\u0301conomies, la sante\u0301, l\u2019e\u0301ducation, la paix et la se\u0301curite\u0301, entre autres risques \u00bb,<\/p>\n<p>\u2013 la mise en relief que \u00ab l\u2019Afrique qui n\u2019est pas historiquement responsable du re\u0301chauffement climatique en supporte le plus gros des effets, impactant les vies de populations, les moyens de subsistance et les e\u0301conomies du Continent \u00bb,<\/p>\n<p>-l\u2019impe\u0301ratif lie\u0301 a\u0300 une plus grande conformite\u0301 a\u0300 \u00ab l\u2019engagement de fournir 100 milliards de dollars de financement annuel pour le climat, comme promis il y a<\/p>\n<p>14 ans, lors de la Confe\u0301rence de Copenhague \u00bb,<\/p>\n<p>\u2013 et l\u2019initiation rapide \u00ab d\u2019investissements pour le climat qui catalysent une trajectoire de croissance permettant aux pays africains d\u2019atteindre un statut stable de pays a\u0300 revenus interme\u0301diaires d\u2019ici 2050 \u00bb.<\/p>\n<p>A l\u2019issue de sa participation au sommet africain 2023 sur le Climat, le Pre\u0301sident de la Re\u0301publique a proce\u0301de\u0301 a\u0300 l\u2019inauguration des nouveaux locaux de l\u2019Ambassade de Djibouti a\u0300 Nairobi, une Re\u0301sidence sur deux e\u0301tages ou\u0300 la modernite\u0301 des infrastructures s\u2019ajoute a\u0300 la quie\u0301tude d\u2019un espace propice a\u0300 la re\u0301alisation d\u2019un travail de qualite\u0301, le tout adjoint d\u2019une importante esplanade utile a\u0300 l\u2019organisation d\u2019e\u0301ve\u0300nements diplomatiques, culturels et d\u2019inte\u0301re\u0302ts strate\u0301giques.<\/p>\n\r\n                <style type=\"text\/css\">\r\n                    \r\n                    #td_uid_1_69f019a90eb69  .td-doubleSlider-2 .td-item1 {\r\n                        background: url(https:\/\/static.africa-press.net\/djibouti\/sites\/52\/2023\/09\/sm_1694086237.453402-80x60.jpg) 0 0 no-repeat;\r\n                    }\r\n                    #td_uid_1_69f019a90eb69  .td-doubleSlider-2 .td-item2 {\r\n                        background: url(https:\/\/static.africa-press.net\/djibouti\/sites\/52\/2023\/09\/sm_1694086256.773545-80x60.jpg) 0 0 no-repeat;\r\n                    }\r\n                    #td_uid_1_69f019a90eb69  .td-doubleSlider-2 .td-item3 {\r\n                        background: url(https:\/\/static.africa-press.net\/djibouti\/sites\/52\/2023\/09\/sm_1694086277.736848-80x60.jpg) 0 0 no-repeat;\r\n                    }\r\n                <\/style>\r\n\r\n                <div id=\"td_uid_1_69f019a90eb69\" class=\"td-gallery td-slide-on-2-columns\">\r\n                    <div class=\"post_td_gallery\">\r\n                        <div class=\"td-gallery-slide-top\">\r\n                           <div class=\"td-gallery-title\"><\/div>\r\n\r\n                            <div class=\"td-gallery-controls-wrapper\">\r\n                                <div class=\"td-gallery-slide-count\"><span class=\"td-gallery-slide-item-focus\">1<\/span> de 3<\/div>\r\n                                <div class=\"td-gallery-slide-prev-next-but\">\r\n                                    <i class = \"td-icon-left doubleSliderPrevButton\"><\/i>\r\n                                    <i class = \"td-icon-right doubleSliderNextButton\"><\/i>\r\n                                <\/div>\r\n                            <\/div>\r\n                        <\/div>\r\n\r\n                        <div class = \"td-doubleSlider-1 \">\r\n                            <div class = \"td-slider\">\r\n                                \r\n                    <div class = \"td-slide-item td-item1\">\r\n                        <figure class=\"td-slide-galery-figure td-slide-popup-gallery\">\r\n                            <a class=\"slide-gallery-image-link\" href=\"https:\/\/static.africa-press.net\/djibouti\/sites\/52\/2023\/09\/sm_1694086237.453402.jpg\" title=\"sm_1694086237.453402\"  data-caption=\"\"  data-description=\"\">\r\n                                <img decoding=\"async\" src=\"https:\/\/static.africa-press.net\/djibouti\/sites\/52\/2023\/09\/sm_1694086237.453402.jpg\" srcset=\"https:\/\/static.africa-press.net\/djibouti\/sites\/52\/2023\/09\/sm_1694086237.453402.jpg 1024w, https:\/\/static.africa-press.net\/djibouti\/sites\/52\/2023\/09\/sm_1694086237.453402-300x195.jpg 300w, https:\/\/static.africa-press.net\/djibouti\/sites\/52\/2023\/09\/sm_1694086237.453402-768x498.jpg 768w\" sizes=\"(max-width: 1024px) 100vw, 1024px\" alt=\"\">\r\n                            <\/a>\r\n                            \r\n                        <\/figure>\r\n                    <\/div>\r\n                    <div class = \"td-slide-item td-item2\">\r\n                        <figure class=\"td-slide-galery-figure td-slide-popup-gallery\">\r\n                            <a class=\"slide-gallery-image-link\" href=\"https:\/\/static.africa-press.net\/djibouti\/sites\/52\/2023\/09\/sm_1694086256.773545.jpg\" title=\"sm_1694086256.773545\"  data-caption=\"\"  data-description=\"\">\r\n                                <img decoding=\"async\" src=\"https:\/\/static.africa-press.net\/djibouti\/sites\/52\/2023\/09\/sm_1694086256.773545.jpg\" srcset=\"https:\/\/static.africa-press.net\/djibouti\/sites\/52\/2023\/09\/sm_1694086256.773545.jpg 1024w, https:\/\/static.africa-press.net\/djibouti\/sites\/52\/2023\/09\/sm_1694086256.773545-300x198.jpg 300w, https:\/\/static.africa-press.net\/djibouti\/sites\/52\/2023\/09\/sm_1694086256.773545-768x506.jpg 768w\" sizes=\"(max-width: 1024px) 100vw, 1024px\" alt=\"\">\r\n                            <\/a>\r\n                            \r\n                        <\/figure>\r\n                    <\/div>\r\n                    <div class = \"td-slide-item td-item3\">\r\n                        <figure class=\"td-slide-galery-figure td-slide-popup-gallery\">\r\n                            <a class=\"slide-gallery-image-link\" href=\"https:\/\/static.africa-press.net\/djibouti\/sites\/52\/2023\/09\/sm_1694086277.736848.jpg\" title=\"sm_1694086277.736848\"  data-caption=\"\"  data-description=\"\">\r\n                                <img decoding=\"async\" src=\"https:\/\/static.africa-press.net\/djibouti\/sites\/52\/2023\/09\/sm_1694086277.736848.jpg\" srcset=\"https:\/\/static.africa-press.net\/djibouti\/sites\/52\/2023\/09\/sm_1694086277.736848.jpg 1024w, https:\/\/static.africa-press.net\/djibouti\/sites\/52\/2023\/09\/sm_1694086277.736848-300x200.jpg 300w, https:\/\/static.africa-press.net\/djibouti\/sites\/52\/2023\/09\/sm_1694086277.736848-768x512.jpg 768w\" sizes=\"(max-width: 1024px) 100vw, 1024px\" alt=\"\">\r\n                            <\/a>\r\n                            \r\n                        <\/figure>\r\n                    <\/div>\r\n                            <\/div>\r\n                        <\/div>\r\n\r\n                        <div class = \"td-doubleSlider-2\">\r\n                            <div class = \"td-slider\">\r\n                                \r\n                    <div class = \"td-button td-item1\">\r\n                        <div class = \"td-border\"><\/div>\r\n                    <\/div>\r\n                    <div class = \"td-button td-item2\">\r\n                        <div class = \"td-border\"><\/div>\r\n                    <\/div>\r\n                    <div class = \"td-button td-item3\">\r\n                        <div class = \"td-border\"><\/div>\r\n                    <\/div>\r\n                            <\/div>\r\n                        <\/div>\r\n\r\n                    <\/div>\r\n\r\n                <\/div>\r\n                \n<p><strong>Pour plus d&rsquo;informations et d&rsquo;analyses sur la <a href=\"https:\/\/www.africa-press.net\/djibouti\">Djibouti<\/a>, suivez <a href=\"https:\/\/www.africa-press.net\/\">Africa-Press<\/a><\/strong><\/p>\n","protected":false},"excerpt":{"rendered":"<p>Africa-Press &#8211; Djibouti. Le Pre\u0301sident de la Re\u0301publique, Pre\u0301sident en exercice de l\u2019Autorite\u0301 Intergouvernementale pour le De\u0301veloppement (IGAD), Ismai\u0308l Omar Guelleh, a poursuivi hier matin, au 2e\u0300me jour conse\u0301cutif, sa participation aux travaux du Sommet africain 2023 sur le Climat qui a eu lieu a\u0300 Nairobi, la capitale kenyane. Essentiellement de\u0301volue a\u0300 la clo\u0302ture des [&hellip;]<\/p>\n","protected":false},"author":82,"featured_media":17578,"comment_status":"open","ping_status":"closed","sticky":false,"template":"","format":"standard","meta":{"footnotes":""},"categories":[3,8,10],"tags":[36,49,50],"class_list":["post-17579","post","type-post","status-publish","format-standard","has-post-thumbnail","hentry","category-economie","category-photo","category-toutes-les-actualites","tag-africa-press","tag-africa-press-djibouti","tag-djibouti"],"yoast_head":"<!-- This site is optimized with the Yoast SEO Premium plugin v26.1 (Yoast SEO v27.0) - https:\/\/yoast.com\/product\/yoast-seo-premium-wordpress\/ -->\n<title>Le Sommet africain sur le Climat s\u2019ach\u00e8ve sur des recommandations phares - Djibouti<\/title>\n<meta name=\"description\" content=\"Le Pre\u0301sident de la Re\u0301publique, Pre\u0301sident en exercice de l\u2019Autorite\u0301 Intergouvernementale pour le De\u0301veloppement (IGAD ...\" \/>\n<meta name=\"robots\" content=\"index, follow, max-snippet:-1, max-image-preview:large, max-video-preview:-1\" \/>\n<link rel=\"canonical\" href=\"https:\/\/www.africa-press.net\/djibouti\/economie\/le-sommet-africain-sur-le-climat-sacheve-sur-des-recommandations-phares\" \/>\n<meta property=\"og:locale\" content=\"fr_FR\" \/>\n<meta property=\"og:type\" content=\"article\" \/>\n<meta property=\"og:title\" content=\"Le Sommet africain sur le Climat s\u2019ach\u00e8ve sur des recommandations phares\" \/>\n<meta property=\"og:description\" content=\"Le Pre\u0301sident de la Re\u0301publique, Pre\u0301sident en exercice de l\u2019Autorite\u0301 Intergouvernementale pour le De\u0301veloppement (IGAD ...\" \/>\n<meta property=\"og:url\" content=\"https:\/\/www.africa-press.net\/djibouti\/economie\/le-sommet-africain-sur-le-climat-sacheve-sur-des-recommandations-phares\" \/>\n<meta property=\"og:site_name\" content=\"Djibouti\" \/>\n<meta property=\"article:published_time\" content=\"2023-09-07T13:52:38+00:00\" \/>\n<meta property=\"article:modified_time\" content=\"2023-09-07T15:02:51+00:00\" \/>\n<meta property=\"og:image\" content=\"https:\/\/static.africa-press.net\/djibouti\/sites\/52\/2023\/09\/sm_1694086296.828423.jpg\" \/>\n\t<meta property=\"og:image:width\" content=\"720\" \/>\n\t<meta property=\"og:image:height\" content=\"442\" \/>\n\t<meta property=\"og:image:type\" content=\"image\/jpeg\" \/>\n<meta name=\"author\" content=\"cfeditorfr\" \/>\n<meta name=\"twitter:card\" content=\"summary_large_image\" \/>\n<meta name=\"twitter:label1\" content=\"\u00c9crit par\" \/>\n\t<meta name=\"twitter:data1\" content=\"cfeditorfr\" \/>\n\t<meta name=\"twitter:label2\" content=\"Dur\u00e9e de lecture estim\u00e9e\" \/>\n\t<meta name=\"twitter:data2\" content=\"2 minutes\" \/>\n<script type=\"application\/ld+json\" class=\"yoast-schema-graph\">{\"@context\":\"https:\/\/schema.org\",\"@graph\":[{\"@type\":\"Article\",\"@id\":\"https:\/\/www.africa-press.net\/djibouti\/economie\/le-sommet-africain-sur-le-climat-sacheve-sur-des-recommandations-phares#article\",\"isPartOf\":{\"@id\":\"https:\/\/www.africa-press.net\/djibouti\/economie\/le-sommet-africain-sur-le-climat-sacheve-sur-des-recommandations-phares\"},\"author\":{\"name\":\"cfeditorfr\",\"@id\":\"https:\/\/www.africa-press.net\/djibouti\/#\/schema\/person\/2b1cf3cd81a31e3cd26889ca66d677f1\"},\"headline\":\"Le Sommet africain sur le Climat s\u2019ach\u00e8ve sur des recommandations phares\",\"datePublished\":\"2023-09-07T13:52:38+00:00\",\"dateModified\":\"2023-09-07T15:02:51+00:00\",\"mainEntityOfPage\":{\"@id\":\"https:\/\/www.africa-press.net\/djibouti\/economie\/le-sommet-africain-sur-le-climat-sacheve-sur-des-recommandations-phares\"},\"wordCount\":500,\"commentCount\":0,\"image\":{\"@id\":\"https:\/\/www.africa-press.net\/djibouti\/economie\/le-sommet-africain-sur-le-climat-sacheve-sur-des-recommandations-phares#primaryimage\"},\"thumbnailUrl\":\"https:\/\/static.africa-press.net\/djibouti\/sites\/52\/2023\/09\/sm_1694086296.828423.jpg\",\"keywords\":[\"Africa Press\",\"Africa Press-Djibouti\",\"Djibouti\"],\"articleSection\":[\"\u00c9conomie\",\"Photo\",\"Toutes les actualit\u00e9s\"],\"inLanguage\":\"fr-FR\",\"potentialAction\":[{\"@type\":\"CommentAction\",\"name\":\"Comment\",\"target\":[\"https:\/\/www.africa-press.net\/djibouti\/economie\/le-sommet-africain-sur-le-climat-sacheve-sur-des-recommandations-phares#respond\"]}]},{\"@type\":\"WebPage\",\"@id\":\"https:\/\/www.africa-press.net\/djibouti\/economie\/le-sommet-africain-sur-le-climat-sacheve-sur-des-recommandations-phares\",\"url\":\"https:\/\/www.africa-press.net\/djibouti\/economie\/le-sommet-africain-sur-le-climat-sacheve-sur-des-recommandations-phares\",\"name\":\"Le Sommet africain sur le Climat s\u2019ach\u00e8ve sur des recommandations phares - Djibouti\",\"isPartOf\":{\"@id\":\"https:\/\/www.africa-press.net\/djibouti\/#website\"},\"primaryImageOfPage\":{\"@id\":\"https:\/\/www.africa-press.net\/djibouti\/economie\/le-sommet-africain-sur-le-climat-sacheve-sur-des-recommandations-phares#primaryimage\"},\"image\":{\"@id\":\"https:\/\/www.africa-press.net\/djibouti\/economie\/le-sommet-africain-sur-le-climat-sacheve-sur-des-recommandations-phares#primaryimage\"},\"thumbnailUrl\":\"https:\/\/static.africa-press.net\/djibouti\/sites\/52\/2023\/09\/sm_1694086296.828423.jpg\",\"datePublished\":\"2023-09-07T13:52:38+00:00\",\"dateModified\":\"2023-09-07T15:02:51+00:00\",\"author\":{\"@id\":\"https:\/\/www.africa-press.net\/djibouti\/#\/schema\/person\/2b1cf3cd81a31e3cd26889ca66d677f1\"},\"description\":\"Le Pre\u0301sident de la Re\u0301publique, Pre\u0301sident en exercice de l\u2019Autorite\u0301 Intergouvernementale pour le De\u0301veloppement (IGAD ...\",\"breadcrumb\":{\"@id\":\"https:\/\/www.africa-press.net\/djibouti\/economie\/le-sommet-africain-sur-le-climat-sacheve-sur-des-recommandations-phares#breadcrumb\"},\"inLanguage\":\"fr-FR\",\"potentialAction\":[{\"@type\":\"ReadAction\",\"target\":[\"https:\/\/www.africa-press.net\/djibouti\/economie\/le-sommet-africain-sur-le-climat-sacheve-sur-des-recommandations-phares\"]}]},{\"@type\":\"ImageObject\",\"inLanguage\":\"fr-FR\",\"@id\":\"https:\/\/www.africa-press.net\/djibouti\/economie\/le-sommet-africain-sur-le-climat-sacheve-sur-des-recommandations-phares#primaryimage\",\"url\":\"https:\/\/static.africa-press.net\/djibouti\/sites\/52\/2023\/09\/sm_1694086296.828423.jpg\",\"contentUrl\":\"https:\/\/static.africa-press.net\/djibouti\/sites\/52\/2023\/09\/sm_1694086296.828423.jpg\",\"width\":720,\"height\":442,\"caption\":\"Le Sommet africain sur le Climat s\u2019ach\u00e8ve sur des recommandations phares\"},{\"@type\":\"BreadcrumbList\",\"@id\":\"https:\/\/www.africa-press.net\/djibouti\/economie\/le-sommet-africain-sur-le-climat-sacheve-sur-des-recommandations-phares#breadcrumb\",\"itemListElement\":[{\"@type\":\"ListItem\",\"position\":1,\"name\":\"Accueil\",\"item\":\"https:\/\/www.africa-press.net\/djibouti\/\"},{\"@type\":\"ListItem\",\"position\":2,\"name\":\"Le Sommet africain sur le Climat s\u2019ach\u00e8ve sur des recommandations phares\"}]},{\"@type\":\"WebSite\",\"@id\":\"https:\/\/www.africa-press.net\/djibouti\/#website\",\"url\":\"https:\/\/www.africa-press.net\/djibouti\/\",\"name\":\"Djibouti\",\"description\":\"Just another Africa News Agency Sites site\",\"potentialAction\":[{\"@type\":\"SearchAction\",\"target\":{\"@type\":\"EntryPoint\",\"urlTemplate\":\"https:\/\/www.africa-press.net\/djibouti\/?s={search_term_string}\"},\"query-input\":{\"@type\":\"PropertyValueSpecification\",\"valueRequired\":true,\"valueName\":\"search_term_string\"}}],\"inLanguage\":\"fr-FR\"},{\"@type\":\"Person\",\"@id\":\"https:\/\/www.africa-press.net\/djibouti\/#\/schema\/person\/2b1cf3cd81a31e3cd26889ca66d677f1\",\"name\":\"cfeditorfr\"}]}<\/script>\n<!-- \/ Yoast SEO Premium plugin. -->","yoast_head_json":{"title":"Le Sommet africain sur le Climat s\u2019ach\u00e8ve sur des recommandations phares - Djibouti","description":"Le Pre\u0301sident de la Re\u0301publique, Pre\u0301sident en exercice de l\u2019Autorite\u0301 Intergouvernementale pour le De\u0301veloppement (IGAD ...","robots":{"index":"index","follow":"follow","max-snippet":"max-snippet:-1","max-image-preview":"max-image-preview:large","max-video-preview":"max-video-preview:-1"},"canonical":"https:\/\/www.africa-press.net\/djibouti\/economie\/le-sommet-africain-sur-le-climat-sacheve-sur-des-recommandations-phares","og_locale":"fr_FR","og_type":"article","og_title":"Le Sommet africain sur le Climat s\u2019ach\u00e8ve sur des recommandations phares","og_description":"Le Pre\u0301sident de la Re\u0301publique, Pre\u0301sident en exercice de l\u2019Autorite\u0301 Intergouvernementale pour le De\u0301veloppement (IGAD ...","og_url":"https:\/\/www.africa-press.net\/djibouti\/economie\/le-sommet-africain-sur-le-climat-sacheve-sur-des-recommandations-phares","og_site_name":"Djibouti","article_published_time":"2023-09-07T13:52:38+00:00","article_modified_time":"2023-09-07T15:02:51+00:00","og_image":[{"width":720,"height":442,"url":"https:\/\/static.africa-press.net\/djibouti\/sites\/52\/2023\/09\/sm_1694086296.828423.jpg","type":"image\/jpeg"}],"author":"cfeditorfr","twitter_card":"summary_large_image","twitter_misc":{"\u00c9crit par":"cfeditorfr","Dur\u00e9e de lecture estim\u00e9e":"2 minutes"},"schema":{"@context":"https:\/\/schema.org","@graph":[{"@type":"Article","@id":"https:\/\/www.africa-press.net\/djibouti\/economie\/le-sommet-africain-sur-le-climat-sacheve-sur-des-recommandations-phares#article","isPartOf":{"@id":"https:\/\/www.africa-press.net\/djibouti\/economie\/le-sommet-africain-sur-le-climat-sacheve-sur-des-recommandations-phares"},"author":{"name":"cfeditorfr","@id":"https:\/\/www.africa-press.net\/djibouti\/#\/schema\/person\/2b1cf3cd81a31e3cd26889ca66d677f1"},"headline":"Le Sommet africain sur le Climat s\u2019ach\u00e8ve sur des recommandations phares","datePublished":"2023-09-07T13:52:38+00:00","dateModified":"2023-09-07T15:02:51+00:00","mainEntityOfPage":{"@id":"https:\/\/www.africa-press.net\/djibouti\/economie\/le-sommet-africain-sur-le-climat-sacheve-sur-des-recommandations-phares"},"wordCount":500,"commentCount":0,"image":{"@id":"https:\/\/www.africa-press.net\/djibouti\/economie\/le-sommet-africain-sur-le-climat-sacheve-sur-des-recommandations-phares#primaryimage"},"thumbnailUrl":"https:\/\/static.africa-press.net\/djibouti\/sites\/52\/2023\/09\/sm_1694086296.828423.jpg","keywords":["Africa Press","Africa Press-Djibouti","Djibouti"],"articleSection":["\u00c9conomie","Photo","Toutes les actualit\u00e9s"],"inLanguage":"fr-FR","potentialAction":[{"@type":"CommentAction","name":"Comment","target":["https:\/\/www.africa-press.net\/djibouti\/economie\/le-sommet-africain-sur-le-climat-sacheve-sur-des-recommandations-phares#respond"]}]},{"@type":"WebPage","@id":"https:\/\/www.africa-press.net\/djibouti\/economie\/le-sommet-africain-sur-le-climat-sacheve-sur-des-recommandations-phares","url":"https:\/\/www.africa-press.net\/djibouti\/economie\/le-sommet-africain-sur-le-climat-sacheve-sur-des-recommandations-phares","name":"Le Sommet africain sur le Climat s\u2019ach\u00e8ve sur des recommandations phares - Djibouti","isPartOf":{"@id":"https:\/\/www.africa-press.net\/djibouti\/#website"},"primaryImageOfPage":{"@id":"https:\/\/www.africa-press.net\/djibouti\/economie\/le-sommet-africain-sur-le-climat-sacheve-sur-des-recommandations-phares#primaryimage"},"image":{"@id":"https:\/\/www.africa-press.net\/djibouti\/economie\/le-sommet-africain-sur-le-climat-sacheve-sur-des-recommandations-phares#primaryimage"},"thumbnailUrl":"https:\/\/static.africa-press.net\/djibouti\/sites\/52\/2023\/09\/sm_1694086296.828423.jpg","datePublished":"2023-09-07T13:52:38+00:00","dateModified":"2023-09-07T15:02:51+00:00","author":{"@id":"https:\/\/www.africa-press.net\/djibouti\/#\/schema\/person\/2b1cf3cd81a31e3cd26889ca66d677f1"},"description":"Le Pre\u0301sident de la Re\u0301publique, Pre\u0301sident en exercice de l\u2019Autorite\u0301 Intergouvernementale pour le De\u0301veloppement (IGAD ...","breadcrumb":{"@id":"https:\/\/www.africa-press.net\/djibouti\/economie\/le-sommet-africain-sur-le-climat-sacheve-sur-des-recommandations-phares#breadcrumb"},"inLanguage":"fr-FR","potentialAction":[{"@type":"ReadAction","target":["https:\/\/www.africa-press.net\/djibouti\/economie\/le-sommet-africain-sur-le-climat-sacheve-sur-des-recommandations-phares"]}]},{"@type":"ImageObject","inLanguage":"fr-FR","@id":"https:\/\/www.africa-press.net\/djibouti\/economie\/le-sommet-africain-sur-le-climat-sacheve-sur-des-recommandations-phares#primaryimage","url":"https:\/\/static.africa-press.net\/djibouti\/sites\/52\/2023\/09\/sm_1694086296.828423.jpg","contentUrl":"https:\/\/static.africa-press.net\/djibouti\/sites\/52\/2023\/09\/sm_1694086296.828423.jpg","width":720,"height":442,"caption":"Le Sommet africain sur le Climat s\u2019ach\u00e8ve sur des recommandations phares"},{"@type":"BreadcrumbList","@id":"https:\/\/www.africa-press.net\/djibouti\/economie\/le-sommet-africain-sur-le-climat-sacheve-sur-des-recommandations-phares#breadcrumb","itemListElement":[{"@type":"ListItem","position":1,"name":"Accueil","item":"https:\/\/www.africa-press.net\/djibouti\/"},{"@type":"ListItem","position":2,"name":"Le Sommet africain sur le Climat s\u2019ach\u00e8ve sur des recommandations phares"}]},{"@type":"WebSite","@id":"https:\/\/www.africa-press.net\/djibouti\/#website","url":"https:\/\/www.africa-press.net\/djibouti\/","name":"Djibouti","description":"Just another Africa News Agency Sites site","potentialAction":[{"@type":"SearchAction","target":{"@type":"EntryPoint","urlTemplate":"https:\/\/www.africa-press.net\/djibouti\/?s={search_term_string}"},"query-input":{"@type":"PropertyValueSpecification","valueRequired":true,"valueName":"search_term_string"}}],"inLanguage":"fr-FR"},{"@type":"Person","@id":"https:\/\/www.africa-press.net\/djibouti\/#\/schema\/person\/2b1cf3cd81a31e3cd26889ca66d677f1","name":"cfeditorfr"}]}},"_links":{"self":[{"href":"https:\/\/www.africa-press.net\/djibouti\/wp-json\/wp\/v2\/posts\/17579","targetHints":{"allow":["GET"]}}],"collection":[{"href":"https:\/\/www.africa-press.net\/djibouti\/wp-json\/wp\/v2\/posts"}],"about":[{"href":"https:\/\/www.africa-press.net\/djibouti\/wp-json\/wp\/v2\/types\/post"}],"author":[{"embeddable":true,"href":"https:\/\/www.africa-press.net\/djibouti\/wp-json\/wp\/v2\/users\/82"}],"replies":[{"embeddable":true,"href":"https:\/\/www.africa-press.net\/djibouti\/wp-json\/wp\/v2\/comments?post=17579"}],"version-history":[{"count":0,"href":"https:\/\/www.africa-press.net\/djibouti\/wp-json\/wp\/v2\/posts\/17579\/revisions"}],"wp:featuredmedia":[{"embeddable":true,"href":"https:\/\/www.africa-press.net\/djibouti\/wp-json\/wp\/v2\/media\/17578"}],"wp:attachment":[{"href":"https:\/\/www.africa-press.net\/djibouti\/wp-json\/wp\/v2\/media?parent=17579"}],"wp:term":[{"taxonomy":"category","embeddable":true,"href":"https:\/\/www.africa-press.net\/djibouti\/wp-json\/wp\/v2\/categories?post=17579"},{"taxonomy":"post_tag","embeddable":true,"href":"https:\/\/www.africa-press.net\/djibouti\/wp-json\/wp\/v2\/tags?post=17579"}],"curies":[{"name":"wp","href":"https:\/\/api.w.org\/{rel}","templated":true}]}}