{"id":17584,"date":"2023-09-07T13:53:14","date_gmt":"2023-09-07T13:53:14","guid":{"rendered":"https:\/\/www.africa-press.net\/djibouti\/politique\/le-president-guelleh-regagne-le-pays-a-lissue-de-sa-participation-au-sommet-africain-sur-le-climat"},"modified":"2023-09-07T15:04:08","modified_gmt":"2023-09-07T15:04:08","slug":"le-president-guelleh-regagne-le-pays-a-lissue-de-sa-participation-au-sommet-africain-sur-le-climat","status":"publish","type":"post","link":"https:\/\/www.africa-press.net\/djibouti\/politique\/le-president-guelleh-regagne-le-pays-a-lissue-de-sa-participation-au-sommet-africain-sur-le-climat","title":{"rendered":"Le Pr\u00e9sident Guelleh regagne le pays \u00e0 l\u2019issue de sa participation au sommet africain sur le Climat"},"content":{"rendered":"<p><span style=\"color: #ff6600\"><strong>Africa-Press &#8211; Djibouti. <\/strong><\/span>Le Pre\u0301sident de la Re\u0301publique, Son Excellence Ismail Omar Guelleh, a regagne\u0301 hier mercredi soir le pays, a\u0300 l\u2019issue de sa participation a\u0300 Nairobi, au Kenya, aux travaux du 1er sommet africain 2023 sur le Climat.<\/p>\n<p>La participation du Pre\u0301sident djiboutien, Pre\u0301sident en exercice de l\u2019Autorite\u0301 Intergouvernementale pour le De\u0301veloppement (IGAD), a cet e\u0301ve\u0300nement s\u2019est principalement illustre\u0301e a\u0300 travers une allocution qu\u2019il fit a\u0300 la tribune de cette re\u0301union.<\/p>\n<p>Dans cette intervention, le Pre\u0301sident Guelleh a surtout mis en lumie\u0300re la vocation e\u0301tablie de l\u2019e\u0301conomie bleue a\u0300 servir de cre\u0301neau viable de re\u0301mission aux dysfonctionnements e\u0301conomiques expe\u0301rimente\u0301s de plus en plus dans le monde et l\u2019Afrique, au prolongement des conse\u0301quences du phe\u0301nome\u0300ne de re\u0301chauffement climatique.<\/p>\n<p>A Nairobi, le Chef de l\u2019Etat, Pre\u0301sident en exercice de l\u2019IGAD, a pris part e\u0301galement aux travaux d\u2019une re\u0301union, en marge, du Quartet de l\u2019IGAD sur le Soudan.<\/p>\n<p>Audience de\u0301volue a\u0300 la poursuite des efforts de l\u2019IGAD en vue du retour de la paix et de la stabilite\u0301 dans ce pays fre\u0300re, le Pre\u0301sident Guelleh a, dans une allocution faite a\u0300 la tribune de cette rencontre, de\u0301cline\u0301, pour le Soudan, les grandes lignes d\u2019un plan de sortie de crise.<\/p>\n<p>Qui repose sur le principe d\u2019une action a\u0300 divers niveaux dont, l\u2019instauration rapide de corridors humanitaires se\u0301curise\u0301s dans ce pays ou\u0300, les parties protagonistes doivent, sous les auspices de l\u2019IGAD, accepter un arre\u0302t inconditionnel des hostilite\u0301s, pre\u0301lude a\u0300 la mise en place d\u2019un Gouvernement civil inclusif, e\u0301tendu a\u0300 l\u2019ensemble des sensibilite\u0301s politiques et de la socie\u0301te\u0301 civile soudanaise.<\/p>\n<p>Le Pre\u0301sident Guelleh mit par ailleurs a\u0300 profit son de\u0301placement a\u0300 Nairobi pour proce\u0301der a\u0300 l\u2019inauguration des nouveaux locaux de l\u2019Ambassade de la Re\u0301publique de Djibouti aupre\u0300s de la Re\u0301publique du Kenya.<\/p>\n\r\n                <style type=\"text\/css\">\r\n                    \r\n                    #td_uid_1_69f019b0f164c  .td-doubleSlider-2 .td-item1 {\r\n                        background: url(https:\/\/static.africa-press.net\/djibouti\/sites\/52\/2023\/09\/sm_1694086349.026211-80x60.jpg) 0 0 no-repeat;\r\n                    }\r\n                    #td_uid_1_69f019b0f164c  .td-doubleSlider-2 .td-item2 {\r\n                        background: url(https:\/\/static.africa-press.net\/djibouti\/sites\/52\/2023\/09\/sm_1694086369.28594-80x60.jpg) 0 0 no-repeat;\r\n                    }\r\n                <\/style>\r\n\r\n                <div id=\"td_uid_1_69f019b0f164c\" class=\"td-gallery td-slide-on-2-columns\">\r\n                    <div class=\"post_td_gallery\">\r\n                        <div class=\"td-gallery-slide-top\">\r\n                           <div class=\"td-gallery-title\"><\/div>\r\n\r\n                            <div class=\"td-gallery-controls-wrapper\">\r\n                                <div class=\"td-gallery-slide-count\"><span class=\"td-gallery-slide-item-focus\">1<\/span> de 2<\/div>\r\n                                <div class=\"td-gallery-slide-prev-next-but\">\r\n                                    <i class = \"td-icon-left doubleSliderPrevButton\"><\/i>\r\n                                    <i class = \"td-icon-right doubleSliderNextButton\"><\/i>\r\n                                <\/div>\r\n                            <\/div>\r\n                        <\/div>\r\n\r\n                        <div class = \"td-doubleSlider-1 \">\r\n                            <div class = \"td-slider\">\r\n                                \r\n                    <div class = \"td-slide-item td-item1\">\r\n                        <figure class=\"td-slide-galery-figure td-slide-popup-gallery\">\r\n                            <a class=\"slide-gallery-image-link\" href=\"https:\/\/static.africa-press.net\/djibouti\/sites\/52\/2023\/09\/sm_1694086349.026211.jpg\" title=\"sm_1694086349.026211\"  data-caption=\"\"  data-description=\"\">\r\n                                <img decoding=\"async\" src=\"https:\/\/static.africa-press.net\/djibouti\/sites\/52\/2023\/09\/sm_1694086349.026211.jpg\" srcset=\"https:\/\/static.africa-press.net\/djibouti\/sites\/52\/2023\/09\/sm_1694086349.026211.jpg 1024w, https:\/\/static.africa-press.net\/djibouti\/sites\/52\/2023\/09\/sm_1694086349.026211-300x128.jpg 300w, https:\/\/static.africa-press.net\/djibouti\/sites\/52\/2023\/09\/sm_1694086349.026211-768x328.jpg 768w\" sizes=\"(max-width: 1024px) 100vw, 1024px\" alt=\"\">\r\n                            <\/a>\r\n                            \r\n                        <\/figure>\r\n                    <\/div>\r\n                    <div class = \"td-slide-item td-item2\">\r\n                        <figure class=\"td-slide-galery-figure td-slide-popup-gallery\">\r\n                            <a class=\"slide-gallery-image-link\" href=\"https:\/\/static.africa-press.net\/djibouti\/sites\/52\/2023\/09\/sm_1694086369.28594.jpg\" title=\"sm_1694086369.28594\"  data-caption=\"\"  data-description=\"\">\r\n                                <img decoding=\"async\" src=\"https:\/\/static.africa-press.net\/djibouti\/sites\/52\/2023\/09\/sm_1694086369.28594.jpg\" srcset=\"https:\/\/static.africa-press.net\/djibouti\/sites\/52\/2023\/09\/sm_1694086369.28594.jpg 696w, https:\/\/static.africa-press.net\/djibouti\/sites\/52\/2023\/09\/sm_1694086369.28594-300x218.jpg 300w, https:\/\/static.africa-press.net\/djibouti\/sites\/52\/2023\/09\/sm_1694086369.28594-324x235.jpg 324w\" sizes=\"(max-width: 696px) 100vw, 696px\" alt=\"\">\r\n                            <\/a>\r\n                            \r\n                        <\/figure>\r\n                    <\/div>\r\n                            <\/div>\r\n                        <\/div>\r\n\r\n                        <div class = \"td-doubleSlider-2\">\r\n                            <div class = \"td-slider\">\r\n                                \r\n                    <div class = \"td-button td-item1\">\r\n                        <div class = \"td-border\"><\/div>\r\n                    <\/div>\r\n                    <div class = \"td-button td-item2\">\r\n                        <div class = \"td-border\"><\/div>\r\n                    <\/div>\r\n                            <\/div>\r\n                        <\/div>\r\n\r\n                    <\/div>\r\n\r\n                <\/div>\r\n                \n<p><strong>Pour plus d&rsquo;informations et d&rsquo;analyses sur la <a href=\"https:\/\/www.africa-press.net\/djibouti\">Djibouti<\/a>, suivez <a href=\"https:\/\/www.africa-press.net\/\">Africa-Press<\/a><\/strong><\/p>\n","protected":false},"excerpt":{"rendered":"<p>Africa-Press &#8211; Djibouti. Le Pre\u0301sident de la Re\u0301publique, Son Excellence Ismail Omar Guelleh, a regagne\u0301 hier mercredi soir le pays, a\u0300 l\u2019issue de sa participation a\u0300 Nairobi, au Kenya, aux travaux du 1er sommet africain 2023 sur le Climat. La participation du Pre\u0301sident djiboutien, Pre\u0301sident en exercice de l\u2019Autorite\u0301 Intergouvernementale pour le De\u0301veloppement (IGAD), a [&hellip;]<\/p>\n","protected":false},"author":82,"featured_media":17583,"comment_status":"open","ping_status":"closed","sticky":false,"template":"","format":"standard","meta":{"footnotes":""},"categories":[8,2,10],"tags":[36,49,50],"class_list":["post-17584","post","type-post","status-publish","format-standard","has-post-thumbnail","hentry","category-photo","category-politique","category-toutes-les-actualites","tag-africa-press","tag-africa-press-djibouti","tag-djibouti"],"yoast_head":"<!-- This site is optimized with the Yoast SEO Premium plugin v26.1 (Yoast SEO v27.0) - https:\/\/yoast.com\/product\/yoast-seo-premium-wordpress\/ -->\n<title>Le Pr\u00e9sident Guelleh regagne le pays \u00e0 l\u2019issue de sa participation au sommet africain sur le Climat - Djibouti<\/title>\n<meta name=\"description\" content=\"Le Pre\u0301sident de la Re\u0301publique, Son Excellence Ismail Omar Guelleh, a regagne\u0301 hier mercredi soir le pays, a\u0300 l\u2019issue d ...\" \/>\n<meta name=\"robots\" content=\"index, follow, max-snippet:-1, max-image-preview:large, max-video-preview:-1\" \/>\n<link rel=\"canonical\" href=\"https:\/\/www.africa-press.net\/djibouti\/politique\/le-president-guelleh-regagne-le-pays-a-lissue-de-sa-participation-au-sommet-africain-sur-le-climat\" \/>\n<meta property=\"og:locale\" content=\"fr_FR\" \/>\n<meta property=\"og:type\" content=\"article\" \/>\n<meta property=\"og:title\" content=\"Le Pr\u00e9sident Guelleh regagne le pays \u00e0 l\u2019issue de sa participation au sommet africain sur le Climat\" \/>\n<meta property=\"og:description\" content=\"Le Pre\u0301sident de la Re\u0301publique, Son Excellence Ismail Omar Guelleh, a regagne\u0301 hier mercredi soir le pays, a\u0300 l\u2019issue d ...\" \/>\n<meta property=\"og:url\" content=\"https:\/\/www.africa-press.net\/djibouti\/politique\/le-president-guelleh-regagne-le-pays-a-lissue-de-sa-participation-au-sommet-africain-sur-le-climat\" \/>\n<meta property=\"og:site_name\" content=\"Djibouti\" \/>\n<meta property=\"article:published_time\" content=\"2023-09-07T13:53:14+00:00\" \/>\n<meta property=\"article:modified_time\" content=\"2023-09-07T15:04:08+00:00\" \/>\n<meta property=\"og:image\" content=\"https:\/\/static.africa-press.net\/djibouti\/sites\/52\/2023\/09\/sm_1694086386.740189.jpg\" \/>\n\t<meta property=\"og:image:width\" content=\"720\" \/>\n\t<meta property=\"og:image:height\" content=\"523\" \/>\n\t<meta property=\"og:image:type\" content=\"image\/jpeg\" \/>\n<meta name=\"author\" content=\"cfeditorfr\" \/>\n<meta name=\"twitter:card\" content=\"summary_large_image\" \/>\n<meta name=\"twitter:label1\" content=\"\u00c9crit par\" \/>\n\t<meta name=\"twitter:data1\" content=\"cfeditorfr\" \/>\n\t<meta name=\"twitter:label2\" content=\"Dur\u00e9e de lecture estim\u00e9e\" \/>\n\t<meta name=\"twitter:data2\" content=\"2 minutes\" \/>\n<script type=\"application\/ld+json\" class=\"yoast-schema-graph\">{\"@context\":\"https:\/\/schema.org\",\"@graph\":[{\"@type\":\"Article\",\"@id\":\"https:\/\/www.africa-press.net\/djibouti\/politique\/le-president-guelleh-regagne-le-pays-a-lissue-de-sa-participation-au-sommet-africain-sur-le-climat#article\",\"isPartOf\":{\"@id\":\"https:\/\/www.africa-press.net\/djibouti\/politique\/le-president-guelleh-regagne-le-pays-a-lissue-de-sa-participation-au-sommet-africain-sur-le-climat\"},\"author\":{\"name\":\"cfeditorfr\",\"@id\":\"https:\/\/www.africa-press.net\/djibouti\/#\/schema\/person\/2b1cf3cd81a31e3cd26889ca66d677f1\"},\"headline\":\"Le Pr\u00e9sident Guelleh regagne le pays \u00e0 l\u2019issue de sa participation au sommet africain sur le Climat\",\"datePublished\":\"2023-09-07T13:53:14+00:00\",\"dateModified\":\"2023-09-07T15:04:08+00:00\",\"mainEntityOfPage\":{\"@id\":\"https:\/\/www.africa-press.net\/djibouti\/politique\/le-president-guelleh-regagne-le-pays-a-lissue-de-sa-participation-au-sommet-africain-sur-le-climat\"},\"wordCount\":388,\"commentCount\":0,\"image\":{\"@id\":\"https:\/\/www.africa-press.net\/djibouti\/politique\/le-president-guelleh-regagne-le-pays-a-lissue-de-sa-participation-au-sommet-africain-sur-le-climat#primaryimage\"},\"thumbnailUrl\":\"https:\/\/static.africa-press.net\/djibouti\/sites\/52\/2023\/09\/sm_1694086386.740189.jpg\",\"keywords\":[\"Africa Press\",\"Africa Press-Djibouti\",\"Djibouti\"],\"articleSection\":[\"Photo\",\"Politique\",\"Toutes les actualit\u00e9s\"],\"inLanguage\":\"fr-FR\",\"potentialAction\":[{\"@type\":\"CommentAction\",\"name\":\"Comment\",\"target\":[\"https:\/\/www.africa-press.net\/djibouti\/politique\/le-president-guelleh-regagne-le-pays-a-lissue-de-sa-participation-au-sommet-africain-sur-le-climat#respond\"]}]},{\"@type\":\"WebPage\",\"@id\":\"https:\/\/www.africa-press.net\/djibouti\/politique\/le-president-guelleh-regagne-le-pays-a-lissue-de-sa-participation-au-sommet-africain-sur-le-climat\",\"url\":\"https:\/\/www.africa-press.net\/djibouti\/politique\/le-president-guelleh-regagne-le-pays-a-lissue-de-sa-participation-au-sommet-africain-sur-le-climat\",\"name\":\"Le Pr\u00e9sident Guelleh regagne le pays \u00e0 l\u2019issue de sa participation au sommet africain sur le Climat - Djibouti\",\"isPartOf\":{\"@id\":\"https:\/\/www.africa-press.net\/djibouti\/#website\"},\"primaryImageOfPage\":{\"@id\":\"https:\/\/www.africa-press.net\/djibouti\/politique\/le-president-guelleh-regagne-le-pays-a-lissue-de-sa-participation-au-sommet-africain-sur-le-climat#primaryimage\"},\"image\":{\"@id\":\"https:\/\/www.africa-press.net\/djibouti\/politique\/le-president-guelleh-regagne-le-pays-a-lissue-de-sa-participation-au-sommet-africain-sur-le-climat#primaryimage\"},\"thumbnailUrl\":\"https:\/\/static.africa-press.net\/djibouti\/sites\/52\/2023\/09\/sm_1694086386.740189.jpg\",\"datePublished\":\"2023-09-07T13:53:14+00:00\",\"dateModified\":\"2023-09-07T15:04:08+00:00\",\"author\":{\"@id\":\"https:\/\/www.africa-press.net\/djibouti\/#\/schema\/person\/2b1cf3cd81a31e3cd26889ca66d677f1\"},\"description\":\"Le Pre\u0301sident de la Re\u0301publique, Son Excellence Ismail Omar Guelleh, a regagne\u0301 hier mercredi soir le pays, a\u0300 l\u2019issue d ...\",\"breadcrumb\":{\"@id\":\"https:\/\/www.africa-press.net\/djibouti\/politique\/le-president-guelleh-regagne-le-pays-a-lissue-de-sa-participation-au-sommet-africain-sur-le-climat#breadcrumb\"},\"inLanguage\":\"fr-FR\",\"potentialAction\":[{\"@type\":\"ReadAction\",\"target\":[\"https:\/\/www.africa-press.net\/djibouti\/politique\/le-president-guelleh-regagne-le-pays-a-lissue-de-sa-participation-au-sommet-africain-sur-le-climat\"]}]},{\"@type\":\"ImageObject\",\"inLanguage\":\"fr-FR\",\"@id\":\"https:\/\/www.africa-press.net\/djibouti\/politique\/le-president-guelleh-regagne-le-pays-a-lissue-de-sa-participation-au-sommet-africain-sur-le-climat#primaryimage\",\"url\":\"https:\/\/static.africa-press.net\/djibouti\/sites\/52\/2023\/09\/sm_1694086386.740189.jpg\",\"contentUrl\":\"https:\/\/static.africa-press.net\/djibouti\/sites\/52\/2023\/09\/sm_1694086386.740189.jpg\",\"width\":720,\"height\":523,\"caption\":\"Le Pr\u00e9sident Guelleh regagne le pays \u00e0 l\u2019issue de sa participation au sommet africain sur le Climat\"},{\"@type\":\"BreadcrumbList\",\"@id\":\"https:\/\/www.africa-press.net\/djibouti\/politique\/le-president-guelleh-regagne-le-pays-a-lissue-de-sa-participation-au-sommet-africain-sur-le-climat#breadcrumb\",\"itemListElement\":[{\"@type\":\"ListItem\",\"position\":1,\"name\":\"Accueil\",\"item\":\"https:\/\/www.africa-press.net\/djibouti\/\"},{\"@type\":\"ListItem\",\"position\":2,\"name\":\"Le Pr\u00e9sident Guelleh regagne le pays \u00e0 l\u2019issue de sa participation au sommet africain sur le Climat\"}]},{\"@type\":\"WebSite\",\"@id\":\"https:\/\/www.africa-press.net\/djibouti\/#website\",\"url\":\"https:\/\/www.africa-press.net\/djibouti\/\",\"name\":\"Djibouti\",\"description\":\"Just another Africa News Agency Sites site\",\"potentialAction\":[{\"@type\":\"SearchAction\",\"target\":{\"@type\":\"EntryPoint\",\"urlTemplate\":\"https:\/\/www.africa-press.net\/djibouti\/?s={search_term_string}\"},\"query-input\":{\"@type\":\"PropertyValueSpecification\",\"valueRequired\":true,\"valueName\":\"search_term_string\"}}],\"inLanguage\":\"fr-FR\"},{\"@type\":\"Person\",\"@id\":\"https:\/\/www.africa-press.net\/djibouti\/#\/schema\/person\/2b1cf3cd81a31e3cd26889ca66d677f1\",\"name\":\"cfeditorfr\"}]}<\/script>\n<!-- \/ Yoast SEO Premium plugin. -->","yoast_head_json":{"title":"Le Pr\u00e9sident Guelleh regagne le pays \u00e0 l\u2019issue de sa participation au sommet africain sur le Climat - Djibouti","description":"Le Pre\u0301sident de la Re\u0301publique, Son Excellence Ismail Omar Guelleh, a regagne\u0301 hier mercredi soir le pays, a\u0300 l\u2019issue d ...","robots":{"index":"index","follow":"follow","max-snippet":"max-snippet:-1","max-image-preview":"max-image-preview:large","max-video-preview":"max-video-preview:-1"},"canonical":"https:\/\/www.africa-press.net\/djibouti\/politique\/le-president-guelleh-regagne-le-pays-a-lissue-de-sa-participation-au-sommet-africain-sur-le-climat","og_locale":"fr_FR","og_type":"article","og_title":"Le Pr\u00e9sident Guelleh regagne le pays \u00e0 l\u2019issue de sa participation au sommet africain sur le Climat","og_description":"Le Pre\u0301sident de la Re\u0301publique, Son Excellence Ismail Omar Guelleh, a regagne\u0301 hier mercredi soir le pays, a\u0300 l\u2019issue d ...","og_url":"https:\/\/www.africa-press.net\/djibouti\/politique\/le-president-guelleh-regagne-le-pays-a-lissue-de-sa-participation-au-sommet-africain-sur-le-climat","og_site_name":"Djibouti","article_published_time":"2023-09-07T13:53:14+00:00","article_modified_time":"2023-09-07T15:04:08+00:00","og_image":[{"width":720,"height":523,"url":"https:\/\/static.africa-press.net\/djibouti\/sites\/52\/2023\/09\/sm_1694086386.740189.jpg","type":"image\/jpeg"}],"author":"cfeditorfr","twitter_card":"summary_large_image","twitter_misc":{"\u00c9crit par":"cfeditorfr","Dur\u00e9e de lecture estim\u00e9e":"2 minutes"},"schema":{"@context":"https:\/\/schema.org","@graph":[{"@type":"Article","@id":"https:\/\/www.africa-press.net\/djibouti\/politique\/le-president-guelleh-regagne-le-pays-a-lissue-de-sa-participation-au-sommet-africain-sur-le-climat#article","isPartOf":{"@id":"https:\/\/www.africa-press.net\/djibouti\/politique\/le-president-guelleh-regagne-le-pays-a-lissue-de-sa-participation-au-sommet-africain-sur-le-climat"},"author":{"name":"cfeditorfr","@id":"https:\/\/www.africa-press.net\/djibouti\/#\/schema\/person\/2b1cf3cd81a31e3cd26889ca66d677f1"},"headline":"Le Pr\u00e9sident Guelleh regagne le pays \u00e0 l\u2019issue de sa participation au sommet africain sur le Climat","datePublished":"2023-09-07T13:53:14+00:00","dateModified":"2023-09-07T15:04:08+00:00","mainEntityOfPage":{"@id":"https:\/\/www.africa-press.net\/djibouti\/politique\/le-president-guelleh-regagne-le-pays-a-lissue-de-sa-participation-au-sommet-africain-sur-le-climat"},"wordCount":388,"commentCount":0,"image":{"@id":"https:\/\/www.africa-press.net\/djibouti\/politique\/le-president-guelleh-regagne-le-pays-a-lissue-de-sa-participation-au-sommet-africain-sur-le-climat#primaryimage"},"thumbnailUrl":"https:\/\/static.africa-press.net\/djibouti\/sites\/52\/2023\/09\/sm_1694086386.740189.jpg","keywords":["Africa Press","Africa Press-Djibouti","Djibouti"],"articleSection":["Photo","Politique","Toutes les actualit\u00e9s"],"inLanguage":"fr-FR","potentialAction":[{"@type":"CommentAction","name":"Comment","target":["https:\/\/www.africa-press.net\/djibouti\/politique\/le-president-guelleh-regagne-le-pays-a-lissue-de-sa-participation-au-sommet-africain-sur-le-climat#respond"]}]},{"@type":"WebPage","@id":"https:\/\/www.africa-press.net\/djibouti\/politique\/le-president-guelleh-regagne-le-pays-a-lissue-de-sa-participation-au-sommet-africain-sur-le-climat","url":"https:\/\/www.africa-press.net\/djibouti\/politique\/le-president-guelleh-regagne-le-pays-a-lissue-de-sa-participation-au-sommet-africain-sur-le-climat","name":"Le Pr\u00e9sident Guelleh regagne le pays \u00e0 l\u2019issue de sa participation au sommet africain sur le Climat - Djibouti","isPartOf":{"@id":"https:\/\/www.africa-press.net\/djibouti\/#website"},"primaryImageOfPage":{"@id":"https:\/\/www.africa-press.net\/djibouti\/politique\/le-president-guelleh-regagne-le-pays-a-lissue-de-sa-participation-au-sommet-africain-sur-le-climat#primaryimage"},"image":{"@id":"https:\/\/www.africa-press.net\/djibouti\/politique\/le-president-guelleh-regagne-le-pays-a-lissue-de-sa-participation-au-sommet-africain-sur-le-climat#primaryimage"},"thumbnailUrl":"https:\/\/static.africa-press.net\/djibouti\/sites\/52\/2023\/09\/sm_1694086386.740189.jpg","datePublished":"2023-09-07T13:53:14+00:00","dateModified":"2023-09-07T15:04:08+00:00","author":{"@id":"https:\/\/www.africa-press.net\/djibouti\/#\/schema\/person\/2b1cf3cd81a31e3cd26889ca66d677f1"},"description":"Le Pre\u0301sident de la Re\u0301publique, Son Excellence Ismail Omar Guelleh, a regagne\u0301 hier mercredi soir le pays, a\u0300 l\u2019issue d ...","breadcrumb":{"@id":"https:\/\/www.africa-press.net\/djibouti\/politique\/le-president-guelleh-regagne-le-pays-a-lissue-de-sa-participation-au-sommet-africain-sur-le-climat#breadcrumb"},"inLanguage":"fr-FR","potentialAction":[{"@type":"ReadAction","target":["https:\/\/www.africa-press.net\/djibouti\/politique\/le-president-guelleh-regagne-le-pays-a-lissue-de-sa-participation-au-sommet-africain-sur-le-climat"]}]},{"@type":"ImageObject","inLanguage":"fr-FR","@id":"https:\/\/www.africa-press.net\/djibouti\/politique\/le-president-guelleh-regagne-le-pays-a-lissue-de-sa-participation-au-sommet-africain-sur-le-climat#primaryimage","url":"https:\/\/static.africa-press.net\/djibouti\/sites\/52\/2023\/09\/sm_1694086386.740189.jpg","contentUrl":"https:\/\/static.africa-press.net\/djibouti\/sites\/52\/2023\/09\/sm_1694086386.740189.jpg","width":720,"height":523,"caption":"Le Pr\u00e9sident Guelleh regagne le pays \u00e0 l\u2019issue de sa participation au sommet africain sur le Climat"},{"@type":"BreadcrumbList","@id":"https:\/\/www.africa-press.net\/djibouti\/politique\/le-president-guelleh-regagne-le-pays-a-lissue-de-sa-participation-au-sommet-africain-sur-le-climat#breadcrumb","itemListElement":[{"@type":"ListItem","position":1,"name":"Accueil","item":"https:\/\/www.africa-press.net\/djibouti\/"},{"@type":"ListItem","position":2,"name":"Le Pr\u00e9sident Guelleh regagne le pays \u00e0 l\u2019issue de sa participation au sommet africain sur le Climat"}]},{"@type":"WebSite","@id":"https:\/\/www.africa-press.net\/djibouti\/#website","url":"https:\/\/www.africa-press.net\/djibouti\/","name":"Djibouti","description":"Just another Africa News Agency Sites site","potentialAction":[{"@type":"SearchAction","target":{"@type":"EntryPoint","urlTemplate":"https:\/\/www.africa-press.net\/djibouti\/?s={search_term_string}"},"query-input":{"@type":"PropertyValueSpecification","valueRequired":true,"valueName":"search_term_string"}}],"inLanguage":"fr-FR"},{"@type":"Person","@id":"https:\/\/www.africa-press.net\/djibouti\/#\/schema\/person\/2b1cf3cd81a31e3cd26889ca66d677f1","name":"cfeditorfr"}]}},"_links":{"self":[{"href":"https:\/\/www.africa-press.net\/djibouti\/wp-json\/wp\/v2\/posts\/17584","targetHints":{"allow":["GET"]}}],"collection":[{"href":"https:\/\/www.africa-press.net\/djibouti\/wp-json\/wp\/v2\/posts"}],"about":[{"href":"https:\/\/www.africa-press.net\/djibouti\/wp-json\/wp\/v2\/types\/post"}],"author":[{"embeddable":true,"href":"https:\/\/www.africa-press.net\/djibouti\/wp-json\/wp\/v2\/users\/82"}],"replies":[{"embeddable":true,"href":"https:\/\/www.africa-press.net\/djibouti\/wp-json\/wp\/v2\/comments?post=17584"}],"version-history":[{"count":0,"href":"https:\/\/www.africa-press.net\/djibouti\/wp-json\/wp\/v2\/posts\/17584\/revisions"}],"wp:featuredmedia":[{"embeddable":true,"href":"https:\/\/www.africa-press.net\/djibouti\/wp-json\/wp\/v2\/media\/17583"}],"wp:attachment":[{"href":"https:\/\/www.africa-press.net\/djibouti\/wp-json\/wp\/v2\/media?parent=17584"}],"wp:term":[{"taxonomy":"category","embeddable":true,"href":"https:\/\/www.africa-press.net\/djibouti\/wp-json\/wp\/v2\/categories?post=17584"},{"taxonomy":"post_tag","embeddable":true,"href":"https:\/\/www.africa-press.net\/djibouti\/wp-json\/wp\/v2\/tags?post=17584"}],"curies":[{"name":"wp","href":"https:\/\/api.w.org\/{rel}","templated":true}]}}