{"id":17587,"date":"2023-09-07T13:53:33","date_gmt":"2023-09-07T13:53:33","guid":{"rendered":"https:\/\/www.africa-press.net\/djibouti\/politique\/le-maire-de-la-capitale-said-daoud-mohamed-recoit-la-representante-de-lusaid-a-djibouti"},"modified":"2023-09-07T15:04:45","modified_gmt":"2023-09-07T15:04:45","slug":"le-maire-de-la-capitale-said-daoud-mohamed-recoit-la-representante-de-lusaid-a-djibouti","status":"publish","type":"post","link":"https:\/\/www.africa-press.net\/djibouti\/politique\/le-maire-de-la-capitale-said-daoud-mohamed-recoit-la-representante-de-lusaid-a-djibouti","title":{"rendered":"Le maire de la capitale Sa\u00efd Daoud Mohamed re\u00e7oit la repr\u00e9sentante de l&rsquo;USAID \u00e0 Djibouti"},"content":{"rendered":"<p><span style=\"color: #ff6600\"><strong>Africa-Press &#8211; Djibouti. <\/strong><\/span>Le Maire de la ville de Djibouti, M. Said Daoud Mohamed, a rec\u0327u ce mercredi dans son cabinet la repre\u0301sentante de l\u2019Agence Ame\u0301ricaine pour le De\u0301veloppement International (USAID) a\u0300 Djibouti, Mme Nancy Ostrowski.<\/p>\n<p>Ont pris part a\u0300 cette rencontre, M. Abdourahman Yacin Bayleh, secre\u0301taire ge\u0301ne\u0301ral Pi, M. Othman Hamad Mahammad, conseiller technique ainsi que Mme Hamda Ali Guelleh et M. Abdourachid Ali, tous deux urbanistes a\u0300 la mairie.<\/p>\n<p>Cette rencontre a e\u0301te\u0301 l&rsquo;occasion pour les deux parties d&rsquo;e\u0301changer sur les voies et moyens pour parvenir a\u0300 e\u0301tablir un partenariat entre la mairie et la l&rsquo;USAID ainsi que les voies et les moyens de les raffermir davantage.<\/p>\n<p>Ils ont e\u0301voque\u0301 plusieurs sujets importants, notamment l&rsquo;adressage de la ville de Djibouti, l&#8217;embellissement, la plantation d&rsquo;arbres sur les arte\u0300res principales de la ville, ainsi que l&rsquo;implication de l&rsquo;USAID au de\u0301veloppement de la gouvernance locale de la ville de Djibouti.<\/p>\n<p>Apre\u0300s les mots de bienvenue, l\u2019e\u0301dile de la capitale Said Daoud Mohamed a d\u2019emble\u0301e souhaite\u0301 la bienvenue a\u0300 la repre\u0301sentante de l\u2019Agence Ame\u0301ricaine pour le De\u0301veloppement International (USAID) a\u0300 Djibouti, Mme Nancy Ostrowski, a\u0300 la mairie de la ville de Djibouti.<\/p>\n<p>Le Maire de la ville de Djibouti, M. Said Daoud Mohamed, a rec\u0327u ce mercredi dans son cabinet la repre\u0301sentante de l\u2019Agence Ame\u0301ricaine pour le De\u0301veloppement International (USAID) a\u0300 Djibouti, Mme Nancy Ostrowski.<\/p>\n<p>Ont pris part a\u0300 cette rencontre, M. Abdourahman Yacin Bayleh, secre\u0301taire ge\u0301ne\u0301ral Pi, M. Othman Hamad Mahammad, conseiller technique ainsi que Mme Hamda Ali Guelleh et M. Abdourachid Ali, tous deux urbanistes a\u0300 la mairie.<\/p>\n<p>Cette rencontre a e\u0301te\u0301 l&rsquo;occasion pour les deux parties d&rsquo;e\u0301changer sur les voies et moyens pour parvenir a\u0300 e\u0301tablir un partenariat entre la mairie et la l&rsquo;USAID ainsi que les voies et les moyens de les raffermir davantage.<\/p>\n<p>Ils ont e\u0301voque\u0301 plusieurs sujets importants, notamment l&rsquo;adressage de la ville de Djibouti, l&#8217;embellissement, la plantation d&rsquo;arbres sur les arte\u0300res principales de la ville, ainsi que l&rsquo;implication de l&rsquo;USAID au de\u0301veloppement de la gouvernance locale de la ville de Djibouti.<\/p>\n<p>Apre\u0300s les mots de bienvenue, l\u2019e\u0301dile de la capitale Said Daoud Mohamed a d\u2019emble\u0301e souhaite\u0301 la bienvenue a\u0300 la repre\u0301sentante de l\u2019Agence Ame\u0301ricaine pour le De\u0301veloppement International (USAID) a\u0300 Djibouti, Mme Nancy Ostrowski, a\u0300 la mairie de la ville de Djibouti.<\/p>\n<p><strong>Pour plus d&rsquo;informations et d&rsquo;analyses sur la <a href=\"https:\/\/www.africa-press.net\/djibouti\">Djibouti<\/a>, suivez <a href=\"https:\/\/www.africa-press.net\/\">Africa-Press<\/a><\/strong><\/p>\n","protected":false},"excerpt":{"rendered":"<p>Africa-Press &#8211; Djibouti. Le Maire de la ville de Djibouti, M. Said Daoud Mohamed, a rec\u0327u ce mercredi dans son cabinet la repre\u0301sentante de l\u2019Agence Ame\u0301ricaine pour le De\u0301veloppement International (USAID) a\u0300 Djibouti, Mme Nancy Ostrowski. Ont pris part a\u0300 cette rencontre, M. Abdourahman Yacin Bayleh, secre\u0301taire ge\u0301ne\u0301ral Pi, M. Othman Hamad Mahammad, conseiller technique [&hellip;]<\/p>\n","protected":false},"author":82,"featured_media":17585,"comment_status":"open","ping_status":"closed","sticky":false,"template":"","format":"standard","meta":{"footnotes":""},"categories":[2,10],"tags":[36,49,50],"class_list":["post-17587","post","type-post","status-publish","format-standard","has-post-thumbnail","hentry","category-politique","category-toutes-les-actualites","tag-africa-press","tag-africa-press-djibouti","tag-djibouti"],"yoast_head":"<!-- This site is optimized with the Yoast SEO Premium plugin v26.1 (Yoast SEO v27.0) - https:\/\/yoast.com\/product\/yoast-seo-premium-wordpress\/ -->\n<title>Le maire de la capitale Sa\u00efd Daoud Mohamed re\u00e7oit la repr\u00e9sentante de l&#039;USAID \u00e0 Djibouti - Djibouti<\/title>\n<meta name=\"description\" content=\"Le Maire de la ville de Djibouti, M. Said Daoud Mohamed, a rec\u0327u ce mercredi dans son cabinet la repre\u0301sentante de l\u2019Age ...\" \/>\n<meta name=\"robots\" content=\"index, follow, max-snippet:-1, max-image-preview:large, max-video-preview:-1\" \/>\n<link rel=\"canonical\" href=\"https:\/\/www.africa-press.net\/djibouti\/politique\/le-maire-de-la-capitale-said-daoud-mohamed-recoit-la-representante-de-lusaid-a-djibouti\" \/>\n<meta property=\"og:locale\" content=\"fr_FR\" \/>\n<meta property=\"og:type\" content=\"article\" \/>\n<meta property=\"og:title\" content=\"Le maire de la capitale Sa\u00efd Daoud Mohamed re\u00e7oit la repr\u00e9sentante de l&#039;USAID \u00e0 Djibouti\" \/>\n<meta property=\"og:description\" content=\"Le Maire de la ville de Djibouti, M. Said Daoud Mohamed, a rec\u0327u ce mercredi dans son cabinet la repre\u0301sentante de l\u2019Age ...\" \/>\n<meta property=\"og:url\" content=\"https:\/\/www.africa-press.net\/djibouti\/politique\/le-maire-de-la-capitale-said-daoud-mohamed-recoit-la-representante-de-lusaid-a-djibouti\" \/>\n<meta property=\"og:site_name\" content=\"Djibouti\" \/>\n<meta property=\"article:published_time\" content=\"2023-09-07T13:53:33+00:00\" \/>\n<meta property=\"article:modified_time\" content=\"2023-09-07T15:04:45+00:00\" \/>\n<meta property=\"og:image\" content=\"https:\/\/static.africa-press.net\/djibouti\/sites\/52\/2023\/09\/sm_1694086427.199978.jpg\" \/>\n\t<meta property=\"og:image:width\" content=\"1080\" \/>\n\t<meta property=\"og:image:height\" content=\"810\" \/>\n\t<meta property=\"og:image:type\" content=\"image\/jpeg\" \/>\n<meta name=\"author\" content=\"cfeditorfr\" \/>\n<meta name=\"twitter:card\" content=\"summary_large_image\" \/>\n<meta name=\"twitter:label1\" content=\"\u00c9crit par\" \/>\n\t<meta name=\"twitter:data1\" content=\"cfeditorfr\" \/>\n\t<meta name=\"twitter:label2\" content=\"Dur\u00e9e de lecture estim\u00e9e\" \/>\n\t<meta name=\"twitter:data2\" content=\"2 minutes\" \/>\n<script type=\"application\/ld+json\" class=\"yoast-schema-graph\">{\"@context\":\"https:\/\/schema.org\",\"@graph\":[{\"@type\":\"Article\",\"@id\":\"https:\/\/www.africa-press.net\/djibouti\/politique\/le-maire-de-la-capitale-said-daoud-mohamed-recoit-la-representante-de-lusaid-a-djibouti#article\",\"isPartOf\":{\"@id\":\"https:\/\/www.africa-press.net\/djibouti\/politique\/le-maire-de-la-capitale-said-daoud-mohamed-recoit-la-representante-de-lusaid-a-djibouti\"},\"author\":{\"name\":\"cfeditorfr\",\"@id\":\"https:\/\/www.africa-press.net\/djibouti\/#\/schema\/person\/2b1cf3cd81a31e3cd26889ca66d677f1\"},\"headline\":\"Le maire de la capitale Sa\u00efd Daoud Mohamed re\u00e7oit la repr\u00e9sentante de l&rsquo;USAID \u00e0 Djibouti\",\"datePublished\":\"2023-09-07T13:53:33+00:00\",\"dateModified\":\"2023-09-07T15:04:45+00:00\",\"mainEntityOfPage\":{\"@id\":\"https:\/\/www.africa-press.net\/djibouti\/politique\/le-maire-de-la-capitale-said-daoud-mohamed-recoit-la-representante-de-lusaid-a-djibouti\"},\"wordCount\":469,\"commentCount\":0,\"image\":{\"@id\":\"https:\/\/www.africa-press.net\/djibouti\/politique\/le-maire-de-la-capitale-said-daoud-mohamed-recoit-la-representante-de-lusaid-a-djibouti#primaryimage\"},\"thumbnailUrl\":\"https:\/\/static.africa-press.net\/djibouti\/sites\/52\/2023\/09\/sm_1694086427.199978.jpg\",\"keywords\":[\"Africa Press\",\"Africa Press-Djibouti\",\"Djibouti\"],\"articleSection\":[\"Politique\",\"Toutes les actualit\u00e9s\"],\"inLanguage\":\"fr-FR\",\"potentialAction\":[{\"@type\":\"CommentAction\",\"name\":\"Comment\",\"target\":[\"https:\/\/www.africa-press.net\/djibouti\/politique\/le-maire-de-la-capitale-said-daoud-mohamed-recoit-la-representante-de-lusaid-a-djibouti#respond\"]}]},{\"@type\":\"WebPage\",\"@id\":\"https:\/\/www.africa-press.net\/djibouti\/politique\/le-maire-de-la-capitale-said-daoud-mohamed-recoit-la-representante-de-lusaid-a-djibouti\",\"url\":\"https:\/\/www.africa-press.net\/djibouti\/politique\/le-maire-de-la-capitale-said-daoud-mohamed-recoit-la-representante-de-lusaid-a-djibouti\",\"name\":\"Le maire de la capitale Sa\u00efd Daoud Mohamed re\u00e7oit la repr\u00e9sentante de l'USAID \u00e0 Djibouti - Djibouti\",\"isPartOf\":{\"@id\":\"https:\/\/www.africa-press.net\/djibouti\/#website\"},\"primaryImageOfPage\":{\"@id\":\"https:\/\/www.africa-press.net\/djibouti\/politique\/le-maire-de-la-capitale-said-daoud-mohamed-recoit-la-representante-de-lusaid-a-djibouti#primaryimage\"},\"image\":{\"@id\":\"https:\/\/www.africa-press.net\/djibouti\/politique\/le-maire-de-la-capitale-said-daoud-mohamed-recoit-la-representante-de-lusaid-a-djibouti#primaryimage\"},\"thumbnailUrl\":\"https:\/\/static.africa-press.net\/djibouti\/sites\/52\/2023\/09\/sm_1694086427.199978.jpg\",\"datePublished\":\"2023-09-07T13:53:33+00:00\",\"dateModified\":\"2023-09-07T15:04:45+00:00\",\"author\":{\"@id\":\"https:\/\/www.africa-press.net\/djibouti\/#\/schema\/person\/2b1cf3cd81a31e3cd26889ca66d677f1\"},\"description\":\"Le Maire de la ville de Djibouti, M. Said Daoud Mohamed, a rec\u0327u ce mercredi dans son cabinet la repre\u0301sentante de l\u2019Age ...\",\"breadcrumb\":{\"@id\":\"https:\/\/www.africa-press.net\/djibouti\/politique\/le-maire-de-la-capitale-said-daoud-mohamed-recoit-la-representante-de-lusaid-a-djibouti#breadcrumb\"},\"inLanguage\":\"fr-FR\",\"potentialAction\":[{\"@type\":\"ReadAction\",\"target\":[\"https:\/\/www.africa-press.net\/djibouti\/politique\/le-maire-de-la-capitale-said-daoud-mohamed-recoit-la-representante-de-lusaid-a-djibouti\"]}]},{\"@type\":\"ImageObject\",\"inLanguage\":\"fr-FR\",\"@id\":\"https:\/\/www.africa-press.net\/djibouti\/politique\/le-maire-de-la-capitale-said-daoud-mohamed-recoit-la-representante-de-lusaid-a-djibouti#primaryimage\",\"url\":\"https:\/\/static.africa-press.net\/djibouti\/sites\/52\/2023\/09\/sm_1694086427.199978.jpg\",\"contentUrl\":\"https:\/\/static.africa-press.net\/djibouti\/sites\/52\/2023\/09\/sm_1694086427.199978.jpg\",\"width\":1080,\"height\":810,\"caption\":\"Le maire de la capitale Sa\u00efd Daoud Mohamed re\u00e7oit la repr\u00e9sentante de l'USAID \u00e0 Djibouti\"},{\"@type\":\"BreadcrumbList\",\"@id\":\"https:\/\/www.africa-press.net\/djibouti\/politique\/le-maire-de-la-capitale-said-daoud-mohamed-recoit-la-representante-de-lusaid-a-djibouti#breadcrumb\",\"itemListElement\":[{\"@type\":\"ListItem\",\"position\":1,\"name\":\"Accueil\",\"item\":\"https:\/\/www.africa-press.net\/djibouti\/\"},{\"@type\":\"ListItem\",\"position\":2,\"name\":\"Le maire de la capitale Sa\u00efd Daoud Mohamed re\u00e7oit la repr\u00e9sentante de l&#8217;USAID \u00e0 Djibouti\"}]},{\"@type\":\"WebSite\",\"@id\":\"https:\/\/www.africa-press.net\/djibouti\/#website\",\"url\":\"https:\/\/www.africa-press.net\/djibouti\/\",\"name\":\"Djibouti\",\"description\":\"Just another Africa News Agency Sites site\",\"potentialAction\":[{\"@type\":\"SearchAction\",\"target\":{\"@type\":\"EntryPoint\",\"urlTemplate\":\"https:\/\/www.africa-press.net\/djibouti\/?s={search_term_string}\"},\"query-input\":{\"@type\":\"PropertyValueSpecification\",\"valueRequired\":true,\"valueName\":\"search_term_string\"}}],\"inLanguage\":\"fr-FR\"},{\"@type\":\"Person\",\"@id\":\"https:\/\/www.africa-press.net\/djibouti\/#\/schema\/person\/2b1cf3cd81a31e3cd26889ca66d677f1\",\"name\":\"cfeditorfr\"}]}<\/script>\n<!-- \/ Yoast SEO Premium plugin. -->","yoast_head_json":{"title":"Le maire de la capitale Sa\u00efd Daoud Mohamed re\u00e7oit la repr\u00e9sentante de l'USAID \u00e0 Djibouti - Djibouti","description":"Le Maire de la ville de Djibouti, M. Said Daoud Mohamed, a rec\u0327u ce mercredi dans son cabinet la repre\u0301sentante de l\u2019Age ...","robots":{"index":"index","follow":"follow","max-snippet":"max-snippet:-1","max-image-preview":"max-image-preview:large","max-video-preview":"max-video-preview:-1"},"canonical":"https:\/\/www.africa-press.net\/djibouti\/politique\/le-maire-de-la-capitale-said-daoud-mohamed-recoit-la-representante-de-lusaid-a-djibouti","og_locale":"fr_FR","og_type":"article","og_title":"Le maire de la capitale Sa\u00efd Daoud Mohamed re\u00e7oit la repr\u00e9sentante de l'USAID \u00e0 Djibouti","og_description":"Le Maire de la ville de Djibouti, M. Said Daoud Mohamed, a rec\u0327u ce mercredi dans son cabinet la repre\u0301sentante de l\u2019Age ...","og_url":"https:\/\/www.africa-press.net\/djibouti\/politique\/le-maire-de-la-capitale-said-daoud-mohamed-recoit-la-representante-de-lusaid-a-djibouti","og_site_name":"Djibouti","article_published_time":"2023-09-07T13:53:33+00:00","article_modified_time":"2023-09-07T15:04:45+00:00","og_image":[{"width":1080,"height":810,"url":"https:\/\/static.africa-press.net\/djibouti\/sites\/52\/2023\/09\/sm_1694086427.199978.jpg","type":"image\/jpeg"}],"author":"cfeditorfr","twitter_card":"summary_large_image","twitter_misc":{"\u00c9crit par":"cfeditorfr","Dur\u00e9e de lecture estim\u00e9e":"2 minutes"},"schema":{"@context":"https:\/\/schema.org","@graph":[{"@type":"Article","@id":"https:\/\/www.africa-press.net\/djibouti\/politique\/le-maire-de-la-capitale-said-daoud-mohamed-recoit-la-representante-de-lusaid-a-djibouti#article","isPartOf":{"@id":"https:\/\/www.africa-press.net\/djibouti\/politique\/le-maire-de-la-capitale-said-daoud-mohamed-recoit-la-representante-de-lusaid-a-djibouti"},"author":{"name":"cfeditorfr","@id":"https:\/\/www.africa-press.net\/djibouti\/#\/schema\/person\/2b1cf3cd81a31e3cd26889ca66d677f1"},"headline":"Le maire de la capitale Sa\u00efd Daoud Mohamed re\u00e7oit la repr\u00e9sentante de l&rsquo;USAID \u00e0 Djibouti","datePublished":"2023-09-07T13:53:33+00:00","dateModified":"2023-09-07T15:04:45+00:00","mainEntityOfPage":{"@id":"https:\/\/www.africa-press.net\/djibouti\/politique\/le-maire-de-la-capitale-said-daoud-mohamed-recoit-la-representante-de-lusaid-a-djibouti"},"wordCount":469,"commentCount":0,"image":{"@id":"https:\/\/www.africa-press.net\/djibouti\/politique\/le-maire-de-la-capitale-said-daoud-mohamed-recoit-la-representante-de-lusaid-a-djibouti#primaryimage"},"thumbnailUrl":"https:\/\/static.africa-press.net\/djibouti\/sites\/52\/2023\/09\/sm_1694086427.199978.jpg","keywords":["Africa Press","Africa Press-Djibouti","Djibouti"],"articleSection":["Politique","Toutes les actualit\u00e9s"],"inLanguage":"fr-FR","potentialAction":[{"@type":"CommentAction","name":"Comment","target":["https:\/\/www.africa-press.net\/djibouti\/politique\/le-maire-de-la-capitale-said-daoud-mohamed-recoit-la-representante-de-lusaid-a-djibouti#respond"]}]},{"@type":"WebPage","@id":"https:\/\/www.africa-press.net\/djibouti\/politique\/le-maire-de-la-capitale-said-daoud-mohamed-recoit-la-representante-de-lusaid-a-djibouti","url":"https:\/\/www.africa-press.net\/djibouti\/politique\/le-maire-de-la-capitale-said-daoud-mohamed-recoit-la-representante-de-lusaid-a-djibouti","name":"Le maire de la capitale Sa\u00efd Daoud Mohamed re\u00e7oit la repr\u00e9sentante de l'USAID \u00e0 Djibouti - Djibouti","isPartOf":{"@id":"https:\/\/www.africa-press.net\/djibouti\/#website"},"primaryImageOfPage":{"@id":"https:\/\/www.africa-press.net\/djibouti\/politique\/le-maire-de-la-capitale-said-daoud-mohamed-recoit-la-representante-de-lusaid-a-djibouti#primaryimage"},"image":{"@id":"https:\/\/www.africa-press.net\/djibouti\/politique\/le-maire-de-la-capitale-said-daoud-mohamed-recoit-la-representante-de-lusaid-a-djibouti#primaryimage"},"thumbnailUrl":"https:\/\/static.africa-press.net\/djibouti\/sites\/52\/2023\/09\/sm_1694086427.199978.jpg","datePublished":"2023-09-07T13:53:33+00:00","dateModified":"2023-09-07T15:04:45+00:00","author":{"@id":"https:\/\/www.africa-press.net\/djibouti\/#\/schema\/person\/2b1cf3cd81a31e3cd26889ca66d677f1"},"description":"Le Maire de la ville de Djibouti, M. Said Daoud Mohamed, a rec\u0327u ce mercredi dans son cabinet la repre\u0301sentante de l\u2019Age ...","breadcrumb":{"@id":"https:\/\/www.africa-press.net\/djibouti\/politique\/le-maire-de-la-capitale-said-daoud-mohamed-recoit-la-representante-de-lusaid-a-djibouti#breadcrumb"},"inLanguage":"fr-FR","potentialAction":[{"@type":"ReadAction","target":["https:\/\/www.africa-press.net\/djibouti\/politique\/le-maire-de-la-capitale-said-daoud-mohamed-recoit-la-representante-de-lusaid-a-djibouti"]}]},{"@type":"ImageObject","inLanguage":"fr-FR","@id":"https:\/\/www.africa-press.net\/djibouti\/politique\/le-maire-de-la-capitale-said-daoud-mohamed-recoit-la-representante-de-lusaid-a-djibouti#primaryimage","url":"https:\/\/static.africa-press.net\/djibouti\/sites\/52\/2023\/09\/sm_1694086427.199978.jpg","contentUrl":"https:\/\/static.africa-press.net\/djibouti\/sites\/52\/2023\/09\/sm_1694086427.199978.jpg","width":1080,"height":810,"caption":"Le maire de la capitale Sa\u00efd Daoud Mohamed re\u00e7oit la repr\u00e9sentante de l'USAID \u00e0 Djibouti"},{"@type":"BreadcrumbList","@id":"https:\/\/www.africa-press.net\/djibouti\/politique\/le-maire-de-la-capitale-said-daoud-mohamed-recoit-la-representante-de-lusaid-a-djibouti#breadcrumb","itemListElement":[{"@type":"ListItem","position":1,"name":"Accueil","item":"https:\/\/www.africa-press.net\/djibouti\/"},{"@type":"ListItem","position":2,"name":"Le maire de la capitale Sa\u00efd Daoud Mohamed re\u00e7oit la repr\u00e9sentante de l&#8217;USAID \u00e0 Djibouti"}]},{"@type":"WebSite","@id":"https:\/\/www.africa-press.net\/djibouti\/#website","url":"https:\/\/www.africa-press.net\/djibouti\/","name":"Djibouti","description":"Just another Africa News Agency Sites site","potentialAction":[{"@type":"SearchAction","target":{"@type":"EntryPoint","urlTemplate":"https:\/\/www.africa-press.net\/djibouti\/?s={search_term_string}"},"query-input":{"@type":"PropertyValueSpecification","valueRequired":true,"valueName":"search_term_string"}}],"inLanguage":"fr-FR"},{"@type":"Person","@id":"https:\/\/www.africa-press.net\/djibouti\/#\/schema\/person\/2b1cf3cd81a31e3cd26889ca66d677f1","name":"cfeditorfr"}]}},"_links":{"self":[{"href":"https:\/\/www.africa-press.net\/djibouti\/wp-json\/wp\/v2\/posts\/17587","targetHints":{"allow":["GET"]}}],"collection":[{"href":"https:\/\/www.africa-press.net\/djibouti\/wp-json\/wp\/v2\/posts"}],"about":[{"href":"https:\/\/www.africa-press.net\/djibouti\/wp-json\/wp\/v2\/types\/post"}],"author":[{"embeddable":true,"href":"https:\/\/www.africa-press.net\/djibouti\/wp-json\/wp\/v2\/users\/82"}],"replies":[{"embeddable":true,"href":"https:\/\/www.africa-press.net\/djibouti\/wp-json\/wp\/v2\/comments?post=17587"}],"version-history":[{"count":0,"href":"https:\/\/www.africa-press.net\/djibouti\/wp-json\/wp\/v2\/posts\/17587\/revisions"}],"wp:featuredmedia":[{"embeddable":true,"href":"https:\/\/www.africa-press.net\/djibouti\/wp-json\/wp\/v2\/media\/17585"}],"wp:attachment":[{"href":"https:\/\/www.africa-press.net\/djibouti\/wp-json\/wp\/v2\/media?parent=17587"}],"wp:term":[{"taxonomy":"category","embeddable":true,"href":"https:\/\/www.africa-press.net\/djibouti\/wp-json\/wp\/v2\/categories?post=17587"},{"taxonomy":"post_tag","embeddable":true,"href":"https:\/\/www.africa-press.net\/djibouti\/wp-json\/wp\/v2\/tags?post=17587"}],"curies":[{"name":"wp","href":"https:\/\/api.w.org\/{rel}","templated":true}]}}