{"id":17594,"date":"2023-09-08T09:08:34","date_gmt":"2023-09-08T09:08:34","guid":{"rendered":"https:\/\/www.africa-press.net\/djibouti\/politique\/sommet-pour-le-climat-lafrique-affine-ses-demandes"},"modified":"2023-09-08T09:29:10","modified_gmt":"2023-09-08T09:29:10","slug":"sommet-pour-le-climat-lafrique-affine-ses-demandes","status":"publish","type":"post","link":"https:\/\/www.africa-press.net\/djibouti\/economie\/sommet-pour-le-climat-lafrique-affine-ses-demandes","title":{"rendered":"Sommet pour le climat : l\u2019Afrique affine ses demandes"},"content":{"rendered":"<p><span style=\"color: #ff6600\"><strong>Africa-Press &#8211; Djibouti. <\/strong><\/span>Financements, dette et taxes : la d\u00e9claration de Nairobi dresse la liste des demandes du continent pour all\u00e9ger le poids de la lutte contre le r\u00e9chauffement climatique.<\/p>\n<p>Dans la \u00ab De\u0301claration de Nairobi \u00bb, le continent africain s\u2019est efforce\u0301 de trouver une position commune dans le processus mondial sur le changement climatique qui culminera avec la confe\u0301rence de l\u2019ONU sur le climat (COP28) de Dubai\u0308 fin novembre.<\/p>\n<p><b>E\u0301nergies propres<\/b><\/p>\n<p>Outre un potentiel naturel pour ge\u0301ne\u0301rer directement des e\u0301nergies propres (solaire, e\u0301olien, ge\u0301othermie, etc.), l\u2019Afrique abrite 40 % des re\u0301serves mondiales de cobalt, de mangane\u0300se et de platine, essentiels pour les batteries et les piles a\u0300 hydroge\u0300ne. Paradoxe : ce continent n\u2019a attire\u0301 que 2 % des investissements mondiaux de la transition e\u0301nerge\u0301tique pendant la de\u0301cennie e\u0301coule\u0301e.<\/p>\n<p>Le sommet de Nairobi a appele\u0301 a\u0300 un investissement de 600 milliards de dollars pour augmenter la capacite\u0301 de production d\u2019e\u0301nergies renouvelables de l\u2019Afrique de 56 gigawatts en 2022 a\u0300 au moins 300 gigawatts d\u2019ici a\u0300 2030.<\/p>\n<p>Un impe\u0301ratif pour un continent d\u20191,4 milliard d\u2019habitants, dont 600 millions n\u2019ont pas acce\u0300s a\u0300 l\u2019e\u0301lectricite\u0301.<\/p>\n<p><b>Taxes carbone<\/b><\/p>\n<p>Pour permettre de lever les fonds ne\u0301cessaires a\u0300 ces investissements, la De\u0301claration de Nairobi appelle les dirigeants de la plane\u0300te a\u0300 \u00ab se ranger derrie\u0300re la proposition d\u2019un re\u0301gime de taxation du carbone incluant une taxe sur le commerce des combustibles fossiles et sur le transport maritime et ae\u0301rien \u00bb. Ces sources de financements, ajoute la De\u0301claration, pourraient e\u0302tre comple\u0301te\u0301es par une taxe mondiale sur les transactions financie\u0300res.<\/p>\n<p>Au cours d\u2019un sommet a\u0300 Paris en juin, le pre\u0301sident franc\u0327ais Emmanuel Macron s\u2019est prononce\u0301 en faveur d\u2019une taxe sur le commerce maritime tout en soulignant la ne\u0301cessaire adhe\u0301sion de la Chine, des E\u0301tats-Unis et d\u2019autres pays europe\u0301ens pour qu\u2019elle devienne re\u0301alite\u0301.<\/p>\n<p>A\u0300 Nairobi, l\u2019e\u0301missaire ame\u0301ricain sur le climat John Kerry s\u2019est borne\u0301 a\u0300 expliquer que ces diffe\u0301rentes propositions e\u0301taient a\u0300 l\u2019e\u0301tude a\u0300 Washington.<\/p>\n<p><b>Re\u0301forme du syste\u0300me financier<\/b><\/p>\n<p>Les participants au sommet de Nairobi ont joint leurs voix aux appels a\u0300 re\u0301former l\u2019architecture du syste\u0300me financier international, que le secre\u0301taire ge\u0301ne\u0301ral de l\u2019ONU Anto\u0301nio Guterres a qualifie\u0301 de \u00ab de\u0301passe\u0301, injuste et dysfonctionnel \u00bb.<\/p>\n<p>Les dirigeants ont e\u0301galement appele\u0301 a\u0300 une restructuration et a\u0300 un alle\u0300gement de la dette de leurs pays. La charge de la dette dans la re\u0301gion a grimpe\u0301 en fle\u0300che avec la pande\u0301mie de Covid, l\u2019invasion russe de l\u2019Ukraine et les impacts climatiques, selon la Commission e\u0301conomique des Nations unies pour l\u2019Afrique.<\/p>\n<p>Or l\u2019acce\u0300s aux financements du FMI et de la Banque mondiale est juge\u0301 difficile par les pays en de\u0301veloppement, confronte\u0301s au de\u0301fi de sortir une grande partie de leur population de la pauvrete\u0301 tout en s\u2019affranchissant des e\u0301nergies fossiles. La re\u0301forme des deux institutions devrait e\u0302tre au coeur de leur re\u0301union annuelle en octobre a\u0300 Marrakech.<\/p>\n<p><b>E\u0301conomie de\u0301carbone\u0301e<\/b><\/p>\n<p>Les pays africains ont plaide\u0301 pour une croissance e\u0301conomique moins de\u0301pendante des e\u0301nergies fossiles, au-dela\u0300 du mode\u0300le \u00ab traditionnel \u00bb de de\u0301veloppement industriel. Au c\u0153ur de cette strate\u0301gie : faire en sorte que les matie\u0300res premie\u0300res dont regorge le continent, y compris les minerais utilise\u0301s pour les technologies vertes, soient transforme\u0301es sur place et non simplement exporte\u0301es.<\/p>\n<p>Un autre piste consisterait a\u0300 mieux mone\u0301tiser sur le marche\u0301 des cre\u0301dits carbone les vastes e\u0301cosyste\u0300mes du continent \u2013 fore\u0302ts, mangroves, zones humides \u2013 qui absorbent le CO2. Mais ce marche\u0301, peu re\u0301gule\u0301, fait l\u2019objet de critiques, certains projets \u2013 notamment forestiers \u2013 ayant selon leurs de\u0301tracteurs peu d\u2019impact sur la pre\u0301servation de l\u2019environnement ou la protection des communaute\u0301s locales. \u00ab Les cre\u0301dits-carbone sont vraiment des permis de polluer \u00bb, assure Mohamed Adow, le directeur du groupe de re\u0301flexion Power Shift Africa.<\/p>\n<p><b>Impacts climatiques<\/b><\/p>\n<p>Les E\u0301tats africains ont rappele\u0301 les riches pays pollueurs a\u0300 honorer leur engagement, pris en 2009, a\u0300 fournir 100 milliards de dollars par an en financement climatique d\u2019ici a\u0300 2020. Ainsi qu\u2019a\u0300 aider les pays les plus vulne\u0301rables a\u0300 faire face aux impacts imme\u0301diats du changement climatique au travers d\u2019un fonds adopte\u0301 a\u0300 la COP27 en Egypte, visant pour les nations riches a\u0300 compenser les \u00ab pertes et dommages \u00bb de celles du Sud.<\/p>\n<p><b>Une seule voix<\/b><\/p>\n<p>Les chefs d\u2019E\u0301tat du Nigeria et de l\u2019Afrique du Sud, deux poids-lourds du continent dont les e\u0301conomies reposent sur les e\u0301nergies fossiles, e\u0301taient notamment absents du sommet. Mais l\u2019Union africaine a assure\u0301 que la De\u0301claration de Nairobi avait e\u0301te\u0301 adopte\u0301e a\u0300 l\u2019unanimite\u0301.<\/p>\n<p>Pour Laurence Tubiana, la pre\u0301sidente de la Fondation europe\u0301enne du climat, le sommet de Nairobi \u00ab envoie un message fort a\u0300 la communaute\u0301 internationale \u00bb.<\/p>\n<p>&nbsp;<\/p>\n<p><b>Source: JeuneAfrique<\/b><\/p>\n<p><strong>Pour plus d&rsquo;informations et d&rsquo;analyses sur la <a href=\"https:\/\/www.africa-press.net\/djibouti\">Djibouti<\/a>, suivez <a href=\"https:\/\/www.africa-press.net\/\">Africa-Press<\/a><\/strong><\/p>\n","protected":false},"excerpt":{"rendered":"<p>Africa-Press &#8211; Djibouti. Financements, dette et taxes : la d\u00e9claration de Nairobi dresse la liste des demandes du continent pour all\u00e9ger le poids de la lutte contre le r\u00e9chauffement climatique. Dans la \u00ab De\u0301claration de Nairobi \u00bb, le continent africain s\u2019est efforce\u0301 de trouver une position commune dans le processus mondial sur le changement climatique [&hellip;]<\/p>\n","protected":false},"author":82,"featured_media":17593,"comment_status":"open","ping_status":"closed","sticky":false,"template":"","format":"standard","meta":{"footnotes":""},"categories":[3,10],"tags":[36,49,50],"class_list":["post-17594","post","type-post","status-publish","format-standard","has-post-thumbnail","hentry","category-economie","category-toutes-les-actualites","tag-africa-press","tag-africa-press-djibouti","tag-djibouti"],"yoast_head":"<!-- This site is optimized with the Yoast SEO Premium plugin v26.1 (Yoast SEO v27.0) - https:\/\/yoast.com\/product\/yoast-seo-premium-wordpress\/ -->\n<title>Sommet pour le climat : l\u2019Afrique affine ses demandes - Djibouti<\/title>\n<meta name=\"description\" content=\"Financements, dette et taxes : la de\u0301claration de Nairobi dresse la liste des demandes du continent pour alle\u0301ger le poids ...\" \/>\n<meta name=\"robots\" content=\"index, follow, max-snippet:-1, max-image-preview:large, max-video-preview:-1\" \/>\n<link rel=\"canonical\" href=\"https:\/\/www.africa-press.net\/djibouti\/economie\/sommet-pour-le-climat-lafrique-affine-ses-demandes\" \/>\n<meta property=\"og:locale\" content=\"fr_FR\" \/>\n<meta property=\"og:type\" content=\"article\" \/>\n<meta property=\"og:title\" content=\"Sommet pour le climat : l\u2019Afrique affine ses demandes\" \/>\n<meta property=\"og:description\" content=\"Financements, dette et taxes : la de\u0301claration de Nairobi dresse la liste des demandes du continent pour alle\u0301ger le poids ...\" \/>\n<meta property=\"og:url\" content=\"https:\/\/www.africa-press.net\/djibouti\/economie\/sommet-pour-le-climat-lafrique-affine-ses-demandes\" \/>\n<meta property=\"og:site_name\" content=\"Djibouti\" \/>\n<meta property=\"article:published_time\" content=\"2023-09-08T09:08:34+00:00\" \/>\n<meta property=\"article:modified_time\" content=\"2023-09-08T09:29:10+00:00\" \/>\n<meta property=\"og:image\" content=\"https:\/\/static.africa-press.net\/djibouti\/sites\/52\/2023\/09\/sm_1694152719.939232.jpg\" \/>\n\t<meta property=\"og:image:width\" content=\"1256\" \/>\n\t<meta property=\"og:image:height\" content=\"628\" \/>\n\t<meta property=\"og:image:type\" content=\"image\/jpeg\" \/>\n<meta name=\"author\" content=\"cfeditorfr\" \/>\n<meta name=\"twitter:card\" content=\"summary_large_image\" \/>\n<meta name=\"twitter:label1\" content=\"\u00c9crit par\" \/>\n\t<meta name=\"twitter:data1\" content=\"cfeditorfr\" \/>\n\t<meta name=\"twitter:label2\" content=\"Dur\u00e9e de lecture estim\u00e9e\" \/>\n\t<meta name=\"twitter:data2\" content=\"4 minutes\" \/>\n<script type=\"application\/ld+json\" class=\"yoast-schema-graph\">{\"@context\":\"https:\/\/schema.org\",\"@graph\":[{\"@type\":\"Article\",\"@id\":\"https:\/\/www.africa-press.net\/djibouti\/economie\/sommet-pour-le-climat-lafrique-affine-ses-demandes#article\",\"isPartOf\":{\"@id\":\"https:\/\/www.africa-press.net\/djibouti\/economie\/sommet-pour-le-climat-lafrique-affine-ses-demandes\"},\"author\":{\"name\":\"cfeditorfr\",\"@id\":\"https:\/\/www.africa-press.net\/djibouti\/#\/schema\/person\/2b1cf3cd81a31e3cd26889ca66d677f1\"},\"headline\":\"Sommet pour le climat : l\u2019Afrique affine ses demandes\",\"datePublished\":\"2023-09-08T09:08:34+00:00\",\"dateModified\":\"2023-09-08T09:29:10+00:00\",\"mainEntityOfPage\":{\"@id\":\"https:\/\/www.africa-press.net\/djibouti\/economie\/sommet-pour-le-climat-lafrique-affine-ses-demandes\"},\"wordCount\":884,\"commentCount\":0,\"image\":{\"@id\":\"https:\/\/www.africa-press.net\/djibouti\/economie\/sommet-pour-le-climat-lafrique-affine-ses-demandes#primaryimage\"},\"thumbnailUrl\":\"https:\/\/static.africa-press.net\/djibouti\/sites\/52\/2023\/09\/sm_1694152719.939232.jpg\",\"keywords\":[\"Africa Press\",\"Africa Press-Djibouti\",\"Djibouti\"],\"articleSection\":[\"\u00c9conomie\",\"Toutes les actualit\u00e9s\"],\"inLanguage\":\"fr-FR\",\"potentialAction\":[{\"@type\":\"CommentAction\",\"name\":\"Comment\",\"target\":[\"https:\/\/www.africa-press.net\/djibouti\/economie\/sommet-pour-le-climat-lafrique-affine-ses-demandes#respond\"]}]},{\"@type\":\"WebPage\",\"@id\":\"https:\/\/www.africa-press.net\/djibouti\/economie\/sommet-pour-le-climat-lafrique-affine-ses-demandes\",\"url\":\"https:\/\/www.africa-press.net\/djibouti\/economie\/sommet-pour-le-climat-lafrique-affine-ses-demandes\",\"name\":\"Sommet pour le climat : l\u2019Afrique affine ses demandes - Djibouti\",\"isPartOf\":{\"@id\":\"https:\/\/www.africa-press.net\/djibouti\/#website\"},\"primaryImageOfPage\":{\"@id\":\"https:\/\/www.africa-press.net\/djibouti\/economie\/sommet-pour-le-climat-lafrique-affine-ses-demandes#primaryimage\"},\"image\":{\"@id\":\"https:\/\/www.africa-press.net\/djibouti\/economie\/sommet-pour-le-climat-lafrique-affine-ses-demandes#primaryimage\"},\"thumbnailUrl\":\"https:\/\/static.africa-press.net\/djibouti\/sites\/52\/2023\/09\/sm_1694152719.939232.jpg\",\"datePublished\":\"2023-09-08T09:08:34+00:00\",\"dateModified\":\"2023-09-08T09:29:10+00:00\",\"author\":{\"@id\":\"https:\/\/www.africa-press.net\/djibouti\/#\/schema\/person\/2b1cf3cd81a31e3cd26889ca66d677f1\"},\"description\":\"Financements, dette et taxes : la de\u0301claration de Nairobi dresse la liste des demandes du continent pour alle\u0301ger le poids ...\",\"breadcrumb\":{\"@id\":\"https:\/\/www.africa-press.net\/djibouti\/economie\/sommet-pour-le-climat-lafrique-affine-ses-demandes#breadcrumb\"},\"inLanguage\":\"fr-FR\",\"potentialAction\":[{\"@type\":\"ReadAction\",\"target\":[\"https:\/\/www.africa-press.net\/djibouti\/economie\/sommet-pour-le-climat-lafrique-affine-ses-demandes\"]}]},{\"@type\":\"ImageObject\",\"inLanguage\":\"fr-FR\",\"@id\":\"https:\/\/www.africa-press.net\/djibouti\/economie\/sommet-pour-le-climat-lafrique-affine-ses-demandes#primaryimage\",\"url\":\"https:\/\/static.africa-press.net\/djibouti\/sites\/52\/2023\/09\/sm_1694152719.939232.jpg\",\"contentUrl\":\"https:\/\/static.africa-press.net\/djibouti\/sites\/52\/2023\/09\/sm_1694152719.939232.jpg\",\"width\":1256,\"height\":628,\"caption\":\"Sommet pour le climat : l\u2019Afrique affine ses demandes\"},{\"@type\":\"BreadcrumbList\",\"@id\":\"https:\/\/www.africa-press.net\/djibouti\/economie\/sommet-pour-le-climat-lafrique-affine-ses-demandes#breadcrumb\",\"itemListElement\":[{\"@type\":\"ListItem\",\"position\":1,\"name\":\"Accueil\",\"item\":\"https:\/\/www.africa-press.net\/djibouti\/\"},{\"@type\":\"ListItem\",\"position\":2,\"name\":\"Sommet pour le climat : l\u2019Afrique affine ses demandes\"}]},{\"@type\":\"WebSite\",\"@id\":\"https:\/\/www.africa-press.net\/djibouti\/#website\",\"url\":\"https:\/\/www.africa-press.net\/djibouti\/\",\"name\":\"Djibouti\",\"description\":\"Just another Africa News Agency Sites site\",\"potentialAction\":[{\"@type\":\"SearchAction\",\"target\":{\"@type\":\"EntryPoint\",\"urlTemplate\":\"https:\/\/www.africa-press.net\/djibouti\/?s={search_term_string}\"},\"query-input\":{\"@type\":\"PropertyValueSpecification\",\"valueRequired\":true,\"valueName\":\"search_term_string\"}}],\"inLanguage\":\"fr-FR\"},{\"@type\":\"Person\",\"@id\":\"https:\/\/www.africa-press.net\/djibouti\/#\/schema\/person\/2b1cf3cd81a31e3cd26889ca66d677f1\",\"name\":\"cfeditorfr\"}]}<\/script>\n<!-- \/ Yoast SEO Premium plugin. -->","yoast_head_json":{"title":"Sommet pour le climat : l\u2019Afrique affine ses demandes - Djibouti","description":"Financements, dette et taxes : la de\u0301claration de Nairobi dresse la liste des demandes du continent pour alle\u0301ger le poids ...","robots":{"index":"index","follow":"follow","max-snippet":"max-snippet:-1","max-image-preview":"max-image-preview:large","max-video-preview":"max-video-preview:-1"},"canonical":"https:\/\/www.africa-press.net\/djibouti\/economie\/sommet-pour-le-climat-lafrique-affine-ses-demandes","og_locale":"fr_FR","og_type":"article","og_title":"Sommet pour le climat : l\u2019Afrique affine ses demandes","og_description":"Financements, dette et taxes : la de\u0301claration de Nairobi dresse la liste des demandes du continent pour alle\u0301ger le poids ...","og_url":"https:\/\/www.africa-press.net\/djibouti\/economie\/sommet-pour-le-climat-lafrique-affine-ses-demandes","og_site_name":"Djibouti","article_published_time":"2023-09-08T09:08:34+00:00","article_modified_time":"2023-09-08T09:29:10+00:00","og_image":[{"width":1256,"height":628,"url":"https:\/\/static.africa-press.net\/djibouti\/sites\/52\/2023\/09\/sm_1694152719.939232.jpg","type":"image\/jpeg"}],"author":"cfeditorfr","twitter_card":"summary_large_image","twitter_misc":{"\u00c9crit par":"cfeditorfr","Dur\u00e9e de lecture estim\u00e9e":"4 minutes"},"schema":{"@context":"https:\/\/schema.org","@graph":[{"@type":"Article","@id":"https:\/\/www.africa-press.net\/djibouti\/economie\/sommet-pour-le-climat-lafrique-affine-ses-demandes#article","isPartOf":{"@id":"https:\/\/www.africa-press.net\/djibouti\/economie\/sommet-pour-le-climat-lafrique-affine-ses-demandes"},"author":{"name":"cfeditorfr","@id":"https:\/\/www.africa-press.net\/djibouti\/#\/schema\/person\/2b1cf3cd81a31e3cd26889ca66d677f1"},"headline":"Sommet pour le climat : l\u2019Afrique affine ses demandes","datePublished":"2023-09-08T09:08:34+00:00","dateModified":"2023-09-08T09:29:10+00:00","mainEntityOfPage":{"@id":"https:\/\/www.africa-press.net\/djibouti\/economie\/sommet-pour-le-climat-lafrique-affine-ses-demandes"},"wordCount":884,"commentCount":0,"image":{"@id":"https:\/\/www.africa-press.net\/djibouti\/economie\/sommet-pour-le-climat-lafrique-affine-ses-demandes#primaryimage"},"thumbnailUrl":"https:\/\/static.africa-press.net\/djibouti\/sites\/52\/2023\/09\/sm_1694152719.939232.jpg","keywords":["Africa Press","Africa Press-Djibouti","Djibouti"],"articleSection":["\u00c9conomie","Toutes les actualit\u00e9s"],"inLanguage":"fr-FR","potentialAction":[{"@type":"CommentAction","name":"Comment","target":["https:\/\/www.africa-press.net\/djibouti\/economie\/sommet-pour-le-climat-lafrique-affine-ses-demandes#respond"]}]},{"@type":"WebPage","@id":"https:\/\/www.africa-press.net\/djibouti\/economie\/sommet-pour-le-climat-lafrique-affine-ses-demandes","url":"https:\/\/www.africa-press.net\/djibouti\/economie\/sommet-pour-le-climat-lafrique-affine-ses-demandes","name":"Sommet pour le climat : l\u2019Afrique affine ses demandes - Djibouti","isPartOf":{"@id":"https:\/\/www.africa-press.net\/djibouti\/#website"},"primaryImageOfPage":{"@id":"https:\/\/www.africa-press.net\/djibouti\/economie\/sommet-pour-le-climat-lafrique-affine-ses-demandes#primaryimage"},"image":{"@id":"https:\/\/www.africa-press.net\/djibouti\/economie\/sommet-pour-le-climat-lafrique-affine-ses-demandes#primaryimage"},"thumbnailUrl":"https:\/\/static.africa-press.net\/djibouti\/sites\/52\/2023\/09\/sm_1694152719.939232.jpg","datePublished":"2023-09-08T09:08:34+00:00","dateModified":"2023-09-08T09:29:10+00:00","author":{"@id":"https:\/\/www.africa-press.net\/djibouti\/#\/schema\/person\/2b1cf3cd81a31e3cd26889ca66d677f1"},"description":"Financements, dette et taxes : la de\u0301claration de Nairobi dresse la liste des demandes du continent pour alle\u0301ger le poids ...","breadcrumb":{"@id":"https:\/\/www.africa-press.net\/djibouti\/economie\/sommet-pour-le-climat-lafrique-affine-ses-demandes#breadcrumb"},"inLanguage":"fr-FR","potentialAction":[{"@type":"ReadAction","target":["https:\/\/www.africa-press.net\/djibouti\/economie\/sommet-pour-le-climat-lafrique-affine-ses-demandes"]}]},{"@type":"ImageObject","inLanguage":"fr-FR","@id":"https:\/\/www.africa-press.net\/djibouti\/economie\/sommet-pour-le-climat-lafrique-affine-ses-demandes#primaryimage","url":"https:\/\/static.africa-press.net\/djibouti\/sites\/52\/2023\/09\/sm_1694152719.939232.jpg","contentUrl":"https:\/\/static.africa-press.net\/djibouti\/sites\/52\/2023\/09\/sm_1694152719.939232.jpg","width":1256,"height":628,"caption":"Sommet pour le climat : l\u2019Afrique affine ses demandes"},{"@type":"BreadcrumbList","@id":"https:\/\/www.africa-press.net\/djibouti\/economie\/sommet-pour-le-climat-lafrique-affine-ses-demandes#breadcrumb","itemListElement":[{"@type":"ListItem","position":1,"name":"Accueil","item":"https:\/\/www.africa-press.net\/djibouti\/"},{"@type":"ListItem","position":2,"name":"Sommet pour le climat : l\u2019Afrique affine ses demandes"}]},{"@type":"WebSite","@id":"https:\/\/www.africa-press.net\/djibouti\/#website","url":"https:\/\/www.africa-press.net\/djibouti\/","name":"Djibouti","description":"Just another Africa News Agency Sites site","potentialAction":[{"@type":"SearchAction","target":{"@type":"EntryPoint","urlTemplate":"https:\/\/www.africa-press.net\/djibouti\/?s={search_term_string}"},"query-input":{"@type":"PropertyValueSpecification","valueRequired":true,"valueName":"search_term_string"}}],"inLanguage":"fr-FR"},{"@type":"Person","@id":"https:\/\/www.africa-press.net\/djibouti\/#\/schema\/person\/2b1cf3cd81a31e3cd26889ca66d677f1","name":"cfeditorfr"}]}},"_links":{"self":[{"href":"https:\/\/www.africa-press.net\/djibouti\/wp-json\/wp\/v2\/posts\/17594","targetHints":{"allow":["GET"]}}],"collection":[{"href":"https:\/\/www.africa-press.net\/djibouti\/wp-json\/wp\/v2\/posts"}],"about":[{"href":"https:\/\/www.africa-press.net\/djibouti\/wp-json\/wp\/v2\/types\/post"}],"author":[{"embeddable":true,"href":"https:\/\/www.africa-press.net\/djibouti\/wp-json\/wp\/v2\/users\/82"}],"replies":[{"embeddable":true,"href":"https:\/\/www.africa-press.net\/djibouti\/wp-json\/wp\/v2\/comments?post=17594"}],"version-history":[{"count":0,"href":"https:\/\/www.africa-press.net\/djibouti\/wp-json\/wp\/v2\/posts\/17594\/revisions"}],"wp:featuredmedia":[{"embeddable":true,"href":"https:\/\/www.africa-press.net\/djibouti\/wp-json\/wp\/v2\/media\/17593"}],"wp:attachment":[{"href":"https:\/\/www.africa-press.net\/djibouti\/wp-json\/wp\/v2\/media?parent=17594"}],"wp:term":[{"taxonomy":"category","embeddable":true,"href":"https:\/\/www.africa-press.net\/djibouti\/wp-json\/wp\/v2\/categories?post=17594"},{"taxonomy":"post_tag","embeddable":true,"href":"https:\/\/www.africa-press.net\/djibouti\/wp-json\/wp\/v2\/tags?post=17594"}],"curies":[{"name":"wp","href":"https:\/\/api.w.org\/{rel}","templated":true}]}}