{"id":17597,"date":"2023-09-08T09:11:03","date_gmt":"2023-09-08T09:11:03","guid":{"rendered":"https:\/\/www.africa-press.net\/djibouti\/politique\/en-afrique-les-pragmatiques-sont-devenus-inaudibles"},"modified":"2023-09-08T09:32:54","modified_gmt":"2023-09-08T09:32:54","slug":"en-afrique-les-pragmatiques-sont-devenus-inaudibles","status":"publish","type":"post","link":"https:\/\/www.africa-press.net\/djibouti\/dossiers\/en-afrique-les-pragmatiques-sont-devenus-inaudibles","title":{"rendered":"\u00ab\u00a0En Afrique, les pragmatiques sont devenus inaudibles\u00a0\u00bb"},"content":{"rendered":"<p><b>Rahmane Idrissa<\/b><\/p>\n<p><span style=\"color: #ff6600\"><strong>Africa-Press &#8211; Djibouti. <\/strong><\/span>Pour le chercheur Rahmane Idrissa, \u00ab il n\u2019y a en r\u00e9alit\u00e9 pas de rejet de la politique de la France, pour la bonne raison que la France n\u2019a plus de politique africaine \u00bb.<br \/>\nLa passion antifranc\u0327aise qui semble animer les foules a\u0300 travers le Sahel central, de Bamako a\u0300 Niamey en passant par Ouagadougou, a finalement attire\u0301 l\u2019attention du monde. C\u2019est qu\u2019elle a apparemment des conse\u0301quences. Les gouvernements sont tombe\u0301s l\u2019un apre\u0300s l\u2019autre comme des quilles, boute\u0301s pour ainsi dire hors du pre\u0301 carre\u0301 par la botte de militaires acclame\u0301s par des foules agitant la bannie\u0300re impe\u0301riale russe et de\u0301clamant des slogans antifranc\u0327ais qui fleurent la libe\u0301ration nationale et la lutte contre le colonialisme. Comme si on e\u0301tait reparti comme en 1960, mille\u0301sime des inde\u0301pendances<\/p>\n<p>Pour la vaste majorite\u0301 du monde qui ne s\u2019est e\u0301veille\u0301e a\u0300 la question sahe\u0301lienne que face a\u0300 ce spectacle, il est e\u0301vident que la France est en cause. On ne sait pas exactement ce qu\u2019elle a fait, mais tant de fureur ne peut e\u0302tre sans objet. En ma qualite\u0301 d\u2019expert sahe\u0301lien du Sahel, j\u2019ai rec\u0327u quantite\u0301 de sollicitations journalistiques visant a\u0300 me sonder sur les torts spe\u0301ciaux de la France, sans doute, suppose-t-on, remontant a\u0300 une aventure coloniale qui a du\u0302 e\u0302tre \u2013 force\u0301ment \u2013 pire que celle d\u2019autres me\u0301tropoles.<\/p>\n<p>Chacun a vaguement entendu parler du franc CFA, parfois de la Franc\u0327afrique, toutes choses qui suscitent frissons et e\u0301mois face a\u0300 ce qu\u2019on imagine e\u0302tre une malfaisance ne\u0301ocoloniale hors du commun. Tant et si bien que l\u2019impression ge\u0301ne\u0301rale est que la France tourmente ses anciennes colonies, ce qui expliquerait le rejet visce\u0301ral dont elle est l\u2019objet, bien qu\u2019on puisse de\u0301plorer que cela se fasse au profit de Wagner. De ce point de vue, les hommes de feu Evgueni Prigojine sont ainsi le Scylla russe du Charybde franc\u0327ais. Et beaucoup se sont d\u2019abord imagine\u0301 que le re\u0301cent putsch gabonais entrait dans la me\u0302me se\u0301rie que ceux du Sahel : un putsch \u00ab wagne\u0301rien \u00bb et anticolonial.<\/p>\n<p>Il est manifestement temps de se calmer un peu. En Afrique, il n\u2019y a en re\u0301alite\u0301 pas de rejet de la politique de la France, pour la bonne raison que la France n\u2019a plus de politique africaine. La France a eu une seule politique africaine, celle qui fut mise en place par Charles de Gaulle en 1958 et qui visait a\u0300 mettre les anciennes colonies subsahariennes au service de la \u00ab grandeur \u00bb de la France \u2013 c\u2019est-a\u0300-dire d\u2019une certaine mesure d\u2019autonomie vis-a\u0300-vis des deux superpuissances, l\u2019URSS et les Etats-Unis \u2013 en e\u0301change de mesures d\u2019assistance ge\u0301ne\u0301ralement mises en \u0153uvre par une officine de\u0301die\u0301e, le ministe\u0300re de la coope\u0301ration.<\/p>\n<p>De l\u2019alle\u0301geance au partenariat Me\u0302me le franc CFA e\u0301tait pre\u0301sente\u0301 comme une forme d\u2019assistance, ce qui e\u0301tait inexact mais aurait pu e\u0302tre vrai sous certaines conditions. Et, naturellement, un pacte qui repose sur le principe d\u2019alle\u0301geance et non sur celui du partenariat doit parfois e\u0302tre mis en \u0153uvre a\u0300 travers des moyens violents ou corruptifs : d\u2019ou\u0300 les basses \u0153uvres labellise\u0301es \u00ab Franc\u0327afrique \u00bb de Jacques Foccart, le Monsieur Afrique de de Gaulle, et d\u2019autres personnages moins connus, les interventions militaires a\u0300 re\u0301pe\u0301tition.<\/p>\n<p>Cette politique connut ses grandes heures sous de Gaulle et Pompidou, pe\u0301riclita dans les conditions plus inhospitalie\u0300res (pour elle) des anne\u0301es 1980 \u2013 mondialisation ultralibe\u0301rale, fin de la guerre froide \u2013 et fut liquide\u0301e au cours des anne\u0301es 1990, un peu a\u0300 la sauvette. Certaines de ses pratiques subsiste\u0300rent, mais avec l\u2019incohe\u0301rence qui provient de l\u2019absence d\u2019un plan directeur \u2013 l\u2019important e\u0301tant que l\u2019Afrique permettait a\u0300 la France de continuer a\u0300 s\u2019imaginer grande puissance.<\/p>\n<p>L\u2019Afrique aussi a change\u0301 dans l\u2019intervalle, et de manie\u0300re tout aussi ambigue\u0308. Son leadership politique a souvent pre\u0301serve\u0301 les habitus lie\u0301s a\u0300 la pe\u0301riode du pacte, ce qui est particulie\u0300rement le cas de ceux \u2013 ge\u0301ne\u0301ralement en Afrique centrale \u2013 qui sont arrive\u0301s au pouvoir lorsqu\u2019il e\u0301tait encore en vigueur (Paul Biya au Cameroun, Denis Sassou-Nguesso au Congo) ou qui l\u2019ont rec\u0327u de leur pe\u0300re (Ali Bongo au Gabon, Faure Gnassingbe\u0301 au Togo, Mahamat De\u0301by au Tchad). Mais ces habitus sont modifie\u0301s par le contexte nouveau de mondialisation, de diversification des partenaires et de pratique politique plus ou moins de\u0301mocratique a\u0300 l\u2019inte\u0301rieur des pays, en particulier en Afrique de l\u2019Ouest.<\/p>\n<p>On s\u2019est e\u0301loigne\u0301 de l\u2019alle\u0301geance pour se rapprocher du partenariat. Et, dans ce contexte, l\u2019opinion publique africaine a pris de l\u2019avance. Pre\u0301cise\u0301ment parce que le partenariat tend a\u0300 devenir la re\u0301alite\u0301 des rapports entre la France et l\u2019Afrique, les re\u0301sidus de l\u2019alle\u0301geance deviennent de ve\u0301ritables irritants pour elle, d\u2019ou\u0300 par exemple le choc ressenti par le style quelque peu fe\u0301odal du sommet de Pau ou\u0300 Emmanuel Macron avait convoque\u0301 les pre\u0301sidents sahe\u0301liens en janvier 2020. Comme le note Hugh Schofield, correspondant parisien de la BBC, dans une analyse pointue du sujet, il y a sans doute une loi psychologique qui veut que \u00ab la perception de la gravite\u0301 d\u2019un proble\u0300me augmente proportionnellement a\u0300 son ame\u0301lioration manifeste \u00bb.<\/p>\n<p>Les pragmatiques et les ide\u0301ologues Mais, me\u0302me ici il convient de nuancer. L\u2019opinion publique africaine n\u2019est pas un monolithe. Sche\u0301matiquement, on peut la diviser en trois groupes. L\u2019immense majorite\u0301 est constitue\u0301e, ici comme ailleurs, de ce que le penseur ame\u0301ricain Walter Lippmann a appele\u0301 la \u00ab Bewildered Herd \u00bb, les \u00ab masses ahuries \u00bb, pre\u0301occupe\u0301es surtout par leurs affaires personnelles et facilement de\u0301concerte\u0301es par les e\u0301ve\u0301nements soudains ou choquants. Ces gens comptent sur les personnes plus informe\u0301es pour les e\u0301clairer.<\/p>\n<p>Or, en Afrique comme ailleurs, ces personnes plus informe\u0301es se re\u0301partissent en deux groupes, les pragmatiques et les ide\u0301ologues. En ce qui concerne la France, les premiers aspirent a\u0300 un aggiornamento qui fasse du partenariat la re\u0301alite\u0301 effective de ses rapports avec l\u2019Afrique, tandis que les seconds pro\u0302nent une rupture, en invoquant notamment les pe\u0301che\u0301s historiques, la Franc\u0327afrique et une pre\u0301tendue essence male\u0301fique de la France. Cette dernie\u0300re cate\u0301gorie est minoritaire, comme le sont d\u2019habitude les radicaux et les extre\u0301mistes, mais dans les conditions qui sont apparues au Sahel du fait de la crise se\u0301curitaire qui y perdure depuis plus de dix ans, sa voix a porte\u0301.<\/p>\n<p>En temps de crise, les \u00ab masses ahuries \u00bb veulent des explications simples, voire simplistes, et celles des ide\u0301ologues, qui de\u0301signent une cause unique et identifiable de tous les malheurs \u2013 la France \u2013 re\u0301pondent a\u0300 ce besoin. Les pragmatiques sont devenus inaudibles. Ils le sont d\u2019autant plus que les juntes qui se sont empare\u0301es du pouvoir dans les trois pays en question \u2013 Mali, Burkina Faso, Niger \u2013 s\u2019appuient sur les ide\u0301ologues pour donner une assise populiste a\u0300 leur pouvoir. D\u2019ou\u0300 l\u2019organisation de manifestations antifranc\u0327aises qui n\u2019ont rien de spontane\u0301, me\u0302me si elles exploitent savamment les e\u0301motions implante\u0301es dans l\u2019esprit des masses par les ide\u0301ologues \u2013 parfois aide\u0301s d\u2019officines russes \u2013 a\u0300 travers les re\u0301seaux sociaux.<\/p>\n<p>Ces turbulences n\u2019agitent pas \u00ab l\u2019Afrique \u00bb, mais les pays confronte\u0301s a\u0300 la crise se\u0301curitaire. Les ide\u0301ologues du Sahel ont, par exemple, e\u0301te\u0301 de\u0301contenance\u0301s par le fait que le putsch gabonais ne s\u2019inscrit pas dans la re\u0301volution anti-Franc\u0327afrique qu\u2019ils imaginent en \u0153uvre dans leurs pays. Au vrai, me\u0302me le putsch guine\u0301en, survenu a\u0300 proximite\u0301 de leurs territoires, ne s\u2019y inscrit pas : les manifestations antifranc\u0327aises, les bannie\u0300res russes sont reste\u0301es remarquablement absentes a\u0300 Conakry. Les me\u0302mes ide\u0301ologues existent dans ce pays, et, en fait, a\u0300 travers toute l\u2019Afrique (y compris non-francophone), mais leur voix porte moins dans des conditions plus paisibles et plus favorables aux pragmatiques.<\/p>\n<p>Il est certain que la France renforcerait la position de ces derniers en adoptant de fac\u0327on cohe\u0301rente une attitude partenariale en Afrique francophone. Mais ne faisons pas d\u2019erreur de diagnostic : ce qui est en cause en ce moment, ce n\u2019est pas tant sa politique que la de\u0301tresse et la de\u0301sorientation ou\u0300 la crise se\u0301curitaire persistante a jete\u0301 les populations du Sahel central, et qui s\u2019expriment, en partie, a\u0300 travers une sorte de rejet rituel de la France.<\/p>\n<p>Et le de\u0301fi ve\u0301ritable est de savoir comment aider ces populations a\u0300 se tirer de l\u2019ornie\u0300re ou\u0300, en se de\u0301battant, elles se sont empe\u0302tre\u0301es elles-me\u0302mes.<\/p>\n<p><b>Source: Le Monde.fr<\/b><\/p>\n<p><strong>Pour plus d&rsquo;informations et d&rsquo;analyses sur la <a href=\"https:\/\/www.africa-press.net\/djibouti\">Djibouti<\/a>, suivez <a href=\"https:\/\/www.africa-press.net\/\">Africa-Press<\/a><\/strong><\/p>\n","protected":false},"excerpt":{"rendered":"<p>Rahmane Idrissa Africa-Press &#8211; Djibouti. Pour le chercheur Rahmane Idrissa, \u00ab il n\u2019y a en r\u00e9alit\u00e9 pas de rejet de la politique de la France, pour la bonne raison que la France n\u2019a plus de politique africaine \u00bb. La passion antifranc\u0327aise qui semble animer les foules a\u0300 travers le Sahel central, de Bamako a\u0300 Niamey [&hellip;]<\/p>\n","protected":false},"author":82,"featured_media":17596,"comment_status":"open","ping_status":"closed","sticky":false,"template":"","format":"standard","meta":{"footnotes":""},"categories":[7,10],"tags":[36,49,50],"class_list":["post-17597","post","type-post","status-publish","format-standard","has-post-thumbnail","hentry","category-dossiers","category-toutes-les-actualites","tag-africa-press","tag-africa-press-djibouti","tag-djibouti"],"yoast_head":"<!-- This site is optimized with the Yoast SEO Premium plugin v26.1 (Yoast SEO v27.0) - https:\/\/yoast.com\/product\/yoast-seo-premium-wordpress\/ -->\n<title>\u00ab\u00a0En Afrique, les pragmatiques sont devenus inaudibles\u00a0\u00bb - Djibouti<\/title>\n<meta name=\"description\" content=\"Pour le chercheur Rahmane Idrissa, \u00ab il n\u2019y a en re\u0301alite\u0301 pas de rejet de la politique de la France, pour la bonne raison ...\" \/>\n<meta name=\"robots\" content=\"index, follow, max-snippet:-1, max-image-preview:large, max-video-preview:-1\" \/>\n<link rel=\"canonical\" href=\"https:\/\/www.africa-press.net\/djibouti\/dossiers\/en-afrique-les-pragmatiques-sont-devenus-inaudibles\" \/>\n<meta property=\"og:locale\" content=\"fr_FR\" \/>\n<meta property=\"og:type\" content=\"article\" \/>\n<meta property=\"og:title\" content=\"\u00ab\u00a0En Afrique, les pragmatiques sont devenus inaudibles\u00a0\u00bb\" \/>\n<meta property=\"og:description\" content=\"Pour le chercheur Rahmane Idrissa, \u00ab il n\u2019y a en re\u0301alite\u0301 pas de rejet de la politique de la France, pour la bonne raison ...\" \/>\n<meta property=\"og:url\" content=\"https:\/\/www.africa-press.net\/djibouti\/dossiers\/en-afrique-les-pragmatiques-sont-devenus-inaudibles\" \/>\n<meta property=\"og:site_name\" content=\"Djibouti\" \/>\n<meta property=\"article:published_time\" content=\"2023-09-08T09:11:03+00:00\" \/>\n<meta property=\"article:modified_time\" content=\"2023-09-08T09:32:54+00:00\" \/>\n<meta property=\"og:image\" content=\"https:\/\/static.africa-press.net\/djibouti\/sites\/52\/2023\/09\/sm_1694152885.44259.jpg\" \/>\n\t<meta property=\"og:image:width\" content=\"1440\" \/>\n\t<meta property=\"og:image:height\" content=\"960\" \/>\n\t<meta property=\"og:image:type\" content=\"image\/jpeg\" \/>\n<meta name=\"author\" content=\"cfeditorfr\" \/>\n<meta name=\"twitter:card\" content=\"summary_large_image\" \/>\n<meta name=\"twitter:label1\" content=\"\u00c9crit par\" \/>\n\t<meta name=\"twitter:data1\" content=\"cfeditorfr\" \/>\n\t<meta name=\"twitter:label2\" content=\"Dur\u00e9e de lecture estim\u00e9e\" \/>\n\t<meta name=\"twitter:data2\" content=\"7 minutes\" \/>\n<script type=\"application\/ld+json\" class=\"yoast-schema-graph\">{\"@context\":\"https:\/\/schema.org\",\"@graph\":[{\"@type\":\"Article\",\"@id\":\"https:\/\/www.africa-press.net\/djibouti\/dossiers\/en-afrique-les-pragmatiques-sont-devenus-inaudibles#article\",\"isPartOf\":{\"@id\":\"https:\/\/www.africa-press.net\/djibouti\/dossiers\/en-afrique-les-pragmatiques-sont-devenus-inaudibles\"},\"author\":{\"name\":\"cfeditorfr\",\"@id\":\"https:\/\/www.africa-press.net\/djibouti\/#\/schema\/person\/2b1cf3cd81a31e3cd26889ca66d677f1\"},\"headline\":\"\u00ab\u00a0En Afrique, les pragmatiques sont devenus inaudibles\u00a0\u00bb\",\"datePublished\":\"2023-09-08T09:11:03+00:00\",\"dateModified\":\"2023-09-08T09:32:54+00:00\",\"mainEntityOfPage\":{\"@id\":\"https:\/\/www.africa-press.net\/djibouti\/dossiers\/en-afrique-les-pragmatiques-sont-devenus-inaudibles\"},\"wordCount\":1557,\"commentCount\":0,\"image\":{\"@id\":\"https:\/\/www.africa-press.net\/djibouti\/dossiers\/en-afrique-les-pragmatiques-sont-devenus-inaudibles#primaryimage\"},\"thumbnailUrl\":\"https:\/\/static.africa-press.net\/djibouti\/sites\/52\/2023\/09\/sm_1694152885.44259.jpg\",\"keywords\":[\"Africa Press\",\"Africa Press-Djibouti\",\"Djibouti\"],\"articleSection\":[\"Dossiers\",\"Toutes les actualit\u00e9s\"],\"inLanguage\":\"fr-FR\",\"potentialAction\":[{\"@type\":\"CommentAction\",\"name\":\"Comment\",\"target\":[\"https:\/\/www.africa-press.net\/djibouti\/dossiers\/en-afrique-les-pragmatiques-sont-devenus-inaudibles#respond\"]}]},{\"@type\":\"WebPage\",\"@id\":\"https:\/\/www.africa-press.net\/djibouti\/dossiers\/en-afrique-les-pragmatiques-sont-devenus-inaudibles\",\"url\":\"https:\/\/www.africa-press.net\/djibouti\/dossiers\/en-afrique-les-pragmatiques-sont-devenus-inaudibles\",\"name\":\"\u00ab\u00a0En Afrique, les pragmatiques sont devenus inaudibles\u00a0\u00bb - Djibouti\",\"isPartOf\":{\"@id\":\"https:\/\/www.africa-press.net\/djibouti\/#website\"},\"primaryImageOfPage\":{\"@id\":\"https:\/\/www.africa-press.net\/djibouti\/dossiers\/en-afrique-les-pragmatiques-sont-devenus-inaudibles#primaryimage\"},\"image\":{\"@id\":\"https:\/\/www.africa-press.net\/djibouti\/dossiers\/en-afrique-les-pragmatiques-sont-devenus-inaudibles#primaryimage\"},\"thumbnailUrl\":\"https:\/\/static.africa-press.net\/djibouti\/sites\/52\/2023\/09\/sm_1694152885.44259.jpg\",\"datePublished\":\"2023-09-08T09:11:03+00:00\",\"dateModified\":\"2023-09-08T09:32:54+00:00\",\"author\":{\"@id\":\"https:\/\/www.africa-press.net\/djibouti\/#\/schema\/person\/2b1cf3cd81a31e3cd26889ca66d677f1\"},\"description\":\"Pour le chercheur Rahmane Idrissa, \u00ab il n\u2019y a en re\u0301alite\u0301 pas de rejet de la politique de la France, pour la bonne raison ...\",\"breadcrumb\":{\"@id\":\"https:\/\/www.africa-press.net\/djibouti\/dossiers\/en-afrique-les-pragmatiques-sont-devenus-inaudibles#breadcrumb\"},\"inLanguage\":\"fr-FR\",\"potentialAction\":[{\"@type\":\"ReadAction\",\"target\":[\"https:\/\/www.africa-press.net\/djibouti\/dossiers\/en-afrique-les-pragmatiques-sont-devenus-inaudibles\"]}]},{\"@type\":\"ImageObject\",\"inLanguage\":\"fr-FR\",\"@id\":\"https:\/\/www.africa-press.net\/djibouti\/dossiers\/en-afrique-les-pragmatiques-sont-devenus-inaudibles#primaryimage\",\"url\":\"https:\/\/static.africa-press.net\/djibouti\/sites\/52\/2023\/09\/sm_1694152885.44259.jpg\",\"contentUrl\":\"https:\/\/static.africa-press.net\/djibouti\/sites\/52\/2023\/09\/sm_1694152885.44259.jpg\",\"width\":1440,\"height\":960,\"caption\":\"\u00ab\u00a0En Afrique, les pragmatiques sont devenus inaudibles\u00a0\u00bb\"},{\"@type\":\"BreadcrumbList\",\"@id\":\"https:\/\/www.africa-press.net\/djibouti\/dossiers\/en-afrique-les-pragmatiques-sont-devenus-inaudibles#breadcrumb\",\"itemListElement\":[{\"@type\":\"ListItem\",\"position\":1,\"name\":\"Accueil\",\"item\":\"https:\/\/www.africa-press.net\/djibouti\/\"},{\"@type\":\"ListItem\",\"position\":2,\"name\":\"\u00ab\u00a0En Afrique, les pragmatiques sont devenus inaudibles\u00a0\u00bb\"}]},{\"@type\":\"WebSite\",\"@id\":\"https:\/\/www.africa-press.net\/djibouti\/#website\",\"url\":\"https:\/\/www.africa-press.net\/djibouti\/\",\"name\":\"Djibouti\",\"description\":\"Just another Africa News Agency Sites site\",\"potentialAction\":[{\"@type\":\"SearchAction\",\"target\":{\"@type\":\"EntryPoint\",\"urlTemplate\":\"https:\/\/www.africa-press.net\/djibouti\/?s={search_term_string}\"},\"query-input\":{\"@type\":\"PropertyValueSpecification\",\"valueRequired\":true,\"valueName\":\"search_term_string\"}}],\"inLanguage\":\"fr-FR\"},{\"@type\":\"Person\",\"@id\":\"https:\/\/www.africa-press.net\/djibouti\/#\/schema\/person\/2b1cf3cd81a31e3cd26889ca66d677f1\",\"name\":\"cfeditorfr\"}]}<\/script>\n<!-- \/ Yoast SEO Premium plugin. -->","yoast_head_json":{"title":"\u00ab\u00a0En Afrique, les pragmatiques sont devenus inaudibles\u00a0\u00bb - Djibouti","description":"Pour le chercheur Rahmane Idrissa, \u00ab il n\u2019y a en re\u0301alite\u0301 pas de rejet de la politique de la France, pour la bonne raison ...","robots":{"index":"index","follow":"follow","max-snippet":"max-snippet:-1","max-image-preview":"max-image-preview:large","max-video-preview":"max-video-preview:-1"},"canonical":"https:\/\/www.africa-press.net\/djibouti\/dossiers\/en-afrique-les-pragmatiques-sont-devenus-inaudibles","og_locale":"fr_FR","og_type":"article","og_title":"\u00ab\u00a0En Afrique, les pragmatiques sont devenus inaudibles\u00a0\u00bb","og_description":"Pour le chercheur Rahmane Idrissa, \u00ab il n\u2019y a en re\u0301alite\u0301 pas de rejet de la politique de la France, pour la bonne raison ...","og_url":"https:\/\/www.africa-press.net\/djibouti\/dossiers\/en-afrique-les-pragmatiques-sont-devenus-inaudibles","og_site_name":"Djibouti","article_published_time":"2023-09-08T09:11:03+00:00","article_modified_time":"2023-09-08T09:32:54+00:00","og_image":[{"width":1440,"height":960,"url":"https:\/\/static.africa-press.net\/djibouti\/sites\/52\/2023\/09\/sm_1694152885.44259.jpg","type":"image\/jpeg"}],"author":"cfeditorfr","twitter_card":"summary_large_image","twitter_misc":{"\u00c9crit par":"cfeditorfr","Dur\u00e9e de lecture estim\u00e9e":"7 minutes"},"schema":{"@context":"https:\/\/schema.org","@graph":[{"@type":"Article","@id":"https:\/\/www.africa-press.net\/djibouti\/dossiers\/en-afrique-les-pragmatiques-sont-devenus-inaudibles#article","isPartOf":{"@id":"https:\/\/www.africa-press.net\/djibouti\/dossiers\/en-afrique-les-pragmatiques-sont-devenus-inaudibles"},"author":{"name":"cfeditorfr","@id":"https:\/\/www.africa-press.net\/djibouti\/#\/schema\/person\/2b1cf3cd81a31e3cd26889ca66d677f1"},"headline":"\u00ab\u00a0En Afrique, les pragmatiques sont devenus inaudibles\u00a0\u00bb","datePublished":"2023-09-08T09:11:03+00:00","dateModified":"2023-09-08T09:32:54+00:00","mainEntityOfPage":{"@id":"https:\/\/www.africa-press.net\/djibouti\/dossiers\/en-afrique-les-pragmatiques-sont-devenus-inaudibles"},"wordCount":1557,"commentCount":0,"image":{"@id":"https:\/\/www.africa-press.net\/djibouti\/dossiers\/en-afrique-les-pragmatiques-sont-devenus-inaudibles#primaryimage"},"thumbnailUrl":"https:\/\/static.africa-press.net\/djibouti\/sites\/52\/2023\/09\/sm_1694152885.44259.jpg","keywords":["Africa Press","Africa Press-Djibouti","Djibouti"],"articleSection":["Dossiers","Toutes les actualit\u00e9s"],"inLanguage":"fr-FR","potentialAction":[{"@type":"CommentAction","name":"Comment","target":["https:\/\/www.africa-press.net\/djibouti\/dossiers\/en-afrique-les-pragmatiques-sont-devenus-inaudibles#respond"]}]},{"@type":"WebPage","@id":"https:\/\/www.africa-press.net\/djibouti\/dossiers\/en-afrique-les-pragmatiques-sont-devenus-inaudibles","url":"https:\/\/www.africa-press.net\/djibouti\/dossiers\/en-afrique-les-pragmatiques-sont-devenus-inaudibles","name":"\u00ab\u00a0En Afrique, les pragmatiques sont devenus inaudibles\u00a0\u00bb - Djibouti","isPartOf":{"@id":"https:\/\/www.africa-press.net\/djibouti\/#website"},"primaryImageOfPage":{"@id":"https:\/\/www.africa-press.net\/djibouti\/dossiers\/en-afrique-les-pragmatiques-sont-devenus-inaudibles#primaryimage"},"image":{"@id":"https:\/\/www.africa-press.net\/djibouti\/dossiers\/en-afrique-les-pragmatiques-sont-devenus-inaudibles#primaryimage"},"thumbnailUrl":"https:\/\/static.africa-press.net\/djibouti\/sites\/52\/2023\/09\/sm_1694152885.44259.jpg","datePublished":"2023-09-08T09:11:03+00:00","dateModified":"2023-09-08T09:32:54+00:00","author":{"@id":"https:\/\/www.africa-press.net\/djibouti\/#\/schema\/person\/2b1cf3cd81a31e3cd26889ca66d677f1"},"description":"Pour le chercheur Rahmane Idrissa, \u00ab il n\u2019y a en re\u0301alite\u0301 pas de rejet de la politique de la France, pour la bonne raison ...","breadcrumb":{"@id":"https:\/\/www.africa-press.net\/djibouti\/dossiers\/en-afrique-les-pragmatiques-sont-devenus-inaudibles#breadcrumb"},"inLanguage":"fr-FR","potentialAction":[{"@type":"ReadAction","target":["https:\/\/www.africa-press.net\/djibouti\/dossiers\/en-afrique-les-pragmatiques-sont-devenus-inaudibles"]}]},{"@type":"ImageObject","inLanguage":"fr-FR","@id":"https:\/\/www.africa-press.net\/djibouti\/dossiers\/en-afrique-les-pragmatiques-sont-devenus-inaudibles#primaryimage","url":"https:\/\/static.africa-press.net\/djibouti\/sites\/52\/2023\/09\/sm_1694152885.44259.jpg","contentUrl":"https:\/\/static.africa-press.net\/djibouti\/sites\/52\/2023\/09\/sm_1694152885.44259.jpg","width":1440,"height":960,"caption":"\u00ab\u00a0En Afrique, les pragmatiques sont devenus inaudibles\u00a0\u00bb"},{"@type":"BreadcrumbList","@id":"https:\/\/www.africa-press.net\/djibouti\/dossiers\/en-afrique-les-pragmatiques-sont-devenus-inaudibles#breadcrumb","itemListElement":[{"@type":"ListItem","position":1,"name":"Accueil","item":"https:\/\/www.africa-press.net\/djibouti\/"},{"@type":"ListItem","position":2,"name":"\u00ab\u00a0En Afrique, les pragmatiques sont devenus inaudibles\u00a0\u00bb"}]},{"@type":"WebSite","@id":"https:\/\/www.africa-press.net\/djibouti\/#website","url":"https:\/\/www.africa-press.net\/djibouti\/","name":"Djibouti","description":"Just another Africa News Agency Sites site","potentialAction":[{"@type":"SearchAction","target":{"@type":"EntryPoint","urlTemplate":"https:\/\/www.africa-press.net\/djibouti\/?s={search_term_string}"},"query-input":{"@type":"PropertyValueSpecification","valueRequired":true,"valueName":"search_term_string"}}],"inLanguage":"fr-FR"},{"@type":"Person","@id":"https:\/\/www.africa-press.net\/djibouti\/#\/schema\/person\/2b1cf3cd81a31e3cd26889ca66d677f1","name":"cfeditorfr"}]}},"_links":{"self":[{"href":"https:\/\/www.africa-press.net\/djibouti\/wp-json\/wp\/v2\/posts\/17597","targetHints":{"allow":["GET"]}}],"collection":[{"href":"https:\/\/www.africa-press.net\/djibouti\/wp-json\/wp\/v2\/posts"}],"about":[{"href":"https:\/\/www.africa-press.net\/djibouti\/wp-json\/wp\/v2\/types\/post"}],"author":[{"embeddable":true,"href":"https:\/\/www.africa-press.net\/djibouti\/wp-json\/wp\/v2\/users\/82"}],"replies":[{"embeddable":true,"href":"https:\/\/www.africa-press.net\/djibouti\/wp-json\/wp\/v2\/comments?post=17597"}],"version-history":[{"count":0,"href":"https:\/\/www.africa-press.net\/djibouti\/wp-json\/wp\/v2\/posts\/17597\/revisions"}],"wp:featuredmedia":[{"embeddable":true,"href":"https:\/\/www.africa-press.net\/djibouti\/wp-json\/wp\/v2\/media\/17596"}],"wp:attachment":[{"href":"https:\/\/www.africa-press.net\/djibouti\/wp-json\/wp\/v2\/media?parent=17597"}],"wp:term":[{"taxonomy":"category","embeddable":true,"href":"https:\/\/www.africa-press.net\/djibouti\/wp-json\/wp\/v2\/categories?post=17597"},{"taxonomy":"post_tag","embeddable":true,"href":"https:\/\/www.africa-press.net\/djibouti\/wp-json\/wp\/v2\/tags?post=17597"}],"curies":[{"name":"wp","href":"https:\/\/api.w.org\/{rel}","templated":true}]}}