{"id":17615,"date":"2023-09-09T11:37:26","date_gmt":"2023-09-09T11:37:26","guid":{"rendered":"https:\/\/www.africa-press.net\/djibouti\/politique\/la-bad-et-le-maroc-signent-un-protocole-daccord-pour-la-tenue-de-lafrica-investment-forum-2023-a-marrakech"},"modified":"2023-09-09T11:51:03","modified_gmt":"2023-09-09T11:51:03","slug":"la-bad-et-le-maroc-signent-un-protocole-daccord-pour-la-tenue-de-lafrica-investment-forum-2023-a-marrakech","status":"publish","type":"post","link":"https:\/\/www.africa-press.net\/djibouti\/economie\/la-bad-et-le-maroc-signent-un-protocole-daccord-pour-la-tenue-de-lafrica-investment-forum-2023-a-marrakech","title":{"rendered":"La BAD et le Maroc signent un protocole d\u2019accord pour la tenue de l\u2019Africa Investment Forum 2023 \u00e0 Marrakech"},"content":{"rendered":"<p><span style=\"color: #ff6600\"><strong>Africa-Press &#8211; Djibouti. <\/strong><\/span>L\u2019e\u0301dition 2023 de l\u2019Africa Investment Forum (AIF) est officiellement lance\u0301e au Maroc. Principal marche\u0301 de l\u2019investissement sur le continent, l\u2019e\u0301ve\u0301nement visant a\u0300 libe\u0301rer les chai\u0302nes de valeur de l\u2019Afrique se tiendra les 8 et 9 novembre prochains a\u0300 Marrakech.<\/p>\n<p>Le secre\u0301taire ge\u0301ne\u0301ral du Groupe de la Banque africaine de de\u0301veloppement, Vincent Nmehielle, et la ministre de l\u2019E\u0301conomie et des Finances du Maroc, Nadia Fettah Alaoui, en pre\u0301sence de la directrice supe\u0301rieure de l\u2019Africa Investment Forum (AIF), Chinelo Anohu, ont signe\u0301 aujourd\u2019hui le protocole d\u2019accord.<\/p>\n<p>\u00ab Avec la Banque africaine de de\u0301veloppement, nous entretenons un excellent partenariat porteur de re\u0301sultats. Ensemble, nous nous engageons a\u0300 re\u0301ussir l\u2019e\u0301dition 2023 de l\u2019AIF que nous aurons le plaisir d\u2019accueillir a\u0300 Marrakech \u00bb, a de\u0301clare\u0301 la ministre de l\u2019E\u0301conomie et des Finances du Maroc.<\/p>\n<p>\u00ab Au nom du pre\u0301sident du Groupe de la Banque africaine de de\u0301veloppement, Akinwumi Adesina, je salue le Maroc pour son soutien pre\u0301cieux et constant dans la planification et l\u2019organisation des e\u0301ve\u0301nements de haut niveau de la Banque, qu\u2019il s\u2019agisse des Assemble\u0301es annuelles en 2013, de la re\u0301union de reconstitution du FAD en 2022 et de l\u2019AIF cette anne\u0301e. Le Maroc est un mode\u0300le de partenariat pour le continent \u00bb, a souligne\u0301 le secre\u0301taire ge\u0301ne\u0301ral du Groupe de la Banque africaine de de\u0301veloppement.<\/p>\n<p>\u00ab Depuis son accession au Tro\u0302ne il y a 24 ans, S.M. le Roi Mohammed VI a lance\u0301 des projets et re\u0301formes phares qui ont fait du Maroc l\u2019un des pays les plus avance\u0301s et les plus stables du continent, et l\u2019un des plus attractifs pour des e\u0301ve\u0301nements majeurs comme l\u2019AIF \u00bb, a de\u0301clare\u0301 la directrice principale de l\u2019Africa Investment Forum.<\/p>\n<p>\u00ab Nous appre\u0301cions le leadership du ministe\u0300re de l\u2019E\u0301conomie et des Finances pour garantir le succe\u0300s des e\u0301ve\u0301nements de haut niveau de la Banque qui se tiennent au Maroc. La signature du protocole d\u2019accord lance officiellement l\u2019AIF au sein du Royaume et, d\u2019ici a\u0300 novembre, il sera constamment rappele\u0301 au monde que l\u2019e\u0301dition 2023 de l\u2019AIF aura lieu a\u0300 Marrakech \u00bb, a ajoute\u0301 Vincent Nmehielle.<\/p>\n<p>A\u0300 l\u2019occasion des dernie\u0300res Assemble\u0301es annuelles de la Banque africaine de de\u0301veloppement, tenues fin mai en E\u0301gypte, l\u2019Africa Investment Forum a pre\u0301sente\u0301 aux investisseurs des projets d\u2019e\u0301nergie renouvelable et de de\u0301veloppement durable d\u2019une valeur de 1,5 milliard de dollars. Depuis 2018, l\u2019AIF a ge\u0301ne\u0301re\u0301 plus de 142 milliards de dollars ame\u0301ricains d\u2019inte\u0301re\u0302ts d\u2019investissement cumule\u0301s provenant d\u2019une quarantaine de pays.<\/p>\n<p>L\u2019e\u0301ve\u0301nement phare de l\u2019Africa Investment Forum, les Market Days, re\u0301unit des promoteurs de transactions internationaux, des investisseurs et des chefs de gouvernement pour pre\u0301senter des transactions pre\u0302tes a\u0300 progresser vers la clo\u0302ture.<\/p>\n<p>Porte\u0301 par la Banque africaine de de\u0301veloppement et sept autres partenaires fondateurs \u2013 Africa50, Africa Finance Corporation, Afreximbank, Banque de de\u0301veloppement de l\u2019Afrique australe, Banque europe\u0301enne d\u2019investissement, Banque islamique de de\u0301veloppement et Trade and Development Bank \u2013, l\u2019Africa Investment Forum est le marche\u0301 de l\u2019investissement en Afrique qui vise a\u0300 acce\u0301le\u0301rer les transactions pour combler les de\u0301ficits d\u2019investissement de l\u2019Afrique.<\/p>\n<p><strong>Pour plus d&rsquo;informations et d&rsquo;analyses sur la <a href=\"https:\/\/www.africa-press.net\/djibouti\">Djibouti<\/a>, suivez <a href=\"https:\/\/www.africa-press.net\/\">Africa-Press<\/a><\/strong><\/p>\n","protected":false},"excerpt":{"rendered":"<p>Africa-Press &#8211; Djibouti. L\u2019e\u0301dition 2023 de l\u2019Africa Investment Forum (AIF) est officiellement lance\u0301e au Maroc. Principal marche\u0301 de l\u2019investissement sur le continent, l\u2019e\u0301ve\u0301nement visant a\u0300 libe\u0301rer les chai\u0302nes de valeur de l\u2019Afrique se tiendra les 8 et 9 novembre prochains a\u0300 Marrakech. Le secre\u0301taire ge\u0301ne\u0301ral du Groupe de la Banque africaine de de\u0301veloppement, Vincent Nmehielle, [&hellip;]<\/p>\n","protected":false},"author":82,"featured_media":17614,"comment_status":"open","ping_status":"closed","sticky":false,"template":"","format":"standard","meta":{"footnotes":""},"categories":[3,10],"tags":[36,49,50],"class_list":["post-17615","post","type-post","status-publish","format-standard","has-post-thumbnail","hentry","category-economie","category-toutes-les-actualites","tag-africa-press","tag-africa-press-djibouti","tag-djibouti"],"yoast_head":"<!-- This site is optimized with the Yoast SEO Premium plugin v26.1 (Yoast SEO v27.0) - https:\/\/yoast.com\/product\/yoast-seo-premium-wordpress\/ -->\n<title>La BAD et le Maroc signent un protocole d\u2019accord pour la tenue de l\u2019Africa Investment Forum 2023 \u00e0 Marrakech - Djibouti<\/title>\n<meta name=\"description\" content=\"L\u2019e\u0301dition 2023 de l\u2019Africa Investment Forum (AIF) est officiellement lance\u0301e au Maroc. Principal marche\u0301 de l\u2019investiss ...\" \/>\n<meta name=\"robots\" content=\"index, follow, max-snippet:-1, max-image-preview:large, max-video-preview:-1\" \/>\n<link rel=\"canonical\" href=\"https:\/\/www.africa-press.net\/djibouti\/economie\/la-bad-et-le-maroc-signent-un-protocole-daccord-pour-la-tenue-de-lafrica-investment-forum-2023-a-marrakech\" \/>\n<meta property=\"og:locale\" content=\"fr_FR\" \/>\n<meta property=\"og:type\" content=\"article\" \/>\n<meta property=\"og:title\" content=\"La BAD et le Maroc signent un protocole d\u2019accord pour la tenue de l\u2019Africa Investment Forum 2023 \u00e0 Marrakech\" \/>\n<meta property=\"og:description\" content=\"L\u2019e\u0301dition 2023 de l\u2019Africa Investment Forum (AIF) est officiellement lance\u0301e au Maroc. Principal marche\u0301 de l\u2019investiss ...\" \/>\n<meta property=\"og:url\" content=\"https:\/\/www.africa-press.net\/djibouti\/economie\/la-bad-et-le-maroc-signent-un-protocole-daccord-pour-la-tenue-de-lafrica-investment-forum-2023-a-marrakech\" \/>\n<meta property=\"og:site_name\" content=\"Djibouti\" \/>\n<meta property=\"article:published_time\" content=\"2023-09-09T11:37:26+00:00\" \/>\n<meta property=\"article:modified_time\" content=\"2023-09-09T11:51:03+00:00\" \/>\n<meta property=\"og:image\" content=\"https:\/\/static.africa-press.net\/djibouti\/sites\/52\/2023\/09\/sm_1694247492.819316.jpg\" \/>\n\t<meta property=\"og:image:width\" content=\"1200\" \/>\n\t<meta property=\"og:image:height\" content=\"675\" \/>\n\t<meta property=\"og:image:type\" content=\"image\/jpeg\" \/>\n<meta name=\"author\" content=\"cfeditorfr\" \/>\n<meta name=\"twitter:card\" content=\"summary_large_image\" \/>\n<meta name=\"twitter:label1\" content=\"\u00c9crit par\" \/>\n\t<meta name=\"twitter:data1\" content=\"cfeditorfr\" \/>\n\t<meta name=\"twitter:label2\" content=\"Dur\u00e9e de lecture estim\u00e9e\" \/>\n\t<meta name=\"twitter:data2\" content=\"3 minutes\" \/>\n<script type=\"application\/ld+json\" class=\"yoast-schema-graph\">{\"@context\":\"https:\/\/schema.org\",\"@graph\":[{\"@type\":\"Article\",\"@id\":\"https:\/\/www.africa-press.net\/djibouti\/economie\/la-bad-et-le-maroc-signent-un-protocole-daccord-pour-la-tenue-de-lafrica-investment-forum-2023-a-marrakech#article\",\"isPartOf\":{\"@id\":\"https:\/\/www.africa-press.net\/djibouti\/economie\/la-bad-et-le-maroc-signent-un-protocole-daccord-pour-la-tenue-de-lafrica-investment-forum-2023-a-marrakech\"},\"author\":{\"name\":\"cfeditorfr\",\"@id\":\"https:\/\/www.africa-press.net\/djibouti\/#\/schema\/person\/2b1cf3cd81a31e3cd26889ca66d677f1\"},\"headline\":\"La BAD et le Maroc signent un protocole d\u2019accord pour la tenue de l\u2019Africa Investment Forum 2023 \u00e0 Marrakech\",\"datePublished\":\"2023-09-09T11:37:26+00:00\",\"dateModified\":\"2023-09-09T11:51:03+00:00\",\"mainEntityOfPage\":{\"@id\":\"https:\/\/www.africa-press.net\/djibouti\/economie\/la-bad-et-le-maroc-signent-un-protocole-daccord-pour-la-tenue-de-lafrica-investment-forum-2023-a-marrakech\"},\"wordCount\":617,\"commentCount\":0,\"image\":{\"@id\":\"https:\/\/www.africa-press.net\/djibouti\/economie\/la-bad-et-le-maroc-signent-un-protocole-daccord-pour-la-tenue-de-lafrica-investment-forum-2023-a-marrakech#primaryimage\"},\"thumbnailUrl\":\"https:\/\/static.africa-press.net\/djibouti\/sites\/52\/2023\/09\/sm_1694247492.819316.jpg\",\"keywords\":[\"Africa Press\",\"Africa Press-Djibouti\",\"Djibouti\"],\"articleSection\":[\"\u00c9conomie\",\"Toutes les actualit\u00e9s\"],\"inLanguage\":\"fr-FR\",\"potentialAction\":[{\"@type\":\"CommentAction\",\"name\":\"Comment\",\"target\":[\"https:\/\/www.africa-press.net\/djibouti\/economie\/la-bad-et-le-maroc-signent-un-protocole-daccord-pour-la-tenue-de-lafrica-investment-forum-2023-a-marrakech#respond\"]}]},{\"@type\":\"WebPage\",\"@id\":\"https:\/\/www.africa-press.net\/djibouti\/economie\/la-bad-et-le-maroc-signent-un-protocole-daccord-pour-la-tenue-de-lafrica-investment-forum-2023-a-marrakech\",\"url\":\"https:\/\/www.africa-press.net\/djibouti\/economie\/la-bad-et-le-maroc-signent-un-protocole-daccord-pour-la-tenue-de-lafrica-investment-forum-2023-a-marrakech\",\"name\":\"La BAD et le Maroc signent un protocole d\u2019accord pour la tenue de l\u2019Africa Investment Forum 2023 \u00e0 Marrakech - Djibouti\",\"isPartOf\":{\"@id\":\"https:\/\/www.africa-press.net\/djibouti\/#website\"},\"primaryImageOfPage\":{\"@id\":\"https:\/\/www.africa-press.net\/djibouti\/economie\/la-bad-et-le-maroc-signent-un-protocole-daccord-pour-la-tenue-de-lafrica-investment-forum-2023-a-marrakech#primaryimage\"},\"image\":{\"@id\":\"https:\/\/www.africa-press.net\/djibouti\/economie\/la-bad-et-le-maroc-signent-un-protocole-daccord-pour-la-tenue-de-lafrica-investment-forum-2023-a-marrakech#primaryimage\"},\"thumbnailUrl\":\"https:\/\/static.africa-press.net\/djibouti\/sites\/52\/2023\/09\/sm_1694247492.819316.jpg\",\"datePublished\":\"2023-09-09T11:37:26+00:00\",\"dateModified\":\"2023-09-09T11:51:03+00:00\",\"author\":{\"@id\":\"https:\/\/www.africa-press.net\/djibouti\/#\/schema\/person\/2b1cf3cd81a31e3cd26889ca66d677f1\"},\"description\":\"L\u2019e\u0301dition 2023 de l\u2019Africa Investment Forum (AIF) est officiellement lance\u0301e au Maroc. Principal marche\u0301 de l\u2019investiss ...\",\"breadcrumb\":{\"@id\":\"https:\/\/www.africa-press.net\/djibouti\/economie\/la-bad-et-le-maroc-signent-un-protocole-daccord-pour-la-tenue-de-lafrica-investment-forum-2023-a-marrakech#breadcrumb\"},\"inLanguage\":\"fr-FR\",\"potentialAction\":[{\"@type\":\"ReadAction\",\"target\":[\"https:\/\/www.africa-press.net\/djibouti\/economie\/la-bad-et-le-maroc-signent-un-protocole-daccord-pour-la-tenue-de-lafrica-investment-forum-2023-a-marrakech\"]}]},{\"@type\":\"ImageObject\",\"inLanguage\":\"fr-FR\",\"@id\":\"https:\/\/www.africa-press.net\/djibouti\/economie\/la-bad-et-le-maroc-signent-un-protocole-daccord-pour-la-tenue-de-lafrica-investment-forum-2023-a-marrakech#primaryimage\",\"url\":\"https:\/\/static.africa-press.net\/djibouti\/sites\/52\/2023\/09\/sm_1694247492.819316.jpg\",\"contentUrl\":\"https:\/\/static.africa-press.net\/djibouti\/sites\/52\/2023\/09\/sm_1694247492.819316.jpg\",\"width\":1200,\"height\":675,\"caption\":\"La BAD et le Maroc signent un protocole d\u2019accord pour la tenue de l\u2019Africa Investment Forum 2023 \u00e0 Marrakech\"},{\"@type\":\"BreadcrumbList\",\"@id\":\"https:\/\/www.africa-press.net\/djibouti\/economie\/la-bad-et-le-maroc-signent-un-protocole-daccord-pour-la-tenue-de-lafrica-investment-forum-2023-a-marrakech#breadcrumb\",\"itemListElement\":[{\"@type\":\"ListItem\",\"position\":1,\"name\":\"Accueil\",\"item\":\"https:\/\/www.africa-press.net\/djibouti\/\"},{\"@type\":\"ListItem\",\"position\":2,\"name\":\"La BAD et le Maroc signent un protocole d\u2019accord pour la tenue de l\u2019Africa Investment Forum 2023 \u00e0 Marrakech\"}]},{\"@type\":\"WebSite\",\"@id\":\"https:\/\/www.africa-press.net\/djibouti\/#website\",\"url\":\"https:\/\/www.africa-press.net\/djibouti\/\",\"name\":\"Djibouti\",\"description\":\"Just another Africa News Agency Sites site\",\"potentialAction\":[{\"@type\":\"SearchAction\",\"target\":{\"@type\":\"EntryPoint\",\"urlTemplate\":\"https:\/\/www.africa-press.net\/djibouti\/?s={search_term_string}\"},\"query-input\":{\"@type\":\"PropertyValueSpecification\",\"valueRequired\":true,\"valueName\":\"search_term_string\"}}],\"inLanguage\":\"fr-FR\"},{\"@type\":\"Person\",\"@id\":\"https:\/\/www.africa-press.net\/djibouti\/#\/schema\/person\/2b1cf3cd81a31e3cd26889ca66d677f1\",\"name\":\"cfeditorfr\"}]}<\/script>\n<!-- \/ Yoast SEO Premium plugin. -->","yoast_head_json":{"title":"La BAD et le Maroc signent un protocole d\u2019accord pour la tenue de l\u2019Africa Investment Forum 2023 \u00e0 Marrakech - Djibouti","description":"L\u2019e\u0301dition 2023 de l\u2019Africa Investment Forum (AIF) est officiellement lance\u0301e au Maroc. Principal marche\u0301 de l\u2019investiss ...","robots":{"index":"index","follow":"follow","max-snippet":"max-snippet:-1","max-image-preview":"max-image-preview:large","max-video-preview":"max-video-preview:-1"},"canonical":"https:\/\/www.africa-press.net\/djibouti\/economie\/la-bad-et-le-maroc-signent-un-protocole-daccord-pour-la-tenue-de-lafrica-investment-forum-2023-a-marrakech","og_locale":"fr_FR","og_type":"article","og_title":"La BAD et le Maroc signent un protocole d\u2019accord pour la tenue de l\u2019Africa Investment Forum 2023 \u00e0 Marrakech","og_description":"L\u2019e\u0301dition 2023 de l\u2019Africa Investment Forum (AIF) est officiellement lance\u0301e au Maroc. Principal marche\u0301 de l\u2019investiss ...","og_url":"https:\/\/www.africa-press.net\/djibouti\/economie\/la-bad-et-le-maroc-signent-un-protocole-daccord-pour-la-tenue-de-lafrica-investment-forum-2023-a-marrakech","og_site_name":"Djibouti","article_published_time":"2023-09-09T11:37:26+00:00","article_modified_time":"2023-09-09T11:51:03+00:00","og_image":[{"width":1200,"height":675,"url":"https:\/\/static.africa-press.net\/djibouti\/sites\/52\/2023\/09\/sm_1694247492.819316.jpg","type":"image\/jpeg"}],"author":"cfeditorfr","twitter_card":"summary_large_image","twitter_misc":{"\u00c9crit par":"cfeditorfr","Dur\u00e9e de lecture estim\u00e9e":"3 minutes"},"schema":{"@context":"https:\/\/schema.org","@graph":[{"@type":"Article","@id":"https:\/\/www.africa-press.net\/djibouti\/economie\/la-bad-et-le-maroc-signent-un-protocole-daccord-pour-la-tenue-de-lafrica-investment-forum-2023-a-marrakech#article","isPartOf":{"@id":"https:\/\/www.africa-press.net\/djibouti\/economie\/la-bad-et-le-maroc-signent-un-protocole-daccord-pour-la-tenue-de-lafrica-investment-forum-2023-a-marrakech"},"author":{"name":"cfeditorfr","@id":"https:\/\/www.africa-press.net\/djibouti\/#\/schema\/person\/2b1cf3cd81a31e3cd26889ca66d677f1"},"headline":"La BAD et le Maroc signent un protocole d\u2019accord pour la tenue de l\u2019Africa Investment Forum 2023 \u00e0 Marrakech","datePublished":"2023-09-09T11:37:26+00:00","dateModified":"2023-09-09T11:51:03+00:00","mainEntityOfPage":{"@id":"https:\/\/www.africa-press.net\/djibouti\/economie\/la-bad-et-le-maroc-signent-un-protocole-daccord-pour-la-tenue-de-lafrica-investment-forum-2023-a-marrakech"},"wordCount":617,"commentCount":0,"image":{"@id":"https:\/\/www.africa-press.net\/djibouti\/economie\/la-bad-et-le-maroc-signent-un-protocole-daccord-pour-la-tenue-de-lafrica-investment-forum-2023-a-marrakech#primaryimage"},"thumbnailUrl":"https:\/\/static.africa-press.net\/djibouti\/sites\/52\/2023\/09\/sm_1694247492.819316.jpg","keywords":["Africa Press","Africa Press-Djibouti","Djibouti"],"articleSection":["\u00c9conomie","Toutes les actualit\u00e9s"],"inLanguage":"fr-FR","potentialAction":[{"@type":"CommentAction","name":"Comment","target":["https:\/\/www.africa-press.net\/djibouti\/economie\/la-bad-et-le-maroc-signent-un-protocole-daccord-pour-la-tenue-de-lafrica-investment-forum-2023-a-marrakech#respond"]}]},{"@type":"WebPage","@id":"https:\/\/www.africa-press.net\/djibouti\/economie\/la-bad-et-le-maroc-signent-un-protocole-daccord-pour-la-tenue-de-lafrica-investment-forum-2023-a-marrakech","url":"https:\/\/www.africa-press.net\/djibouti\/economie\/la-bad-et-le-maroc-signent-un-protocole-daccord-pour-la-tenue-de-lafrica-investment-forum-2023-a-marrakech","name":"La BAD et le Maroc signent un protocole d\u2019accord pour la tenue de l\u2019Africa Investment Forum 2023 \u00e0 Marrakech - Djibouti","isPartOf":{"@id":"https:\/\/www.africa-press.net\/djibouti\/#website"},"primaryImageOfPage":{"@id":"https:\/\/www.africa-press.net\/djibouti\/economie\/la-bad-et-le-maroc-signent-un-protocole-daccord-pour-la-tenue-de-lafrica-investment-forum-2023-a-marrakech#primaryimage"},"image":{"@id":"https:\/\/www.africa-press.net\/djibouti\/economie\/la-bad-et-le-maroc-signent-un-protocole-daccord-pour-la-tenue-de-lafrica-investment-forum-2023-a-marrakech#primaryimage"},"thumbnailUrl":"https:\/\/static.africa-press.net\/djibouti\/sites\/52\/2023\/09\/sm_1694247492.819316.jpg","datePublished":"2023-09-09T11:37:26+00:00","dateModified":"2023-09-09T11:51:03+00:00","author":{"@id":"https:\/\/www.africa-press.net\/djibouti\/#\/schema\/person\/2b1cf3cd81a31e3cd26889ca66d677f1"},"description":"L\u2019e\u0301dition 2023 de l\u2019Africa Investment Forum (AIF) est officiellement lance\u0301e au Maroc. Principal marche\u0301 de l\u2019investiss ...","breadcrumb":{"@id":"https:\/\/www.africa-press.net\/djibouti\/economie\/la-bad-et-le-maroc-signent-un-protocole-daccord-pour-la-tenue-de-lafrica-investment-forum-2023-a-marrakech#breadcrumb"},"inLanguage":"fr-FR","potentialAction":[{"@type":"ReadAction","target":["https:\/\/www.africa-press.net\/djibouti\/economie\/la-bad-et-le-maroc-signent-un-protocole-daccord-pour-la-tenue-de-lafrica-investment-forum-2023-a-marrakech"]}]},{"@type":"ImageObject","inLanguage":"fr-FR","@id":"https:\/\/www.africa-press.net\/djibouti\/economie\/la-bad-et-le-maroc-signent-un-protocole-daccord-pour-la-tenue-de-lafrica-investment-forum-2023-a-marrakech#primaryimage","url":"https:\/\/static.africa-press.net\/djibouti\/sites\/52\/2023\/09\/sm_1694247492.819316.jpg","contentUrl":"https:\/\/static.africa-press.net\/djibouti\/sites\/52\/2023\/09\/sm_1694247492.819316.jpg","width":1200,"height":675,"caption":"La BAD et le Maroc signent un protocole d\u2019accord pour la tenue de l\u2019Africa Investment Forum 2023 \u00e0 Marrakech"},{"@type":"BreadcrumbList","@id":"https:\/\/www.africa-press.net\/djibouti\/economie\/la-bad-et-le-maroc-signent-un-protocole-daccord-pour-la-tenue-de-lafrica-investment-forum-2023-a-marrakech#breadcrumb","itemListElement":[{"@type":"ListItem","position":1,"name":"Accueil","item":"https:\/\/www.africa-press.net\/djibouti\/"},{"@type":"ListItem","position":2,"name":"La BAD et le Maroc signent un protocole d\u2019accord pour la tenue de l\u2019Africa Investment Forum 2023 \u00e0 Marrakech"}]},{"@type":"WebSite","@id":"https:\/\/www.africa-press.net\/djibouti\/#website","url":"https:\/\/www.africa-press.net\/djibouti\/","name":"Djibouti","description":"Just another Africa News Agency Sites site","potentialAction":[{"@type":"SearchAction","target":{"@type":"EntryPoint","urlTemplate":"https:\/\/www.africa-press.net\/djibouti\/?s={search_term_string}"},"query-input":{"@type":"PropertyValueSpecification","valueRequired":true,"valueName":"search_term_string"}}],"inLanguage":"fr-FR"},{"@type":"Person","@id":"https:\/\/www.africa-press.net\/djibouti\/#\/schema\/person\/2b1cf3cd81a31e3cd26889ca66d677f1","name":"cfeditorfr"}]}},"_links":{"self":[{"href":"https:\/\/www.africa-press.net\/djibouti\/wp-json\/wp\/v2\/posts\/17615","targetHints":{"allow":["GET"]}}],"collection":[{"href":"https:\/\/www.africa-press.net\/djibouti\/wp-json\/wp\/v2\/posts"}],"about":[{"href":"https:\/\/www.africa-press.net\/djibouti\/wp-json\/wp\/v2\/types\/post"}],"author":[{"embeddable":true,"href":"https:\/\/www.africa-press.net\/djibouti\/wp-json\/wp\/v2\/users\/82"}],"replies":[{"embeddable":true,"href":"https:\/\/www.africa-press.net\/djibouti\/wp-json\/wp\/v2\/comments?post=17615"}],"version-history":[{"count":0,"href":"https:\/\/www.africa-press.net\/djibouti\/wp-json\/wp\/v2\/posts\/17615\/revisions"}],"wp:featuredmedia":[{"embeddable":true,"href":"https:\/\/www.africa-press.net\/djibouti\/wp-json\/wp\/v2\/media\/17614"}],"wp:attachment":[{"href":"https:\/\/www.africa-press.net\/djibouti\/wp-json\/wp\/v2\/media?parent=17615"}],"wp:term":[{"taxonomy":"category","embeddable":true,"href":"https:\/\/www.africa-press.net\/djibouti\/wp-json\/wp\/v2\/categories?post=17615"},{"taxonomy":"post_tag","embeddable":true,"href":"https:\/\/www.africa-press.net\/djibouti\/wp-json\/wp\/v2\/tags?post=17615"}],"curies":[{"name":"wp","href":"https:\/\/api.w.org\/{rel}","templated":true}]}}