{"id":17621,"date":"2023-09-09T11:39:02","date_gmt":"2023-09-09T11:39:02","guid":{"rendered":"https:\/\/www.africa-press.net\/djibouti\/politique\/lunion-africaine-membre-a-part-entiere-du-g20"},"modified":"2023-09-09T12:01:54","modified_gmt":"2023-09-09T12:01:54","slug":"lunion-africaine-membre-a-part-entiere-du-g20","status":"publish","type":"post","link":"https:\/\/www.africa-press.net\/djibouti\/politique\/lunion-africaine-membre-a-part-entiere-du-g20","title":{"rendered":"L\u2019Union africaine membre \u00e0 part enti\u00e8re du\u00a0G20"},"content":{"rendered":"<p><span style=\"color: #ff6600\"><strong>Africa-Press &#8211; Djibouti. <\/strong><\/span>Au-dela\u0300 de son poids de\u0301mographique et financier, l\u2019Afrique repre\u0301sente un enjeu ge\u0301opolitique majeur, en particulier dans le contexte mondial actuel.<\/p>\n<p>Cela fait des de\u0301cennies que l&rsquo;Afrique re\u0301clame une meilleure repre\u0301sentation dans les institutions internationales. Le sommet du G20 qui s&rsquo;ouvre ce samedi 9 septembre voit l&rsquo;Union africaine obtenir un sie\u0300ge permanent a\u0300 la table de cette organisation qui rassemble les plus grandes e\u0301conomies de\u0301veloppe\u0301es et e\u0301mergentes de la plane\u0300te. Les 55 E\u0301tats membres de l&rsquo;UA ont fait pression pour jouer un ro\u0302le significatif dans les organismes internationaux qui ont longtemps repre\u0301sente\u0301 un ordre aujourd&rsquo;hui efface\u0301 de l&rsquo;apre\u0300s-Seconde Guerre mondiale, y compris au sein du Conseil de se\u0301curite\u0301 des Nations unies.<\/p>\n<p>Cette inte\u0301gration doit permettre au continent d&rsquo;e\u0302tre mieux repre\u0301sente\u0301, mais surtout de peser sur l&rsquo;e\u0301volution du syste\u0300me financier mondial, dont il re\u0301clame des re\u0301formes urgentes, notamment de la Banque mondiale et du Fonds mone\u0301taire international, qui oblige encore les pays africains a\u0300 payer plus que les autres pour emprunter de l&rsquo;argent, en aggravant ainsi leur dette.<\/p>\n<p>Le Premier ministre indien, Narendra Modi, dont le pays assure cette anne\u0301e la pre\u0301sidence du G20 et en accueille ce week-end les chefs d&rsquo;E\u0301tat et de gouvernement, a affiche\u0301 ces derniers jours sa volonte\u0301 d&rsquo;e\u0301largir ce groupe avec \u00ab l&rsquo;inclusion de l&rsquo;Union africaine en tant que membre permanent \u00bb. Un haut responsable du ministe\u0300re indien des Affaires e\u0301trange\u0300res, Vinay Kwatra, a dit, la veille, s&rsquo;attendre a\u0300 une de\u0301cision de\u0300s samedi matin au sommet.<\/p>\n<p>En effet, de\u0300s l&rsquo;ouverture de la rencontre ce samedi matin, \u00ab l&rsquo;Inde a propose\u0301 d&rsquo;accorder le statut de membre permanent du G20 a\u0300 l&rsquo;Union africaine. Je crois que nous avons l&rsquo;accord de tous sur ce point \u00bb, a de\u0301clare\u0301 Narendra Modi dans son discours d&rsquo;ouverture du sommet. \u00ab Avec l&rsquo;approbation de tous, je demande au chef de l&rsquo;UA de prendre place en tant que membre permanent du G20 \u00bb, a de\u0301clare\u0301 Narendra Modi dans son allocution d&rsquo;ouverture.<\/p>\n<p>Il est toutefois toujours possible qu&rsquo;un membre du G20 mette son veto.<\/p>\n<p>Le pre\u0301sident de l&rsquo;archipel des Comores, Azali Assoumani, qui est actuellement a\u0300 la te\u0302te de l&rsquo;UA, a atterri vendredi a\u0300 New Delhi et doit participer aux discussions du week-end. Le porte-parole du gouvernement comorien, Houmed Msaidie, a avance\u0301 depuis Moroni e\u0302tre de\u0301ja\u0300 en mesure de \u00ab confirmer l&rsquo;adhe\u0301sion de l&rsquo;Union africaine \u00bb tandis qu&rsquo;un membre de la de\u0301le\u0301gation comorienne en Inde a affirme\u0301 de son co\u0302te\u0301 que \u00ab le G20 a envoye\u0301 quelqu&rsquo;un nous l&rsquo;annoncer pour l&rsquo;inte\u0301grer dans notre discours \u00bb.<\/p>\n<p>L&rsquo;Union europe\u0301enne, qui dispose d&rsquo;un sie\u0300ge au G20, a affiche\u0301 son soutien a\u0300 l&rsquo;initiative vendredi. \u00ab Je me re\u0301jouis d&rsquo;accueillir l&rsquo;Union africaine en tant que membre permanent du G20 \u00bb, a de\u0301clare\u0301 le pre\u0301sident du Conseil europe\u0301en, Charles Michel, a\u0300 des journalistes a\u0300 New Delhi. \u00ab Attendons de voir quelle sera la de\u0301cision. Mais une chose est claire : l&rsquo;UE soutient l&rsquo;adhe\u0301sion de l&rsquo;Afrique au G20. \u00bb<\/p>\n<p>En de\u0301cembre, le pre\u0301sident ame\u0301ricain Joe Biden avait de\u0301ja\u0300 e\u0301mis le souhait que l&rsquo;UA rejoigne le G20 en tant que membre permanent, assurant que \u00ab cela allait se faire \u00bb. Une position re\u0301affirme\u0301e cette semaine par son conseiller a\u0300 la se\u0301curite\u0301 nationale, Jake Sullivan, lors d&rsquo;un briefing sur les priorite\u0301s ame\u0301ricaines au sommet. \u00ab Nous pensons que la voix de l&rsquo;Union africaine renforcera le G20 \u00bb, a-t-il commente\u0301.<\/p>\n<p>Les pays de l&rsquo;UA regroupent pre\u0300s de 1,4 milliard d&rsquo;habitants, comme la Chine ou l&rsquo;Inde. Le cumul de leurs PIB atteint 2 600 milliards d&rsquo;euros (l&rsquo;e\u0301quivalent du PIB de la France), ce qui placerait l&rsquo;UA au huitie\u0300me rang des membres du G20.<\/p>\n<p>Seul un pays africain, l&rsquo;Afrique du Sud, est actuellement membre du G20, qui rassemble 19 des plus importantes e\u0301conomies mondiales plus l&rsquo;Union europe\u0301enne, soit 85 % du PIB mondial et les deux tiers de la population du globe.<\/p>\n<p>Base\u0301e a\u0300 Addis-Abeba, capitale de l&rsquo;E\u0301thiopie, l&rsquo;UA compte 55 membres (dont six suspendus), totalise 1,4 milliard d&rsquo;habitants, et le cumul de leurs PIB atteint 3 000 milliards de dollars de PIB. Ce qui placerait l&rsquo;UA au huitie\u0300me rang des membres du G20.<\/p>\n<p>L&rsquo;octroi a\u0300 l&rsquo;Union africaine d&rsquo;un sie\u0300ge permanent au G20 permettrait de \u00ab re\u0301parer une injustice \u00bb, avait encore fait valoir en juillet le pre\u0301sident se\u0301ne\u0301galais, Macky Sall. \u00ab L&rsquo;Afrique re\u0301unie est a\u0300 la huitie\u0300me place mondiale en termes de produit inte\u0301rieur brut \u00bb, avait rappele\u0301 le pre\u0301sident Sall, qui intervenait en visioconfe\u0301rence dans le cadre des Rencontres e\u0301conomiques d&rsquo;Aix-en-Provence, dans le sud de la France. Tout l&rsquo;enjeu sera pour l&rsquo;UA de trouver les moyens de peser dans ses instances, alors qu&rsquo;elle est re\u0301gulie\u0300rement appele\u0301e a\u0300 ge\u0301rer les multiples crises et les soubresauts qui traversent son continent. En attendant d&rsquo;obtenir un sie\u0300ge permanent au Conseil de se\u0301curite\u0301 de l&rsquo;ONU.<\/p>\n<p><strong>Pour plus d&rsquo;informations et d&rsquo;analyses sur la <a href=\"https:\/\/www.africa-press.net\/djibouti\">Djibouti<\/a>, suivez <a href=\"https:\/\/www.africa-press.net\/\">Africa-Press<\/a><\/strong><\/p>\n","protected":false},"excerpt":{"rendered":"<p>Africa-Press &#8211; Djibouti. Au-dela\u0300 de son poids de\u0301mographique et financier, l\u2019Afrique repre\u0301sente un enjeu ge\u0301opolitique majeur, en particulier dans le contexte mondial actuel. Cela fait des de\u0301cennies que l&rsquo;Afrique re\u0301clame une meilleure repre\u0301sentation dans les institutions internationales. Le sommet du G20 qui s&rsquo;ouvre ce samedi 9 septembre voit l&rsquo;Union africaine obtenir un sie\u0300ge permanent a\u0300 [&hellip;]<\/p>\n","protected":false},"author":82,"featured_media":17620,"comment_status":"open","ping_status":"closed","sticky":false,"template":"","format":"standard","meta":{"footnotes":""},"categories":[2,10],"tags":[36,49,50],"class_list":["post-17621","post","type-post","status-publish","format-standard","has-post-thumbnail","hentry","category-politique","category-toutes-les-actualites","tag-africa-press","tag-africa-press-djibouti","tag-djibouti"],"yoast_head":"<!-- This site is optimized with the Yoast SEO Premium plugin v26.1 (Yoast SEO v27.0) - https:\/\/yoast.com\/product\/yoast-seo-premium-wordpress\/ -->\n<title>L\u2019Union africaine membre \u00e0 part enti\u00e8re du\u00a0G20 - Djibouti<\/title>\n<meta name=\"description\" content=\"Au-dela\u0300 de son poids de\u0301mographique et financier, l\u2019Afrique repre\u0301sente un enjeu ge\u0301opolitique majeur, en particulier d ...\" \/>\n<meta name=\"robots\" content=\"index, follow, max-snippet:-1, max-image-preview:large, max-video-preview:-1\" \/>\n<link rel=\"canonical\" href=\"https:\/\/www.africa-press.net\/djibouti\/politique\/lunion-africaine-membre-a-part-entiere-du-g20\" \/>\n<meta property=\"og:locale\" content=\"fr_FR\" \/>\n<meta property=\"og:type\" content=\"article\" \/>\n<meta property=\"og:title\" content=\"L\u2019Union africaine membre \u00e0 part enti\u00e8re du\u00a0G20\" \/>\n<meta property=\"og:description\" content=\"Au-dela\u0300 de son poids de\u0301mographique et financier, l\u2019Afrique repre\u0301sente un enjeu ge\u0301opolitique majeur, en particulier d ...\" \/>\n<meta property=\"og:url\" content=\"https:\/\/www.africa-press.net\/djibouti\/politique\/lunion-africaine-membre-a-part-entiere-du-g20\" \/>\n<meta property=\"og:site_name\" content=\"Djibouti\" \/>\n<meta property=\"article:published_time\" content=\"2023-09-09T11:39:02+00:00\" \/>\n<meta property=\"article:modified_time\" content=\"2023-09-09T12:01:54+00:00\" \/>\n<meta property=\"og:image\" content=\"https:\/\/static.africa-press.net\/djibouti\/sites\/52\/2023\/09\/sm_1694248076.465194.jpg\" \/>\n\t<meta property=\"og:image:width\" content=\"1618\" \/>\n\t<meta property=\"og:image:height\" content=\"809\" \/>\n\t<meta property=\"og:image:type\" content=\"image\/jpeg\" \/>\n<meta name=\"author\" content=\"cfeditorfr\" \/>\n<meta name=\"twitter:card\" content=\"summary_large_image\" \/>\n<meta name=\"twitter:label1\" content=\"\u00c9crit par\" \/>\n\t<meta name=\"twitter:data1\" content=\"cfeditorfr\" \/>\n\t<meta name=\"twitter:label2\" content=\"Dur\u00e9e de lecture estim\u00e9e\" \/>\n\t<meta name=\"twitter:data2\" content=\"4 minutes\" \/>\n<script type=\"application\/ld+json\" class=\"yoast-schema-graph\">{\"@context\":\"https:\/\/schema.org\",\"@graph\":[{\"@type\":\"Article\",\"@id\":\"https:\/\/www.africa-press.net\/djibouti\/politique\/lunion-africaine-membre-a-part-entiere-du-g20#article\",\"isPartOf\":{\"@id\":\"https:\/\/www.africa-press.net\/djibouti\/politique\/lunion-africaine-membre-a-part-entiere-du-g20\"},\"author\":{\"name\":\"cfeditorfr\",\"@id\":\"https:\/\/www.africa-press.net\/djibouti\/#\/schema\/person\/2b1cf3cd81a31e3cd26889ca66d677f1\"},\"headline\":\"L\u2019Union africaine membre \u00e0 part enti\u00e8re du\u00a0G20\",\"datePublished\":\"2023-09-09T11:39:02+00:00\",\"dateModified\":\"2023-09-09T12:01:54+00:00\",\"mainEntityOfPage\":{\"@id\":\"https:\/\/www.africa-press.net\/djibouti\/politique\/lunion-africaine-membre-a-part-entiere-du-g20\"},\"wordCount\":918,\"commentCount\":0,\"image\":{\"@id\":\"https:\/\/www.africa-press.net\/djibouti\/politique\/lunion-africaine-membre-a-part-entiere-du-g20#primaryimage\"},\"thumbnailUrl\":\"https:\/\/static.africa-press.net\/djibouti\/sites\/52\/2023\/09\/sm_1694248076.465194.jpg\",\"keywords\":[\"Africa Press\",\"Africa Press-Djibouti\",\"Djibouti\"],\"articleSection\":[\"Politique\",\"Toutes les actualit\u00e9s\"],\"inLanguage\":\"fr-FR\",\"potentialAction\":[{\"@type\":\"CommentAction\",\"name\":\"Comment\",\"target\":[\"https:\/\/www.africa-press.net\/djibouti\/politique\/lunion-africaine-membre-a-part-entiere-du-g20#respond\"]}]},{\"@type\":\"WebPage\",\"@id\":\"https:\/\/www.africa-press.net\/djibouti\/politique\/lunion-africaine-membre-a-part-entiere-du-g20\",\"url\":\"https:\/\/www.africa-press.net\/djibouti\/politique\/lunion-africaine-membre-a-part-entiere-du-g20\",\"name\":\"L\u2019Union africaine membre \u00e0 part enti\u00e8re du\u00a0G20 - Djibouti\",\"isPartOf\":{\"@id\":\"https:\/\/www.africa-press.net\/djibouti\/#website\"},\"primaryImageOfPage\":{\"@id\":\"https:\/\/www.africa-press.net\/djibouti\/politique\/lunion-africaine-membre-a-part-entiere-du-g20#primaryimage\"},\"image\":{\"@id\":\"https:\/\/www.africa-press.net\/djibouti\/politique\/lunion-africaine-membre-a-part-entiere-du-g20#primaryimage\"},\"thumbnailUrl\":\"https:\/\/static.africa-press.net\/djibouti\/sites\/52\/2023\/09\/sm_1694248076.465194.jpg\",\"datePublished\":\"2023-09-09T11:39:02+00:00\",\"dateModified\":\"2023-09-09T12:01:54+00:00\",\"author\":{\"@id\":\"https:\/\/www.africa-press.net\/djibouti\/#\/schema\/person\/2b1cf3cd81a31e3cd26889ca66d677f1\"},\"description\":\"Au-dela\u0300 de son poids de\u0301mographique et financier, l\u2019Afrique repre\u0301sente un enjeu ge\u0301opolitique majeur, en particulier d ...\",\"breadcrumb\":{\"@id\":\"https:\/\/www.africa-press.net\/djibouti\/politique\/lunion-africaine-membre-a-part-entiere-du-g20#breadcrumb\"},\"inLanguage\":\"fr-FR\",\"potentialAction\":[{\"@type\":\"ReadAction\",\"target\":[\"https:\/\/www.africa-press.net\/djibouti\/politique\/lunion-africaine-membre-a-part-entiere-du-g20\"]}]},{\"@type\":\"ImageObject\",\"inLanguage\":\"fr-FR\",\"@id\":\"https:\/\/www.africa-press.net\/djibouti\/politique\/lunion-africaine-membre-a-part-entiere-du-g20#primaryimage\",\"url\":\"https:\/\/static.africa-press.net\/djibouti\/sites\/52\/2023\/09\/sm_1694248076.465194.jpg\",\"contentUrl\":\"https:\/\/static.africa-press.net\/djibouti\/sites\/52\/2023\/09\/sm_1694248076.465194.jpg\",\"width\":1618,\"height\":809,\"caption\":\"L\u2019Union africaine membre \u00e0 part enti\u00e8re du\u00a0G20\"},{\"@type\":\"BreadcrumbList\",\"@id\":\"https:\/\/www.africa-press.net\/djibouti\/politique\/lunion-africaine-membre-a-part-entiere-du-g20#breadcrumb\",\"itemListElement\":[{\"@type\":\"ListItem\",\"position\":1,\"name\":\"Accueil\",\"item\":\"https:\/\/www.africa-press.net\/djibouti\/\"},{\"@type\":\"ListItem\",\"position\":2,\"name\":\"L\u2019Union africaine membre \u00e0 part enti\u00e8re du\u00a0G20\"}]},{\"@type\":\"WebSite\",\"@id\":\"https:\/\/www.africa-press.net\/djibouti\/#website\",\"url\":\"https:\/\/www.africa-press.net\/djibouti\/\",\"name\":\"Djibouti\",\"description\":\"Just another Africa News Agency Sites site\",\"potentialAction\":[{\"@type\":\"SearchAction\",\"target\":{\"@type\":\"EntryPoint\",\"urlTemplate\":\"https:\/\/www.africa-press.net\/djibouti\/?s={search_term_string}\"},\"query-input\":{\"@type\":\"PropertyValueSpecification\",\"valueRequired\":true,\"valueName\":\"search_term_string\"}}],\"inLanguage\":\"fr-FR\"},{\"@type\":\"Person\",\"@id\":\"https:\/\/www.africa-press.net\/djibouti\/#\/schema\/person\/2b1cf3cd81a31e3cd26889ca66d677f1\",\"name\":\"cfeditorfr\"}]}<\/script>\n<!-- \/ Yoast SEO Premium plugin. -->","yoast_head_json":{"title":"L\u2019Union africaine membre \u00e0 part enti\u00e8re du\u00a0G20 - Djibouti","description":"Au-dela\u0300 de son poids de\u0301mographique et financier, l\u2019Afrique repre\u0301sente un enjeu ge\u0301opolitique majeur, en particulier d ...","robots":{"index":"index","follow":"follow","max-snippet":"max-snippet:-1","max-image-preview":"max-image-preview:large","max-video-preview":"max-video-preview:-1"},"canonical":"https:\/\/www.africa-press.net\/djibouti\/politique\/lunion-africaine-membre-a-part-entiere-du-g20","og_locale":"fr_FR","og_type":"article","og_title":"L\u2019Union africaine membre \u00e0 part enti\u00e8re du\u00a0G20","og_description":"Au-dela\u0300 de son poids de\u0301mographique et financier, l\u2019Afrique repre\u0301sente un enjeu ge\u0301opolitique majeur, en particulier d ...","og_url":"https:\/\/www.africa-press.net\/djibouti\/politique\/lunion-africaine-membre-a-part-entiere-du-g20","og_site_name":"Djibouti","article_published_time":"2023-09-09T11:39:02+00:00","article_modified_time":"2023-09-09T12:01:54+00:00","og_image":[{"width":1618,"height":809,"url":"https:\/\/static.africa-press.net\/djibouti\/sites\/52\/2023\/09\/sm_1694248076.465194.jpg","type":"image\/jpeg"}],"author":"cfeditorfr","twitter_card":"summary_large_image","twitter_misc":{"\u00c9crit par":"cfeditorfr","Dur\u00e9e de lecture estim\u00e9e":"4 minutes"},"schema":{"@context":"https:\/\/schema.org","@graph":[{"@type":"Article","@id":"https:\/\/www.africa-press.net\/djibouti\/politique\/lunion-africaine-membre-a-part-entiere-du-g20#article","isPartOf":{"@id":"https:\/\/www.africa-press.net\/djibouti\/politique\/lunion-africaine-membre-a-part-entiere-du-g20"},"author":{"name":"cfeditorfr","@id":"https:\/\/www.africa-press.net\/djibouti\/#\/schema\/person\/2b1cf3cd81a31e3cd26889ca66d677f1"},"headline":"L\u2019Union africaine membre \u00e0 part enti\u00e8re du\u00a0G20","datePublished":"2023-09-09T11:39:02+00:00","dateModified":"2023-09-09T12:01:54+00:00","mainEntityOfPage":{"@id":"https:\/\/www.africa-press.net\/djibouti\/politique\/lunion-africaine-membre-a-part-entiere-du-g20"},"wordCount":918,"commentCount":0,"image":{"@id":"https:\/\/www.africa-press.net\/djibouti\/politique\/lunion-africaine-membre-a-part-entiere-du-g20#primaryimage"},"thumbnailUrl":"https:\/\/static.africa-press.net\/djibouti\/sites\/52\/2023\/09\/sm_1694248076.465194.jpg","keywords":["Africa Press","Africa Press-Djibouti","Djibouti"],"articleSection":["Politique","Toutes les actualit\u00e9s"],"inLanguage":"fr-FR","potentialAction":[{"@type":"CommentAction","name":"Comment","target":["https:\/\/www.africa-press.net\/djibouti\/politique\/lunion-africaine-membre-a-part-entiere-du-g20#respond"]}]},{"@type":"WebPage","@id":"https:\/\/www.africa-press.net\/djibouti\/politique\/lunion-africaine-membre-a-part-entiere-du-g20","url":"https:\/\/www.africa-press.net\/djibouti\/politique\/lunion-africaine-membre-a-part-entiere-du-g20","name":"L\u2019Union africaine membre \u00e0 part enti\u00e8re du\u00a0G20 - Djibouti","isPartOf":{"@id":"https:\/\/www.africa-press.net\/djibouti\/#website"},"primaryImageOfPage":{"@id":"https:\/\/www.africa-press.net\/djibouti\/politique\/lunion-africaine-membre-a-part-entiere-du-g20#primaryimage"},"image":{"@id":"https:\/\/www.africa-press.net\/djibouti\/politique\/lunion-africaine-membre-a-part-entiere-du-g20#primaryimage"},"thumbnailUrl":"https:\/\/static.africa-press.net\/djibouti\/sites\/52\/2023\/09\/sm_1694248076.465194.jpg","datePublished":"2023-09-09T11:39:02+00:00","dateModified":"2023-09-09T12:01:54+00:00","author":{"@id":"https:\/\/www.africa-press.net\/djibouti\/#\/schema\/person\/2b1cf3cd81a31e3cd26889ca66d677f1"},"description":"Au-dela\u0300 de son poids de\u0301mographique et financier, l\u2019Afrique repre\u0301sente un enjeu ge\u0301opolitique majeur, en particulier d ...","breadcrumb":{"@id":"https:\/\/www.africa-press.net\/djibouti\/politique\/lunion-africaine-membre-a-part-entiere-du-g20#breadcrumb"},"inLanguage":"fr-FR","potentialAction":[{"@type":"ReadAction","target":["https:\/\/www.africa-press.net\/djibouti\/politique\/lunion-africaine-membre-a-part-entiere-du-g20"]}]},{"@type":"ImageObject","inLanguage":"fr-FR","@id":"https:\/\/www.africa-press.net\/djibouti\/politique\/lunion-africaine-membre-a-part-entiere-du-g20#primaryimage","url":"https:\/\/static.africa-press.net\/djibouti\/sites\/52\/2023\/09\/sm_1694248076.465194.jpg","contentUrl":"https:\/\/static.africa-press.net\/djibouti\/sites\/52\/2023\/09\/sm_1694248076.465194.jpg","width":1618,"height":809,"caption":"L\u2019Union africaine membre \u00e0 part enti\u00e8re du\u00a0G20"},{"@type":"BreadcrumbList","@id":"https:\/\/www.africa-press.net\/djibouti\/politique\/lunion-africaine-membre-a-part-entiere-du-g20#breadcrumb","itemListElement":[{"@type":"ListItem","position":1,"name":"Accueil","item":"https:\/\/www.africa-press.net\/djibouti\/"},{"@type":"ListItem","position":2,"name":"L\u2019Union africaine membre \u00e0 part enti\u00e8re du\u00a0G20"}]},{"@type":"WebSite","@id":"https:\/\/www.africa-press.net\/djibouti\/#website","url":"https:\/\/www.africa-press.net\/djibouti\/","name":"Djibouti","description":"Just another Africa News Agency Sites site","potentialAction":[{"@type":"SearchAction","target":{"@type":"EntryPoint","urlTemplate":"https:\/\/www.africa-press.net\/djibouti\/?s={search_term_string}"},"query-input":{"@type":"PropertyValueSpecification","valueRequired":true,"valueName":"search_term_string"}}],"inLanguage":"fr-FR"},{"@type":"Person","@id":"https:\/\/www.africa-press.net\/djibouti\/#\/schema\/person\/2b1cf3cd81a31e3cd26889ca66d677f1","name":"cfeditorfr"}]}},"_links":{"self":[{"href":"https:\/\/www.africa-press.net\/djibouti\/wp-json\/wp\/v2\/posts\/17621","targetHints":{"allow":["GET"]}}],"collection":[{"href":"https:\/\/www.africa-press.net\/djibouti\/wp-json\/wp\/v2\/posts"}],"about":[{"href":"https:\/\/www.africa-press.net\/djibouti\/wp-json\/wp\/v2\/types\/post"}],"author":[{"embeddable":true,"href":"https:\/\/www.africa-press.net\/djibouti\/wp-json\/wp\/v2\/users\/82"}],"replies":[{"embeddable":true,"href":"https:\/\/www.africa-press.net\/djibouti\/wp-json\/wp\/v2\/comments?post=17621"}],"version-history":[{"count":0,"href":"https:\/\/www.africa-press.net\/djibouti\/wp-json\/wp\/v2\/posts\/17621\/revisions"}],"wp:featuredmedia":[{"embeddable":true,"href":"https:\/\/www.africa-press.net\/djibouti\/wp-json\/wp\/v2\/media\/17620"}],"wp:attachment":[{"href":"https:\/\/www.africa-press.net\/djibouti\/wp-json\/wp\/v2\/media?parent=17621"}],"wp:term":[{"taxonomy":"category","embeddable":true,"href":"https:\/\/www.africa-press.net\/djibouti\/wp-json\/wp\/v2\/categories?post=17621"},{"taxonomy":"post_tag","embeddable":true,"href":"https:\/\/www.africa-press.net\/djibouti\/wp-json\/wp\/v2\/tags?post=17621"}],"curies":[{"name":"wp","href":"https:\/\/api.w.org\/{rel}","templated":true}]}}