{"id":17629,"date":"2023-09-09T14:42:28","date_gmt":"2023-09-09T14:42:28","guid":{"rendered":"https:\/\/www.africa-press.net\/djibouti\/politique\/le-president-guelleh-exprime-sa-solidarite-et-compassion-au-roi-mohamed-vi-du-maroc"},"modified":"2023-09-09T15:27:06","modified_gmt":"2023-09-09T15:27:06","slug":"le-president-guelleh-exprime-sa-solidarite-et-compassion-au-roi-mohamed-vi-du-maroc","status":"publish","type":"post","link":"https:\/\/www.africa-press.net\/djibouti\/politique\/le-president-guelleh-exprime-sa-solidarite-et-compassion-au-roi-mohamed-vi-du-maroc","title":{"rendered":"Le Pr\u00e9sident Guelleh exprime sa solidarit\u00e9 et compassion au Roi Mohamed VI du Maroc"},"content":{"rendered":"<p><span style=\"color: #ff6600\"><strong>Africa-Press &#8211; Djibouti. <\/strong><\/span>Le Pre\u0301sident de la Re\u0301publique, M. Ismail Omar Guelleh, a exprime\u0301 ses \u00ab condole\u0301ances attriste\u0301es et l\u2019assurance parfaite de sa solidarite\u0301 \u00bb au Roi du Royaume du Maroc, Sa Majeste\u0301 Mohamed VI dont, le pays de\u0301plore plusieurs centaines de victimes et un nombre e\u0301leve\u0301 de blesse\u0301s suite au tremblement de terre de\u0301vastateur qui, eut hier soir, dans la nuit de vendredi a\u0300 samedi dans une localite\u0301 voisine de la ville de Marrakech.<\/p>\n<p>\u00ab C\u2019est dans l\u2019effroi et la consternation que j\u2019ai appris la triste nouvelle \u00bb, a e\u0301crit le Pre\u0301sident Guelleh dans le te\u0301le\u0301gramme de condole\u0301ance envoye\u0301 au Roi Mohamed VI.<\/p>\n<p>\u00ab Le Peuple et le Gouvernement de Djibouti se joignent a\u0300 moi pour manifester leur sympathie et compassion au Peuple fre\u0300re du Maroc \u00bb, a note\u0301 le Chef de l\u2019Etat dans le me\u0302me document.<\/p>\n<p>\u00ab Puisse Dieu e\u0301pargner a\u0300 la nation s\u0153ur marocaine la re\u0301cidive d\u2019expe\u0301rience aussi traumatisante \u00bb, a ensuite implore\u0301 le Pre\u0301sident Ismail Omar Guelleh, re\u0301ite\u0301rant sa \u00ab foi en l\u2019aptitude du Royaume fre\u0300re du Maroc a\u0300 surmonter rapidement l\u2019e\u0301preuve terrible de cette trage\u0301die. \u00bb<\/p>\n<p>Selon un de\u0301compte provisoire du Ministe\u0300re marocain de l\u2019Inte\u0301rieur, ce se\u0301isme de violence sans pre\u0301ce\u0301dent a fait 632 morts et 325 blesse\u0301s.<\/p>\n<p>Le Pre\u0301sident de la Re\u0301publique, M. Ismail Omar Guelleh, a exprime\u0301 ses \u00ab condole\u0301ances attriste\u0301es et l\u2019assurance parfaite de sa solidarite\u0301 \u00bb au Roi du Royaume du Maroc, Sa Majeste\u0301 Mohamed VI dont, le pays de\u0301plore plusieurs centaines de victimes et un nombre e\u0301leve\u0301 de blesse\u0301s suite au tremblement de terre de\u0301vastateur qui, eut hier soir, dans la nuit de vendredi a\u0300 samedi dans une localite\u0301 voisine de la ville de Marrakech.<\/p>\n<p>\u00ab C\u2019est dans l\u2019effroi et la consternation que j\u2019ai appris la triste nouvelle \u00bb, a e\u0301crit le Pre\u0301sident Guelleh dans le te\u0301le\u0301gramme de condole\u0301ance envoye\u0301 au Roi Mohamed VI.<\/p>\n<p>\u00ab Le Peuple et le Gouvernement de Djibouti se joignent a\u0300 moi pour manifester leur sympathie et compassion au Peuple fre\u0300re du Maroc \u00bb, a note\u0301 le Chef de l\u2019Etat dans le me\u0302me document.<\/p>\n<p>\u00ab Puisse Dieu e\u0301pargner a\u0300 la nation s\u0153ur marocaine la re\u0301cidive d\u2019expe\u0301rience aussi traumatisante \u00bb, a ensuite implore\u0301 le Pre\u0301sident Ismail Omar Guelleh, re\u0301ite\u0301rant sa \u00ab foi en l\u2019aptitude du Royaume fre\u0300re du Maroc a\u0300 surmonter rapidement l\u2019e\u0301preuve terrible de cette trage\u0301die. \u00bb<\/p>\n<p>Selon un de\u0301compte provisoire du Ministe\u0300re marocain de l\u2019Inte\u0301rieur, ce se\u0301isme de violence sans pre\u0301ce\u0301dent a fait 632 morts et 325 blesse\u0301s.<\/p>\n<p><strong>Pour plus d&rsquo;informations et d&rsquo;analyses sur la <a href=\"https:\/\/www.africa-press.net\/djibouti\">Djibouti<\/a>, suivez <a href=\"https:\/\/www.africa-press.net\/\">Africa-Press<\/a><\/strong><\/p>\n","protected":false},"excerpt":{"rendered":"<p>Africa-Press &#8211; Djibouti. Le Pre\u0301sident de la Re\u0301publique, M. Ismail Omar Guelleh, a exprime\u0301 ses \u00ab condole\u0301ances attriste\u0301es et l\u2019assurance parfaite de sa solidarite\u0301 \u00bb au Roi du Royaume du Maroc, Sa Majeste\u0301 Mohamed VI dont, le pays de\u0301plore plusieurs centaines de victimes et un nombre e\u0301leve\u0301 de blesse\u0301s suite au tremblement de terre de\u0301vastateur [&hellip;]<\/p>\n","protected":false},"author":82,"featured_media":17628,"comment_status":"open","ping_status":"closed","sticky":false,"template":"","format":"standard","meta":{"footnotes":""},"categories":[2,20,10],"tags":[36,49,50],"class_list":["post-17629","post","type-post","status-publish","format-standard","has-post-thumbnail","hentry","category-politique","category-top-nouvelles","category-toutes-les-actualites","tag-africa-press","tag-africa-press-djibouti","tag-djibouti"],"yoast_head":"<!-- This site is optimized with the Yoast SEO Premium plugin v26.1 (Yoast SEO v27.0) - https:\/\/yoast.com\/product\/yoast-seo-premium-wordpress\/ -->\n<title>Le Pr\u00e9sident Guelleh exprime sa solidarit\u00e9 et compassion au Roi Mohamed VI du Maroc - Djibouti<\/title>\n<meta name=\"description\" content=\"Le Pre\u0301sident de la Re\u0301publique, M. Ismail Omar Guelleh, a exprime\u0301 ses \u00ab condole\u0301ances attriste\u0301es et l\u2019assurance parfa ...\" \/>\n<meta name=\"robots\" content=\"index, follow, max-snippet:-1, max-image-preview:large, max-video-preview:-1\" \/>\n<link rel=\"canonical\" href=\"https:\/\/www.africa-press.net\/djibouti\/politique\/le-president-guelleh-exprime-sa-solidarite-et-compassion-au-roi-mohamed-vi-du-maroc\" \/>\n<meta property=\"og:locale\" content=\"fr_FR\" \/>\n<meta property=\"og:type\" content=\"article\" \/>\n<meta property=\"og:title\" content=\"Le Pr\u00e9sident Guelleh exprime sa solidarit\u00e9 et compassion au Roi Mohamed VI du Maroc\" \/>\n<meta property=\"og:description\" content=\"Le Pre\u0301sident de la Re\u0301publique, M. Ismail Omar Guelleh, a exprime\u0301 ses \u00ab condole\u0301ances attriste\u0301es et l\u2019assurance parfa ...\" \/>\n<meta property=\"og:url\" content=\"https:\/\/www.africa-press.net\/djibouti\/politique\/le-president-guelleh-exprime-sa-solidarite-et-compassion-au-roi-mohamed-vi-du-maroc\" \/>\n<meta property=\"og:site_name\" content=\"Djibouti\" \/>\n<meta property=\"article:published_time\" content=\"2023-09-09T14:42:28+00:00\" \/>\n<meta property=\"article:modified_time\" content=\"2023-09-09T15:27:06+00:00\" \/>\n<meta property=\"og:image\" content=\"https:\/\/static.africa-press.net\/djibouti\/sites\/52\/2023\/09\/sm_1694258623.230388.jpg\" \/>\n\t<meta property=\"og:image:width\" content=\"720\" \/>\n\t<meta property=\"og:image:height\" content=\"360\" \/>\n\t<meta property=\"og:image:type\" content=\"image\/jpeg\" \/>\n<meta name=\"author\" content=\"cfeditorfr\" \/>\n<meta name=\"twitter:card\" content=\"summary_large_image\" \/>\n<meta name=\"twitter:label1\" content=\"\u00c9crit par\" \/>\n\t<meta name=\"twitter:data1\" content=\"cfeditorfr\" \/>\n\t<meta name=\"twitter:label2\" content=\"Dur\u00e9e de lecture estim\u00e9e\" \/>\n\t<meta name=\"twitter:data2\" content=\"3 minutes\" \/>\n<script type=\"application\/ld+json\" class=\"yoast-schema-graph\">{\"@context\":\"https:\/\/schema.org\",\"@graph\":[{\"@type\":\"Article\",\"@id\":\"https:\/\/www.africa-press.net\/djibouti\/politique\/le-president-guelleh-exprime-sa-solidarite-et-compassion-au-roi-mohamed-vi-du-maroc#article\",\"isPartOf\":{\"@id\":\"https:\/\/www.africa-press.net\/djibouti\/politique\/le-president-guelleh-exprime-sa-solidarite-et-compassion-au-roi-mohamed-vi-du-maroc\"},\"author\":{\"name\":\"cfeditorfr\",\"@id\":\"https:\/\/www.africa-press.net\/djibouti\/#\/schema\/person\/2b1cf3cd81a31e3cd26889ca66d677f1\"},\"headline\":\"Le Pr\u00e9sident Guelleh exprime sa solidarit\u00e9 et compassion au Roi Mohamed VI du Maroc\",\"datePublished\":\"2023-09-09T14:42:28+00:00\",\"dateModified\":\"2023-09-09T15:27:06+00:00\",\"mainEntityOfPage\":{\"@id\":\"https:\/\/www.africa-press.net\/djibouti\/politique\/le-president-guelleh-exprime-sa-solidarite-et-compassion-au-roi-mohamed-vi-du-maroc\"},\"wordCount\":488,\"commentCount\":0,\"image\":{\"@id\":\"https:\/\/www.africa-press.net\/djibouti\/politique\/le-president-guelleh-exprime-sa-solidarite-et-compassion-au-roi-mohamed-vi-du-maroc#primaryimage\"},\"thumbnailUrl\":\"https:\/\/static.africa-press.net\/djibouti\/sites\/52\/2023\/09\/sm_1694258623.230388.jpg\",\"keywords\":[\"Africa Press\",\"Africa Press-Djibouti\",\"Djibouti\"],\"articleSection\":[\"Politique\",\"Top Nouvelles\",\"Toutes les actualit\u00e9s\"],\"inLanguage\":\"fr-FR\",\"potentialAction\":[{\"@type\":\"CommentAction\",\"name\":\"Comment\",\"target\":[\"https:\/\/www.africa-press.net\/djibouti\/politique\/le-president-guelleh-exprime-sa-solidarite-et-compassion-au-roi-mohamed-vi-du-maroc#respond\"]}]},{\"@type\":\"WebPage\",\"@id\":\"https:\/\/www.africa-press.net\/djibouti\/politique\/le-president-guelleh-exprime-sa-solidarite-et-compassion-au-roi-mohamed-vi-du-maroc\",\"url\":\"https:\/\/www.africa-press.net\/djibouti\/politique\/le-president-guelleh-exprime-sa-solidarite-et-compassion-au-roi-mohamed-vi-du-maroc\",\"name\":\"Le Pr\u00e9sident Guelleh exprime sa solidarit\u00e9 et compassion au Roi Mohamed VI du Maroc - Djibouti\",\"isPartOf\":{\"@id\":\"https:\/\/www.africa-press.net\/djibouti\/#website\"},\"primaryImageOfPage\":{\"@id\":\"https:\/\/www.africa-press.net\/djibouti\/politique\/le-president-guelleh-exprime-sa-solidarite-et-compassion-au-roi-mohamed-vi-du-maroc#primaryimage\"},\"image\":{\"@id\":\"https:\/\/www.africa-press.net\/djibouti\/politique\/le-president-guelleh-exprime-sa-solidarite-et-compassion-au-roi-mohamed-vi-du-maroc#primaryimage\"},\"thumbnailUrl\":\"https:\/\/static.africa-press.net\/djibouti\/sites\/52\/2023\/09\/sm_1694258623.230388.jpg\",\"datePublished\":\"2023-09-09T14:42:28+00:00\",\"dateModified\":\"2023-09-09T15:27:06+00:00\",\"author\":{\"@id\":\"https:\/\/www.africa-press.net\/djibouti\/#\/schema\/person\/2b1cf3cd81a31e3cd26889ca66d677f1\"},\"description\":\"Le Pre\u0301sident de la Re\u0301publique, M. Ismail Omar Guelleh, a exprime\u0301 ses \u00ab condole\u0301ances attriste\u0301es et l\u2019assurance parfa ...\",\"breadcrumb\":{\"@id\":\"https:\/\/www.africa-press.net\/djibouti\/politique\/le-president-guelleh-exprime-sa-solidarite-et-compassion-au-roi-mohamed-vi-du-maroc#breadcrumb\"},\"inLanguage\":\"fr-FR\",\"potentialAction\":[{\"@type\":\"ReadAction\",\"target\":[\"https:\/\/www.africa-press.net\/djibouti\/politique\/le-president-guelleh-exprime-sa-solidarite-et-compassion-au-roi-mohamed-vi-du-maroc\"]}]},{\"@type\":\"ImageObject\",\"inLanguage\":\"fr-FR\",\"@id\":\"https:\/\/www.africa-press.net\/djibouti\/politique\/le-president-guelleh-exprime-sa-solidarite-et-compassion-au-roi-mohamed-vi-du-maroc#primaryimage\",\"url\":\"https:\/\/static.africa-press.net\/djibouti\/sites\/52\/2023\/09\/sm_1694258623.230388.jpg\",\"contentUrl\":\"https:\/\/static.africa-press.net\/djibouti\/sites\/52\/2023\/09\/sm_1694258623.230388.jpg\",\"width\":720,\"height\":360,\"caption\":\"Le Pr\u00e9sident Guelleh exprime sa solidarit\u00e9 et compassion au Roi Mohamed VI du Maroc\"},{\"@type\":\"BreadcrumbList\",\"@id\":\"https:\/\/www.africa-press.net\/djibouti\/politique\/le-president-guelleh-exprime-sa-solidarite-et-compassion-au-roi-mohamed-vi-du-maroc#breadcrumb\",\"itemListElement\":[{\"@type\":\"ListItem\",\"position\":1,\"name\":\"Accueil\",\"item\":\"https:\/\/www.africa-press.net\/djibouti\/\"},{\"@type\":\"ListItem\",\"position\":2,\"name\":\"Le Pr\u00e9sident Guelleh exprime sa solidarit\u00e9 et compassion au Roi Mohamed VI du Maroc\"}]},{\"@type\":\"WebSite\",\"@id\":\"https:\/\/www.africa-press.net\/djibouti\/#website\",\"url\":\"https:\/\/www.africa-press.net\/djibouti\/\",\"name\":\"Djibouti\",\"description\":\"Just another Africa News Agency Sites site\",\"potentialAction\":[{\"@type\":\"SearchAction\",\"target\":{\"@type\":\"EntryPoint\",\"urlTemplate\":\"https:\/\/www.africa-press.net\/djibouti\/?s={search_term_string}\"},\"query-input\":{\"@type\":\"PropertyValueSpecification\",\"valueRequired\":true,\"valueName\":\"search_term_string\"}}],\"inLanguage\":\"fr-FR\"},{\"@type\":\"Person\",\"@id\":\"https:\/\/www.africa-press.net\/djibouti\/#\/schema\/person\/2b1cf3cd81a31e3cd26889ca66d677f1\",\"name\":\"cfeditorfr\"}]}<\/script>\n<!-- \/ Yoast SEO Premium plugin. -->","yoast_head_json":{"title":"Le Pr\u00e9sident Guelleh exprime sa solidarit\u00e9 et compassion au Roi Mohamed VI du Maroc - Djibouti","description":"Le Pre\u0301sident de la Re\u0301publique, M. Ismail Omar Guelleh, a exprime\u0301 ses \u00ab condole\u0301ances attriste\u0301es et l\u2019assurance parfa ...","robots":{"index":"index","follow":"follow","max-snippet":"max-snippet:-1","max-image-preview":"max-image-preview:large","max-video-preview":"max-video-preview:-1"},"canonical":"https:\/\/www.africa-press.net\/djibouti\/politique\/le-president-guelleh-exprime-sa-solidarite-et-compassion-au-roi-mohamed-vi-du-maroc","og_locale":"fr_FR","og_type":"article","og_title":"Le Pr\u00e9sident Guelleh exprime sa solidarit\u00e9 et compassion au Roi Mohamed VI du Maroc","og_description":"Le Pre\u0301sident de la Re\u0301publique, M. Ismail Omar Guelleh, a exprime\u0301 ses \u00ab condole\u0301ances attriste\u0301es et l\u2019assurance parfa ...","og_url":"https:\/\/www.africa-press.net\/djibouti\/politique\/le-president-guelleh-exprime-sa-solidarite-et-compassion-au-roi-mohamed-vi-du-maroc","og_site_name":"Djibouti","article_published_time":"2023-09-09T14:42:28+00:00","article_modified_time":"2023-09-09T15:27:06+00:00","og_image":[{"width":720,"height":360,"url":"https:\/\/static.africa-press.net\/djibouti\/sites\/52\/2023\/09\/sm_1694258623.230388.jpg","type":"image\/jpeg"}],"author":"cfeditorfr","twitter_card":"summary_large_image","twitter_misc":{"\u00c9crit par":"cfeditorfr","Dur\u00e9e de lecture estim\u00e9e":"3 minutes"},"schema":{"@context":"https:\/\/schema.org","@graph":[{"@type":"Article","@id":"https:\/\/www.africa-press.net\/djibouti\/politique\/le-president-guelleh-exprime-sa-solidarite-et-compassion-au-roi-mohamed-vi-du-maroc#article","isPartOf":{"@id":"https:\/\/www.africa-press.net\/djibouti\/politique\/le-president-guelleh-exprime-sa-solidarite-et-compassion-au-roi-mohamed-vi-du-maroc"},"author":{"name":"cfeditorfr","@id":"https:\/\/www.africa-press.net\/djibouti\/#\/schema\/person\/2b1cf3cd81a31e3cd26889ca66d677f1"},"headline":"Le Pr\u00e9sident Guelleh exprime sa solidarit\u00e9 et compassion au Roi Mohamed VI du Maroc","datePublished":"2023-09-09T14:42:28+00:00","dateModified":"2023-09-09T15:27:06+00:00","mainEntityOfPage":{"@id":"https:\/\/www.africa-press.net\/djibouti\/politique\/le-president-guelleh-exprime-sa-solidarite-et-compassion-au-roi-mohamed-vi-du-maroc"},"wordCount":488,"commentCount":0,"image":{"@id":"https:\/\/www.africa-press.net\/djibouti\/politique\/le-president-guelleh-exprime-sa-solidarite-et-compassion-au-roi-mohamed-vi-du-maroc#primaryimage"},"thumbnailUrl":"https:\/\/static.africa-press.net\/djibouti\/sites\/52\/2023\/09\/sm_1694258623.230388.jpg","keywords":["Africa Press","Africa Press-Djibouti","Djibouti"],"articleSection":["Politique","Top Nouvelles","Toutes les actualit\u00e9s"],"inLanguage":"fr-FR","potentialAction":[{"@type":"CommentAction","name":"Comment","target":["https:\/\/www.africa-press.net\/djibouti\/politique\/le-president-guelleh-exprime-sa-solidarite-et-compassion-au-roi-mohamed-vi-du-maroc#respond"]}]},{"@type":"WebPage","@id":"https:\/\/www.africa-press.net\/djibouti\/politique\/le-president-guelleh-exprime-sa-solidarite-et-compassion-au-roi-mohamed-vi-du-maroc","url":"https:\/\/www.africa-press.net\/djibouti\/politique\/le-president-guelleh-exprime-sa-solidarite-et-compassion-au-roi-mohamed-vi-du-maroc","name":"Le Pr\u00e9sident Guelleh exprime sa solidarit\u00e9 et compassion au Roi Mohamed VI du Maroc - Djibouti","isPartOf":{"@id":"https:\/\/www.africa-press.net\/djibouti\/#website"},"primaryImageOfPage":{"@id":"https:\/\/www.africa-press.net\/djibouti\/politique\/le-president-guelleh-exprime-sa-solidarite-et-compassion-au-roi-mohamed-vi-du-maroc#primaryimage"},"image":{"@id":"https:\/\/www.africa-press.net\/djibouti\/politique\/le-president-guelleh-exprime-sa-solidarite-et-compassion-au-roi-mohamed-vi-du-maroc#primaryimage"},"thumbnailUrl":"https:\/\/static.africa-press.net\/djibouti\/sites\/52\/2023\/09\/sm_1694258623.230388.jpg","datePublished":"2023-09-09T14:42:28+00:00","dateModified":"2023-09-09T15:27:06+00:00","author":{"@id":"https:\/\/www.africa-press.net\/djibouti\/#\/schema\/person\/2b1cf3cd81a31e3cd26889ca66d677f1"},"description":"Le Pre\u0301sident de la Re\u0301publique, M. Ismail Omar Guelleh, a exprime\u0301 ses \u00ab condole\u0301ances attriste\u0301es et l\u2019assurance parfa ...","breadcrumb":{"@id":"https:\/\/www.africa-press.net\/djibouti\/politique\/le-president-guelleh-exprime-sa-solidarite-et-compassion-au-roi-mohamed-vi-du-maroc#breadcrumb"},"inLanguage":"fr-FR","potentialAction":[{"@type":"ReadAction","target":["https:\/\/www.africa-press.net\/djibouti\/politique\/le-president-guelleh-exprime-sa-solidarite-et-compassion-au-roi-mohamed-vi-du-maroc"]}]},{"@type":"ImageObject","inLanguage":"fr-FR","@id":"https:\/\/www.africa-press.net\/djibouti\/politique\/le-president-guelleh-exprime-sa-solidarite-et-compassion-au-roi-mohamed-vi-du-maroc#primaryimage","url":"https:\/\/static.africa-press.net\/djibouti\/sites\/52\/2023\/09\/sm_1694258623.230388.jpg","contentUrl":"https:\/\/static.africa-press.net\/djibouti\/sites\/52\/2023\/09\/sm_1694258623.230388.jpg","width":720,"height":360,"caption":"Le Pr\u00e9sident Guelleh exprime sa solidarit\u00e9 et compassion au Roi Mohamed VI du Maroc"},{"@type":"BreadcrumbList","@id":"https:\/\/www.africa-press.net\/djibouti\/politique\/le-president-guelleh-exprime-sa-solidarite-et-compassion-au-roi-mohamed-vi-du-maroc#breadcrumb","itemListElement":[{"@type":"ListItem","position":1,"name":"Accueil","item":"https:\/\/www.africa-press.net\/djibouti\/"},{"@type":"ListItem","position":2,"name":"Le Pr\u00e9sident Guelleh exprime sa solidarit\u00e9 et compassion au Roi Mohamed VI du Maroc"}]},{"@type":"WebSite","@id":"https:\/\/www.africa-press.net\/djibouti\/#website","url":"https:\/\/www.africa-press.net\/djibouti\/","name":"Djibouti","description":"Just another Africa News Agency Sites site","potentialAction":[{"@type":"SearchAction","target":{"@type":"EntryPoint","urlTemplate":"https:\/\/www.africa-press.net\/djibouti\/?s={search_term_string}"},"query-input":{"@type":"PropertyValueSpecification","valueRequired":true,"valueName":"search_term_string"}}],"inLanguage":"fr-FR"},{"@type":"Person","@id":"https:\/\/www.africa-press.net\/djibouti\/#\/schema\/person\/2b1cf3cd81a31e3cd26889ca66d677f1","name":"cfeditorfr"}]}},"_links":{"self":[{"href":"https:\/\/www.africa-press.net\/djibouti\/wp-json\/wp\/v2\/posts\/17629","targetHints":{"allow":["GET"]}}],"collection":[{"href":"https:\/\/www.africa-press.net\/djibouti\/wp-json\/wp\/v2\/posts"}],"about":[{"href":"https:\/\/www.africa-press.net\/djibouti\/wp-json\/wp\/v2\/types\/post"}],"author":[{"embeddable":true,"href":"https:\/\/www.africa-press.net\/djibouti\/wp-json\/wp\/v2\/users\/82"}],"replies":[{"embeddable":true,"href":"https:\/\/www.africa-press.net\/djibouti\/wp-json\/wp\/v2\/comments?post=17629"}],"version-history":[{"count":0,"href":"https:\/\/www.africa-press.net\/djibouti\/wp-json\/wp\/v2\/posts\/17629\/revisions"}],"wp:featuredmedia":[{"embeddable":true,"href":"https:\/\/www.africa-press.net\/djibouti\/wp-json\/wp\/v2\/media\/17628"}],"wp:attachment":[{"href":"https:\/\/www.africa-press.net\/djibouti\/wp-json\/wp\/v2\/media?parent=17629"}],"wp:term":[{"taxonomy":"category","embeddable":true,"href":"https:\/\/www.africa-press.net\/djibouti\/wp-json\/wp\/v2\/categories?post=17629"},{"taxonomy":"post_tag","embeddable":true,"href":"https:\/\/www.africa-press.net\/djibouti\/wp-json\/wp\/v2\/tags?post=17629"}],"curies":[{"name":"wp","href":"https:\/\/api.w.org\/{rel}","templated":true}]}}