{"id":17651,"date":"2023-09-10T14:10:16","date_gmt":"2023-09-10T14:10:16","guid":{"rendered":"https:\/\/www.africa-press.net\/djibouti\/politique\/la-coupe-dafrique-des-nations-sera-t-elle-privee-de-television"},"modified":"2023-09-10T14:23:29","modified_gmt":"2023-09-10T14:23:29","slug":"la-coupe-dafrique-des-nations-sera-t-elle-privee-de-television","status":"publish","type":"post","link":"https:\/\/www.africa-press.net\/djibouti\/sports\/la-coupe-dafrique-des-nations-sera-t-elle-privee-de-television","title":{"rendered":"La Coupe d\u2019Afrique des nations sera-t-elle priv\u00e9e de\u00a0t\u00e9l\u00e9vision ?"},"content":{"rendered":"<p><b>Damien Glez<\/b><\/p>\n<p><span style=\"color: #ff6600\"><strong>Africa-Press &#8211; Djibouti. <\/strong><\/span>La Confe\u0301de\u0301ration africaine de football vient d\u2019annuler les droits de diffusion de la Coupe d\u2019Afrique des nations accorde\u0301s au re\u0301seau qatari BeIn Media Group, dans 40 pays dont la zone Mena.<\/p>\n<p>Les supporters de football ont ronge\u0301 leur frein, contenant difficilement leur impatience a\u0300 l\u2019annonce, en juillet 2022, du de\u0301calage de la prochaine Coupe d\u2019Afrique des nations (CAN) de football. Initialement pre\u0301vue du 23 juin au 23 juillet 2023 dans cinq villes ivoiriennes, la phase finale de la compe\u0301tition continentale de\u0301butera finalement, saison des pluies oblige, le 13 janvier prochain. Mais voila\u0300 qu\u2019une nouvelle menace plane sur ceux qui se re\u0301jouissaient de ne pas avoir a\u0300 faire le voyage en E\u0301burnie&#8230;<\/p>\n<p>La Confe\u0301de\u0301ration africaine de football (CAF) vient de rompre son contrat de diffusion avec BeIn Sports dans 40 pays d\u2019Afrique du Nord et du Moyen-Orient, ainsi qu\u2019en Asie, en France et aux E\u0301tats-Unis. Il s\u2019agit d\u2019un choc de titans entre l\u2019instance continentale et le groupe de Nasser al-Khelai\u0308fi, re\u0301seau majeur dans la diffusion du football en Afrique et ailleurs. Avant me\u0302me la phase finale ivoirienne, l\u2019incertitude plane donc sur la retransmission des e\u0301liminatoires de la CAN, sur les compe\u0301titions de clubs africains \u2013notamment la Ligue des Champions et la Coupe de la Confe\u0301de\u0301ration\u2013, ainsi que sur la nouvelle African Football League qui commence en octobre.<\/p>\n<p><b>De\u0301faut de paiement<\/b><\/p>\n<p>Une telle rupture de contrat n\u2019est pas ine\u0301dite, l\u2019instance faitie\u0300re du football africain ayant annule\u0301, en 2019, un accord avec le groupe franc\u0327ais Lagarde\u0300re Sports. Cette fois, la sanction avait touche\u0301 l\u2019Afrique subsaharienne.<\/p>\n<p>Le motif de la nouvelle de\u0301cision notifie\u0301e ce 1er septembre semble prosai\u0308que et classique : BeIn Sports serait en de\u0301faut de paiement d\u2019une somme d\u2019environ 80 millions d\u2019euros. C\u2019est en 2017 que la CAF avait conclu un accord avec le groupe qatari, d\u2019un montant d\u2019environ 387 millions d\u2019euros pour la diffusion de la compe\u0301tition et de ses qualifications jusqu\u2019en 2028.<\/p>\n<p>Dans une lettre date\u0301e du 5 septembre, le directeur ge\u0301ne\u0301ral de BeIn Media Group, Yousef Al-Obaidly, indique qu\u2019il refuse cette annulation qu\u2019il qualifie d\u2019 \u00ab unilate\u0301rale \u00bb. Reconnaissant \u00ab un certain nombre de proble\u0300mes qui ont affecte\u0301 la relation contractuelle \u00bb, son entreprise promet de prendre \u00ab toutes les mesures juridiques ne\u0301cessaires \u00bb pour contester la rupture et l\u2019annuler. De son co\u0302te\u0301, le comite\u0301 exe\u0301cutif de la CAF se re\u0301unit la semaine prochaine&#8230;<\/p>\n<p>Les recours en justice rimant souvent avec lenteur, les supporters des re\u0301gions concerne\u0301es se demandent si leurs e\u0301crans ne resteront pas noirs dans les prochaines semaines. De quoi encourager les pirates de signaux te\u0301le\u0301visuels sans frontie\u0300res&#8230;<\/p>\n<p><b>Source: JeuneAfrique<\/b><\/p>\n<p><strong>Pour plus d&rsquo;informations et d&rsquo;analyses sur la <a href=\"https:\/\/www.africa-press.net\/djibouti\">Djibouti<\/a>, suivez <a href=\"https:\/\/www.africa-press.net\/\">Africa-Press<\/a><\/strong><\/p>\n","protected":false},"excerpt":{"rendered":"<p>Damien Glez Africa-Press &#8211; Djibouti. La Confe\u0301de\u0301ration africaine de football vient d\u2019annuler les droits de diffusion de la Coupe d\u2019Afrique des nations accorde\u0301s au re\u0301seau qatari BeIn Media Group, dans 40 pays dont la zone Mena. Les supporters de football ont ronge\u0301 leur frein, contenant difficilement leur impatience a\u0300 l\u2019annonce, en juillet 2022, du de\u0301calage [&hellip;]<\/p>\n","protected":false},"author":82,"featured_media":17650,"comment_status":"open","ping_status":"closed","sticky":false,"template":"","format":"standard","meta":{"footnotes":""},"categories":[6,10],"tags":[36,49,50],"class_list":["post-17651","post","type-post","status-publish","format-standard","has-post-thumbnail","hentry","category-sports","category-toutes-les-actualites","tag-africa-press","tag-africa-press-djibouti","tag-djibouti"],"yoast_head":"<!-- This site is optimized with the Yoast SEO Premium plugin v26.1 (Yoast SEO v27.0) - https:\/\/yoast.com\/product\/yoast-seo-premium-wordpress\/ -->\n<title>La Coupe d\u2019Afrique des nations sera-t-elle priv\u00e9e de\u00a0t\u00e9l\u00e9vision ? - Djibouti<\/title>\n<meta name=\"description\" content=\"La Confe\u0301de\u0301ration africaine de football vient d\u2019annuler les droits de diffusion de la Coupe d\u2019Afrique des nations accor ...\" \/>\n<meta name=\"robots\" content=\"index, follow, max-snippet:-1, max-image-preview:large, max-video-preview:-1\" \/>\n<link rel=\"canonical\" href=\"https:\/\/www.africa-press.net\/djibouti\/sports\/la-coupe-dafrique-des-nations-sera-t-elle-privee-de-television\" \/>\n<meta property=\"og:locale\" content=\"fr_FR\" \/>\n<meta property=\"og:type\" content=\"article\" \/>\n<meta property=\"og:title\" content=\"La Coupe d\u2019Afrique des nations sera-t-elle priv\u00e9e de\u00a0t\u00e9l\u00e9vision ?\" \/>\n<meta property=\"og:description\" content=\"La Confe\u0301de\u0301ration africaine de football vient d\u2019annuler les droits de diffusion de la Coupe d\u2019Afrique des nations accor ...\" \/>\n<meta property=\"og:url\" content=\"https:\/\/www.africa-press.net\/djibouti\/sports\/la-coupe-dafrique-des-nations-sera-t-elle-privee-de-television\" \/>\n<meta property=\"og:site_name\" content=\"Djibouti\" \/>\n<meta property=\"article:published_time\" content=\"2023-09-10T14:10:16+00:00\" \/>\n<meta property=\"article:modified_time\" content=\"2023-09-10T14:23:29+00:00\" \/>\n<meta property=\"og:image\" content=\"https:\/\/static.africa-press.net\/djibouti\/sites\/52\/2023\/09\/sm_1694343124.313977.jpg\" \/>\n\t<meta property=\"og:image:width\" content=\"1440\" \/>\n\t<meta property=\"og:image:height\" content=\"720\" \/>\n\t<meta property=\"og:image:type\" content=\"image\/jpeg\" \/>\n<meta name=\"author\" content=\"cfeditorfr\" \/>\n<meta name=\"twitter:card\" content=\"summary_large_image\" \/>\n<meta name=\"twitter:label1\" content=\"\u00c9crit par\" \/>\n\t<meta name=\"twitter:data1\" content=\"cfeditorfr\" \/>\n\t<meta name=\"twitter:label2\" content=\"Dur\u00e9e de lecture estim\u00e9e\" \/>\n\t<meta name=\"twitter:data2\" content=\"3 minutes\" \/>\n<script type=\"application\/ld+json\" class=\"yoast-schema-graph\">{\"@context\":\"https:\/\/schema.org\",\"@graph\":[{\"@type\":\"Article\",\"@id\":\"https:\/\/www.africa-press.net\/djibouti\/sports\/la-coupe-dafrique-des-nations-sera-t-elle-privee-de-television#article\",\"isPartOf\":{\"@id\":\"https:\/\/www.africa-press.net\/djibouti\/sports\/la-coupe-dafrique-des-nations-sera-t-elle-privee-de-television\"},\"author\":{\"name\":\"cfeditorfr\",\"@id\":\"https:\/\/www.africa-press.net\/djibouti\/#\/schema\/person\/2b1cf3cd81a31e3cd26889ca66d677f1\"},\"headline\":\"La Coupe d\u2019Afrique des nations sera-t-elle priv\u00e9e de\u00a0t\u00e9l\u00e9vision ?\",\"datePublished\":\"2023-09-10T14:10:16+00:00\",\"dateModified\":\"2023-09-10T14:23:29+00:00\",\"mainEntityOfPage\":{\"@id\":\"https:\/\/www.africa-press.net\/djibouti\/sports\/la-coupe-dafrique-des-nations-sera-t-elle-privee-de-television\"},\"wordCount\":503,\"commentCount\":0,\"image\":{\"@id\":\"https:\/\/www.africa-press.net\/djibouti\/sports\/la-coupe-dafrique-des-nations-sera-t-elle-privee-de-television#primaryimage\"},\"thumbnailUrl\":\"https:\/\/static.africa-press.net\/djibouti\/sites\/52\/2023\/09\/sm_1694343124.313977.jpg\",\"keywords\":[\"Africa Press\",\"Africa Press-Djibouti\",\"Djibouti\"],\"articleSection\":[\"Sports\",\"Toutes les actualit\u00e9s\"],\"inLanguage\":\"fr-FR\",\"potentialAction\":[{\"@type\":\"CommentAction\",\"name\":\"Comment\",\"target\":[\"https:\/\/www.africa-press.net\/djibouti\/sports\/la-coupe-dafrique-des-nations-sera-t-elle-privee-de-television#respond\"]}]},{\"@type\":\"WebPage\",\"@id\":\"https:\/\/www.africa-press.net\/djibouti\/sports\/la-coupe-dafrique-des-nations-sera-t-elle-privee-de-television\",\"url\":\"https:\/\/www.africa-press.net\/djibouti\/sports\/la-coupe-dafrique-des-nations-sera-t-elle-privee-de-television\",\"name\":\"La Coupe d\u2019Afrique des nations sera-t-elle priv\u00e9e de\u00a0t\u00e9l\u00e9vision ? - Djibouti\",\"isPartOf\":{\"@id\":\"https:\/\/www.africa-press.net\/djibouti\/#website\"},\"primaryImageOfPage\":{\"@id\":\"https:\/\/www.africa-press.net\/djibouti\/sports\/la-coupe-dafrique-des-nations-sera-t-elle-privee-de-television#primaryimage\"},\"image\":{\"@id\":\"https:\/\/www.africa-press.net\/djibouti\/sports\/la-coupe-dafrique-des-nations-sera-t-elle-privee-de-television#primaryimage\"},\"thumbnailUrl\":\"https:\/\/static.africa-press.net\/djibouti\/sites\/52\/2023\/09\/sm_1694343124.313977.jpg\",\"datePublished\":\"2023-09-10T14:10:16+00:00\",\"dateModified\":\"2023-09-10T14:23:29+00:00\",\"author\":{\"@id\":\"https:\/\/www.africa-press.net\/djibouti\/#\/schema\/person\/2b1cf3cd81a31e3cd26889ca66d677f1\"},\"description\":\"La Confe\u0301de\u0301ration africaine de football vient d\u2019annuler les droits de diffusion de la Coupe d\u2019Afrique des nations accor ...\",\"breadcrumb\":{\"@id\":\"https:\/\/www.africa-press.net\/djibouti\/sports\/la-coupe-dafrique-des-nations-sera-t-elle-privee-de-television#breadcrumb\"},\"inLanguage\":\"fr-FR\",\"potentialAction\":[{\"@type\":\"ReadAction\",\"target\":[\"https:\/\/www.africa-press.net\/djibouti\/sports\/la-coupe-dafrique-des-nations-sera-t-elle-privee-de-television\"]}]},{\"@type\":\"ImageObject\",\"inLanguage\":\"fr-FR\",\"@id\":\"https:\/\/www.africa-press.net\/djibouti\/sports\/la-coupe-dafrique-des-nations-sera-t-elle-privee-de-television#primaryimage\",\"url\":\"https:\/\/static.africa-press.net\/djibouti\/sites\/52\/2023\/09\/sm_1694343124.313977.jpg\",\"contentUrl\":\"https:\/\/static.africa-press.net\/djibouti\/sites\/52\/2023\/09\/sm_1694343124.313977.jpg\",\"width\":1440,\"height\":720,\"caption\":\"La Coupe d\u2019Afrique des nations sera-t-elle priv\u00e9e de\u00a0t\u00e9l\u00e9vision ?\"},{\"@type\":\"BreadcrumbList\",\"@id\":\"https:\/\/www.africa-press.net\/djibouti\/sports\/la-coupe-dafrique-des-nations-sera-t-elle-privee-de-television#breadcrumb\",\"itemListElement\":[{\"@type\":\"ListItem\",\"position\":1,\"name\":\"Accueil\",\"item\":\"https:\/\/www.africa-press.net\/djibouti\/\"},{\"@type\":\"ListItem\",\"position\":2,\"name\":\"La Coupe d\u2019Afrique des nations sera-t-elle priv\u00e9e de\u00a0t\u00e9l\u00e9vision ?\"}]},{\"@type\":\"WebSite\",\"@id\":\"https:\/\/www.africa-press.net\/djibouti\/#website\",\"url\":\"https:\/\/www.africa-press.net\/djibouti\/\",\"name\":\"Djibouti\",\"description\":\"Just another Africa News Agency Sites site\",\"potentialAction\":[{\"@type\":\"SearchAction\",\"target\":{\"@type\":\"EntryPoint\",\"urlTemplate\":\"https:\/\/www.africa-press.net\/djibouti\/?s={search_term_string}\"},\"query-input\":{\"@type\":\"PropertyValueSpecification\",\"valueRequired\":true,\"valueName\":\"search_term_string\"}}],\"inLanguage\":\"fr-FR\"},{\"@type\":\"Person\",\"@id\":\"https:\/\/www.africa-press.net\/djibouti\/#\/schema\/person\/2b1cf3cd81a31e3cd26889ca66d677f1\",\"name\":\"cfeditorfr\"}]}<\/script>\n<!-- \/ Yoast SEO Premium plugin. -->","yoast_head_json":{"title":"La Coupe d\u2019Afrique des nations sera-t-elle priv\u00e9e de\u00a0t\u00e9l\u00e9vision ? - Djibouti","description":"La Confe\u0301de\u0301ration africaine de football vient d\u2019annuler les droits de diffusion de la Coupe d\u2019Afrique des nations accor ...","robots":{"index":"index","follow":"follow","max-snippet":"max-snippet:-1","max-image-preview":"max-image-preview:large","max-video-preview":"max-video-preview:-1"},"canonical":"https:\/\/www.africa-press.net\/djibouti\/sports\/la-coupe-dafrique-des-nations-sera-t-elle-privee-de-television","og_locale":"fr_FR","og_type":"article","og_title":"La Coupe d\u2019Afrique des nations sera-t-elle priv\u00e9e de\u00a0t\u00e9l\u00e9vision ?","og_description":"La Confe\u0301de\u0301ration africaine de football vient d\u2019annuler les droits de diffusion de la Coupe d\u2019Afrique des nations accor ...","og_url":"https:\/\/www.africa-press.net\/djibouti\/sports\/la-coupe-dafrique-des-nations-sera-t-elle-privee-de-television","og_site_name":"Djibouti","article_published_time":"2023-09-10T14:10:16+00:00","article_modified_time":"2023-09-10T14:23:29+00:00","og_image":[{"width":1440,"height":720,"url":"https:\/\/static.africa-press.net\/djibouti\/sites\/52\/2023\/09\/sm_1694343124.313977.jpg","type":"image\/jpeg"}],"author":"cfeditorfr","twitter_card":"summary_large_image","twitter_misc":{"\u00c9crit par":"cfeditorfr","Dur\u00e9e de lecture estim\u00e9e":"3 minutes"},"schema":{"@context":"https:\/\/schema.org","@graph":[{"@type":"Article","@id":"https:\/\/www.africa-press.net\/djibouti\/sports\/la-coupe-dafrique-des-nations-sera-t-elle-privee-de-television#article","isPartOf":{"@id":"https:\/\/www.africa-press.net\/djibouti\/sports\/la-coupe-dafrique-des-nations-sera-t-elle-privee-de-television"},"author":{"name":"cfeditorfr","@id":"https:\/\/www.africa-press.net\/djibouti\/#\/schema\/person\/2b1cf3cd81a31e3cd26889ca66d677f1"},"headline":"La Coupe d\u2019Afrique des nations sera-t-elle priv\u00e9e de\u00a0t\u00e9l\u00e9vision ?","datePublished":"2023-09-10T14:10:16+00:00","dateModified":"2023-09-10T14:23:29+00:00","mainEntityOfPage":{"@id":"https:\/\/www.africa-press.net\/djibouti\/sports\/la-coupe-dafrique-des-nations-sera-t-elle-privee-de-television"},"wordCount":503,"commentCount":0,"image":{"@id":"https:\/\/www.africa-press.net\/djibouti\/sports\/la-coupe-dafrique-des-nations-sera-t-elle-privee-de-television#primaryimage"},"thumbnailUrl":"https:\/\/static.africa-press.net\/djibouti\/sites\/52\/2023\/09\/sm_1694343124.313977.jpg","keywords":["Africa Press","Africa Press-Djibouti","Djibouti"],"articleSection":["Sports","Toutes les actualit\u00e9s"],"inLanguage":"fr-FR","potentialAction":[{"@type":"CommentAction","name":"Comment","target":["https:\/\/www.africa-press.net\/djibouti\/sports\/la-coupe-dafrique-des-nations-sera-t-elle-privee-de-television#respond"]}]},{"@type":"WebPage","@id":"https:\/\/www.africa-press.net\/djibouti\/sports\/la-coupe-dafrique-des-nations-sera-t-elle-privee-de-television","url":"https:\/\/www.africa-press.net\/djibouti\/sports\/la-coupe-dafrique-des-nations-sera-t-elle-privee-de-television","name":"La Coupe d\u2019Afrique des nations sera-t-elle priv\u00e9e de\u00a0t\u00e9l\u00e9vision ? - Djibouti","isPartOf":{"@id":"https:\/\/www.africa-press.net\/djibouti\/#website"},"primaryImageOfPage":{"@id":"https:\/\/www.africa-press.net\/djibouti\/sports\/la-coupe-dafrique-des-nations-sera-t-elle-privee-de-television#primaryimage"},"image":{"@id":"https:\/\/www.africa-press.net\/djibouti\/sports\/la-coupe-dafrique-des-nations-sera-t-elle-privee-de-television#primaryimage"},"thumbnailUrl":"https:\/\/static.africa-press.net\/djibouti\/sites\/52\/2023\/09\/sm_1694343124.313977.jpg","datePublished":"2023-09-10T14:10:16+00:00","dateModified":"2023-09-10T14:23:29+00:00","author":{"@id":"https:\/\/www.africa-press.net\/djibouti\/#\/schema\/person\/2b1cf3cd81a31e3cd26889ca66d677f1"},"description":"La Confe\u0301de\u0301ration africaine de football vient d\u2019annuler les droits de diffusion de la Coupe d\u2019Afrique des nations accor ...","breadcrumb":{"@id":"https:\/\/www.africa-press.net\/djibouti\/sports\/la-coupe-dafrique-des-nations-sera-t-elle-privee-de-television#breadcrumb"},"inLanguage":"fr-FR","potentialAction":[{"@type":"ReadAction","target":["https:\/\/www.africa-press.net\/djibouti\/sports\/la-coupe-dafrique-des-nations-sera-t-elle-privee-de-television"]}]},{"@type":"ImageObject","inLanguage":"fr-FR","@id":"https:\/\/www.africa-press.net\/djibouti\/sports\/la-coupe-dafrique-des-nations-sera-t-elle-privee-de-television#primaryimage","url":"https:\/\/static.africa-press.net\/djibouti\/sites\/52\/2023\/09\/sm_1694343124.313977.jpg","contentUrl":"https:\/\/static.africa-press.net\/djibouti\/sites\/52\/2023\/09\/sm_1694343124.313977.jpg","width":1440,"height":720,"caption":"La Coupe d\u2019Afrique des nations sera-t-elle priv\u00e9e de\u00a0t\u00e9l\u00e9vision ?"},{"@type":"BreadcrumbList","@id":"https:\/\/www.africa-press.net\/djibouti\/sports\/la-coupe-dafrique-des-nations-sera-t-elle-privee-de-television#breadcrumb","itemListElement":[{"@type":"ListItem","position":1,"name":"Accueil","item":"https:\/\/www.africa-press.net\/djibouti\/"},{"@type":"ListItem","position":2,"name":"La Coupe d\u2019Afrique des nations sera-t-elle priv\u00e9e de\u00a0t\u00e9l\u00e9vision ?"}]},{"@type":"WebSite","@id":"https:\/\/www.africa-press.net\/djibouti\/#website","url":"https:\/\/www.africa-press.net\/djibouti\/","name":"Djibouti","description":"Just another Africa News Agency Sites site","potentialAction":[{"@type":"SearchAction","target":{"@type":"EntryPoint","urlTemplate":"https:\/\/www.africa-press.net\/djibouti\/?s={search_term_string}"},"query-input":{"@type":"PropertyValueSpecification","valueRequired":true,"valueName":"search_term_string"}}],"inLanguage":"fr-FR"},{"@type":"Person","@id":"https:\/\/www.africa-press.net\/djibouti\/#\/schema\/person\/2b1cf3cd81a31e3cd26889ca66d677f1","name":"cfeditorfr"}]}},"_links":{"self":[{"href":"https:\/\/www.africa-press.net\/djibouti\/wp-json\/wp\/v2\/posts\/17651","targetHints":{"allow":["GET"]}}],"collection":[{"href":"https:\/\/www.africa-press.net\/djibouti\/wp-json\/wp\/v2\/posts"}],"about":[{"href":"https:\/\/www.africa-press.net\/djibouti\/wp-json\/wp\/v2\/types\/post"}],"author":[{"embeddable":true,"href":"https:\/\/www.africa-press.net\/djibouti\/wp-json\/wp\/v2\/users\/82"}],"replies":[{"embeddable":true,"href":"https:\/\/www.africa-press.net\/djibouti\/wp-json\/wp\/v2\/comments?post=17651"}],"version-history":[{"count":0,"href":"https:\/\/www.africa-press.net\/djibouti\/wp-json\/wp\/v2\/posts\/17651\/revisions"}],"wp:featuredmedia":[{"embeddable":true,"href":"https:\/\/www.africa-press.net\/djibouti\/wp-json\/wp\/v2\/media\/17650"}],"wp:attachment":[{"href":"https:\/\/www.africa-press.net\/djibouti\/wp-json\/wp\/v2\/media?parent=17651"}],"wp:term":[{"taxonomy":"category","embeddable":true,"href":"https:\/\/www.africa-press.net\/djibouti\/wp-json\/wp\/v2\/categories?post=17651"},{"taxonomy":"post_tag","embeddable":true,"href":"https:\/\/www.africa-press.net\/djibouti\/wp-json\/wp\/v2\/tags?post=17651"}],"curies":[{"name":"wp","href":"https:\/\/api.w.org\/{rel}","templated":true}]}}