{"id":17657,"date":"2023-09-10T16:30:33","date_gmt":"2023-09-10T16:30:33","guid":{"rendered":"https:\/\/www.africa-press.net\/djibouti\/politique\/ceremonie-de-signatures-de-conventions-de-financement-entre-ladds-et-les-associations-des-quartiers-layabley-et-moustiquaire"},"modified":"2023-09-10T16:59:25","modified_gmt":"2023-09-10T16:59:25","slug":"ceremonie-de-signatures-de-conventions-de-financement-entre-ladds-et-les-associations-des-quartiers-layabley-et-moustiquaire","status":"publish","type":"post","link":"https:\/\/www.africa-press.net\/djibouti\/photo\/ceremonie-de-signatures-de-conventions-de-financement-entre-ladds-et-les-associations-des-quartiers-layabley-et-moustiquaire","title":{"rendered":"C\u00e9r\u00e9monie de signatures de conventions de financement entre l\u2019ADDS et les associations des quartiers Layabley et Moustiquaire"},"content":{"rendered":"<p><span style=\"color: #ff6600\"><strong>Africa-Press &#8211; Djibouti. <\/strong><\/span>Lance\u0301es il y a deux ans, les activite\u0301s, que me\u0300nent l\u2019Agence Djiboutienne pour le De\u0301veloppement Sociale (ADDS) avec la contribution financie\u0300re de l\u2019Agence Franc\u0327aise de De\u0301veloppement (AFD), dans le cadre du projet PDU2 battent leur plein. Sur ce, les quartiers de Layabley moustiquaires connaissent une transformation significative avec les ame\u0301nagements des nouvelles infrastructures de\u0301cisives quant a\u0300 l\u2019ame\u0301lioration du cadre de vie des re\u0301sidents de ces deux quartiers. De plus, les e\u0301quipes de l\u2019ADDS ont proce\u0301de\u0301 simultane\u0301ment au cours de l\u2019anne\u0301e passe\u0301e, au lancement de la 2e\u0301me appel a\u0300 projet inhe\u0301rent ci fois-ci au volet social qu\u2019englobe ce ledit projet. Lequel a permis de sortir du lot, au terme d\u2019une de\u0301marche rigoureux, 20 projets trie\u0301s sur le volet pour pourvoir l\u2019attribution d\u2019un financement a\u0300 travers le Fonds de De\u0301veloppement Communautaire.<\/p>\n<p>C\u2019est dans cette perspective qu\u2019est intervenue jeudi dernier, la ce\u0301re\u0301monie de signature qui s\u2019est tenue au complexe d\u2019Al-Rahma. Place\u0301e sous les auspices de la ministre des Affaires Sociales et des Solidarite\u0301s Mme Ouloufa Ismael Abdo, cette ce\u0301re\u0301monie e\u0301tait l\u2019occasion pour les 20 associations se\u0301lectionne\u0301es, repre\u0301sente\u0301s par leur responsables respectifs ainsi que l\u2019ADDS repre\u0301sente\u0301 par son directeur ge\u0301ne\u0301ral, d\u2019apposer leur signature sur le document scellant l\u2019attribution du financement a\u0300 ces association et ce dans le but pour re\u0301pondre au mieux au besoin de la population de ces deux quartiers en question.<\/p>\n<p>Outre la ministre des Affaires Sociales et des Solidarite\u0301s, la ce\u0301re\u0301monie s\u2019est de\u0301roule\u0301e en pre\u0301sence des personnalite\u0301s a\u0300 savoir notamment les De\u0301pute\u0301s SouleimanDaher et M.AbdourahmanAwalehYacin, du Pre\u0301sident de la Commune de Balbala, M. Mohamed Hassan Said, du Directeur Ge\u0301ne\u0301ral de l\u2019ADDS, M.Mahdi Mohamed Djama et ses collaborateurs, de la 1e\u0300re conseille\u0300re de l\u2019Ambassade de France, Madame Christelle Chatrian, de la Directrice de l\u2019AFD, Madame He\u0301le\u0300ne VIDON ainsi que les associations be\u0301ne\u0301ficiaires du financement. Au cours de cette ce\u0301re\u0301monie, les officiels qui se sont succe\u0301de\u0301 au micro, ont de manie\u0300re unanime fait e\u0301cho de l\u2019importance de cet e\u0301ve\u0301nement pour les habitants de ces deux quartiers.<\/p>\n<p>S\u2019exprimant en premier, le directeur de De\u0301veloppement Social de l\u2019ADDS, est revenu sur le processus qui a permis de se\u0301lectionner ces 20 projets au titre d\u2019un financement du Fonds de De\u0301veloppement Communautaire. Ce responsable a porte\u0301 a\u0300 la connaissance de tous sur le ro\u0302le pre\u0301ponde\u0301rant de ce fonds qui a e\u0301te\u0301 \u00ab initie\u0301 dans le cadre du Projet de de\u0301veloppement urbain inte\u0301gre\u0301 de Balbala (PDUI), le Fonds de De\u0301veloppement Communautaire (FDC) est un petit fonds consacre\u0301 dans les re\u0301gions pour soutenir les activite\u0301s mene\u0301es par les associations. Le but des activite\u0301s finance\u0301es est d\u2019ame\u0301liorer l\u2019impact et la durabilite\u0301 du programme d\u2019investissement finance\u0301 dans le cadre des quartiers \u00bb a-t-il dit en substance. Et d\u2019ajouter que \u00ab La mission premie\u0300re du FDC est de susciter une dynamique communautaire afin de soutenir les personnes et les communaute\u0301s expose\u0301es a\u0300 la pre\u0301carite\u0301.\u00bb<\/p>\n<p>Il n\u2019 a pas omis de mettre en lumie\u0300re avec les chiffres a\u0300 la cle\u0301, que \u00ab Depuis 2011, l\u2019Agence a soutenu dans le cadre du FDC 228 sous-projets porte\u0301s par des associations avec un investissement total de 414 842 374FDJ. 32% de ces projets ont e\u0301te\u0301 porte\u0301s par des associations fe\u0301minines. Ces projets ont cible\u0301 au total 59.439 be\u0301ne\u0301ficiaires (hommes et femmes) aussi bien dans la capitale que dans les re\u0301gions de l\u2019inte\u0301rieur \u00bb<\/p>\n<p>Dans la me\u0302me veine, Le pre\u0301sident de la commune de Balbala Mohamed Hassan Said s\u2019est joint des propos du directeur de de\u0301veloppement Social de l\u2019ADDS, en mettant en exergue l\u2019utilite\u0301 de ce fonds qui selon est appele\u0301 a\u0300 e\u0302tre pe\u0301renne \u00ab car il associe les populations locales a\u0300 la gestion des investissements des investissements et des activite\u0301s re\u0301alise\u0301s dans leur localite\u0301 \u00bb. En poursuivant son mot, le pre\u0301sident de la commune de Balbala n\u2019a pas omis de rappeler l\u2019importance de ce projet pour les re\u0301sidents de ces quartiers et plus largement pour la commune de Balbala.<\/p>\n<p>Les deux parlementaires issus de la commune de Balbala ont quant a\u0300 eux exhorte\u0301 les be\u0301ne\u0301ficiaires de ce financement a\u0300 la responsabilite\u0301. A travers leurs brefs mots, tre\u0300s de\u0301taille\u0301s sur les diffe\u0301rentes activite\u0301s et chantiers que composent ce projet, on pouvait s\u2019apercevoir combien ces derniers e\u0301taient au fait du de\u0301roulement de ce programme qui entend ope\u0301rer un changement palpable dans ces deux quartiers.<\/p>\n<p>La Directrice de l\u2019AFD a quant a\u0300 elle e\u0301voque\u0301 l\u2019inte\u0301re\u0302t particulier de ce projet qui au-dela\u0300 des infrastructures, posse\u0300de une dimension sociale lui permettant d\u2019assurer sa pe\u0301rennite\u0301.<\/p>\n<p>La 1e\u0300re conseille\u0300re de l\u2019Ambassade de France, Madame Christelle Chatrian s\u2019est re\u0301jouie du changement depuis la 1e\u0300re pose de pierre et a fe\u0301licite\u0301 a\u0300 ce titre l\u2019AFD et l\u2019ADDS pour leur professionnalisme.<\/p>\n<p>En prenant la parole en dernier lieu, la ministre des Affaires Sociales et des Solidarite\u0301s Ouloufa Ismael Abdo, a mis en avant l\u2019importance de l\u2019outil qu\u2019est le Fonds de De\u0301veloppement Communautaire.<\/p>\n<p>Un fonds qui couvre tous les aspects de la vie communautaire, a\u0300 savoir l\u2019acce\u0300s a\u0300 l\u2019eau, l\u2019hygie\u0300ne et l\u2019assainissement, la pre\u0301vention de l\u2019insalubrite\u0301, l\u2019insertion professionnelle et la formation, la promotion de valeurs culturelles. Pre\u0301cisant que le Fonds de De\u0301veloppement Communautaire est avant tout un levier qui caracte\u0301rise la volonte\u0301 et de\u0301note surtout l\u2019engagement du gouvernement quant a\u0300 la promotion d\u2019une nouvelle forme de gouvernance qui ne laisse aucun citoyen dans la pauvrete\u0301. Il s\u2019agit surtout de responsabiliser davantage les citoyens et les acteurs implique\u0301s dans le domaine de la lutte contre la vulne\u0301rabilite\u0301.<\/p>\n<p>Apre\u0300s les allocutions, tour a\u0300 tour, les responsables des associations et le directeur ge\u0301ne\u0301ral de l\u2019ADDS ont paraphe\u0301 le document qui consent a\u0300 l\u2019attribution d\u2019un financement a\u0300 ces derniers et ce dans le cadre du PREPUID 2bis.<\/p>\n\r\n                <style type=\"text\/css\">\r\n                    \r\n                    #td_uid_1_69f03fbe68deb  .td-doubleSlider-2 .td-item1 {\r\n                        background: url(https:\/\/static.africa-press.net\/djibouti\/sites\/52\/2023\/09\/sm_1694352410.046516-80x60.jpg) 0 0 no-repeat;\r\n                    }\r\n                    #td_uid_1_69f03fbe68deb  .td-doubleSlider-2 .td-item2 {\r\n                        background: url(https:\/\/static.africa-press.net\/djibouti\/sites\/52\/2023\/09\/sm_1694352418.99686-80x60.jpg) 0 0 no-repeat;\r\n                    }\r\n                    #td_uid_1_69f03fbe68deb  .td-doubleSlider-2 .td-item3 {\r\n                        background: url(https:\/\/static.africa-press.net\/djibouti\/sites\/52\/2023\/09\/sm_1694352429.548698-80x60.jpg) 0 0 no-repeat;\r\n                    }\r\n                <\/style>\r\n\r\n                <div id=\"td_uid_1_69f03fbe68deb\" class=\"td-gallery td-slide-on-2-columns\">\r\n                    <div class=\"post_td_gallery\">\r\n                        <div class=\"td-gallery-slide-top\">\r\n                           <div class=\"td-gallery-title\"><\/div>\r\n\r\n                            <div class=\"td-gallery-controls-wrapper\">\r\n                                <div class=\"td-gallery-slide-count\"><span class=\"td-gallery-slide-item-focus\">1<\/span> de 3<\/div>\r\n                                <div class=\"td-gallery-slide-prev-next-but\">\r\n                                    <i class = \"td-icon-left doubleSliderPrevButton\"><\/i>\r\n                                    <i class = \"td-icon-right doubleSliderNextButton\"><\/i>\r\n                                <\/div>\r\n                            <\/div>\r\n                        <\/div>\r\n\r\n                        <div class = \"td-doubleSlider-1 \">\r\n                            <div class = \"td-slider\">\r\n                                \r\n                    <div class = \"td-slide-item td-item1\">\r\n                        <figure class=\"td-slide-galery-figure td-slide-popup-gallery\">\r\n                            <a class=\"slide-gallery-image-link\" href=\"https:\/\/static.africa-press.net\/djibouti\/sites\/52\/2023\/09\/sm_1694352410.046516.jpg\" title=\"sm_1694352410.046516\"  data-caption=\"\"  data-description=\"\">\r\n                                <img decoding=\"async\" src=\"https:\/\/static.africa-press.net\/djibouti\/sites\/52\/2023\/09\/sm_1694352410.046516.jpg\" srcset=\"https:\/\/static.africa-press.net\/djibouti\/sites\/52\/2023\/09\/sm_1694352410.046516.jpg 1024w, https:\/\/static.africa-press.net\/djibouti\/sites\/52\/2023\/09\/sm_1694352410.046516-300x200.jpg 300w, https:\/\/static.africa-press.net\/djibouti\/sites\/52\/2023\/09\/sm_1694352410.046516-768x512.jpg 768w\" sizes=\"(max-width: 1024px) 100vw, 1024px\" alt=\"\">\r\n                            <\/a>\r\n                            \r\n                        <\/figure>\r\n                    <\/div>\r\n                    <div class = \"td-slide-item td-item2\">\r\n                        <figure class=\"td-slide-galery-figure td-slide-popup-gallery\">\r\n                            <a class=\"slide-gallery-image-link\" href=\"https:\/\/static.africa-press.net\/djibouti\/sites\/52\/2023\/09\/sm_1694352418.99686.jpg\" title=\"sm_1694352418.99686\"  data-caption=\"\"  data-description=\"\">\r\n                                <img decoding=\"async\" src=\"https:\/\/static.africa-press.net\/djibouti\/sites\/52\/2023\/09\/sm_1694352418.99686.jpg\" srcset=\"https:\/\/static.africa-press.net\/djibouti\/sites\/52\/2023\/09\/sm_1694352418.99686.jpg 1024w, https:\/\/static.africa-press.net\/djibouti\/sites\/52\/2023\/09\/sm_1694352418.99686-300x200.jpg 300w, https:\/\/static.africa-press.net\/djibouti\/sites\/52\/2023\/09\/sm_1694352418.99686-768x512.jpg 768w\" sizes=\"(max-width: 1024px) 100vw, 1024px\" alt=\"\">\r\n                            <\/a>\r\n                            \r\n                        <\/figure>\r\n                    <\/div>\r\n                    <div class = \"td-slide-item td-item3\">\r\n                        <figure class=\"td-slide-galery-figure td-slide-popup-gallery\">\r\n                            <a class=\"slide-gallery-image-link\" href=\"https:\/\/static.africa-press.net\/djibouti\/sites\/52\/2023\/09\/sm_1694352429.548698.jpg\" title=\"sm_1694352429.548698\"  data-caption=\"\"  data-description=\"\">\r\n                                <img decoding=\"async\" src=\"https:\/\/static.africa-press.net\/djibouti\/sites\/52\/2023\/09\/sm_1694352429.548698.jpg\" srcset=\"https:\/\/static.africa-press.net\/djibouti\/sites\/52\/2023\/09\/sm_1694352429.548698.jpg 1024w, https:\/\/static.africa-press.net\/djibouti\/sites\/52\/2023\/09\/sm_1694352429.548698-300x200.jpg 300w, https:\/\/static.africa-press.net\/djibouti\/sites\/52\/2023\/09\/sm_1694352429.548698-768x512.jpg 768w\" sizes=\"(max-width: 1024px) 100vw, 1024px\" alt=\"\">\r\n                            <\/a>\r\n                            \r\n                        <\/figure>\r\n                    <\/div>\r\n                            <\/div>\r\n                        <\/div>\r\n\r\n                        <div class = \"td-doubleSlider-2\">\r\n                            <div class = \"td-slider\">\r\n                                \r\n                    <div class = \"td-button td-item1\">\r\n                        <div class = \"td-border\"><\/div>\r\n                    <\/div>\r\n                    <div class = \"td-button td-item2\">\r\n                        <div class = \"td-border\"><\/div>\r\n                    <\/div>\r\n                    <div class = \"td-button td-item3\">\r\n                        <div class = \"td-border\"><\/div>\r\n                    <\/div>\r\n                            <\/div>\r\n                        <\/div>\r\n\r\n                    <\/div>\r\n\r\n                <\/div>\r\n                \n<p><strong>Pour plus d&rsquo;informations et d&rsquo;analyses sur la <a href=\"https:\/\/www.africa-press.net\/djibouti\">Djibouti<\/a>, suivez <a href=\"https:\/\/www.africa-press.net\/\">Africa-Press<\/a><\/strong><\/p>\n","protected":false},"excerpt":{"rendered":"<p>Africa-Press &#8211; Djibouti. Lance\u0301es il y a deux ans, les activite\u0301s, que me\u0300nent l\u2019Agence Djiboutienne pour le De\u0301veloppement Sociale (ADDS) avec la contribution financie\u0300re de l\u2019Agence Franc\u0327aise de De\u0301veloppement (AFD), dans le cadre du projet PDU2 battent leur plein. Sur ce, les quartiers de Layabley moustiquaires connaissent une transformation significative avec les ame\u0301nagements des nouvelles [&hellip;]<\/p>\n","protected":false},"author":82,"featured_media":17656,"comment_status":"open","ping_status":"closed","sticky":false,"template":"","format":"standard","meta":{"footnotes":""},"categories":[21,8,10],"tags":[36,49,50],"class_list":["post-17657","post","type-post","status-publish","format-standard","has-post-thumbnail","hentry","category-communaute","category-photo","category-toutes-les-actualites","tag-africa-press","tag-africa-press-djibouti","tag-djibouti"],"yoast_head":"<!-- This site is optimized with the Yoast SEO Premium plugin v26.1 (Yoast SEO v27.0) - https:\/\/yoast.com\/product\/yoast-seo-premium-wordpress\/ -->\n<title>C\u00e9r\u00e9monie de signatures de conventions de financement entre l\u2019ADDS et les associations des quartiers Layabley et Moustiquaire - Djibouti<\/title>\n<meta name=\"description\" content=\"Lance\u0301es il y a deux ans, les activite\u0301s, que me\u0300nent l\u2019Agence Djiboutienne pour le De\u0301veloppement Sociale (ADDS) avec l ...\" \/>\n<meta name=\"robots\" content=\"index, follow, max-snippet:-1, max-image-preview:large, max-video-preview:-1\" \/>\n<link rel=\"canonical\" href=\"https:\/\/www.africa-press.net\/djibouti\/photo\/ceremonie-de-signatures-de-conventions-de-financement-entre-ladds-et-les-associations-des-quartiers-layabley-et-moustiquaire\" \/>\n<meta property=\"og:locale\" content=\"fr_FR\" \/>\n<meta property=\"og:type\" content=\"article\" \/>\n<meta property=\"og:title\" content=\"C\u00e9r\u00e9monie de signatures de conventions de financement entre l\u2019ADDS et les associations des quartiers Layabley et Moustiquaire\" \/>\n<meta property=\"og:description\" content=\"Lance\u0301es il y a deux ans, les activite\u0301s, que me\u0300nent l\u2019Agence Djiboutienne pour le De\u0301veloppement Sociale (ADDS) avec l ...\" \/>\n<meta property=\"og:url\" content=\"https:\/\/www.africa-press.net\/djibouti\/photo\/ceremonie-de-signatures-de-conventions-de-financement-entre-ladds-et-les-associations-des-quartiers-layabley-et-moustiquaire\" \/>\n<meta property=\"og:site_name\" content=\"Djibouti\" \/>\n<meta property=\"article:published_time\" content=\"2023-09-10T16:30:33+00:00\" \/>\n<meta property=\"article:modified_time\" content=\"2023-09-10T16:59:25+00:00\" \/>\n<meta property=\"og:image\" content=\"https:\/\/static.africa-press.net\/djibouti\/sites\/52\/2023\/09\/sm_1694352443.193905.jpg\" \/>\n\t<meta property=\"og:image:width\" content=\"768\" \/>\n\t<meta property=\"og:image:height\" content=\"512\" \/>\n\t<meta property=\"og:image:type\" content=\"image\/jpeg\" \/>\n<meta name=\"author\" content=\"cfeditorfr\" \/>\n<meta name=\"twitter:card\" content=\"summary_large_image\" \/>\n<meta name=\"twitter:label1\" content=\"\u00c9crit par\" \/>\n\t<meta name=\"twitter:data1\" content=\"cfeditorfr\" \/>\n\t<meta name=\"twitter:label2\" content=\"Dur\u00e9e de lecture estim\u00e9e\" \/>\n\t<meta name=\"twitter:data2\" content=\"5 minutes\" \/>\n<script type=\"application\/ld+json\" class=\"yoast-schema-graph\">{\"@context\":\"https:\/\/schema.org\",\"@graph\":[{\"@type\":\"Article\",\"@id\":\"https:\/\/www.africa-press.net\/djibouti\/photo\/ceremonie-de-signatures-de-conventions-de-financement-entre-ladds-et-les-associations-des-quartiers-layabley-et-moustiquaire#article\",\"isPartOf\":{\"@id\":\"https:\/\/www.africa-press.net\/djibouti\/photo\/ceremonie-de-signatures-de-conventions-de-financement-entre-ladds-et-les-associations-des-quartiers-layabley-et-moustiquaire\"},\"author\":{\"name\":\"cfeditorfr\",\"@id\":\"https:\/\/www.africa-press.net\/djibouti\/#\/schema\/person\/2b1cf3cd81a31e3cd26889ca66d677f1\"},\"headline\":\"C\u00e9r\u00e9monie de signatures de conventions de financement entre l\u2019ADDS et les associations des quartiers Layabley et Moustiquaire\",\"datePublished\":\"2023-09-10T16:30:33+00:00\",\"dateModified\":\"2023-09-10T16:59:25+00:00\",\"mainEntityOfPage\":{\"@id\":\"https:\/\/www.africa-press.net\/djibouti\/photo\/ceremonie-de-signatures-de-conventions-de-financement-entre-ladds-et-les-associations-des-quartiers-layabley-et-moustiquaire\"},\"wordCount\":1140,\"commentCount\":0,\"image\":{\"@id\":\"https:\/\/www.africa-press.net\/djibouti\/photo\/ceremonie-de-signatures-de-conventions-de-financement-entre-ladds-et-les-associations-des-quartiers-layabley-et-moustiquaire#primaryimage\"},\"thumbnailUrl\":\"https:\/\/static.africa-press.net\/djibouti\/sites\/52\/2023\/09\/sm_1694352443.193905.jpg\",\"keywords\":[\"Africa Press\",\"Africa Press-Djibouti\",\"Djibouti\"],\"articleSection\":[\"Communaut\u00e9\",\"Photo\",\"Toutes les actualit\u00e9s\"],\"inLanguage\":\"fr-FR\",\"potentialAction\":[{\"@type\":\"CommentAction\",\"name\":\"Comment\",\"target\":[\"https:\/\/www.africa-press.net\/djibouti\/photo\/ceremonie-de-signatures-de-conventions-de-financement-entre-ladds-et-les-associations-des-quartiers-layabley-et-moustiquaire#respond\"]}]},{\"@type\":\"WebPage\",\"@id\":\"https:\/\/www.africa-press.net\/djibouti\/photo\/ceremonie-de-signatures-de-conventions-de-financement-entre-ladds-et-les-associations-des-quartiers-layabley-et-moustiquaire\",\"url\":\"https:\/\/www.africa-press.net\/djibouti\/photo\/ceremonie-de-signatures-de-conventions-de-financement-entre-ladds-et-les-associations-des-quartiers-layabley-et-moustiquaire\",\"name\":\"C\u00e9r\u00e9monie de signatures de conventions de financement entre l\u2019ADDS et les associations des quartiers Layabley et Moustiquaire - Djibouti\",\"isPartOf\":{\"@id\":\"https:\/\/www.africa-press.net\/djibouti\/#website\"},\"primaryImageOfPage\":{\"@id\":\"https:\/\/www.africa-press.net\/djibouti\/photo\/ceremonie-de-signatures-de-conventions-de-financement-entre-ladds-et-les-associations-des-quartiers-layabley-et-moustiquaire#primaryimage\"},\"image\":{\"@id\":\"https:\/\/www.africa-press.net\/djibouti\/photo\/ceremonie-de-signatures-de-conventions-de-financement-entre-ladds-et-les-associations-des-quartiers-layabley-et-moustiquaire#primaryimage\"},\"thumbnailUrl\":\"https:\/\/static.africa-press.net\/djibouti\/sites\/52\/2023\/09\/sm_1694352443.193905.jpg\",\"datePublished\":\"2023-09-10T16:30:33+00:00\",\"dateModified\":\"2023-09-10T16:59:25+00:00\",\"author\":{\"@id\":\"https:\/\/www.africa-press.net\/djibouti\/#\/schema\/person\/2b1cf3cd81a31e3cd26889ca66d677f1\"},\"description\":\"Lance\u0301es il y a deux ans, les activite\u0301s, que me\u0300nent l\u2019Agence Djiboutienne pour le De\u0301veloppement Sociale (ADDS) avec l ...\",\"breadcrumb\":{\"@id\":\"https:\/\/www.africa-press.net\/djibouti\/photo\/ceremonie-de-signatures-de-conventions-de-financement-entre-ladds-et-les-associations-des-quartiers-layabley-et-moustiquaire#breadcrumb\"},\"inLanguage\":\"fr-FR\",\"potentialAction\":[{\"@type\":\"ReadAction\",\"target\":[\"https:\/\/www.africa-press.net\/djibouti\/photo\/ceremonie-de-signatures-de-conventions-de-financement-entre-ladds-et-les-associations-des-quartiers-layabley-et-moustiquaire\"]}]},{\"@type\":\"ImageObject\",\"inLanguage\":\"fr-FR\",\"@id\":\"https:\/\/www.africa-press.net\/djibouti\/photo\/ceremonie-de-signatures-de-conventions-de-financement-entre-ladds-et-les-associations-des-quartiers-layabley-et-moustiquaire#primaryimage\",\"url\":\"https:\/\/static.africa-press.net\/djibouti\/sites\/52\/2023\/09\/sm_1694352443.193905.jpg\",\"contentUrl\":\"https:\/\/static.africa-press.net\/djibouti\/sites\/52\/2023\/09\/sm_1694352443.193905.jpg\",\"width\":768,\"height\":512,\"caption\":\"C\u00e9r\u00e9monie de signatures de conventions de financement entre l\u2019ADDS et les associations des quartiers Layabley et Moustiquaire\"},{\"@type\":\"BreadcrumbList\",\"@id\":\"https:\/\/www.africa-press.net\/djibouti\/photo\/ceremonie-de-signatures-de-conventions-de-financement-entre-ladds-et-les-associations-des-quartiers-layabley-et-moustiquaire#breadcrumb\",\"itemListElement\":[{\"@type\":\"ListItem\",\"position\":1,\"name\":\"Accueil\",\"item\":\"https:\/\/www.africa-press.net\/djibouti\/\"},{\"@type\":\"ListItem\",\"position\":2,\"name\":\"C\u00e9r\u00e9monie de signatures de conventions de financement entre l\u2019ADDS et les associations des quartiers Layabley et Moustiquaire\"}]},{\"@type\":\"WebSite\",\"@id\":\"https:\/\/www.africa-press.net\/djibouti\/#website\",\"url\":\"https:\/\/www.africa-press.net\/djibouti\/\",\"name\":\"Djibouti\",\"description\":\"Just another Africa News Agency Sites site\",\"potentialAction\":[{\"@type\":\"SearchAction\",\"target\":{\"@type\":\"EntryPoint\",\"urlTemplate\":\"https:\/\/www.africa-press.net\/djibouti\/?s={search_term_string}\"},\"query-input\":{\"@type\":\"PropertyValueSpecification\",\"valueRequired\":true,\"valueName\":\"search_term_string\"}}],\"inLanguage\":\"fr-FR\"},{\"@type\":\"Person\",\"@id\":\"https:\/\/www.africa-press.net\/djibouti\/#\/schema\/person\/2b1cf3cd81a31e3cd26889ca66d677f1\",\"name\":\"cfeditorfr\"}]}<\/script>\n<!-- \/ Yoast SEO Premium plugin. -->","yoast_head_json":{"title":"C\u00e9r\u00e9monie de signatures de conventions de financement entre l\u2019ADDS et les associations des quartiers Layabley et Moustiquaire - Djibouti","description":"Lance\u0301es il y a deux ans, les activite\u0301s, que me\u0300nent l\u2019Agence Djiboutienne pour le De\u0301veloppement Sociale (ADDS) avec l ...","robots":{"index":"index","follow":"follow","max-snippet":"max-snippet:-1","max-image-preview":"max-image-preview:large","max-video-preview":"max-video-preview:-1"},"canonical":"https:\/\/www.africa-press.net\/djibouti\/photo\/ceremonie-de-signatures-de-conventions-de-financement-entre-ladds-et-les-associations-des-quartiers-layabley-et-moustiquaire","og_locale":"fr_FR","og_type":"article","og_title":"C\u00e9r\u00e9monie de signatures de conventions de financement entre l\u2019ADDS et les associations des quartiers Layabley et Moustiquaire","og_description":"Lance\u0301es il y a deux ans, les activite\u0301s, que me\u0300nent l\u2019Agence Djiboutienne pour le De\u0301veloppement Sociale (ADDS) avec l ...","og_url":"https:\/\/www.africa-press.net\/djibouti\/photo\/ceremonie-de-signatures-de-conventions-de-financement-entre-ladds-et-les-associations-des-quartiers-layabley-et-moustiquaire","og_site_name":"Djibouti","article_published_time":"2023-09-10T16:30:33+00:00","article_modified_time":"2023-09-10T16:59:25+00:00","og_image":[{"width":768,"height":512,"url":"https:\/\/static.africa-press.net\/djibouti\/sites\/52\/2023\/09\/sm_1694352443.193905.jpg","type":"image\/jpeg"}],"author":"cfeditorfr","twitter_card":"summary_large_image","twitter_misc":{"\u00c9crit par":"cfeditorfr","Dur\u00e9e de lecture estim\u00e9e":"5 minutes"},"schema":{"@context":"https:\/\/schema.org","@graph":[{"@type":"Article","@id":"https:\/\/www.africa-press.net\/djibouti\/photo\/ceremonie-de-signatures-de-conventions-de-financement-entre-ladds-et-les-associations-des-quartiers-layabley-et-moustiquaire#article","isPartOf":{"@id":"https:\/\/www.africa-press.net\/djibouti\/photo\/ceremonie-de-signatures-de-conventions-de-financement-entre-ladds-et-les-associations-des-quartiers-layabley-et-moustiquaire"},"author":{"name":"cfeditorfr","@id":"https:\/\/www.africa-press.net\/djibouti\/#\/schema\/person\/2b1cf3cd81a31e3cd26889ca66d677f1"},"headline":"C\u00e9r\u00e9monie de signatures de conventions de financement entre l\u2019ADDS et les associations des quartiers Layabley et Moustiquaire","datePublished":"2023-09-10T16:30:33+00:00","dateModified":"2023-09-10T16:59:25+00:00","mainEntityOfPage":{"@id":"https:\/\/www.africa-press.net\/djibouti\/photo\/ceremonie-de-signatures-de-conventions-de-financement-entre-ladds-et-les-associations-des-quartiers-layabley-et-moustiquaire"},"wordCount":1140,"commentCount":0,"image":{"@id":"https:\/\/www.africa-press.net\/djibouti\/photo\/ceremonie-de-signatures-de-conventions-de-financement-entre-ladds-et-les-associations-des-quartiers-layabley-et-moustiquaire#primaryimage"},"thumbnailUrl":"https:\/\/static.africa-press.net\/djibouti\/sites\/52\/2023\/09\/sm_1694352443.193905.jpg","keywords":["Africa Press","Africa Press-Djibouti","Djibouti"],"articleSection":["Communaut\u00e9","Photo","Toutes les actualit\u00e9s"],"inLanguage":"fr-FR","potentialAction":[{"@type":"CommentAction","name":"Comment","target":["https:\/\/www.africa-press.net\/djibouti\/photo\/ceremonie-de-signatures-de-conventions-de-financement-entre-ladds-et-les-associations-des-quartiers-layabley-et-moustiquaire#respond"]}]},{"@type":"WebPage","@id":"https:\/\/www.africa-press.net\/djibouti\/photo\/ceremonie-de-signatures-de-conventions-de-financement-entre-ladds-et-les-associations-des-quartiers-layabley-et-moustiquaire","url":"https:\/\/www.africa-press.net\/djibouti\/photo\/ceremonie-de-signatures-de-conventions-de-financement-entre-ladds-et-les-associations-des-quartiers-layabley-et-moustiquaire","name":"C\u00e9r\u00e9monie de signatures de conventions de financement entre l\u2019ADDS et les associations des quartiers Layabley et Moustiquaire - Djibouti","isPartOf":{"@id":"https:\/\/www.africa-press.net\/djibouti\/#website"},"primaryImageOfPage":{"@id":"https:\/\/www.africa-press.net\/djibouti\/photo\/ceremonie-de-signatures-de-conventions-de-financement-entre-ladds-et-les-associations-des-quartiers-layabley-et-moustiquaire#primaryimage"},"image":{"@id":"https:\/\/www.africa-press.net\/djibouti\/photo\/ceremonie-de-signatures-de-conventions-de-financement-entre-ladds-et-les-associations-des-quartiers-layabley-et-moustiquaire#primaryimage"},"thumbnailUrl":"https:\/\/static.africa-press.net\/djibouti\/sites\/52\/2023\/09\/sm_1694352443.193905.jpg","datePublished":"2023-09-10T16:30:33+00:00","dateModified":"2023-09-10T16:59:25+00:00","author":{"@id":"https:\/\/www.africa-press.net\/djibouti\/#\/schema\/person\/2b1cf3cd81a31e3cd26889ca66d677f1"},"description":"Lance\u0301es il y a deux ans, les activite\u0301s, que me\u0300nent l\u2019Agence Djiboutienne pour le De\u0301veloppement Sociale (ADDS) avec l ...","breadcrumb":{"@id":"https:\/\/www.africa-press.net\/djibouti\/photo\/ceremonie-de-signatures-de-conventions-de-financement-entre-ladds-et-les-associations-des-quartiers-layabley-et-moustiquaire#breadcrumb"},"inLanguage":"fr-FR","potentialAction":[{"@type":"ReadAction","target":["https:\/\/www.africa-press.net\/djibouti\/photo\/ceremonie-de-signatures-de-conventions-de-financement-entre-ladds-et-les-associations-des-quartiers-layabley-et-moustiquaire"]}]},{"@type":"ImageObject","inLanguage":"fr-FR","@id":"https:\/\/www.africa-press.net\/djibouti\/photo\/ceremonie-de-signatures-de-conventions-de-financement-entre-ladds-et-les-associations-des-quartiers-layabley-et-moustiquaire#primaryimage","url":"https:\/\/static.africa-press.net\/djibouti\/sites\/52\/2023\/09\/sm_1694352443.193905.jpg","contentUrl":"https:\/\/static.africa-press.net\/djibouti\/sites\/52\/2023\/09\/sm_1694352443.193905.jpg","width":768,"height":512,"caption":"C\u00e9r\u00e9monie de signatures de conventions de financement entre l\u2019ADDS et les associations des quartiers Layabley et Moustiquaire"},{"@type":"BreadcrumbList","@id":"https:\/\/www.africa-press.net\/djibouti\/photo\/ceremonie-de-signatures-de-conventions-de-financement-entre-ladds-et-les-associations-des-quartiers-layabley-et-moustiquaire#breadcrumb","itemListElement":[{"@type":"ListItem","position":1,"name":"Accueil","item":"https:\/\/www.africa-press.net\/djibouti\/"},{"@type":"ListItem","position":2,"name":"C\u00e9r\u00e9monie de signatures de conventions de financement entre l\u2019ADDS et les associations des quartiers Layabley et Moustiquaire"}]},{"@type":"WebSite","@id":"https:\/\/www.africa-press.net\/djibouti\/#website","url":"https:\/\/www.africa-press.net\/djibouti\/","name":"Djibouti","description":"Just another Africa News Agency Sites site","potentialAction":[{"@type":"SearchAction","target":{"@type":"EntryPoint","urlTemplate":"https:\/\/www.africa-press.net\/djibouti\/?s={search_term_string}"},"query-input":{"@type":"PropertyValueSpecification","valueRequired":true,"valueName":"search_term_string"}}],"inLanguage":"fr-FR"},{"@type":"Person","@id":"https:\/\/www.africa-press.net\/djibouti\/#\/schema\/person\/2b1cf3cd81a31e3cd26889ca66d677f1","name":"cfeditorfr"}]}},"_links":{"self":[{"href":"https:\/\/www.africa-press.net\/djibouti\/wp-json\/wp\/v2\/posts\/17657","targetHints":{"allow":["GET"]}}],"collection":[{"href":"https:\/\/www.africa-press.net\/djibouti\/wp-json\/wp\/v2\/posts"}],"about":[{"href":"https:\/\/www.africa-press.net\/djibouti\/wp-json\/wp\/v2\/types\/post"}],"author":[{"embeddable":true,"href":"https:\/\/www.africa-press.net\/djibouti\/wp-json\/wp\/v2\/users\/82"}],"replies":[{"embeddable":true,"href":"https:\/\/www.africa-press.net\/djibouti\/wp-json\/wp\/v2\/comments?post=17657"}],"version-history":[{"count":0,"href":"https:\/\/www.africa-press.net\/djibouti\/wp-json\/wp\/v2\/posts\/17657\/revisions"}],"wp:featuredmedia":[{"embeddable":true,"href":"https:\/\/www.africa-press.net\/djibouti\/wp-json\/wp\/v2\/media\/17656"}],"wp:attachment":[{"href":"https:\/\/www.africa-press.net\/djibouti\/wp-json\/wp\/v2\/media?parent=17657"}],"wp:term":[{"taxonomy":"category","embeddable":true,"href":"https:\/\/www.africa-press.net\/djibouti\/wp-json\/wp\/v2\/categories?post=17657"},{"taxonomy":"post_tag","embeddable":true,"href":"https:\/\/www.africa-press.net\/djibouti\/wp-json\/wp\/v2\/tags?post=17657"}],"curies":[{"name":"wp","href":"https:\/\/api.w.org\/{rel}","templated":true}]}}