{"id":17661,"date":"2023-09-10T16:33:18","date_gmt":"2023-09-10T16:33:18","guid":{"rendered":"https:\/\/www.africa-press.net\/djibouti\/politique\/fad-accueil-de-la-deuxieme-et-derniere-rotation-de-la-compagnie-commando-parachutiste"},"modified":"2023-09-10T17:00:34","modified_gmt":"2023-09-10T17:00:34","slug":"fad-accueil-de-la-deuxieme-et-derniere-rotation-de-la-compagnie-commando-parachutiste","status":"publish","type":"post","link":"https:\/\/www.africa-press.net\/djibouti\/politique\/fad-accueil-de-la-deuxieme-et-derniere-rotation-de-la-compagnie-commando-parachutiste","title":{"rendered":"FAD : accueil de la deuxi\u00e8me et derni\u00e8re rotation de la compagnie commando parachutiste"},"content":{"rendered":"<p><span style=\"color: #ff6600\"><strong>Africa-Press &#8211; Djibouti. <\/strong><\/span>Dans la journe\u0301e du 6 septembre 2023, le Chef d\u2019Etat-major Ge\u0301ne\u0301ral des Arme\u0301es, le Ge\u0301ne\u0301ral de Corps d\u2019Arme\u0301e Zakaria Cheik Ibrahim, accompagne\u0301 d\u2019une importante de\u0301le\u0301gation d\u2019officiers de l\u2019Arme\u0301e Djiboutienne, s\u2019est rendu a\u0300 l\u2019ae\u0301roport international de Djibouti pour accueillir la deuxie\u0300me et dernie\u0300re rotation de la compagnie commando parachutiste.<\/p>\n<p>Ancre\u0301e dans une dynamique de modernisation et de renouveau, cette initiative s\u2019inscrit dans le cadre de la nouvelle doctrine du CEMGA, visionnaire et avant-gardiste, impulse\u0301e par le Chef Supre\u0302me des Arme\u0301es, Ismai\u0308l Omar Guelleh, Pre\u0301sident de la Re\u0301publique. Elle refle\u0300te son engagement sans faille a\u0300 hisser l\u2019Arme\u0301e Djiboutienne au sommet, faisant d\u2019elle une force redoutable, re\u0301siliente et adapte\u0301e aux de\u0301fis contemporains.<\/p>\n<p>Rappelons que cette unite\u0301 d\u2019e\u0301lite a pu be\u0301ne\u0301ficier d\u2019une formation de haut niveau au Royaume du Maroc, ou\u0300 elle a suivi un programme scinde\u0301 en deux phases ; une phase commando et une phase pratique spe\u0301cialement conc\u0327ue pour des sauts parachutistes.<\/p>\n<p>Gra\u0302ce a\u0300 cette formation, ces soldats d\u2019exception ont acquis les compe\u0301tences indispensables pour mener a\u0300 bien des ope\u0301rations spe\u0301ciales au service de l\u2019Arme\u0301e Djiboutienne.<\/p>\n<p>Apre\u0300s cet accueil chaleureux, les membres de cette unite\u0301 ont e\u0301te\u0301 transfe\u0301re\u0301s a\u0300 l\u2019acade\u0301mie de la police IDIRIS FARAH ABANEH.<\/p>\n<p><img loading=\"lazy\" decoding=\"async\" src=\"bin\/Users\/MiladFR\/postMediaimg_6_5.jpg\" width=\"480\" height=\"320\" \/><\/p>\n\r\n                <style type=\"text\/css\">\r\n                    \r\n                    #td_uid_1_69f03b29ce6c0  .td-doubleSlider-2 .td-item1 {\r\n                        background: url(https:\/\/static.africa-press.net\/djibouti\/sites\/52\/2023\/09\/sm_1694352457.690038-80x60.jpg) 0 0 no-repeat;\r\n                    }\r\n                <\/style>\r\n\r\n                <div id=\"td_uid_1_69f03b29ce6c0\" class=\"td-gallery td-slide-on-2-columns\">\r\n                    <div class=\"post_td_gallery\">\r\n                        <div class=\"td-gallery-slide-top\">\r\n                           <div class=\"td-gallery-title\"><\/div>\r\n\r\n                            <div class=\"td-gallery-controls-wrapper\">\r\n                                <div class=\"td-gallery-slide-count\"><span class=\"td-gallery-slide-item-focus\">1<\/span> de 1<\/div>\r\n                                <div class=\"td-gallery-slide-prev-next-but\">\r\n                                    <i class = \"td-icon-left doubleSliderPrevButton\"><\/i>\r\n                                    <i class = \"td-icon-right doubleSliderNextButton\"><\/i>\r\n                                <\/div>\r\n                            <\/div>\r\n                        <\/div>\r\n\r\n                        <div class = \"td-doubleSlider-1 \">\r\n                            <div class = \"td-slider\">\r\n                                \r\n                    <div class = \"td-slide-item td-item1\">\r\n                        <figure class=\"td-slide-galery-figure td-slide-popup-gallery\">\r\n                            <a class=\"slide-gallery-image-link\" href=\"https:\/\/static.africa-press.net\/djibouti\/sites\/52\/2023\/09\/sm_1694352457.690038.jpg\" title=\"sm_1694352457.690038\"  data-caption=\"\"  data-description=\"\">\r\n                                <img decoding=\"async\" src=\"https:\/\/static.africa-press.net\/djibouti\/sites\/52\/2023\/09\/sm_1694352457.690038.jpg\" srcset=\"https:\/\/static.africa-press.net\/djibouti\/sites\/52\/2023\/09\/sm_1694352457.690038.jpg 1024w, https:\/\/static.africa-press.net\/djibouti\/sites\/52\/2023\/09\/sm_1694352457.690038-300x200.jpg 300w, https:\/\/static.africa-press.net\/djibouti\/sites\/52\/2023\/09\/sm_1694352457.690038-768x512.jpg 768w\" sizes=\"(max-width: 1024px) 100vw, 1024px\" alt=\"\">\r\n                            <\/a>\r\n                            \r\n                        <\/figure>\r\n                    <\/div>\r\n                            <\/div>\r\n                        <\/div>\r\n\r\n                        <div class = \"td-doubleSlider-2\">\r\n                            <div class = \"td-slider\">\r\n                                \r\n                    <div class = \"td-button td-item1\">\r\n                        <div class = \"td-border\"><\/div>\r\n                    <\/div>\r\n                            <\/div>\r\n                        <\/div>\r\n\r\n                    <\/div>\r\n\r\n                <\/div>\r\n                \n<p><strong>Pour plus d&rsquo;informations et d&rsquo;analyses sur la <a href=\"https:\/\/www.africa-press.net\/djibouti\">Djibouti<\/a>, suivez <a href=\"https:\/\/www.africa-press.net\/\">Africa-Press<\/a><\/strong><\/p>\n","protected":false},"excerpt":{"rendered":"<p>Africa-Press &#8211; Djibouti. Dans la journe\u0301e du 6 septembre 2023, le Chef d\u2019Etat-major Ge\u0301ne\u0301ral des Arme\u0301es, le Ge\u0301ne\u0301ral de Corps d\u2019Arme\u0301e Zakaria Cheik Ibrahim, accompagne\u0301 d\u2019une importante de\u0301le\u0301gation d\u2019officiers de l\u2019Arme\u0301e Djiboutienne, s\u2019est rendu a\u0300 l\u2019ae\u0301roport international de Djibouti pour accueillir la deuxie\u0300me et dernie\u0300re rotation de la compagnie commando parachutiste. Ancre\u0301e dans une dynamique [&hellip;]<\/p>\n","protected":false},"author":82,"featured_media":17660,"comment_status":"open","ping_status":"closed","sticky":false,"template":"","format":"standard","meta":{"footnotes":""},"categories":[8,2,10],"tags":[36,49,50],"class_list":["post-17661","post","type-post","status-publish","format-standard","has-post-thumbnail","hentry","category-photo","category-politique","category-toutes-les-actualites","tag-africa-press","tag-africa-press-djibouti","tag-djibouti"],"yoast_head":"<!-- This site is optimized with the Yoast SEO Premium plugin v26.1 (Yoast SEO v27.0) - https:\/\/yoast.com\/product\/yoast-seo-premium-wordpress\/ -->\n<title>FAD : accueil de la deuxi\u00e8me et derni\u00e8re rotation de la compagnie commando parachutiste - Djibouti<\/title>\n<meta name=\"description\" content=\"Dans la journe\u0301e du 6 septembre 2023, le Chef d\u2019Etat-major Ge\u0301ne\u0301ral des Arme\u0301es, le Ge\u0301ne\u0301ral de Corps d\u2019Arme\u0301e Zakaria ...\" \/>\n<meta name=\"robots\" content=\"index, follow, max-snippet:-1, max-image-preview:large, max-video-preview:-1\" \/>\n<link rel=\"canonical\" href=\"https:\/\/www.africa-press.net\/djibouti\/politique\/fad-accueil-de-la-deuxieme-et-derniere-rotation-de-la-compagnie-commando-parachutiste\" \/>\n<meta property=\"og:locale\" content=\"fr_FR\" \/>\n<meta property=\"og:type\" content=\"article\" \/>\n<meta property=\"og:title\" content=\"FAD : accueil de la deuxi\u00e8me et derni\u00e8re rotation de la compagnie commando parachutiste\" \/>\n<meta property=\"og:description\" content=\"Dans la journe\u0301e du 6 septembre 2023, le Chef d\u2019Etat-major Ge\u0301ne\u0301ral des Arme\u0301es, le Ge\u0301ne\u0301ral de Corps d\u2019Arme\u0301e Zakaria ...\" \/>\n<meta property=\"og:url\" content=\"https:\/\/www.africa-press.net\/djibouti\/politique\/fad-accueil-de-la-deuxieme-et-derniere-rotation-de-la-compagnie-commando-parachutiste\" \/>\n<meta property=\"og:site_name\" content=\"Djibouti\" \/>\n<meta property=\"article:published_time\" content=\"2023-09-10T16:33:18+00:00\" \/>\n<meta property=\"article:modified_time\" content=\"2023-09-10T17:00:34+00:00\" \/>\n<meta property=\"og:image\" content=\"https:\/\/static.africa-press.net\/djibouti\/sites\/52\/2023\/09\/sm_1694352609.691537.jpg\" \/>\n\t<meta property=\"og:image:width\" content=\"720\" \/>\n\t<meta property=\"og:image:height\" content=\"480\" \/>\n\t<meta property=\"og:image:type\" content=\"image\/jpeg\" \/>\n<meta name=\"author\" content=\"cfeditorfr\" \/>\n<meta name=\"twitter:card\" content=\"summary_large_image\" \/>\n<meta name=\"twitter:label1\" content=\"\u00c9crit par\" \/>\n\t<meta name=\"twitter:data1\" content=\"cfeditorfr\" \/>\n\t<meta name=\"twitter:label2\" content=\"Dur\u00e9e de lecture estim\u00e9e\" \/>\n\t<meta name=\"twitter:data2\" content=\"2 minutes\" \/>\n<script type=\"application\/ld+json\" class=\"yoast-schema-graph\">{\"@context\":\"https:\/\/schema.org\",\"@graph\":[{\"@type\":\"Article\",\"@id\":\"https:\/\/www.africa-press.net\/djibouti\/politique\/fad-accueil-de-la-deuxieme-et-derniere-rotation-de-la-compagnie-commando-parachutiste#article\",\"isPartOf\":{\"@id\":\"https:\/\/www.africa-press.net\/djibouti\/politique\/fad-accueil-de-la-deuxieme-et-derniere-rotation-de-la-compagnie-commando-parachutiste\"},\"author\":{\"name\":\"cfeditorfr\",\"@id\":\"https:\/\/www.africa-press.net\/djibouti\/#\/schema\/person\/2b1cf3cd81a31e3cd26889ca66d677f1\"},\"headline\":\"FAD : accueil de la deuxi\u00e8me et derni\u00e8re rotation de la compagnie commando parachutiste\",\"datePublished\":\"2023-09-10T16:33:18+00:00\",\"dateModified\":\"2023-09-10T17:00:34+00:00\",\"mainEntityOfPage\":{\"@id\":\"https:\/\/www.africa-press.net\/djibouti\/politique\/fad-accueil-de-la-deuxieme-et-derniere-rotation-de-la-compagnie-commando-parachutiste\"},\"wordCount\":286,\"commentCount\":0,\"image\":{\"@id\":\"https:\/\/www.africa-press.net\/djibouti\/politique\/fad-accueil-de-la-deuxieme-et-derniere-rotation-de-la-compagnie-commando-parachutiste#primaryimage\"},\"thumbnailUrl\":\"https:\/\/static.africa-press.net\/djibouti\/sites\/52\/2023\/09\/sm_1694352609.691537.jpg\",\"keywords\":[\"Africa Press\",\"Africa Press-Djibouti\",\"Djibouti\"],\"articleSection\":[\"Photo\",\"Politique\",\"Toutes les actualit\u00e9s\"],\"inLanguage\":\"fr-FR\",\"potentialAction\":[{\"@type\":\"CommentAction\",\"name\":\"Comment\",\"target\":[\"https:\/\/www.africa-press.net\/djibouti\/politique\/fad-accueil-de-la-deuxieme-et-derniere-rotation-de-la-compagnie-commando-parachutiste#respond\"]}]},{\"@type\":\"WebPage\",\"@id\":\"https:\/\/www.africa-press.net\/djibouti\/politique\/fad-accueil-de-la-deuxieme-et-derniere-rotation-de-la-compagnie-commando-parachutiste\",\"url\":\"https:\/\/www.africa-press.net\/djibouti\/politique\/fad-accueil-de-la-deuxieme-et-derniere-rotation-de-la-compagnie-commando-parachutiste\",\"name\":\"FAD : accueil de la deuxi\u00e8me et derni\u00e8re rotation de la compagnie commando parachutiste - Djibouti\",\"isPartOf\":{\"@id\":\"https:\/\/www.africa-press.net\/djibouti\/#website\"},\"primaryImageOfPage\":{\"@id\":\"https:\/\/www.africa-press.net\/djibouti\/politique\/fad-accueil-de-la-deuxieme-et-derniere-rotation-de-la-compagnie-commando-parachutiste#primaryimage\"},\"image\":{\"@id\":\"https:\/\/www.africa-press.net\/djibouti\/politique\/fad-accueil-de-la-deuxieme-et-derniere-rotation-de-la-compagnie-commando-parachutiste#primaryimage\"},\"thumbnailUrl\":\"https:\/\/static.africa-press.net\/djibouti\/sites\/52\/2023\/09\/sm_1694352609.691537.jpg\",\"datePublished\":\"2023-09-10T16:33:18+00:00\",\"dateModified\":\"2023-09-10T17:00:34+00:00\",\"author\":{\"@id\":\"https:\/\/www.africa-press.net\/djibouti\/#\/schema\/person\/2b1cf3cd81a31e3cd26889ca66d677f1\"},\"description\":\"Dans la journe\u0301e du 6 septembre 2023, le Chef d\u2019Etat-major Ge\u0301ne\u0301ral des Arme\u0301es, le Ge\u0301ne\u0301ral de Corps d\u2019Arme\u0301e Zakaria ...\",\"breadcrumb\":{\"@id\":\"https:\/\/www.africa-press.net\/djibouti\/politique\/fad-accueil-de-la-deuxieme-et-derniere-rotation-de-la-compagnie-commando-parachutiste#breadcrumb\"},\"inLanguage\":\"fr-FR\",\"potentialAction\":[{\"@type\":\"ReadAction\",\"target\":[\"https:\/\/www.africa-press.net\/djibouti\/politique\/fad-accueil-de-la-deuxieme-et-derniere-rotation-de-la-compagnie-commando-parachutiste\"]}]},{\"@type\":\"ImageObject\",\"inLanguage\":\"fr-FR\",\"@id\":\"https:\/\/www.africa-press.net\/djibouti\/politique\/fad-accueil-de-la-deuxieme-et-derniere-rotation-de-la-compagnie-commando-parachutiste#primaryimage\",\"url\":\"https:\/\/static.africa-press.net\/djibouti\/sites\/52\/2023\/09\/sm_1694352609.691537.jpg\",\"contentUrl\":\"https:\/\/static.africa-press.net\/djibouti\/sites\/52\/2023\/09\/sm_1694352609.691537.jpg\",\"width\":720,\"height\":480,\"caption\":\"FAD : accueil de la deuxi\u00e8me et derni\u00e8re rotation de la compagnie commando parachutiste\"},{\"@type\":\"BreadcrumbList\",\"@id\":\"https:\/\/www.africa-press.net\/djibouti\/politique\/fad-accueil-de-la-deuxieme-et-derniere-rotation-de-la-compagnie-commando-parachutiste#breadcrumb\",\"itemListElement\":[{\"@type\":\"ListItem\",\"position\":1,\"name\":\"Accueil\",\"item\":\"https:\/\/www.africa-press.net\/djibouti\/\"},{\"@type\":\"ListItem\",\"position\":2,\"name\":\"FAD : accueil de la deuxi\u00e8me et derni\u00e8re rotation de la compagnie commando parachutiste\"}]},{\"@type\":\"WebSite\",\"@id\":\"https:\/\/www.africa-press.net\/djibouti\/#website\",\"url\":\"https:\/\/www.africa-press.net\/djibouti\/\",\"name\":\"Djibouti\",\"description\":\"Just another Africa News Agency Sites site\",\"potentialAction\":[{\"@type\":\"SearchAction\",\"target\":{\"@type\":\"EntryPoint\",\"urlTemplate\":\"https:\/\/www.africa-press.net\/djibouti\/?s={search_term_string}\"},\"query-input\":{\"@type\":\"PropertyValueSpecification\",\"valueRequired\":true,\"valueName\":\"search_term_string\"}}],\"inLanguage\":\"fr-FR\"},{\"@type\":\"Person\",\"@id\":\"https:\/\/www.africa-press.net\/djibouti\/#\/schema\/person\/2b1cf3cd81a31e3cd26889ca66d677f1\",\"name\":\"cfeditorfr\"}]}<\/script>\n<!-- \/ Yoast SEO Premium plugin. -->","yoast_head_json":{"title":"FAD : accueil de la deuxi\u00e8me et derni\u00e8re rotation de la compagnie commando parachutiste - Djibouti","description":"Dans la journe\u0301e du 6 septembre 2023, le Chef d\u2019Etat-major Ge\u0301ne\u0301ral des Arme\u0301es, le Ge\u0301ne\u0301ral de Corps d\u2019Arme\u0301e Zakaria ...","robots":{"index":"index","follow":"follow","max-snippet":"max-snippet:-1","max-image-preview":"max-image-preview:large","max-video-preview":"max-video-preview:-1"},"canonical":"https:\/\/www.africa-press.net\/djibouti\/politique\/fad-accueil-de-la-deuxieme-et-derniere-rotation-de-la-compagnie-commando-parachutiste","og_locale":"fr_FR","og_type":"article","og_title":"FAD : accueil de la deuxi\u00e8me et derni\u00e8re rotation de la compagnie commando parachutiste","og_description":"Dans la journe\u0301e du 6 septembre 2023, le Chef d\u2019Etat-major Ge\u0301ne\u0301ral des Arme\u0301es, le Ge\u0301ne\u0301ral de Corps d\u2019Arme\u0301e Zakaria ...","og_url":"https:\/\/www.africa-press.net\/djibouti\/politique\/fad-accueil-de-la-deuxieme-et-derniere-rotation-de-la-compagnie-commando-parachutiste","og_site_name":"Djibouti","article_published_time":"2023-09-10T16:33:18+00:00","article_modified_time":"2023-09-10T17:00:34+00:00","og_image":[{"width":720,"height":480,"url":"https:\/\/static.africa-press.net\/djibouti\/sites\/52\/2023\/09\/sm_1694352609.691537.jpg","type":"image\/jpeg"}],"author":"cfeditorfr","twitter_card":"summary_large_image","twitter_misc":{"\u00c9crit par":"cfeditorfr","Dur\u00e9e de lecture estim\u00e9e":"2 minutes"},"schema":{"@context":"https:\/\/schema.org","@graph":[{"@type":"Article","@id":"https:\/\/www.africa-press.net\/djibouti\/politique\/fad-accueil-de-la-deuxieme-et-derniere-rotation-de-la-compagnie-commando-parachutiste#article","isPartOf":{"@id":"https:\/\/www.africa-press.net\/djibouti\/politique\/fad-accueil-de-la-deuxieme-et-derniere-rotation-de-la-compagnie-commando-parachutiste"},"author":{"name":"cfeditorfr","@id":"https:\/\/www.africa-press.net\/djibouti\/#\/schema\/person\/2b1cf3cd81a31e3cd26889ca66d677f1"},"headline":"FAD : accueil de la deuxi\u00e8me et derni\u00e8re rotation de la compagnie commando parachutiste","datePublished":"2023-09-10T16:33:18+00:00","dateModified":"2023-09-10T17:00:34+00:00","mainEntityOfPage":{"@id":"https:\/\/www.africa-press.net\/djibouti\/politique\/fad-accueil-de-la-deuxieme-et-derniere-rotation-de-la-compagnie-commando-parachutiste"},"wordCount":286,"commentCount":0,"image":{"@id":"https:\/\/www.africa-press.net\/djibouti\/politique\/fad-accueil-de-la-deuxieme-et-derniere-rotation-de-la-compagnie-commando-parachutiste#primaryimage"},"thumbnailUrl":"https:\/\/static.africa-press.net\/djibouti\/sites\/52\/2023\/09\/sm_1694352609.691537.jpg","keywords":["Africa Press","Africa Press-Djibouti","Djibouti"],"articleSection":["Photo","Politique","Toutes les actualit\u00e9s"],"inLanguage":"fr-FR","potentialAction":[{"@type":"CommentAction","name":"Comment","target":["https:\/\/www.africa-press.net\/djibouti\/politique\/fad-accueil-de-la-deuxieme-et-derniere-rotation-de-la-compagnie-commando-parachutiste#respond"]}]},{"@type":"WebPage","@id":"https:\/\/www.africa-press.net\/djibouti\/politique\/fad-accueil-de-la-deuxieme-et-derniere-rotation-de-la-compagnie-commando-parachutiste","url":"https:\/\/www.africa-press.net\/djibouti\/politique\/fad-accueil-de-la-deuxieme-et-derniere-rotation-de-la-compagnie-commando-parachutiste","name":"FAD : accueil de la deuxi\u00e8me et derni\u00e8re rotation de la compagnie commando parachutiste - Djibouti","isPartOf":{"@id":"https:\/\/www.africa-press.net\/djibouti\/#website"},"primaryImageOfPage":{"@id":"https:\/\/www.africa-press.net\/djibouti\/politique\/fad-accueil-de-la-deuxieme-et-derniere-rotation-de-la-compagnie-commando-parachutiste#primaryimage"},"image":{"@id":"https:\/\/www.africa-press.net\/djibouti\/politique\/fad-accueil-de-la-deuxieme-et-derniere-rotation-de-la-compagnie-commando-parachutiste#primaryimage"},"thumbnailUrl":"https:\/\/static.africa-press.net\/djibouti\/sites\/52\/2023\/09\/sm_1694352609.691537.jpg","datePublished":"2023-09-10T16:33:18+00:00","dateModified":"2023-09-10T17:00:34+00:00","author":{"@id":"https:\/\/www.africa-press.net\/djibouti\/#\/schema\/person\/2b1cf3cd81a31e3cd26889ca66d677f1"},"description":"Dans la journe\u0301e du 6 septembre 2023, le Chef d\u2019Etat-major Ge\u0301ne\u0301ral des Arme\u0301es, le Ge\u0301ne\u0301ral de Corps d\u2019Arme\u0301e Zakaria ...","breadcrumb":{"@id":"https:\/\/www.africa-press.net\/djibouti\/politique\/fad-accueil-de-la-deuxieme-et-derniere-rotation-de-la-compagnie-commando-parachutiste#breadcrumb"},"inLanguage":"fr-FR","potentialAction":[{"@type":"ReadAction","target":["https:\/\/www.africa-press.net\/djibouti\/politique\/fad-accueil-de-la-deuxieme-et-derniere-rotation-de-la-compagnie-commando-parachutiste"]}]},{"@type":"ImageObject","inLanguage":"fr-FR","@id":"https:\/\/www.africa-press.net\/djibouti\/politique\/fad-accueil-de-la-deuxieme-et-derniere-rotation-de-la-compagnie-commando-parachutiste#primaryimage","url":"https:\/\/static.africa-press.net\/djibouti\/sites\/52\/2023\/09\/sm_1694352609.691537.jpg","contentUrl":"https:\/\/static.africa-press.net\/djibouti\/sites\/52\/2023\/09\/sm_1694352609.691537.jpg","width":720,"height":480,"caption":"FAD : accueil de la deuxi\u00e8me et derni\u00e8re rotation de la compagnie commando parachutiste"},{"@type":"BreadcrumbList","@id":"https:\/\/www.africa-press.net\/djibouti\/politique\/fad-accueil-de-la-deuxieme-et-derniere-rotation-de-la-compagnie-commando-parachutiste#breadcrumb","itemListElement":[{"@type":"ListItem","position":1,"name":"Accueil","item":"https:\/\/www.africa-press.net\/djibouti\/"},{"@type":"ListItem","position":2,"name":"FAD : accueil de la deuxi\u00e8me et derni\u00e8re rotation de la compagnie commando parachutiste"}]},{"@type":"WebSite","@id":"https:\/\/www.africa-press.net\/djibouti\/#website","url":"https:\/\/www.africa-press.net\/djibouti\/","name":"Djibouti","description":"Just another Africa News Agency Sites site","potentialAction":[{"@type":"SearchAction","target":{"@type":"EntryPoint","urlTemplate":"https:\/\/www.africa-press.net\/djibouti\/?s={search_term_string}"},"query-input":{"@type":"PropertyValueSpecification","valueRequired":true,"valueName":"search_term_string"}}],"inLanguage":"fr-FR"},{"@type":"Person","@id":"https:\/\/www.africa-press.net\/djibouti\/#\/schema\/person\/2b1cf3cd81a31e3cd26889ca66d677f1","name":"cfeditorfr"}]}},"_links":{"self":[{"href":"https:\/\/www.africa-press.net\/djibouti\/wp-json\/wp\/v2\/posts\/17661","targetHints":{"allow":["GET"]}}],"collection":[{"href":"https:\/\/www.africa-press.net\/djibouti\/wp-json\/wp\/v2\/posts"}],"about":[{"href":"https:\/\/www.africa-press.net\/djibouti\/wp-json\/wp\/v2\/types\/post"}],"author":[{"embeddable":true,"href":"https:\/\/www.africa-press.net\/djibouti\/wp-json\/wp\/v2\/users\/82"}],"replies":[{"embeddable":true,"href":"https:\/\/www.africa-press.net\/djibouti\/wp-json\/wp\/v2\/comments?post=17661"}],"version-history":[{"count":0,"href":"https:\/\/www.africa-press.net\/djibouti\/wp-json\/wp\/v2\/posts\/17661\/revisions"}],"wp:featuredmedia":[{"embeddable":true,"href":"https:\/\/www.africa-press.net\/djibouti\/wp-json\/wp\/v2\/media\/17660"}],"wp:attachment":[{"href":"https:\/\/www.africa-press.net\/djibouti\/wp-json\/wp\/v2\/media?parent=17661"}],"wp:term":[{"taxonomy":"category","embeddable":true,"href":"https:\/\/www.africa-press.net\/djibouti\/wp-json\/wp\/v2\/categories?post=17661"},{"taxonomy":"post_tag","embeddable":true,"href":"https:\/\/www.africa-press.net\/djibouti\/wp-json\/wp\/v2\/tags?post=17661"}],"curies":[{"name":"wp","href":"https:\/\/api.w.org\/{rel}","templated":true}]}}