{"id":17670,"date":"2023-09-11T10:17:48","date_gmt":"2023-09-11T10:17:48","guid":{"rendered":"https:\/\/www.africa-press.net\/djibouti\/politique\/le-reveil-de-lafrique-portera-un-coup-fatal-a-leurope-selon-un-media-saoudien"},"modified":"2023-09-11T11:47:35","modified_gmt":"2023-09-11T11:47:35","slug":"le-reveil-de-lafrique-portera-un-coup-fatal-a-leurope-selon-un-media-saoudien","status":"publish","type":"post","link":"https:\/\/www.africa-press.net\/djibouti\/dossiers\/le-reveil-de-lafrique-portera-un-coup-fatal-a-leurope-selon-un-media-saoudien","title":{"rendered":"Le r\u00e9veil de l&rsquo;Afrique portera un \u00ab\u00a0coup fatal\u00a0\u00bb \u00e0 l&rsquo;Europe, selon un m\u00e9dia saoudien"},"content":{"rendered":"<p><span style=\"color: #ff6600\"><strong>Africa-Press &#8211; Djibouti. <\/strong><\/span>L\u2019Europe risque d\u2019e\u0302tre \u00ab\u00a0frappe\u0301e\u00a0\u00bb par le re\u0301veil des pays africains, un \u00ab\u00a0coup fatal\u00a0\u00bb pour elle, selon le me\u0301dia saoudien Okaz. Celui-ci note que les mouvements de libe\u0301ration, apparus en Afrique ces dernie\u0300res anne\u0301es, conduiront a\u0300 l&rsquo;e\u0301limination des \u00ab\u00a0dernie\u0300res poches\u00a0\u00bb du colonialisme europe\u0301en.<\/p>\n<p>Le re\u0301veil des pays du Sud, en particulier des E\u0301tats africains, portera un \u00ab\u00a0coup fatal\u00a0\u00bb a\u0300 l&rsquo;Europe, relate le journal gouvernemental saoudien Okaz.<\/p>\n<p>Selon le me\u0301dia, toute personne connaissant l&rsquo;histoire de l&rsquo;Europe et des E\u0301tats-Unis sait le \u00ab\u00a0nombre de vies humaines perdues\u00a0\u00bb sur lequel les E\u0301tats occidentaux modernes ont e\u0301te\u0301 fonde\u0301s. Ces pays continuent a\u0300 jouer le me\u0302me \u00ab\u00a0ro\u0302le destructeur\u00a0\u00bb de\u0301guise\u0301 en \u00ab\u00a0droits de l&rsquo;homme et de\u0301mocratie\u00a0\u00bb.<\/p>\n<p>\u00ab\u00a0La colonisation europe\u0301enne de l&rsquo;Afrique n&rsquo;a pas pris fin parce qu&rsquo;il est moins cou\u0302teux et plus facile de continuer a\u0300 construire les empires financiers occidentaux. Le colonialisme europe\u0301en est soutenu par la plupart des institutions internationales\u00a0\u00bb, a note\u0301 le me\u0301dia, mentionnant l&rsquo;Otan et l&rsquo;Onu dans cette liste.<\/p>\n<p><b>Vers l\u2019effacement du colonialisme<\/b><\/p>\n<p>Le journal Okaz a indique\u0301 que les e\u0301ve\u0301nements en Afrique, y compris le coup d\u2019E\u0301tat au Niger, effraient les colonisateurs occidentaux. Il a pre\u0301cise\u0301 que l&rsquo;un des objectifs de l&rsquo;Otan en Ukraine e\u0301tait de \u00ab\u00a0pre\u0301server l&rsquo;unipolarite\u0301 occidentale\u00a0\u00bb dans le monde et d'\u00a0\u00bbempe\u0302cher la Russie et la Chine de cre\u0301er un nouvel ordre mondial\u00a0\u00bb.<\/p>\n<p>Mais une autre mission de l&rsquo;Alliance a e\u0301te\u0301 d'\u00a0\u00bbempe\u0302cher le re\u0301veil de l&rsquo;Afrique\u00a0\u00bb. \u00ab\u00a0Si la re\u0301volte des pays du Sud se poursuit, elle portera un coup fatal a\u0300 l&rsquo;Europe\u00a0\u00bb, a pre\u0301cise\u0301 le me\u0301dia.<\/p>\n<p>D\u2019apre\u0300s Okaz, les mouvements de libe\u0301ration, qui ont e\u0301merge\u0301 en Afrique ces dernie\u0300res anne\u0301es, conduiront ine\u0301vitablement a\u0300 l&rsquo;e\u0301limination des \u00ab\u00a0dernie\u0300res poches\u00a0\u00bb du colonialisme europe\u0301en.<\/p>\n<p><strong>Pour plus d&rsquo;informations et d&rsquo;analyses sur la <a href=\"https:\/\/www.africa-press.net\/djibouti\">Djibouti<\/a>, suivez <a href=\"https:\/\/www.africa-press.net\/\">Africa-Press<\/a><\/strong><\/p>\n","protected":false},"excerpt":{"rendered":"<p>Africa-Press &#8211; Djibouti. L\u2019Europe risque d\u2019e\u0302tre \u00ab\u00a0frappe\u0301e\u00a0\u00bb par le re\u0301veil des pays africains, un \u00ab\u00a0coup fatal\u00a0\u00bb pour elle, selon le me\u0301dia saoudien Okaz. Celui-ci note que les mouvements de libe\u0301ration, apparus en Afrique ces dernie\u0300res anne\u0301es, conduiront a\u0300 l&rsquo;e\u0301limination des \u00ab\u00a0dernie\u0300res poches\u00a0\u00bb du colonialisme europe\u0301en. Le re\u0301veil des pays du Sud, en particulier des E\u0301tats [&hellip;]<\/p>\n","protected":false},"author":82,"featured_media":17669,"comment_status":"open","ping_status":"closed","sticky":false,"template":"","format":"standard","meta":{"footnotes":""},"categories":[7,10],"tags":[36,49,50],"class_list":["post-17670","post","type-post","status-publish","format-standard","has-post-thumbnail","hentry","category-dossiers","category-toutes-les-actualites","tag-africa-press","tag-africa-press-djibouti","tag-djibouti"],"yoast_head":"<!-- This site is optimized with the Yoast SEO Premium plugin v26.1 (Yoast SEO v27.0) - https:\/\/yoast.com\/product\/yoast-seo-premium-wordpress\/ -->\n<title>Le r\u00e9veil de l&#039;Afrique portera un &quot;coup fatal&quot; \u00e0 l&#039;Europe, selon un m\u00e9dia saoudien - Djibouti<\/title>\n<meta name=\"description\" content=\"L\u2019Europe risque d\u2019e\u0302tre &quot;frappe\u0301e&quot; par le re\u0301veil des pays africains, un &quot;coup fatal&quot; pour elle, selon le me\u0301dia saoudie ...\" \/>\n<meta name=\"robots\" content=\"index, follow, max-snippet:-1, max-image-preview:large, max-video-preview:-1\" \/>\n<link rel=\"canonical\" href=\"https:\/\/www.africa-press.net\/djibouti\/dossiers\/le-reveil-de-lafrique-portera-un-coup-fatal-a-leurope-selon-un-media-saoudien\" \/>\n<meta property=\"og:locale\" content=\"fr_FR\" \/>\n<meta property=\"og:type\" content=\"article\" \/>\n<meta property=\"og:title\" content=\"Le r\u00e9veil de l&#039;Afrique portera un &quot;coup fatal&quot; \u00e0 l&#039;Europe, selon un m\u00e9dia saoudien\" \/>\n<meta property=\"og:description\" content=\"L\u2019Europe risque d\u2019e\u0302tre &quot;frappe\u0301e&quot; par le re\u0301veil des pays africains, un &quot;coup fatal&quot; pour elle, selon le me\u0301dia saoudie ...\" \/>\n<meta property=\"og:url\" content=\"https:\/\/www.africa-press.net\/djibouti\/dossiers\/le-reveil-de-lafrique-portera-un-coup-fatal-a-leurope-selon-un-media-saoudien\" \/>\n<meta property=\"og:site_name\" content=\"Djibouti\" \/>\n<meta property=\"article:published_time\" content=\"2023-09-11T10:17:48+00:00\" \/>\n<meta property=\"article:modified_time\" content=\"2023-09-11T11:47:35+00:00\" \/>\n<meta property=\"og:image\" content=\"https:\/\/static.africa-press.net\/djibouti\/sites\/52\/2023\/09\/sm_1694420200.281381.jpg\" \/>\n\t<meta property=\"og:image:width\" content=\"1200\" \/>\n\t<meta property=\"og:image:height\" content=\"900\" \/>\n\t<meta property=\"og:image:type\" content=\"image\/jpeg\" \/>\n<meta name=\"author\" content=\"cfeditorfr\" \/>\n<meta name=\"twitter:card\" content=\"summary_large_image\" \/>\n<meta name=\"twitter:label1\" content=\"\u00c9crit par\" \/>\n\t<meta name=\"twitter:data1\" content=\"cfeditorfr\" \/>\n\t<meta name=\"twitter:label2\" content=\"Dur\u00e9e de lecture estim\u00e9e\" \/>\n\t<meta name=\"twitter:data2\" content=\"2 minutes\" \/>\n<script type=\"application\/ld+json\" class=\"yoast-schema-graph\">{\"@context\":\"https:\/\/schema.org\",\"@graph\":[{\"@type\":\"Article\",\"@id\":\"https:\/\/www.africa-press.net\/djibouti\/dossiers\/le-reveil-de-lafrique-portera-un-coup-fatal-a-leurope-selon-un-media-saoudien#article\",\"isPartOf\":{\"@id\":\"https:\/\/www.africa-press.net\/djibouti\/dossiers\/le-reveil-de-lafrique-portera-un-coup-fatal-a-leurope-selon-un-media-saoudien\"},\"author\":{\"name\":\"cfeditorfr\",\"@id\":\"https:\/\/www.africa-press.net\/djibouti\/#\/schema\/person\/2b1cf3cd81a31e3cd26889ca66d677f1\"},\"headline\":\"Le r\u00e9veil de l&rsquo;Afrique portera un \u00ab\u00a0coup fatal\u00a0\u00bb \u00e0 l&rsquo;Europe, selon un m\u00e9dia saoudien\",\"datePublished\":\"2023-09-11T10:17:48+00:00\",\"dateModified\":\"2023-09-11T11:47:35+00:00\",\"mainEntityOfPage\":{\"@id\":\"https:\/\/www.africa-press.net\/djibouti\/dossiers\/le-reveil-de-lafrique-portera-un-coup-fatal-a-leurope-selon-un-media-saoudien\"},\"wordCount\":374,\"commentCount\":0,\"image\":{\"@id\":\"https:\/\/www.africa-press.net\/djibouti\/dossiers\/le-reveil-de-lafrique-portera-un-coup-fatal-a-leurope-selon-un-media-saoudien#primaryimage\"},\"thumbnailUrl\":\"https:\/\/static.africa-press.net\/djibouti\/sites\/52\/2023\/09\/sm_1694420200.281381.jpg\",\"keywords\":[\"Africa Press\",\"Africa Press-Djibouti\",\"Djibouti\"],\"articleSection\":[\"Dossiers\",\"Toutes les actualit\u00e9s\"],\"inLanguage\":\"fr-FR\",\"potentialAction\":[{\"@type\":\"CommentAction\",\"name\":\"Comment\",\"target\":[\"https:\/\/www.africa-press.net\/djibouti\/dossiers\/le-reveil-de-lafrique-portera-un-coup-fatal-a-leurope-selon-un-media-saoudien#respond\"]}]},{\"@type\":\"WebPage\",\"@id\":\"https:\/\/www.africa-press.net\/djibouti\/dossiers\/le-reveil-de-lafrique-portera-un-coup-fatal-a-leurope-selon-un-media-saoudien\",\"url\":\"https:\/\/www.africa-press.net\/djibouti\/dossiers\/le-reveil-de-lafrique-portera-un-coup-fatal-a-leurope-selon-un-media-saoudien\",\"name\":\"Le r\u00e9veil de l'Afrique portera un \\\"coup fatal\\\" \u00e0 l'Europe, selon un m\u00e9dia saoudien - Djibouti\",\"isPartOf\":{\"@id\":\"https:\/\/www.africa-press.net\/djibouti\/#website\"},\"primaryImageOfPage\":{\"@id\":\"https:\/\/www.africa-press.net\/djibouti\/dossiers\/le-reveil-de-lafrique-portera-un-coup-fatal-a-leurope-selon-un-media-saoudien#primaryimage\"},\"image\":{\"@id\":\"https:\/\/www.africa-press.net\/djibouti\/dossiers\/le-reveil-de-lafrique-portera-un-coup-fatal-a-leurope-selon-un-media-saoudien#primaryimage\"},\"thumbnailUrl\":\"https:\/\/static.africa-press.net\/djibouti\/sites\/52\/2023\/09\/sm_1694420200.281381.jpg\",\"datePublished\":\"2023-09-11T10:17:48+00:00\",\"dateModified\":\"2023-09-11T11:47:35+00:00\",\"author\":{\"@id\":\"https:\/\/www.africa-press.net\/djibouti\/#\/schema\/person\/2b1cf3cd81a31e3cd26889ca66d677f1\"},\"description\":\"L\u2019Europe risque d\u2019e\u0302tre \\\"frappe\u0301e\\\" par le re\u0301veil des pays africains, un \\\"coup fatal\\\" pour elle, selon le me\u0301dia saoudie ...\",\"breadcrumb\":{\"@id\":\"https:\/\/www.africa-press.net\/djibouti\/dossiers\/le-reveil-de-lafrique-portera-un-coup-fatal-a-leurope-selon-un-media-saoudien#breadcrumb\"},\"inLanguage\":\"fr-FR\",\"potentialAction\":[{\"@type\":\"ReadAction\",\"target\":[\"https:\/\/www.africa-press.net\/djibouti\/dossiers\/le-reveil-de-lafrique-portera-un-coup-fatal-a-leurope-selon-un-media-saoudien\"]}]},{\"@type\":\"ImageObject\",\"inLanguage\":\"fr-FR\",\"@id\":\"https:\/\/www.africa-press.net\/djibouti\/dossiers\/le-reveil-de-lafrique-portera-un-coup-fatal-a-leurope-selon-un-media-saoudien#primaryimage\",\"url\":\"https:\/\/static.africa-press.net\/djibouti\/sites\/52\/2023\/09\/sm_1694420200.281381.jpg\",\"contentUrl\":\"https:\/\/static.africa-press.net\/djibouti\/sites\/52\/2023\/09\/sm_1694420200.281381.jpg\",\"width\":1200,\"height\":900,\"caption\":\"Le r\u00e9veil de l'Afrique portera un \\\"coup fatal\\\" \u00e0 l'Europe, selon un m\u00e9dia saoudien\"},{\"@type\":\"BreadcrumbList\",\"@id\":\"https:\/\/www.africa-press.net\/djibouti\/dossiers\/le-reveil-de-lafrique-portera-un-coup-fatal-a-leurope-selon-un-media-saoudien#breadcrumb\",\"itemListElement\":[{\"@type\":\"ListItem\",\"position\":1,\"name\":\"Accueil\",\"item\":\"https:\/\/www.africa-press.net\/djibouti\/\"},{\"@type\":\"ListItem\",\"position\":2,\"name\":\"Le r\u00e9veil de l&#8217;Afrique portera un &#8220;coup fatal&#8221; \u00e0 l&#8217;Europe, selon un m\u00e9dia saoudien\"}]},{\"@type\":\"WebSite\",\"@id\":\"https:\/\/www.africa-press.net\/djibouti\/#website\",\"url\":\"https:\/\/www.africa-press.net\/djibouti\/\",\"name\":\"Djibouti\",\"description\":\"Just another Africa News Agency Sites site\",\"potentialAction\":[{\"@type\":\"SearchAction\",\"target\":{\"@type\":\"EntryPoint\",\"urlTemplate\":\"https:\/\/www.africa-press.net\/djibouti\/?s={search_term_string}\"},\"query-input\":{\"@type\":\"PropertyValueSpecification\",\"valueRequired\":true,\"valueName\":\"search_term_string\"}}],\"inLanguage\":\"fr-FR\"},{\"@type\":\"Person\",\"@id\":\"https:\/\/www.africa-press.net\/djibouti\/#\/schema\/person\/2b1cf3cd81a31e3cd26889ca66d677f1\",\"name\":\"cfeditorfr\"}]}<\/script>\n<!-- \/ Yoast SEO Premium plugin. -->","yoast_head_json":{"title":"Le r\u00e9veil de l'Afrique portera un \"coup fatal\" \u00e0 l'Europe, selon un m\u00e9dia saoudien - Djibouti","description":"L\u2019Europe risque d\u2019e\u0302tre \"frappe\u0301e\" par le re\u0301veil des pays africains, un \"coup fatal\" pour elle, selon le me\u0301dia saoudie ...","robots":{"index":"index","follow":"follow","max-snippet":"max-snippet:-1","max-image-preview":"max-image-preview:large","max-video-preview":"max-video-preview:-1"},"canonical":"https:\/\/www.africa-press.net\/djibouti\/dossiers\/le-reveil-de-lafrique-portera-un-coup-fatal-a-leurope-selon-un-media-saoudien","og_locale":"fr_FR","og_type":"article","og_title":"Le r\u00e9veil de l'Afrique portera un \"coup fatal\" \u00e0 l'Europe, selon un m\u00e9dia saoudien","og_description":"L\u2019Europe risque d\u2019e\u0302tre \"frappe\u0301e\" par le re\u0301veil des pays africains, un \"coup fatal\" pour elle, selon le me\u0301dia saoudie ...","og_url":"https:\/\/www.africa-press.net\/djibouti\/dossiers\/le-reveil-de-lafrique-portera-un-coup-fatal-a-leurope-selon-un-media-saoudien","og_site_name":"Djibouti","article_published_time":"2023-09-11T10:17:48+00:00","article_modified_time":"2023-09-11T11:47:35+00:00","og_image":[{"width":1200,"height":900,"url":"https:\/\/static.africa-press.net\/djibouti\/sites\/52\/2023\/09\/sm_1694420200.281381.jpg","type":"image\/jpeg"}],"author":"cfeditorfr","twitter_card":"summary_large_image","twitter_misc":{"\u00c9crit par":"cfeditorfr","Dur\u00e9e de lecture estim\u00e9e":"2 minutes"},"schema":{"@context":"https:\/\/schema.org","@graph":[{"@type":"Article","@id":"https:\/\/www.africa-press.net\/djibouti\/dossiers\/le-reveil-de-lafrique-portera-un-coup-fatal-a-leurope-selon-un-media-saoudien#article","isPartOf":{"@id":"https:\/\/www.africa-press.net\/djibouti\/dossiers\/le-reveil-de-lafrique-portera-un-coup-fatal-a-leurope-selon-un-media-saoudien"},"author":{"name":"cfeditorfr","@id":"https:\/\/www.africa-press.net\/djibouti\/#\/schema\/person\/2b1cf3cd81a31e3cd26889ca66d677f1"},"headline":"Le r\u00e9veil de l&rsquo;Afrique portera un \u00ab\u00a0coup fatal\u00a0\u00bb \u00e0 l&rsquo;Europe, selon un m\u00e9dia saoudien","datePublished":"2023-09-11T10:17:48+00:00","dateModified":"2023-09-11T11:47:35+00:00","mainEntityOfPage":{"@id":"https:\/\/www.africa-press.net\/djibouti\/dossiers\/le-reveil-de-lafrique-portera-un-coup-fatal-a-leurope-selon-un-media-saoudien"},"wordCount":374,"commentCount":0,"image":{"@id":"https:\/\/www.africa-press.net\/djibouti\/dossiers\/le-reveil-de-lafrique-portera-un-coup-fatal-a-leurope-selon-un-media-saoudien#primaryimage"},"thumbnailUrl":"https:\/\/static.africa-press.net\/djibouti\/sites\/52\/2023\/09\/sm_1694420200.281381.jpg","keywords":["Africa Press","Africa Press-Djibouti","Djibouti"],"articleSection":["Dossiers","Toutes les actualit\u00e9s"],"inLanguage":"fr-FR","potentialAction":[{"@type":"CommentAction","name":"Comment","target":["https:\/\/www.africa-press.net\/djibouti\/dossiers\/le-reveil-de-lafrique-portera-un-coup-fatal-a-leurope-selon-un-media-saoudien#respond"]}]},{"@type":"WebPage","@id":"https:\/\/www.africa-press.net\/djibouti\/dossiers\/le-reveil-de-lafrique-portera-un-coup-fatal-a-leurope-selon-un-media-saoudien","url":"https:\/\/www.africa-press.net\/djibouti\/dossiers\/le-reveil-de-lafrique-portera-un-coup-fatal-a-leurope-selon-un-media-saoudien","name":"Le r\u00e9veil de l'Afrique portera un \"coup fatal\" \u00e0 l'Europe, selon un m\u00e9dia saoudien - Djibouti","isPartOf":{"@id":"https:\/\/www.africa-press.net\/djibouti\/#website"},"primaryImageOfPage":{"@id":"https:\/\/www.africa-press.net\/djibouti\/dossiers\/le-reveil-de-lafrique-portera-un-coup-fatal-a-leurope-selon-un-media-saoudien#primaryimage"},"image":{"@id":"https:\/\/www.africa-press.net\/djibouti\/dossiers\/le-reveil-de-lafrique-portera-un-coup-fatal-a-leurope-selon-un-media-saoudien#primaryimage"},"thumbnailUrl":"https:\/\/static.africa-press.net\/djibouti\/sites\/52\/2023\/09\/sm_1694420200.281381.jpg","datePublished":"2023-09-11T10:17:48+00:00","dateModified":"2023-09-11T11:47:35+00:00","author":{"@id":"https:\/\/www.africa-press.net\/djibouti\/#\/schema\/person\/2b1cf3cd81a31e3cd26889ca66d677f1"},"description":"L\u2019Europe risque d\u2019e\u0302tre \"frappe\u0301e\" par le re\u0301veil des pays africains, un \"coup fatal\" pour elle, selon le me\u0301dia saoudie ...","breadcrumb":{"@id":"https:\/\/www.africa-press.net\/djibouti\/dossiers\/le-reveil-de-lafrique-portera-un-coup-fatal-a-leurope-selon-un-media-saoudien#breadcrumb"},"inLanguage":"fr-FR","potentialAction":[{"@type":"ReadAction","target":["https:\/\/www.africa-press.net\/djibouti\/dossiers\/le-reveil-de-lafrique-portera-un-coup-fatal-a-leurope-selon-un-media-saoudien"]}]},{"@type":"ImageObject","inLanguage":"fr-FR","@id":"https:\/\/www.africa-press.net\/djibouti\/dossiers\/le-reveil-de-lafrique-portera-un-coup-fatal-a-leurope-selon-un-media-saoudien#primaryimage","url":"https:\/\/static.africa-press.net\/djibouti\/sites\/52\/2023\/09\/sm_1694420200.281381.jpg","contentUrl":"https:\/\/static.africa-press.net\/djibouti\/sites\/52\/2023\/09\/sm_1694420200.281381.jpg","width":1200,"height":900,"caption":"Le r\u00e9veil de l'Afrique portera un \"coup fatal\" \u00e0 l'Europe, selon un m\u00e9dia saoudien"},{"@type":"BreadcrumbList","@id":"https:\/\/www.africa-press.net\/djibouti\/dossiers\/le-reveil-de-lafrique-portera-un-coup-fatal-a-leurope-selon-un-media-saoudien#breadcrumb","itemListElement":[{"@type":"ListItem","position":1,"name":"Accueil","item":"https:\/\/www.africa-press.net\/djibouti\/"},{"@type":"ListItem","position":2,"name":"Le r\u00e9veil de l&#8217;Afrique portera un &#8220;coup fatal&#8221; \u00e0 l&#8217;Europe, selon un m\u00e9dia saoudien"}]},{"@type":"WebSite","@id":"https:\/\/www.africa-press.net\/djibouti\/#website","url":"https:\/\/www.africa-press.net\/djibouti\/","name":"Djibouti","description":"Just another Africa News Agency Sites site","potentialAction":[{"@type":"SearchAction","target":{"@type":"EntryPoint","urlTemplate":"https:\/\/www.africa-press.net\/djibouti\/?s={search_term_string}"},"query-input":{"@type":"PropertyValueSpecification","valueRequired":true,"valueName":"search_term_string"}}],"inLanguage":"fr-FR"},{"@type":"Person","@id":"https:\/\/www.africa-press.net\/djibouti\/#\/schema\/person\/2b1cf3cd81a31e3cd26889ca66d677f1","name":"cfeditorfr"}]}},"_links":{"self":[{"href":"https:\/\/www.africa-press.net\/djibouti\/wp-json\/wp\/v2\/posts\/17670","targetHints":{"allow":["GET"]}}],"collection":[{"href":"https:\/\/www.africa-press.net\/djibouti\/wp-json\/wp\/v2\/posts"}],"about":[{"href":"https:\/\/www.africa-press.net\/djibouti\/wp-json\/wp\/v2\/types\/post"}],"author":[{"embeddable":true,"href":"https:\/\/www.africa-press.net\/djibouti\/wp-json\/wp\/v2\/users\/82"}],"replies":[{"embeddable":true,"href":"https:\/\/www.africa-press.net\/djibouti\/wp-json\/wp\/v2\/comments?post=17670"}],"version-history":[{"count":0,"href":"https:\/\/www.africa-press.net\/djibouti\/wp-json\/wp\/v2\/posts\/17670\/revisions"}],"wp:featuredmedia":[{"embeddable":true,"href":"https:\/\/www.africa-press.net\/djibouti\/wp-json\/wp\/v2\/media\/17669"}],"wp:attachment":[{"href":"https:\/\/www.africa-press.net\/djibouti\/wp-json\/wp\/v2\/media?parent=17670"}],"wp:term":[{"taxonomy":"category","embeddable":true,"href":"https:\/\/www.africa-press.net\/djibouti\/wp-json\/wp\/v2\/categories?post=17670"},{"taxonomy":"post_tag","embeddable":true,"href":"https:\/\/www.africa-press.net\/djibouti\/wp-json\/wp\/v2\/tags?post=17670"}],"curies":[{"name":"wp","href":"https:\/\/api.w.org\/{rel}","templated":true}]}}