{"id":17703,"date":"2023-09-11T17:55:50","date_gmt":"2023-09-11T17:55:50","guid":{"rendered":"https:\/\/www.africa-press.net\/djibouti\/politique\/participation-du-ministre-des-infrastructures-et-de-lequipement-a-la-conference-internationale-sur-lindustrie-maritime-durable-a-djeddah"},"modified":"2023-09-11T18:21:46","modified_gmt":"2023-09-11T18:21:46","slug":"participation-du-ministre-des-infrastructures-et-de-lequipement-a-la-conference-internationale-sur-lindustrie-maritime-durable-a-djeddah","status":"publish","type":"post","link":"https:\/\/www.africa-press.net\/djibouti\/economie\/participation-du-ministre-des-infrastructures-et-de-lequipement-a-la-conference-internationale-sur-lindustrie-maritime-durable-a-djeddah","title":{"rendered":"Participation du ministre des Infrastructures et de l\u2019\u00c9quipement \u00e0 la Conf\u00e9rence internationale sur l\u2019industrie maritime durable \u00e0 Djeddah"},"content":{"rendered":"<p><span style=\"color: #ff6600\"><strong>Africa-Press &#8211; Djibouti. <\/strong><\/span>Le ministre des Infrastructures et de l\u2019E\u0301quipement, Hassan Houmed Ibrahim, s\u2019est rendu a\u0300 Djeddah, en Arabie Saoudite, a\u0300 l\u2019invitation de son homologue saoudien, pour prendre part a\u0300 une Confe\u0301rence Internationale intitule\u0301e \u201cSustainable Maritime Industry Conference Vision 2030,\u201d qui s\u2019esttenue du 4 au 6 septembre 2023, sous le haut patronage du ministre saoudien des Transports et de la Logistique, Saleh bin Nasser Al-Jasser, et sous l\u2019e\u0301gide du Secre\u0301tariat Ge\u0301ne\u0301ral de l\u2019Organisation Maritime Internationale.<\/p>\n<p>Accompagne\u0301 de son Directeurdes Affaires Maritimes, M. Ali-Mirah Chehem Daoud, le ministre a participe\u0301 a\u0300 cette confe\u0301rence axe\u0301e sur l\u2019analyse de l\u2019impact du transport maritime sur le de\u0301veloppement durable de l\u2019e\u0301cosyste\u0300me marin de\u0301ja\u0300 fragilise\u0301, ainsique sur la technologie future des navires \u201cpropres\u201d.<\/p>\n<p>Cette importante confe\u0301rence internationale a re\u0301uni une cinquantaine de ministres en charge du transport maritime, des repre\u0301sentants d\u2019organismes internationaux, d\u2019e\u0301minentes universite\u0301s et institutions acade\u0301miques, ainsique des grandes compagniesmaritimes.<\/p>\n<p>La Confe\u0301rence a de\u0301bute\u0301 par les discours du Secre\u0301taire Ge\u0301ne\u0301ral de l\u2019Organisation Maritime Internationale, suivi de celui du Ministre des Transports Saoudien. Dans leurs allocutions, le Ministre et le Secre\u0301taire Ge\u0301ne\u0301ral de l\u2019OMI ont souligne\u0301 l\u2019urgence d\u2019acce\u0301le\u0301rer la re\u0301alisation de la Vision 2030 des Nations Unies.<\/p>\n<p>En marge de sa participation a\u0300 cetteConfe\u0301rence, le Ministre a tenuune re\u0301union fructueuse avec le Secre\u0301taireGe\u0301ne\u0301ral de l\u2019Organisation Maritime Internationale, au cours de laquelle ont e\u0301te\u0301 aborde\u0301s des sujets d\u2019inte\u0301re\u0302t national lie\u0301s au renforcement des capacite\u0301s, ainsi que des questions a\u0300 caracte\u0300re re\u0301gional, notamment le Code de Conduite de Djibouti. Le Ministre a insiste\u0301 sur l\u2019urgence d\u2019organiser unere\u0301union des bailleurs de fonds pour renflouer le Trust Fund, afin de revitaliser le me\u0301canisme du Code de Conduite de Djibouti, actuellement en manque de financements pour son bon fonctionnement.<\/p>\n<p>En marge de la Confe\u0301rence, le ministre Hassan Houmed a e\u0301galementeuunentretien avec son homologue du Ye\u0301men.<\/p>\n<p>Les discussions entre les deux ministresont porte\u0301 principalement sur les relations bilate\u0301rales et les moyens de renforcer la coope\u0301ration solide entre les deux pays fre\u0300res.<\/p>\n<p>A\u0300 l\u2019issue de cette Confe\u0301rence, des recommandations pertinentes ont e\u0301te\u0301 formule\u0301es, et l\u2019on espe\u0300re la mise en place d\u2019un plan d\u2019actions assorti de mesures concre\u0300tes pour raviver le partenariat international et contribuer a\u0300 la cre\u0301ation d\u2019un \u201cmonde plus propre.\u201d<\/p>\n<p>&nbsp;<\/p>\n<p><strong>Pour plus d&rsquo;informations et d&rsquo;analyses sur la <a href=\"https:\/\/www.africa-press.net\/djibouti\">Djibouti<\/a>, suivez <a href=\"https:\/\/www.africa-press.net\/\">Africa-Press<\/a><\/strong><\/p>\n","protected":false},"excerpt":{"rendered":"<p>Africa-Press &#8211; Djibouti. Le ministre des Infrastructures et de l\u2019E\u0301quipement, Hassan Houmed Ibrahim, s\u2019est rendu a\u0300 Djeddah, en Arabie Saoudite, a\u0300 l\u2019invitation de son homologue saoudien, pour prendre part a\u0300 une Confe\u0301rence Internationale intitule\u0301e \u201cSustainable Maritime Industry Conference Vision 2030,\u201d qui s\u2019esttenue du 4 au 6 septembre 2023, sous le haut patronage du ministre saoudien [&hellip;]<\/p>\n","protected":false},"author":82,"featured_media":17701,"comment_status":"open","ping_status":"closed","sticky":false,"template":"","format":"standard","meta":{"footnotes":""},"categories":[3,10],"tags":[36,49,50],"class_list":["post-17703","post","type-post","status-publish","format-standard","has-post-thumbnail","hentry","category-economie","category-toutes-les-actualites","tag-africa-press","tag-africa-press-djibouti","tag-djibouti"],"yoast_head":"<!-- This site is optimized with the Yoast SEO Premium plugin v26.1 (Yoast SEO v27.0) - https:\/\/yoast.com\/product\/yoast-seo-premium-wordpress\/ -->\n<title>Participation du ministre des Infrastructures et de l\u2019\u00c9quipement \u00e0 la Conf\u00e9rence internationale sur l\u2019industrie maritime durable \u00e0 Djeddah - Djibouti<\/title>\n<meta name=\"description\" content=\"Le ministre des Infrastructures et de l\u2019E\u0301quipement, Hassan Houmed Ibrahim, s\u2019est rendu a\u0300 Djeddah, en Arabie Saoudite, ...\" \/>\n<meta name=\"robots\" content=\"index, follow, max-snippet:-1, max-image-preview:large, max-video-preview:-1\" \/>\n<link rel=\"canonical\" href=\"https:\/\/www.africa-press.net\/djibouti\/economie\/participation-du-ministre-des-infrastructures-et-de-lequipement-a-la-conference-internationale-sur-lindustrie-maritime-durable-a-djeddah\" \/>\n<meta property=\"og:locale\" content=\"fr_FR\" \/>\n<meta property=\"og:type\" content=\"article\" \/>\n<meta property=\"og:title\" content=\"Participation du ministre des Infrastructures et de l\u2019\u00c9quipement \u00e0 la Conf\u00e9rence internationale sur l\u2019industrie maritime durable \u00e0 Djeddah\" \/>\n<meta property=\"og:description\" content=\"Le ministre des Infrastructures et de l\u2019E\u0301quipement, Hassan Houmed Ibrahim, s\u2019est rendu a\u0300 Djeddah, en Arabie Saoudite, ...\" \/>\n<meta property=\"og:url\" content=\"https:\/\/www.africa-press.net\/djibouti\/economie\/participation-du-ministre-des-infrastructures-et-de-lequipement-a-la-conference-internationale-sur-lindustrie-maritime-durable-a-djeddah\" \/>\n<meta property=\"og:site_name\" content=\"Djibouti\" \/>\n<meta property=\"article:published_time\" content=\"2023-09-11T17:55:50+00:00\" \/>\n<meta property=\"article:modified_time\" content=\"2023-09-11T18:21:46+00:00\" \/>\n<meta property=\"og:image\" content=\"https:\/\/static.africa-press.net\/djibouti\/sites\/52\/2023\/09\/sm_1694443833.543331.jpg\" \/>\n\t<meta property=\"og:image:width\" content=\"720\" \/>\n\t<meta property=\"og:image:height\" content=\"340\" \/>\n\t<meta property=\"og:image:type\" content=\"image\/jpeg\" \/>\n<meta name=\"author\" content=\"cfeditorfr\" \/>\n<meta name=\"twitter:card\" content=\"summary_large_image\" \/>\n<meta name=\"twitter:label1\" content=\"\u00c9crit par\" \/>\n\t<meta name=\"twitter:data1\" content=\"cfeditorfr\" \/>\n\t<meta name=\"twitter:label2\" content=\"Dur\u00e9e de lecture estim\u00e9e\" \/>\n\t<meta name=\"twitter:data2\" content=\"2 minutes\" \/>\n<script type=\"application\/ld+json\" class=\"yoast-schema-graph\">{\"@context\":\"https:\/\/schema.org\",\"@graph\":[{\"@type\":\"Article\",\"@id\":\"https:\/\/www.africa-press.net\/djibouti\/economie\/participation-du-ministre-des-infrastructures-et-de-lequipement-a-la-conference-internationale-sur-lindustrie-maritime-durable-a-djeddah#article\",\"isPartOf\":{\"@id\":\"https:\/\/www.africa-press.net\/djibouti\/economie\/participation-du-ministre-des-infrastructures-et-de-lequipement-a-la-conference-internationale-sur-lindustrie-maritime-durable-a-djeddah\"},\"author\":{\"name\":\"cfeditorfr\",\"@id\":\"https:\/\/www.africa-press.net\/djibouti\/#\/schema\/person\/2b1cf3cd81a31e3cd26889ca66d677f1\"},\"headline\":\"Participation du ministre des Infrastructures et de l\u2019\u00c9quipement \u00e0 la Conf\u00e9rence internationale sur l\u2019industrie maritime durable \u00e0 Djeddah\",\"datePublished\":\"2023-09-11T17:55:50+00:00\",\"dateModified\":\"2023-09-11T18:21:46+00:00\",\"mainEntityOfPage\":{\"@id\":\"https:\/\/www.africa-press.net\/djibouti\/economie\/participation-du-ministre-des-infrastructures-et-de-lequipement-a-la-conference-internationale-sur-lindustrie-maritime-durable-a-djeddah\"},\"wordCount\":466,\"commentCount\":0,\"image\":{\"@id\":\"https:\/\/www.africa-press.net\/djibouti\/economie\/participation-du-ministre-des-infrastructures-et-de-lequipement-a-la-conference-internationale-sur-lindustrie-maritime-durable-a-djeddah#primaryimage\"},\"thumbnailUrl\":\"https:\/\/static.africa-press.net\/djibouti\/sites\/52\/2023\/09\/sm_1694443833.543331.jpg\",\"keywords\":[\"Africa Press\",\"Africa Press-Djibouti\",\"Djibouti\"],\"articleSection\":[\"\u00c9conomie\",\"Toutes les actualit\u00e9s\"],\"inLanguage\":\"fr-FR\",\"potentialAction\":[{\"@type\":\"CommentAction\",\"name\":\"Comment\",\"target\":[\"https:\/\/www.africa-press.net\/djibouti\/economie\/participation-du-ministre-des-infrastructures-et-de-lequipement-a-la-conference-internationale-sur-lindustrie-maritime-durable-a-djeddah#respond\"]}]},{\"@type\":\"WebPage\",\"@id\":\"https:\/\/www.africa-press.net\/djibouti\/economie\/participation-du-ministre-des-infrastructures-et-de-lequipement-a-la-conference-internationale-sur-lindustrie-maritime-durable-a-djeddah\",\"url\":\"https:\/\/www.africa-press.net\/djibouti\/economie\/participation-du-ministre-des-infrastructures-et-de-lequipement-a-la-conference-internationale-sur-lindustrie-maritime-durable-a-djeddah\",\"name\":\"Participation du ministre des Infrastructures et de l\u2019\u00c9quipement \u00e0 la Conf\u00e9rence internationale sur l\u2019industrie maritime durable \u00e0 Djeddah - Djibouti\",\"isPartOf\":{\"@id\":\"https:\/\/www.africa-press.net\/djibouti\/#website\"},\"primaryImageOfPage\":{\"@id\":\"https:\/\/www.africa-press.net\/djibouti\/economie\/participation-du-ministre-des-infrastructures-et-de-lequipement-a-la-conference-internationale-sur-lindustrie-maritime-durable-a-djeddah#primaryimage\"},\"image\":{\"@id\":\"https:\/\/www.africa-press.net\/djibouti\/economie\/participation-du-ministre-des-infrastructures-et-de-lequipement-a-la-conference-internationale-sur-lindustrie-maritime-durable-a-djeddah#primaryimage\"},\"thumbnailUrl\":\"https:\/\/static.africa-press.net\/djibouti\/sites\/52\/2023\/09\/sm_1694443833.543331.jpg\",\"datePublished\":\"2023-09-11T17:55:50+00:00\",\"dateModified\":\"2023-09-11T18:21:46+00:00\",\"author\":{\"@id\":\"https:\/\/www.africa-press.net\/djibouti\/#\/schema\/person\/2b1cf3cd81a31e3cd26889ca66d677f1\"},\"description\":\"Le ministre des Infrastructures et de l\u2019E\u0301quipement, Hassan Houmed Ibrahim, s\u2019est rendu a\u0300 Djeddah, en Arabie Saoudite, ...\",\"breadcrumb\":{\"@id\":\"https:\/\/www.africa-press.net\/djibouti\/economie\/participation-du-ministre-des-infrastructures-et-de-lequipement-a-la-conference-internationale-sur-lindustrie-maritime-durable-a-djeddah#breadcrumb\"},\"inLanguage\":\"fr-FR\",\"potentialAction\":[{\"@type\":\"ReadAction\",\"target\":[\"https:\/\/www.africa-press.net\/djibouti\/economie\/participation-du-ministre-des-infrastructures-et-de-lequipement-a-la-conference-internationale-sur-lindustrie-maritime-durable-a-djeddah\"]}]},{\"@type\":\"ImageObject\",\"inLanguage\":\"fr-FR\",\"@id\":\"https:\/\/www.africa-press.net\/djibouti\/economie\/participation-du-ministre-des-infrastructures-et-de-lequipement-a-la-conference-internationale-sur-lindustrie-maritime-durable-a-djeddah#primaryimage\",\"url\":\"https:\/\/static.africa-press.net\/djibouti\/sites\/52\/2023\/09\/sm_1694443833.543331.jpg\",\"contentUrl\":\"https:\/\/static.africa-press.net\/djibouti\/sites\/52\/2023\/09\/sm_1694443833.543331.jpg\",\"width\":720,\"height\":340,\"caption\":\"Participation du ministre des Infrastructures et de l\u2019\u00c9quipement \u00e0 la Conf\u00e9rence internationale sur l\u2019industrie maritime durable \u00e0 Djeddah\"},{\"@type\":\"BreadcrumbList\",\"@id\":\"https:\/\/www.africa-press.net\/djibouti\/economie\/participation-du-ministre-des-infrastructures-et-de-lequipement-a-la-conference-internationale-sur-lindustrie-maritime-durable-a-djeddah#breadcrumb\",\"itemListElement\":[{\"@type\":\"ListItem\",\"position\":1,\"name\":\"Accueil\",\"item\":\"https:\/\/www.africa-press.net\/djibouti\/\"},{\"@type\":\"ListItem\",\"position\":2,\"name\":\"Participation du ministre des Infrastructures et de l\u2019\u00c9quipement \u00e0 la Conf\u00e9rence internationale sur l\u2019industrie maritime durable \u00e0 Djeddah\"}]},{\"@type\":\"WebSite\",\"@id\":\"https:\/\/www.africa-press.net\/djibouti\/#website\",\"url\":\"https:\/\/www.africa-press.net\/djibouti\/\",\"name\":\"Djibouti\",\"description\":\"Just another Africa News Agency Sites site\",\"potentialAction\":[{\"@type\":\"SearchAction\",\"target\":{\"@type\":\"EntryPoint\",\"urlTemplate\":\"https:\/\/www.africa-press.net\/djibouti\/?s={search_term_string}\"},\"query-input\":{\"@type\":\"PropertyValueSpecification\",\"valueRequired\":true,\"valueName\":\"search_term_string\"}}],\"inLanguage\":\"fr-FR\"},{\"@type\":\"Person\",\"@id\":\"https:\/\/www.africa-press.net\/djibouti\/#\/schema\/person\/2b1cf3cd81a31e3cd26889ca66d677f1\",\"name\":\"cfeditorfr\"}]}<\/script>\n<!-- \/ Yoast SEO Premium plugin. -->","yoast_head_json":{"title":"Participation du ministre des Infrastructures et de l\u2019\u00c9quipement \u00e0 la Conf\u00e9rence internationale sur l\u2019industrie maritime durable \u00e0 Djeddah - Djibouti","description":"Le ministre des Infrastructures et de l\u2019E\u0301quipement, Hassan Houmed Ibrahim, s\u2019est rendu a\u0300 Djeddah, en Arabie Saoudite, ...","robots":{"index":"index","follow":"follow","max-snippet":"max-snippet:-1","max-image-preview":"max-image-preview:large","max-video-preview":"max-video-preview:-1"},"canonical":"https:\/\/www.africa-press.net\/djibouti\/economie\/participation-du-ministre-des-infrastructures-et-de-lequipement-a-la-conference-internationale-sur-lindustrie-maritime-durable-a-djeddah","og_locale":"fr_FR","og_type":"article","og_title":"Participation du ministre des Infrastructures et de l\u2019\u00c9quipement \u00e0 la Conf\u00e9rence internationale sur l\u2019industrie maritime durable \u00e0 Djeddah","og_description":"Le ministre des Infrastructures et de l\u2019E\u0301quipement, Hassan Houmed Ibrahim, s\u2019est rendu a\u0300 Djeddah, en Arabie Saoudite, ...","og_url":"https:\/\/www.africa-press.net\/djibouti\/economie\/participation-du-ministre-des-infrastructures-et-de-lequipement-a-la-conference-internationale-sur-lindustrie-maritime-durable-a-djeddah","og_site_name":"Djibouti","article_published_time":"2023-09-11T17:55:50+00:00","article_modified_time":"2023-09-11T18:21:46+00:00","og_image":[{"width":720,"height":340,"url":"https:\/\/static.africa-press.net\/djibouti\/sites\/52\/2023\/09\/sm_1694443833.543331.jpg","type":"image\/jpeg"}],"author":"cfeditorfr","twitter_card":"summary_large_image","twitter_misc":{"\u00c9crit par":"cfeditorfr","Dur\u00e9e de lecture estim\u00e9e":"2 minutes"},"schema":{"@context":"https:\/\/schema.org","@graph":[{"@type":"Article","@id":"https:\/\/www.africa-press.net\/djibouti\/economie\/participation-du-ministre-des-infrastructures-et-de-lequipement-a-la-conference-internationale-sur-lindustrie-maritime-durable-a-djeddah#article","isPartOf":{"@id":"https:\/\/www.africa-press.net\/djibouti\/economie\/participation-du-ministre-des-infrastructures-et-de-lequipement-a-la-conference-internationale-sur-lindustrie-maritime-durable-a-djeddah"},"author":{"name":"cfeditorfr","@id":"https:\/\/www.africa-press.net\/djibouti\/#\/schema\/person\/2b1cf3cd81a31e3cd26889ca66d677f1"},"headline":"Participation du ministre des Infrastructures et de l\u2019\u00c9quipement \u00e0 la Conf\u00e9rence internationale sur l\u2019industrie maritime durable \u00e0 Djeddah","datePublished":"2023-09-11T17:55:50+00:00","dateModified":"2023-09-11T18:21:46+00:00","mainEntityOfPage":{"@id":"https:\/\/www.africa-press.net\/djibouti\/economie\/participation-du-ministre-des-infrastructures-et-de-lequipement-a-la-conference-internationale-sur-lindustrie-maritime-durable-a-djeddah"},"wordCount":466,"commentCount":0,"image":{"@id":"https:\/\/www.africa-press.net\/djibouti\/economie\/participation-du-ministre-des-infrastructures-et-de-lequipement-a-la-conference-internationale-sur-lindustrie-maritime-durable-a-djeddah#primaryimage"},"thumbnailUrl":"https:\/\/static.africa-press.net\/djibouti\/sites\/52\/2023\/09\/sm_1694443833.543331.jpg","keywords":["Africa Press","Africa Press-Djibouti","Djibouti"],"articleSection":["\u00c9conomie","Toutes les actualit\u00e9s"],"inLanguage":"fr-FR","potentialAction":[{"@type":"CommentAction","name":"Comment","target":["https:\/\/www.africa-press.net\/djibouti\/economie\/participation-du-ministre-des-infrastructures-et-de-lequipement-a-la-conference-internationale-sur-lindustrie-maritime-durable-a-djeddah#respond"]}]},{"@type":"WebPage","@id":"https:\/\/www.africa-press.net\/djibouti\/economie\/participation-du-ministre-des-infrastructures-et-de-lequipement-a-la-conference-internationale-sur-lindustrie-maritime-durable-a-djeddah","url":"https:\/\/www.africa-press.net\/djibouti\/economie\/participation-du-ministre-des-infrastructures-et-de-lequipement-a-la-conference-internationale-sur-lindustrie-maritime-durable-a-djeddah","name":"Participation du ministre des Infrastructures et de l\u2019\u00c9quipement \u00e0 la Conf\u00e9rence internationale sur l\u2019industrie maritime durable \u00e0 Djeddah - Djibouti","isPartOf":{"@id":"https:\/\/www.africa-press.net\/djibouti\/#website"},"primaryImageOfPage":{"@id":"https:\/\/www.africa-press.net\/djibouti\/economie\/participation-du-ministre-des-infrastructures-et-de-lequipement-a-la-conference-internationale-sur-lindustrie-maritime-durable-a-djeddah#primaryimage"},"image":{"@id":"https:\/\/www.africa-press.net\/djibouti\/economie\/participation-du-ministre-des-infrastructures-et-de-lequipement-a-la-conference-internationale-sur-lindustrie-maritime-durable-a-djeddah#primaryimage"},"thumbnailUrl":"https:\/\/static.africa-press.net\/djibouti\/sites\/52\/2023\/09\/sm_1694443833.543331.jpg","datePublished":"2023-09-11T17:55:50+00:00","dateModified":"2023-09-11T18:21:46+00:00","author":{"@id":"https:\/\/www.africa-press.net\/djibouti\/#\/schema\/person\/2b1cf3cd81a31e3cd26889ca66d677f1"},"description":"Le ministre des Infrastructures et de l\u2019E\u0301quipement, Hassan Houmed Ibrahim, s\u2019est rendu a\u0300 Djeddah, en Arabie Saoudite, ...","breadcrumb":{"@id":"https:\/\/www.africa-press.net\/djibouti\/economie\/participation-du-ministre-des-infrastructures-et-de-lequipement-a-la-conference-internationale-sur-lindustrie-maritime-durable-a-djeddah#breadcrumb"},"inLanguage":"fr-FR","potentialAction":[{"@type":"ReadAction","target":["https:\/\/www.africa-press.net\/djibouti\/economie\/participation-du-ministre-des-infrastructures-et-de-lequipement-a-la-conference-internationale-sur-lindustrie-maritime-durable-a-djeddah"]}]},{"@type":"ImageObject","inLanguage":"fr-FR","@id":"https:\/\/www.africa-press.net\/djibouti\/economie\/participation-du-ministre-des-infrastructures-et-de-lequipement-a-la-conference-internationale-sur-lindustrie-maritime-durable-a-djeddah#primaryimage","url":"https:\/\/static.africa-press.net\/djibouti\/sites\/52\/2023\/09\/sm_1694443833.543331.jpg","contentUrl":"https:\/\/static.africa-press.net\/djibouti\/sites\/52\/2023\/09\/sm_1694443833.543331.jpg","width":720,"height":340,"caption":"Participation du ministre des Infrastructures et de l\u2019\u00c9quipement \u00e0 la Conf\u00e9rence internationale sur l\u2019industrie maritime durable \u00e0 Djeddah"},{"@type":"BreadcrumbList","@id":"https:\/\/www.africa-press.net\/djibouti\/economie\/participation-du-ministre-des-infrastructures-et-de-lequipement-a-la-conference-internationale-sur-lindustrie-maritime-durable-a-djeddah#breadcrumb","itemListElement":[{"@type":"ListItem","position":1,"name":"Accueil","item":"https:\/\/www.africa-press.net\/djibouti\/"},{"@type":"ListItem","position":2,"name":"Participation du ministre des Infrastructures et de l\u2019\u00c9quipement \u00e0 la Conf\u00e9rence internationale sur l\u2019industrie maritime durable \u00e0 Djeddah"}]},{"@type":"WebSite","@id":"https:\/\/www.africa-press.net\/djibouti\/#website","url":"https:\/\/www.africa-press.net\/djibouti\/","name":"Djibouti","description":"Just another Africa News Agency Sites site","potentialAction":[{"@type":"SearchAction","target":{"@type":"EntryPoint","urlTemplate":"https:\/\/www.africa-press.net\/djibouti\/?s={search_term_string}"},"query-input":{"@type":"PropertyValueSpecification","valueRequired":true,"valueName":"search_term_string"}}],"inLanguage":"fr-FR"},{"@type":"Person","@id":"https:\/\/www.africa-press.net\/djibouti\/#\/schema\/person\/2b1cf3cd81a31e3cd26889ca66d677f1","name":"cfeditorfr"}]}},"_links":{"self":[{"href":"https:\/\/www.africa-press.net\/djibouti\/wp-json\/wp\/v2\/posts\/17703","targetHints":{"allow":["GET"]}}],"collection":[{"href":"https:\/\/www.africa-press.net\/djibouti\/wp-json\/wp\/v2\/posts"}],"about":[{"href":"https:\/\/www.africa-press.net\/djibouti\/wp-json\/wp\/v2\/types\/post"}],"author":[{"embeddable":true,"href":"https:\/\/www.africa-press.net\/djibouti\/wp-json\/wp\/v2\/users\/82"}],"replies":[{"embeddable":true,"href":"https:\/\/www.africa-press.net\/djibouti\/wp-json\/wp\/v2\/comments?post=17703"}],"version-history":[{"count":0,"href":"https:\/\/www.africa-press.net\/djibouti\/wp-json\/wp\/v2\/posts\/17703\/revisions"}],"wp:featuredmedia":[{"embeddable":true,"href":"https:\/\/www.africa-press.net\/djibouti\/wp-json\/wp\/v2\/media\/17701"}],"wp:attachment":[{"href":"https:\/\/www.africa-press.net\/djibouti\/wp-json\/wp\/v2\/media?parent=17703"}],"wp:term":[{"taxonomy":"category","embeddable":true,"href":"https:\/\/www.africa-press.net\/djibouti\/wp-json\/wp\/v2\/categories?post=17703"},{"taxonomy":"post_tag","embeddable":true,"href":"https:\/\/www.africa-press.net\/djibouti\/wp-json\/wp\/v2\/tags?post=17703"}],"curies":[{"name":"wp","href":"https:\/\/api.w.org\/{rel}","templated":true}]}}