{"id":17710,"date":"2023-09-11T17:56:24","date_gmt":"2023-09-11T17:56:24","guid":{"rendered":"https:\/\/www.africa-press.net\/djibouti\/politique\/il-sagit-du-premier-projet-denvergure-en-matiere-de-production-electrique-a-partir-des-energies-renouvelables-a-djibouti-qui-sinscrit-pleinement-dans-la-vision-djib"},"modified":"2023-09-11T18:23:48","modified_gmt":"2023-09-11T18:23:48","slug":"il-sagit-du-premier-projet-denvergure-en-matiere-de-production-electrique-a-partir-des-energies-renouvelables-a-djibouti-qui-sinscrit-pleinement-dans-la-vision-djib","status":"publish","type":"post","link":"https:\/\/www.africa-press.net\/djibouti\/economie\/il-sagit-du-premier-projet-denvergure-en-matiere-de-production-electrique-a-partir-des-energies-renouvelables-a-djibouti-qui-sinscrit-pleinement-dans-la-vision-djib","title":{"rendered":"\u00ab Il s\u2019agit du premier projet d\u2019envergure, en mati\u00e8re de production \u00e9lectrique \u00e0 partir des \u00e9nergies renouvelables \u00e0 Djibouti, qui s\u2019inscrit pleinement dans la Vision Djibouti 2035 du Pr\u00e9sident de la R\u00e9publique \u00bb"},"content":{"rendered":"<p><span style=\"color: #ff6600\"><strong>Africa-Press &#8211; Djibouti. <\/strong><\/span><b>Discours du PDG de l\u2019Autorite\u0301 des Ports et des Zones Franches (APZF), Aboubaker Omar Hadi<\/b><\/p>\n<p>(( Nous sommes re\u0301unis ici, aujourd\u2019hui, pourl\u2019inauguration du premier parc e\u0301olien ; une e\u0301tape majeure vers une inde\u0301pendance e\u0301nerge\u0301tique respectueuse de notre environnement.<\/p>\n<p>Permettez-moi, tout d\u2019abord, de remercier et fe\u0301liciter lePre\u0301sident de la Re\u0301publique Son Excellence Monsieur Ismai\u0308l Omar Guelleh pour la mise en place desre\u0301formes structurelles dans la libe\u0301ralisation du secteur del\u2019e\u0301nergie dans la Re\u0301publique de Djibouti, en particulierla reconnaissance du ro\u0302le du secteur prive\u0301 dans les e\u0301nergies renouvelables, en vue de ba\u0302tir une e\u0301conomie plus re\u0301siliente et promouvoir les investissements prive\u0301s. C\u2019est dans ce cadre que la ferme e\u0301olienne de 60MW est de\u0301veloppe\u0301e par un producteur d\u2019e\u0301lectricite\u0301 inde\u0301pendant Djiboutien, en l\u2019occurrence Red Sea Power qui est un consortium d\u2019investisseur compose\u0301 d\u2019Africa Finance Corporation, FMO, Climate Fund Manager et Great Horn Investment Holding.<\/p>\n<p>Il s\u2019agit e\u0301galement du premier projet d\u2019envergure, en matie\u0300re de production e\u0301lectrique a\u0300 partir des e\u0301nergies renouvelables a\u0300 Djibouti qui s\u2019inscrit pleinement dans la Vision Djibouti 2035 du Pre\u0301sident de la Re\u0301publique.<\/p>\n<p>En effet, gra\u0302ce au mode\u0300le de PPP Partenariat-Public-Prive\u0301 avec l\u2019ajout d\u2019un quatrie\u0300me P pour le Peuple, ceprojet a be\u0301ne\u0301ficie\u0301 d\u2019un financement inte\u0301gral sur fondspropres des actionnaires.<\/p>\n<p>Cette approche a facilite\u0301 lebouclage financier en 22 mois, un exploit remarquable par rapport au de\u0301veloppement classique de 3 a\u0300 5 ans pour des tels projets.<\/p>\n<p>Le succe\u0300s de ce parc pave la voie au de\u0301veloppementd\u2019une phase d\u2019extension. Cette dynamique est souligne\u0301epar l\u2019addition d\u2019une capacite\u0301 de 45 MW et 40 MW destockage de batterie comme baseload, ainsi que lefinancement du re\u0301seau e\u0301lectrique de transport vers lare\u0301gion de Tadjourah et d\u2019Obock.<\/p>\n<p>Le parc e\u0301olien de Ghoubet, plus qu\u2019une source deproduction e\u0301lectrique, contribue a\u0300<\/p>\n<p>atte\u0301nuer les effets du re\u0301chauffement climatique et repre\u0301sente une adaptation positive face au changement climatique.<\/p>\n<p>En effet, la capacite\u0301 initiale permet d\u2019e\u0301viter 252 500 tonnes d\u2019e\u0301missions de CO2 par an. Avec la phaseadditionnelle, la quantite\u0301 d\u2019e\u0301missions e\u0301vite\u0301es sera porte\u0301ea\u0300 pre\u0300s de 0,44 million de tonnes par an.<\/p>\n<p>Une initiative cruciale pour la pre\u0301servation de notre Che\u0300re Plane\u0300te. Comme le soulignait le ce\u0301le\u0300bre scientifique de renom Stephen Hawking, \u201cil n\u2019y a pas de plane\u0300te B\u201d.<\/p>\n<p>Il est a\u0300 noter aussi que ce projet inte\u0300gre un volet socialavec l\u2019installation d\u2019une unite\u0301 de dessalement d\u2019eau demer par osmose inverse, alimente\u0301e par l\u2019e\u0301nergie solaire au be\u0301ne\u0301fice des communaute\u0301s locales.<\/p>\n<p>Cette de\u0301marche s\u2019inse\u0300re dans le cadre du programme de responsabilite\u0301 sociale envers les populations re\u0301sidantdans les environs imme\u0301diats du site du projet. Ainsi, les habitants des villages de Moumina 1 et du Lac Assalauront acce\u0300s a\u0300 une source d\u2019eau potable, a\u0300 hauteur de 7000 litres par heure.<\/p>\n<p>Ce projet a e\u0301te\u0301 rendu possible gra\u0302ce a\u0300 la synergie et a\u0300 l\u2019engagement de partenaires de\u0301voue\u0301s. Je tiens a\u0300 saluerchacune des parties prenantes pour leurs expertises, etleurs de\u0301vouements qui refle\u0300tent la confiance en Djibouti etnotre aspiration partage\u0301e vers un avenir prometteur.<\/p>\n<p>La mise en service de cette centrale e\u0301olienne marque leleadership du Pre\u0301sident de la Re\u0301publique, SEM Ismail Omar Guelleh dans la transition e\u0301nerge\u0301tique, refle\u0301tant notre engagement pour un futur durable et le bien-e\u0302tre de nos citoyens.<\/p>\n<p>Je terminerai mon allocution, en re\u0301ite\u0301rant a\u0300 tous, mes since\u0300res remerciements pour votre contribution a\u0300 ce projet. Ensemble, le secteur public-prive\u0301, nous pouvonsconstruire un monde plus propre, plus prospe\u0300re et plus e\u0301quitable pour tous.))<\/p>\n<p><b>Re\u0301actions<\/b><br \/>\n<b>Djama Ali Guelleh <\/b><br \/>\n<b>Directeur ge\u0301ne\u0301ral de l\u2019EDD <\/b><\/p>\n<p>Aujourd\u2019hui, nous avons assiste\u0301 en pre\u0301sence du Pre\u0301sident de la Re\u0301publique, Son Excellence, M. Ismail Omar Guelleh, a\u0300 l\u2019inauguration du Parc Eolien de Ghoubet. Cette ce\u0301re\u0301monie a concre\u0301tise\u0301 l\u2019ave\u0300nement des e\u0301nergies e\u0301oliennes que nous avions commence\u0301, il y a plus de 5 ans. L\u2019EDD avait investi au moyen d\u2019un capital-investissement et d\u2019un pre\u0302t de la BCIMR de 60 millions de dollars, qui e\u0301quivaut 11 milliards de nos francs. Et d\u2019un financement prive\u0301 de la socie\u0301te\u0301 Shanghai e\u0301lectrique. Pour construire des lignes de transmission sur une distance de 75km (reliant Jaban\u2019As a\u0300 Ghoubet) et un grand poste de transformation ayant une capacite\u0301 de transport e\u0301lectrique de 300MW sur des lignes de transmission (double circuit).<\/p>\n<p>Ainsi pour e\u0301riger ce poste de transformation de Ghoubet, l\u2019EDD a e\u0301labore\u0301 les termes de re\u0301fe\u0301rence et le dossier technique pour concevoir, mettre en \u0153uvre et construire les lignes de transmission e\u0301lectrique et le poste de transmission a e\u0301te\u0301 conc\u0327u pour exporter l\u2019e\u0301nergie produite par le parc e\u0301olien et la future centrale ge\u0301othermique.<\/p>\n<p>En outre, le projet de parc e\u0301olien de 60 MW a\u0300 Ghoubet est le premier projet d\u2019e\u0301nergie renouvelable d\u2019envergure a\u0300 Djibouti et s\u2019inscrit dans la Vision Djibouti 2035 du pre\u0301sident Ismail Omar Guelleh. Le gouvernement ambitionne d\u2019atteindre un mixte e\u0301lectrique 100% d\u2019e\u0301nergie propres produites a\u0300 djibouti afin de se\u0301curiser l\u2019approvisionnement e\u0301nerge\u0301tique. Le poste de transformation inaugure\u0301 aujourd\u2019hui approvisionnera l\u2019industrie locale dans le pays. Le projet e\u0301olien de Ghoubet sera non seulement une opportunite\u0301 unique dans notre pays, mais aura e\u0301galement un impact significatif sur la production d\u2019e\u0301lectricite\u0301 de Djibouti. La nouvelle installation, permettra de re\u0301duire le cou\u0302t de l\u2019e\u0301lectricite\u0301, d\u2019atteindre l\u2019inde\u0301pendance e\u0301nerge\u0301tique du pays. Pour terminer je remercie e\u0301galement, l\u2019ensemble des partenaires public et prive\u0301 qui ont contribue\u0301 a\u0300 ce projet promoteur.Je fe\u0301licite par la me\u0302me occasion, l\u2019ensemble des e\u0301quipes de l\u2019EDD qui ont contribue\u0301 a\u0300 ce projet novateur et surtout, les inge\u0301nieurs qui ont assure\u0301 la supervision du projet.<\/p>\n<p><b>Samatar Mohamed <\/b><br \/>\n<b>Inge\u0301nieur e\u0301lectrique et e\u0301olien <\/b><\/p>\n<p>J\u2019ai pu assister aujourd\u2019hui, sous la houlette du pre\u0301sident de la Re\u0301publique, son Excellence M. Ismail Omar Guelleh, qui vient d\u2019inaugurer le premier parc e\u0301olien dans notre pays. En tant que diaspora a\u0300 l\u2019e\u0301tranger et inge\u0301nieur e\u0301lectrique et e\u0301olien, c\u2019est un immense plaisir de participer a\u0300 ce grand e\u0301ve\u0301nement national.Ce projet reve\u0302t une grande importance pour Djibouti. Il contribue a\u0300 la diversification des sources d\u2019e\u0301nergie du pays, assurant ainsi sa se\u0301curite\u0301 e\u0301nerge\u0301tique et son inde\u0301pendance e\u0301nerge\u0301tique.<\/p>\n<p>Comme vous le savez, la transition du secteur de l\u2019e\u0301nergie s\u2019appuie en priorite\u0301 sur le secteur prive\u0301 qui a la capacite\u0301 de re\u0301aliser les investissements ne\u0301cessaires a\u0300 la transformation du syste\u0300me e\u0301nerge\u0301tique, tel e\u0301tait le cas du projet e\u0301olien aujourd\u2019hui a\u0300 Ghoubet.<\/p>\n<p>Il y a 8 ans je re\u0302vais de participer a\u0300 la construction du projet d\u2019un parc e\u0301olien a\u0300 Djibouti et gra\u0302ce a\u0300 Dieu, aujourd\u2019hui le fruit de mon travail commence a\u0300 e\u0302tre re\u0301investi dans mon pays. Dans ma carrie\u0300re, j\u2019ai eu l\u2019opportunite\u0301 de piloter des diffe\u0301rents projets dans des pays tel que la Sue\u0300de, Norve\u0300ge, France, Co\u0302te d\u2019 Ivoire et le Cameroun.<\/p>\n<p>Aujourd\u2019hui, je suis coordinateur et chef de projet e\u0301olien a\u0300 la Great Horn Investment Holding (GHIH) et je travaille sur plusieurs projets concernant sur les e\u0301nergies renouvelables et autres.Je suis vraiment heureux de participer ce projet qui s\u2019inscrit pleinement dans la Vision Djibouti 2035 du Pre\u0301sident de la Re\u0301publique.<\/p>\n<p><b>Franc\u0327ois Maze, <\/b><br \/>\n<b>directeur du RSP (Red Sea Power)<\/b><\/p>\n<p>C\u2019est un grand honneur pour nous de voir finalement arriver a\u0300 la fin de ce projet d\u2019envergure du parc e\u0301olien de Ghoubet. C\u2019est aussi un grand honneur d\u2019avoir la visite de son Excellence le Pre\u0301sident de la Re\u0301publique de Djibouti, Monsieur Ismail Omar Guelleh. Beaucoup d\u2019invite\u0301s de prestige et de marque sont e\u0301galement venus. C\u2019\u2019est un e\u0301ve\u0301nement majeur non seulement pour Djibouti mais aussi pour la Corne d\u2019Afrique. L\u2019Afrique de l\u2019Est dispose des ressources capables de ge\u0301ne\u0301rer une quantite\u0301 conside\u0301rable d\u2019e\u0301nergie renouvelable qu\u2019elles soient e\u0301oliennes, hydrauliques ou solaires.<\/p>\n<p><b>Nagache Mohamed Gaas, <\/b><br \/>\n<b>Chef de service Energies Renouvelables au ministe\u0300re de l\u2019e\u0301nergie, charge\u0301 des ressources naturelles (MERN)<\/b><\/p>\n<p>Je travaille avec l\u2019e\u0301quipe de la direction de l\u2019e\u0301nergie renouvelable pour promouvoir l\u2019exploitation des e\u0301nergies renouvelables. En effet, ce projet consiste a\u0300 re\u0301aliser une capacite\u0301 de 60 Me\u0301gawatts, ce qui permet d\u2019augmenter e\u0301norme\u0301ment la capacite\u0301 de production d\u2019e\u0301nergie de notre pays.<\/p>\n<p>Il faut pre\u0301ciser que ce premier projet s\u2019inscrit dans la Vision Djibouti 2035 du Pre\u0301sident de la Re\u0301publique M. Ismail Omar Guelleh. Il favorise e\u0301galement le de\u0301veloppement industriel et e\u0301conomique du pays et va avoir aussi un impact sur la socie\u0301te\u0301 en cre\u0301ant des emplois et un de\u0301veloppement certain a\u0300 tout le niveau.<\/p>\n<p><b>Propos recueillis par Djibril Abdi Ali et Souber Hassan Abdi<\/b><\/p>\n\r\n                <style type=\"text\/css\">\r\n                    \r\n                    #td_uid_1_69f04d1ab7fdd  .td-doubleSlider-2 .td-item1 {\r\n                        background: url(https:\/\/static.africa-press.net\/djibouti\/sites\/52\/2023\/09\/sm_1694443886.494061-80x60.jpg) 0 0 no-repeat;\r\n                    }\r\n                    #td_uid_1_69f04d1ab7fdd  .td-doubleSlider-2 .td-item2 {\r\n                        background: url(https:\/\/static.africa-press.net\/djibouti\/sites\/52\/2023\/09\/sm_1694443907.177656-80x60.jpg) 0 0 no-repeat;\r\n                    }\r\n                    #td_uid_1_69f04d1ab7fdd  .td-doubleSlider-2 .td-item3 {\r\n                        background: url(https:\/\/static.africa-press.net\/djibouti\/sites\/52\/2023\/09\/sm_1694443924.505154-80x60.jpg) 0 0 no-repeat;\r\n                    }\r\n                    #td_uid_1_69f04d1ab7fdd  .td-doubleSlider-2 .td-item4 {\r\n                        background: url(https:\/\/static.africa-press.net\/djibouti\/sites\/52\/2023\/09\/sm_1694443944.31516-80x60.jpg) 0 0 no-repeat;\r\n                    }\r\n                <\/style>\r\n\r\n                <div id=\"td_uid_1_69f04d1ab7fdd\" class=\"td-gallery td-slide-on-2-columns\">\r\n                    <div class=\"post_td_gallery\">\r\n                        <div class=\"td-gallery-slide-top\">\r\n                           <div class=\"td-gallery-title\"><\/div>\r\n\r\n                            <div class=\"td-gallery-controls-wrapper\">\r\n                                <div class=\"td-gallery-slide-count\"><span class=\"td-gallery-slide-item-focus\">1<\/span> de 4<\/div>\r\n                                <div class=\"td-gallery-slide-prev-next-but\">\r\n                                    <i class = \"td-icon-left doubleSliderPrevButton\"><\/i>\r\n                                    <i class = \"td-icon-right doubleSliderNextButton\"><\/i>\r\n                                <\/div>\r\n                            <\/div>\r\n                        <\/div>\r\n\r\n                        <div class = \"td-doubleSlider-1 \">\r\n                            <div class = \"td-slider\">\r\n                                \r\n                    <div class = \"td-slide-item td-item1\">\r\n                        <figure class=\"td-slide-galery-figure td-slide-popup-gallery\">\r\n                            <a class=\"slide-gallery-image-link\" href=\"https:\/\/static.africa-press.net\/djibouti\/sites\/52\/2023\/09\/sm_1694443886.494061.jpg\" title=\"sm_1694443886.494061\"  data-caption=\"\"  data-description=\"\">\r\n                                <img decoding=\"async\" src=\"https:\/\/static.africa-press.net\/djibouti\/sites\/52\/2023\/09\/sm_1694443886.494061.jpg\" srcset=\"https:\/\/static.africa-press.net\/djibouti\/sites\/52\/2023\/09\/sm_1694443886.494061.jpg 1024w, https:\/\/static.africa-press.net\/djibouti\/sites\/52\/2023\/09\/sm_1694443886.494061-300x200.jpg 300w, https:\/\/static.africa-press.net\/djibouti\/sites\/52\/2023\/09\/sm_1694443886.494061-768x513.jpg 768w\" sizes=\"(max-width: 1024px) 100vw, 1024px\" alt=\"\">\r\n                            <\/a>\r\n                            \r\n                        <\/figure>\r\n                    <\/div>\r\n                    <div class = \"td-slide-item td-item2\">\r\n                        <figure class=\"td-slide-galery-figure td-slide-popup-gallery\">\r\n                            <a class=\"slide-gallery-image-link\" href=\"https:\/\/static.africa-press.net\/djibouti\/sites\/52\/2023\/09\/sm_1694443907.177656.jpg\" title=\"sm_1694443907.177656\"  data-caption=\"\"  data-description=\"\">\r\n                                <img decoding=\"async\" src=\"https:\/\/static.africa-press.net\/djibouti\/sites\/52\/2023\/09\/sm_1694443907.177656.jpg\" srcset=\"https:\/\/static.africa-press.net\/djibouti\/sites\/52\/2023\/09\/sm_1694443907.177656.jpg 553w, https:\/\/static.africa-press.net\/djibouti\/sites\/52\/2023\/09\/sm_1694443907.177656-162x300.jpg 162w\" sizes=\"(max-width: 553px) 100vw, 553px\" alt=\"\">\r\n                            <\/a>\r\n                            \r\n                        <\/figure>\r\n                    <\/div>\r\n                    <div class = \"td-slide-item td-item3\">\r\n                        <figure class=\"td-slide-galery-figure td-slide-popup-gallery\">\r\n                            <a class=\"slide-gallery-image-link\" href=\"https:\/\/static.africa-press.net\/djibouti\/sites\/52\/2023\/09\/sm_1694443924.505154.jpg\" title=\"sm_1694443924.505154\"  data-caption=\"\"  data-description=\"\">\r\n                                <img decoding=\"async\" src=\"https:\/\/static.africa-press.net\/djibouti\/sites\/52\/2023\/09\/sm_1694443924.505154.jpg\" srcset=\"https:\/\/static.africa-press.net\/djibouti\/sites\/52\/2023\/09\/sm_1694443924.505154.jpg 1024w, https:\/\/static.africa-press.net\/djibouti\/sites\/52\/2023\/09\/sm_1694443924.505154-300x200.jpg 300w, https:\/\/static.africa-press.net\/djibouti\/sites\/52\/2023\/09\/sm_1694443924.505154-768x513.jpg 768w\" sizes=\"(max-width: 1024px) 100vw, 1024px\" alt=\"\">\r\n                            <\/a>\r\n                            \r\n                        <\/figure>\r\n                    <\/div>\r\n                    <div class = \"td-slide-item td-item4\">\r\n                        <figure class=\"td-slide-galery-figure td-slide-popup-gallery\">\r\n                            <a class=\"slide-gallery-image-link\" href=\"https:\/\/static.africa-press.net\/djibouti\/sites\/52\/2023\/09\/sm_1694443944.31516.jpg\" title=\"sm_1694443944.31516\"  data-caption=\"\"  data-description=\"\">\r\n                                <img decoding=\"async\" src=\"https:\/\/static.africa-press.net\/djibouti\/sites\/52\/2023\/09\/sm_1694443944.31516.jpg\" srcset=\"https:\/\/static.africa-press.net\/djibouti\/sites\/52\/2023\/09\/sm_1694443944.31516.jpg 683w, https:\/\/static.africa-press.net\/djibouti\/sites\/52\/2023\/09\/sm_1694443944.31516-200x300.jpg 200w\" sizes=\"(max-width: 683px) 100vw, 683px\" alt=\"\">\r\n                            <\/a>\r\n                            \r\n                        <\/figure>\r\n                    <\/div>\r\n                            <\/div>\r\n                        <\/div>\r\n\r\n                        <div class = \"td-doubleSlider-2\">\r\n                            <div class = \"td-slider\">\r\n                                \r\n                    <div class = \"td-button td-item1\">\r\n                        <div class = \"td-border\"><\/div>\r\n                    <\/div>\r\n                    <div class = \"td-button td-item2\">\r\n                        <div class = \"td-border\"><\/div>\r\n                    <\/div>\r\n                    <div class = \"td-button td-item3\">\r\n                        <div class = \"td-border\"><\/div>\r\n                    <\/div>\r\n                    <div class = \"td-button td-item4\">\r\n                        <div class = \"td-border\"><\/div>\r\n                    <\/div>\r\n                            <\/div>\r\n                        <\/div>\r\n\r\n                    <\/div>\r\n\r\n                <\/div>\r\n                \n<p><strong>Pour plus d&rsquo;informations et d&rsquo;analyses sur la <a href=\"https:\/\/www.africa-press.net\/djibouti\">Djibouti<\/a>, suivez <a href=\"https:\/\/www.africa-press.net\/\">Africa-Press<\/a><\/strong><\/p>\n","protected":false},"excerpt":{"rendered":"<p>Africa-Press &#8211; Djibouti. Discours du PDG de l\u2019Autorite\u0301 des Ports et des Zones Franches (APZF), Aboubaker Omar Hadi (( Nous sommes re\u0301unis ici, aujourd\u2019hui, pourl\u2019inauguration du premier parc e\u0301olien ; une e\u0301tape majeure vers une inde\u0301pendance e\u0301nerge\u0301tique respectueuse de notre environnement. Permettez-moi, tout d\u2019abord, de remercier et fe\u0301liciter lePre\u0301sident de la Re\u0301publique Son Excellence Monsieur [&hellip;]<\/p>\n","protected":false},"author":82,"featured_media":17709,"comment_status":"open","ping_status":"closed","sticky":false,"template":"","format":"standard","meta":{"footnotes":""},"categories":[3,8,20,10],"tags":[36,49,50],"class_list":["post-17710","post","type-post","status-publish","format-standard","has-post-thumbnail","hentry","category-economie","category-photo","category-top-nouvelles","category-toutes-les-actualites","tag-africa-press","tag-africa-press-djibouti","tag-djibouti"],"yoast_head":"<!-- This site is optimized with the Yoast SEO Premium plugin v26.1 (Yoast SEO v27.0) - https:\/\/yoast.com\/product\/yoast-seo-premium-wordpress\/ -->\n<title>\u00ab Il s\u2019agit du premier projet d\u2019envergure, en mati\u00e8re de production \u00e9lectrique \u00e0 partir des \u00e9nergies renouvelables \u00e0 Djibouti, qui s\u2019inscrit pleinement dans la Vision Djibouti 2035 du Pr\u00e9sident de la R\u00e9publique \u00bb - Djibouti<\/title>\n<meta name=\"description\" content=\"Discours du PDG de l\u2019Autorite\u0301 des Ports et des Zones Franches (APZF), Aboubaker Omar Hadi (( Nous sommes re\u0301uni ...\" \/>\n<meta name=\"robots\" content=\"index, follow, max-snippet:-1, max-image-preview:large, max-video-preview:-1\" \/>\n<link rel=\"canonical\" href=\"https:\/\/www.africa-press.net\/djibouti\/economie\/il-sagit-du-premier-projet-denvergure-en-matiere-de-production-electrique-a-partir-des-energies-renouvelables-a-djibouti-qui-sinscrit-pleinement-dans-la-vision-djib\" \/>\n<meta property=\"og:locale\" content=\"fr_FR\" \/>\n<meta property=\"og:type\" content=\"article\" \/>\n<meta property=\"og:title\" content=\"\u00ab Il s\u2019agit du premier projet d\u2019envergure, en mati\u00e8re de production \u00e9lectrique \u00e0 partir des \u00e9nergies renouvelables \u00e0 Djibouti, qui s\u2019inscrit pleinement dans la Vision Djibouti 2035 du Pr\u00e9sident de la R\u00e9publique \u00bb\" \/>\n<meta property=\"og:description\" content=\"Discours du PDG de l\u2019Autorite\u0301 des Ports et des Zones Franches (APZF), Aboubaker Omar Hadi (( Nous sommes re\u0301uni ...\" \/>\n<meta property=\"og:url\" content=\"https:\/\/www.africa-press.net\/djibouti\/economie\/il-sagit-du-premier-projet-denvergure-en-matiere-de-production-electrique-a-partir-des-energies-renouvelables-a-djibouti-qui-sinscrit-pleinement-dans-la-vision-djib\" \/>\n<meta property=\"og:site_name\" content=\"Djibouti\" \/>\n<meta property=\"article:published_time\" content=\"2023-09-11T17:56:24+00:00\" \/>\n<meta property=\"article:modified_time\" content=\"2023-09-11T18:23:48+00:00\" \/>\n<meta property=\"og:image\" content=\"https:\/\/static.africa-press.net\/djibouti\/sites\/52\/2023\/09\/sm_1694443966.5774.jpg\" \/>\n\t<meta property=\"og:image:width\" content=\"720\" \/>\n\t<meta property=\"og:image:height\" content=\"324\" \/>\n\t<meta property=\"og:image:type\" content=\"image\/jpeg\" \/>\n<meta name=\"author\" content=\"cfeditorfr\" \/>\n<meta name=\"twitter:card\" content=\"summary_large_image\" \/>\n<meta name=\"twitter:label1\" content=\"\u00c9crit par\" \/>\n\t<meta name=\"twitter:data1\" content=\"cfeditorfr\" \/>\n\t<meta name=\"twitter:label2\" content=\"Dur\u00e9e de lecture estim\u00e9e\" \/>\n\t<meta name=\"twitter:data2\" content=\"8 minutes\" \/>\n<script type=\"application\/ld+json\" class=\"yoast-schema-graph\">{\"@context\":\"https:\/\/schema.org\",\"@graph\":[{\"@type\":\"Article\",\"@id\":\"https:\/\/www.africa-press.net\/djibouti\/economie\/il-sagit-du-premier-projet-denvergure-en-matiere-de-production-electrique-a-partir-des-energies-renouvelables-a-djibouti-qui-sinscrit-pleinement-dans-la-vision-djib#article\",\"isPartOf\":{\"@id\":\"https:\/\/www.africa-press.net\/djibouti\/economie\/il-sagit-du-premier-projet-denvergure-en-matiere-de-production-electrique-a-partir-des-energies-renouvelables-a-djibouti-qui-sinscrit-pleinement-dans-la-vision-djib\"},\"author\":{\"name\":\"cfeditorfr\",\"@id\":\"https:\/\/www.africa-press.net\/djibouti\/#\/schema\/person\/2b1cf3cd81a31e3cd26889ca66d677f1\"},\"headline\":\"\u00ab Il s\u2019agit du premier projet d\u2019envergure, en mati\u00e8re de production \u00e9lectrique \u00e0 partir des \u00e9nergies renouvelables \u00e0 Djibouti, qui s\u2019inscrit pleinement dans la Vision Djibouti 2035 du Pr\u00e9sident de la R\u00e9publique \u00bb\",\"datePublished\":\"2023-09-11T17:56:24+00:00\",\"dateModified\":\"2023-09-11T18:23:48+00:00\",\"mainEntityOfPage\":{\"@id\":\"https:\/\/www.africa-press.net\/djibouti\/economie\/il-sagit-du-premier-projet-denvergure-en-matiere-de-production-electrique-a-partir-des-energies-renouvelables-a-djibouti-qui-sinscrit-pleinement-dans-la-vision-djib\"},\"wordCount\":1664,\"commentCount\":0,\"image\":{\"@id\":\"https:\/\/www.africa-press.net\/djibouti\/economie\/il-sagit-du-premier-projet-denvergure-en-matiere-de-production-electrique-a-partir-des-energies-renouvelables-a-djibouti-qui-sinscrit-pleinement-dans-la-vision-djib#primaryimage\"},\"thumbnailUrl\":\"https:\/\/static.africa-press.net\/djibouti\/sites\/52\/2023\/09\/sm_1694443966.5774.jpg\",\"keywords\":[\"Africa Press\",\"Africa Press-Djibouti\",\"Djibouti\"],\"articleSection\":[\"\u00c9conomie\",\"Photo\",\"Top Nouvelles\",\"Toutes les actualit\u00e9s\"],\"inLanguage\":\"fr-FR\",\"potentialAction\":[{\"@type\":\"CommentAction\",\"name\":\"Comment\",\"target\":[\"https:\/\/www.africa-press.net\/djibouti\/economie\/il-sagit-du-premier-projet-denvergure-en-matiere-de-production-electrique-a-partir-des-energies-renouvelables-a-djibouti-qui-sinscrit-pleinement-dans-la-vision-djib#respond\"]}]},{\"@type\":\"WebPage\",\"@id\":\"https:\/\/www.africa-press.net\/djibouti\/economie\/il-sagit-du-premier-projet-denvergure-en-matiere-de-production-electrique-a-partir-des-energies-renouvelables-a-djibouti-qui-sinscrit-pleinement-dans-la-vision-djib\",\"url\":\"https:\/\/www.africa-press.net\/djibouti\/economie\/il-sagit-du-premier-projet-denvergure-en-matiere-de-production-electrique-a-partir-des-energies-renouvelables-a-djibouti-qui-sinscrit-pleinement-dans-la-vision-djib\",\"name\":\"\u00ab Il s\u2019agit du premier projet d\u2019envergure, en mati\u00e8re de production \u00e9lectrique \u00e0 partir des \u00e9nergies renouvelables \u00e0 Djibouti, qui s\u2019inscrit pleinement dans la Vision Djibouti 2035 du Pr\u00e9sident de la R\u00e9publique \u00bb - Djibouti\",\"isPartOf\":{\"@id\":\"https:\/\/www.africa-press.net\/djibouti\/#website\"},\"primaryImageOfPage\":{\"@id\":\"https:\/\/www.africa-press.net\/djibouti\/economie\/il-sagit-du-premier-projet-denvergure-en-matiere-de-production-electrique-a-partir-des-energies-renouvelables-a-djibouti-qui-sinscrit-pleinement-dans-la-vision-djib#primaryimage\"},\"image\":{\"@id\":\"https:\/\/www.africa-press.net\/djibouti\/economie\/il-sagit-du-premier-projet-denvergure-en-matiere-de-production-electrique-a-partir-des-energies-renouvelables-a-djibouti-qui-sinscrit-pleinement-dans-la-vision-djib#primaryimage\"},\"thumbnailUrl\":\"https:\/\/static.africa-press.net\/djibouti\/sites\/52\/2023\/09\/sm_1694443966.5774.jpg\",\"datePublished\":\"2023-09-11T17:56:24+00:00\",\"dateModified\":\"2023-09-11T18:23:48+00:00\",\"author\":{\"@id\":\"https:\/\/www.africa-press.net\/djibouti\/#\/schema\/person\/2b1cf3cd81a31e3cd26889ca66d677f1\"},\"description\":\"Discours du PDG de l\u2019Autorite\u0301 des Ports et des Zones Franches (APZF), Aboubaker Omar Hadi (( Nous sommes re\u0301uni ...\",\"breadcrumb\":{\"@id\":\"https:\/\/www.africa-press.net\/djibouti\/economie\/il-sagit-du-premier-projet-denvergure-en-matiere-de-production-electrique-a-partir-des-energies-renouvelables-a-djibouti-qui-sinscrit-pleinement-dans-la-vision-djib#breadcrumb\"},\"inLanguage\":\"fr-FR\",\"potentialAction\":[{\"@type\":\"ReadAction\",\"target\":[\"https:\/\/www.africa-press.net\/djibouti\/economie\/il-sagit-du-premier-projet-denvergure-en-matiere-de-production-electrique-a-partir-des-energies-renouvelables-a-djibouti-qui-sinscrit-pleinement-dans-la-vision-djib\"]}]},{\"@type\":\"ImageObject\",\"inLanguage\":\"fr-FR\",\"@id\":\"https:\/\/www.africa-press.net\/djibouti\/economie\/il-sagit-du-premier-projet-denvergure-en-matiere-de-production-electrique-a-partir-des-energies-renouvelables-a-djibouti-qui-sinscrit-pleinement-dans-la-vision-djib#primaryimage\",\"url\":\"https:\/\/static.africa-press.net\/djibouti\/sites\/52\/2023\/09\/sm_1694443966.5774.jpg\",\"contentUrl\":\"https:\/\/static.africa-press.net\/djibouti\/sites\/52\/2023\/09\/sm_1694443966.5774.jpg\",\"width\":720,\"height\":324,\"caption\":\"\u00ab Il s\u2019agit du premier projet d\u2019envergure, en mati\u00e8re de production \u00e9lectrique \u00e0 partir des \u00e9nergies renouvelables \u00e0 Djibouti, qui s\u2019inscrit pleinement dans la Vision Djibouti 2035 du Pr\u00e9sident de la R\u00e9publique \u00bb\"},{\"@type\":\"BreadcrumbList\",\"@id\":\"https:\/\/www.africa-press.net\/djibouti\/economie\/il-sagit-du-premier-projet-denvergure-en-matiere-de-production-electrique-a-partir-des-energies-renouvelables-a-djibouti-qui-sinscrit-pleinement-dans-la-vision-djib#breadcrumb\",\"itemListElement\":[{\"@type\":\"ListItem\",\"position\":1,\"name\":\"Accueil\",\"item\":\"https:\/\/www.africa-press.net\/djibouti\/\"},{\"@type\":\"ListItem\",\"position\":2,\"name\":\"\u00ab Il s\u2019agit du premier projet d\u2019envergure, en mati\u00e8re de production \u00e9lectrique \u00e0 partir des \u00e9nergies renouvelables \u00e0 Djibouti, qui s\u2019inscrit pleinement dans la Vision Djibouti 2035 du Pr\u00e9sident de la R\u00e9publique \u00bb\"}]},{\"@type\":\"WebSite\",\"@id\":\"https:\/\/www.africa-press.net\/djibouti\/#website\",\"url\":\"https:\/\/www.africa-press.net\/djibouti\/\",\"name\":\"Djibouti\",\"description\":\"Just another Africa News Agency Sites site\",\"potentialAction\":[{\"@type\":\"SearchAction\",\"target\":{\"@type\":\"EntryPoint\",\"urlTemplate\":\"https:\/\/www.africa-press.net\/djibouti\/?s={search_term_string}\"},\"query-input\":{\"@type\":\"PropertyValueSpecification\",\"valueRequired\":true,\"valueName\":\"search_term_string\"}}],\"inLanguage\":\"fr-FR\"},{\"@type\":\"Person\",\"@id\":\"https:\/\/www.africa-press.net\/djibouti\/#\/schema\/person\/2b1cf3cd81a31e3cd26889ca66d677f1\",\"name\":\"cfeditorfr\"}]}<\/script>\n<!-- \/ Yoast SEO Premium plugin. -->","yoast_head_json":{"title":"\u00ab Il s\u2019agit du premier projet d\u2019envergure, en mati\u00e8re de production \u00e9lectrique \u00e0 partir des \u00e9nergies renouvelables \u00e0 Djibouti, qui s\u2019inscrit pleinement dans la Vision Djibouti 2035 du Pr\u00e9sident de la R\u00e9publique \u00bb - Djibouti","description":"Discours du PDG de l\u2019Autorite\u0301 des Ports et des Zones Franches (APZF), Aboubaker Omar Hadi (( Nous sommes re\u0301uni ...","robots":{"index":"index","follow":"follow","max-snippet":"max-snippet:-1","max-image-preview":"max-image-preview:large","max-video-preview":"max-video-preview:-1"},"canonical":"https:\/\/www.africa-press.net\/djibouti\/economie\/il-sagit-du-premier-projet-denvergure-en-matiere-de-production-electrique-a-partir-des-energies-renouvelables-a-djibouti-qui-sinscrit-pleinement-dans-la-vision-djib","og_locale":"fr_FR","og_type":"article","og_title":"\u00ab Il s\u2019agit du premier projet d\u2019envergure, en mati\u00e8re de production \u00e9lectrique \u00e0 partir des \u00e9nergies renouvelables \u00e0 Djibouti, qui s\u2019inscrit pleinement dans la Vision Djibouti 2035 du Pr\u00e9sident de la R\u00e9publique \u00bb","og_description":"Discours du PDG de l\u2019Autorite\u0301 des Ports et des Zones Franches (APZF), Aboubaker Omar Hadi (( Nous sommes re\u0301uni ...","og_url":"https:\/\/www.africa-press.net\/djibouti\/economie\/il-sagit-du-premier-projet-denvergure-en-matiere-de-production-electrique-a-partir-des-energies-renouvelables-a-djibouti-qui-sinscrit-pleinement-dans-la-vision-djib","og_site_name":"Djibouti","article_published_time":"2023-09-11T17:56:24+00:00","article_modified_time":"2023-09-11T18:23:48+00:00","og_image":[{"width":720,"height":324,"url":"https:\/\/static.africa-press.net\/djibouti\/sites\/52\/2023\/09\/sm_1694443966.5774.jpg","type":"image\/jpeg"}],"author":"cfeditorfr","twitter_card":"summary_large_image","twitter_misc":{"\u00c9crit par":"cfeditorfr","Dur\u00e9e de lecture estim\u00e9e":"8 minutes"},"schema":{"@context":"https:\/\/schema.org","@graph":[{"@type":"Article","@id":"https:\/\/www.africa-press.net\/djibouti\/economie\/il-sagit-du-premier-projet-denvergure-en-matiere-de-production-electrique-a-partir-des-energies-renouvelables-a-djibouti-qui-sinscrit-pleinement-dans-la-vision-djib#article","isPartOf":{"@id":"https:\/\/www.africa-press.net\/djibouti\/economie\/il-sagit-du-premier-projet-denvergure-en-matiere-de-production-electrique-a-partir-des-energies-renouvelables-a-djibouti-qui-sinscrit-pleinement-dans-la-vision-djib"},"author":{"name":"cfeditorfr","@id":"https:\/\/www.africa-press.net\/djibouti\/#\/schema\/person\/2b1cf3cd81a31e3cd26889ca66d677f1"},"headline":"\u00ab Il s\u2019agit du premier projet d\u2019envergure, en mati\u00e8re de production \u00e9lectrique \u00e0 partir des \u00e9nergies renouvelables \u00e0 Djibouti, qui s\u2019inscrit pleinement dans la Vision Djibouti 2035 du Pr\u00e9sident de la R\u00e9publique \u00bb","datePublished":"2023-09-11T17:56:24+00:00","dateModified":"2023-09-11T18:23:48+00:00","mainEntityOfPage":{"@id":"https:\/\/www.africa-press.net\/djibouti\/economie\/il-sagit-du-premier-projet-denvergure-en-matiere-de-production-electrique-a-partir-des-energies-renouvelables-a-djibouti-qui-sinscrit-pleinement-dans-la-vision-djib"},"wordCount":1664,"commentCount":0,"image":{"@id":"https:\/\/www.africa-press.net\/djibouti\/economie\/il-sagit-du-premier-projet-denvergure-en-matiere-de-production-electrique-a-partir-des-energies-renouvelables-a-djibouti-qui-sinscrit-pleinement-dans-la-vision-djib#primaryimage"},"thumbnailUrl":"https:\/\/static.africa-press.net\/djibouti\/sites\/52\/2023\/09\/sm_1694443966.5774.jpg","keywords":["Africa Press","Africa Press-Djibouti","Djibouti"],"articleSection":["\u00c9conomie","Photo","Top Nouvelles","Toutes les actualit\u00e9s"],"inLanguage":"fr-FR","potentialAction":[{"@type":"CommentAction","name":"Comment","target":["https:\/\/www.africa-press.net\/djibouti\/economie\/il-sagit-du-premier-projet-denvergure-en-matiere-de-production-electrique-a-partir-des-energies-renouvelables-a-djibouti-qui-sinscrit-pleinement-dans-la-vision-djib#respond"]}]},{"@type":"WebPage","@id":"https:\/\/www.africa-press.net\/djibouti\/economie\/il-sagit-du-premier-projet-denvergure-en-matiere-de-production-electrique-a-partir-des-energies-renouvelables-a-djibouti-qui-sinscrit-pleinement-dans-la-vision-djib","url":"https:\/\/www.africa-press.net\/djibouti\/economie\/il-sagit-du-premier-projet-denvergure-en-matiere-de-production-electrique-a-partir-des-energies-renouvelables-a-djibouti-qui-sinscrit-pleinement-dans-la-vision-djib","name":"\u00ab Il s\u2019agit du premier projet d\u2019envergure, en mati\u00e8re de production \u00e9lectrique \u00e0 partir des \u00e9nergies renouvelables \u00e0 Djibouti, qui s\u2019inscrit pleinement dans la Vision Djibouti 2035 du Pr\u00e9sident de la R\u00e9publique \u00bb - Djibouti","isPartOf":{"@id":"https:\/\/www.africa-press.net\/djibouti\/#website"},"primaryImageOfPage":{"@id":"https:\/\/www.africa-press.net\/djibouti\/economie\/il-sagit-du-premier-projet-denvergure-en-matiere-de-production-electrique-a-partir-des-energies-renouvelables-a-djibouti-qui-sinscrit-pleinement-dans-la-vision-djib#primaryimage"},"image":{"@id":"https:\/\/www.africa-press.net\/djibouti\/economie\/il-sagit-du-premier-projet-denvergure-en-matiere-de-production-electrique-a-partir-des-energies-renouvelables-a-djibouti-qui-sinscrit-pleinement-dans-la-vision-djib#primaryimage"},"thumbnailUrl":"https:\/\/static.africa-press.net\/djibouti\/sites\/52\/2023\/09\/sm_1694443966.5774.jpg","datePublished":"2023-09-11T17:56:24+00:00","dateModified":"2023-09-11T18:23:48+00:00","author":{"@id":"https:\/\/www.africa-press.net\/djibouti\/#\/schema\/person\/2b1cf3cd81a31e3cd26889ca66d677f1"},"description":"Discours du PDG de l\u2019Autorite\u0301 des Ports et des Zones Franches (APZF), Aboubaker Omar Hadi (( Nous sommes re\u0301uni ...","breadcrumb":{"@id":"https:\/\/www.africa-press.net\/djibouti\/economie\/il-sagit-du-premier-projet-denvergure-en-matiere-de-production-electrique-a-partir-des-energies-renouvelables-a-djibouti-qui-sinscrit-pleinement-dans-la-vision-djib#breadcrumb"},"inLanguage":"fr-FR","potentialAction":[{"@type":"ReadAction","target":["https:\/\/www.africa-press.net\/djibouti\/economie\/il-sagit-du-premier-projet-denvergure-en-matiere-de-production-electrique-a-partir-des-energies-renouvelables-a-djibouti-qui-sinscrit-pleinement-dans-la-vision-djib"]}]},{"@type":"ImageObject","inLanguage":"fr-FR","@id":"https:\/\/www.africa-press.net\/djibouti\/economie\/il-sagit-du-premier-projet-denvergure-en-matiere-de-production-electrique-a-partir-des-energies-renouvelables-a-djibouti-qui-sinscrit-pleinement-dans-la-vision-djib#primaryimage","url":"https:\/\/static.africa-press.net\/djibouti\/sites\/52\/2023\/09\/sm_1694443966.5774.jpg","contentUrl":"https:\/\/static.africa-press.net\/djibouti\/sites\/52\/2023\/09\/sm_1694443966.5774.jpg","width":720,"height":324,"caption":"\u00ab Il s\u2019agit du premier projet d\u2019envergure, en mati\u00e8re de production \u00e9lectrique \u00e0 partir des \u00e9nergies renouvelables \u00e0 Djibouti, qui s\u2019inscrit pleinement dans la Vision Djibouti 2035 du Pr\u00e9sident de la R\u00e9publique \u00bb"},{"@type":"BreadcrumbList","@id":"https:\/\/www.africa-press.net\/djibouti\/economie\/il-sagit-du-premier-projet-denvergure-en-matiere-de-production-electrique-a-partir-des-energies-renouvelables-a-djibouti-qui-sinscrit-pleinement-dans-la-vision-djib#breadcrumb","itemListElement":[{"@type":"ListItem","position":1,"name":"Accueil","item":"https:\/\/www.africa-press.net\/djibouti\/"},{"@type":"ListItem","position":2,"name":"\u00ab Il s\u2019agit du premier projet d\u2019envergure, en mati\u00e8re de production \u00e9lectrique \u00e0 partir des \u00e9nergies renouvelables \u00e0 Djibouti, qui s\u2019inscrit pleinement dans la Vision Djibouti 2035 du Pr\u00e9sident de la R\u00e9publique \u00bb"}]},{"@type":"WebSite","@id":"https:\/\/www.africa-press.net\/djibouti\/#website","url":"https:\/\/www.africa-press.net\/djibouti\/","name":"Djibouti","description":"Just another Africa News Agency Sites site","potentialAction":[{"@type":"SearchAction","target":{"@type":"EntryPoint","urlTemplate":"https:\/\/www.africa-press.net\/djibouti\/?s={search_term_string}"},"query-input":{"@type":"PropertyValueSpecification","valueRequired":true,"valueName":"search_term_string"}}],"inLanguage":"fr-FR"},{"@type":"Person","@id":"https:\/\/www.africa-press.net\/djibouti\/#\/schema\/person\/2b1cf3cd81a31e3cd26889ca66d677f1","name":"cfeditorfr"}]}},"_links":{"self":[{"href":"https:\/\/www.africa-press.net\/djibouti\/wp-json\/wp\/v2\/posts\/17710","targetHints":{"allow":["GET"]}}],"collection":[{"href":"https:\/\/www.africa-press.net\/djibouti\/wp-json\/wp\/v2\/posts"}],"about":[{"href":"https:\/\/www.africa-press.net\/djibouti\/wp-json\/wp\/v2\/types\/post"}],"author":[{"embeddable":true,"href":"https:\/\/www.africa-press.net\/djibouti\/wp-json\/wp\/v2\/users\/82"}],"replies":[{"embeddable":true,"href":"https:\/\/www.africa-press.net\/djibouti\/wp-json\/wp\/v2\/comments?post=17710"}],"version-history":[{"count":0,"href":"https:\/\/www.africa-press.net\/djibouti\/wp-json\/wp\/v2\/posts\/17710\/revisions"}],"wp:featuredmedia":[{"embeddable":true,"href":"https:\/\/www.africa-press.net\/djibouti\/wp-json\/wp\/v2\/media\/17709"}],"wp:attachment":[{"href":"https:\/\/www.africa-press.net\/djibouti\/wp-json\/wp\/v2\/media?parent=17710"}],"wp:term":[{"taxonomy":"category","embeddable":true,"href":"https:\/\/www.africa-press.net\/djibouti\/wp-json\/wp\/v2\/categories?post=17710"},{"taxonomy":"post_tag","embeddable":true,"href":"https:\/\/www.africa-press.net\/djibouti\/wp-json\/wp\/v2\/tags?post=17710"}],"curies":[{"name":"wp","href":"https:\/\/api.w.org\/{rel}","templated":true}]}}