{"id":17713,"date":"2023-09-11T17:56:58","date_gmt":"2023-09-11T17:56:58","guid":{"rendered":"https:\/\/www.africa-press.net\/djibouti\/politique\/ce-parc-eolien-incarne-lambition-de-notre-pays-de-developper-a-grande-echelle-les-energies-renouvelables"},"modified":"2023-09-11T18:24:17","modified_gmt":"2023-09-11T18:24:17","slug":"ce-parc-eolien-incarne-lambition-de-notre-pays-de-developper-a-grande-echelle-les-energies-renouvelables","status":"publish","type":"post","link":"https:\/\/www.africa-press.net\/djibouti\/economie\/ce-parc-eolien-incarne-lambition-de-notre-pays-de-developper-a-grande-echelle-les-energies-renouvelables","title":{"rendered":"\u00ab Ce parc \u00e9olien incarne l\u2019ambition de notre pays de d\u00e9velopper \u00e0 grande \u00e9chelle les \u00e9nergies renouvelables \u00bb"},"content":{"rendered":"<p><span style=\"color: #ff6600\"><strong>Africa-Press &#8211; Djibouti. <\/strong><\/span><b>Le discours du ministre de l\u2019Energie, charge\u0301 des Ressources Naturelles, Yonis Ali Guedi, a\u0300 l\u2019occasion de la ce\u0301re\u0301monie d\u2019inauguration du parc e\u0301olien de Ghoubet.<\/b><\/p>\n<p>(( Il y a des moments dans l\u2019histoire d\u2019un pays, a\u0300 graver dans le marbre.Et l\u2019e\u0301ve\u0300nementqui nous re\u0301unit aujourd\u2019hui,hautement strate\u0301gique pour notre avenir e\u0301nerge\u0301tique, en est un des plus marquants. C\u2019est donc avec une grande joie que nous inaugurons ensemble, sur le site du Ghoubet, le premier parc e\u0301olien de l\u2019histoire de notre pays.<\/p>\n<p><b>Excellence, Monsieur le Pre\u0301sident de la Re\u0301publique,<\/b><\/p>\n<p>Votre pre\u0301sence parmi nous, ce matin, a\u0300 cette ce\u0301re\u0301monie d\u2019inauguration de la Centrale e\u0301olienne nous honore tout particulie\u0300rement et refle\u0300te l\u2019importance capitale que vous accordez a\u0300 l\u2019essor du secteur de l\u2019e\u0301nergie de notre pays.<\/p>\n<p>Elle est aussi un fort te\u0301moignage de votre attachement au de\u0301veloppement des e\u0301nergies renouvelables dans notre pays en ge\u0301ne\u0301ral et des e\u0301nergies e\u0301oliennes en particulier.<\/p>\n<p><b>Mesdames et Messieurs,<\/b><\/p>\n<p>Le secteur de l\u2019e\u0301nergieest marque\u0301 concomitamment par l\u2019accroissement soutenu de la demande e\u0301nerge\u0301tique surtout en pe\u0301riode estivale et par une de\u0301pendance e\u0301nerge\u0301tique forte vis-a\u0300-vis de l\u2019exte\u0301rieur, avec une pre\u0301dominance des e\u0301nergies fossiles, grandes e\u0301mettrices de gaz a\u0300 effet de serre.<\/p>\n<p>Face aux de\u0301re\u0300glements climatiques que cela induit, le de\u0301veloppement des e\u0301nergies propres renouvelables n\u2019est plus une question de choix mais pluto\u0302t une ne\u0301cessite\u0301 impe\u0301rieusepour notre pays afin de relever ce de\u0301fi.<\/p>\n<p>Comme vous le savez tous, notre pays jouit d\u2019un e\u0301norme potentiel d\u2019e\u0301nergies renouvelables.C\u2019est donc conscient des enjeux et afin de tirer profit de notre potentiel e\u0301nerge\u0301tique,le Gouvernement, sous le leadership du Pre\u0301sident de la Re\u0301publique, Son Excellence Monsieur Ismail Omar Guelleh, a e\u0301rige\u0301 le secteur de l\u2019e\u0301nergie au rang de priorite\u0301 nationale.<\/p>\n<p>Le Ministe\u0300re de l\u2019Energie, charge\u0301 des Ressources Naturelles que j\u2019ai l\u2019insigne honneur de diriger, n\u2019a me\u0301nage\u0301 aucun effort, en vue de concre\u0301tiser sur le terrain la volonte\u0301 pre\u0301sidentielle, celle de la monte\u0301e en puissance des e\u0301nergies renouvelables, en activant en me\u0302me temps, tous les leviers de de\u0301veloppement de ces e\u0301nergies, qu\u2019elles soient e\u0301oliennes, solaires, ge\u0301othermiques, ou encore issue de la mare\u0301e motrice, sans oublier l\u2019e\u0301nergie du futur, l\u2019hydroge\u0300ne vert.<\/p>\n<p>La ce\u0301re\u0301monie de ce jour particulier s\u2019inscrit donc dans le cadre de cette strate\u0301gie de de\u0301ploiement de ces e\u0301nergies durableset disponibles au niveau national.<\/p>\n<p>Ce parc e\u0301olien, enfin ope\u0301rationnel, te\u0301moignede la reprise en main de notre syste\u0300me e\u0301nerge\u0301tique et incarne e\u0301galement l\u2019ambition de notre pays de de\u0301velopper a\u0300 grande e\u0301chelle les e\u0301nergies renouvelables.<\/p>\n<p>Il constitue, a\u0300 juste titre, le premier projet de grande envergure d\u2019e\u0301nergies renouvelables re\u0301alise\u0301 depuis l\u2019adoption de la loi sur les producteurs inde\u0301pendants d\u2019e\u0301lectricite\u0301 qui libe\u0301ralise de facto le marche\u0301 de la production d\u2019e\u0301lectricite\u0301 dans notre pays.<\/p>\n<p>Il est, par ailleurs, acheve\u0301 en conformite\u0301 avec la politique de de\u0301veloppement des e\u0301nergies propres, laquellede\u0301coule de la Vision Djibouti 2035 du Pre\u0301sident de la Re\u0301publique, Son Excellence Monsieur Ismail Omar Guelleh. En outre, cette infrastructure, structure\u0301e sur le mode\u0300le de Partenariat Public-Prive\u0301 (PPP), est le fruit de la collaboration fructueuse et efficiente entre l\u2019Etat et des investisseurs prive\u0301s nationaux et internationaux qui ont conjugue\u0301 ensemble leurs efforts pour que ce projet d\u2019envergure soit concre\u0301tise\u0301. Par ailleurs, la mise en service de ce parc e\u0301olien s\u2019inte\u0300greparfaitement dans le cadre de l\u2019Objectif de De\u0301veloppement Durable \u2018\u2018ODD N\u00b07\u2019\u2019de l\u2019Agenda 2030 des Nations-Unies, qui vise a\u0300 garantir l\u2019acce\u0300s de tous a\u0300 des services e\u0301nerge\u0301tiques fiables, durables et modernes, a\u0300 un cou\u0302t abordable.<\/p>\n<p><b>Mesdames et Messieurs,<\/b><\/p>\n<p>Il convient de rappeler que le choix du site de Ghoubet pour l\u2019installation de la premie\u0300re centrale e\u0301olienne de notre pays n\u2019est pas anodin.<\/p>\n<p>Au regard des e\u0301tudes mene\u0301es depuis de nombreuses anne\u0301es, ce choix s\u2019est fait tout naturellement car c\u2019est une zone propice ou\u0300 toutes les conditions sont re\u0301unies pour l\u2019imple\u0301mentation d\u2019un tel projet. En effet, c\u2019est l\u2019un des meilleurs endroits venteux de notre pays pour produire de l\u2019e\u0301nergie e\u0301olienne. La fre\u0301quence des vents y est permanente avec des vitesses oscillant de 15 a\u0300 28 me\u0300tres par seconde (surtout en pe\u0301riode de pointe) et donc le potentiel est prometteur.<\/p>\n<p>Ce parc e\u0301olien, en de\u0301pit du retard pris dans sa livraison initialement pre\u0301vue, pour cause de crise sanitaire (Covid 19), arrive toutefois a\u0300 point nomme\u0301.<\/p>\n<p>Il estconstruit dans le strict respect des normes et standards internationaux. Il comprend au total 17 turbines re\u0301parties sur une surface de 395 hectares. Sa capacite\u0301 de production e\u0301nerge\u0301tiqueest de l\u2019ordre de 60 Me\u0301gawatts. L\u2019e\u0301lectricite\u0301 produiteestinjecte\u0301e au re\u0301seau e\u0301lectrique national de distribution de l\u2019EDD.Elle transite via une ligne de transmission ae\u0301rienne de 230 Kilovolts d\u2019une longueur de 75 Kilome\u0300tres reliant le poste transformateur de Ghoubet a\u0300 celui de Jaban\u2019as. Elle constitue la 1e\u0300re phase d\u2019interconnexion e\u0301lectrique du Sud au Nord qui sera biento\u0302t e\u0301tendue dans tout le pays avec la re\u0301alisation d\u2019autres projets e\u0301nerge\u0301tiques structurants.<\/p>\n<p>Au-dela\u0300 des aspects inhe\u0301rents a\u0300 la production e\u0301lectrique et avec l\u2019appui du Chef de l\u2019Etat, nous avons inte\u0301gre\u0301a\u0300 ce projet, un volet social comprenant la construction d\u2019une usine de dessalement de l\u2019eau de mer gra\u0302ce a\u0300 une technique d\u2019e\u0301nergie solaire photovoltai\u0308que et l\u2019installation d\u2019une mini-centrale solaire de 70 KVA a\u0300 Moumina 1 afin que les populations habitants dans les villages environnants puissent be\u0301ne\u0301ficientnon seulement de l\u2019acce\u0300s a\u0300 l\u2019eau potable mais aussi de l\u2019e\u0301lectricite\u0301.<\/p>\n<p><b>Mesdames et Messieurs,<\/b><\/p>\n<p>L\u2019e\u0301nergie e\u0301olienne ainsi produite porte en elle des atouts conside\u0301rables. Ses caracte\u0301ristiques et ses applications pre\u0301sentent des nombreux avantages :<\/p>\n<p>C\u2019est une e\u0301nergie propre, abondante et ine\u0301puisable. Elle ne ne\u0301cessite aucun carburant, n\u2019e\u0301met pas de gaz a\u0300 effet de serre et ne produit pas de de\u0301chets toxiques ou radioactifs. Son bilan environnemental est indiscutable et elle se substitue aux e\u0301nergies fossiles. En outre, c\u2019est un mode\u0300le e\u0301nerge\u0301tique durable, compe\u0301titif et plus su\u0302r,du fait de son accessibilite\u0301 et de sa disponibilite\u0301 a\u0300 moindre cou\u0302t. De plus, c\u2019est une e\u0301nergie verte100% Djiboutienne, entie\u0300rement produite au niveau national.<\/p>\n<p><b>Mesdames et Messieurs,<\/b><\/p>\n<p>Avant de clore mon propos, je profite de cette occasion pour remercier chaleureusement le Pre\u0301sident de la Re\u0301publique, Son Excellence Monsieur Ismail Omar Guelleh, qui a cru a\u0300 notre potentiel national en e\u0301nergies renouvelables, qui a impulse\u0301 ce projet et qui nous a soutenu constamment dans les diffe\u0301rentes phases de la concre\u0301tisation de ce projet.<\/p>\n<p>Je remercie, en second lieu,toutes les parties prenantes du projet, a\u0300 savoir, le mai\u0302tre d\u2019\u0153uvre de ce projet, la socie\u0301te\u0301 Siemens-Gamesa, le mai\u0302tre d\u2019ouvrage, la socie\u0301te\u0301 Red Sea Powersans oublier ses actionnaires, le Fonds panafricain de\u0301die\u0301 au de\u0301veloppement des infrastructures, Africa Finance Corporation, la Socie\u0301te\u0301 Ne\u0301erlandaise de Financement du De\u0301veloppement, FMO, le gestionnaire de fonds d\u2019investissement climatique ClimateFund Manageret Great Horn Investment Holding, pour leur appui technique et financier, pour la qualite\u0301 du travail accompli et pour les remarquables efforts consentis pour que ce parc e\u0301olien voit le jour dans notre pays.<\/p>\n<p>Je tiens, par ailleurs, a\u0300 fe\u0301liciter tous mes collaborateurs du Ministe\u0300redont le Directeur Ge\u0301ne\u0301ral de l\u2019EDD et son e\u0301quipe, pour l\u2019accomplissement de leurs missions respectives, avec de\u0301termination, abne\u0301gation et rigueur.<\/p>\n<p>Mes remerciements vont enfin aux responsables de toutes les institutions nationales qui ont contribue\u0301 de pre\u0300s ou de loin a\u0300 la re\u0301ussite de ce projet.))<\/p>\n<p><strong>Pour plus d&rsquo;informations et d&rsquo;analyses sur la <a href=\"https:\/\/www.africa-press.net\/djibouti\">Djibouti<\/a>, suivez <a href=\"https:\/\/www.africa-press.net\/\">Africa-Press<\/a><\/strong><\/p>\n","protected":false},"excerpt":{"rendered":"<p>Africa-Press &#8211; Djibouti. Le discours du ministre de l\u2019Energie, charge\u0301 des Ressources Naturelles, Yonis Ali Guedi, a\u0300 l\u2019occasion de la ce\u0301re\u0301monie d\u2019inauguration du parc e\u0301olien de Ghoubet. (( Il y a des moments dans l\u2019histoire d\u2019un pays, a\u0300 graver dans le marbre.Et l\u2019e\u0301ve\u0300nementqui nous re\u0301unit aujourd\u2019hui,hautement strate\u0301gique pour notre avenir e\u0301nerge\u0301tique, en est un des [&hellip;]<\/p>\n","protected":false},"author":82,"featured_media":17711,"comment_status":"open","ping_status":"closed","sticky":false,"template":"","format":"standard","meta":{"footnotes":""},"categories":[3,10],"tags":[36,49,50],"class_list":["post-17713","post","type-post","status-publish","format-standard","has-post-thumbnail","hentry","category-economie","category-toutes-les-actualites","tag-africa-press","tag-africa-press-djibouti","tag-djibouti"],"yoast_head":"<!-- This site is optimized with the Yoast SEO Premium plugin v26.1 (Yoast SEO v27.0) - https:\/\/yoast.com\/product\/yoast-seo-premium-wordpress\/ -->\n<title>\u00ab Ce parc \u00e9olien incarne l\u2019ambition de notre pays de d\u00e9velopper \u00e0 grande \u00e9chelle les \u00e9nergies renouvelables \u00bb - Djibouti<\/title>\n<meta name=\"description\" content=\"Le discours du ministre de l\u2019Energie, charge\u0301 des Ressources Naturelles, Yonis Ali Guedi, a\u0300 l\u2019occasion de la ce\u0301re\u0301m ...\" \/>\n<meta name=\"robots\" content=\"index, follow, max-snippet:-1, max-image-preview:large, max-video-preview:-1\" \/>\n<link rel=\"canonical\" href=\"https:\/\/www.africa-press.net\/djibouti\/economie\/ce-parc-eolien-incarne-lambition-de-notre-pays-de-developper-a-grande-echelle-les-energies-renouvelables\" \/>\n<meta property=\"og:locale\" content=\"fr_FR\" \/>\n<meta property=\"og:type\" content=\"article\" \/>\n<meta property=\"og:title\" content=\"\u00ab Ce parc \u00e9olien incarne l\u2019ambition de notre pays de d\u00e9velopper \u00e0 grande \u00e9chelle les \u00e9nergies renouvelables \u00bb\" \/>\n<meta property=\"og:description\" content=\"Le discours du ministre de l\u2019Energie, charge\u0301 des Ressources Naturelles, Yonis Ali Guedi, a\u0300 l\u2019occasion de la ce\u0301re\u0301m ...\" \/>\n<meta property=\"og:url\" content=\"https:\/\/www.africa-press.net\/djibouti\/economie\/ce-parc-eolien-incarne-lambition-de-notre-pays-de-developper-a-grande-echelle-les-energies-renouvelables\" \/>\n<meta property=\"og:site_name\" content=\"Djibouti\" \/>\n<meta property=\"article:published_time\" content=\"2023-09-11T17:56:58+00:00\" \/>\n<meta property=\"article:modified_time\" content=\"2023-09-11T18:24:17+00:00\" \/>\n<meta property=\"og:image\" content=\"https:\/\/static.africa-press.net\/djibouti\/sites\/52\/2023\/09\/sm_1694444012.867512.jpg\" \/>\n\t<meta property=\"og:image:width\" content=\"720\" \/>\n\t<meta property=\"og:image:height\" content=\"514\" \/>\n\t<meta property=\"og:image:type\" content=\"image\/jpeg\" \/>\n<meta name=\"author\" content=\"cfeditorfr\" \/>\n<meta name=\"twitter:card\" content=\"summary_large_image\" \/>\n<meta name=\"twitter:label1\" content=\"\u00c9crit par\" \/>\n\t<meta name=\"twitter:data1\" content=\"cfeditorfr\" \/>\n\t<meta name=\"twitter:label2\" content=\"Dur\u00e9e de lecture estim\u00e9e\" \/>\n\t<meta name=\"twitter:data2\" content=\"7 minutes\" \/>\n<script type=\"application\/ld+json\" class=\"yoast-schema-graph\">{\"@context\":\"https:\/\/schema.org\",\"@graph\":[{\"@type\":\"Article\",\"@id\":\"https:\/\/www.africa-press.net\/djibouti\/economie\/ce-parc-eolien-incarne-lambition-de-notre-pays-de-developper-a-grande-echelle-les-energies-renouvelables#article\",\"isPartOf\":{\"@id\":\"https:\/\/www.africa-press.net\/djibouti\/economie\/ce-parc-eolien-incarne-lambition-de-notre-pays-de-developper-a-grande-echelle-les-energies-renouvelables\"},\"author\":{\"name\":\"cfeditorfr\",\"@id\":\"https:\/\/www.africa-press.net\/djibouti\/#\/schema\/person\/2b1cf3cd81a31e3cd26889ca66d677f1\"},\"headline\":\"\u00ab Ce parc \u00e9olien incarne l\u2019ambition de notre pays de d\u00e9velopper \u00e0 grande \u00e9chelle les \u00e9nergies renouvelables \u00bb\",\"datePublished\":\"2023-09-11T17:56:58+00:00\",\"dateModified\":\"2023-09-11T18:24:17+00:00\",\"mainEntityOfPage\":{\"@id\":\"https:\/\/www.africa-press.net\/djibouti\/economie\/ce-parc-eolien-incarne-lambition-de-notre-pays-de-developper-a-grande-echelle-les-energies-renouvelables\"},\"wordCount\":1440,\"commentCount\":0,\"image\":{\"@id\":\"https:\/\/www.africa-press.net\/djibouti\/economie\/ce-parc-eolien-incarne-lambition-de-notre-pays-de-developper-a-grande-echelle-les-energies-renouvelables#primaryimage\"},\"thumbnailUrl\":\"https:\/\/static.africa-press.net\/djibouti\/sites\/52\/2023\/09\/sm_1694444012.867512.jpg\",\"keywords\":[\"Africa Press\",\"Africa Press-Djibouti\",\"Djibouti\"],\"articleSection\":[\"\u00c9conomie\",\"Toutes les actualit\u00e9s\"],\"inLanguage\":\"fr-FR\",\"potentialAction\":[{\"@type\":\"CommentAction\",\"name\":\"Comment\",\"target\":[\"https:\/\/www.africa-press.net\/djibouti\/economie\/ce-parc-eolien-incarne-lambition-de-notre-pays-de-developper-a-grande-echelle-les-energies-renouvelables#respond\"]}]},{\"@type\":\"WebPage\",\"@id\":\"https:\/\/www.africa-press.net\/djibouti\/economie\/ce-parc-eolien-incarne-lambition-de-notre-pays-de-developper-a-grande-echelle-les-energies-renouvelables\",\"url\":\"https:\/\/www.africa-press.net\/djibouti\/economie\/ce-parc-eolien-incarne-lambition-de-notre-pays-de-developper-a-grande-echelle-les-energies-renouvelables\",\"name\":\"\u00ab Ce parc \u00e9olien incarne l\u2019ambition de notre pays de d\u00e9velopper \u00e0 grande \u00e9chelle les \u00e9nergies renouvelables \u00bb - Djibouti\",\"isPartOf\":{\"@id\":\"https:\/\/www.africa-press.net\/djibouti\/#website\"},\"primaryImageOfPage\":{\"@id\":\"https:\/\/www.africa-press.net\/djibouti\/economie\/ce-parc-eolien-incarne-lambition-de-notre-pays-de-developper-a-grande-echelle-les-energies-renouvelables#primaryimage\"},\"image\":{\"@id\":\"https:\/\/www.africa-press.net\/djibouti\/economie\/ce-parc-eolien-incarne-lambition-de-notre-pays-de-developper-a-grande-echelle-les-energies-renouvelables#primaryimage\"},\"thumbnailUrl\":\"https:\/\/static.africa-press.net\/djibouti\/sites\/52\/2023\/09\/sm_1694444012.867512.jpg\",\"datePublished\":\"2023-09-11T17:56:58+00:00\",\"dateModified\":\"2023-09-11T18:24:17+00:00\",\"author\":{\"@id\":\"https:\/\/www.africa-press.net\/djibouti\/#\/schema\/person\/2b1cf3cd81a31e3cd26889ca66d677f1\"},\"description\":\"Le discours du ministre de l\u2019Energie, charge\u0301 des Ressources Naturelles, Yonis Ali Guedi, a\u0300 l\u2019occasion de la ce\u0301re\u0301m ...\",\"breadcrumb\":{\"@id\":\"https:\/\/www.africa-press.net\/djibouti\/economie\/ce-parc-eolien-incarne-lambition-de-notre-pays-de-developper-a-grande-echelle-les-energies-renouvelables#breadcrumb\"},\"inLanguage\":\"fr-FR\",\"potentialAction\":[{\"@type\":\"ReadAction\",\"target\":[\"https:\/\/www.africa-press.net\/djibouti\/economie\/ce-parc-eolien-incarne-lambition-de-notre-pays-de-developper-a-grande-echelle-les-energies-renouvelables\"]}]},{\"@type\":\"ImageObject\",\"inLanguage\":\"fr-FR\",\"@id\":\"https:\/\/www.africa-press.net\/djibouti\/economie\/ce-parc-eolien-incarne-lambition-de-notre-pays-de-developper-a-grande-echelle-les-energies-renouvelables#primaryimage\",\"url\":\"https:\/\/static.africa-press.net\/djibouti\/sites\/52\/2023\/09\/sm_1694444012.867512.jpg\",\"contentUrl\":\"https:\/\/static.africa-press.net\/djibouti\/sites\/52\/2023\/09\/sm_1694444012.867512.jpg\",\"width\":720,\"height\":514,\"caption\":\"\u00ab Ce parc \u00e9olien incarne l\u2019ambition de notre pays de d\u00e9velopper \u00e0 grande \u00e9chelle les \u00e9nergies renouvelables \u00bb\"},{\"@type\":\"BreadcrumbList\",\"@id\":\"https:\/\/www.africa-press.net\/djibouti\/economie\/ce-parc-eolien-incarne-lambition-de-notre-pays-de-developper-a-grande-echelle-les-energies-renouvelables#breadcrumb\",\"itemListElement\":[{\"@type\":\"ListItem\",\"position\":1,\"name\":\"Accueil\",\"item\":\"https:\/\/www.africa-press.net\/djibouti\/\"},{\"@type\":\"ListItem\",\"position\":2,\"name\":\"\u00ab Ce parc \u00e9olien incarne l\u2019ambition de notre pays de d\u00e9velopper \u00e0 grande \u00e9chelle les \u00e9nergies renouvelables \u00bb\"}]},{\"@type\":\"WebSite\",\"@id\":\"https:\/\/www.africa-press.net\/djibouti\/#website\",\"url\":\"https:\/\/www.africa-press.net\/djibouti\/\",\"name\":\"Djibouti\",\"description\":\"Just another Africa News Agency Sites site\",\"potentialAction\":[{\"@type\":\"SearchAction\",\"target\":{\"@type\":\"EntryPoint\",\"urlTemplate\":\"https:\/\/www.africa-press.net\/djibouti\/?s={search_term_string}\"},\"query-input\":{\"@type\":\"PropertyValueSpecification\",\"valueRequired\":true,\"valueName\":\"search_term_string\"}}],\"inLanguage\":\"fr-FR\"},{\"@type\":\"Person\",\"@id\":\"https:\/\/www.africa-press.net\/djibouti\/#\/schema\/person\/2b1cf3cd81a31e3cd26889ca66d677f1\",\"name\":\"cfeditorfr\"}]}<\/script>\n<!-- \/ Yoast SEO Premium plugin. -->","yoast_head_json":{"title":"\u00ab Ce parc \u00e9olien incarne l\u2019ambition de notre pays de d\u00e9velopper \u00e0 grande \u00e9chelle les \u00e9nergies renouvelables \u00bb - Djibouti","description":"Le discours du ministre de l\u2019Energie, charge\u0301 des Ressources Naturelles, Yonis Ali Guedi, a\u0300 l\u2019occasion de la ce\u0301re\u0301m ...","robots":{"index":"index","follow":"follow","max-snippet":"max-snippet:-1","max-image-preview":"max-image-preview:large","max-video-preview":"max-video-preview:-1"},"canonical":"https:\/\/www.africa-press.net\/djibouti\/economie\/ce-parc-eolien-incarne-lambition-de-notre-pays-de-developper-a-grande-echelle-les-energies-renouvelables","og_locale":"fr_FR","og_type":"article","og_title":"\u00ab Ce parc \u00e9olien incarne l\u2019ambition de notre pays de d\u00e9velopper \u00e0 grande \u00e9chelle les \u00e9nergies renouvelables \u00bb","og_description":"Le discours du ministre de l\u2019Energie, charge\u0301 des Ressources Naturelles, Yonis Ali Guedi, a\u0300 l\u2019occasion de la ce\u0301re\u0301m ...","og_url":"https:\/\/www.africa-press.net\/djibouti\/economie\/ce-parc-eolien-incarne-lambition-de-notre-pays-de-developper-a-grande-echelle-les-energies-renouvelables","og_site_name":"Djibouti","article_published_time":"2023-09-11T17:56:58+00:00","article_modified_time":"2023-09-11T18:24:17+00:00","og_image":[{"width":720,"height":514,"url":"https:\/\/static.africa-press.net\/djibouti\/sites\/52\/2023\/09\/sm_1694444012.867512.jpg","type":"image\/jpeg"}],"author":"cfeditorfr","twitter_card":"summary_large_image","twitter_misc":{"\u00c9crit par":"cfeditorfr","Dur\u00e9e de lecture estim\u00e9e":"7 minutes"},"schema":{"@context":"https:\/\/schema.org","@graph":[{"@type":"Article","@id":"https:\/\/www.africa-press.net\/djibouti\/economie\/ce-parc-eolien-incarne-lambition-de-notre-pays-de-developper-a-grande-echelle-les-energies-renouvelables#article","isPartOf":{"@id":"https:\/\/www.africa-press.net\/djibouti\/economie\/ce-parc-eolien-incarne-lambition-de-notre-pays-de-developper-a-grande-echelle-les-energies-renouvelables"},"author":{"name":"cfeditorfr","@id":"https:\/\/www.africa-press.net\/djibouti\/#\/schema\/person\/2b1cf3cd81a31e3cd26889ca66d677f1"},"headline":"\u00ab Ce parc \u00e9olien incarne l\u2019ambition de notre pays de d\u00e9velopper \u00e0 grande \u00e9chelle les \u00e9nergies renouvelables \u00bb","datePublished":"2023-09-11T17:56:58+00:00","dateModified":"2023-09-11T18:24:17+00:00","mainEntityOfPage":{"@id":"https:\/\/www.africa-press.net\/djibouti\/economie\/ce-parc-eolien-incarne-lambition-de-notre-pays-de-developper-a-grande-echelle-les-energies-renouvelables"},"wordCount":1440,"commentCount":0,"image":{"@id":"https:\/\/www.africa-press.net\/djibouti\/economie\/ce-parc-eolien-incarne-lambition-de-notre-pays-de-developper-a-grande-echelle-les-energies-renouvelables#primaryimage"},"thumbnailUrl":"https:\/\/static.africa-press.net\/djibouti\/sites\/52\/2023\/09\/sm_1694444012.867512.jpg","keywords":["Africa Press","Africa Press-Djibouti","Djibouti"],"articleSection":["\u00c9conomie","Toutes les actualit\u00e9s"],"inLanguage":"fr-FR","potentialAction":[{"@type":"CommentAction","name":"Comment","target":["https:\/\/www.africa-press.net\/djibouti\/economie\/ce-parc-eolien-incarne-lambition-de-notre-pays-de-developper-a-grande-echelle-les-energies-renouvelables#respond"]}]},{"@type":"WebPage","@id":"https:\/\/www.africa-press.net\/djibouti\/economie\/ce-parc-eolien-incarne-lambition-de-notre-pays-de-developper-a-grande-echelle-les-energies-renouvelables","url":"https:\/\/www.africa-press.net\/djibouti\/economie\/ce-parc-eolien-incarne-lambition-de-notre-pays-de-developper-a-grande-echelle-les-energies-renouvelables","name":"\u00ab Ce parc \u00e9olien incarne l\u2019ambition de notre pays de d\u00e9velopper \u00e0 grande \u00e9chelle les \u00e9nergies renouvelables \u00bb - Djibouti","isPartOf":{"@id":"https:\/\/www.africa-press.net\/djibouti\/#website"},"primaryImageOfPage":{"@id":"https:\/\/www.africa-press.net\/djibouti\/economie\/ce-parc-eolien-incarne-lambition-de-notre-pays-de-developper-a-grande-echelle-les-energies-renouvelables#primaryimage"},"image":{"@id":"https:\/\/www.africa-press.net\/djibouti\/economie\/ce-parc-eolien-incarne-lambition-de-notre-pays-de-developper-a-grande-echelle-les-energies-renouvelables#primaryimage"},"thumbnailUrl":"https:\/\/static.africa-press.net\/djibouti\/sites\/52\/2023\/09\/sm_1694444012.867512.jpg","datePublished":"2023-09-11T17:56:58+00:00","dateModified":"2023-09-11T18:24:17+00:00","author":{"@id":"https:\/\/www.africa-press.net\/djibouti\/#\/schema\/person\/2b1cf3cd81a31e3cd26889ca66d677f1"},"description":"Le discours du ministre de l\u2019Energie, charge\u0301 des Ressources Naturelles, Yonis Ali Guedi, a\u0300 l\u2019occasion de la ce\u0301re\u0301m ...","breadcrumb":{"@id":"https:\/\/www.africa-press.net\/djibouti\/economie\/ce-parc-eolien-incarne-lambition-de-notre-pays-de-developper-a-grande-echelle-les-energies-renouvelables#breadcrumb"},"inLanguage":"fr-FR","potentialAction":[{"@type":"ReadAction","target":["https:\/\/www.africa-press.net\/djibouti\/economie\/ce-parc-eolien-incarne-lambition-de-notre-pays-de-developper-a-grande-echelle-les-energies-renouvelables"]}]},{"@type":"ImageObject","inLanguage":"fr-FR","@id":"https:\/\/www.africa-press.net\/djibouti\/economie\/ce-parc-eolien-incarne-lambition-de-notre-pays-de-developper-a-grande-echelle-les-energies-renouvelables#primaryimage","url":"https:\/\/static.africa-press.net\/djibouti\/sites\/52\/2023\/09\/sm_1694444012.867512.jpg","contentUrl":"https:\/\/static.africa-press.net\/djibouti\/sites\/52\/2023\/09\/sm_1694444012.867512.jpg","width":720,"height":514,"caption":"\u00ab Ce parc \u00e9olien incarne l\u2019ambition de notre pays de d\u00e9velopper \u00e0 grande \u00e9chelle les \u00e9nergies renouvelables \u00bb"},{"@type":"BreadcrumbList","@id":"https:\/\/www.africa-press.net\/djibouti\/economie\/ce-parc-eolien-incarne-lambition-de-notre-pays-de-developper-a-grande-echelle-les-energies-renouvelables#breadcrumb","itemListElement":[{"@type":"ListItem","position":1,"name":"Accueil","item":"https:\/\/www.africa-press.net\/djibouti\/"},{"@type":"ListItem","position":2,"name":"\u00ab Ce parc \u00e9olien incarne l\u2019ambition de notre pays de d\u00e9velopper \u00e0 grande \u00e9chelle les \u00e9nergies renouvelables \u00bb"}]},{"@type":"WebSite","@id":"https:\/\/www.africa-press.net\/djibouti\/#website","url":"https:\/\/www.africa-press.net\/djibouti\/","name":"Djibouti","description":"Just another Africa News Agency Sites site","potentialAction":[{"@type":"SearchAction","target":{"@type":"EntryPoint","urlTemplate":"https:\/\/www.africa-press.net\/djibouti\/?s={search_term_string}"},"query-input":{"@type":"PropertyValueSpecification","valueRequired":true,"valueName":"search_term_string"}}],"inLanguage":"fr-FR"},{"@type":"Person","@id":"https:\/\/www.africa-press.net\/djibouti\/#\/schema\/person\/2b1cf3cd81a31e3cd26889ca66d677f1","name":"cfeditorfr"}]}},"_links":{"self":[{"href":"https:\/\/www.africa-press.net\/djibouti\/wp-json\/wp\/v2\/posts\/17713","targetHints":{"allow":["GET"]}}],"collection":[{"href":"https:\/\/www.africa-press.net\/djibouti\/wp-json\/wp\/v2\/posts"}],"about":[{"href":"https:\/\/www.africa-press.net\/djibouti\/wp-json\/wp\/v2\/types\/post"}],"author":[{"embeddable":true,"href":"https:\/\/www.africa-press.net\/djibouti\/wp-json\/wp\/v2\/users\/82"}],"replies":[{"embeddable":true,"href":"https:\/\/www.africa-press.net\/djibouti\/wp-json\/wp\/v2\/comments?post=17713"}],"version-history":[{"count":0,"href":"https:\/\/www.africa-press.net\/djibouti\/wp-json\/wp\/v2\/posts\/17713\/revisions"}],"wp:featuredmedia":[{"embeddable":true,"href":"https:\/\/www.africa-press.net\/djibouti\/wp-json\/wp\/v2\/media\/17711"}],"wp:attachment":[{"href":"https:\/\/www.africa-press.net\/djibouti\/wp-json\/wp\/v2\/media?parent=17713"}],"wp:term":[{"taxonomy":"category","embeddable":true,"href":"https:\/\/www.africa-press.net\/djibouti\/wp-json\/wp\/v2\/categories?post=17713"},{"taxonomy":"post_tag","embeddable":true,"href":"https:\/\/www.africa-press.net\/djibouti\/wp-json\/wp\/v2\/tags?post=17713"}],"curies":[{"name":"wp","href":"https:\/\/api.w.org\/{rel}","templated":true}]}}