{"id":17716,"date":"2023-09-11T17:57:13","date_gmt":"2023-09-11T17:57:13","guid":{"rendered":"https:\/\/www.africa-press.net\/djibouti\/politique\/la-construction-de-ce-parc-eolien-constitue-un-jalon-decisif-dans-le-secteur-de-lenergie"},"modified":"2023-09-11T18:24:46","modified_gmt":"2023-09-11T18:24:46","slug":"la-construction-de-ce-parc-eolien-constitue-un-jalon-decisif-dans-le-secteur-de-lenergie","status":"publish","type":"post","link":"https:\/\/www.africa-press.net\/djibouti\/politique\/la-construction-de-ce-parc-eolien-constitue-un-jalon-decisif-dans-le-secteur-de-lenergie","title":{"rendered":"\u00ab La construction de ce parc \u00e9olien constitue un jalon d\u00e9cisif dans le secteur de l\u2019\u00e9nergie \u00bb"},"content":{"rendered":"<p><span style=\"color: #ff6600\"><strong>Africa-Press &#8211; Djibouti. <\/strong><\/span><b>Nous reproduisons dans ces colonnes, dans son inte\u0301gralite\u0301, l\u2019allocution du pre\u0301sident de la Re\u0301publique, Ismai\u0308l Omar Guelleh, prononce\u0301e a\u0300 l\u2019occasion de l\u2019inauguration du parc e\u0301olien de Ghoubet.<\/b><\/p>\n<p>(( C\u2019est avec un profond honneur que je m\u2019adresse a\u0300 vous aujourd\u2019hui pour la mise en service de ce projet tant attendu. Je tiens tout d\u2019abord a\u0300 exprimer ma gratitude pour votre pre\u0301sence distingue\u0301e en cette occasion solennelle, marquant l\u2019inauguration du premier parc e\u0301olien de notre pays, ici, au Ghoubet.<\/p>\n<p>Cette re\u0301alisation reve\u0302t une importance capitale, car elle te\u0301moigne de notre vision prospective et illustre une e\u0301tape majeure et concre\u0300te de notre de\u0301veloppement. La construction de ce parc e\u0301olien, qui s\u2019inscrit dans le cadre de notre transition e\u0301nerge\u0301tique, constitue un jalon de\u0301cisif dans le secteur de l\u2019e\u0301nergie.<\/p>\n<p>Des sacrifices conside\u0301rables ont e\u0301te\u0301 consentis pour parvenir a\u0300 ce re\u0301sultat, car nous sommes convaincus que sans l\u2019augmentation de nos capacite\u0301s nationales de production e\u0301nerge\u0301tique, le de\u0301veloppement que nous souhaitons pour notre pays ne serait ni possible ni envisageable. Les nombreux projets d\u2019infrastructures d\u2019envergure que nous avons impulse\u0301s ces dernie\u0300res anne\u0301es, tels que les ports, les zones franches, le chemin de fer, ainsi que la demande e\u0301nerge\u0301tique inte\u0301rieure croissante, nous ont pousse\u0301s a\u0300 rechercher des solutions nationales pragmatiques et durables, en exploitant le vaste potentiel de notre pays en matie\u0300re d\u2019e\u0301nergies renouvelables.<\/p>\n<p><b>\u00ab Nous lancerons prochainement la construction de la centrale e\u0301lectrique solaire du Grand Bara. \u00bb<\/b><\/p>\n<p>Le parc e\u0301olien de Goubet, compose\u0301 de 17 e\u0301oliennes, produira 60 me\u0301gawatts d\u2019e\u0301nergie propre et augmentera de manie\u0300re substantielle la part des e\u0301nergies renouvelables dans notre mix e\u0301nerge\u0301tique. Une capacite\u0301 additionnelle de 45 me\u0301gawatts est de\u0301ja\u0300 pre\u0301vue pour e\u0302tre inte\u0301gre\u0301e a\u0300 notre mix e\u0301nerge\u0301tique national. Il s\u2019agit la\u0300 de garantir notre se\u0301curite\u0301 e\u0301nerge\u0301tique et me\u0302me d\u2019assurer notre inde\u0301pendance e\u0301nerge\u0301tique.<\/p>\n<p>Je me re\u0301jouis donc de cette avance\u0301e, car elle repre\u0301sente une e\u0301tape importante vers la re\u0301alisation de notre objectif de produire 100% de notre e\u0301lectricite\u0301 a\u0300 partir de sources renouvelables ine\u0301puisables d\u2019ici 2035. Nous continuons bien e\u0301videmment a\u0300 accorder un inte\u0301re\u0302t tout particulier au de\u0301veloppement d\u2019autres sources d\u2019e\u0301nergies renouvelables et nous lancerons prochainement la construction de la centrale e\u0301lectrique solaire du Grand Bara.<\/p>\n<p>La re\u0301alisation de ce parc e\u0301olien, qui inclut e\u0301galement l\u2019installation d\u2019une unite\u0301 de dessalement d\u2019eau de mer, reve\u0302t une signification particulie\u0300re pour la re\u0301gion de Ghoubet. Apre\u0300s la construction du port mine\u0301ralier, la mise en service de ce parc e\u0301olien aujourd\u2019hui et l\u2019exploitation prochaine de la ge\u0301othermie, toute cette re\u0301gion est destine\u0301e a\u0300 devenir un po\u0302le e\u0301conomique dynamique, propice au de\u0301veloppement industriel. En effet, a\u0300 travers ce projet d\u2019envergure, nous visons a\u0300 assurer une croissance inclusive et durable, favorisant un de\u0301veloppement e\u0301quilibre\u0301 des territoires afin de lutter plus efficacement contre les ine\u0301galite\u0301s sociales.<\/p>\n<p><b>\u00ab Cette re\u0301alisation reve\u0302t une importance capitale, car elle te\u0301moigne de notre vision prospective et illustre une e\u0301tape majeure et concre\u0300te de notre de\u0301veloppement. \u00bb<\/b><\/p>\n<p>Cette transition e\u0301nerge\u0301tique vers des sources propres et renouvelables pre\u0301sente de nombreux avantages e\u0301conomiques pour notre pays. Tout d\u2019abord, elle permet de re\u0301duire notre de\u0301pendance aux e\u0301nergies fossiles importe\u0301es, ce qui renforce notre se\u0301curite\u0301 e\u0301nerge\u0301tique et re\u0301duit notre facture e\u0301nerge\u0301tique. En investissant dans les e\u0301nergies renouvelables, nous cre\u0301ons e\u0301galement de nouvelles opportunite\u0301s e\u0301conomiques, en favorisant l\u2019e\u0301mergence d\u2019une industrie locale et en cre\u0301ant des emplois dans le secteur des e\u0301nergies propres.<\/p>\n<p>De plus, la transition vers des sources d\u2019e\u0301nergie propres contribue a\u0300 la lutte contre le changement climatique, en re\u0301duisant nos e\u0301missions de gaz a\u0300 effet de serre. Cela renforce notre position sur la sce\u0300ne internationale, en tant que pays engage\u0301 dans la protection de l\u2019environnement et dans la re\u0301alisation des objectifs de de\u0301veloppement durable.<\/p>\n<p>En investissant dans les e\u0301nergies renouvelables, nous ouvrons e\u0301galement la voie a\u0300 une croissance e\u0301conomique durable et inclusive. Les e\u0301nergies propres offrent de nouvelles opportunite\u0301s pour le de\u0301veloppement de secteurs tels que l\u2019agriculture, l\u2019industrie et les services, en fournissant une e\u0301nergie fiable et abordable. Cela favorise la cre\u0301ation d\u2019entreprises, l\u2019innovation et l\u2019ame\u0301lioration des conditions de vie de nos concitoyens.<\/p>\n<p><b>\u00ab Cette avance\u0301e repre\u0301sente une e\u0301tape importante vers la re\u0301alisation de notre objectif de produire 100% de notre e\u0301lectricite\u0301 a\u0300 partir de sources renouvelables ine\u0301puisables d\u2019ici 2035. \u00bb<\/b><\/p>\n<p>Face aux contraintes budge\u0301taires et a\u0300 l\u2019importance des investissements dans les infrastructures pour de\u0301velopper notre e\u0301conomie, nous avons fait le choix d\u2019associer le secteur prive\u0301 dans le cadre d\u2019un partenariat public-prive\u0301. Ce type de partenariat nous permet de be\u0301ne\u0301ficier de la technologie et de l\u2019innovation du secteur prive\u0301, de respecter les de\u0301lais et la qualite\u0301 requise, d\u2019obtenir un meilleur rapport qualite\u0301-prix a\u0300 long terme et de se\u0301curiser les fonds mobilise\u0301s par les investisseurs.<\/p>\n<p>A\u0300 cet e\u0301gard, je tiens a\u0300 adresser mes chaleureuses fe\u0301licitations a\u0300 la socie\u0301te\u0301 Red Sea Power et a\u0300 ses actionnaires, notamment l\u2019Africa Finance Corporation, la Socie\u0301te\u0301 Ne\u0301erlandaise de Financement du De\u0301veloppement, le ClimateFund Manager et le Great Horn Investment Holdings, qui ont investi plus de 122 millions de dollars US dans la re\u0301alisation de ce projet, sans oublier l\u2019Agence Multilate\u0301rale de Garantie des Investissements. Je tiens a\u0300 leur exprimer ma profonde gratitude pour leur engagement a\u0300 nos co\u0302te\u0301s, qui a permis de concre\u0301tiser cette \u0153uvre re\u0301ussie.<\/p>\n<p>Enfin, je ne saurais terminer sans fe\u0301liciter toutes les parties prenantes implique\u0301es dans la construction de ce parc e\u0301olien, qu\u2019il s\u2019agisse des inge\u0301nieurs nationaux et e\u0301trangers, du personnel du Ministe\u0300re de l\u2019E\u0301nergie ou de l\u2019e\u0301quipe de l\u2019EDD. Je salue leur travail accompli avec professionnalisme, qui a contribue\u0301 au succe\u0300s de ce projet. ))<\/p>\n<p><strong>Pour plus d&rsquo;informations et d&rsquo;analyses sur la <a href=\"https:\/\/www.africa-press.net\/djibouti\">Djibouti<\/a>, suivez <a href=\"https:\/\/www.africa-press.net\/\">Africa-Press<\/a><\/strong><\/p>\n","protected":false},"excerpt":{"rendered":"<p>Africa-Press &#8211; Djibouti. Nous reproduisons dans ces colonnes, dans son inte\u0301gralite\u0301, l\u2019allocution du pre\u0301sident de la Re\u0301publique, Ismai\u0308l Omar Guelleh, prononce\u0301e a\u0300 l\u2019occasion de l\u2019inauguration du parc e\u0301olien de Ghoubet. (( C\u2019est avec un profond honneur que je m\u2019adresse a\u0300 vous aujourd\u2019hui pour la mise en service de ce projet tant attendu. Je tiens tout [&hellip;]<\/p>\n","protected":false},"author":82,"featured_media":17714,"comment_status":"open","ping_status":"closed","sticky":false,"template":"","format":"standard","meta":{"footnotes":""},"categories":[2,10],"tags":[36,49,50],"class_list":["post-17716","post","type-post","status-publish","format-standard","has-post-thumbnail","hentry","category-politique","category-toutes-les-actualites","tag-africa-press","tag-africa-press-djibouti","tag-djibouti"],"yoast_head":"<!-- This site is optimized with the Yoast SEO Premium plugin v26.1 (Yoast SEO v27.0) - https:\/\/yoast.com\/product\/yoast-seo-premium-wordpress\/ -->\n<title>\u00ab La construction de ce parc \u00e9olien constitue un jalon d\u00e9cisif dans le secteur de l\u2019\u00e9nergie \u00bb - Djibouti<\/title>\n<meta name=\"description\" content=\"Nous reproduisons dans ces colonnes, dans son inte\u0301gralite\u0301, l\u2019allocution du pre\u0301sident de la Re\u0301publique, Ismai\u0308l Om ...\" \/>\n<meta name=\"robots\" content=\"index, follow, max-snippet:-1, max-image-preview:large, max-video-preview:-1\" \/>\n<link rel=\"canonical\" href=\"https:\/\/www.africa-press.net\/djibouti\/politique\/la-construction-de-ce-parc-eolien-constitue-un-jalon-decisif-dans-le-secteur-de-lenergie\" \/>\n<meta property=\"og:locale\" content=\"fr_FR\" \/>\n<meta property=\"og:type\" content=\"article\" \/>\n<meta property=\"og:title\" content=\"\u00ab La construction de ce parc \u00e9olien constitue un jalon d\u00e9cisif dans le secteur de l\u2019\u00e9nergie \u00bb\" \/>\n<meta property=\"og:description\" content=\"Nous reproduisons dans ces colonnes, dans son inte\u0301gralite\u0301, l\u2019allocution du pre\u0301sident de la Re\u0301publique, Ismai\u0308l Om ...\" \/>\n<meta property=\"og:url\" content=\"https:\/\/www.africa-press.net\/djibouti\/politique\/la-construction-de-ce-parc-eolien-constitue-un-jalon-decisif-dans-le-secteur-de-lenergie\" \/>\n<meta property=\"og:site_name\" content=\"Djibouti\" \/>\n<meta property=\"article:published_time\" content=\"2023-09-11T17:57:13+00:00\" \/>\n<meta property=\"article:modified_time\" content=\"2023-09-11T18:24:46+00:00\" \/>\n<meta property=\"og:image\" content=\"https:\/\/static.africa-press.net\/djibouti\/sites\/52\/2023\/09\/sm_1694444042.63478.jpg\" \/>\n\t<meta property=\"og:image:width\" content=\"720\" \/>\n\t<meta property=\"og:image:height\" content=\"316\" \/>\n\t<meta property=\"og:image:type\" content=\"image\/jpeg\" \/>\n<meta name=\"author\" content=\"cfeditorfr\" \/>\n<meta name=\"twitter:card\" content=\"summary_large_image\" \/>\n<meta name=\"twitter:label1\" content=\"\u00c9crit par\" \/>\n\t<meta name=\"twitter:data1\" content=\"cfeditorfr\" \/>\n\t<meta name=\"twitter:label2\" content=\"Dur\u00e9e de lecture estim\u00e9e\" \/>\n\t<meta name=\"twitter:data2\" content=\"6 minutes\" \/>\n<script type=\"application\/ld+json\" class=\"yoast-schema-graph\">{\"@context\":\"https:\/\/schema.org\",\"@graph\":[{\"@type\":\"Article\",\"@id\":\"https:\/\/www.africa-press.net\/djibouti\/politique\/la-construction-de-ce-parc-eolien-constitue-un-jalon-decisif-dans-le-secteur-de-lenergie#article\",\"isPartOf\":{\"@id\":\"https:\/\/www.africa-press.net\/djibouti\/politique\/la-construction-de-ce-parc-eolien-constitue-un-jalon-decisif-dans-le-secteur-de-lenergie\"},\"author\":{\"name\":\"cfeditorfr\",\"@id\":\"https:\/\/www.africa-press.net\/djibouti\/#\/schema\/person\/2b1cf3cd81a31e3cd26889ca66d677f1\"},\"headline\":\"\u00ab La construction de ce parc \u00e9olien constitue un jalon d\u00e9cisif dans le secteur de l\u2019\u00e9nergie \u00bb\",\"datePublished\":\"2023-09-11T17:57:13+00:00\",\"dateModified\":\"2023-09-11T18:24:46+00:00\",\"mainEntityOfPage\":{\"@id\":\"https:\/\/www.africa-press.net\/djibouti\/politique\/la-construction-de-ce-parc-eolien-constitue-un-jalon-decisif-dans-le-secteur-de-lenergie\"},\"wordCount\":1130,\"commentCount\":0,\"image\":{\"@id\":\"https:\/\/www.africa-press.net\/djibouti\/politique\/la-construction-de-ce-parc-eolien-constitue-un-jalon-decisif-dans-le-secteur-de-lenergie#primaryimage\"},\"thumbnailUrl\":\"https:\/\/static.africa-press.net\/djibouti\/sites\/52\/2023\/09\/sm_1694444042.63478.jpg\",\"keywords\":[\"Africa Press\",\"Africa Press-Djibouti\",\"Djibouti\"],\"articleSection\":[\"Politique\",\"Toutes les actualit\u00e9s\"],\"inLanguage\":\"fr-FR\",\"potentialAction\":[{\"@type\":\"CommentAction\",\"name\":\"Comment\",\"target\":[\"https:\/\/www.africa-press.net\/djibouti\/politique\/la-construction-de-ce-parc-eolien-constitue-un-jalon-decisif-dans-le-secteur-de-lenergie#respond\"]}]},{\"@type\":\"WebPage\",\"@id\":\"https:\/\/www.africa-press.net\/djibouti\/politique\/la-construction-de-ce-parc-eolien-constitue-un-jalon-decisif-dans-le-secteur-de-lenergie\",\"url\":\"https:\/\/www.africa-press.net\/djibouti\/politique\/la-construction-de-ce-parc-eolien-constitue-un-jalon-decisif-dans-le-secteur-de-lenergie\",\"name\":\"\u00ab La construction de ce parc \u00e9olien constitue un jalon d\u00e9cisif dans le secteur de l\u2019\u00e9nergie \u00bb - Djibouti\",\"isPartOf\":{\"@id\":\"https:\/\/www.africa-press.net\/djibouti\/#website\"},\"primaryImageOfPage\":{\"@id\":\"https:\/\/www.africa-press.net\/djibouti\/politique\/la-construction-de-ce-parc-eolien-constitue-un-jalon-decisif-dans-le-secteur-de-lenergie#primaryimage\"},\"image\":{\"@id\":\"https:\/\/www.africa-press.net\/djibouti\/politique\/la-construction-de-ce-parc-eolien-constitue-un-jalon-decisif-dans-le-secteur-de-lenergie#primaryimage\"},\"thumbnailUrl\":\"https:\/\/static.africa-press.net\/djibouti\/sites\/52\/2023\/09\/sm_1694444042.63478.jpg\",\"datePublished\":\"2023-09-11T17:57:13+00:00\",\"dateModified\":\"2023-09-11T18:24:46+00:00\",\"author\":{\"@id\":\"https:\/\/www.africa-press.net\/djibouti\/#\/schema\/person\/2b1cf3cd81a31e3cd26889ca66d677f1\"},\"description\":\"Nous reproduisons dans ces colonnes, dans son inte\u0301gralite\u0301, l\u2019allocution du pre\u0301sident de la Re\u0301publique, Ismai\u0308l Om ...\",\"breadcrumb\":{\"@id\":\"https:\/\/www.africa-press.net\/djibouti\/politique\/la-construction-de-ce-parc-eolien-constitue-un-jalon-decisif-dans-le-secteur-de-lenergie#breadcrumb\"},\"inLanguage\":\"fr-FR\",\"potentialAction\":[{\"@type\":\"ReadAction\",\"target\":[\"https:\/\/www.africa-press.net\/djibouti\/politique\/la-construction-de-ce-parc-eolien-constitue-un-jalon-decisif-dans-le-secteur-de-lenergie\"]}]},{\"@type\":\"ImageObject\",\"inLanguage\":\"fr-FR\",\"@id\":\"https:\/\/www.africa-press.net\/djibouti\/politique\/la-construction-de-ce-parc-eolien-constitue-un-jalon-decisif-dans-le-secteur-de-lenergie#primaryimage\",\"url\":\"https:\/\/static.africa-press.net\/djibouti\/sites\/52\/2023\/09\/sm_1694444042.63478.jpg\",\"contentUrl\":\"https:\/\/static.africa-press.net\/djibouti\/sites\/52\/2023\/09\/sm_1694444042.63478.jpg\",\"width\":720,\"height\":316,\"caption\":\"\u00ab La construction de ce parc \u00e9olien constitue un jalon d\u00e9cisif dans le secteur de l\u2019\u00e9nergie \u00bb\"},{\"@type\":\"BreadcrumbList\",\"@id\":\"https:\/\/www.africa-press.net\/djibouti\/politique\/la-construction-de-ce-parc-eolien-constitue-un-jalon-decisif-dans-le-secteur-de-lenergie#breadcrumb\",\"itemListElement\":[{\"@type\":\"ListItem\",\"position\":1,\"name\":\"Accueil\",\"item\":\"https:\/\/www.africa-press.net\/djibouti\/\"},{\"@type\":\"ListItem\",\"position\":2,\"name\":\"\u00ab La construction de ce parc \u00e9olien constitue un jalon d\u00e9cisif dans le secteur de l\u2019\u00e9nergie \u00bb\"}]},{\"@type\":\"WebSite\",\"@id\":\"https:\/\/www.africa-press.net\/djibouti\/#website\",\"url\":\"https:\/\/www.africa-press.net\/djibouti\/\",\"name\":\"Djibouti\",\"description\":\"Just another Africa News Agency Sites site\",\"potentialAction\":[{\"@type\":\"SearchAction\",\"target\":{\"@type\":\"EntryPoint\",\"urlTemplate\":\"https:\/\/www.africa-press.net\/djibouti\/?s={search_term_string}\"},\"query-input\":{\"@type\":\"PropertyValueSpecification\",\"valueRequired\":true,\"valueName\":\"search_term_string\"}}],\"inLanguage\":\"fr-FR\"},{\"@type\":\"Person\",\"@id\":\"https:\/\/www.africa-press.net\/djibouti\/#\/schema\/person\/2b1cf3cd81a31e3cd26889ca66d677f1\",\"name\":\"cfeditorfr\"}]}<\/script>\n<!-- \/ Yoast SEO Premium plugin. -->","yoast_head_json":{"title":"\u00ab La construction de ce parc \u00e9olien constitue un jalon d\u00e9cisif dans le secteur de l\u2019\u00e9nergie \u00bb - Djibouti","description":"Nous reproduisons dans ces colonnes, dans son inte\u0301gralite\u0301, l\u2019allocution du pre\u0301sident de la Re\u0301publique, Ismai\u0308l Om ...","robots":{"index":"index","follow":"follow","max-snippet":"max-snippet:-1","max-image-preview":"max-image-preview:large","max-video-preview":"max-video-preview:-1"},"canonical":"https:\/\/www.africa-press.net\/djibouti\/politique\/la-construction-de-ce-parc-eolien-constitue-un-jalon-decisif-dans-le-secteur-de-lenergie","og_locale":"fr_FR","og_type":"article","og_title":"\u00ab La construction de ce parc \u00e9olien constitue un jalon d\u00e9cisif dans le secteur de l\u2019\u00e9nergie \u00bb","og_description":"Nous reproduisons dans ces colonnes, dans son inte\u0301gralite\u0301, l\u2019allocution du pre\u0301sident de la Re\u0301publique, Ismai\u0308l Om ...","og_url":"https:\/\/www.africa-press.net\/djibouti\/politique\/la-construction-de-ce-parc-eolien-constitue-un-jalon-decisif-dans-le-secteur-de-lenergie","og_site_name":"Djibouti","article_published_time":"2023-09-11T17:57:13+00:00","article_modified_time":"2023-09-11T18:24:46+00:00","og_image":[{"width":720,"height":316,"url":"https:\/\/static.africa-press.net\/djibouti\/sites\/52\/2023\/09\/sm_1694444042.63478.jpg","type":"image\/jpeg"}],"author":"cfeditorfr","twitter_card":"summary_large_image","twitter_misc":{"\u00c9crit par":"cfeditorfr","Dur\u00e9e de lecture estim\u00e9e":"6 minutes"},"schema":{"@context":"https:\/\/schema.org","@graph":[{"@type":"Article","@id":"https:\/\/www.africa-press.net\/djibouti\/politique\/la-construction-de-ce-parc-eolien-constitue-un-jalon-decisif-dans-le-secteur-de-lenergie#article","isPartOf":{"@id":"https:\/\/www.africa-press.net\/djibouti\/politique\/la-construction-de-ce-parc-eolien-constitue-un-jalon-decisif-dans-le-secteur-de-lenergie"},"author":{"name":"cfeditorfr","@id":"https:\/\/www.africa-press.net\/djibouti\/#\/schema\/person\/2b1cf3cd81a31e3cd26889ca66d677f1"},"headline":"\u00ab La construction de ce parc \u00e9olien constitue un jalon d\u00e9cisif dans le secteur de l\u2019\u00e9nergie \u00bb","datePublished":"2023-09-11T17:57:13+00:00","dateModified":"2023-09-11T18:24:46+00:00","mainEntityOfPage":{"@id":"https:\/\/www.africa-press.net\/djibouti\/politique\/la-construction-de-ce-parc-eolien-constitue-un-jalon-decisif-dans-le-secteur-de-lenergie"},"wordCount":1130,"commentCount":0,"image":{"@id":"https:\/\/www.africa-press.net\/djibouti\/politique\/la-construction-de-ce-parc-eolien-constitue-un-jalon-decisif-dans-le-secteur-de-lenergie#primaryimage"},"thumbnailUrl":"https:\/\/static.africa-press.net\/djibouti\/sites\/52\/2023\/09\/sm_1694444042.63478.jpg","keywords":["Africa Press","Africa Press-Djibouti","Djibouti"],"articleSection":["Politique","Toutes les actualit\u00e9s"],"inLanguage":"fr-FR","potentialAction":[{"@type":"CommentAction","name":"Comment","target":["https:\/\/www.africa-press.net\/djibouti\/politique\/la-construction-de-ce-parc-eolien-constitue-un-jalon-decisif-dans-le-secteur-de-lenergie#respond"]}]},{"@type":"WebPage","@id":"https:\/\/www.africa-press.net\/djibouti\/politique\/la-construction-de-ce-parc-eolien-constitue-un-jalon-decisif-dans-le-secteur-de-lenergie","url":"https:\/\/www.africa-press.net\/djibouti\/politique\/la-construction-de-ce-parc-eolien-constitue-un-jalon-decisif-dans-le-secteur-de-lenergie","name":"\u00ab La construction de ce parc \u00e9olien constitue un jalon d\u00e9cisif dans le secteur de l\u2019\u00e9nergie \u00bb - Djibouti","isPartOf":{"@id":"https:\/\/www.africa-press.net\/djibouti\/#website"},"primaryImageOfPage":{"@id":"https:\/\/www.africa-press.net\/djibouti\/politique\/la-construction-de-ce-parc-eolien-constitue-un-jalon-decisif-dans-le-secteur-de-lenergie#primaryimage"},"image":{"@id":"https:\/\/www.africa-press.net\/djibouti\/politique\/la-construction-de-ce-parc-eolien-constitue-un-jalon-decisif-dans-le-secteur-de-lenergie#primaryimage"},"thumbnailUrl":"https:\/\/static.africa-press.net\/djibouti\/sites\/52\/2023\/09\/sm_1694444042.63478.jpg","datePublished":"2023-09-11T17:57:13+00:00","dateModified":"2023-09-11T18:24:46+00:00","author":{"@id":"https:\/\/www.africa-press.net\/djibouti\/#\/schema\/person\/2b1cf3cd81a31e3cd26889ca66d677f1"},"description":"Nous reproduisons dans ces colonnes, dans son inte\u0301gralite\u0301, l\u2019allocution du pre\u0301sident de la Re\u0301publique, Ismai\u0308l Om ...","breadcrumb":{"@id":"https:\/\/www.africa-press.net\/djibouti\/politique\/la-construction-de-ce-parc-eolien-constitue-un-jalon-decisif-dans-le-secteur-de-lenergie#breadcrumb"},"inLanguage":"fr-FR","potentialAction":[{"@type":"ReadAction","target":["https:\/\/www.africa-press.net\/djibouti\/politique\/la-construction-de-ce-parc-eolien-constitue-un-jalon-decisif-dans-le-secteur-de-lenergie"]}]},{"@type":"ImageObject","inLanguage":"fr-FR","@id":"https:\/\/www.africa-press.net\/djibouti\/politique\/la-construction-de-ce-parc-eolien-constitue-un-jalon-decisif-dans-le-secteur-de-lenergie#primaryimage","url":"https:\/\/static.africa-press.net\/djibouti\/sites\/52\/2023\/09\/sm_1694444042.63478.jpg","contentUrl":"https:\/\/static.africa-press.net\/djibouti\/sites\/52\/2023\/09\/sm_1694444042.63478.jpg","width":720,"height":316,"caption":"\u00ab La construction de ce parc \u00e9olien constitue un jalon d\u00e9cisif dans le secteur de l\u2019\u00e9nergie \u00bb"},{"@type":"BreadcrumbList","@id":"https:\/\/www.africa-press.net\/djibouti\/politique\/la-construction-de-ce-parc-eolien-constitue-un-jalon-decisif-dans-le-secteur-de-lenergie#breadcrumb","itemListElement":[{"@type":"ListItem","position":1,"name":"Accueil","item":"https:\/\/www.africa-press.net\/djibouti\/"},{"@type":"ListItem","position":2,"name":"\u00ab La construction de ce parc \u00e9olien constitue un jalon d\u00e9cisif dans le secteur de l\u2019\u00e9nergie \u00bb"}]},{"@type":"WebSite","@id":"https:\/\/www.africa-press.net\/djibouti\/#website","url":"https:\/\/www.africa-press.net\/djibouti\/","name":"Djibouti","description":"Just another Africa News Agency Sites site","potentialAction":[{"@type":"SearchAction","target":{"@type":"EntryPoint","urlTemplate":"https:\/\/www.africa-press.net\/djibouti\/?s={search_term_string}"},"query-input":{"@type":"PropertyValueSpecification","valueRequired":true,"valueName":"search_term_string"}}],"inLanguage":"fr-FR"},{"@type":"Person","@id":"https:\/\/www.africa-press.net\/djibouti\/#\/schema\/person\/2b1cf3cd81a31e3cd26889ca66d677f1","name":"cfeditorfr"}]}},"_links":{"self":[{"href":"https:\/\/www.africa-press.net\/djibouti\/wp-json\/wp\/v2\/posts\/17716","targetHints":{"allow":["GET"]}}],"collection":[{"href":"https:\/\/www.africa-press.net\/djibouti\/wp-json\/wp\/v2\/posts"}],"about":[{"href":"https:\/\/www.africa-press.net\/djibouti\/wp-json\/wp\/v2\/types\/post"}],"author":[{"embeddable":true,"href":"https:\/\/www.africa-press.net\/djibouti\/wp-json\/wp\/v2\/users\/82"}],"replies":[{"embeddable":true,"href":"https:\/\/www.africa-press.net\/djibouti\/wp-json\/wp\/v2\/comments?post=17716"}],"version-history":[{"count":0,"href":"https:\/\/www.africa-press.net\/djibouti\/wp-json\/wp\/v2\/posts\/17716\/revisions"}],"wp:featuredmedia":[{"embeddable":true,"href":"https:\/\/www.africa-press.net\/djibouti\/wp-json\/wp\/v2\/media\/17714"}],"wp:attachment":[{"href":"https:\/\/www.africa-press.net\/djibouti\/wp-json\/wp\/v2\/media?parent=17716"}],"wp:term":[{"taxonomy":"category","embeddable":true,"href":"https:\/\/www.africa-press.net\/djibouti\/wp-json\/wp\/v2\/categories?post=17716"},{"taxonomy":"post_tag","embeddable":true,"href":"https:\/\/www.africa-press.net\/djibouti\/wp-json\/wp\/v2\/tags?post=17716"}],"curies":[{"name":"wp","href":"https:\/\/api.w.org\/{rel}","templated":true}]}}