{"id":17719,"date":"2023-09-11T18:11:53","date_gmt":"2023-09-11T18:11:53","guid":{"rendered":"https:\/\/www.africa-press.net\/djibouti\/politique\/la-premiere-ferme-eolienne-voit-le-jour-a-djibouti"},"modified":"2023-09-11T18:44:33","modified_gmt":"2023-09-11T18:44:33","slug":"la-premiere-ferme-eolienne-voit-le-jour-a-djibouti","status":"publish","type":"post","link":"https:\/\/www.africa-press.net\/djibouti\/economie\/la-premiere-ferme-eolienne-voit-le-jour-a-djibouti","title":{"rendered":"La premi\u00e8re ferme \u00e9olienne voit le jour \u00e0 Djibouti"},"content":{"rendered":"<p><b>Olivier Caslin<\/b><\/p>\n<p><span style=\"color: #ff6600\"><strong>Africa-Press &#8211; Djibouti. <\/strong><\/span>En inaugurant le 10 septembre la premie\u0300re installation d\u2019e\u0301nergie renouvelable du pays, le pre\u0301sident Ismai\u0308l Omar Guelleh concre\u0301tise son ambition de faire de Djibouti le premier pays d\u2019Afrique a\u0300 fournir une e\u0301nergie 100 % verte a\u0300 sa population.<\/p>\n<p>Dans la matine\u0301e du 10 septembre, \u00ab Djibouti a ve\u0301cu un moment historique \u00bb, de l\u2019aveu me\u0302me d\u2019Ismai\u0308l Omar Guelleh (IOG). Le chef de l\u2019E\u0301tat venait tout juste d\u2019inaugurer officiellement le premier parc e\u0301olien du pays, situe\u0301 dans la baie du Ghoubet, une centaine de kilome\u0300tres au nord de la capitale du pays. Juche\u0301es a\u0300 230 me\u0300tres d\u2019altitude, sur le site le plus venteux du territoire, les 17 e\u0301oliennes qui constituent le parc, installe\u0301es par l\u2019espagnol Siemens-Gamesa, ont une capacite\u0301 de production totale de 60 MW, qui viennent s\u2019ajouter aux 120 MW de\u0301ja\u0300 produits chaque jour par la petite re\u0301publique.<\/p>\n<p><b>Investisseurs prive\u0301s<\/b><\/p>\n<p>L\u2019inauguration de ce parc e\u0301olien, baptise\u0301 Red Sea Power (RSP), est en effet une premie\u0300re a\u0300 Djibouti pour plusieurs raisons. C\u2019est, d\u2019abord, la premie\u0300re initiative d\u2019envergure dans le domaine e\u0301nerge\u0301tique cre\u0301e\u0301e par un producteur d\u2019e\u0301lectricite\u0301 inde\u0301pendant (IPP) dans le pays, selon un partenariat public-prive\u0301 (PPP) de\u0301fini dans le cadre de la loi de 2019 sur la libe\u0301ralisation du secteur. Le consortium d\u2019investisseurs prive\u0301s, re\u0301unis au sein de la socie\u0301te\u0301 Red Sea Power Limited SAS, a investi 122 millions de dollars pour cette re\u0301alisation.<\/p>\n<p>Il regroupe l\u2019Africa Finance Corporation (AFC), base\u0301e au Nigeria, en tant que promoteur principal, la Banque de de\u0301veloppement entrepreneuriale (FMO) des Pays-Bas, le gestionnaire de fonds Climate Fund Managers (CFM), et la socie\u0301te\u0301 d\u2019investissement Great Horn Investment Holding (GHIH), de\u0301tenue par l\u2019Autorite\u0301 des ports et des zones franches de Djbouti (DPFZA).<\/p>\n<p>Le parc e\u0301olien RSP est e\u0301galement le premier projet de production d\u2019e\u0301nergies renouvelables a\u0300 nai\u0302tre dans le pays, dans le cadre de la vision de\u0301veloppe\u0301e de\u0300s 2012, a\u0300 Doha, par IOG, qui affirme alors sa volonte\u0301 \u00ab de devenir a\u0300 l\u2019horizon 2035 le premier pays d\u2019Afrique a\u0300 fournir une e\u0301nergie 100 % renouvelable a\u0300 sa population \u00bb. La ferme e\u0301olienne du Ghoubet permet de\u0301ja\u0300 au pays de re\u0301duire chaque anne\u0301e ses e\u0301missions de dioxyde de carbone de plus de 250 000 tonnes.<\/p>\n<p><b>Unite\u0301 de dessalement<\/b><\/p>\n<p>D\u2019autres projets doivent biento\u0302t venir donner un peu plus de re\u0301alite\u0301 a\u0300 la vision pre\u0301sidentielle. La socie\u0301te\u0301 RSP Ltd a de\u0301ja\u0300 pre\u0301vu et annonce\u0301 une extension supple\u0301mentaire de 45 MW sur le site du Ghoubet, alors qu\u2019un autre projet, solaire cette fois, doit voir le jour dans les tout prochains mois dans le de\u0301sert du Grand Bara. Lance\u0301e a\u0300 la mi-2020, pour un investissement de 40 millions de dollars, cette ferme photovoltai\u0308que disposera d\u2019une capacite\u0301 initiale de 30 MW, porte\u0301e a\u0300 100 MW si son potentiel de production se confirme. Le franc\u0327ais Engie, a\u0300 l\u2019origine du projet, s\u2019est retire\u0301 en 2022 au profit de l\u2019ope\u0301rateur e\u0301mirati AMEA Power, qui fera e\u0301quipe avec le Fonds souverain de Djibouti (FSD) dans le cadre, la\u0300 aussi, d\u2019un PPP.<\/p>\n<p>Cette premie\u0300re ferme e\u0301olienne du pays comprend e\u0301galement un volet social, avec la re\u0301alisation d\u2019une unite\u0301 de dessalement d\u2019eau de mer. Alimente\u0301e par panneaux solaires, elle produira 7 m3 d\u2019eau potable par heure destine\u0301es a\u0300 la consommation des populations voisines du site. L\u2019e\u0301lectricite\u0301 produite est de\u0301ja\u0300 pre\u0301vue pour e\u0302tre revendue a\u0300 E\u0301lectricite\u0301 de Djibouti (EDD), dans le cadre d\u2019un accord d\u2019achat d\u2019e\u0301lectricite\u0301 (AAE) a\u0300 long terme. Les obligations de l\u2019ope\u0301rateur national djiboutien sont soutenues par une garantie du gouvernement, elle-me\u0302me appuye\u0301e par une couverture du risque apporte\u0301e par l\u2019Agence multilate\u0301rale de garantie des investissements (MIGA) de la Banque mondiale.<\/p>\n<p>Selon le ministe\u0300re djiboutien de l\u2019E\u0301nergie, ce nouvel e\u0301quipement doit permettre d\u2019apporter une e\u0301lectricite\u0301 propre a\u0300 pre\u0300s de 38 % de la population qui n\u2019en be\u0301ne\u0301ficie pas aujourd\u2019hui. Il doit e\u0301galement re\u0301pondre a\u0300 la croissance de la demande e\u0301nerge\u0301tique, estime\u0301e chaque anne\u0301e a\u0300 10 %, den lien avec l\u2019industrialisation actuelle du pays.<\/p>\n<p><b>Source: JeuneAfrique<\/b><\/p>\n<p><strong>Pour plus d&rsquo;informations et d&rsquo;analyses sur la <a href=\"https:\/\/www.africa-press.net\/djibouti\">Djibouti<\/a>, suivez <a href=\"https:\/\/www.africa-press.net\/\">Africa-Press<\/a><\/strong><\/p>\n","protected":false},"excerpt":{"rendered":"<p>Olivier Caslin Africa-Press &#8211; Djibouti. En inaugurant le 10 septembre la premie\u0300re installation d\u2019e\u0301nergie renouvelable du pays, le pre\u0301sident Ismai\u0308l Omar Guelleh concre\u0301tise son ambition de faire de Djibouti le premier pays d\u2019Afrique a\u0300 fournir une e\u0301nergie 100 % verte a\u0300 sa population. Dans la matine\u0301e du 10 septembre, \u00ab Djibouti a ve\u0301cu un moment [&hellip;]<\/p>\n","protected":false},"author":82,"featured_media":17718,"comment_status":"open","ping_status":"closed","sticky":false,"template":"","format":"standard","meta":{"footnotes":""},"categories":[3,57,20,10],"tags":[36,49,50],"class_list":["post-17719","post","type-post","status-publish","format-standard","has-post-thumbnail","hentry","category-economie","category-to-homepage","category-top-nouvelles","category-toutes-les-actualites","tag-africa-press","tag-africa-press-djibouti","tag-djibouti"],"yoast_head":"<!-- This site is optimized with the Yoast SEO Premium plugin v26.1 (Yoast SEO v27.0) - https:\/\/yoast.com\/product\/yoast-seo-premium-wordpress\/ -->\n<title>La premi\u00e8re ferme \u00e9olienne voit le jour \u00e0 Djibouti - Djibouti<\/title>\n<meta name=\"description\" content=\"En inaugurant le 10 septembre la premie\u0300re installation d\u2019e\u0301nergie renouvelable du pays, le pre\u0301sident Ismai\u0308l Omar Guel ...\" \/>\n<meta name=\"robots\" content=\"index, follow, max-snippet:-1, max-image-preview:large, max-video-preview:-1\" \/>\n<link rel=\"canonical\" href=\"https:\/\/www.africa-press.net\/djibouti\/economie\/la-premiere-ferme-eolienne-voit-le-jour-a-djibouti\" \/>\n<meta property=\"og:locale\" content=\"fr_FR\" \/>\n<meta property=\"og:type\" content=\"article\" \/>\n<meta property=\"og:title\" content=\"La premi\u00e8re ferme \u00e9olienne voit le jour \u00e0 Djibouti\" \/>\n<meta property=\"og:description\" content=\"En inaugurant le 10 septembre la premie\u0300re installation d\u2019e\u0301nergie renouvelable du pays, le pre\u0301sident Ismai\u0308l Omar Guel ...\" \/>\n<meta property=\"og:url\" content=\"https:\/\/www.africa-press.net\/djibouti\/economie\/la-premiere-ferme-eolienne-voit-le-jour-a-djibouti\" \/>\n<meta property=\"og:site_name\" content=\"Djibouti\" \/>\n<meta property=\"article:published_time\" content=\"2023-09-11T18:11:53+00:00\" \/>\n<meta property=\"article:modified_time\" content=\"2023-09-11T18:44:33+00:00\" \/>\n<meta property=\"og:image\" content=\"https:\/\/static.africa-press.net\/djibouti\/sites\/52\/2023\/09\/sm_1694445155.222421.jpg\" \/>\n\t<meta property=\"og:image:width\" content=\"1256\" \/>\n\t<meta property=\"og:image:height\" content=\"628\" \/>\n\t<meta property=\"og:image:type\" content=\"image\/jpeg\" \/>\n<meta name=\"author\" content=\"cfeditorfr\" \/>\n<meta name=\"twitter:card\" content=\"summary_large_image\" \/>\n<meta name=\"twitter:label1\" content=\"\u00c9crit par\" \/>\n\t<meta name=\"twitter:data1\" content=\"cfeditorfr\" \/>\n\t<meta name=\"twitter:label2\" content=\"Dur\u00e9e de lecture estim\u00e9e\" \/>\n\t<meta name=\"twitter:data2\" content=\"4 minutes\" \/>\n<script type=\"application\/ld+json\" class=\"yoast-schema-graph\">{\"@context\":\"https:\/\/schema.org\",\"@graph\":[{\"@type\":\"Article\",\"@id\":\"https:\/\/www.africa-press.net\/djibouti\/economie\/la-premiere-ferme-eolienne-voit-le-jour-a-djibouti#article\",\"isPartOf\":{\"@id\":\"https:\/\/www.africa-press.net\/djibouti\/economie\/la-premiere-ferme-eolienne-voit-le-jour-a-djibouti\"},\"author\":{\"name\":\"cfeditorfr\",\"@id\":\"https:\/\/www.africa-press.net\/djibouti\/#\/schema\/person\/2b1cf3cd81a31e3cd26889ca66d677f1\"},\"headline\":\"La premi\u00e8re ferme \u00e9olienne voit le jour \u00e0 Djibouti\",\"datePublished\":\"2023-09-11T18:11:53+00:00\",\"dateModified\":\"2023-09-11T18:44:33+00:00\",\"mainEntityOfPage\":{\"@id\":\"https:\/\/www.africa-press.net\/djibouti\/economie\/la-premiere-ferme-eolienne-voit-le-jour-a-djibouti\"},\"wordCount\":772,\"commentCount\":0,\"image\":{\"@id\":\"https:\/\/www.africa-press.net\/djibouti\/economie\/la-premiere-ferme-eolienne-voit-le-jour-a-djibouti#primaryimage\"},\"thumbnailUrl\":\"https:\/\/static.africa-press.net\/djibouti\/sites\/52\/2023\/09\/sm_1694445155.222421.jpg\",\"keywords\":[\"Africa Press\",\"Africa Press-Djibouti\",\"Djibouti\"],\"articleSection\":[\"\u00c9conomie\",\"to-homepage\",\"Top Nouvelles\",\"Toutes les actualit\u00e9s\"],\"inLanguage\":\"fr-FR\",\"potentialAction\":[{\"@type\":\"CommentAction\",\"name\":\"Comment\",\"target\":[\"https:\/\/www.africa-press.net\/djibouti\/economie\/la-premiere-ferme-eolienne-voit-le-jour-a-djibouti#respond\"]}]},{\"@type\":\"WebPage\",\"@id\":\"https:\/\/www.africa-press.net\/djibouti\/economie\/la-premiere-ferme-eolienne-voit-le-jour-a-djibouti\",\"url\":\"https:\/\/www.africa-press.net\/djibouti\/economie\/la-premiere-ferme-eolienne-voit-le-jour-a-djibouti\",\"name\":\"La premi\u00e8re ferme \u00e9olienne voit le jour \u00e0 Djibouti - Djibouti\",\"isPartOf\":{\"@id\":\"https:\/\/www.africa-press.net\/djibouti\/#website\"},\"primaryImageOfPage\":{\"@id\":\"https:\/\/www.africa-press.net\/djibouti\/economie\/la-premiere-ferme-eolienne-voit-le-jour-a-djibouti#primaryimage\"},\"image\":{\"@id\":\"https:\/\/www.africa-press.net\/djibouti\/economie\/la-premiere-ferme-eolienne-voit-le-jour-a-djibouti#primaryimage\"},\"thumbnailUrl\":\"https:\/\/static.africa-press.net\/djibouti\/sites\/52\/2023\/09\/sm_1694445155.222421.jpg\",\"datePublished\":\"2023-09-11T18:11:53+00:00\",\"dateModified\":\"2023-09-11T18:44:33+00:00\",\"author\":{\"@id\":\"https:\/\/www.africa-press.net\/djibouti\/#\/schema\/person\/2b1cf3cd81a31e3cd26889ca66d677f1\"},\"description\":\"En inaugurant le 10 septembre la premie\u0300re installation d\u2019e\u0301nergie renouvelable du pays, le pre\u0301sident Ismai\u0308l Omar Guel ...\",\"breadcrumb\":{\"@id\":\"https:\/\/www.africa-press.net\/djibouti\/economie\/la-premiere-ferme-eolienne-voit-le-jour-a-djibouti#breadcrumb\"},\"inLanguage\":\"fr-FR\",\"potentialAction\":[{\"@type\":\"ReadAction\",\"target\":[\"https:\/\/www.africa-press.net\/djibouti\/economie\/la-premiere-ferme-eolienne-voit-le-jour-a-djibouti\"]}]},{\"@type\":\"ImageObject\",\"inLanguage\":\"fr-FR\",\"@id\":\"https:\/\/www.africa-press.net\/djibouti\/economie\/la-premiere-ferme-eolienne-voit-le-jour-a-djibouti#primaryimage\",\"url\":\"https:\/\/static.africa-press.net\/djibouti\/sites\/52\/2023\/09\/sm_1694445155.222421.jpg\",\"contentUrl\":\"https:\/\/static.africa-press.net\/djibouti\/sites\/52\/2023\/09\/sm_1694445155.222421.jpg\",\"width\":1256,\"height\":628,\"caption\":\"La premi\u00e8re ferme \u00e9olienne voit le jour \u00e0 Djibouti\"},{\"@type\":\"BreadcrumbList\",\"@id\":\"https:\/\/www.africa-press.net\/djibouti\/economie\/la-premiere-ferme-eolienne-voit-le-jour-a-djibouti#breadcrumb\",\"itemListElement\":[{\"@type\":\"ListItem\",\"position\":1,\"name\":\"Accueil\",\"item\":\"https:\/\/www.africa-press.net\/djibouti\/\"},{\"@type\":\"ListItem\",\"position\":2,\"name\":\"La premi\u00e8re ferme \u00e9olienne voit le jour \u00e0 Djibouti\"}]},{\"@type\":\"WebSite\",\"@id\":\"https:\/\/www.africa-press.net\/djibouti\/#website\",\"url\":\"https:\/\/www.africa-press.net\/djibouti\/\",\"name\":\"Djibouti\",\"description\":\"Just another Africa News Agency Sites site\",\"potentialAction\":[{\"@type\":\"SearchAction\",\"target\":{\"@type\":\"EntryPoint\",\"urlTemplate\":\"https:\/\/www.africa-press.net\/djibouti\/?s={search_term_string}\"},\"query-input\":{\"@type\":\"PropertyValueSpecification\",\"valueRequired\":true,\"valueName\":\"search_term_string\"}}],\"inLanguage\":\"fr-FR\"},{\"@type\":\"Person\",\"@id\":\"https:\/\/www.africa-press.net\/djibouti\/#\/schema\/person\/2b1cf3cd81a31e3cd26889ca66d677f1\",\"name\":\"cfeditorfr\"}]}<\/script>\n<!-- \/ Yoast SEO Premium plugin. -->","yoast_head_json":{"title":"La premi\u00e8re ferme \u00e9olienne voit le jour \u00e0 Djibouti - Djibouti","description":"En inaugurant le 10 septembre la premie\u0300re installation d\u2019e\u0301nergie renouvelable du pays, le pre\u0301sident Ismai\u0308l Omar Guel ...","robots":{"index":"index","follow":"follow","max-snippet":"max-snippet:-1","max-image-preview":"max-image-preview:large","max-video-preview":"max-video-preview:-1"},"canonical":"https:\/\/www.africa-press.net\/djibouti\/economie\/la-premiere-ferme-eolienne-voit-le-jour-a-djibouti","og_locale":"fr_FR","og_type":"article","og_title":"La premi\u00e8re ferme \u00e9olienne voit le jour \u00e0 Djibouti","og_description":"En inaugurant le 10 septembre la premie\u0300re installation d\u2019e\u0301nergie renouvelable du pays, le pre\u0301sident Ismai\u0308l Omar Guel ...","og_url":"https:\/\/www.africa-press.net\/djibouti\/economie\/la-premiere-ferme-eolienne-voit-le-jour-a-djibouti","og_site_name":"Djibouti","article_published_time":"2023-09-11T18:11:53+00:00","article_modified_time":"2023-09-11T18:44:33+00:00","og_image":[{"width":1256,"height":628,"url":"https:\/\/static.africa-press.net\/djibouti\/sites\/52\/2023\/09\/sm_1694445155.222421.jpg","type":"image\/jpeg"}],"author":"cfeditorfr","twitter_card":"summary_large_image","twitter_misc":{"\u00c9crit par":"cfeditorfr","Dur\u00e9e de lecture estim\u00e9e":"4 minutes"},"schema":{"@context":"https:\/\/schema.org","@graph":[{"@type":"Article","@id":"https:\/\/www.africa-press.net\/djibouti\/economie\/la-premiere-ferme-eolienne-voit-le-jour-a-djibouti#article","isPartOf":{"@id":"https:\/\/www.africa-press.net\/djibouti\/economie\/la-premiere-ferme-eolienne-voit-le-jour-a-djibouti"},"author":{"name":"cfeditorfr","@id":"https:\/\/www.africa-press.net\/djibouti\/#\/schema\/person\/2b1cf3cd81a31e3cd26889ca66d677f1"},"headline":"La premi\u00e8re ferme \u00e9olienne voit le jour \u00e0 Djibouti","datePublished":"2023-09-11T18:11:53+00:00","dateModified":"2023-09-11T18:44:33+00:00","mainEntityOfPage":{"@id":"https:\/\/www.africa-press.net\/djibouti\/economie\/la-premiere-ferme-eolienne-voit-le-jour-a-djibouti"},"wordCount":772,"commentCount":0,"image":{"@id":"https:\/\/www.africa-press.net\/djibouti\/economie\/la-premiere-ferme-eolienne-voit-le-jour-a-djibouti#primaryimage"},"thumbnailUrl":"https:\/\/static.africa-press.net\/djibouti\/sites\/52\/2023\/09\/sm_1694445155.222421.jpg","keywords":["Africa Press","Africa Press-Djibouti","Djibouti"],"articleSection":["\u00c9conomie","to-homepage","Top Nouvelles","Toutes les actualit\u00e9s"],"inLanguage":"fr-FR","potentialAction":[{"@type":"CommentAction","name":"Comment","target":["https:\/\/www.africa-press.net\/djibouti\/economie\/la-premiere-ferme-eolienne-voit-le-jour-a-djibouti#respond"]}]},{"@type":"WebPage","@id":"https:\/\/www.africa-press.net\/djibouti\/economie\/la-premiere-ferme-eolienne-voit-le-jour-a-djibouti","url":"https:\/\/www.africa-press.net\/djibouti\/economie\/la-premiere-ferme-eolienne-voit-le-jour-a-djibouti","name":"La premi\u00e8re ferme \u00e9olienne voit le jour \u00e0 Djibouti - Djibouti","isPartOf":{"@id":"https:\/\/www.africa-press.net\/djibouti\/#website"},"primaryImageOfPage":{"@id":"https:\/\/www.africa-press.net\/djibouti\/economie\/la-premiere-ferme-eolienne-voit-le-jour-a-djibouti#primaryimage"},"image":{"@id":"https:\/\/www.africa-press.net\/djibouti\/economie\/la-premiere-ferme-eolienne-voit-le-jour-a-djibouti#primaryimage"},"thumbnailUrl":"https:\/\/static.africa-press.net\/djibouti\/sites\/52\/2023\/09\/sm_1694445155.222421.jpg","datePublished":"2023-09-11T18:11:53+00:00","dateModified":"2023-09-11T18:44:33+00:00","author":{"@id":"https:\/\/www.africa-press.net\/djibouti\/#\/schema\/person\/2b1cf3cd81a31e3cd26889ca66d677f1"},"description":"En inaugurant le 10 septembre la premie\u0300re installation d\u2019e\u0301nergie renouvelable du pays, le pre\u0301sident Ismai\u0308l Omar Guel ...","breadcrumb":{"@id":"https:\/\/www.africa-press.net\/djibouti\/economie\/la-premiere-ferme-eolienne-voit-le-jour-a-djibouti#breadcrumb"},"inLanguage":"fr-FR","potentialAction":[{"@type":"ReadAction","target":["https:\/\/www.africa-press.net\/djibouti\/economie\/la-premiere-ferme-eolienne-voit-le-jour-a-djibouti"]}]},{"@type":"ImageObject","inLanguage":"fr-FR","@id":"https:\/\/www.africa-press.net\/djibouti\/economie\/la-premiere-ferme-eolienne-voit-le-jour-a-djibouti#primaryimage","url":"https:\/\/static.africa-press.net\/djibouti\/sites\/52\/2023\/09\/sm_1694445155.222421.jpg","contentUrl":"https:\/\/static.africa-press.net\/djibouti\/sites\/52\/2023\/09\/sm_1694445155.222421.jpg","width":1256,"height":628,"caption":"La premi\u00e8re ferme \u00e9olienne voit le jour \u00e0 Djibouti"},{"@type":"BreadcrumbList","@id":"https:\/\/www.africa-press.net\/djibouti\/economie\/la-premiere-ferme-eolienne-voit-le-jour-a-djibouti#breadcrumb","itemListElement":[{"@type":"ListItem","position":1,"name":"Accueil","item":"https:\/\/www.africa-press.net\/djibouti\/"},{"@type":"ListItem","position":2,"name":"La premi\u00e8re ferme \u00e9olienne voit le jour \u00e0 Djibouti"}]},{"@type":"WebSite","@id":"https:\/\/www.africa-press.net\/djibouti\/#website","url":"https:\/\/www.africa-press.net\/djibouti\/","name":"Djibouti","description":"Just another Africa News Agency Sites site","potentialAction":[{"@type":"SearchAction","target":{"@type":"EntryPoint","urlTemplate":"https:\/\/www.africa-press.net\/djibouti\/?s={search_term_string}"},"query-input":{"@type":"PropertyValueSpecification","valueRequired":true,"valueName":"search_term_string"}}],"inLanguage":"fr-FR"},{"@type":"Person","@id":"https:\/\/www.africa-press.net\/djibouti\/#\/schema\/person\/2b1cf3cd81a31e3cd26889ca66d677f1","name":"cfeditorfr"}]}},"_links":{"self":[{"href":"https:\/\/www.africa-press.net\/djibouti\/wp-json\/wp\/v2\/posts\/17719","targetHints":{"allow":["GET"]}}],"collection":[{"href":"https:\/\/www.africa-press.net\/djibouti\/wp-json\/wp\/v2\/posts"}],"about":[{"href":"https:\/\/www.africa-press.net\/djibouti\/wp-json\/wp\/v2\/types\/post"}],"author":[{"embeddable":true,"href":"https:\/\/www.africa-press.net\/djibouti\/wp-json\/wp\/v2\/users\/82"}],"replies":[{"embeddable":true,"href":"https:\/\/www.africa-press.net\/djibouti\/wp-json\/wp\/v2\/comments?post=17719"}],"version-history":[{"count":0,"href":"https:\/\/www.africa-press.net\/djibouti\/wp-json\/wp\/v2\/posts\/17719\/revisions"}],"wp:featuredmedia":[{"embeddable":true,"href":"https:\/\/www.africa-press.net\/djibouti\/wp-json\/wp\/v2\/media\/17718"}],"wp:attachment":[{"href":"https:\/\/www.africa-press.net\/djibouti\/wp-json\/wp\/v2\/media?parent=17719"}],"wp:term":[{"taxonomy":"category","embeddable":true,"href":"https:\/\/www.africa-press.net\/djibouti\/wp-json\/wp\/v2\/categories?post=17719"},{"taxonomy":"post_tag","embeddable":true,"href":"https:\/\/www.africa-press.net\/djibouti\/wp-json\/wp\/v2\/tags?post=17719"}],"curies":[{"name":"wp","href":"https:\/\/api.w.org\/{rel}","templated":true}]}}