{"id":17721,"date":"2023-09-11T18:14:26","date_gmt":"2023-09-11T18:14:26","guid":{"rendered":"https:\/\/www.africa-press.net\/djibouti\/politique\/le-president-guelleh-en-conference-avec-les-dirigeants-de-ligad-sur-le-soudan-du-sud"},"modified":"2023-09-11T18:45:12","modified_gmt":"2023-09-11T18:45:12","slug":"le-president-guelleh-en-conference-avec-les-dirigeants-de-ligad-sur-le-soudan-du-sud","status":"publish","type":"post","link":"https:\/\/www.africa-press.net\/djibouti\/politique\/le-president-guelleh-en-conference-avec-les-dirigeants-de-ligad-sur-le-soudan-du-sud","title":{"rendered":"Le Pr\u00e9sident Guelleh en conf\u00e9rence avec les dirigeants de l&rsquo;IGAD sur le Soudan du Sud"},"content":{"rendered":"<p><span style=\"color: #ff6600\"><strong>Africa-Press &#8211; Djibouti. <\/strong><\/span>Lors d&rsquo;une rencontre capitale tenue ce matin au Palais de la Re\u0301publique, le Pre\u0301sident Ismail Omar Guelleh, qui occupe actuellement la pre\u0301sidence de l&rsquo;Autorite\u0301 Intergouvernementale pour le De\u0301veloppement (IGAD), a accueilli les principaux responsables des Me\u0301canismes de Suivi de l&rsquo;IGAD pour le Soudan du Sud.<\/p>\n<p>Il est important de rappeler que le Soudan du Sud a traverse\u0301 une guerre civile de\u0301vastatrice de 2013 a\u0300 2020, et le pays est actuellement dirige\u0301 par un Gouvernement d&rsquo;Union nationale.<\/p>\n<p>Cette re\u0301union de haut niveau a fourni une plateforme pour discuter de l&rsquo;e\u0301volution de la situation au Soudan du Sud, mettant en lumie\u0300re le de\u0301fi majeur de la mise en \u0153uvre de l&rsquo;accord de paix de septembre 2018 entre les principaux acteurs politiques du pays.<\/p>\n<p>La restauration de la paix nationale est inextricablement lie\u0301e a\u0300 l&rsquo;engagement des dirigeants politiques du Soudan du Sud en faveur d&rsquo;un cessez-le-feu durable et a\u0300 leur volonte\u0301 de collaborer au sein de l&rsquo;Autorite\u0301 inclusive de Transition.<\/p>\n<p>Un autre sujet de discussion crucial e\u0301tait la cre\u0301ation d&rsquo;une force arme\u0301e inte\u0301gre\u0301e pour le Soudan du Sud, un enjeu central dans la re\u0301solution des proble\u0300mes persistants du pays.<\/p>\n<p>La de\u0301le\u0301gation de haut niveau qui a e\u0301te\u0301 rec\u0327ue par le Pre\u0301sident de l&rsquo;IGAD comprenait des personnalite\u0301s de premier plan telles que l&rsquo;E\u0301missaire spe\u0301cial de l&rsquo;IGAD pour le Soudan du Sud, l&rsquo;Ambassadeur Ismail Wai\u0308s, le Pre\u0301sident de la Commission conjointe de Suivi et d&rsquo;E\u0301valuation de l&rsquo;IGAD au Soudan du Sud (RJMEC), l&rsquo;ambassadeur Major Ge\u0301ne\u0301ral Charles Thai Gituai, et le Pre\u0301sident du Me\u0301canisme de Surveillance et de Ve\u0301rification de l&rsquo;IGAD au Soudan du Sud (CTSAMVM), le Major Ge\u0301ne\u0301ral ambassadeur Hailu Gonfa Eddosa.<\/p>\n<p>Du co\u0302te\u0301 djiboutien, d&rsquo;autres personnalite\u0301s de premier plan, notamment le Ministre des Affaires e\u0301trange\u0300res et de la Coope\u0301ration internationale, M. Mahmoud Ali Youssouf, le Charge\u0301 d&rsquo;Affaires de la Re\u0301publique de Djibouti aupre\u0300s du Soudan du Sud, M. Hassan Robleh Mahamoud, et la Conseille\u0300re diplomatique du Chef de l&rsquo;E\u0301tat, Mme. Fathia Djama Oudine, e\u0301taient e\u0301galement pre\u0301sents a\u0300 cet e\u0301ve\u0301nement crucial.<\/p>\n<p><strong>Pour plus d&rsquo;informations et d&rsquo;analyses sur la <a href=\"https:\/\/www.africa-press.net\/djibouti\">Djibouti<\/a>, suivez <a href=\"https:\/\/www.africa-press.net\/\">Africa-Press<\/a><\/strong><\/p>\n","protected":false},"excerpt":{"rendered":"<p>Africa-Press &#8211; Djibouti. Lors d&rsquo;une rencontre capitale tenue ce matin au Palais de la Re\u0301publique, le Pre\u0301sident Ismail Omar Guelleh, qui occupe actuellement la pre\u0301sidence de l&rsquo;Autorite\u0301 Intergouvernementale pour le De\u0301veloppement (IGAD), a accueilli les principaux responsables des Me\u0301canismes de Suivi de l&rsquo;IGAD pour le Soudan du Sud. Il est important de rappeler que le [&hellip;]<\/p>\n","protected":false},"author":82,"featured_media":17720,"comment_status":"open","ping_status":"closed","sticky":false,"template":"","format":"standard","meta":{"footnotes":""},"categories":[2,20,10],"tags":[36,49,50],"class_list":["post-17721","post","type-post","status-publish","format-standard","has-post-thumbnail","hentry","category-politique","category-top-nouvelles","category-toutes-les-actualites","tag-africa-press","tag-africa-press-djibouti","tag-djibouti"],"yoast_head":"<!-- This site is optimized with the Yoast SEO Premium plugin v26.1 (Yoast SEO v27.0) - https:\/\/yoast.com\/product\/yoast-seo-premium-wordpress\/ -->\n<title>Le Pr\u00e9sident Guelleh en conf\u00e9rence avec les dirigeants de l&#039;IGAD sur le Soudan du Sud - Djibouti<\/title>\n<meta name=\"description\" content=\"Lors d&#039;une rencontre capitale tenue ce matin au Palais de la Re\u0301publique, le Pre\u0301sident Ismail Omar Guelleh, qui occupe ...\" \/>\n<meta name=\"robots\" content=\"index, follow, max-snippet:-1, max-image-preview:large, max-video-preview:-1\" \/>\n<link rel=\"canonical\" href=\"https:\/\/www.africa-press.net\/djibouti\/politique\/le-president-guelleh-en-conference-avec-les-dirigeants-de-ligad-sur-le-soudan-du-sud\" \/>\n<meta property=\"og:locale\" content=\"fr_FR\" \/>\n<meta property=\"og:type\" content=\"article\" \/>\n<meta property=\"og:title\" content=\"Le Pr\u00e9sident Guelleh en conf\u00e9rence avec les dirigeants de l&#039;IGAD sur le Soudan du Sud\" \/>\n<meta property=\"og:description\" content=\"Lors d&#039;une rencontre capitale tenue ce matin au Palais de la Re\u0301publique, le Pre\u0301sident Ismail Omar Guelleh, qui occupe ...\" \/>\n<meta property=\"og:url\" content=\"https:\/\/www.africa-press.net\/djibouti\/politique\/le-president-guelleh-en-conference-avec-les-dirigeants-de-ligad-sur-le-soudan-du-sud\" \/>\n<meta property=\"og:site_name\" content=\"Djibouti\" \/>\n<meta property=\"article:published_time\" content=\"2023-09-11T18:14:26+00:00\" \/>\n<meta property=\"article:modified_time\" content=\"2023-09-11T18:45:12+00:00\" \/>\n<meta property=\"og:image\" content=\"https:\/\/static.africa-press.net\/djibouti\/sites\/52\/2023\/09\/sm_1694445201.168324.jpg\" \/>\n\t<meta property=\"og:image:width\" content=\"1076\" \/>\n\t<meta property=\"og:image:height\" content=\"680\" \/>\n\t<meta property=\"og:image:type\" content=\"image\/jpeg\" \/>\n<meta name=\"author\" content=\"cfeditorfr\" \/>\n<meta name=\"twitter:card\" content=\"summary_large_image\" \/>\n<meta name=\"twitter:label1\" content=\"\u00c9crit par\" \/>\n\t<meta name=\"twitter:data1\" content=\"cfeditorfr\" \/>\n\t<meta name=\"twitter:label2\" content=\"Dur\u00e9e de lecture estim\u00e9e\" \/>\n\t<meta name=\"twitter:data2\" content=\"2 minutes\" \/>\n<script type=\"application\/ld+json\" class=\"yoast-schema-graph\">{\"@context\":\"https:\/\/schema.org\",\"@graph\":[{\"@type\":\"Article\",\"@id\":\"https:\/\/www.africa-press.net\/djibouti\/politique\/le-president-guelleh-en-conference-avec-les-dirigeants-de-ligad-sur-le-soudan-du-sud#article\",\"isPartOf\":{\"@id\":\"https:\/\/www.africa-press.net\/djibouti\/politique\/le-president-guelleh-en-conference-avec-les-dirigeants-de-ligad-sur-le-soudan-du-sud\"},\"author\":{\"name\":\"cfeditorfr\",\"@id\":\"https:\/\/www.africa-press.net\/djibouti\/#\/schema\/person\/2b1cf3cd81a31e3cd26889ca66d677f1\"},\"headline\":\"Le Pr\u00e9sident Guelleh en conf\u00e9rence avec les dirigeants de l&rsquo;IGAD sur le Soudan du Sud\",\"datePublished\":\"2023-09-11T18:14:26+00:00\",\"dateModified\":\"2023-09-11T18:45:12+00:00\",\"mainEntityOfPage\":{\"@id\":\"https:\/\/www.africa-press.net\/djibouti\/politique\/le-president-guelleh-en-conference-avec-les-dirigeants-de-ligad-sur-le-soudan-du-sud\"},\"wordCount\":427,\"commentCount\":0,\"image\":{\"@id\":\"https:\/\/www.africa-press.net\/djibouti\/politique\/le-president-guelleh-en-conference-avec-les-dirigeants-de-ligad-sur-le-soudan-du-sud#primaryimage\"},\"thumbnailUrl\":\"https:\/\/static.africa-press.net\/djibouti\/sites\/52\/2023\/09\/sm_1694445201.168324.jpg\",\"keywords\":[\"Africa Press\",\"Africa Press-Djibouti\",\"Djibouti\"],\"articleSection\":[\"Politique\",\"Top Nouvelles\",\"Toutes les actualit\u00e9s\"],\"inLanguage\":\"fr-FR\",\"potentialAction\":[{\"@type\":\"CommentAction\",\"name\":\"Comment\",\"target\":[\"https:\/\/www.africa-press.net\/djibouti\/politique\/le-president-guelleh-en-conference-avec-les-dirigeants-de-ligad-sur-le-soudan-du-sud#respond\"]}]},{\"@type\":\"WebPage\",\"@id\":\"https:\/\/www.africa-press.net\/djibouti\/politique\/le-president-guelleh-en-conference-avec-les-dirigeants-de-ligad-sur-le-soudan-du-sud\",\"url\":\"https:\/\/www.africa-press.net\/djibouti\/politique\/le-president-guelleh-en-conference-avec-les-dirigeants-de-ligad-sur-le-soudan-du-sud\",\"name\":\"Le Pr\u00e9sident Guelleh en conf\u00e9rence avec les dirigeants de l'IGAD sur le Soudan du Sud - Djibouti\",\"isPartOf\":{\"@id\":\"https:\/\/www.africa-press.net\/djibouti\/#website\"},\"primaryImageOfPage\":{\"@id\":\"https:\/\/www.africa-press.net\/djibouti\/politique\/le-president-guelleh-en-conference-avec-les-dirigeants-de-ligad-sur-le-soudan-du-sud#primaryimage\"},\"image\":{\"@id\":\"https:\/\/www.africa-press.net\/djibouti\/politique\/le-president-guelleh-en-conference-avec-les-dirigeants-de-ligad-sur-le-soudan-du-sud#primaryimage\"},\"thumbnailUrl\":\"https:\/\/static.africa-press.net\/djibouti\/sites\/52\/2023\/09\/sm_1694445201.168324.jpg\",\"datePublished\":\"2023-09-11T18:14:26+00:00\",\"dateModified\":\"2023-09-11T18:45:12+00:00\",\"author\":{\"@id\":\"https:\/\/www.africa-press.net\/djibouti\/#\/schema\/person\/2b1cf3cd81a31e3cd26889ca66d677f1\"},\"description\":\"Lors d'une rencontre capitale tenue ce matin au Palais de la Re\u0301publique, le Pre\u0301sident Ismail Omar Guelleh, qui occupe ...\",\"breadcrumb\":{\"@id\":\"https:\/\/www.africa-press.net\/djibouti\/politique\/le-president-guelleh-en-conference-avec-les-dirigeants-de-ligad-sur-le-soudan-du-sud#breadcrumb\"},\"inLanguage\":\"fr-FR\",\"potentialAction\":[{\"@type\":\"ReadAction\",\"target\":[\"https:\/\/www.africa-press.net\/djibouti\/politique\/le-president-guelleh-en-conference-avec-les-dirigeants-de-ligad-sur-le-soudan-du-sud\"]}]},{\"@type\":\"ImageObject\",\"inLanguage\":\"fr-FR\",\"@id\":\"https:\/\/www.africa-press.net\/djibouti\/politique\/le-president-guelleh-en-conference-avec-les-dirigeants-de-ligad-sur-le-soudan-du-sud#primaryimage\",\"url\":\"https:\/\/static.africa-press.net\/djibouti\/sites\/52\/2023\/09\/sm_1694445201.168324.jpg\",\"contentUrl\":\"https:\/\/static.africa-press.net\/djibouti\/sites\/52\/2023\/09\/sm_1694445201.168324.jpg\",\"width\":1076,\"height\":680,\"caption\":\"Le Pr\u00e9sident Guelleh en conf\u00e9rence avec les dirigeants de l'IGAD sur le Soudan du Sud\"},{\"@type\":\"BreadcrumbList\",\"@id\":\"https:\/\/www.africa-press.net\/djibouti\/politique\/le-president-guelleh-en-conference-avec-les-dirigeants-de-ligad-sur-le-soudan-du-sud#breadcrumb\",\"itemListElement\":[{\"@type\":\"ListItem\",\"position\":1,\"name\":\"Accueil\",\"item\":\"https:\/\/www.africa-press.net\/djibouti\/\"},{\"@type\":\"ListItem\",\"position\":2,\"name\":\"Le Pr\u00e9sident Guelleh en conf\u00e9rence avec les dirigeants de l&#8217;IGAD sur le Soudan du Sud\"}]},{\"@type\":\"WebSite\",\"@id\":\"https:\/\/www.africa-press.net\/djibouti\/#website\",\"url\":\"https:\/\/www.africa-press.net\/djibouti\/\",\"name\":\"Djibouti\",\"description\":\"Just another Africa News Agency Sites site\",\"potentialAction\":[{\"@type\":\"SearchAction\",\"target\":{\"@type\":\"EntryPoint\",\"urlTemplate\":\"https:\/\/www.africa-press.net\/djibouti\/?s={search_term_string}\"},\"query-input\":{\"@type\":\"PropertyValueSpecification\",\"valueRequired\":true,\"valueName\":\"search_term_string\"}}],\"inLanguage\":\"fr-FR\"},{\"@type\":\"Person\",\"@id\":\"https:\/\/www.africa-press.net\/djibouti\/#\/schema\/person\/2b1cf3cd81a31e3cd26889ca66d677f1\",\"name\":\"cfeditorfr\"}]}<\/script>\n<!-- \/ Yoast SEO Premium plugin. -->","yoast_head_json":{"title":"Le Pr\u00e9sident Guelleh en conf\u00e9rence avec les dirigeants de l'IGAD sur le Soudan du Sud - Djibouti","description":"Lors d'une rencontre capitale tenue ce matin au Palais de la Re\u0301publique, le Pre\u0301sident Ismail Omar Guelleh, qui occupe ...","robots":{"index":"index","follow":"follow","max-snippet":"max-snippet:-1","max-image-preview":"max-image-preview:large","max-video-preview":"max-video-preview:-1"},"canonical":"https:\/\/www.africa-press.net\/djibouti\/politique\/le-president-guelleh-en-conference-avec-les-dirigeants-de-ligad-sur-le-soudan-du-sud","og_locale":"fr_FR","og_type":"article","og_title":"Le Pr\u00e9sident Guelleh en conf\u00e9rence avec les dirigeants de l'IGAD sur le Soudan du Sud","og_description":"Lors d'une rencontre capitale tenue ce matin au Palais de la Re\u0301publique, le Pre\u0301sident Ismail Omar Guelleh, qui occupe ...","og_url":"https:\/\/www.africa-press.net\/djibouti\/politique\/le-president-guelleh-en-conference-avec-les-dirigeants-de-ligad-sur-le-soudan-du-sud","og_site_name":"Djibouti","article_published_time":"2023-09-11T18:14:26+00:00","article_modified_time":"2023-09-11T18:45:12+00:00","og_image":[{"width":1076,"height":680,"url":"https:\/\/static.africa-press.net\/djibouti\/sites\/52\/2023\/09\/sm_1694445201.168324.jpg","type":"image\/jpeg"}],"author":"cfeditorfr","twitter_card":"summary_large_image","twitter_misc":{"\u00c9crit par":"cfeditorfr","Dur\u00e9e de lecture estim\u00e9e":"2 minutes"},"schema":{"@context":"https:\/\/schema.org","@graph":[{"@type":"Article","@id":"https:\/\/www.africa-press.net\/djibouti\/politique\/le-president-guelleh-en-conference-avec-les-dirigeants-de-ligad-sur-le-soudan-du-sud#article","isPartOf":{"@id":"https:\/\/www.africa-press.net\/djibouti\/politique\/le-president-guelleh-en-conference-avec-les-dirigeants-de-ligad-sur-le-soudan-du-sud"},"author":{"name":"cfeditorfr","@id":"https:\/\/www.africa-press.net\/djibouti\/#\/schema\/person\/2b1cf3cd81a31e3cd26889ca66d677f1"},"headline":"Le Pr\u00e9sident Guelleh en conf\u00e9rence avec les dirigeants de l&rsquo;IGAD sur le Soudan du Sud","datePublished":"2023-09-11T18:14:26+00:00","dateModified":"2023-09-11T18:45:12+00:00","mainEntityOfPage":{"@id":"https:\/\/www.africa-press.net\/djibouti\/politique\/le-president-guelleh-en-conference-avec-les-dirigeants-de-ligad-sur-le-soudan-du-sud"},"wordCount":427,"commentCount":0,"image":{"@id":"https:\/\/www.africa-press.net\/djibouti\/politique\/le-president-guelleh-en-conference-avec-les-dirigeants-de-ligad-sur-le-soudan-du-sud#primaryimage"},"thumbnailUrl":"https:\/\/static.africa-press.net\/djibouti\/sites\/52\/2023\/09\/sm_1694445201.168324.jpg","keywords":["Africa Press","Africa Press-Djibouti","Djibouti"],"articleSection":["Politique","Top Nouvelles","Toutes les actualit\u00e9s"],"inLanguage":"fr-FR","potentialAction":[{"@type":"CommentAction","name":"Comment","target":["https:\/\/www.africa-press.net\/djibouti\/politique\/le-president-guelleh-en-conference-avec-les-dirigeants-de-ligad-sur-le-soudan-du-sud#respond"]}]},{"@type":"WebPage","@id":"https:\/\/www.africa-press.net\/djibouti\/politique\/le-president-guelleh-en-conference-avec-les-dirigeants-de-ligad-sur-le-soudan-du-sud","url":"https:\/\/www.africa-press.net\/djibouti\/politique\/le-president-guelleh-en-conference-avec-les-dirigeants-de-ligad-sur-le-soudan-du-sud","name":"Le Pr\u00e9sident Guelleh en conf\u00e9rence avec les dirigeants de l'IGAD sur le Soudan du Sud - Djibouti","isPartOf":{"@id":"https:\/\/www.africa-press.net\/djibouti\/#website"},"primaryImageOfPage":{"@id":"https:\/\/www.africa-press.net\/djibouti\/politique\/le-president-guelleh-en-conference-avec-les-dirigeants-de-ligad-sur-le-soudan-du-sud#primaryimage"},"image":{"@id":"https:\/\/www.africa-press.net\/djibouti\/politique\/le-president-guelleh-en-conference-avec-les-dirigeants-de-ligad-sur-le-soudan-du-sud#primaryimage"},"thumbnailUrl":"https:\/\/static.africa-press.net\/djibouti\/sites\/52\/2023\/09\/sm_1694445201.168324.jpg","datePublished":"2023-09-11T18:14:26+00:00","dateModified":"2023-09-11T18:45:12+00:00","author":{"@id":"https:\/\/www.africa-press.net\/djibouti\/#\/schema\/person\/2b1cf3cd81a31e3cd26889ca66d677f1"},"description":"Lors d'une rencontre capitale tenue ce matin au Palais de la Re\u0301publique, le Pre\u0301sident Ismail Omar Guelleh, qui occupe ...","breadcrumb":{"@id":"https:\/\/www.africa-press.net\/djibouti\/politique\/le-president-guelleh-en-conference-avec-les-dirigeants-de-ligad-sur-le-soudan-du-sud#breadcrumb"},"inLanguage":"fr-FR","potentialAction":[{"@type":"ReadAction","target":["https:\/\/www.africa-press.net\/djibouti\/politique\/le-president-guelleh-en-conference-avec-les-dirigeants-de-ligad-sur-le-soudan-du-sud"]}]},{"@type":"ImageObject","inLanguage":"fr-FR","@id":"https:\/\/www.africa-press.net\/djibouti\/politique\/le-president-guelleh-en-conference-avec-les-dirigeants-de-ligad-sur-le-soudan-du-sud#primaryimage","url":"https:\/\/static.africa-press.net\/djibouti\/sites\/52\/2023\/09\/sm_1694445201.168324.jpg","contentUrl":"https:\/\/static.africa-press.net\/djibouti\/sites\/52\/2023\/09\/sm_1694445201.168324.jpg","width":1076,"height":680,"caption":"Le Pr\u00e9sident Guelleh en conf\u00e9rence avec les dirigeants de l'IGAD sur le Soudan du Sud"},{"@type":"BreadcrumbList","@id":"https:\/\/www.africa-press.net\/djibouti\/politique\/le-president-guelleh-en-conference-avec-les-dirigeants-de-ligad-sur-le-soudan-du-sud#breadcrumb","itemListElement":[{"@type":"ListItem","position":1,"name":"Accueil","item":"https:\/\/www.africa-press.net\/djibouti\/"},{"@type":"ListItem","position":2,"name":"Le Pr\u00e9sident Guelleh en conf\u00e9rence avec les dirigeants de l&#8217;IGAD sur le Soudan du Sud"}]},{"@type":"WebSite","@id":"https:\/\/www.africa-press.net\/djibouti\/#website","url":"https:\/\/www.africa-press.net\/djibouti\/","name":"Djibouti","description":"Just another Africa News Agency Sites site","potentialAction":[{"@type":"SearchAction","target":{"@type":"EntryPoint","urlTemplate":"https:\/\/www.africa-press.net\/djibouti\/?s={search_term_string}"},"query-input":{"@type":"PropertyValueSpecification","valueRequired":true,"valueName":"search_term_string"}}],"inLanguage":"fr-FR"},{"@type":"Person","@id":"https:\/\/www.africa-press.net\/djibouti\/#\/schema\/person\/2b1cf3cd81a31e3cd26889ca66d677f1","name":"cfeditorfr"}]}},"_links":{"self":[{"href":"https:\/\/www.africa-press.net\/djibouti\/wp-json\/wp\/v2\/posts\/17721","targetHints":{"allow":["GET"]}}],"collection":[{"href":"https:\/\/www.africa-press.net\/djibouti\/wp-json\/wp\/v2\/posts"}],"about":[{"href":"https:\/\/www.africa-press.net\/djibouti\/wp-json\/wp\/v2\/types\/post"}],"author":[{"embeddable":true,"href":"https:\/\/www.africa-press.net\/djibouti\/wp-json\/wp\/v2\/users\/82"}],"replies":[{"embeddable":true,"href":"https:\/\/www.africa-press.net\/djibouti\/wp-json\/wp\/v2\/comments?post=17721"}],"version-history":[{"count":0,"href":"https:\/\/www.africa-press.net\/djibouti\/wp-json\/wp\/v2\/posts\/17721\/revisions"}],"wp:featuredmedia":[{"embeddable":true,"href":"https:\/\/www.africa-press.net\/djibouti\/wp-json\/wp\/v2\/media\/17720"}],"wp:attachment":[{"href":"https:\/\/www.africa-press.net\/djibouti\/wp-json\/wp\/v2\/media?parent=17721"}],"wp:term":[{"taxonomy":"category","embeddable":true,"href":"https:\/\/www.africa-press.net\/djibouti\/wp-json\/wp\/v2\/categories?post=17721"},{"taxonomy":"post_tag","embeddable":true,"href":"https:\/\/www.africa-press.net\/djibouti\/wp-json\/wp\/v2\/tags?post=17721"}],"curies":[{"name":"wp","href":"https:\/\/api.w.org\/{rel}","templated":true}]}}