{"id":17746,"date":"2023-09-13T06:39:31","date_gmt":"2023-09-13T06:39:31","guid":{"rendered":"https:\/\/www.africa-press.net\/djibouti\/politique\/quest-ce-que-ladhesion-au-g20-signifie-pour-lafrique"},"modified":"2023-09-13T06:53:36","modified_gmt":"2023-09-13T06:53:36","slug":"quest-ce-que-ladhesion-au-g20-signifie-pour-lafrique","status":"publish","type":"post","link":"https:\/\/www.africa-press.net\/djibouti\/dossiers\/quest-ce-que-ladhesion-au-g20-signifie-pour-lafrique","title":{"rendered":"Qu\u2019est-ce que l\u2019adh\u00e9sion au G20 signifie pour l\u2019Afrique?"},"content":{"rendered":"<p><span style=\"color: #ff6600\"><strong>Africa-Press &#8211; Djibouti. <\/strong><\/span>L\u2019acquisition d\u2019un sie\u0300ge au G20 permettra a\u0300 l\u2019Union africaine de de\u0301fendre les inte\u0301re\u0302ts de l\u2019Afrique a\u0300 l\u2019e\u0301chelle mondiale, a indique\u0301 a\u0300 Sputnik Afrique l\u2019expert malien Aly dit Agali Wele\u0301. Le continent pourrait me\u0302me e\u0302tre repre\u0301sente\u0301 par re\u0301gions, selon Oumar MC Kone, pre\u0301sident de la Mission d&rsquo;appui a\u0300 la refondation de l&rsquo;E\u0301tat.<\/p>\n<p>L\u2019adhe\u0301sion de l&rsquo;Union africaine au G20 est une opportunite\u0301 pour les pays africains de participer a\u0300 la prise de de\u0301cisions, notamment e\u0301conomiques, vu que le groupe des 20 a pour vocation de \u00ab\u00a0ge\u0301rer le plus souvent des aspects e\u0301conomiques\u00a0\u00bb, a affirme\u0301 aupre\u0300s de Sputnik Afrique Aly dit Agali Wele\u0301, vice-pre\u0301sident du Bloc pour le redressement et le de\u0301veloppement du Mali.<\/p>\n<p>\u00ab\u00a0C\u0327a va aider l&rsquo;Afrique a\u0300 e\u0302tre au c\u0153ur de certaines de\u0301cisions, d&rsquo;avoir une implication. Et c\u0327a nous donne normalement l\u2019opportunite\u0301 a\u0300 nous, les Africains, de participer a\u0300 la prise de beaucoup de de\u0301cisions et, ce qui va aider vraiment les Africains, de de\u0301fendre leurs inte\u0301re\u0302ts directs.\u00a0\u00bb<\/p>\n<p>L&rsquo;Union africaine a toujours souhaite\u0301 rejoindre cette organisation, a poursuivi l\u2019expert. Selon lui, \u00ab\u00a0cette concre\u0301tisation est le re\u0301sultat d&rsquo;une longue lutte\u00a0\u00bb et \u00ab\u00a0d\u2019une ligne de longue date\u00a0\u00bb. Maintenant, \u00ab\u00a0tous les Africains doivent se sentir heureux et e\u0302tre solidaires pour affirmer leur unite\u0301\u00a0\u00bb, a-t-il sugge\u0301re\u0301.<\/p>\n<p>\u00ab\u00a0L&rsquo;Afrique qui adhe\u0300re cette fois-ci, va mettre les bouche\u0301es doubles pour l&rsquo;inte\u0301re\u0302t des Africains [&#8230;].C&rsquo;est vrai qu&rsquo;il y a de\u0301ja\u0300 l&rsquo;Afrique du Sud qui fait partie de ce groupe et mais quand on a l&rsquo;Union africaine, c&rsquo;est encore un plus\u00a0\u00bb, a conclu Aly dit Agali Wele\u0301.<\/p>\n<p><b>Me\u0302me statut pour l\u2019UA que pour l\u2019UE<\/b><\/p>\n<p>Le rapport de forces au sein du G20 et dans le monde en ge\u0301ne\u0301ral devrait changer apre\u0300s cette adhe\u0301sion, l&rsquo;Union africaine ayant de\u0301sormais le me\u0302me poids et le me\u0302me statut au G20 que l&rsquo;Union europe\u0301enne, a estime\u0301 M.Wele\u0301. A\u0300 l\u2019e\u0301chelle e\u0301conomique mondiale, l\u2019influence de l\u2019UA ne peut pas e\u0302tre ne\u0301gligeable, e\u0301tant constitue\u0301e des \u00ab\u00a0poids e\u0301conomiques de ses diffe\u0301rents pays\u00a0\u00bb.<\/p>\n<p>\u00ab\u00a0Notre poids e\u0301conomique se base sur nos re\u0301serves, nos ressources minie\u0300res, les potentialite\u0301s naturelles qui font de l&rsquo;Afrique un poids tre\u0300s utile, tre\u0300s important pour l&rsquo;e\u0301conomie mondiale. Et c\u0327a va permettre d&rsquo;avoir un contrepoids par rapport a\u0300 certaines de\u0301cisions qui seront prises au niveau du G20.\u00a0\u00bb<\/p>\n<p>Garder l&rsquo;Afrique hors de toute question e\u0301conomique, sans sa participation, aurait force\u0301ment de graves conse\u0301quences et des difficulte\u0301s, a continue\u0301 l\u2019expert interviewe\u0301 par Sputnik Afrique.<\/p>\n<p><b>\u00ab\u00a0Parce que l&rsquo;avenir est en Afrique\u00a0\u00bb, a-t-il sugge\u0301re\u0301.<\/b><\/p>\n<p>D\u2019ailleurs, l\u2019adhe\u0301sion au G20 cre\u0301era un contrepoids pour que les pre\u0301occupations des pays africains, ignore\u0301es par le passe\u0301, soient maintenant prises en compte, a espe\u0301re\u0301 le vice-pre\u0301sident du Bloc pour le redressement et le de\u0301veloppement du Mali.<\/p>\n<p><b>Un sie\u0300ge pour 54 pays d\u2019Afrique, mais ce n\u2019est que le de\u0301but<\/b><\/p>\n<p>Comptant 54 pays, l\u2019UA n\u2019aura pourtant qu\u2019une place et qu\u2019une voix au sein du G20. Cependant, cela repre\u0301sente de\u0301ja\u0300 une avance\u0301e importante, selon Aly dit Agali Wele\u0301, qui a rappele\u0301 qu\u2019avant cette adhe\u0301sion, il n\u2019y avait que l\u2019Afrique du Sud pour repre\u0301senter le continent africain au sein de l\u2019organisation.<\/p>\n<p>Une voix distincte pour l\u2019Afrique du Sud plus une autre pour toute l\u2019Union africaine, \u00ab\u00a0c\u2019est donc de\u0301ja\u0300 bien pour un de\u0301but\u00a0\u00bb, a-t-il estime\u0301.<\/p>\n<p>En comparant la situation avec l&rsquo;Union europe\u0301enne qui, en principe, a aussi beaucoup de pays et une seule voix au G20, M.Wele\u0301 a exprime\u0301 l\u2019espoir que les autres pays d\u2019Afrique auraient biento\u0302t leurs propres sie\u0300ges au sein du groupe.<\/p>\n<p>\u00ab\u00a0Nous espe\u0301rons que la donne va changer parce qu&rsquo;on va continuer a\u0300 ajouter des pays. Il y aura peut-e\u0302tre d&rsquo;autres strate\u0301gies qui feront en sorte que les Africains seront mieux repre\u0301sente\u0301s; les Africains seront mieux e\u0301coute\u0301s pour la prise de de\u0301cision\u00a0\u00bb, a-t-il confie\u0301, ajoutant que les autres pays africains devaient \u00ab\u00a0s&rsquo;affirmer et chercher a\u0300 adhe\u0301rer\u00a0\u00bb.<\/p>\n<p>L\u2019expert malien se demande si, avec cette seule voix, les pays africains auront effectivement un \u00ab\u00a0poids unique, unitaire, qui montre l&rsquo;unite\u0301 africaine\u00a0\u00bb.<\/p>\n<p>Il a invite\u0301 les diffe\u0301rents chefs d&rsquo;E\u0301tat africains a\u0300 travailler dans ce sens pour qu&rsquo;ils n&rsquo;aient pas de divergences ou bien pour que les choses ne soient pas de\u0301cide\u0301es de fac\u0327on unilate\u0301rale, \u00ab\u00a0comme on le constate souvent dans les organisations africaines\u00a0\u00bb.<\/p>\n<p>\u00ab\u00a0C&rsquo;est des organisations qui sont souvent prises en otage a\u0300 travers d&rsquo;autres organisations a\u0300 travers d&rsquo;autres pays\u00a0\u00bb, a de\u0301plore\u0301 M.Wele\u0301.<\/p>\n<p><b>Une repre\u0301sentation par re\u0301gions comme suite possible<\/b><\/p>\n<p>Un autre expert malien, Oumar MC Kone, pre\u0301sident de la Mission d&rsquo;appui a\u0300 la refondation de l&rsquo;E\u0301tat (MARE), a e\u0301galement juge\u0301 positivement aupre\u0300s de Sputnik Afrique le fait que l&rsquo;UA soit de\u0301sormais membre du G20.<\/p>\n<p>Pour lui, un moyen de repre\u0301sentativite\u0301 efficace en interne de l&rsquo;UA doit e\u0302tre trouve\u0301 \u00ab\u00a0pour pouvoir de\u0301fendre les inte\u0301re\u0302ts et pre\u0301occupations de chaque pays du continent africain\u00a0\u00bb. Selon cet expert, le continent africain doit travailler davantage pour e\u0301lever son niveau de repre\u0301sentation au sein de cette organisation:<\/p>\n<p>\u00ab\u00a0A\u0300 mon avis, le G20 aurait du\u0302 e\u0302tre ouvert a\u0300 plus de repre\u0301sentants de l&rsquo;Afrique au lieu de la seule UA. On aurait pu imaginer, une repre\u0301sentation pour le Maghreb, une pour l&rsquo;Afrique de l&rsquo;Ouest, une pour l&rsquo;Afrique de l&rsquo;Est, une pour l&rsquo;Afrique centrale et une pour l&rsquo;Afrique australe (partie sud de l&rsquo;Afrique): 5 repre\u0301sentants pour l&rsquo;Afrique. Toutefois, cette ouverture de l&rsquo;Afrique au G20 par la venue de l&rsquo;UA est a\u0300 saluer et permettra d&rsquo;e\u0301voquer les enjeux et de\u0301fis majeurs qui s&rsquo;imposent aujourd&rsquo;hui au continent\u00a0\u00bb.<\/p>\n<p>Pour aller plus loin, cette transformation doit e\u0302tre ope\u0301re\u0301e e\u0301galement au sein de l&rsquo;Onu, ou\u0300 aucun pays africain n\u2019a toujours de droit de veto et ou\u0300 \u00ab\u00a0les re\u0301solutions les concernant soient e\u0301crites par d&rsquo;autres nations qui le plus souvent sont en de\u0301phasage avec leurs propres opinions\u00a0\u00bb, marte\u0300le l\u2019expert.<\/p>\n<p>\u00ab\u00a0Un progre\u0300s certes par l&rsquo;inte\u0301gration de l&rsquo;UA dans le G20 mais insuffisant pour atteindre un e\u0301quilibre dans les prises de de\u0301cisions dans les institutions internationales\u00a0\u00bb, a-t-il conclu.<\/p>\n<p><b>Un paralle\u0300le avec le re\u0301cent e\u0301largissement des BRICS<\/b><\/p>\n<p>Avec l&rsquo;e\u0301largissement du G20 a\u0300 l&rsquo;Afrique, un paralle\u0300le se fait ine\u0301vitablement avec les BRICS, s\u2019agissant de nouvelles adhe\u0301sions pour le continent, a continue\u0301 l\u2019expert malien.<\/p>\n<p>\u00ab\u00a0C\u0327a donne plus de poids a\u0300 l&rsquo;Afrique parce que c\u0327a permet de participer, d&rsquo;e\u0302tre implique\u0301, de prendre certaines de\u0301cisions ensemble, pluto\u0302t que ce soit de\u0301cide\u0301 a\u0300 notre place. Et en plus de cela, la logique qu&rsquo;il y a actuellement, dans le cadre de la ge\u0301ostrate\u0301gie, de la ge\u0301opolitique [&#8230;] va force\u0301ment influencer les questions e\u0301conomiques\u00a0\u00bb, a-t-il estime\u0301.<\/p>\n<p>Certains pays qui sont dans les BRICS et qui ont de bons rapports de collaboration et de partenariat avec l&rsquo;Afrique se renforcent de fac\u0327on visible, a-t-il affirme\u0301.Pour M.Wele\u0301, cette e\u0301volution te\u0301moigne de ce que \u00ab\u00a0les choses vont de mieux en mieux\u00a0\u00bb. Pour lui, il n\u2019est de\u0301sormais possible de \u00ab\u00a0faire les choses\u00a0\u00bb sans Afrique qui, au bout de 25 ans, se transformera en un groupe \u00ab\u00a0tre\u0300s fort\u00a0\u00bb:<\/p>\n<p>\u00ab\u00a0L&rsquo;Afrique ne doit plus rester en marge et l&rsquo;Afrique ne sera plus en marge parce que l&rsquo;Afrique commence a\u0300 s&rsquo;imposer. Qu&rsquo;on le veuille ou pas, on est tenu, on est oblige\u0301 de voir la participation accrue de l&rsquo;Afrique dans tout le processus mondial, dans toutes les actions mondiales, que ce soit sur le plan e\u0301conomique, que ce soit sur le plan climatique&#8230; Bref, l&rsquo;Afrique est incontournable dans tout ce qui se fait\u00a0\u00bb a-t-il assure\u0301, ajoutant que \u00ab\u00a0dans les 25 ans a\u0300 venir, l&rsquo;Afrique sera un groupe tre\u0300s fort parce que toutes les potentialite\u0301s que nous avons, dans les 25 ans qui vont venir seront mises a\u0300 niveau pour l&rsquo;utilisation, l&rsquo;exploitation et le de\u0301veloppement harmonieux du continent africain. Et j&rsquo;invite tous les Africains a\u0300 prendre conscience de cet atout, de cette opportunite\u0301\u00a0\u00bb.<\/p>\n<p><b>Source: Sputnik Afrique<\/b><\/p>\n<p><strong>Pour plus d&rsquo;informations et d&rsquo;analyses sur la <a href=\"https:\/\/www.africa-press.net\/djibouti\">Djibouti<\/a>, suivez <a href=\"https:\/\/www.africa-press.net\/\">Africa-Press<\/a><\/strong><\/p>\n","protected":false},"excerpt":{"rendered":"<p>Africa-Press &#8211; Djibouti. L\u2019acquisition d\u2019un sie\u0300ge au G20 permettra a\u0300 l\u2019Union africaine de de\u0301fendre les inte\u0301re\u0302ts de l\u2019Afrique a\u0300 l\u2019e\u0301chelle mondiale, a indique\u0301 a\u0300 Sputnik Afrique l\u2019expert malien Aly dit Agali Wele\u0301. Le continent pourrait me\u0302me e\u0302tre repre\u0301sente\u0301 par re\u0301gions, selon Oumar MC Kone, pre\u0301sident de la Mission d&rsquo;appui a\u0300 la refondation de l&rsquo;E\u0301tat. L\u2019adhe\u0301sion [&hellip;]<\/p>\n","protected":false},"author":82,"featured_media":17745,"comment_status":"open","ping_status":"closed","sticky":false,"template":"","format":"standard","meta":{"footnotes":""},"categories":[7,10],"tags":[36,49,50],"class_list":["post-17746","post","type-post","status-publish","format-standard","has-post-thumbnail","hentry","category-dossiers","category-toutes-les-actualites","tag-africa-press","tag-africa-press-djibouti","tag-djibouti"],"yoast_head":"<!-- This site is optimized with the Yoast SEO Premium plugin v26.1 (Yoast SEO v27.0) - https:\/\/yoast.com\/product\/yoast-seo-premium-wordpress\/ -->\n<title>Qu\u2019est-ce que l\u2019adh\u00e9sion au G20 signifie pour l\u2019Afrique? - Djibouti<\/title>\n<meta name=\"description\" content=\"L\u2019acquisition d\u2019un sie\u0300ge au G20 permettra a\u0300 l\u2019Union africaine de de\u0301fendre les inte\u0301re\u0302ts de l\u2019Afrique a\u0300 l\u2019e\u0301chelle m ...\" \/>\n<meta name=\"robots\" content=\"index, follow, max-snippet:-1, max-image-preview:large, max-video-preview:-1\" \/>\n<link rel=\"canonical\" href=\"https:\/\/www.africa-press.net\/djibouti\/dossiers\/quest-ce-que-ladhesion-au-g20-signifie-pour-lafrique\" \/>\n<meta property=\"og:locale\" content=\"fr_FR\" \/>\n<meta property=\"og:type\" content=\"article\" \/>\n<meta property=\"og:title\" content=\"Qu\u2019est-ce que l\u2019adh\u00e9sion au G20 signifie pour l\u2019Afrique?\" \/>\n<meta property=\"og:description\" content=\"L\u2019acquisition d\u2019un sie\u0300ge au G20 permettra a\u0300 l\u2019Union africaine de de\u0301fendre les inte\u0301re\u0302ts de l\u2019Afrique a\u0300 l\u2019e\u0301chelle m ...\" \/>\n<meta property=\"og:url\" content=\"https:\/\/www.africa-press.net\/djibouti\/dossiers\/quest-ce-que-ladhesion-au-g20-signifie-pour-lafrique\" \/>\n<meta property=\"og:site_name\" content=\"Djibouti\" \/>\n<meta property=\"article:published_time\" content=\"2023-09-13T06:39:31+00:00\" \/>\n<meta property=\"article:modified_time\" content=\"2023-09-13T06:53:36+00:00\" \/>\n<meta property=\"og:image\" content=\"https:\/\/static.africa-press.net\/djibouti\/sites\/52\/2023\/09\/sm_1694575366.669706.jpg\" \/>\n\t<meta property=\"og:image:width\" content=\"1920\" \/>\n\t<meta property=\"og:image:height\" content=\"1080\" \/>\n\t<meta property=\"og:image:type\" content=\"image\/jpeg\" \/>\n<meta name=\"author\" content=\"cfeditorfr\" \/>\n<meta name=\"twitter:card\" content=\"summary_large_image\" \/>\n<meta name=\"twitter:label1\" content=\"\u00c9crit par\" \/>\n\t<meta name=\"twitter:data1\" content=\"cfeditorfr\" \/>\n\t<meta name=\"twitter:label2\" content=\"Dur\u00e9e de lecture estim\u00e9e\" \/>\n\t<meta name=\"twitter:data2\" content=\"7 minutes\" \/>\n<script type=\"application\/ld+json\" class=\"yoast-schema-graph\">{\"@context\":\"https:\/\/schema.org\",\"@graph\":[{\"@type\":\"Article\",\"@id\":\"https:\/\/www.africa-press.net\/djibouti\/dossiers\/quest-ce-que-ladhesion-au-g20-signifie-pour-lafrique#article\",\"isPartOf\":{\"@id\":\"https:\/\/www.africa-press.net\/djibouti\/dossiers\/quest-ce-que-ladhesion-au-g20-signifie-pour-lafrique\"},\"author\":{\"name\":\"cfeditorfr\",\"@id\":\"https:\/\/www.africa-press.net\/djibouti\/#\/schema\/person\/2b1cf3cd81a31e3cd26889ca66d677f1\"},\"headline\":\"Qu\u2019est-ce que l\u2019adh\u00e9sion au G20 signifie pour l\u2019Afrique?\",\"datePublished\":\"2023-09-13T06:39:31+00:00\",\"dateModified\":\"2023-09-13T06:53:36+00:00\",\"mainEntityOfPage\":{\"@id\":\"https:\/\/www.africa-press.net\/djibouti\/dossiers\/quest-ce-que-ladhesion-au-g20-signifie-pour-lafrique\"},\"wordCount\":1526,\"commentCount\":0,\"image\":{\"@id\":\"https:\/\/www.africa-press.net\/djibouti\/dossiers\/quest-ce-que-ladhesion-au-g20-signifie-pour-lafrique#primaryimage\"},\"thumbnailUrl\":\"https:\/\/static.africa-press.net\/djibouti\/sites\/52\/2023\/09\/sm_1694575366.669706.jpg\",\"keywords\":[\"Africa Press\",\"Africa Press-Djibouti\",\"Djibouti\"],\"articleSection\":[\"Dossiers\",\"Toutes les actualit\u00e9s\"],\"inLanguage\":\"fr-FR\",\"potentialAction\":[{\"@type\":\"CommentAction\",\"name\":\"Comment\",\"target\":[\"https:\/\/www.africa-press.net\/djibouti\/dossiers\/quest-ce-que-ladhesion-au-g20-signifie-pour-lafrique#respond\"]}]},{\"@type\":\"WebPage\",\"@id\":\"https:\/\/www.africa-press.net\/djibouti\/dossiers\/quest-ce-que-ladhesion-au-g20-signifie-pour-lafrique\",\"url\":\"https:\/\/www.africa-press.net\/djibouti\/dossiers\/quest-ce-que-ladhesion-au-g20-signifie-pour-lafrique\",\"name\":\"Qu\u2019est-ce que l\u2019adh\u00e9sion au G20 signifie pour l\u2019Afrique? - Djibouti\",\"isPartOf\":{\"@id\":\"https:\/\/www.africa-press.net\/djibouti\/#website\"},\"primaryImageOfPage\":{\"@id\":\"https:\/\/www.africa-press.net\/djibouti\/dossiers\/quest-ce-que-ladhesion-au-g20-signifie-pour-lafrique#primaryimage\"},\"image\":{\"@id\":\"https:\/\/www.africa-press.net\/djibouti\/dossiers\/quest-ce-que-ladhesion-au-g20-signifie-pour-lafrique#primaryimage\"},\"thumbnailUrl\":\"https:\/\/static.africa-press.net\/djibouti\/sites\/52\/2023\/09\/sm_1694575366.669706.jpg\",\"datePublished\":\"2023-09-13T06:39:31+00:00\",\"dateModified\":\"2023-09-13T06:53:36+00:00\",\"author\":{\"@id\":\"https:\/\/www.africa-press.net\/djibouti\/#\/schema\/person\/2b1cf3cd81a31e3cd26889ca66d677f1\"},\"description\":\"L\u2019acquisition d\u2019un sie\u0300ge au G20 permettra a\u0300 l\u2019Union africaine de de\u0301fendre les inte\u0301re\u0302ts de l\u2019Afrique a\u0300 l\u2019e\u0301chelle m ...\",\"breadcrumb\":{\"@id\":\"https:\/\/www.africa-press.net\/djibouti\/dossiers\/quest-ce-que-ladhesion-au-g20-signifie-pour-lafrique#breadcrumb\"},\"inLanguage\":\"fr-FR\",\"potentialAction\":[{\"@type\":\"ReadAction\",\"target\":[\"https:\/\/www.africa-press.net\/djibouti\/dossiers\/quest-ce-que-ladhesion-au-g20-signifie-pour-lafrique\"]}]},{\"@type\":\"ImageObject\",\"inLanguage\":\"fr-FR\",\"@id\":\"https:\/\/www.africa-press.net\/djibouti\/dossiers\/quest-ce-que-ladhesion-au-g20-signifie-pour-lafrique#primaryimage\",\"url\":\"https:\/\/static.africa-press.net\/djibouti\/sites\/52\/2023\/09\/sm_1694575366.669706.jpg\",\"contentUrl\":\"https:\/\/static.africa-press.net\/djibouti\/sites\/52\/2023\/09\/sm_1694575366.669706.jpg\",\"width\":1920,\"height\":1080,\"caption\":\"Qu\u2019est-ce que l\u2019adh\u00e9sion au G20 signifie pour l\u2019Afrique?\"},{\"@type\":\"BreadcrumbList\",\"@id\":\"https:\/\/www.africa-press.net\/djibouti\/dossiers\/quest-ce-que-ladhesion-au-g20-signifie-pour-lafrique#breadcrumb\",\"itemListElement\":[{\"@type\":\"ListItem\",\"position\":1,\"name\":\"Accueil\",\"item\":\"https:\/\/www.africa-press.net\/djibouti\/\"},{\"@type\":\"ListItem\",\"position\":2,\"name\":\"Qu\u2019est-ce que l\u2019adh\u00e9sion au G20 signifie pour l\u2019Afrique?\"}]},{\"@type\":\"WebSite\",\"@id\":\"https:\/\/www.africa-press.net\/djibouti\/#website\",\"url\":\"https:\/\/www.africa-press.net\/djibouti\/\",\"name\":\"Djibouti\",\"description\":\"Just another Africa News Agency Sites site\",\"potentialAction\":[{\"@type\":\"SearchAction\",\"target\":{\"@type\":\"EntryPoint\",\"urlTemplate\":\"https:\/\/www.africa-press.net\/djibouti\/?s={search_term_string}\"},\"query-input\":{\"@type\":\"PropertyValueSpecification\",\"valueRequired\":true,\"valueName\":\"search_term_string\"}}],\"inLanguage\":\"fr-FR\"},{\"@type\":\"Person\",\"@id\":\"https:\/\/www.africa-press.net\/djibouti\/#\/schema\/person\/2b1cf3cd81a31e3cd26889ca66d677f1\",\"name\":\"cfeditorfr\"}]}<\/script>\n<!-- \/ Yoast SEO Premium plugin. -->","yoast_head_json":{"title":"Qu\u2019est-ce que l\u2019adh\u00e9sion au G20 signifie pour l\u2019Afrique? - Djibouti","description":"L\u2019acquisition d\u2019un sie\u0300ge au G20 permettra a\u0300 l\u2019Union africaine de de\u0301fendre les inte\u0301re\u0302ts de l\u2019Afrique a\u0300 l\u2019e\u0301chelle m ...","robots":{"index":"index","follow":"follow","max-snippet":"max-snippet:-1","max-image-preview":"max-image-preview:large","max-video-preview":"max-video-preview:-1"},"canonical":"https:\/\/www.africa-press.net\/djibouti\/dossiers\/quest-ce-que-ladhesion-au-g20-signifie-pour-lafrique","og_locale":"fr_FR","og_type":"article","og_title":"Qu\u2019est-ce que l\u2019adh\u00e9sion au G20 signifie pour l\u2019Afrique?","og_description":"L\u2019acquisition d\u2019un sie\u0300ge au G20 permettra a\u0300 l\u2019Union africaine de de\u0301fendre les inte\u0301re\u0302ts de l\u2019Afrique a\u0300 l\u2019e\u0301chelle m ...","og_url":"https:\/\/www.africa-press.net\/djibouti\/dossiers\/quest-ce-que-ladhesion-au-g20-signifie-pour-lafrique","og_site_name":"Djibouti","article_published_time":"2023-09-13T06:39:31+00:00","article_modified_time":"2023-09-13T06:53:36+00:00","og_image":[{"width":1920,"height":1080,"url":"https:\/\/static.africa-press.net\/djibouti\/sites\/52\/2023\/09\/sm_1694575366.669706.jpg","type":"image\/jpeg"}],"author":"cfeditorfr","twitter_card":"summary_large_image","twitter_misc":{"\u00c9crit par":"cfeditorfr","Dur\u00e9e de lecture estim\u00e9e":"7 minutes"},"schema":{"@context":"https:\/\/schema.org","@graph":[{"@type":"Article","@id":"https:\/\/www.africa-press.net\/djibouti\/dossiers\/quest-ce-que-ladhesion-au-g20-signifie-pour-lafrique#article","isPartOf":{"@id":"https:\/\/www.africa-press.net\/djibouti\/dossiers\/quest-ce-que-ladhesion-au-g20-signifie-pour-lafrique"},"author":{"name":"cfeditorfr","@id":"https:\/\/www.africa-press.net\/djibouti\/#\/schema\/person\/2b1cf3cd81a31e3cd26889ca66d677f1"},"headline":"Qu\u2019est-ce que l\u2019adh\u00e9sion au G20 signifie pour l\u2019Afrique?","datePublished":"2023-09-13T06:39:31+00:00","dateModified":"2023-09-13T06:53:36+00:00","mainEntityOfPage":{"@id":"https:\/\/www.africa-press.net\/djibouti\/dossiers\/quest-ce-que-ladhesion-au-g20-signifie-pour-lafrique"},"wordCount":1526,"commentCount":0,"image":{"@id":"https:\/\/www.africa-press.net\/djibouti\/dossiers\/quest-ce-que-ladhesion-au-g20-signifie-pour-lafrique#primaryimage"},"thumbnailUrl":"https:\/\/static.africa-press.net\/djibouti\/sites\/52\/2023\/09\/sm_1694575366.669706.jpg","keywords":["Africa Press","Africa Press-Djibouti","Djibouti"],"articleSection":["Dossiers","Toutes les actualit\u00e9s"],"inLanguage":"fr-FR","potentialAction":[{"@type":"CommentAction","name":"Comment","target":["https:\/\/www.africa-press.net\/djibouti\/dossiers\/quest-ce-que-ladhesion-au-g20-signifie-pour-lafrique#respond"]}]},{"@type":"WebPage","@id":"https:\/\/www.africa-press.net\/djibouti\/dossiers\/quest-ce-que-ladhesion-au-g20-signifie-pour-lafrique","url":"https:\/\/www.africa-press.net\/djibouti\/dossiers\/quest-ce-que-ladhesion-au-g20-signifie-pour-lafrique","name":"Qu\u2019est-ce que l\u2019adh\u00e9sion au G20 signifie pour l\u2019Afrique? - Djibouti","isPartOf":{"@id":"https:\/\/www.africa-press.net\/djibouti\/#website"},"primaryImageOfPage":{"@id":"https:\/\/www.africa-press.net\/djibouti\/dossiers\/quest-ce-que-ladhesion-au-g20-signifie-pour-lafrique#primaryimage"},"image":{"@id":"https:\/\/www.africa-press.net\/djibouti\/dossiers\/quest-ce-que-ladhesion-au-g20-signifie-pour-lafrique#primaryimage"},"thumbnailUrl":"https:\/\/static.africa-press.net\/djibouti\/sites\/52\/2023\/09\/sm_1694575366.669706.jpg","datePublished":"2023-09-13T06:39:31+00:00","dateModified":"2023-09-13T06:53:36+00:00","author":{"@id":"https:\/\/www.africa-press.net\/djibouti\/#\/schema\/person\/2b1cf3cd81a31e3cd26889ca66d677f1"},"description":"L\u2019acquisition d\u2019un sie\u0300ge au G20 permettra a\u0300 l\u2019Union africaine de de\u0301fendre les inte\u0301re\u0302ts de l\u2019Afrique a\u0300 l\u2019e\u0301chelle m ...","breadcrumb":{"@id":"https:\/\/www.africa-press.net\/djibouti\/dossiers\/quest-ce-que-ladhesion-au-g20-signifie-pour-lafrique#breadcrumb"},"inLanguage":"fr-FR","potentialAction":[{"@type":"ReadAction","target":["https:\/\/www.africa-press.net\/djibouti\/dossiers\/quest-ce-que-ladhesion-au-g20-signifie-pour-lafrique"]}]},{"@type":"ImageObject","inLanguage":"fr-FR","@id":"https:\/\/www.africa-press.net\/djibouti\/dossiers\/quest-ce-que-ladhesion-au-g20-signifie-pour-lafrique#primaryimage","url":"https:\/\/static.africa-press.net\/djibouti\/sites\/52\/2023\/09\/sm_1694575366.669706.jpg","contentUrl":"https:\/\/static.africa-press.net\/djibouti\/sites\/52\/2023\/09\/sm_1694575366.669706.jpg","width":1920,"height":1080,"caption":"Qu\u2019est-ce que l\u2019adh\u00e9sion au G20 signifie pour l\u2019Afrique?"},{"@type":"BreadcrumbList","@id":"https:\/\/www.africa-press.net\/djibouti\/dossiers\/quest-ce-que-ladhesion-au-g20-signifie-pour-lafrique#breadcrumb","itemListElement":[{"@type":"ListItem","position":1,"name":"Accueil","item":"https:\/\/www.africa-press.net\/djibouti\/"},{"@type":"ListItem","position":2,"name":"Qu\u2019est-ce que l\u2019adh\u00e9sion au G20 signifie pour l\u2019Afrique?"}]},{"@type":"WebSite","@id":"https:\/\/www.africa-press.net\/djibouti\/#website","url":"https:\/\/www.africa-press.net\/djibouti\/","name":"Djibouti","description":"Just another Africa News Agency Sites site","potentialAction":[{"@type":"SearchAction","target":{"@type":"EntryPoint","urlTemplate":"https:\/\/www.africa-press.net\/djibouti\/?s={search_term_string}"},"query-input":{"@type":"PropertyValueSpecification","valueRequired":true,"valueName":"search_term_string"}}],"inLanguage":"fr-FR"},{"@type":"Person","@id":"https:\/\/www.africa-press.net\/djibouti\/#\/schema\/person\/2b1cf3cd81a31e3cd26889ca66d677f1","name":"cfeditorfr"}]}},"_links":{"self":[{"href":"https:\/\/www.africa-press.net\/djibouti\/wp-json\/wp\/v2\/posts\/17746","targetHints":{"allow":["GET"]}}],"collection":[{"href":"https:\/\/www.africa-press.net\/djibouti\/wp-json\/wp\/v2\/posts"}],"about":[{"href":"https:\/\/www.africa-press.net\/djibouti\/wp-json\/wp\/v2\/types\/post"}],"author":[{"embeddable":true,"href":"https:\/\/www.africa-press.net\/djibouti\/wp-json\/wp\/v2\/users\/82"}],"replies":[{"embeddable":true,"href":"https:\/\/www.africa-press.net\/djibouti\/wp-json\/wp\/v2\/comments?post=17746"}],"version-history":[{"count":0,"href":"https:\/\/www.africa-press.net\/djibouti\/wp-json\/wp\/v2\/posts\/17746\/revisions"}],"wp:featuredmedia":[{"embeddable":true,"href":"https:\/\/www.africa-press.net\/djibouti\/wp-json\/wp\/v2\/media\/17745"}],"wp:attachment":[{"href":"https:\/\/www.africa-press.net\/djibouti\/wp-json\/wp\/v2\/media?parent=17746"}],"wp:term":[{"taxonomy":"category","embeddable":true,"href":"https:\/\/www.africa-press.net\/djibouti\/wp-json\/wp\/v2\/categories?post=17746"},{"taxonomy":"post_tag","embeddable":true,"href":"https:\/\/www.africa-press.net\/djibouti\/wp-json\/wp\/v2\/tags?post=17746"}],"curies":[{"name":"wp","href":"https:\/\/api.w.org\/{rel}","templated":true}]}}