{"id":17777,"date":"2023-09-13T15:18:18","date_gmt":"2023-09-13T15:18:18","guid":{"rendered":"https:\/\/www.africa-press.net\/djibouti\/politique\/le-chef-de-letat-preside-les-travaux-de-la-12eme-seance-du-conseil-des-ministres"},"modified":"2023-09-13T15:59:22","modified_gmt":"2023-09-13T15:59:22","slug":"le-chef-de-letat-preside-les-travaux-de-la-12eme-seance-du-conseil-des-ministres","status":"publish","type":"post","link":"https:\/\/www.africa-press.net\/djibouti\/politique\/le-chef-de-letat-preside-les-travaux-de-la-12eme-seance-du-conseil-des-ministres","title":{"rendered":"Le chef de l&rsquo;Etat pr\u00e9side les travaux de la 12\u00e8me s\u00e9ance du Conseil des ministres"},"content":{"rendered":"<p><span style=\"color: #ff6600\"><strong>Africa-Press &#8211; Djibouti. <\/strong><\/span>Le chef de l&rsquo;Etat, M. Ismai\u0308l Omar Guelleh, a pre\u0301side\u0301 ce mardi les travaux de la 12e\u0300me se\u0301ance du Conseil des ministres au cours de laquelle le ministre du Commerce et du Tourisme a pre\u0301sente\u0301 une communication sur l\u2019e\u0301volution des prix des denre\u0301es alimentaires de premie\u0300re ne\u0301cessite\u0301.<\/p>\n<p>Il a indique\u0301 que depuis plusieurs mois les prix de certains produits connaissent une hausse ge\u0301ne\u0301ralise\u0301e dans le monde et particulie\u0300rement dans les pays importateurs nets des biens et services.<\/p>\n<p>L&rsquo;ADI reproduit ci-apre\u0300s le communique\u0301 publie\u0301 a\u0300 l&rsquo;issue des travaux de la re\u0301union du Conseil des ministres.<\/p>\n<p>MINISTERE DE LA COMMERCE ET DU TOURISME.<\/p>\n<p>1ERE QUESTION : Communication sur l\u2019e\u0301volution des prix des denre\u0301es alimentaires de premie\u0300re ne\u0301cessite\u0301.<\/p>\n<p>Le Ministre du Commerce et du Tourisme a pre\u0301sente\u0301 une communication sur l\u2019e\u0301volution des prix des denre\u0301es alimentaires de premie\u0300re ne\u0301cessite\u0301.<\/p>\n<p>Il a indique\u0301 que depuis plusieurs mois les prix de certains produits connaissent une hausse ge\u0301ne\u0301ralise\u0301e dans le monde et particulie\u0300rement dans les pays importateurs nets des biens et services.<\/p>\n<p>En effet, les fluctuations des prix mondiaux re\u0301sultent de l&rsquo;intensification du conflit entre la Russie et l\u2019Ukraine et des divers phe\u0301nome\u0300nes climatiques survenus dans le courant de l\u2019anne\u0301e.<\/p>\n<p>De ce fait et malgre\u0301 une absence de taxation de la part du budget de l\u2019Etat concernant les produits de 1e\u0300re ne\u0301cessite\u0301, notre pays connait une hausse des prix.<\/p>\n<p>Le Ministre a souligne\u0301 que depuis les mois de juillet et aou\u0302t 2023, les prix du sucre ont augmente\u0301 de manie\u0300re significative de 9% et continueront de fluctuer compte tenu du contexte international.<\/p>\n<p>Le Ministre a affirme\u0301 que les prix des produits alimentaires de base importe\u0301s, comme la farine ont enregistre\u0301 une hausse de 6,38%.<\/p>\n<p>Aussi, le Ministre a pre\u0301cise\u0301 que les prix de certains produits sont reste\u0301s stables au mois de Juillet 2023, notamment l\u2019huile, le lait en poudre et les pa\u0302tes.<\/p>\n<p>Toutefois, le riz belam ordinaire a connu durant cette pe\u0301riode une hausse a\u0300 hauteur de 12%, suite a\u0300 la re\u0301solution prise par les autorite\u0301s indiennes de limiter les exportations du riz blanc non basmati pour atte\u0301nuer la hausse des prix sur son marche\u0301 inte\u0301rieur.<\/p>\n<p>D&rsquo;autre part, en vue d\u2019assurer un suivi permanent de la situation, des mesures ont e\u0301te\u0301 prises afin d\u2019activer notre stock strate\u0301gique en nature et fiduciaire qui sera de\u0301clenche\u0301 pour maintenir la stabilite\u0301 des prix et de ge\u0301rer l\u2019inflation.<\/p>\n<p>Enfin, le Ministre a e\u0301galement mentionne\u0301 que son de\u0301partement va lancer des ope\u0301rations de contro\u0302le dans tout le territoire et seront pre\u0301vues a\u0300 compter du mois de septembre 2023.<\/p>\n<p>MINISTERE DE LA VILLE, DE L\u2019URBANISME ET DE L\u2019HABITAT.<\/p>\n<p>2EME QUESTION : Projet de Loi portant approbation des comptes financiers de l\u2019Agence de Re\u0301habilitation Urbaine et du Logement Sociale (ARULoS) pour l\u2019exercice 2022.<\/p>\n<p>Les comptes financiers de l\u2019ARULoS pour l\u2019exercice 2022 sont arre\u0302te\u0301s en produits a\u0300 2 372 699 244 FDJ avec un re\u0301sultat net be\u0301ne\u0301ficiaire de 146 061 949 FDJ.<\/p>\n<p>Durant l\u2019anne\u0301e 2022, les activite\u0301s de l\u2019Agence ont e\u0301te\u0301 marque\u0301es par l\u2019acce\u0301le\u0301ration des travaux d\u2019ache\u0300vement du projet de construction des 440 appartements a\u0300 PK 13, la viabilisation de 30 hectares a\u0300 Balbala sud permettant de mettre a\u0300 dispositions environ 1200 parcelles sociales et la reconstruction sur fonds propres de 177 logements incendie\u0301s dans la capitale.<\/p>\n<p>Dans le cadre du Programme Ze\u0301ro Bidonvilles, l\u2019Agence a finalise\u0301 les plans d\u2019ame\u0301nagement et de reconstruction de neuf (9) quartiers pre\u0301caires cible\u0301es par le Programme National Ze\u0301ro Bidonvilles. Ces quartiers qui disposent dore\u0301navant d\u2019un plan d\u2019ame\u0301nagement ont e\u0301te\u0301 ouvert a\u0300 la proce\u0301dure de la Cession Amiable.<\/p>\n<p>Enfin, durant l\u2019anne\u0301e 2022, l\u2019Agence a de\u0301livre\u0301 488 Certificats d\u2019inscription Foncie\u0300re aux personnes ayant re\u0301gularise\u0301 leur proprie\u0301te\u0301 dans la cadre de la Cession Amiable.<\/p>\n<p>Ces projets pilote\u0301s par le Ministe\u0300re de la Ville et de l\u2019Habit s\u2019inscrivent dans la ligne droite de la Strate\u0301gie Nationale du Logement (SNL) afin d\u2019ame\u0301liorer le cadre urbain de la ville et faciliter l\u2019acce\u0300s a\u0300 la proprie\u0301te\u0301 pour l\u2019ensemble de nos concitoyens.<\/p>\n<p>PRESIDENCE DE LA REPUBLIQUE.<\/p>\n<p>3EME QUESTION : Projet de Loi portant approbation des comptes financiers 2022 de l\u2019Agence Nationale des Syste\u0300mes d\u2019Informations de l\u2019Etat.<\/p>\n<p>Les comptes financiers de l\u2019Agence Nationale des Syste\u0300mes d\u2019Informations de l\u2019Etat pour l\u2019exercice 2022 sont arre\u0302te\u0301s en produits de 252.336.071 FDJ et en charges de 256.666.101 FDJ.<\/p>\n<p>Au cours de cet exercice, l\u2019e\u0301tablissement a pu atteindre les objectifs qui ont e\u0301te\u0301 assigne\u0301s a\u0300 savoir la maintenance et la mise en condition ope\u0301rationnel du Datacenter, le de\u0301veloppement de services nume\u0301riques conforme\u0301ment a\u0300 la strate\u0301gie nationale de l\u2019E-Gouvernement 2020-2023 et sa feuille de route visant a\u0300 l\u2019ame\u0301lioration de la communication de l\u2019Agence et les sensibilisations a\u0300 mener au sein de l\u2019administration, tout comme la mise en place du Centre d\u2019Alertes et de Re\u0301ponse aux Attaques Informatiques (CERT).<\/p>\n<p>En 2022, l\u2019ANSIE a lance\u0301 le Syste\u0300me Inte\u0301gre\u0301 Electronique des Documents (SIGED) ainsi que le lancement d\u2019un nouveau Syste\u0300me de Gestion des Impo\u0302ts (SIGTAS) et du Centre des services aux citoyens.<\/p>\n<p>MINISTERE DE LA COMMUNICATION CHARGE DES POSTES ET DE TELECOMMUNICATIONS.<\/p>\n<p>4EME QUESTION : Projet d\u2019Arre\u0302te\u0301 portant cre\u0301ation, organisation et fonctionnement du comite\u0301 de pilotage du projet Djibouti Fondement Nume\u0301rique (DFN).<\/p>\n<p>Le projet d\u2019Arre\u0302te\u0301 a pour objet la cre\u0301ation du comite\u0301 de pilotage du projet \u00ab Djibouti Fondement Nume\u0301rique (DFN) \u00bb qui a pour objectif d\u2019aider notre pays a\u0300 exploiter son potentiel nume\u0301rique en mobilisant les secteurs publics et prive\u0301s et en veillant a\u0300 ce qu\u2019un plus grand nombre de citoyens, d\u2019entreprises aient acce\u0300s a\u0300 une connectivite\u0301 et de l\u2019internet abordable.<\/p>\n<p>Ce projet DFN pre\u0301voit dans le cadre de sa mise en \u0153uvre la cre\u0301ation d\u2019un organe de coordination et de pilotage notamment une unite\u0301 d\u2019exe\u0301cution de projet et un comite\u0301 de pilotage.<\/p>\n<p>C\u2019est dans cette optique que le pre\u0301sent projet d\u2019Arre\u0302te\u0301 est pris.<\/p>\n<p>Il de\u0301finit les missions et l\u2019organisation du comite\u0301 de pilotage qui aura pour mission de donner les orientations ne\u0301cessaires sur les modalite\u0301s de la mise en \u0153uvre des activite\u0301s du projet.<\/p>\n<p>Le Comite\u0301 de Pilotage est compose\u0301 des repre\u0301sentants des diffe\u0301rentes institutions concerne\u0301es.<\/p>\n<p>L\u2019adoption de ce projet permettra d\u2019une part de garantir le succe\u0300s de la mise en \u0153uvre du projet et d\u2019assurer une meilleure coordination dans sa gestion.<\/p>\n<p>COMMUNICATIONS :<\/p>\n<p>Le Ministre de l\u2019Environnement et du De\u0301veloppement Durable a fait un rapport de mission sur la participation de la de\u0301le\u0301gation conduite par le Pre\u0301sident de la Re\u0301publique, M. Ismai\u0308l Omar Guelleh, au Sommet sur le climat de Nairobi qui a eu lieu au Kenya du 04 au 06 septembre 2023.<\/p>\n<p>Au cours de ce sommet, le Chef de l\u2019Etat a prononce\u0301 un discours en mettant l\u2019accent sur l\u2019importance de de\u0301velopper les e\u0301nergies renouvelables.<\/p>\n<p>Il a e\u0301galement mis en exergue la ne\u0301cessite\u0301 de de\u0301velopper l\u2019e\u0301conomie bleue qui constitue une source importance de la croissance verte.<\/p>\n<p>A l\u2019issue de ce Sommet, les Chefs d\u2019Etats ont adopte\u0301 la De\u0301claration de Nairobi sur les changements climatiques.<\/p>\n<p>Le Ministre des Affaires e\u0301trange\u0300res et de la Coope\u0301ration Internationale, Porte-parole du Gouvernement a fait un compte rendu sur la participation du Pre\u0301sident de la Re\u0301publique a\u0300 la re\u0301union du Quartet (IGAD) qui a eu lieu au Kenya le 06 septembre 2023.<\/p>\n<p>Le Ministre des Infrastructures et de l\u2019Equipement a fait un compte rendu sur sa participation a\u0300 la Confe\u0301rence Internationale intitule\u0301e \u00ab Sustainable Maritime Industry Conference Vision 2030 \u00bb qui s\u2019est tenue le 04 septembre 2023 a\u0300 Djeddah.<\/p>\n<p>Le Ministre de l\u2019Energie charge\u0301 des Ressources Naturelles a fait un rapport sur sa participation a\u0300 la 5e\u0300me Re\u0301union Re\u0301gionale de l\u2019Alliance Solaire Internationale (ISA) pour la Re\u0301gion Afrique qui s\u2019est tenue du 30 aou\u0302t au 1er septembre 2023 a\u0300 Kigali.<\/p>\n<p>Le chef de l&rsquo;Etat, M. Ismai\u0308l Omar Guelleh, a pre\u0301side\u0301 ce mardi les travaux de la 12e\u0300me se\u0301ance du Conseil des ministres au cours de laquelle le ministre du Commerce et du Tourisme a pre\u0301sente\u0301 une communication sur l\u2019e\u0301volution des prix des denre\u0301es alimentaires de premie\u0300re ne\u0301cessite\u0301.<\/p>\n<p>Il a indique\u0301 que depuis plusieurs mois les prix de certains produits connaissent une hausse ge\u0301ne\u0301ralise\u0301e dans le monde et particulie\u0300rement dans les pays importateurs nets des biens et services.<\/p>\n<p>L&rsquo;ADI reproduit ci-apre\u0300s le communique\u0301 publie\u0301 a\u0300 l&rsquo;issue des travaux de la re\u0301union du Conseil des ministres.<\/p>\n<p>MINISTERE DE LA COMMERCE ET DU TOURISME.<\/p>\n<p>1ERE QUESTION : Communication sur l\u2019e\u0301volution des prix des denre\u0301es alimentaires de premie\u0300re ne\u0301cessite\u0301.<\/p>\n<p>Le Ministre du Commerce et du Tourisme a pre\u0301sente\u0301 une communication sur l\u2019e\u0301volution des prix des denre\u0301es alimentaires de premie\u0300re ne\u0301cessite\u0301.<\/p>\n<p>Il a indique\u0301 que depuis plusieurs mois les prix de certains produits connaissent une hausse ge\u0301ne\u0301ralise\u0301e dans le monde et particulie\u0300rement dans les pays importateurs nets des biens et services.<\/p>\n<p>En effet, les fluctuations des prix mondiaux re\u0301sultent de l&rsquo;intensification du conflit entre la Russie et l\u2019Ukraine et des divers phe\u0301nome\u0300nes climatiques survenus dans le courant de l\u2019anne\u0301e.<\/p>\n<p>De ce fait et malgre\u0301 une absence de taxation de la part du budget de l\u2019Etat concernant les produits de 1e\u0300re ne\u0301cessite\u0301, notre pays connait une hausse des prix.<\/p>\n<p>Le Ministre a souligne\u0301 que depuis les mois de juillet et aou\u0302t 2023, les prix du sucre ont augmente\u0301 de manie\u0300re significative de 9% et continueront de fluctuer compte tenu du contexte international.<\/p>\n<p>Le Ministre a affirme\u0301 que les prix des produits alimentaires de base importe\u0301s, comme la farine ont enregistre\u0301 une hausse de 6,38%.<\/p>\n<p>Aussi, le Ministre a pre\u0301cise\u0301 que les prix de certains produits sont reste\u0301s stables au mois de Juillet 2023, notamment l\u2019huile, le lait en poudre et les pa\u0302tes.<\/p>\n<p>Toutefois, le riz belam ordinaire a connu durant cette pe\u0301riode une hausse a\u0300 hauteur de 12%, suite a\u0300 la re\u0301solution prise par les autorite\u0301s indiennes de limiter les exportations du riz blanc non basmati pour atte\u0301nuer la hausse des prix sur son marche\u0301 inte\u0301rieur.<\/p>\n<p>D&rsquo;autre part, en vue d\u2019assurer un suivi permanent de la situation, des mesures ont e\u0301te\u0301 prises afin d\u2019activer notre stock strate\u0301gique en nature et fiduciaire qui sera de\u0301clenche\u0301 pour maintenir la stabilite\u0301 des prix et de ge\u0301rer l\u2019inflation.<\/p>\n<p>Enfin, le Ministre a e\u0301galement mentionne\u0301 que son de\u0301partement va lancer des ope\u0301rations de contro\u0302le dans tout le territoire et seront pre\u0301vues a\u0300 compter du mois de septembre 2023.<\/p>\n<p>MINISTERE DE LA VILLE, DE L\u2019URBANISME ET DE L\u2019HABITAT.<\/p>\n<p>2EME QUESTION : Projet de Loi portant approbation des comptes financiers de l\u2019Agence de Re\u0301habilitation Urbaine et du Logement Sociale (ARULoS) pour l\u2019exercice 2022.<\/p>\n<p>Les comptes financiers de l\u2019ARULoS pour l\u2019exercice 2022 sont arre\u0302te\u0301s en produits a\u0300 2 372 699 244 FDJ avec un re\u0301sultat net be\u0301ne\u0301ficiaire de 146 061 949 FDJ.<\/p>\n<p>Durant l\u2019anne\u0301e 2022, les activite\u0301s de l\u2019Agence ont e\u0301te\u0301 marque\u0301es par l\u2019acce\u0301le\u0301ration des travaux d\u2019ache\u0300vement du projet de construction des 440 appartements a\u0300 PK 13, la viabilisation de 30 hectares a\u0300 Balbala sud permettant de mettre a\u0300 dispositions environ 1200 parcelles sociales et la reconstruction sur fonds propres de 177 logements incendie\u0301s dans la capitale.<\/p>\n<p>Dans le cadre du Programme Ze\u0301ro Bidonvilles, l\u2019Agence a finalise\u0301 les plans d\u2019ame\u0301nagement et de reconstruction de neuf (9) quartiers pre\u0301caires cible\u0301es par le Programme National Ze\u0301ro Bidonvilles. Ces quartiers qui disposent dore\u0301navant d\u2019un plan d\u2019ame\u0301nagement ont e\u0301te\u0301 ouvert a\u0300 la proce\u0301dure de la Cession Amiable.<\/p>\n<p>Enfin, durant l\u2019anne\u0301e 2022, l\u2019Agence a de\u0301livre\u0301 488 Certificats d\u2019inscription Foncie\u0300re aux personnes ayant re\u0301gularise\u0301 leur proprie\u0301te\u0301 dans la cadre de la Cession Amiable.<\/p>\n<p>Ces projets pilote\u0301s par le Ministe\u0300re de la Ville et de l\u2019Habit s\u2019inscrivent dans la ligne droite de la Strate\u0301gie Nationale du Logement (SNL) afin d\u2019ame\u0301liorer le cadre urbain de la ville et faciliter l\u2019acce\u0300s a\u0300 la proprie\u0301te\u0301 pour l\u2019ensemble de nos concitoyens.<\/p>\n<p>PRESIDENCE DE LA REPUBLIQUE.<\/p>\n<p>3EME QUESTION : Projet de Loi portant approbation des comptes financiers 2022 de l\u2019Agence Nationale des Syste\u0300mes d\u2019Informations de l\u2019Etat.<\/p>\n<p>Les comptes financiers de l\u2019Agence Nationale des Syste\u0300mes d\u2019Informations de l\u2019Etat pour l\u2019exercice 2022 sont arre\u0302te\u0301s en produits de 252.336.071 FDJ et en charges de 256.666.101 FDJ.<\/p>\n<p>Au cours de cet exercice, l\u2019e\u0301tablissement a pu atteindre les objectifs qui ont e\u0301te\u0301 assigne\u0301s a\u0300 savoir la maintenance et la mise en condition ope\u0301rationnel du Datacenter, le de\u0301veloppement de services nume\u0301riques conforme\u0301ment a\u0300 la strate\u0301gie nationale de l\u2019E-Gouvernement 2020-2023 et sa feuille de route visant a\u0300 l\u2019ame\u0301lioration de la communication de l\u2019Agence et les sensibilisations a\u0300 mener au sein de l\u2019administration, tout comme la mise en place du Centre d\u2019Alertes et de Re\u0301ponse aux Attaques Informatiques (CERT).<\/p>\n<p>En 2022, l\u2019ANSIE a lance\u0301 le Syste\u0300me Inte\u0301gre\u0301 Electronique des Documents (SIGED) ainsi que le lancement d\u2019un nouveau Syste\u0300me de Gestion des Impo\u0302ts (SIGTAS) et du Centre des services aux citoyens.<\/p>\n<p>MINISTERE DE LA COMMUNICATION CHARGE DES POSTES ET DE TELECOMMUNICATIONS.<\/p>\n<p>4EME QUESTION : Projet d\u2019Arre\u0302te\u0301 portant cre\u0301ation, organisation et fonctionnement du comite\u0301 de pilotage du projet Djibouti Fondement Nume\u0301rique (DFN).<\/p>\n<p>Le projet d\u2019Arre\u0302te\u0301 a pour objet la cre\u0301ation du comite\u0301 de pilotage du projet \u00ab Djibouti Fondement Nume\u0301rique (DFN) \u00bb qui a pour objectif d\u2019aider notre pays a\u0300 exploiter son potentiel nume\u0301rique en mobilisant les secteurs publics et prive\u0301s et en veillant a\u0300 ce qu\u2019un plus grand nombre de citoyens, d\u2019entreprises aient acce\u0300s a\u0300 une connectivite\u0301 et de l\u2019internet abordable.<\/p>\n<p>Ce projet DFN pre\u0301voit dans le cadre de sa mise en \u0153uvre la cre\u0301ation d\u2019un organe de coordination et de pilotage notamment une unite\u0301 d\u2019exe\u0301cution de projet et un comite\u0301 de pilotage.<\/p>\n<p>C\u2019est dans cette optique que le pre\u0301sent projet d\u2019Arre\u0302te\u0301 est pris.<\/p>\n<p>Il de\u0301finit les missions et l\u2019organisation du comite\u0301 de pilotage qui aura pour mission de donner les orientations ne\u0301cessaires sur les modalite\u0301s de la mise en \u0153uvre des activite\u0301s du projet.<\/p>\n<p>Le Comite\u0301 de Pilotage est compose\u0301 des repre\u0301sentants des diffe\u0301rentes institutions concerne\u0301es.<\/p>\n<p>L\u2019adoption de ce projet permettra d\u2019une part de garantir le succe\u0300s de la mise en \u0153uvre du projet et d\u2019assurer une meilleure coordination dans sa gestion.<\/p>\n<p>COMMUNICATIONS :<\/p>\n<p>Le Ministre de l\u2019Environnement et du De\u0301veloppement Durable a fait un rapport de mission sur la participation de la de\u0301le\u0301gation conduite par le Pre\u0301sident de la Re\u0301publique, M. Ismai\u0308l Omar Guelleh, au Sommet sur le climat de Nairobi qui a eu lieu au Kenya du 04 au 06 septembre 2023.<\/p>\n<p>Au cours de ce sommet, le Chef de l\u2019Etat a prononce\u0301 un discours en mettant l\u2019accent sur l\u2019importance de de\u0301velopper les e\u0301nergies renouvelables.<\/p>\n<p>Il a e\u0301galement mis en exergue la ne\u0301cessite\u0301 de de\u0301velopper l\u2019e\u0301conomie bleue qui constitue une source importance de la croissance verte.<\/p>\n<p>A l\u2019issue de ce Sommet, les Chefs d\u2019Etats ont adopte\u0301 la De\u0301claration de Nairobi sur les changements climatiques.<\/p>\n<p>Le Ministre des Affaires e\u0301trange\u0300res et de la Coope\u0301ration Internationale, Porte-parole du Gouvernement a fait un compte rendu sur la participation du Pre\u0301sident de la Re\u0301publique a\u0300 la re\u0301union du Quartet (IGAD) qui a eu lieu au Kenya le 06 septembre 2023.<\/p>\n<p>Le Ministre des Infrastructures et de l\u2019Equipement a fait un compte rendu sur sa participation a\u0300 la Confe\u0301rence Internationale intitule\u0301e \u00ab Sustainable Maritime Industry Conference Vision 2030 \u00bb qui s\u2019est tenue le 04 septembre 2023 a\u0300 Djeddah.<\/p>\n<p>Le Ministre de l\u2019Energie charge\u0301 des Ressources Naturelles a fait un rapport sur sa participation a\u0300 la 5e\u0300me Re\u0301union Re\u0301gionale de l\u2019Alliance Solaire Internationale (ISA) pour la Re\u0301gion Afrique qui s\u2019est tenue du 30 aou\u0302t au 1er septembre 2023 a\u0300 Kigali.<\/p>\n<p><strong>Pour plus d&rsquo;informations et d&rsquo;analyses sur la <a href=\"https:\/\/www.africa-press.net\/djibouti\">Djibouti<\/a>, suivez <a href=\"https:\/\/www.africa-press.net\/\">Africa-Press<\/a><\/strong><\/p>\n","protected":false},"excerpt":{"rendered":"<p>Africa-Press &#8211; Djibouti. Le chef de l&rsquo;Etat, M. Ismai\u0308l Omar Guelleh, a pre\u0301side\u0301 ce mardi les travaux de la 12e\u0300me se\u0301ance du Conseil des ministres au cours de laquelle le ministre du Commerce et du Tourisme a pre\u0301sente\u0301 une communication sur l\u2019e\u0301volution des prix des denre\u0301es alimentaires de premie\u0300re ne\u0301cessite\u0301. Il a indique\u0301 que depuis [&hellip;]<\/p>\n","protected":false},"author":82,"featured_media":17776,"comment_status":"open","ping_status":"closed","sticky":false,"template":"","format":"standard","meta":{"footnotes":""},"categories":[2,10],"tags":[36,49,50],"class_list":["post-17777","post","type-post","status-publish","format-standard","has-post-thumbnail","hentry","category-politique","category-toutes-les-actualites","tag-africa-press","tag-africa-press-djibouti","tag-djibouti"],"yoast_head":"<!-- This site is optimized with the Yoast SEO Premium plugin v26.1 (Yoast SEO v27.0) - https:\/\/yoast.com\/product\/yoast-seo-premium-wordpress\/ -->\n<title>Le chef de l&#039;Etat pr\u00e9side les travaux de la 12\u00e8me s\u00e9ance du Conseil des ministres - Djibouti<\/title>\n<meta name=\"description\" content=\"Le chef de l&#039;Etat, M. Ismai\u0308l Omar Guelleh, a pre\u0301side\u0301 ce mardi les travaux de la 12e\u0300me se\u0301ance du Conseil des ministr ...\" \/>\n<meta name=\"robots\" content=\"index, follow, max-snippet:-1, max-image-preview:large, max-video-preview:-1\" \/>\n<link rel=\"canonical\" href=\"https:\/\/www.africa-press.net\/djibouti\/politique\/le-chef-de-letat-preside-les-travaux-de-la-12eme-seance-du-conseil-des-ministres\" \/>\n<meta property=\"og:locale\" content=\"fr_FR\" \/>\n<meta property=\"og:type\" content=\"article\" \/>\n<meta property=\"og:title\" content=\"Le chef de l&#039;Etat pr\u00e9side les travaux de la 12\u00e8me s\u00e9ance du Conseil des ministres\" \/>\n<meta property=\"og:description\" content=\"Le chef de l&#039;Etat, M. Ismai\u0308l Omar Guelleh, a pre\u0301side\u0301 ce mardi les travaux de la 12e\u0300me se\u0301ance du Conseil des ministr ...\" \/>\n<meta property=\"og:url\" content=\"https:\/\/www.africa-press.net\/djibouti\/politique\/le-chef-de-letat-preside-les-travaux-de-la-12eme-seance-du-conseil-des-ministres\" \/>\n<meta property=\"og:site_name\" content=\"Djibouti\" \/>\n<meta property=\"article:published_time\" content=\"2023-09-13T15:18:18+00:00\" \/>\n<meta property=\"article:modified_time\" content=\"2023-09-13T15:59:22+00:00\" \/>\n<meta property=\"og:image\" content=\"https:\/\/static.africa-press.net\/djibouti\/sites\/52\/2023\/09\/sm_1694608094.360448.jpg\" \/>\n\t<meta property=\"og:image:width\" content=\"1024\" \/>\n\t<meta property=\"og:image:height\" content=\"475\" \/>\n\t<meta property=\"og:image:type\" content=\"image\/jpeg\" \/>\n<meta name=\"author\" content=\"cfeditorfr\" \/>\n<meta name=\"twitter:card\" content=\"summary_large_image\" \/>\n<meta name=\"twitter:label1\" content=\"\u00c9crit par\" \/>\n\t<meta name=\"twitter:data1\" content=\"cfeditorfr\" \/>\n\t<meta name=\"twitter:label2\" content=\"Dur\u00e9e de lecture estim\u00e9e\" \/>\n\t<meta name=\"twitter:data2\" content=\"14 minutes\" \/>\n<script type=\"application\/ld+json\" class=\"yoast-schema-graph\">{\"@context\":\"https:\/\/schema.org\",\"@graph\":[{\"@type\":\"Article\",\"@id\":\"https:\/\/www.africa-press.net\/djibouti\/politique\/le-chef-de-letat-preside-les-travaux-de-la-12eme-seance-du-conseil-des-ministres#article\",\"isPartOf\":{\"@id\":\"https:\/\/www.africa-press.net\/djibouti\/politique\/le-chef-de-letat-preside-les-travaux-de-la-12eme-seance-du-conseil-des-ministres\"},\"author\":{\"name\":\"cfeditorfr\",\"@id\":\"https:\/\/www.africa-press.net\/djibouti\/#\/schema\/person\/2b1cf3cd81a31e3cd26889ca66d677f1\"},\"headline\":\"Le chef de l&rsquo;Etat pr\u00e9side les travaux de la 12\u00e8me s\u00e9ance du Conseil des ministres\",\"datePublished\":\"2023-09-13T15:18:18+00:00\",\"dateModified\":\"2023-09-13T15:59:22+00:00\",\"mainEntityOfPage\":{\"@id\":\"https:\/\/www.africa-press.net\/djibouti\/politique\/le-chef-de-letat-preside-les-travaux-de-la-12eme-seance-du-conseil-des-ministres\"},\"wordCount\":2885,\"commentCount\":0,\"image\":{\"@id\":\"https:\/\/www.africa-press.net\/djibouti\/politique\/le-chef-de-letat-preside-les-travaux-de-la-12eme-seance-du-conseil-des-ministres#primaryimage\"},\"thumbnailUrl\":\"https:\/\/static.africa-press.net\/djibouti\/sites\/52\/2023\/09\/sm_1694608094.360448.jpg\",\"keywords\":[\"Africa Press\",\"Africa Press-Djibouti\",\"Djibouti\"],\"articleSection\":[\"Politique\",\"Toutes les actualit\u00e9s\"],\"inLanguage\":\"fr-FR\",\"potentialAction\":[{\"@type\":\"CommentAction\",\"name\":\"Comment\",\"target\":[\"https:\/\/www.africa-press.net\/djibouti\/politique\/le-chef-de-letat-preside-les-travaux-de-la-12eme-seance-du-conseil-des-ministres#respond\"]}]},{\"@type\":\"WebPage\",\"@id\":\"https:\/\/www.africa-press.net\/djibouti\/politique\/le-chef-de-letat-preside-les-travaux-de-la-12eme-seance-du-conseil-des-ministres\",\"url\":\"https:\/\/www.africa-press.net\/djibouti\/politique\/le-chef-de-letat-preside-les-travaux-de-la-12eme-seance-du-conseil-des-ministres\",\"name\":\"Le chef de l'Etat pr\u00e9side les travaux de la 12\u00e8me s\u00e9ance du Conseil des ministres - Djibouti\",\"isPartOf\":{\"@id\":\"https:\/\/www.africa-press.net\/djibouti\/#website\"},\"primaryImageOfPage\":{\"@id\":\"https:\/\/www.africa-press.net\/djibouti\/politique\/le-chef-de-letat-preside-les-travaux-de-la-12eme-seance-du-conseil-des-ministres#primaryimage\"},\"image\":{\"@id\":\"https:\/\/www.africa-press.net\/djibouti\/politique\/le-chef-de-letat-preside-les-travaux-de-la-12eme-seance-du-conseil-des-ministres#primaryimage\"},\"thumbnailUrl\":\"https:\/\/static.africa-press.net\/djibouti\/sites\/52\/2023\/09\/sm_1694608094.360448.jpg\",\"datePublished\":\"2023-09-13T15:18:18+00:00\",\"dateModified\":\"2023-09-13T15:59:22+00:00\",\"author\":{\"@id\":\"https:\/\/www.africa-press.net\/djibouti\/#\/schema\/person\/2b1cf3cd81a31e3cd26889ca66d677f1\"},\"description\":\"Le chef de l'Etat, M. Ismai\u0308l Omar Guelleh, a pre\u0301side\u0301 ce mardi les travaux de la 12e\u0300me se\u0301ance du Conseil des ministr ...\",\"breadcrumb\":{\"@id\":\"https:\/\/www.africa-press.net\/djibouti\/politique\/le-chef-de-letat-preside-les-travaux-de-la-12eme-seance-du-conseil-des-ministres#breadcrumb\"},\"inLanguage\":\"fr-FR\",\"potentialAction\":[{\"@type\":\"ReadAction\",\"target\":[\"https:\/\/www.africa-press.net\/djibouti\/politique\/le-chef-de-letat-preside-les-travaux-de-la-12eme-seance-du-conseil-des-ministres\"]}]},{\"@type\":\"ImageObject\",\"inLanguage\":\"fr-FR\",\"@id\":\"https:\/\/www.africa-press.net\/djibouti\/politique\/le-chef-de-letat-preside-les-travaux-de-la-12eme-seance-du-conseil-des-ministres#primaryimage\",\"url\":\"https:\/\/static.africa-press.net\/djibouti\/sites\/52\/2023\/09\/sm_1694608094.360448.jpg\",\"contentUrl\":\"https:\/\/static.africa-press.net\/djibouti\/sites\/52\/2023\/09\/sm_1694608094.360448.jpg\",\"width\":1024,\"height\":475,\"caption\":\"Le chef de l'Etat pr\u00e9side les travaux de la 12\u00e8me s\u00e9ance du Conseil des ministres\"},{\"@type\":\"BreadcrumbList\",\"@id\":\"https:\/\/www.africa-press.net\/djibouti\/politique\/le-chef-de-letat-preside-les-travaux-de-la-12eme-seance-du-conseil-des-ministres#breadcrumb\",\"itemListElement\":[{\"@type\":\"ListItem\",\"position\":1,\"name\":\"Accueil\",\"item\":\"https:\/\/www.africa-press.net\/djibouti\/\"},{\"@type\":\"ListItem\",\"position\":2,\"name\":\"Le chef de l&#8217;Etat pr\u00e9side les travaux de la 12\u00e8me s\u00e9ance du Conseil des ministres\"}]},{\"@type\":\"WebSite\",\"@id\":\"https:\/\/www.africa-press.net\/djibouti\/#website\",\"url\":\"https:\/\/www.africa-press.net\/djibouti\/\",\"name\":\"Djibouti\",\"description\":\"Just another Africa News Agency Sites site\",\"potentialAction\":[{\"@type\":\"SearchAction\",\"target\":{\"@type\":\"EntryPoint\",\"urlTemplate\":\"https:\/\/www.africa-press.net\/djibouti\/?s={search_term_string}\"},\"query-input\":{\"@type\":\"PropertyValueSpecification\",\"valueRequired\":true,\"valueName\":\"search_term_string\"}}],\"inLanguage\":\"fr-FR\"},{\"@type\":\"Person\",\"@id\":\"https:\/\/www.africa-press.net\/djibouti\/#\/schema\/person\/2b1cf3cd81a31e3cd26889ca66d677f1\",\"name\":\"cfeditorfr\"}]}<\/script>\n<!-- \/ Yoast SEO Premium plugin. -->","yoast_head_json":{"title":"Le chef de l'Etat pr\u00e9side les travaux de la 12\u00e8me s\u00e9ance du Conseil des ministres - Djibouti","description":"Le chef de l'Etat, M. Ismai\u0308l Omar Guelleh, a pre\u0301side\u0301 ce mardi les travaux de la 12e\u0300me se\u0301ance du Conseil des ministr ...","robots":{"index":"index","follow":"follow","max-snippet":"max-snippet:-1","max-image-preview":"max-image-preview:large","max-video-preview":"max-video-preview:-1"},"canonical":"https:\/\/www.africa-press.net\/djibouti\/politique\/le-chef-de-letat-preside-les-travaux-de-la-12eme-seance-du-conseil-des-ministres","og_locale":"fr_FR","og_type":"article","og_title":"Le chef de l'Etat pr\u00e9side les travaux de la 12\u00e8me s\u00e9ance du Conseil des ministres","og_description":"Le chef de l'Etat, M. Ismai\u0308l Omar Guelleh, a pre\u0301side\u0301 ce mardi les travaux de la 12e\u0300me se\u0301ance du Conseil des ministr ...","og_url":"https:\/\/www.africa-press.net\/djibouti\/politique\/le-chef-de-letat-preside-les-travaux-de-la-12eme-seance-du-conseil-des-ministres","og_site_name":"Djibouti","article_published_time":"2023-09-13T15:18:18+00:00","article_modified_time":"2023-09-13T15:59:22+00:00","og_image":[{"width":1024,"height":475,"url":"https:\/\/static.africa-press.net\/djibouti\/sites\/52\/2023\/09\/sm_1694608094.360448.jpg","type":"image\/jpeg"}],"author":"cfeditorfr","twitter_card":"summary_large_image","twitter_misc":{"\u00c9crit par":"cfeditorfr","Dur\u00e9e de lecture estim\u00e9e":"14 minutes"},"schema":{"@context":"https:\/\/schema.org","@graph":[{"@type":"Article","@id":"https:\/\/www.africa-press.net\/djibouti\/politique\/le-chef-de-letat-preside-les-travaux-de-la-12eme-seance-du-conseil-des-ministres#article","isPartOf":{"@id":"https:\/\/www.africa-press.net\/djibouti\/politique\/le-chef-de-letat-preside-les-travaux-de-la-12eme-seance-du-conseil-des-ministres"},"author":{"name":"cfeditorfr","@id":"https:\/\/www.africa-press.net\/djibouti\/#\/schema\/person\/2b1cf3cd81a31e3cd26889ca66d677f1"},"headline":"Le chef de l&rsquo;Etat pr\u00e9side les travaux de la 12\u00e8me s\u00e9ance du Conseil des ministres","datePublished":"2023-09-13T15:18:18+00:00","dateModified":"2023-09-13T15:59:22+00:00","mainEntityOfPage":{"@id":"https:\/\/www.africa-press.net\/djibouti\/politique\/le-chef-de-letat-preside-les-travaux-de-la-12eme-seance-du-conseil-des-ministres"},"wordCount":2885,"commentCount":0,"image":{"@id":"https:\/\/www.africa-press.net\/djibouti\/politique\/le-chef-de-letat-preside-les-travaux-de-la-12eme-seance-du-conseil-des-ministres#primaryimage"},"thumbnailUrl":"https:\/\/static.africa-press.net\/djibouti\/sites\/52\/2023\/09\/sm_1694608094.360448.jpg","keywords":["Africa Press","Africa Press-Djibouti","Djibouti"],"articleSection":["Politique","Toutes les actualit\u00e9s"],"inLanguage":"fr-FR","potentialAction":[{"@type":"CommentAction","name":"Comment","target":["https:\/\/www.africa-press.net\/djibouti\/politique\/le-chef-de-letat-preside-les-travaux-de-la-12eme-seance-du-conseil-des-ministres#respond"]}]},{"@type":"WebPage","@id":"https:\/\/www.africa-press.net\/djibouti\/politique\/le-chef-de-letat-preside-les-travaux-de-la-12eme-seance-du-conseil-des-ministres","url":"https:\/\/www.africa-press.net\/djibouti\/politique\/le-chef-de-letat-preside-les-travaux-de-la-12eme-seance-du-conseil-des-ministres","name":"Le chef de l'Etat pr\u00e9side les travaux de la 12\u00e8me s\u00e9ance du Conseil des ministres - Djibouti","isPartOf":{"@id":"https:\/\/www.africa-press.net\/djibouti\/#website"},"primaryImageOfPage":{"@id":"https:\/\/www.africa-press.net\/djibouti\/politique\/le-chef-de-letat-preside-les-travaux-de-la-12eme-seance-du-conseil-des-ministres#primaryimage"},"image":{"@id":"https:\/\/www.africa-press.net\/djibouti\/politique\/le-chef-de-letat-preside-les-travaux-de-la-12eme-seance-du-conseil-des-ministres#primaryimage"},"thumbnailUrl":"https:\/\/static.africa-press.net\/djibouti\/sites\/52\/2023\/09\/sm_1694608094.360448.jpg","datePublished":"2023-09-13T15:18:18+00:00","dateModified":"2023-09-13T15:59:22+00:00","author":{"@id":"https:\/\/www.africa-press.net\/djibouti\/#\/schema\/person\/2b1cf3cd81a31e3cd26889ca66d677f1"},"description":"Le chef de l'Etat, M. Ismai\u0308l Omar Guelleh, a pre\u0301side\u0301 ce mardi les travaux de la 12e\u0300me se\u0301ance du Conseil des ministr ...","breadcrumb":{"@id":"https:\/\/www.africa-press.net\/djibouti\/politique\/le-chef-de-letat-preside-les-travaux-de-la-12eme-seance-du-conseil-des-ministres#breadcrumb"},"inLanguage":"fr-FR","potentialAction":[{"@type":"ReadAction","target":["https:\/\/www.africa-press.net\/djibouti\/politique\/le-chef-de-letat-preside-les-travaux-de-la-12eme-seance-du-conseil-des-ministres"]}]},{"@type":"ImageObject","inLanguage":"fr-FR","@id":"https:\/\/www.africa-press.net\/djibouti\/politique\/le-chef-de-letat-preside-les-travaux-de-la-12eme-seance-du-conseil-des-ministres#primaryimage","url":"https:\/\/static.africa-press.net\/djibouti\/sites\/52\/2023\/09\/sm_1694608094.360448.jpg","contentUrl":"https:\/\/static.africa-press.net\/djibouti\/sites\/52\/2023\/09\/sm_1694608094.360448.jpg","width":1024,"height":475,"caption":"Le chef de l'Etat pr\u00e9side les travaux de la 12\u00e8me s\u00e9ance du Conseil des ministres"},{"@type":"BreadcrumbList","@id":"https:\/\/www.africa-press.net\/djibouti\/politique\/le-chef-de-letat-preside-les-travaux-de-la-12eme-seance-du-conseil-des-ministres#breadcrumb","itemListElement":[{"@type":"ListItem","position":1,"name":"Accueil","item":"https:\/\/www.africa-press.net\/djibouti\/"},{"@type":"ListItem","position":2,"name":"Le chef de l&#8217;Etat pr\u00e9side les travaux de la 12\u00e8me s\u00e9ance du Conseil des ministres"}]},{"@type":"WebSite","@id":"https:\/\/www.africa-press.net\/djibouti\/#website","url":"https:\/\/www.africa-press.net\/djibouti\/","name":"Djibouti","description":"Just another Africa News Agency Sites site","potentialAction":[{"@type":"SearchAction","target":{"@type":"EntryPoint","urlTemplate":"https:\/\/www.africa-press.net\/djibouti\/?s={search_term_string}"},"query-input":{"@type":"PropertyValueSpecification","valueRequired":true,"valueName":"search_term_string"}}],"inLanguage":"fr-FR"},{"@type":"Person","@id":"https:\/\/www.africa-press.net\/djibouti\/#\/schema\/person\/2b1cf3cd81a31e3cd26889ca66d677f1","name":"cfeditorfr"}]}},"_links":{"self":[{"href":"https:\/\/www.africa-press.net\/djibouti\/wp-json\/wp\/v2\/posts\/17777","targetHints":{"allow":["GET"]}}],"collection":[{"href":"https:\/\/www.africa-press.net\/djibouti\/wp-json\/wp\/v2\/posts"}],"about":[{"href":"https:\/\/www.africa-press.net\/djibouti\/wp-json\/wp\/v2\/types\/post"}],"author":[{"embeddable":true,"href":"https:\/\/www.africa-press.net\/djibouti\/wp-json\/wp\/v2\/users\/82"}],"replies":[{"embeddable":true,"href":"https:\/\/www.africa-press.net\/djibouti\/wp-json\/wp\/v2\/comments?post=17777"}],"version-history":[{"count":0,"href":"https:\/\/www.africa-press.net\/djibouti\/wp-json\/wp\/v2\/posts\/17777\/revisions"}],"wp:featuredmedia":[{"embeddable":true,"href":"https:\/\/www.africa-press.net\/djibouti\/wp-json\/wp\/v2\/media\/17776"}],"wp:attachment":[{"href":"https:\/\/www.africa-press.net\/djibouti\/wp-json\/wp\/v2\/media?parent=17777"}],"wp:term":[{"taxonomy":"category","embeddable":true,"href":"https:\/\/www.africa-press.net\/djibouti\/wp-json\/wp\/v2\/categories?post=17777"},{"taxonomy":"post_tag","embeddable":true,"href":"https:\/\/www.africa-press.net\/djibouti\/wp-json\/wp\/v2\/tags?post=17777"}],"curies":[{"name":"wp","href":"https:\/\/api.w.org\/{rel}","templated":true}]}}