{"id":17782,"date":"2023-09-13T15:18:47","date_gmt":"2023-09-13T15:18:47","guid":{"rendered":"https:\/\/www.africa-press.net\/djibouti\/politique\/le-ministre-de-lenergie-recoit-une-forte-delegation-de-lagence-francaise-de-developpement-afd"},"modified":"2023-09-13T16:00:27","modified_gmt":"2023-09-13T16:00:27","slug":"le-ministre-de-lenergie-recoit-une-forte-delegation-de-lagence-francaise-de-developpement-afd","status":"publish","type":"post","link":"https:\/\/www.africa-press.net\/djibouti\/politique\/le-ministre-de-lenergie-recoit-une-forte-delegation-de-lagence-francaise-de-developpement-afd","title":{"rendered":"Le ministre de l\u2019Energie re\u00e7oit une forte d\u00e9l\u00e9gation de l\u2019Agence Fran\u00e7aise de D\u00e9veloppement (AFD)"},"content":{"rendered":"<p><span style=\"color: #ff6600\"><strong>Africa-Press &#8211; Djibouti. <\/strong><\/span>Le ministre de l\u2019Energie, charge\u0301 des Ressources Naturelles, M. Yonis Ali Guedi, a rec\u0327u hier dans son cabinet, une importante de\u0301le\u0301gation de l\u2019Agence Franc\u0327aise de De\u0301veloppement (AFD) conduite par la directrice de l\u2019Agence de Djibouti, Mme He\u0301le\u0300ne Vidon.<\/p>\n<p>Les e\u0301changes entre le ministre et la de\u0301le\u0301gation s\u2019articulaient autour de la pre\u0301paration d\u2019un appui de l\u2019AFD en faveur de la structure partenariat public prive\u0301 (PPP), dans ses activite\u0301s relatives a\u0300 son volet de\u0301veloppement des e\u0301nergies renouvelables dans notre pays.<\/p>\n<p>Celui-ci, notamment par le biais de l\u2019exe\u0301cution de deux composantes essentielles a\u0300 savoir l\u2019appui me\u0301thodologique (plus particulie\u0300rement en matie\u0300re de priorisation et de montage de projets e\u0301nerge\u0301tiques, d\u2019analyse multisectorielle, de planification et d\u2019e\u0301laboration des e\u0301tudes de faisabilite\u0301 desdits projets, etc.) et celle de\u0301die\u0301e au renforcement des capacite\u0301s.<\/p>\n<p>La de\u0301signation d\u2019un trino\u0302me (compose\u0301 d&rsquo;un financier, d&rsquo;un juriste et d&rsquo;un technicien) qui travaillera avec les experts de l\u2019AFD dans la mise en \u0153uvre de la me\u0301thodologie a e\u0301te\u0301 e\u0301galement e\u0301voque\u0301 par le ministre et ses ho\u0302tes de marque.<\/p>\n<p>Le ministre de l&rsquo;Energie a d\u2019emble\u0301e informe\u0301 les membres de la de\u0301le\u0301gation de l&rsquo;AFD que l&rsquo;accessibilite\u0301 et la disponibilite\u0301 d\u2019une e\u0301nergie propre et abondante mise a\u0300 la disposition de notre population e\u0301tait primordiale pour le Gouvernement, sous le leadership du Pre\u0301sident de la Re\u0301publique, M. Ismail Omar Guelleh.<\/p>\n<p>Le ministre a ensuite souligne\u0301 que l\u2019e\u0301quipe du ministe\u0300re de l&rsquo;Energie travaillait e\u0301troitement et en synergie d\u2019action avec la direction ge\u0301ne\u0301rale du PPP, partenaire incontournable dans le cadre de la concre\u0301tisation des projets e\u0301nerge\u0301tiques monte\u0301s sous ce mode\u0300le de financement.<\/p>\n<p>Il a indique\u0301 dans la foule\u0301e que le PPP constituait un outil important permettant aux affaires socio-e\u0301conomiques de prospe\u0301rer et surtout un instrument indispensable pour le de\u0301veloppement des e\u0301nergies renouvelables dans notre pays.<\/p>\n<p>M. Yonis Ali Guedi a, en outre, mis l&rsquo;accent sur la collaboration efficiente et fructueuse existante entre le MERN et le MEFI (notamment la Direction Ge\u0301ne\u0301rale sous son rattachement du PPP).<\/p>\n<p>Tout en rappelant que le montage des projets e\u0301nerge\u0301tiques se faisait dans le strict respect des normes et standards internationaux, le ministre n&rsquo;a pas manque\u0301 de mettre en exergue l&rsquo;impe\u0301rieuse ne\u0301cessite\u0301 de lancer des ateliers de formation afin de vulgariser le ro\u0302le et les missions e\u0301minemment importantes de la structure PPP sous les cieux djiboutiens.<\/p>\n<p>M. Yonis Ali Guedi a enfin e\u0301mis le souhait de voir l&rsquo;implication du secteur prive\u0301 dans le de\u0301veloppement du secteur minier de notre pays et ce, dans le cadre d&rsquo;un partenariat public prive\u0301 gagnant-gagnant.<\/p>\n<p>En prenant la parole, la directrice du bureau AFD de Djibouti, Mme He\u0301le\u0300ne Vidon, a tenu a\u0300 informer le ministre sur l\u2019e\u0301tat d\u2019avancement de l\u2019exe\u0301cution du projet d\u2019Efficacite\u0301 Energe\u0301tique des Ba\u0302timents Administratifs (PEEB) ainsi que sur les derniers de\u0301veloppements concernant l&rsquo;exe\u0301cution de ce projet d&rsquo;une importance capitale pour notre pays (notamment en ce qui avait trait a\u0300 la re\u0301daction des termes de re\u0301fe\u0301rence, la passation de marche\u0301 ainsi que la transmission des audits e\u0301nerge\u0301tiques mene\u0301s, etc.).<\/p>\n<p>Actualite\u0301 du moment oblige, les discussions entre le ministre de l&rsquo;Energie, charge\u0301 des Ressources Naturelles, M. Yonis Ali Guedi, et les membres de la de\u0301le\u0301gation de l&rsquo;AFD ont e\u0301galement porte\u0301 sur l&rsquo;inauguration du parc e\u0301olien de Ghoubet ainsi que sa mise en service effective et officielle depuis le dimanche 10 septembre 2023.<\/p>\n<p>La construction prochaine de la centrale e\u0301lectrique solaire de Grand Bara, les travaux de recherche et d&rsquo;exploration ge\u0301othermique, le projet de production e\u0301nerge\u0301tique a\u0300 partir de la biomasse, etc, tous ces projets, s\u2019inscrivant pleinement dans le cadre de la mise en \u0153uvre de la Vision Djibouti 2035 du Pre\u0301sident de la Re\u0301publique, M. Ismail Omar Guelleh, ont au centre des e\u0301changes entre les deux parties.<\/p>\n<p>Les discussions ont e\u0301te\u0301 e\u0301largies a\u0300 d\u2019autres sujets, notamment le retour et le partage d\u2019expe\u0301riences sur les projets e\u0301nerge\u0301tiques de\u0301ja\u0300 concre\u0301tise\u0301s dans notre pays afin de re\u0301pertorier les difficulte\u0301s et les contraintes rencontre\u0301es lors des diffe\u0301rentes phases de ne\u0301gociation et de montage des projets et e\u0301ventuellement de mener la re\u0301flexion sur la recherche des solutions approprie\u0301es a\u0300 mettre en oeuvre pour les e\u0301viter a\u0300 l&rsquo;avenir lors de l&rsquo;impulsion d&rsquo;autres projets.<\/p>\n<p>Notons enfin que le conseiller technique du ministre de l&rsquo;Energie, charge\u0301 des Ressources Naturelles, M. Mahdi Waberi Hassan, et le directeur des e\u0301tudes, de la Planification, des Statistiques, des Techniques et des Me\u0301thodes, directeur par inte\u0301rim de la direction de l&rsquo;efficacite\u0301 et de la mai\u0302trise de l&rsquo;Energie (DEME), M. Ali Barreh Adaweh, ont pris part a\u0300 cet entretien.<\/p>\n<p>Le ministre de l\u2019Energie, charge\u0301 des Ressources Naturelles, M. Yonis Ali Guedi, a rec\u0327u hier dans son cabinet, une importante de\u0301le\u0301gation de l\u2019Agence Franc\u0327aise de De\u0301veloppement (AFD) conduite par la directrice de l\u2019Agence de Djibouti, Mme He\u0301le\u0300ne Vidon.<\/p>\n<p>Les e\u0301changes entre le ministre et la de\u0301le\u0301gation s\u2019articulaient autour de la pre\u0301paration d\u2019un appui de l\u2019AFD en faveur de la structure partenariat public prive\u0301 (PPP), dans ses activite\u0301s relatives a\u0300 son volet de\u0301veloppement des e\u0301nergies renouvelables dans notre pays.<\/p>\n<p>Celui-ci, notamment par le biais de l\u2019exe\u0301cution de deux composantes essentielles a\u0300 savoir l\u2019appui me\u0301thodologique (plus particulie\u0300rement en matie\u0300re de priorisation et de montage de projets e\u0301nerge\u0301tiques, d\u2019analyse multisectorielle, de planification et d\u2019e\u0301laboration des e\u0301tudes de faisabilite\u0301 desdits projets, etc.) et celle de\u0301die\u0301e au renforcement des capacite\u0301s.<\/p>\n<p>La de\u0301signation d\u2019un trino\u0302me (compose\u0301 d&rsquo;un financier, d&rsquo;un juriste et d&rsquo;un technicien) qui travaillera avec les experts de l\u2019AFD dans la mise en \u0153uvre de la me\u0301thodologie a e\u0301te\u0301 e\u0301galement e\u0301voque\u0301 par le ministre et ses ho\u0302tes de marque.<\/p>\n<p>Le ministre de l&rsquo;Energie a d\u2019emble\u0301e informe\u0301 les membres de la de\u0301le\u0301gation de l&rsquo;AFD que l&rsquo;accessibilite\u0301 et la disponibilite\u0301 d\u2019une e\u0301nergie propre et abondante mise a\u0300 la disposition de notre population e\u0301tait primordiale pour le Gouvernement, sous le leadership du Pre\u0301sident de la Re\u0301publique, M. Ismail Omar Guelleh.<\/p>\n<p>Le ministre a ensuite souligne\u0301 que l\u2019e\u0301quipe du ministe\u0300re de l&rsquo;Energie travaillait e\u0301troitement et en synergie d\u2019action avec la direction ge\u0301ne\u0301rale du PPP, partenaire incontournable dans le cadre de la concre\u0301tisation des projets e\u0301nerge\u0301tiques monte\u0301s sous ce mode\u0300le de financement.<\/p>\n<p>Il a indique\u0301 dans la foule\u0301e que le PPP constituait un outil important permettant aux affaires socio-e\u0301conomiques de prospe\u0301rer et surtout un instrument indispensable pour le de\u0301veloppement des e\u0301nergies renouvelables dans notre pays.<\/p>\n<p>M. Yonis Ali Guedi a, en outre, mis l&rsquo;accent sur la collaboration efficiente et fructueuse existante entre le MERN et le MEFI (notamment la Direction Ge\u0301ne\u0301rale sous son rattachement du PPP).<\/p>\n<p>Tout en rappelant que le montage des projets e\u0301nerge\u0301tiques se faisait dans le strict respect des normes et standards internationaux, le ministre n&rsquo;a pas manque\u0301 de mettre en exergue l&rsquo;impe\u0301rieuse ne\u0301cessite\u0301 de lancer des ateliers de formation afin de vulgariser le ro\u0302le et les missions e\u0301minemment importantes de la structure PPP sous les cieux djiboutiens.<\/p>\n<p>M. Yonis Ali Guedi a enfin e\u0301mis le souhait de voir l&rsquo;implication du secteur prive\u0301 dans le de\u0301veloppement du secteur minier de notre pays et ce, dans le cadre d&rsquo;un partenariat public prive\u0301 gagnant-gagnant.<\/p>\n<p>En prenant la parole, la directrice du bureau AFD de Djibouti, Mme He\u0301le\u0300ne Vidon, a tenu a\u0300 informer le ministre sur l\u2019e\u0301tat d\u2019avancement de l\u2019exe\u0301cution du projet d\u2019Efficacite\u0301 Energe\u0301tique des Ba\u0302timents Administratifs (PEEB) ainsi que sur les derniers de\u0301veloppements concernant l&rsquo;exe\u0301cution de ce projet d&rsquo;une importance capitale pour notre pays (notamment en ce qui avait trait a\u0300 la re\u0301daction des termes de re\u0301fe\u0301rence, la passation de marche\u0301 ainsi que la transmission des audits e\u0301nerge\u0301tiques mene\u0301s, etc.).<\/p>\n<p>Actualite\u0301 du moment oblige, les discussions entre le ministre de l&rsquo;Energie, charge\u0301 des Ressources Naturelles, M. Yonis Ali Guedi, et les membres de la de\u0301le\u0301gation de l&rsquo;AFD ont e\u0301galement porte\u0301 sur l&rsquo;inauguration du parc e\u0301olien de Ghoubet ainsi que sa mise en service effective et officielle depuis le dimanche 10 septembre 2023.<\/p>\n<p>La construction prochaine de la centrale e\u0301lectrique solaire de Grand Bara, les travaux de recherche et d&rsquo;exploration ge\u0301othermique, le projet de production e\u0301nerge\u0301tique a\u0300 partir de la biomasse, etc, tous ces projets, s\u2019inscrivant pleinement dans le cadre de la mise en \u0153uvre de la Vision Djibouti 2035 du Pre\u0301sident de la Re\u0301publique, M. Ismail Omar Guelleh, ont au centre des e\u0301changes entre les deux parties.<\/p>\n<p>Les discussions ont e\u0301te\u0301 e\u0301largies a\u0300 d\u2019autres sujets, notamment le retour et le partage d\u2019expe\u0301riences sur les projets e\u0301nerge\u0301tiques de\u0301ja\u0300 concre\u0301tise\u0301s dans notre pays afin de re\u0301pertorier les difficulte\u0301s et les contraintes rencontre\u0301es lors des diffe\u0301rentes phases de ne\u0301gociation et de montage des projets et e\u0301ventuellement de mener la re\u0301flexion sur la recherche des solutions approprie\u0301es a\u0300 mettre en oeuvre pour les e\u0301viter a\u0300 l&rsquo;avenir lors de l&rsquo;impulsion d&rsquo;autres projets.<\/p>\n<p>Notons enfin que le conseiller technique du ministre de l&rsquo;Energie, charge\u0301 des Ressources Naturelles, M. Mahdi Waberi Hassan, et le directeur des e\u0301tudes, de la Planification, des Statistiques, des Techniques et des Me\u0301thodes, directeur par inte\u0301rim de la direction de l&rsquo;efficacite\u0301 et de la mai\u0302trise de l&rsquo;Energie (DEME), M. Ali Barreh Adaweh, ont pris part a\u0300 cet entretien.<\/p>\n<p><strong>Pour plus d&rsquo;informations et d&rsquo;analyses sur la <a href=\"https:\/\/www.africa-press.net\/djibouti\">Djibouti<\/a>, suivez <a href=\"https:\/\/www.africa-press.net\/\">Africa-Press<\/a><\/strong><\/p>\n","protected":false},"excerpt":{"rendered":"<p>Africa-Press &#8211; Djibouti. Le ministre de l\u2019Energie, charge\u0301 des Ressources Naturelles, M. Yonis Ali Guedi, a rec\u0327u hier dans son cabinet, une importante de\u0301le\u0301gation de l\u2019Agence Franc\u0327aise de De\u0301veloppement (AFD) conduite par la directrice de l\u2019Agence de Djibouti, Mme He\u0301le\u0300ne Vidon. Les e\u0301changes entre le ministre et la de\u0301le\u0301gation s\u2019articulaient autour de la pre\u0301paration d\u2019un [&hellip;]<\/p>\n","protected":false},"author":82,"featured_media":17781,"comment_status":"open","ping_status":"closed","sticky":false,"template":"","format":"standard","meta":{"footnotes":""},"categories":[2,10],"tags":[36,49,50],"class_list":["post-17782","post","type-post","status-publish","format-standard","has-post-thumbnail","hentry","category-politique","category-toutes-les-actualites","tag-africa-press","tag-africa-press-djibouti","tag-djibouti"],"yoast_head":"<!-- This site is optimized with the Yoast SEO Premium plugin v26.1 (Yoast SEO v27.0) - https:\/\/yoast.com\/product\/yoast-seo-premium-wordpress\/ -->\n<title>Le ministre de l\u2019Energie re\u00e7oit une forte d\u00e9l\u00e9gation de l\u2019Agence Fran\u00e7aise de D\u00e9veloppement (AFD) - Djibouti<\/title>\n<meta name=\"description\" content=\"Le ministre de l\u2019Energie, charge\u0301 des Ressources Naturelles, M. Yonis Ali Guedi, a rec\u0327u hier dans son cabinet, une impo ...\" \/>\n<meta name=\"robots\" content=\"index, follow, max-snippet:-1, max-image-preview:large, max-video-preview:-1\" \/>\n<link rel=\"canonical\" href=\"https:\/\/www.africa-press.net\/djibouti\/politique\/le-ministre-de-lenergie-recoit-une-forte-delegation-de-lagence-francaise-de-developpement-afd\" \/>\n<meta property=\"og:locale\" content=\"fr_FR\" \/>\n<meta property=\"og:type\" content=\"article\" \/>\n<meta property=\"og:title\" content=\"Le ministre de l\u2019Energie re\u00e7oit une forte d\u00e9l\u00e9gation de l\u2019Agence Fran\u00e7aise de D\u00e9veloppement (AFD)\" \/>\n<meta property=\"og:description\" content=\"Le ministre de l\u2019Energie, charge\u0301 des Ressources Naturelles, M. Yonis Ali Guedi, a rec\u0327u hier dans son cabinet, une impo ...\" \/>\n<meta property=\"og:url\" content=\"https:\/\/www.africa-press.net\/djibouti\/politique\/le-ministre-de-lenergie-recoit-une-forte-delegation-de-lagence-francaise-de-developpement-afd\" \/>\n<meta property=\"og:site_name\" content=\"Djibouti\" \/>\n<meta property=\"article:published_time\" content=\"2023-09-13T15:18:47+00:00\" \/>\n<meta property=\"article:modified_time\" content=\"2023-09-13T16:00:27+00:00\" \/>\n<meta property=\"og:image\" content=\"https:\/\/static.africa-press.net\/djibouti\/sites\/52\/2023\/09\/sm_1694608170.053195.jpg\" \/>\n\t<meta property=\"og:image:width\" content=\"1008\" \/>\n\t<meta property=\"og:image:height\" content=\"756\" \/>\n\t<meta property=\"og:image:type\" content=\"image\/jpeg\" \/>\n<meta name=\"author\" content=\"cfeditorfr\" \/>\n<meta name=\"twitter:card\" content=\"summary_large_image\" \/>\n<meta name=\"twitter:label1\" content=\"\u00c9crit par\" \/>\n\t<meta name=\"twitter:data1\" content=\"cfeditorfr\" \/>\n\t<meta name=\"twitter:label2\" content=\"Dur\u00e9e de lecture estim\u00e9e\" \/>\n\t<meta name=\"twitter:data2\" content=\"8 minutes\" \/>\n<script type=\"application\/ld+json\" class=\"yoast-schema-graph\">{\"@context\":\"https:\/\/schema.org\",\"@graph\":[{\"@type\":\"Article\",\"@id\":\"https:\/\/www.africa-press.net\/djibouti\/politique\/le-ministre-de-lenergie-recoit-une-forte-delegation-de-lagence-francaise-de-developpement-afd#article\",\"isPartOf\":{\"@id\":\"https:\/\/www.africa-press.net\/djibouti\/politique\/le-ministre-de-lenergie-recoit-une-forte-delegation-de-lagence-francaise-de-developpement-afd\"},\"author\":{\"name\":\"cfeditorfr\",\"@id\":\"https:\/\/www.africa-press.net\/djibouti\/#\/schema\/person\/2b1cf3cd81a31e3cd26889ca66d677f1\"},\"headline\":\"Le ministre de l\u2019Energie re\u00e7oit une forte d\u00e9l\u00e9gation de l\u2019Agence Fran\u00e7aise de D\u00e9veloppement (AFD)\",\"datePublished\":\"2023-09-13T15:18:47+00:00\",\"dateModified\":\"2023-09-13T16:00:27+00:00\",\"mainEntityOfPage\":{\"@id\":\"https:\/\/www.africa-press.net\/djibouti\/politique\/le-ministre-de-lenergie-recoit-une-forte-delegation-de-lagence-francaise-de-developpement-afd\"},\"wordCount\":1796,\"commentCount\":0,\"image\":{\"@id\":\"https:\/\/www.africa-press.net\/djibouti\/politique\/le-ministre-de-lenergie-recoit-une-forte-delegation-de-lagence-francaise-de-developpement-afd#primaryimage\"},\"thumbnailUrl\":\"https:\/\/static.africa-press.net\/djibouti\/sites\/52\/2023\/09\/sm_1694608170.053195.jpg\",\"keywords\":[\"Africa Press\",\"Africa Press-Djibouti\",\"Djibouti\"],\"articleSection\":[\"Politique\",\"Toutes les actualit\u00e9s\"],\"inLanguage\":\"fr-FR\",\"potentialAction\":[{\"@type\":\"CommentAction\",\"name\":\"Comment\",\"target\":[\"https:\/\/www.africa-press.net\/djibouti\/politique\/le-ministre-de-lenergie-recoit-une-forte-delegation-de-lagence-francaise-de-developpement-afd#respond\"]}]},{\"@type\":\"WebPage\",\"@id\":\"https:\/\/www.africa-press.net\/djibouti\/politique\/le-ministre-de-lenergie-recoit-une-forte-delegation-de-lagence-francaise-de-developpement-afd\",\"url\":\"https:\/\/www.africa-press.net\/djibouti\/politique\/le-ministre-de-lenergie-recoit-une-forte-delegation-de-lagence-francaise-de-developpement-afd\",\"name\":\"Le ministre de l\u2019Energie re\u00e7oit une forte d\u00e9l\u00e9gation de l\u2019Agence Fran\u00e7aise de D\u00e9veloppement (AFD) - Djibouti\",\"isPartOf\":{\"@id\":\"https:\/\/www.africa-press.net\/djibouti\/#website\"},\"primaryImageOfPage\":{\"@id\":\"https:\/\/www.africa-press.net\/djibouti\/politique\/le-ministre-de-lenergie-recoit-une-forte-delegation-de-lagence-francaise-de-developpement-afd#primaryimage\"},\"image\":{\"@id\":\"https:\/\/www.africa-press.net\/djibouti\/politique\/le-ministre-de-lenergie-recoit-une-forte-delegation-de-lagence-francaise-de-developpement-afd#primaryimage\"},\"thumbnailUrl\":\"https:\/\/static.africa-press.net\/djibouti\/sites\/52\/2023\/09\/sm_1694608170.053195.jpg\",\"datePublished\":\"2023-09-13T15:18:47+00:00\",\"dateModified\":\"2023-09-13T16:00:27+00:00\",\"author\":{\"@id\":\"https:\/\/www.africa-press.net\/djibouti\/#\/schema\/person\/2b1cf3cd81a31e3cd26889ca66d677f1\"},\"description\":\"Le ministre de l\u2019Energie, charge\u0301 des Ressources Naturelles, M. Yonis Ali Guedi, a rec\u0327u hier dans son cabinet, une impo ...\",\"breadcrumb\":{\"@id\":\"https:\/\/www.africa-press.net\/djibouti\/politique\/le-ministre-de-lenergie-recoit-une-forte-delegation-de-lagence-francaise-de-developpement-afd#breadcrumb\"},\"inLanguage\":\"fr-FR\",\"potentialAction\":[{\"@type\":\"ReadAction\",\"target\":[\"https:\/\/www.africa-press.net\/djibouti\/politique\/le-ministre-de-lenergie-recoit-une-forte-delegation-de-lagence-francaise-de-developpement-afd\"]}]},{\"@type\":\"ImageObject\",\"inLanguage\":\"fr-FR\",\"@id\":\"https:\/\/www.africa-press.net\/djibouti\/politique\/le-ministre-de-lenergie-recoit-une-forte-delegation-de-lagence-francaise-de-developpement-afd#primaryimage\",\"url\":\"https:\/\/static.africa-press.net\/djibouti\/sites\/52\/2023\/09\/sm_1694608170.053195.jpg\",\"contentUrl\":\"https:\/\/static.africa-press.net\/djibouti\/sites\/52\/2023\/09\/sm_1694608170.053195.jpg\",\"width\":1008,\"height\":756,\"caption\":\"Le ministre de l\u2019Energie re\u00e7oit une forte d\u00e9l\u00e9gation de l\u2019Agence Fran\u00e7aise de D\u00e9veloppement (AFD)\"},{\"@type\":\"BreadcrumbList\",\"@id\":\"https:\/\/www.africa-press.net\/djibouti\/politique\/le-ministre-de-lenergie-recoit-une-forte-delegation-de-lagence-francaise-de-developpement-afd#breadcrumb\",\"itemListElement\":[{\"@type\":\"ListItem\",\"position\":1,\"name\":\"Accueil\",\"item\":\"https:\/\/www.africa-press.net\/djibouti\/\"},{\"@type\":\"ListItem\",\"position\":2,\"name\":\"Le ministre de l\u2019Energie re\u00e7oit une forte d\u00e9l\u00e9gation de l\u2019Agence Fran\u00e7aise de D\u00e9veloppement (AFD)\"}]},{\"@type\":\"WebSite\",\"@id\":\"https:\/\/www.africa-press.net\/djibouti\/#website\",\"url\":\"https:\/\/www.africa-press.net\/djibouti\/\",\"name\":\"Djibouti\",\"description\":\"Just another Africa News Agency Sites site\",\"potentialAction\":[{\"@type\":\"SearchAction\",\"target\":{\"@type\":\"EntryPoint\",\"urlTemplate\":\"https:\/\/www.africa-press.net\/djibouti\/?s={search_term_string}\"},\"query-input\":{\"@type\":\"PropertyValueSpecification\",\"valueRequired\":true,\"valueName\":\"search_term_string\"}}],\"inLanguage\":\"fr-FR\"},{\"@type\":\"Person\",\"@id\":\"https:\/\/www.africa-press.net\/djibouti\/#\/schema\/person\/2b1cf3cd81a31e3cd26889ca66d677f1\",\"name\":\"cfeditorfr\"}]}<\/script>\n<!-- \/ Yoast SEO Premium plugin. -->","yoast_head_json":{"title":"Le ministre de l\u2019Energie re\u00e7oit une forte d\u00e9l\u00e9gation de l\u2019Agence Fran\u00e7aise de D\u00e9veloppement (AFD) - Djibouti","description":"Le ministre de l\u2019Energie, charge\u0301 des Ressources Naturelles, M. Yonis Ali Guedi, a rec\u0327u hier dans son cabinet, une impo ...","robots":{"index":"index","follow":"follow","max-snippet":"max-snippet:-1","max-image-preview":"max-image-preview:large","max-video-preview":"max-video-preview:-1"},"canonical":"https:\/\/www.africa-press.net\/djibouti\/politique\/le-ministre-de-lenergie-recoit-une-forte-delegation-de-lagence-francaise-de-developpement-afd","og_locale":"fr_FR","og_type":"article","og_title":"Le ministre de l\u2019Energie re\u00e7oit une forte d\u00e9l\u00e9gation de l\u2019Agence Fran\u00e7aise de D\u00e9veloppement (AFD)","og_description":"Le ministre de l\u2019Energie, charge\u0301 des Ressources Naturelles, M. Yonis Ali Guedi, a rec\u0327u hier dans son cabinet, une impo ...","og_url":"https:\/\/www.africa-press.net\/djibouti\/politique\/le-ministre-de-lenergie-recoit-une-forte-delegation-de-lagence-francaise-de-developpement-afd","og_site_name":"Djibouti","article_published_time":"2023-09-13T15:18:47+00:00","article_modified_time":"2023-09-13T16:00:27+00:00","og_image":[{"width":1008,"height":756,"url":"https:\/\/static.africa-press.net\/djibouti\/sites\/52\/2023\/09\/sm_1694608170.053195.jpg","type":"image\/jpeg"}],"author":"cfeditorfr","twitter_card":"summary_large_image","twitter_misc":{"\u00c9crit par":"cfeditorfr","Dur\u00e9e de lecture estim\u00e9e":"8 minutes"},"schema":{"@context":"https:\/\/schema.org","@graph":[{"@type":"Article","@id":"https:\/\/www.africa-press.net\/djibouti\/politique\/le-ministre-de-lenergie-recoit-une-forte-delegation-de-lagence-francaise-de-developpement-afd#article","isPartOf":{"@id":"https:\/\/www.africa-press.net\/djibouti\/politique\/le-ministre-de-lenergie-recoit-une-forte-delegation-de-lagence-francaise-de-developpement-afd"},"author":{"name":"cfeditorfr","@id":"https:\/\/www.africa-press.net\/djibouti\/#\/schema\/person\/2b1cf3cd81a31e3cd26889ca66d677f1"},"headline":"Le ministre de l\u2019Energie re\u00e7oit une forte d\u00e9l\u00e9gation de l\u2019Agence Fran\u00e7aise de D\u00e9veloppement (AFD)","datePublished":"2023-09-13T15:18:47+00:00","dateModified":"2023-09-13T16:00:27+00:00","mainEntityOfPage":{"@id":"https:\/\/www.africa-press.net\/djibouti\/politique\/le-ministre-de-lenergie-recoit-une-forte-delegation-de-lagence-francaise-de-developpement-afd"},"wordCount":1796,"commentCount":0,"image":{"@id":"https:\/\/www.africa-press.net\/djibouti\/politique\/le-ministre-de-lenergie-recoit-une-forte-delegation-de-lagence-francaise-de-developpement-afd#primaryimage"},"thumbnailUrl":"https:\/\/static.africa-press.net\/djibouti\/sites\/52\/2023\/09\/sm_1694608170.053195.jpg","keywords":["Africa Press","Africa Press-Djibouti","Djibouti"],"articleSection":["Politique","Toutes les actualit\u00e9s"],"inLanguage":"fr-FR","potentialAction":[{"@type":"CommentAction","name":"Comment","target":["https:\/\/www.africa-press.net\/djibouti\/politique\/le-ministre-de-lenergie-recoit-une-forte-delegation-de-lagence-francaise-de-developpement-afd#respond"]}]},{"@type":"WebPage","@id":"https:\/\/www.africa-press.net\/djibouti\/politique\/le-ministre-de-lenergie-recoit-une-forte-delegation-de-lagence-francaise-de-developpement-afd","url":"https:\/\/www.africa-press.net\/djibouti\/politique\/le-ministre-de-lenergie-recoit-une-forte-delegation-de-lagence-francaise-de-developpement-afd","name":"Le ministre de l\u2019Energie re\u00e7oit une forte d\u00e9l\u00e9gation de l\u2019Agence Fran\u00e7aise de D\u00e9veloppement (AFD) - Djibouti","isPartOf":{"@id":"https:\/\/www.africa-press.net\/djibouti\/#website"},"primaryImageOfPage":{"@id":"https:\/\/www.africa-press.net\/djibouti\/politique\/le-ministre-de-lenergie-recoit-une-forte-delegation-de-lagence-francaise-de-developpement-afd#primaryimage"},"image":{"@id":"https:\/\/www.africa-press.net\/djibouti\/politique\/le-ministre-de-lenergie-recoit-une-forte-delegation-de-lagence-francaise-de-developpement-afd#primaryimage"},"thumbnailUrl":"https:\/\/static.africa-press.net\/djibouti\/sites\/52\/2023\/09\/sm_1694608170.053195.jpg","datePublished":"2023-09-13T15:18:47+00:00","dateModified":"2023-09-13T16:00:27+00:00","author":{"@id":"https:\/\/www.africa-press.net\/djibouti\/#\/schema\/person\/2b1cf3cd81a31e3cd26889ca66d677f1"},"description":"Le ministre de l\u2019Energie, charge\u0301 des Ressources Naturelles, M. Yonis Ali Guedi, a rec\u0327u hier dans son cabinet, une impo ...","breadcrumb":{"@id":"https:\/\/www.africa-press.net\/djibouti\/politique\/le-ministre-de-lenergie-recoit-une-forte-delegation-de-lagence-francaise-de-developpement-afd#breadcrumb"},"inLanguage":"fr-FR","potentialAction":[{"@type":"ReadAction","target":["https:\/\/www.africa-press.net\/djibouti\/politique\/le-ministre-de-lenergie-recoit-une-forte-delegation-de-lagence-francaise-de-developpement-afd"]}]},{"@type":"ImageObject","inLanguage":"fr-FR","@id":"https:\/\/www.africa-press.net\/djibouti\/politique\/le-ministre-de-lenergie-recoit-une-forte-delegation-de-lagence-francaise-de-developpement-afd#primaryimage","url":"https:\/\/static.africa-press.net\/djibouti\/sites\/52\/2023\/09\/sm_1694608170.053195.jpg","contentUrl":"https:\/\/static.africa-press.net\/djibouti\/sites\/52\/2023\/09\/sm_1694608170.053195.jpg","width":1008,"height":756,"caption":"Le ministre de l\u2019Energie re\u00e7oit une forte d\u00e9l\u00e9gation de l\u2019Agence Fran\u00e7aise de D\u00e9veloppement (AFD)"},{"@type":"BreadcrumbList","@id":"https:\/\/www.africa-press.net\/djibouti\/politique\/le-ministre-de-lenergie-recoit-une-forte-delegation-de-lagence-francaise-de-developpement-afd#breadcrumb","itemListElement":[{"@type":"ListItem","position":1,"name":"Accueil","item":"https:\/\/www.africa-press.net\/djibouti\/"},{"@type":"ListItem","position":2,"name":"Le ministre de l\u2019Energie re\u00e7oit une forte d\u00e9l\u00e9gation de l\u2019Agence Fran\u00e7aise de D\u00e9veloppement (AFD)"}]},{"@type":"WebSite","@id":"https:\/\/www.africa-press.net\/djibouti\/#website","url":"https:\/\/www.africa-press.net\/djibouti\/","name":"Djibouti","description":"Just another Africa News Agency Sites site","potentialAction":[{"@type":"SearchAction","target":{"@type":"EntryPoint","urlTemplate":"https:\/\/www.africa-press.net\/djibouti\/?s={search_term_string}"},"query-input":{"@type":"PropertyValueSpecification","valueRequired":true,"valueName":"search_term_string"}}],"inLanguage":"fr-FR"},{"@type":"Person","@id":"https:\/\/www.africa-press.net\/djibouti\/#\/schema\/person\/2b1cf3cd81a31e3cd26889ca66d677f1","name":"cfeditorfr"}]}},"_links":{"self":[{"href":"https:\/\/www.africa-press.net\/djibouti\/wp-json\/wp\/v2\/posts\/17782","targetHints":{"allow":["GET"]}}],"collection":[{"href":"https:\/\/www.africa-press.net\/djibouti\/wp-json\/wp\/v2\/posts"}],"about":[{"href":"https:\/\/www.africa-press.net\/djibouti\/wp-json\/wp\/v2\/types\/post"}],"author":[{"embeddable":true,"href":"https:\/\/www.africa-press.net\/djibouti\/wp-json\/wp\/v2\/users\/82"}],"replies":[{"embeddable":true,"href":"https:\/\/www.africa-press.net\/djibouti\/wp-json\/wp\/v2\/comments?post=17782"}],"version-history":[{"count":0,"href":"https:\/\/www.africa-press.net\/djibouti\/wp-json\/wp\/v2\/posts\/17782\/revisions"}],"wp:featuredmedia":[{"embeddable":true,"href":"https:\/\/www.africa-press.net\/djibouti\/wp-json\/wp\/v2\/media\/17781"}],"wp:attachment":[{"href":"https:\/\/www.africa-press.net\/djibouti\/wp-json\/wp\/v2\/media?parent=17782"}],"wp:term":[{"taxonomy":"category","embeddable":true,"href":"https:\/\/www.africa-press.net\/djibouti\/wp-json\/wp\/v2\/categories?post=17782"},{"taxonomy":"post_tag","embeddable":true,"href":"https:\/\/www.africa-press.net\/djibouti\/wp-json\/wp\/v2\/tags?post=17782"}],"curies":[{"name":"wp","href":"https:\/\/api.w.org\/{rel}","templated":true}]}}