{"id":17823,"date":"2023-09-14T13:34:44","date_gmt":"2023-09-14T13:34:44","guid":{"rendered":"https:\/\/www.africa-press.net\/djibouti\/politique\/le-president-de-lassemblee-nationale-recoit-une-delegation-parlementaire-de-la-republique-federale-de-somalie"},"modified":"2023-09-14T14:37:17","modified_gmt":"2023-09-14T14:37:17","slug":"le-president-de-lassemblee-nationale-recoit-une-delegation-parlementaire-de-la-republique-federale-de-somalie","status":"publish","type":"post","link":"https:\/\/www.africa-press.net\/djibouti\/politique\/le-president-de-lassemblee-nationale-recoit-une-delegation-parlementaire-de-la-republique-federale-de-somalie","title":{"rendered":"Le pr\u00e9sident de l\u2019Assembl\u00e9e nationale re\u00e7oit une d\u00e9l\u00e9gation parlementaire de la r\u00e9publique f\u00e9d\u00e9rale de Somalie"},"content":{"rendered":"<p><span style=\"color: #ff6600\"><strong>Africa-Press &#8211; Djibouti. <\/strong><\/span>Le pre\u0301sident de l\u2019Assemble\u0301e nationale, Dileita Mohamed Dileita, a rec\u0327u ce matin une de\u0301le\u0301gation parlementaire de la re\u0301publique fe\u0301de\u0301rale de Somalie, conduite par la vice-pre\u0301sidente de la commission des ressources du parlement somalien, Marwa Abdi[1]bashir Hagi.<\/p>\n<p>Candidate a\u0300 la pre\u0301sidence de l\u2019Union interparlementaire (UiP) lors des e\u0301lections pre\u0301vues a\u0300 la 212e session du conseil directeur a\u0300 Luanda (Angola), Mme Marwa Abdibashir, a rappele\u0301 au cours de l\u2019entretien, les liens de fraternite\u0301 entre les peuples de Djibouti et de Somalie qui, a-t-elle dit, ont en partage une me\u0302me langue, une me\u0302me culture et des traditions ancestrales identiques.<\/p>\n<p>Cette entrevue fut e\u0301galement l\u2019occasion pour la candidate somalienne de solliciter le soutien et l\u2019appui du parlement djiboutien et particulie\u0300rement de son pre\u0301sident, Dileita Mohamed Dileita.<\/p>\n<p>Prenant la parole a\u0300 son tour, le pre\u0301sident Dileita Mohamed Dileita a re\u0301affirme\u0301 toute l\u2019amitie\u0301 et les relations se\u0301culaires existant entre les deux peuples. Il s\u2019est dit dispose\u0301 a\u0300 renforcer davantage les relations de coope\u0301ration entre les institutions parlementaires des deux nations s\u0153urs.<\/p>\n<p>L\u2019audience a vu la participation des de\u0301pute\u0301s Safia Elmi Djibril, premie\u0300re vice-pre\u0301sidente, Nimo Boulhan, chef de de\u0301le\u0301gation de la section djiboutienne de l\u2019UiP, et Saleban Daher, membre du bureau de l\u2019Assemble\u0301e nationale, ainsi que du directeur de cabinet du chef de l\u2019he\u0301micycle.<\/p>\n<p>Le pre\u0301sident de l\u2019Assemble\u0301e nationale, Dileita Mohamed Dileita, a rec\u0327u ce matin une de\u0301le\u0301gation parlementaire de la re\u0301publique fe\u0301de\u0301rale de Somalie, conduite par la vice-pre\u0301sidente de la commission des ressources du parlement somalien, Marwa Abdi[1]bashir Hagi.<\/p>\n<p>Candidate a\u0300 la pre\u0301sidence de l\u2019Union interparlementaire (UiP) lors des e\u0301lections pre\u0301vues a\u0300 la 212e session du conseil directeur a\u0300 Luanda (Angola), Mme Marwa Abdibashir, a rappele\u0301 au cours de l\u2019entretien, les liens de fraternite\u0301 entre les peuples de Djibouti et de Somalie qui, a-t-elle dit, ont en partage une me\u0302me langue, une me\u0302me culture et des traditions ancestrales identiques.<\/p>\n<p>Cette entrevue fut e\u0301galement l\u2019occasion pour la candidate somalienne de solliciter le soutien et l\u2019appui du parlement djiboutien et particulie\u0300rement de son pre\u0301sident, Dileita Mohamed Dileita.<\/p>\n<p>Prenant la parole a\u0300 son tour, le pre\u0301sident Dileita Mohamed Dileita a re\u0301affirme\u0301 toute l\u2019amitie\u0301 et les relations se\u0301culaires existant entre les deux peuples. Il s\u2019est dit dispose\u0301 a\u0300 renforcer davantage les relations de coope\u0301ration entre les institutions parlementaires des deux nations s\u0153urs.<\/p>\n<p>L\u2019audience a vu la participation des de\u0301pute\u0301s Safia Elmi Djibril, premie\u0300re vice-pre\u0301sidente, Nimo Boulhan, chef de de\u0301le\u0301gation de la section djiboutienne de l\u2019UiP, et Saleban Daher, membre du bureau de l\u2019Assemble\u0301e nationale, ainsi que du directeur de cabinet du chef de l\u2019he\u0301micycle.<\/p>\n<p><strong>Pour plus d&rsquo;informations et d&rsquo;analyses sur la <a href=\"https:\/\/www.africa-press.net\/djibouti\">Djibouti<\/a>, suivez <a href=\"https:\/\/www.africa-press.net\/\">Africa-Press<\/a><\/strong><\/p>\n","protected":false},"excerpt":{"rendered":"<p>Africa-Press &#8211; Djibouti. Le pre\u0301sident de l\u2019Assemble\u0301e nationale, Dileita Mohamed Dileita, a rec\u0327u ce matin une de\u0301le\u0301gation parlementaire de la re\u0301publique fe\u0301de\u0301rale de Somalie, conduite par la vice-pre\u0301sidente de la commission des ressources du parlement somalien, Marwa Abdi[1]bashir Hagi. Candidate a\u0300 la pre\u0301sidence de l\u2019Union interparlementaire (UiP) lors des e\u0301lections pre\u0301vues a\u0300 la 212e session [&hellip;]<\/p>\n","protected":false},"author":82,"featured_media":17822,"comment_status":"open","ping_status":"closed","sticky":false,"template":"","format":"standard","meta":{"footnotes":""},"categories":[2,20,10],"tags":[36,49,50],"class_list":["post-17823","post","type-post","status-publish","format-standard","has-post-thumbnail","hentry","category-politique","category-top-nouvelles","category-toutes-les-actualites","tag-africa-press","tag-africa-press-djibouti","tag-djibouti"],"yoast_head":"<!-- This site is optimized with the Yoast SEO Premium plugin v26.1 (Yoast SEO v27.0) - https:\/\/yoast.com\/product\/yoast-seo-premium-wordpress\/ -->\n<title>Le pr\u00e9sident de l\u2019Assembl\u00e9e nationale re\u00e7oit une d\u00e9l\u00e9gation parlementaire de la r\u00e9publique f\u00e9d\u00e9rale de Somalie - Djibouti<\/title>\n<meta name=\"description\" content=\"Le pre\u0301sident de l\u2019Assemble\u0301e nationale, Dileita Mohamed Dileita, a rec\u0327u ce matin une de\u0301le\u0301gation parlementaire de la ...\" \/>\n<meta name=\"robots\" content=\"index, follow, max-snippet:-1, max-image-preview:large, max-video-preview:-1\" \/>\n<link rel=\"canonical\" href=\"https:\/\/www.africa-press.net\/djibouti\/politique\/le-president-de-lassemblee-nationale-recoit-une-delegation-parlementaire-de-la-republique-federale-de-somalie\" \/>\n<meta property=\"og:locale\" content=\"fr_FR\" \/>\n<meta property=\"og:type\" content=\"article\" \/>\n<meta property=\"og:title\" content=\"Le pr\u00e9sident de l\u2019Assembl\u00e9e nationale re\u00e7oit une d\u00e9l\u00e9gation parlementaire de la r\u00e9publique f\u00e9d\u00e9rale de Somalie\" \/>\n<meta property=\"og:description\" content=\"Le pre\u0301sident de l\u2019Assemble\u0301e nationale, Dileita Mohamed Dileita, a rec\u0327u ce matin une de\u0301le\u0301gation parlementaire de la ...\" \/>\n<meta property=\"og:url\" content=\"https:\/\/www.africa-press.net\/djibouti\/politique\/le-president-de-lassemblee-nationale-recoit-une-delegation-parlementaire-de-la-republique-federale-de-somalie\" \/>\n<meta property=\"og:site_name\" content=\"Djibouti\" \/>\n<meta property=\"article:published_time\" content=\"2023-09-14T13:34:44+00:00\" \/>\n<meta property=\"article:modified_time\" content=\"2023-09-14T14:37:17+00:00\" \/>\n<meta property=\"og:image\" content=\"https:\/\/static.africa-press.net\/djibouti\/sites\/52\/2023\/09\/sm_1694689562.131386.jpg\" \/>\n\t<meta property=\"og:image:width\" content=\"1080\" \/>\n\t<meta property=\"og:image:height\" content=\"720\" \/>\n\t<meta property=\"og:image:type\" content=\"image\/jpeg\" \/>\n<meta name=\"author\" content=\"cfeditorfr\" \/>\n<meta name=\"twitter:card\" content=\"summary_large_image\" \/>\n<meta name=\"twitter:label1\" content=\"\u00c9crit par\" \/>\n\t<meta name=\"twitter:data1\" content=\"cfeditorfr\" \/>\n\t<meta name=\"twitter:label2\" content=\"Dur\u00e9e de lecture estim\u00e9e\" \/>\n\t<meta name=\"twitter:data2\" content=\"3 minutes\" \/>\n<script type=\"application\/ld+json\" class=\"yoast-schema-graph\">{\"@context\":\"https:\/\/schema.org\",\"@graph\":[{\"@type\":\"Article\",\"@id\":\"https:\/\/www.africa-press.net\/djibouti\/politique\/le-president-de-lassemblee-nationale-recoit-une-delegation-parlementaire-de-la-republique-federale-de-somalie#article\",\"isPartOf\":{\"@id\":\"https:\/\/www.africa-press.net\/djibouti\/politique\/le-president-de-lassemblee-nationale-recoit-une-delegation-parlementaire-de-la-republique-federale-de-somalie\"},\"author\":{\"name\":\"cfeditorfr\",\"@id\":\"https:\/\/www.africa-press.net\/djibouti\/#\/schema\/person\/2b1cf3cd81a31e3cd26889ca66d677f1\"},\"headline\":\"Le pr\u00e9sident de l\u2019Assembl\u00e9e nationale re\u00e7oit une d\u00e9l\u00e9gation parlementaire de la r\u00e9publique f\u00e9d\u00e9rale de Somalie\",\"datePublished\":\"2023-09-14T13:34:44+00:00\",\"dateModified\":\"2023-09-14T14:37:17+00:00\",\"mainEntityOfPage\":{\"@id\":\"https:\/\/www.africa-press.net\/djibouti\/politique\/le-president-de-lassemblee-nationale-recoit-une-delegation-parlementaire-de-la-republique-federale-de-somalie\"},\"wordCount\":537,\"commentCount\":0,\"image\":{\"@id\":\"https:\/\/www.africa-press.net\/djibouti\/politique\/le-president-de-lassemblee-nationale-recoit-une-delegation-parlementaire-de-la-republique-federale-de-somalie#primaryimage\"},\"thumbnailUrl\":\"https:\/\/static.africa-press.net\/djibouti\/sites\/52\/2023\/09\/sm_1694689562.131386.jpg\",\"keywords\":[\"Africa Press\",\"Africa Press-Djibouti\",\"Djibouti\"],\"articleSection\":[\"Politique\",\"Top Nouvelles\",\"Toutes les actualit\u00e9s\"],\"inLanguage\":\"fr-FR\",\"potentialAction\":[{\"@type\":\"CommentAction\",\"name\":\"Comment\",\"target\":[\"https:\/\/www.africa-press.net\/djibouti\/politique\/le-president-de-lassemblee-nationale-recoit-une-delegation-parlementaire-de-la-republique-federale-de-somalie#respond\"]}]},{\"@type\":\"WebPage\",\"@id\":\"https:\/\/www.africa-press.net\/djibouti\/politique\/le-president-de-lassemblee-nationale-recoit-une-delegation-parlementaire-de-la-republique-federale-de-somalie\",\"url\":\"https:\/\/www.africa-press.net\/djibouti\/politique\/le-president-de-lassemblee-nationale-recoit-une-delegation-parlementaire-de-la-republique-federale-de-somalie\",\"name\":\"Le pr\u00e9sident de l\u2019Assembl\u00e9e nationale re\u00e7oit une d\u00e9l\u00e9gation parlementaire de la r\u00e9publique f\u00e9d\u00e9rale de Somalie - Djibouti\",\"isPartOf\":{\"@id\":\"https:\/\/www.africa-press.net\/djibouti\/#website\"},\"primaryImageOfPage\":{\"@id\":\"https:\/\/www.africa-press.net\/djibouti\/politique\/le-president-de-lassemblee-nationale-recoit-une-delegation-parlementaire-de-la-republique-federale-de-somalie#primaryimage\"},\"image\":{\"@id\":\"https:\/\/www.africa-press.net\/djibouti\/politique\/le-president-de-lassemblee-nationale-recoit-une-delegation-parlementaire-de-la-republique-federale-de-somalie#primaryimage\"},\"thumbnailUrl\":\"https:\/\/static.africa-press.net\/djibouti\/sites\/52\/2023\/09\/sm_1694689562.131386.jpg\",\"datePublished\":\"2023-09-14T13:34:44+00:00\",\"dateModified\":\"2023-09-14T14:37:17+00:00\",\"author\":{\"@id\":\"https:\/\/www.africa-press.net\/djibouti\/#\/schema\/person\/2b1cf3cd81a31e3cd26889ca66d677f1\"},\"description\":\"Le pre\u0301sident de l\u2019Assemble\u0301e nationale, Dileita Mohamed Dileita, a rec\u0327u ce matin une de\u0301le\u0301gation parlementaire de la ...\",\"breadcrumb\":{\"@id\":\"https:\/\/www.africa-press.net\/djibouti\/politique\/le-president-de-lassemblee-nationale-recoit-une-delegation-parlementaire-de-la-republique-federale-de-somalie#breadcrumb\"},\"inLanguage\":\"fr-FR\",\"potentialAction\":[{\"@type\":\"ReadAction\",\"target\":[\"https:\/\/www.africa-press.net\/djibouti\/politique\/le-president-de-lassemblee-nationale-recoit-une-delegation-parlementaire-de-la-republique-federale-de-somalie\"]}]},{\"@type\":\"ImageObject\",\"inLanguage\":\"fr-FR\",\"@id\":\"https:\/\/www.africa-press.net\/djibouti\/politique\/le-president-de-lassemblee-nationale-recoit-une-delegation-parlementaire-de-la-republique-federale-de-somalie#primaryimage\",\"url\":\"https:\/\/static.africa-press.net\/djibouti\/sites\/52\/2023\/09\/sm_1694689562.131386.jpg\",\"contentUrl\":\"https:\/\/static.africa-press.net\/djibouti\/sites\/52\/2023\/09\/sm_1694689562.131386.jpg\",\"width\":1080,\"height\":720,\"caption\":\"Le pr\u00e9sident de l\u2019Assembl\u00e9e nationale re\u00e7oit une d\u00e9l\u00e9gation parlementaire de la r\u00e9publique f\u00e9d\u00e9rale de Somalie\"},{\"@type\":\"BreadcrumbList\",\"@id\":\"https:\/\/www.africa-press.net\/djibouti\/politique\/le-president-de-lassemblee-nationale-recoit-une-delegation-parlementaire-de-la-republique-federale-de-somalie#breadcrumb\",\"itemListElement\":[{\"@type\":\"ListItem\",\"position\":1,\"name\":\"Accueil\",\"item\":\"https:\/\/www.africa-press.net\/djibouti\/\"},{\"@type\":\"ListItem\",\"position\":2,\"name\":\"Le pr\u00e9sident de l\u2019Assembl\u00e9e nationale re\u00e7oit une d\u00e9l\u00e9gation parlementaire de la r\u00e9publique f\u00e9d\u00e9rale de Somalie\"}]},{\"@type\":\"WebSite\",\"@id\":\"https:\/\/www.africa-press.net\/djibouti\/#website\",\"url\":\"https:\/\/www.africa-press.net\/djibouti\/\",\"name\":\"Djibouti\",\"description\":\"Just another Africa News Agency Sites site\",\"potentialAction\":[{\"@type\":\"SearchAction\",\"target\":{\"@type\":\"EntryPoint\",\"urlTemplate\":\"https:\/\/www.africa-press.net\/djibouti\/?s={search_term_string}\"},\"query-input\":{\"@type\":\"PropertyValueSpecification\",\"valueRequired\":true,\"valueName\":\"search_term_string\"}}],\"inLanguage\":\"fr-FR\"},{\"@type\":\"Person\",\"@id\":\"https:\/\/www.africa-press.net\/djibouti\/#\/schema\/person\/2b1cf3cd81a31e3cd26889ca66d677f1\",\"name\":\"cfeditorfr\"}]}<\/script>\n<!-- \/ Yoast SEO Premium plugin. -->","yoast_head_json":{"title":"Le pr\u00e9sident de l\u2019Assembl\u00e9e nationale re\u00e7oit une d\u00e9l\u00e9gation parlementaire de la r\u00e9publique f\u00e9d\u00e9rale de Somalie - Djibouti","description":"Le pre\u0301sident de l\u2019Assemble\u0301e nationale, Dileita Mohamed Dileita, a rec\u0327u ce matin une de\u0301le\u0301gation parlementaire de la ...","robots":{"index":"index","follow":"follow","max-snippet":"max-snippet:-1","max-image-preview":"max-image-preview:large","max-video-preview":"max-video-preview:-1"},"canonical":"https:\/\/www.africa-press.net\/djibouti\/politique\/le-president-de-lassemblee-nationale-recoit-une-delegation-parlementaire-de-la-republique-federale-de-somalie","og_locale":"fr_FR","og_type":"article","og_title":"Le pr\u00e9sident de l\u2019Assembl\u00e9e nationale re\u00e7oit une d\u00e9l\u00e9gation parlementaire de la r\u00e9publique f\u00e9d\u00e9rale de Somalie","og_description":"Le pre\u0301sident de l\u2019Assemble\u0301e nationale, Dileita Mohamed Dileita, a rec\u0327u ce matin une de\u0301le\u0301gation parlementaire de la ...","og_url":"https:\/\/www.africa-press.net\/djibouti\/politique\/le-president-de-lassemblee-nationale-recoit-une-delegation-parlementaire-de-la-republique-federale-de-somalie","og_site_name":"Djibouti","article_published_time":"2023-09-14T13:34:44+00:00","article_modified_time":"2023-09-14T14:37:17+00:00","og_image":[{"width":1080,"height":720,"url":"https:\/\/static.africa-press.net\/djibouti\/sites\/52\/2023\/09\/sm_1694689562.131386.jpg","type":"image\/jpeg"}],"author":"cfeditorfr","twitter_card":"summary_large_image","twitter_misc":{"\u00c9crit par":"cfeditorfr","Dur\u00e9e de lecture estim\u00e9e":"3 minutes"},"schema":{"@context":"https:\/\/schema.org","@graph":[{"@type":"Article","@id":"https:\/\/www.africa-press.net\/djibouti\/politique\/le-president-de-lassemblee-nationale-recoit-une-delegation-parlementaire-de-la-republique-federale-de-somalie#article","isPartOf":{"@id":"https:\/\/www.africa-press.net\/djibouti\/politique\/le-president-de-lassemblee-nationale-recoit-une-delegation-parlementaire-de-la-republique-federale-de-somalie"},"author":{"name":"cfeditorfr","@id":"https:\/\/www.africa-press.net\/djibouti\/#\/schema\/person\/2b1cf3cd81a31e3cd26889ca66d677f1"},"headline":"Le pr\u00e9sident de l\u2019Assembl\u00e9e nationale re\u00e7oit une d\u00e9l\u00e9gation parlementaire de la r\u00e9publique f\u00e9d\u00e9rale de Somalie","datePublished":"2023-09-14T13:34:44+00:00","dateModified":"2023-09-14T14:37:17+00:00","mainEntityOfPage":{"@id":"https:\/\/www.africa-press.net\/djibouti\/politique\/le-president-de-lassemblee-nationale-recoit-une-delegation-parlementaire-de-la-republique-federale-de-somalie"},"wordCount":537,"commentCount":0,"image":{"@id":"https:\/\/www.africa-press.net\/djibouti\/politique\/le-president-de-lassemblee-nationale-recoit-une-delegation-parlementaire-de-la-republique-federale-de-somalie#primaryimage"},"thumbnailUrl":"https:\/\/static.africa-press.net\/djibouti\/sites\/52\/2023\/09\/sm_1694689562.131386.jpg","keywords":["Africa Press","Africa Press-Djibouti","Djibouti"],"articleSection":["Politique","Top Nouvelles","Toutes les actualit\u00e9s"],"inLanguage":"fr-FR","potentialAction":[{"@type":"CommentAction","name":"Comment","target":["https:\/\/www.africa-press.net\/djibouti\/politique\/le-president-de-lassemblee-nationale-recoit-une-delegation-parlementaire-de-la-republique-federale-de-somalie#respond"]}]},{"@type":"WebPage","@id":"https:\/\/www.africa-press.net\/djibouti\/politique\/le-president-de-lassemblee-nationale-recoit-une-delegation-parlementaire-de-la-republique-federale-de-somalie","url":"https:\/\/www.africa-press.net\/djibouti\/politique\/le-president-de-lassemblee-nationale-recoit-une-delegation-parlementaire-de-la-republique-federale-de-somalie","name":"Le pr\u00e9sident de l\u2019Assembl\u00e9e nationale re\u00e7oit une d\u00e9l\u00e9gation parlementaire de la r\u00e9publique f\u00e9d\u00e9rale de Somalie - Djibouti","isPartOf":{"@id":"https:\/\/www.africa-press.net\/djibouti\/#website"},"primaryImageOfPage":{"@id":"https:\/\/www.africa-press.net\/djibouti\/politique\/le-president-de-lassemblee-nationale-recoit-une-delegation-parlementaire-de-la-republique-federale-de-somalie#primaryimage"},"image":{"@id":"https:\/\/www.africa-press.net\/djibouti\/politique\/le-president-de-lassemblee-nationale-recoit-une-delegation-parlementaire-de-la-republique-federale-de-somalie#primaryimage"},"thumbnailUrl":"https:\/\/static.africa-press.net\/djibouti\/sites\/52\/2023\/09\/sm_1694689562.131386.jpg","datePublished":"2023-09-14T13:34:44+00:00","dateModified":"2023-09-14T14:37:17+00:00","author":{"@id":"https:\/\/www.africa-press.net\/djibouti\/#\/schema\/person\/2b1cf3cd81a31e3cd26889ca66d677f1"},"description":"Le pre\u0301sident de l\u2019Assemble\u0301e nationale, Dileita Mohamed Dileita, a rec\u0327u ce matin une de\u0301le\u0301gation parlementaire de la ...","breadcrumb":{"@id":"https:\/\/www.africa-press.net\/djibouti\/politique\/le-president-de-lassemblee-nationale-recoit-une-delegation-parlementaire-de-la-republique-federale-de-somalie#breadcrumb"},"inLanguage":"fr-FR","potentialAction":[{"@type":"ReadAction","target":["https:\/\/www.africa-press.net\/djibouti\/politique\/le-president-de-lassemblee-nationale-recoit-une-delegation-parlementaire-de-la-republique-federale-de-somalie"]}]},{"@type":"ImageObject","inLanguage":"fr-FR","@id":"https:\/\/www.africa-press.net\/djibouti\/politique\/le-president-de-lassemblee-nationale-recoit-une-delegation-parlementaire-de-la-republique-federale-de-somalie#primaryimage","url":"https:\/\/static.africa-press.net\/djibouti\/sites\/52\/2023\/09\/sm_1694689562.131386.jpg","contentUrl":"https:\/\/static.africa-press.net\/djibouti\/sites\/52\/2023\/09\/sm_1694689562.131386.jpg","width":1080,"height":720,"caption":"Le pr\u00e9sident de l\u2019Assembl\u00e9e nationale re\u00e7oit une d\u00e9l\u00e9gation parlementaire de la r\u00e9publique f\u00e9d\u00e9rale de Somalie"},{"@type":"BreadcrumbList","@id":"https:\/\/www.africa-press.net\/djibouti\/politique\/le-president-de-lassemblee-nationale-recoit-une-delegation-parlementaire-de-la-republique-federale-de-somalie#breadcrumb","itemListElement":[{"@type":"ListItem","position":1,"name":"Accueil","item":"https:\/\/www.africa-press.net\/djibouti\/"},{"@type":"ListItem","position":2,"name":"Le pr\u00e9sident de l\u2019Assembl\u00e9e nationale re\u00e7oit une d\u00e9l\u00e9gation parlementaire de la r\u00e9publique f\u00e9d\u00e9rale de Somalie"}]},{"@type":"WebSite","@id":"https:\/\/www.africa-press.net\/djibouti\/#website","url":"https:\/\/www.africa-press.net\/djibouti\/","name":"Djibouti","description":"Just another Africa News Agency Sites site","potentialAction":[{"@type":"SearchAction","target":{"@type":"EntryPoint","urlTemplate":"https:\/\/www.africa-press.net\/djibouti\/?s={search_term_string}"},"query-input":{"@type":"PropertyValueSpecification","valueRequired":true,"valueName":"search_term_string"}}],"inLanguage":"fr-FR"},{"@type":"Person","@id":"https:\/\/www.africa-press.net\/djibouti\/#\/schema\/person\/2b1cf3cd81a31e3cd26889ca66d677f1","name":"cfeditorfr"}]}},"_links":{"self":[{"href":"https:\/\/www.africa-press.net\/djibouti\/wp-json\/wp\/v2\/posts\/17823","targetHints":{"allow":["GET"]}}],"collection":[{"href":"https:\/\/www.africa-press.net\/djibouti\/wp-json\/wp\/v2\/posts"}],"about":[{"href":"https:\/\/www.africa-press.net\/djibouti\/wp-json\/wp\/v2\/types\/post"}],"author":[{"embeddable":true,"href":"https:\/\/www.africa-press.net\/djibouti\/wp-json\/wp\/v2\/users\/82"}],"replies":[{"embeddable":true,"href":"https:\/\/www.africa-press.net\/djibouti\/wp-json\/wp\/v2\/comments?post=17823"}],"version-history":[{"count":0,"href":"https:\/\/www.africa-press.net\/djibouti\/wp-json\/wp\/v2\/posts\/17823\/revisions"}],"wp:featuredmedia":[{"embeddable":true,"href":"https:\/\/www.africa-press.net\/djibouti\/wp-json\/wp\/v2\/media\/17822"}],"wp:attachment":[{"href":"https:\/\/www.africa-press.net\/djibouti\/wp-json\/wp\/v2\/media?parent=17823"}],"wp:term":[{"taxonomy":"category","embeddable":true,"href":"https:\/\/www.africa-press.net\/djibouti\/wp-json\/wp\/v2\/categories?post=17823"},{"taxonomy":"post_tag","embeddable":true,"href":"https:\/\/www.africa-press.net\/djibouti\/wp-json\/wp\/v2\/tags?post=17823"}],"curies":[{"name":"wp","href":"https:\/\/api.w.org\/{rel}","templated":true}]}}