{"id":17867,"date":"2023-09-15T17:50:48","date_gmt":"2023-09-15T17:50:48","guid":{"rendered":"https:\/\/www.africa-press.net\/djibouti\/politique\/le-ministre-de-lagriculture-preside-une-reunion-axee-sur-le-projet-dembellissement-de-la-ville-de-djibouti"},"modified":"2023-09-15T18:39:14","modified_gmt":"2023-09-15T18:39:14","slug":"le-ministre-de-lagriculture-preside-une-reunion-axee-sur-le-projet-dembellissement-de-la-ville-de-djibouti","status":"publish","type":"post","link":"https:\/\/www.africa-press.net\/djibouti\/politique\/le-ministre-de-lagriculture-preside-une-reunion-axee-sur-le-projet-dembellissement-de-la-ville-de-djibouti","title":{"rendered":"Le ministre de l\u2019Agriculture pr\u00e9side une r\u00e9union ax\u00e9e sur le projet d&#8217;embellissement de la ville de Djibouti"},"content":{"rendered":"<p><span style=\"color: #ff6600\"><strong>Africa-Press &#8211; Djibouti. <\/strong><\/span>Le ministre de l\u2019Agriculture, de l\u2019Eau, de la Pe\u0302che, de l\u2019Elevage et des Ressources Halieutiques, M. Mohamed Ahmed Awaleh, a pre\u0301side\u0301 ce jeudi une re\u0301union axe\u0301e sur le projet d&#8217;embellissement de la ville de Djibouti.<\/p>\n<p>La re\u0301union a vu la pre\u0301sence du maire de la ville de Djibouti, M. Said Daoud Mohamed, du pre\u0301fet de la ville, M. Abdi Sikieh Kayad, ainsi que les pre\u0301sidents de communes et les sous-pre\u0301fets.<\/p>\n<p>L&rsquo;ordre du jour de cette re\u0301union e\u0301tait axe\u0301 sur le projet d&#8217;embellissement de la ville de Djibouti en mettant particulie\u0300rement l&rsquo;accent sur plantation d&rsquo;arbres, une initiative a\u0300 embellir l&rsquo;espace urbain et a\u0300 le rendre plus conforme aux enjeux environnementaux.<\/p>\n<p>Cette initiative a pour objectif le lancement d&rsquo;un projet de plantation d&rsquo;arbres visant a\u0300 pre\u0301server l&rsquo;environnement et a\u0300 ame\u0301liorer la qualite\u0301 de vie de nos concitoyens.<\/p>\n<p>La Re\u0301publique de Djibouti est riche en histoire, en culture diversifie\u0301e et en population dynamique.<\/p>\n<p>Cependant, comme de nombreuses villes dans le monde, la capitale est confronte\u0301e a\u0300 des de\u0301fis environnementaux tels que le changement climatique, la perte de biodiversite\u0301 et la de\u0301gradation des ressources naturelles.<\/p>\n<p>La plantation d&rsquo;arbres est l&rsquo;une des actions les plus efficaces pour atte\u0301nuer les effets du changement climatique.<\/p>\n<p>Les arbres absorbent le dioxyde de carbone de l&rsquo;atmosphe\u0300re, libe\u0301rant de l&rsquo;oxyge\u0300ne en retour, ce qui contribue a\u0300 re\u0301duire les e\u0301missions de gaz a\u0300 effet de serre.<\/p>\n<p>De plus, ils fournissent de l&rsquo;ombre, re\u0301gulent la tempe\u0301rature locale et ame\u0301liorent la qualite\u0301 de l&rsquo;air.<\/p>\n<p>Il faut souligner que la participation active du ministe\u0300re de l&rsquo;Agriculture apporte un soutien technique et une expertise essentiels pour garantir le succe\u0300s de ce projet.<\/p>\n<p>Cette collaboration entre le gouvernement et l&rsquo;administration municipale est cruciale pour mener a\u0300 bien des projets d&rsquo;une telle envergure.<\/p>\n<p>La plantation d&rsquo;arbres ne concerne pas seulement la municipalite\u0301, mais l&rsquo;ensemble de notre ville.<\/p>\n<p>\u00ab\u00a0Nous devons travailler ensemble pour cre\u0301er un environnement plus sain et plus verdoyant, au be\u0301ne\u0301fice de tous nos concitoyens\u00a0\u00bb, a affirme\u0301 le pre\u0301fet de Djibouti, M. Abdi Sikieh Kayad.<\/p>\n<p>\u00ab\u00a0Prochainement a t-il dit, nos e\u0301quipes organiseront des campagnes de sensibilisation et de plantation d&rsquo;arbres \u00a0\u00bb GREEN CITY \u00a0\u00bb dans diffe\u0301rents quartiers de la ville.<\/p>\n<p>\u00ab\u00a0Nous invitons chaleureusement tous les habitants de Djibouti a\u0300 se joindre a\u0300 nous dans cette entreprise. Chaque arbre que nous planterons repre\u0301sente un pas de plus vers un avenir plus durable pour notre ville et notre plane\u0300te\u00a0\u00bb, a-t-il enfin ajoute\u0301.<\/p>\n<p>Le ministre de l\u2019Agriculture, de l\u2019Eau, de la Pe\u0302che, de l\u2019Elevage et des Ressources Halieutiques, M. Mohamed Ahmed Awaleh, a pre\u0301side\u0301 ce jeudi une re\u0301union axe\u0301e sur le projet d&#8217;embellissement de la ville de Djibouti.<\/p>\n<p>La re\u0301union a vu la pre\u0301sence du maire de la ville de Djibouti, M. Said Daoud Mohamed, du pre\u0301fet de la ville, M. Abdi Sikieh Kayad, ainsi que les pre\u0301sidents de communes et les sous-pre\u0301fets.<\/p>\n<p>L&rsquo;ordre du jour de cette re\u0301union e\u0301tait axe\u0301 sur le projet d&#8217;embellissement de la ville de Djibouti en mettant particulie\u0300rement l&rsquo;accent sur plantation d&rsquo;arbres, une initiative a\u0300 embellir l&rsquo;espace urbain et a\u0300 le rendre plus conforme aux enjeux environnementaux.<\/p>\n<p>Cette initiative a pour objectif le lancement d&rsquo;un projet de plantation d&rsquo;arbres visant a\u0300 pre\u0301server l&rsquo;environnement et a\u0300 ame\u0301liorer la qualite\u0301 de vie de nos concitoyens.<\/p>\n<p>La Re\u0301publique de Djibouti est riche en histoire, en culture diversifie\u0301e et en population dynamique.<\/p>\n<p>Cependant, comme de nombreuses villes dans le monde, la capitale est confronte\u0301e a\u0300 des de\u0301fis environnementaux tels que le changement climatique, la perte de biodiversite\u0301 et la de\u0301gradation des ressources naturelles.<\/p>\n<p>La plantation d&rsquo;arbres est l&rsquo;une des actions les plus efficaces pour atte\u0301nuer les effets du changement climatique.<\/p>\n<p>Les arbres absorbent le dioxyde de carbone de l&rsquo;atmosphe\u0300re, libe\u0301rant de l&rsquo;oxyge\u0300ne en retour, ce qui contribue a\u0300 re\u0301duire les e\u0301missions de gaz a\u0300 effet de serre.<\/p>\n<p>De plus, ils fournissent de l&rsquo;ombre, re\u0301gulent la tempe\u0301rature locale et ame\u0301liorent la qualite\u0301 de l&rsquo;air.<\/p>\n<p>Il faut souligner que la participation active du ministe\u0300re de l&rsquo;Agriculture apporte un soutien technique et une expertise essentiels pour garantir le succe\u0300s de ce projet.<\/p>\n<p>Cette collaboration entre le gouvernement et l&rsquo;administration municipale est cruciale pour mener a\u0300 bien des projets d&rsquo;une telle envergure.<\/p>\n<p>La plantation d&rsquo;arbres ne concerne pas seulement la municipalite\u0301, mais l&rsquo;ensemble de notre ville.<\/p>\n<p>\u00ab\u00a0Nous devons travailler ensemble pour cre\u0301er un environnement plus sain et plus verdoyant, au be\u0301ne\u0301fice de tous nos concitoyens\u00a0\u00bb, a affirme\u0301 le pre\u0301fet de Djibouti, M. Abdi Sikieh Kayad.<\/p>\n<p>\u00ab\u00a0Prochainement a t-il dit, nos e\u0301quipes organiseront des campagnes de sensibilisation et de plantation d&rsquo;arbres \u00a0\u00bb GREEN CITY \u00a0\u00bb dans diffe\u0301rents quartiers de la ville.<\/p>\n<p>\u00ab\u00a0Nous invitons chaleureusement tous les habitants de Djibouti a\u0300 se joindre a\u0300 nous dans cette entreprise. Chaque arbre que nous planterons repre\u0301sente un pas de plus vers un avenir plus durable pour notre ville et notre plane\u0300te\u00a0\u00bb, a-t-il enfin ajoute\u0301.<\/p>\n<p><strong>Pour plus d&rsquo;informations et d&rsquo;analyses sur la <a href=\"https:\/\/www.africa-press.net\/djibouti\">Djibouti<\/a>, suivez <a href=\"https:\/\/www.africa-press.net\/\">Africa-Press<\/a><\/strong><\/p>\n","protected":false},"excerpt":{"rendered":"<p>Africa-Press &#8211; Djibouti. Le ministre de l\u2019Agriculture, de l\u2019Eau, de la Pe\u0302che, de l\u2019Elevage et des Ressources Halieutiques, M. Mohamed Ahmed Awaleh, a pre\u0301side\u0301 ce jeudi une re\u0301union axe\u0301e sur le projet d&#8217;embellissement de la ville de Djibouti. La re\u0301union a vu la pre\u0301sence du maire de la ville de Djibouti, M. Said Daoud Mohamed, [&hellip;]<\/p>\n","protected":false},"author":82,"featured_media":17866,"comment_status":"open","ping_status":"closed","sticky":false,"template":"","format":"standard","meta":{"footnotes":""},"categories":[2,10],"tags":[36,49,50],"class_list":["post-17867","post","type-post","status-publish","format-standard","has-post-thumbnail","hentry","category-politique","category-toutes-les-actualites","tag-africa-press","tag-africa-press-djibouti","tag-djibouti"],"yoast_head":"<!-- This site is optimized with the Yoast SEO Premium plugin v26.1 (Yoast SEO v27.0) - https:\/\/yoast.com\/product\/yoast-seo-premium-wordpress\/ -->\n<title>Le ministre de l\u2019Agriculture pr\u00e9side une r\u00e9union ax\u00e9e sur le projet d&#039;embellissement de la ville de Djibouti - Djibouti<\/title>\n<meta name=\"description\" content=\"Le ministre de l\u2019Agriculture, de l\u2019Eau, de la Pe\u0302che, de l\u2019Elevage et des Ressources Halieutiques, M. Mohamed Ahmed Awal ...\" \/>\n<meta name=\"robots\" content=\"index, follow, max-snippet:-1, max-image-preview:large, max-video-preview:-1\" \/>\n<link rel=\"canonical\" href=\"https:\/\/www.africa-press.net\/djibouti\/politique\/le-ministre-de-lagriculture-preside-une-reunion-axee-sur-le-projet-dembellissement-de-la-ville-de-djibouti\" \/>\n<meta property=\"og:locale\" content=\"fr_FR\" \/>\n<meta property=\"og:type\" content=\"article\" \/>\n<meta property=\"og:title\" content=\"Le ministre de l\u2019Agriculture pr\u00e9side une r\u00e9union ax\u00e9e sur le projet d&#039;embellissement de la ville de Djibouti\" \/>\n<meta property=\"og:description\" content=\"Le ministre de l\u2019Agriculture, de l\u2019Eau, de la Pe\u0302che, de l\u2019Elevage et des Ressources Halieutiques, M. Mohamed Ahmed Awal ...\" \/>\n<meta property=\"og:url\" content=\"https:\/\/www.africa-press.net\/djibouti\/politique\/le-ministre-de-lagriculture-preside-une-reunion-axee-sur-le-projet-dembellissement-de-la-ville-de-djibouti\" \/>\n<meta property=\"og:site_name\" content=\"Djibouti\" \/>\n<meta property=\"article:published_time\" content=\"2023-09-15T17:50:48+00:00\" \/>\n<meta property=\"article:modified_time\" content=\"2023-09-15T18:39:14+00:00\" \/>\n<meta property=\"og:image\" content=\"https:\/\/static.africa-press.net\/djibouti\/sites\/52\/2023\/09\/sm_1694790501.802108.jpg\" \/>\n\t<meta property=\"og:image:width\" content=\"960\" \/>\n\t<meta property=\"og:image:height\" content=\"640\" \/>\n\t<meta property=\"og:image:type\" content=\"image\/jpeg\" \/>\n<meta name=\"author\" content=\"cfeditorfr\" \/>\n<meta name=\"twitter:card\" content=\"summary_large_image\" \/>\n<meta name=\"twitter:label1\" content=\"\u00c9crit par\" \/>\n\t<meta name=\"twitter:data1\" content=\"cfeditorfr\" \/>\n\t<meta name=\"twitter:label2\" content=\"Dur\u00e9e de lecture estim\u00e9e\" \/>\n\t<meta name=\"twitter:data2\" content=\"5 minutes\" \/>\n<script type=\"application\/ld+json\" class=\"yoast-schema-graph\">{\"@context\":\"https:\/\/schema.org\",\"@graph\":[{\"@type\":\"Article\",\"@id\":\"https:\/\/www.africa-press.net\/djibouti\/politique\/le-ministre-de-lagriculture-preside-une-reunion-axee-sur-le-projet-dembellissement-de-la-ville-de-djibouti#article\",\"isPartOf\":{\"@id\":\"https:\/\/www.africa-press.net\/djibouti\/politique\/le-ministre-de-lagriculture-preside-une-reunion-axee-sur-le-projet-dembellissement-de-la-ville-de-djibouti\"},\"author\":{\"name\":\"cfeditorfr\",\"@id\":\"https:\/\/www.africa-press.net\/djibouti\/#\/schema\/person\/2b1cf3cd81a31e3cd26889ca66d677f1\"},\"headline\":\"Le ministre de l\u2019Agriculture pr\u00e9side une r\u00e9union ax\u00e9e sur le projet d&#8217;embellissement de la ville de Djibouti\",\"datePublished\":\"2023-09-15T17:50:48+00:00\",\"dateModified\":\"2023-09-15T18:39:14+00:00\",\"mainEntityOfPage\":{\"@id\":\"https:\/\/www.africa-press.net\/djibouti\/politique\/le-ministre-de-lagriculture-preside-une-reunion-axee-sur-le-projet-dembellissement-de-la-ville-de-djibouti\"},\"wordCount\":945,\"commentCount\":0,\"image\":{\"@id\":\"https:\/\/www.africa-press.net\/djibouti\/politique\/le-ministre-de-lagriculture-preside-une-reunion-axee-sur-le-projet-dembellissement-de-la-ville-de-djibouti#primaryimage\"},\"thumbnailUrl\":\"https:\/\/static.africa-press.net\/djibouti\/sites\/52\/2023\/09\/sm_1694790501.802108.jpg\",\"keywords\":[\"Africa Press\",\"Africa Press-Djibouti\",\"Djibouti\"],\"articleSection\":[\"Politique\",\"Toutes les actualit\u00e9s\"],\"inLanguage\":\"fr-FR\",\"potentialAction\":[{\"@type\":\"CommentAction\",\"name\":\"Comment\",\"target\":[\"https:\/\/www.africa-press.net\/djibouti\/politique\/le-ministre-de-lagriculture-preside-une-reunion-axee-sur-le-projet-dembellissement-de-la-ville-de-djibouti#respond\"]}]},{\"@type\":\"WebPage\",\"@id\":\"https:\/\/www.africa-press.net\/djibouti\/politique\/le-ministre-de-lagriculture-preside-une-reunion-axee-sur-le-projet-dembellissement-de-la-ville-de-djibouti\",\"url\":\"https:\/\/www.africa-press.net\/djibouti\/politique\/le-ministre-de-lagriculture-preside-une-reunion-axee-sur-le-projet-dembellissement-de-la-ville-de-djibouti\",\"name\":\"Le ministre de l\u2019Agriculture pr\u00e9side une r\u00e9union ax\u00e9e sur le projet d'embellissement de la ville de Djibouti - Djibouti\",\"isPartOf\":{\"@id\":\"https:\/\/www.africa-press.net\/djibouti\/#website\"},\"primaryImageOfPage\":{\"@id\":\"https:\/\/www.africa-press.net\/djibouti\/politique\/le-ministre-de-lagriculture-preside-une-reunion-axee-sur-le-projet-dembellissement-de-la-ville-de-djibouti#primaryimage\"},\"image\":{\"@id\":\"https:\/\/www.africa-press.net\/djibouti\/politique\/le-ministre-de-lagriculture-preside-une-reunion-axee-sur-le-projet-dembellissement-de-la-ville-de-djibouti#primaryimage\"},\"thumbnailUrl\":\"https:\/\/static.africa-press.net\/djibouti\/sites\/52\/2023\/09\/sm_1694790501.802108.jpg\",\"datePublished\":\"2023-09-15T17:50:48+00:00\",\"dateModified\":\"2023-09-15T18:39:14+00:00\",\"author\":{\"@id\":\"https:\/\/www.africa-press.net\/djibouti\/#\/schema\/person\/2b1cf3cd81a31e3cd26889ca66d677f1\"},\"description\":\"Le ministre de l\u2019Agriculture, de l\u2019Eau, de la Pe\u0302che, de l\u2019Elevage et des Ressources Halieutiques, M. Mohamed Ahmed Awal ...\",\"breadcrumb\":{\"@id\":\"https:\/\/www.africa-press.net\/djibouti\/politique\/le-ministre-de-lagriculture-preside-une-reunion-axee-sur-le-projet-dembellissement-de-la-ville-de-djibouti#breadcrumb\"},\"inLanguage\":\"fr-FR\",\"potentialAction\":[{\"@type\":\"ReadAction\",\"target\":[\"https:\/\/www.africa-press.net\/djibouti\/politique\/le-ministre-de-lagriculture-preside-une-reunion-axee-sur-le-projet-dembellissement-de-la-ville-de-djibouti\"]}]},{\"@type\":\"ImageObject\",\"inLanguage\":\"fr-FR\",\"@id\":\"https:\/\/www.africa-press.net\/djibouti\/politique\/le-ministre-de-lagriculture-preside-une-reunion-axee-sur-le-projet-dembellissement-de-la-ville-de-djibouti#primaryimage\",\"url\":\"https:\/\/static.africa-press.net\/djibouti\/sites\/52\/2023\/09\/sm_1694790501.802108.jpg\",\"contentUrl\":\"https:\/\/static.africa-press.net\/djibouti\/sites\/52\/2023\/09\/sm_1694790501.802108.jpg\",\"width\":960,\"height\":640,\"caption\":\"Le ministre de l\u2019Agriculture pr\u00e9side une r\u00e9union ax\u00e9e sur le projet d'embellissement de la ville de Djibouti\"},{\"@type\":\"BreadcrumbList\",\"@id\":\"https:\/\/www.africa-press.net\/djibouti\/politique\/le-ministre-de-lagriculture-preside-une-reunion-axee-sur-le-projet-dembellissement-de-la-ville-de-djibouti#breadcrumb\",\"itemListElement\":[{\"@type\":\"ListItem\",\"position\":1,\"name\":\"Accueil\",\"item\":\"https:\/\/www.africa-press.net\/djibouti\/\"},{\"@type\":\"ListItem\",\"position\":2,\"name\":\"Le ministre de l\u2019Agriculture pr\u00e9side une r\u00e9union ax\u00e9e sur le projet d&#8217;embellissement de la ville de Djibouti\"}]},{\"@type\":\"WebSite\",\"@id\":\"https:\/\/www.africa-press.net\/djibouti\/#website\",\"url\":\"https:\/\/www.africa-press.net\/djibouti\/\",\"name\":\"Djibouti\",\"description\":\"Just another Africa News Agency Sites site\",\"potentialAction\":[{\"@type\":\"SearchAction\",\"target\":{\"@type\":\"EntryPoint\",\"urlTemplate\":\"https:\/\/www.africa-press.net\/djibouti\/?s={search_term_string}\"},\"query-input\":{\"@type\":\"PropertyValueSpecification\",\"valueRequired\":true,\"valueName\":\"search_term_string\"}}],\"inLanguage\":\"fr-FR\"},{\"@type\":\"Person\",\"@id\":\"https:\/\/www.africa-press.net\/djibouti\/#\/schema\/person\/2b1cf3cd81a31e3cd26889ca66d677f1\",\"name\":\"cfeditorfr\"}]}<\/script>\n<!-- \/ Yoast SEO Premium plugin. -->","yoast_head_json":{"title":"Le ministre de l\u2019Agriculture pr\u00e9side une r\u00e9union ax\u00e9e sur le projet d'embellissement de la ville de Djibouti - Djibouti","description":"Le ministre de l\u2019Agriculture, de l\u2019Eau, de la Pe\u0302che, de l\u2019Elevage et des Ressources Halieutiques, M. Mohamed Ahmed Awal ...","robots":{"index":"index","follow":"follow","max-snippet":"max-snippet:-1","max-image-preview":"max-image-preview:large","max-video-preview":"max-video-preview:-1"},"canonical":"https:\/\/www.africa-press.net\/djibouti\/politique\/le-ministre-de-lagriculture-preside-une-reunion-axee-sur-le-projet-dembellissement-de-la-ville-de-djibouti","og_locale":"fr_FR","og_type":"article","og_title":"Le ministre de l\u2019Agriculture pr\u00e9side une r\u00e9union ax\u00e9e sur le projet d'embellissement de la ville de Djibouti","og_description":"Le ministre de l\u2019Agriculture, de l\u2019Eau, de la Pe\u0302che, de l\u2019Elevage et des Ressources Halieutiques, M. Mohamed Ahmed Awal ...","og_url":"https:\/\/www.africa-press.net\/djibouti\/politique\/le-ministre-de-lagriculture-preside-une-reunion-axee-sur-le-projet-dembellissement-de-la-ville-de-djibouti","og_site_name":"Djibouti","article_published_time":"2023-09-15T17:50:48+00:00","article_modified_time":"2023-09-15T18:39:14+00:00","og_image":[{"width":960,"height":640,"url":"https:\/\/static.africa-press.net\/djibouti\/sites\/52\/2023\/09\/sm_1694790501.802108.jpg","type":"image\/jpeg"}],"author":"cfeditorfr","twitter_card":"summary_large_image","twitter_misc":{"\u00c9crit par":"cfeditorfr","Dur\u00e9e de lecture estim\u00e9e":"5 minutes"},"schema":{"@context":"https:\/\/schema.org","@graph":[{"@type":"Article","@id":"https:\/\/www.africa-press.net\/djibouti\/politique\/le-ministre-de-lagriculture-preside-une-reunion-axee-sur-le-projet-dembellissement-de-la-ville-de-djibouti#article","isPartOf":{"@id":"https:\/\/www.africa-press.net\/djibouti\/politique\/le-ministre-de-lagriculture-preside-une-reunion-axee-sur-le-projet-dembellissement-de-la-ville-de-djibouti"},"author":{"name":"cfeditorfr","@id":"https:\/\/www.africa-press.net\/djibouti\/#\/schema\/person\/2b1cf3cd81a31e3cd26889ca66d677f1"},"headline":"Le ministre de l\u2019Agriculture pr\u00e9side une r\u00e9union ax\u00e9e sur le projet d&#8217;embellissement de la ville de Djibouti","datePublished":"2023-09-15T17:50:48+00:00","dateModified":"2023-09-15T18:39:14+00:00","mainEntityOfPage":{"@id":"https:\/\/www.africa-press.net\/djibouti\/politique\/le-ministre-de-lagriculture-preside-une-reunion-axee-sur-le-projet-dembellissement-de-la-ville-de-djibouti"},"wordCount":945,"commentCount":0,"image":{"@id":"https:\/\/www.africa-press.net\/djibouti\/politique\/le-ministre-de-lagriculture-preside-une-reunion-axee-sur-le-projet-dembellissement-de-la-ville-de-djibouti#primaryimage"},"thumbnailUrl":"https:\/\/static.africa-press.net\/djibouti\/sites\/52\/2023\/09\/sm_1694790501.802108.jpg","keywords":["Africa Press","Africa Press-Djibouti","Djibouti"],"articleSection":["Politique","Toutes les actualit\u00e9s"],"inLanguage":"fr-FR","potentialAction":[{"@type":"CommentAction","name":"Comment","target":["https:\/\/www.africa-press.net\/djibouti\/politique\/le-ministre-de-lagriculture-preside-une-reunion-axee-sur-le-projet-dembellissement-de-la-ville-de-djibouti#respond"]}]},{"@type":"WebPage","@id":"https:\/\/www.africa-press.net\/djibouti\/politique\/le-ministre-de-lagriculture-preside-une-reunion-axee-sur-le-projet-dembellissement-de-la-ville-de-djibouti","url":"https:\/\/www.africa-press.net\/djibouti\/politique\/le-ministre-de-lagriculture-preside-une-reunion-axee-sur-le-projet-dembellissement-de-la-ville-de-djibouti","name":"Le ministre de l\u2019Agriculture pr\u00e9side une r\u00e9union ax\u00e9e sur le projet d'embellissement de la ville de Djibouti - Djibouti","isPartOf":{"@id":"https:\/\/www.africa-press.net\/djibouti\/#website"},"primaryImageOfPage":{"@id":"https:\/\/www.africa-press.net\/djibouti\/politique\/le-ministre-de-lagriculture-preside-une-reunion-axee-sur-le-projet-dembellissement-de-la-ville-de-djibouti#primaryimage"},"image":{"@id":"https:\/\/www.africa-press.net\/djibouti\/politique\/le-ministre-de-lagriculture-preside-une-reunion-axee-sur-le-projet-dembellissement-de-la-ville-de-djibouti#primaryimage"},"thumbnailUrl":"https:\/\/static.africa-press.net\/djibouti\/sites\/52\/2023\/09\/sm_1694790501.802108.jpg","datePublished":"2023-09-15T17:50:48+00:00","dateModified":"2023-09-15T18:39:14+00:00","author":{"@id":"https:\/\/www.africa-press.net\/djibouti\/#\/schema\/person\/2b1cf3cd81a31e3cd26889ca66d677f1"},"description":"Le ministre de l\u2019Agriculture, de l\u2019Eau, de la Pe\u0302che, de l\u2019Elevage et des Ressources Halieutiques, M. Mohamed Ahmed Awal ...","breadcrumb":{"@id":"https:\/\/www.africa-press.net\/djibouti\/politique\/le-ministre-de-lagriculture-preside-une-reunion-axee-sur-le-projet-dembellissement-de-la-ville-de-djibouti#breadcrumb"},"inLanguage":"fr-FR","potentialAction":[{"@type":"ReadAction","target":["https:\/\/www.africa-press.net\/djibouti\/politique\/le-ministre-de-lagriculture-preside-une-reunion-axee-sur-le-projet-dembellissement-de-la-ville-de-djibouti"]}]},{"@type":"ImageObject","inLanguage":"fr-FR","@id":"https:\/\/www.africa-press.net\/djibouti\/politique\/le-ministre-de-lagriculture-preside-une-reunion-axee-sur-le-projet-dembellissement-de-la-ville-de-djibouti#primaryimage","url":"https:\/\/static.africa-press.net\/djibouti\/sites\/52\/2023\/09\/sm_1694790501.802108.jpg","contentUrl":"https:\/\/static.africa-press.net\/djibouti\/sites\/52\/2023\/09\/sm_1694790501.802108.jpg","width":960,"height":640,"caption":"Le ministre de l\u2019Agriculture pr\u00e9side une r\u00e9union ax\u00e9e sur le projet d'embellissement de la ville de Djibouti"},{"@type":"BreadcrumbList","@id":"https:\/\/www.africa-press.net\/djibouti\/politique\/le-ministre-de-lagriculture-preside-une-reunion-axee-sur-le-projet-dembellissement-de-la-ville-de-djibouti#breadcrumb","itemListElement":[{"@type":"ListItem","position":1,"name":"Accueil","item":"https:\/\/www.africa-press.net\/djibouti\/"},{"@type":"ListItem","position":2,"name":"Le ministre de l\u2019Agriculture pr\u00e9side une r\u00e9union ax\u00e9e sur le projet d&#8217;embellissement de la ville de Djibouti"}]},{"@type":"WebSite","@id":"https:\/\/www.africa-press.net\/djibouti\/#website","url":"https:\/\/www.africa-press.net\/djibouti\/","name":"Djibouti","description":"Just another Africa News Agency Sites site","potentialAction":[{"@type":"SearchAction","target":{"@type":"EntryPoint","urlTemplate":"https:\/\/www.africa-press.net\/djibouti\/?s={search_term_string}"},"query-input":{"@type":"PropertyValueSpecification","valueRequired":true,"valueName":"search_term_string"}}],"inLanguage":"fr-FR"},{"@type":"Person","@id":"https:\/\/www.africa-press.net\/djibouti\/#\/schema\/person\/2b1cf3cd81a31e3cd26889ca66d677f1","name":"cfeditorfr"}]}},"_links":{"self":[{"href":"https:\/\/www.africa-press.net\/djibouti\/wp-json\/wp\/v2\/posts\/17867","targetHints":{"allow":["GET"]}}],"collection":[{"href":"https:\/\/www.africa-press.net\/djibouti\/wp-json\/wp\/v2\/posts"}],"about":[{"href":"https:\/\/www.africa-press.net\/djibouti\/wp-json\/wp\/v2\/types\/post"}],"author":[{"embeddable":true,"href":"https:\/\/www.africa-press.net\/djibouti\/wp-json\/wp\/v2\/users\/82"}],"replies":[{"embeddable":true,"href":"https:\/\/www.africa-press.net\/djibouti\/wp-json\/wp\/v2\/comments?post=17867"}],"version-history":[{"count":0,"href":"https:\/\/www.africa-press.net\/djibouti\/wp-json\/wp\/v2\/posts\/17867\/revisions"}],"wp:featuredmedia":[{"embeddable":true,"href":"https:\/\/www.africa-press.net\/djibouti\/wp-json\/wp\/v2\/media\/17866"}],"wp:attachment":[{"href":"https:\/\/www.africa-press.net\/djibouti\/wp-json\/wp\/v2\/media?parent=17867"}],"wp:term":[{"taxonomy":"category","embeddable":true,"href":"https:\/\/www.africa-press.net\/djibouti\/wp-json\/wp\/v2\/categories?post=17867"},{"taxonomy":"post_tag","embeddable":true,"href":"https:\/\/www.africa-press.net\/djibouti\/wp-json\/wp\/v2\/tags?post=17867"}],"curies":[{"name":"wp","href":"https:\/\/api.w.org\/{rel}","templated":true}]}}