{"id":17873,"date":"2023-09-15T17:51:47","date_gmt":"2023-09-15T17:51:47","guid":{"rendered":"https:\/\/www.africa-press.net\/djibouti\/politique\/djibouti-et-ryad-reaffirment-leur-volonte-de-travailler-ensemble-pour-relever-le-defi-securitaire"},"modified":"2023-09-15T18:40:00","modified_gmt":"2023-09-15T18:40:00","slug":"djibouti-et-ryad-reaffirment-leur-volonte-de-travailler-ensemble-pour-relever-le-defi-securitaire","status":"publish","type":"post","link":"https:\/\/www.africa-press.net\/djibouti\/politique\/djibouti-et-ryad-reaffirment-leur-volonte-de-travailler-ensemble-pour-relever-le-defi-securitaire","title":{"rendered":"Djibouti et Ryad r\u00e9affirment leur volont\u00e9 de travailler ensemble pour relever le d\u00e9fi s\u00e9curitaire"},"content":{"rendered":"<p><span style=\"color: #ff6600\"><strong>Africa-Press &#8211; Djibouti. <\/strong><\/span>La 3e\u0300me re\u0301union du comite\u0301 conjoint de se\u0301curite\u0301 entre la Re\u0301publique de Djibouti et le Royaume d&rsquo;Arabie Saoudite s&rsquo;est tenue a\u0300 Riyad, en Arabie Saoudite.<\/p>\n<p>Elle e\u0301tait co-pre\u0301side\u0301e par le ge\u0301ne\u0301ral de division Muhammad bin Abdullah Al-Shehri et le secre\u0301taire ge\u0301ne\u0301ral du ministe\u0300re djiboutien de l\u2019Inte\u0301rieur, M. Sirag Omar Abdoulkader.<\/p>\n<p>L&rsquo;ambassadeur de la Re\u0301publique de Djibouti et doyen du corps diplomatique accre\u0301dite\u0301 en Arabie Saoudite, M. Dya-eddine Sai\u0308d Bamakhrama, a pris part a\u0300 cette re\u0301union.<\/p>\n<p>Cette re\u0301union djibouto-saoudienne a e\u0301te\u0301 l&rsquo;occasion d&rsquo;explorer toutes les possibilite\u0301s qui s&rsquo;offrent aux deux parties afin de rehausser le niveau de leur coope\u0301ration.<\/p>\n<p>Au cours de la re\u0301union, les deux parties ont fait le point sur la coope\u0301ration et l&rsquo;e\u0301change d&rsquo;expe\u0301riences dans le domaine de la se\u0301curite\u0301.<\/p>\n<p>Les autorite\u0301s des deux pays qui se sont fe\u0301licite\u0301es de l&rsquo;excellence des relations de coope\u0301ration bilate\u0301rale ont re\u0301affirme\u0301 leur volonte\u0301 d&rsquo;accroi\u0302tre les e\u0301changes entre la Re\u0301publique de Djibouti et le Royaume d&rsquo;Arabie Saoudite.<\/p>\n<p>La 3e\u0300me re\u0301union du comite\u0301 conjoint de se\u0301curite\u0301 entre la Re\u0301publique de Djibouti et le Royaume d&rsquo;Arabie Saoudite s&rsquo;est tenue a\u0300 Riyad, en Arabie Saoudite.<\/p>\n<p>Elle e\u0301tait co-pre\u0301side\u0301e par le ge\u0301ne\u0301ral de division Muhammad bin Abdullah Al-Shehri et le secre\u0301taire ge\u0301ne\u0301ral du ministe\u0300re djiboutien de l\u2019Inte\u0301rieur, M. Sirag Omar Abdoulkader.<\/p>\n<p>L&rsquo;ambassadeur de la Re\u0301publique de Djibouti et doyen du corps diplomatique accre\u0301dite\u0301 en Arabie Saoudite, M. Dya-eddine Sai\u0308d Bamakhrama, a pris part a\u0300 cette re\u0301union.<\/p>\n<p>Cette re\u0301union djibouto-saoudienne a e\u0301te\u0301 l&rsquo;occasion d&rsquo;explorer toutes les possibilite\u0301s qui s&rsquo;offrent aux deux parties afin de rehausser le niveau de leur coope\u0301ration.<\/p>\n<p>Au cours de la re\u0301union, les deux parties ont fait le point sur la coope\u0301ration et l&rsquo;e\u0301change d&rsquo;expe\u0301riences dans le domaine de la se\u0301curite\u0301.<\/p>\n<p>Les autorite\u0301s des deux pays qui se sont fe\u0301licite\u0301es de l&rsquo;excellence des relations de coope\u0301ration bilate\u0301rale ont re\u0301affirme\u0301 leur volonte\u0301 d&rsquo;accroi\u0302tre les e\u0301changes entre la Re\u0301publique de Djibouti et le Royaume d&rsquo;Arabie Saoudite.<\/p>\n<p><strong>Pour plus d&rsquo;informations et d&rsquo;analyses sur la <a href=\"https:\/\/www.africa-press.net\/djibouti\">Djibouti<\/a>, suivez <a href=\"https:\/\/www.africa-press.net\/\">Africa-Press<\/a><\/strong><\/p>\n","protected":false},"excerpt":{"rendered":"<p>Africa-Press &#8211; Djibouti. La 3e\u0300me re\u0301union du comite\u0301 conjoint de se\u0301curite\u0301 entre la Re\u0301publique de Djibouti et le Royaume d&rsquo;Arabie Saoudite s&rsquo;est tenue a\u0300 Riyad, en Arabie Saoudite. Elle e\u0301tait co-pre\u0301side\u0301e par le ge\u0301ne\u0301ral de division Muhammad bin Abdullah Al-Shehri et le secre\u0301taire ge\u0301ne\u0301ral du ministe\u0300re djiboutien de l\u2019Inte\u0301rieur, M. Sirag Omar Abdoulkader. L&rsquo;ambassadeur de [&hellip;]<\/p>\n","protected":false},"author":82,"featured_media":17872,"comment_status":"open","ping_status":"closed","sticky":false,"template":"","format":"standard","meta":{"footnotes":""},"categories":[2,20,10],"tags":[36,49,50],"class_list":["post-17873","post","type-post","status-publish","format-standard","has-post-thumbnail","hentry","category-politique","category-top-nouvelles","category-toutes-les-actualites","tag-africa-press","tag-africa-press-djibouti","tag-djibouti"],"yoast_head":"<!-- This site is optimized with the Yoast SEO Premium plugin v26.1 (Yoast SEO v27.0) - https:\/\/yoast.com\/product\/yoast-seo-premium-wordpress\/ -->\n<title>Djibouti et Ryad r\u00e9affirment leur volont\u00e9 de travailler ensemble pour relever le d\u00e9fi s\u00e9curitaire - Djibouti<\/title>\n<meta name=\"description\" content=\"La 3e\u0300me re\u0301union du comite\u0301 conjoint de se\u0301curite\u0301 entre la Re\u0301publique de Djibouti et le Royaume d&#039;Arabie Saoudite s&#039;e ...\" \/>\n<meta name=\"robots\" content=\"index, follow, max-snippet:-1, max-image-preview:large, max-video-preview:-1\" \/>\n<link rel=\"canonical\" href=\"https:\/\/www.africa-press.net\/djibouti\/politique\/djibouti-et-ryad-reaffirment-leur-volonte-de-travailler-ensemble-pour-relever-le-defi-securitaire\" \/>\n<meta property=\"og:locale\" content=\"fr_FR\" \/>\n<meta property=\"og:type\" content=\"article\" \/>\n<meta property=\"og:title\" content=\"Djibouti et Ryad r\u00e9affirment leur volont\u00e9 de travailler ensemble pour relever le d\u00e9fi s\u00e9curitaire\" \/>\n<meta property=\"og:description\" content=\"La 3e\u0300me re\u0301union du comite\u0301 conjoint de se\u0301curite\u0301 entre la Re\u0301publique de Djibouti et le Royaume d&#039;Arabie Saoudite s&#039;e ...\" \/>\n<meta property=\"og:url\" content=\"https:\/\/www.africa-press.net\/djibouti\/politique\/djibouti-et-ryad-reaffirment-leur-volonte-de-travailler-ensemble-pour-relever-le-defi-securitaire\" \/>\n<meta property=\"og:site_name\" content=\"Djibouti\" \/>\n<meta property=\"article:published_time\" content=\"2023-09-15T17:51:47+00:00\" \/>\n<meta property=\"article:modified_time\" content=\"2023-09-15T18:40:00+00:00\" \/>\n<meta property=\"og:image\" content=\"https:\/\/static.africa-press.net\/djibouti\/sites\/52\/2023\/09\/sm_1694790556.944631.jpg\" \/>\n\t<meta property=\"og:image:width\" content=\"993\" \/>\n\t<meta property=\"og:image:height\" content=\"453\" \/>\n\t<meta property=\"og:image:type\" content=\"image\/jpeg\" \/>\n<meta name=\"author\" content=\"cfeditorfr\" \/>\n<meta name=\"twitter:card\" content=\"summary_large_image\" \/>\n<meta name=\"twitter:label1\" content=\"\u00c9crit par\" \/>\n\t<meta name=\"twitter:data1\" content=\"cfeditorfr\" \/>\n\t<meta name=\"twitter:label2\" content=\"Dur\u00e9e de lecture estim\u00e9e\" \/>\n\t<meta name=\"twitter:data2\" content=\"2 minutes\" \/>\n<script type=\"application\/ld+json\" class=\"yoast-schema-graph\">{\"@context\":\"https:\/\/schema.org\",\"@graph\":[{\"@type\":\"Article\",\"@id\":\"https:\/\/www.africa-press.net\/djibouti\/politique\/djibouti-et-ryad-reaffirment-leur-volonte-de-travailler-ensemble-pour-relever-le-defi-securitaire#article\",\"isPartOf\":{\"@id\":\"https:\/\/www.africa-press.net\/djibouti\/politique\/djibouti-et-ryad-reaffirment-leur-volonte-de-travailler-ensemble-pour-relever-le-defi-securitaire\"},\"author\":{\"name\":\"cfeditorfr\",\"@id\":\"https:\/\/www.africa-press.net\/djibouti\/#\/schema\/person\/2b1cf3cd81a31e3cd26889ca66d677f1\"},\"headline\":\"Djibouti et Ryad r\u00e9affirment leur volont\u00e9 de travailler ensemble pour relever le d\u00e9fi s\u00e9curitaire\",\"datePublished\":\"2023-09-15T17:51:47+00:00\",\"dateModified\":\"2023-09-15T18:40:00+00:00\",\"mainEntityOfPage\":{\"@id\":\"https:\/\/www.africa-press.net\/djibouti\/politique\/djibouti-et-ryad-reaffirment-leur-volonte-de-travailler-ensemble-pour-relever-le-defi-securitaire\"},\"wordCount\":438,\"commentCount\":0,\"image\":{\"@id\":\"https:\/\/www.africa-press.net\/djibouti\/politique\/djibouti-et-ryad-reaffirment-leur-volonte-de-travailler-ensemble-pour-relever-le-defi-securitaire#primaryimage\"},\"thumbnailUrl\":\"https:\/\/static.africa-press.net\/djibouti\/sites\/52\/2023\/09\/sm_1694790556.944631.jpg\",\"keywords\":[\"Africa Press\",\"Africa Press-Djibouti\",\"Djibouti\"],\"articleSection\":[\"Politique\",\"Top Nouvelles\",\"Toutes les actualit\u00e9s\"],\"inLanguage\":\"fr-FR\",\"potentialAction\":[{\"@type\":\"CommentAction\",\"name\":\"Comment\",\"target\":[\"https:\/\/www.africa-press.net\/djibouti\/politique\/djibouti-et-ryad-reaffirment-leur-volonte-de-travailler-ensemble-pour-relever-le-defi-securitaire#respond\"]}]},{\"@type\":\"WebPage\",\"@id\":\"https:\/\/www.africa-press.net\/djibouti\/politique\/djibouti-et-ryad-reaffirment-leur-volonte-de-travailler-ensemble-pour-relever-le-defi-securitaire\",\"url\":\"https:\/\/www.africa-press.net\/djibouti\/politique\/djibouti-et-ryad-reaffirment-leur-volonte-de-travailler-ensemble-pour-relever-le-defi-securitaire\",\"name\":\"Djibouti et Ryad r\u00e9affirment leur volont\u00e9 de travailler ensemble pour relever le d\u00e9fi s\u00e9curitaire - Djibouti\",\"isPartOf\":{\"@id\":\"https:\/\/www.africa-press.net\/djibouti\/#website\"},\"primaryImageOfPage\":{\"@id\":\"https:\/\/www.africa-press.net\/djibouti\/politique\/djibouti-et-ryad-reaffirment-leur-volonte-de-travailler-ensemble-pour-relever-le-defi-securitaire#primaryimage\"},\"image\":{\"@id\":\"https:\/\/www.africa-press.net\/djibouti\/politique\/djibouti-et-ryad-reaffirment-leur-volonte-de-travailler-ensemble-pour-relever-le-defi-securitaire#primaryimage\"},\"thumbnailUrl\":\"https:\/\/static.africa-press.net\/djibouti\/sites\/52\/2023\/09\/sm_1694790556.944631.jpg\",\"datePublished\":\"2023-09-15T17:51:47+00:00\",\"dateModified\":\"2023-09-15T18:40:00+00:00\",\"author\":{\"@id\":\"https:\/\/www.africa-press.net\/djibouti\/#\/schema\/person\/2b1cf3cd81a31e3cd26889ca66d677f1\"},\"description\":\"La 3e\u0300me re\u0301union du comite\u0301 conjoint de se\u0301curite\u0301 entre la Re\u0301publique de Djibouti et le Royaume d'Arabie Saoudite s'e ...\",\"breadcrumb\":{\"@id\":\"https:\/\/www.africa-press.net\/djibouti\/politique\/djibouti-et-ryad-reaffirment-leur-volonte-de-travailler-ensemble-pour-relever-le-defi-securitaire#breadcrumb\"},\"inLanguage\":\"fr-FR\",\"potentialAction\":[{\"@type\":\"ReadAction\",\"target\":[\"https:\/\/www.africa-press.net\/djibouti\/politique\/djibouti-et-ryad-reaffirment-leur-volonte-de-travailler-ensemble-pour-relever-le-defi-securitaire\"]}]},{\"@type\":\"ImageObject\",\"inLanguage\":\"fr-FR\",\"@id\":\"https:\/\/www.africa-press.net\/djibouti\/politique\/djibouti-et-ryad-reaffirment-leur-volonte-de-travailler-ensemble-pour-relever-le-defi-securitaire#primaryimage\",\"url\":\"https:\/\/static.africa-press.net\/djibouti\/sites\/52\/2023\/09\/sm_1694790556.944631.jpg\",\"contentUrl\":\"https:\/\/static.africa-press.net\/djibouti\/sites\/52\/2023\/09\/sm_1694790556.944631.jpg\",\"width\":993,\"height\":453,\"caption\":\"Djibouti et Ryad r\u00e9affirment leur volont\u00e9 de travailler ensemble pour relever le d\u00e9fi s\u00e9curitaire\"},{\"@type\":\"BreadcrumbList\",\"@id\":\"https:\/\/www.africa-press.net\/djibouti\/politique\/djibouti-et-ryad-reaffirment-leur-volonte-de-travailler-ensemble-pour-relever-le-defi-securitaire#breadcrumb\",\"itemListElement\":[{\"@type\":\"ListItem\",\"position\":1,\"name\":\"Accueil\",\"item\":\"https:\/\/www.africa-press.net\/djibouti\/\"},{\"@type\":\"ListItem\",\"position\":2,\"name\":\"Djibouti et Ryad r\u00e9affirment leur volont\u00e9 de travailler ensemble pour relever le d\u00e9fi s\u00e9curitaire\"}]},{\"@type\":\"WebSite\",\"@id\":\"https:\/\/www.africa-press.net\/djibouti\/#website\",\"url\":\"https:\/\/www.africa-press.net\/djibouti\/\",\"name\":\"Djibouti\",\"description\":\"Just another Africa News Agency Sites site\",\"potentialAction\":[{\"@type\":\"SearchAction\",\"target\":{\"@type\":\"EntryPoint\",\"urlTemplate\":\"https:\/\/www.africa-press.net\/djibouti\/?s={search_term_string}\"},\"query-input\":{\"@type\":\"PropertyValueSpecification\",\"valueRequired\":true,\"valueName\":\"search_term_string\"}}],\"inLanguage\":\"fr-FR\"},{\"@type\":\"Person\",\"@id\":\"https:\/\/www.africa-press.net\/djibouti\/#\/schema\/person\/2b1cf3cd81a31e3cd26889ca66d677f1\",\"name\":\"cfeditorfr\"}]}<\/script>\n<!-- \/ Yoast SEO Premium plugin. -->","yoast_head_json":{"title":"Djibouti et Ryad r\u00e9affirment leur volont\u00e9 de travailler ensemble pour relever le d\u00e9fi s\u00e9curitaire - Djibouti","description":"La 3e\u0300me re\u0301union du comite\u0301 conjoint de se\u0301curite\u0301 entre la Re\u0301publique de Djibouti et le Royaume d'Arabie Saoudite s'e ...","robots":{"index":"index","follow":"follow","max-snippet":"max-snippet:-1","max-image-preview":"max-image-preview:large","max-video-preview":"max-video-preview:-1"},"canonical":"https:\/\/www.africa-press.net\/djibouti\/politique\/djibouti-et-ryad-reaffirment-leur-volonte-de-travailler-ensemble-pour-relever-le-defi-securitaire","og_locale":"fr_FR","og_type":"article","og_title":"Djibouti et Ryad r\u00e9affirment leur volont\u00e9 de travailler ensemble pour relever le d\u00e9fi s\u00e9curitaire","og_description":"La 3e\u0300me re\u0301union du comite\u0301 conjoint de se\u0301curite\u0301 entre la Re\u0301publique de Djibouti et le Royaume d'Arabie Saoudite s'e ...","og_url":"https:\/\/www.africa-press.net\/djibouti\/politique\/djibouti-et-ryad-reaffirment-leur-volonte-de-travailler-ensemble-pour-relever-le-defi-securitaire","og_site_name":"Djibouti","article_published_time":"2023-09-15T17:51:47+00:00","article_modified_time":"2023-09-15T18:40:00+00:00","og_image":[{"width":993,"height":453,"url":"https:\/\/static.africa-press.net\/djibouti\/sites\/52\/2023\/09\/sm_1694790556.944631.jpg","type":"image\/jpeg"}],"author":"cfeditorfr","twitter_card":"summary_large_image","twitter_misc":{"\u00c9crit par":"cfeditorfr","Dur\u00e9e de lecture estim\u00e9e":"2 minutes"},"schema":{"@context":"https:\/\/schema.org","@graph":[{"@type":"Article","@id":"https:\/\/www.africa-press.net\/djibouti\/politique\/djibouti-et-ryad-reaffirment-leur-volonte-de-travailler-ensemble-pour-relever-le-defi-securitaire#article","isPartOf":{"@id":"https:\/\/www.africa-press.net\/djibouti\/politique\/djibouti-et-ryad-reaffirment-leur-volonte-de-travailler-ensemble-pour-relever-le-defi-securitaire"},"author":{"name":"cfeditorfr","@id":"https:\/\/www.africa-press.net\/djibouti\/#\/schema\/person\/2b1cf3cd81a31e3cd26889ca66d677f1"},"headline":"Djibouti et Ryad r\u00e9affirment leur volont\u00e9 de travailler ensemble pour relever le d\u00e9fi s\u00e9curitaire","datePublished":"2023-09-15T17:51:47+00:00","dateModified":"2023-09-15T18:40:00+00:00","mainEntityOfPage":{"@id":"https:\/\/www.africa-press.net\/djibouti\/politique\/djibouti-et-ryad-reaffirment-leur-volonte-de-travailler-ensemble-pour-relever-le-defi-securitaire"},"wordCount":438,"commentCount":0,"image":{"@id":"https:\/\/www.africa-press.net\/djibouti\/politique\/djibouti-et-ryad-reaffirment-leur-volonte-de-travailler-ensemble-pour-relever-le-defi-securitaire#primaryimage"},"thumbnailUrl":"https:\/\/static.africa-press.net\/djibouti\/sites\/52\/2023\/09\/sm_1694790556.944631.jpg","keywords":["Africa Press","Africa Press-Djibouti","Djibouti"],"articleSection":["Politique","Top Nouvelles","Toutes les actualit\u00e9s"],"inLanguage":"fr-FR","potentialAction":[{"@type":"CommentAction","name":"Comment","target":["https:\/\/www.africa-press.net\/djibouti\/politique\/djibouti-et-ryad-reaffirment-leur-volonte-de-travailler-ensemble-pour-relever-le-defi-securitaire#respond"]}]},{"@type":"WebPage","@id":"https:\/\/www.africa-press.net\/djibouti\/politique\/djibouti-et-ryad-reaffirment-leur-volonte-de-travailler-ensemble-pour-relever-le-defi-securitaire","url":"https:\/\/www.africa-press.net\/djibouti\/politique\/djibouti-et-ryad-reaffirment-leur-volonte-de-travailler-ensemble-pour-relever-le-defi-securitaire","name":"Djibouti et Ryad r\u00e9affirment leur volont\u00e9 de travailler ensemble pour relever le d\u00e9fi s\u00e9curitaire - Djibouti","isPartOf":{"@id":"https:\/\/www.africa-press.net\/djibouti\/#website"},"primaryImageOfPage":{"@id":"https:\/\/www.africa-press.net\/djibouti\/politique\/djibouti-et-ryad-reaffirment-leur-volonte-de-travailler-ensemble-pour-relever-le-defi-securitaire#primaryimage"},"image":{"@id":"https:\/\/www.africa-press.net\/djibouti\/politique\/djibouti-et-ryad-reaffirment-leur-volonte-de-travailler-ensemble-pour-relever-le-defi-securitaire#primaryimage"},"thumbnailUrl":"https:\/\/static.africa-press.net\/djibouti\/sites\/52\/2023\/09\/sm_1694790556.944631.jpg","datePublished":"2023-09-15T17:51:47+00:00","dateModified":"2023-09-15T18:40:00+00:00","author":{"@id":"https:\/\/www.africa-press.net\/djibouti\/#\/schema\/person\/2b1cf3cd81a31e3cd26889ca66d677f1"},"description":"La 3e\u0300me re\u0301union du comite\u0301 conjoint de se\u0301curite\u0301 entre la Re\u0301publique de Djibouti et le Royaume d'Arabie Saoudite s'e ...","breadcrumb":{"@id":"https:\/\/www.africa-press.net\/djibouti\/politique\/djibouti-et-ryad-reaffirment-leur-volonte-de-travailler-ensemble-pour-relever-le-defi-securitaire#breadcrumb"},"inLanguage":"fr-FR","potentialAction":[{"@type":"ReadAction","target":["https:\/\/www.africa-press.net\/djibouti\/politique\/djibouti-et-ryad-reaffirment-leur-volonte-de-travailler-ensemble-pour-relever-le-defi-securitaire"]}]},{"@type":"ImageObject","inLanguage":"fr-FR","@id":"https:\/\/www.africa-press.net\/djibouti\/politique\/djibouti-et-ryad-reaffirment-leur-volonte-de-travailler-ensemble-pour-relever-le-defi-securitaire#primaryimage","url":"https:\/\/static.africa-press.net\/djibouti\/sites\/52\/2023\/09\/sm_1694790556.944631.jpg","contentUrl":"https:\/\/static.africa-press.net\/djibouti\/sites\/52\/2023\/09\/sm_1694790556.944631.jpg","width":993,"height":453,"caption":"Djibouti et Ryad r\u00e9affirment leur volont\u00e9 de travailler ensemble pour relever le d\u00e9fi s\u00e9curitaire"},{"@type":"BreadcrumbList","@id":"https:\/\/www.africa-press.net\/djibouti\/politique\/djibouti-et-ryad-reaffirment-leur-volonte-de-travailler-ensemble-pour-relever-le-defi-securitaire#breadcrumb","itemListElement":[{"@type":"ListItem","position":1,"name":"Accueil","item":"https:\/\/www.africa-press.net\/djibouti\/"},{"@type":"ListItem","position":2,"name":"Djibouti et Ryad r\u00e9affirment leur volont\u00e9 de travailler ensemble pour relever le d\u00e9fi s\u00e9curitaire"}]},{"@type":"WebSite","@id":"https:\/\/www.africa-press.net\/djibouti\/#website","url":"https:\/\/www.africa-press.net\/djibouti\/","name":"Djibouti","description":"Just another Africa News Agency Sites site","potentialAction":[{"@type":"SearchAction","target":{"@type":"EntryPoint","urlTemplate":"https:\/\/www.africa-press.net\/djibouti\/?s={search_term_string}"},"query-input":{"@type":"PropertyValueSpecification","valueRequired":true,"valueName":"search_term_string"}}],"inLanguage":"fr-FR"},{"@type":"Person","@id":"https:\/\/www.africa-press.net\/djibouti\/#\/schema\/person\/2b1cf3cd81a31e3cd26889ca66d677f1","name":"cfeditorfr"}]}},"_links":{"self":[{"href":"https:\/\/www.africa-press.net\/djibouti\/wp-json\/wp\/v2\/posts\/17873","targetHints":{"allow":["GET"]}}],"collection":[{"href":"https:\/\/www.africa-press.net\/djibouti\/wp-json\/wp\/v2\/posts"}],"about":[{"href":"https:\/\/www.africa-press.net\/djibouti\/wp-json\/wp\/v2\/types\/post"}],"author":[{"embeddable":true,"href":"https:\/\/www.africa-press.net\/djibouti\/wp-json\/wp\/v2\/users\/82"}],"replies":[{"embeddable":true,"href":"https:\/\/www.africa-press.net\/djibouti\/wp-json\/wp\/v2\/comments?post=17873"}],"version-history":[{"count":0,"href":"https:\/\/www.africa-press.net\/djibouti\/wp-json\/wp\/v2\/posts\/17873\/revisions"}],"wp:featuredmedia":[{"embeddable":true,"href":"https:\/\/www.africa-press.net\/djibouti\/wp-json\/wp\/v2\/media\/17872"}],"wp:attachment":[{"href":"https:\/\/www.africa-press.net\/djibouti\/wp-json\/wp\/v2\/media?parent=17873"}],"wp:term":[{"taxonomy":"category","embeddable":true,"href":"https:\/\/www.africa-press.net\/djibouti\/wp-json\/wp\/v2\/categories?post=17873"},{"taxonomy":"post_tag","embeddable":true,"href":"https:\/\/www.africa-press.net\/djibouti\/wp-json\/wp\/v2\/tags?post=17873"}],"curies":[{"name":"wp","href":"https:\/\/api.w.org\/{rel}","templated":true}]}}