{"id":17876,"date":"2023-09-15T17:52:22","date_gmt":"2023-09-15T17:52:22","guid":{"rendered":"https:\/\/www.africa-press.net\/djibouti\/politique\/le-ministre-de-lenergie-recoit-le-coordinateur-resident-du-systeme-des-nations-unies-a-djibouti"},"modified":"2023-09-15T18:40:34","modified_gmt":"2023-09-15T18:40:34","slug":"le-ministre-de-lenergie-recoit-le-coordinateur-resident-du-systeme-des-nations-unies-a-djibouti","status":"publish","type":"post","link":"https:\/\/www.africa-press.net\/djibouti\/politique\/le-ministre-de-lenergie-recoit-le-coordinateur-resident-du-systeme-des-nations-unies-a-djibouti","title":{"rendered":"Le ministre de l\u2019Energie re\u00e7oit le coordinateur r\u00e9sident du syst\u00e8me des Nations Unies \u00e0 Djibouti"},"content":{"rendered":"<p><span style=\"color: #ff6600\"><strong>Africa-Press &#8211; Djibouti. <\/strong><\/span>Le ministre de l\u2019Energie charge\u0301 des Ressources naturelles, M. Yonis Ali Guedi, a rec\u0327u aujourd&rsquo;hui le coordinateur re\u0301sident du syste\u0300me des Nations Unies a\u0300 Djibouti, M. Jose\u0301 Barahona.<\/p>\n<p>Le ministre de l&rsquo;Energie et son interlocuteur ont examine\u0301 ensemble les voies et moyens d\u2019universaliser l\u2019usage des panneaux solaires re\u0301sidentiels a\u0300 Djibouti.<\/p>\n<p>Le ministre de l\u2019Energie charge\u0301 des Ressources Naturelles, M. Yonis Ali Guedi, a d\u2019emble\u0301e informe\u0301 le responsable onusien que l\u2019objectif principal que son de\u0301partement vise a\u0300 terme n\u2019est autre que la promotion de l\u2019usage de panneaux solaires dans les re\u0301sidences, mais e\u0301galement a\u0300 grande e\u0301chelle.<\/p>\n<p>De son co\u0302te\u0301, M. Jose\u0301 Barahona a fait part de la pleine et entie\u0300re disposition du syste\u0300me des Nations Unies a\u0300 Djibouti a\u0300 apporter toute son assistance en vue d\u2019identifier les obstacles techniques et re\u0301glementaires retardant l\u2019usage des panneaux solaires re\u0301sidentiels, l\u2019ensoleillement journalier e\u0301leve\u0301 sur le territoire pouvant e\u0302tre conside\u0301re\u0301 comme un atout incontournable.<\/p>\n<p>M. Yonis Ali Guedi a e\u0301galement rappele\u0301 que les objectifs et champs d\u2019application de la loi n\u00b0 88 portant re\u0301glementation des activite\u0301s des producteurs inde\u0301pendants autorise effectivement l\u2019autoproduction d\u2019e\u0301lectricite\u0301 a\u0300 partir des e\u0301nergies renouvelables.<\/p>\n<p>Le ministre s\u2019est re\u0301joui que des initiatives prive\u0301es e\u0301mergent en vue de la production de panneaux solaires a\u0300 Djibouti et que cela ne manquera pas d\u2019impulser positivement ce secteur, notamment en terme de cre\u0301ation d\u2019emplois.<\/p>\n<p>Le ministre a indique\u0301 dans la foule\u0301e que son de\u0301partement prendra officiellement attache avec le coordinateur re\u0301sident du syste\u0300me des Nations Unies a\u0300 Djibouti en e\u0301tayant avec des informations pre\u0301cises le secteur d\u2019assistance envisage\u0301.<\/p>\n<p>MM. Omar Ahmed et Gouled Mohamed, respectivement conseiller technique principal et directeur de l\u2019Energie, ont assiste\u0301 a\u0300 cet entretien.<\/p>\n<p>Le ministre de l\u2019Energie charge\u0301 des Ressources naturelles, M. Yonis Ali Guedi, a rec\u0327u aujourd&rsquo;hui le coordinateur re\u0301sident du syste\u0300me des Nations Unies a\u0300 Djibouti, M. Jose\u0301 Barahona.<\/p>\n<p>Le ministre de l&rsquo;Energie et son interlocuteur ont examine\u0301 ensemble les voies et moyens d\u2019universaliser l\u2019usage des panneaux solaires re\u0301sidentiels a\u0300 Djibouti.<\/p>\n<p>Le ministre de l\u2019Energie charge\u0301 des Ressources Naturelles, M. Yonis Ali Guedi, a d\u2019emble\u0301e informe\u0301 le responsable onusien que l\u2019objectif principal que son de\u0301partement vise a\u0300 terme n\u2019est autre que la promotion de l\u2019usage de panneaux solaires dans les re\u0301sidences, mais e\u0301galement a\u0300 grande e\u0301chelle.<\/p>\n<p>De son co\u0302te\u0301, M. Jose\u0301 Barahona a fait part de la pleine et entie\u0300re disposition du syste\u0300me des Nations Unies a\u0300 Djibouti a\u0300 apporter toute son assistance en vue d\u2019identifier les obstacles techniques et re\u0301glementaires retardant l\u2019usage des panneaux solaires re\u0301sidentiels, l\u2019ensoleillement journalier e\u0301leve\u0301 sur le territoire pouvant e\u0302tre conside\u0301re\u0301 comme un atout incontournable.<\/p>\n<p>M. Yonis Ali Guedi a e\u0301galement rappele\u0301 que les objectifs et champs d\u2019application de la loi n\u00b0 88 portant re\u0301glementation des activite\u0301s des producteurs inde\u0301pendants autorise effectivement l\u2019autoproduction d\u2019e\u0301lectricite\u0301 a\u0300 partir des e\u0301nergies renouvelables.<\/p>\n<p>Le ministre s\u2019est re\u0301joui que des initiatives prive\u0301es e\u0301mergent en vue de la production de panneaux solaires a\u0300 Djibouti et que cela ne manquera pas d\u2019impulser positivement ce secteur, notamment en terme de cre\u0301ation d\u2019emplois.<\/p>\n<p>Le ministre a indique\u0301 dans la foule\u0301e que son de\u0301partement prendra officiellement attache avec le coordinateur re\u0301sident du syste\u0300me des Nations Unies a\u0300 Djibouti en e\u0301tayant avec des informations pre\u0301cises le secteur d\u2019assistance envisage\u0301.<\/p>\n<p>MM. Omar Ahmed et Gouled Mohamed, respectivement conseiller technique principal et directeur de l\u2019Energie, ont assiste\u0301 a\u0300 cet entretien.<\/p>\n<p><strong>Pour plus d&rsquo;informations et d&rsquo;analyses sur la <a href=\"https:\/\/www.africa-press.net\/djibouti\">Djibouti<\/a>, suivez <a href=\"https:\/\/www.africa-press.net\/\">Africa-Press<\/a><\/strong><\/p>\n","protected":false},"excerpt":{"rendered":"<p>Africa-Press &#8211; Djibouti. Le ministre de l\u2019Energie charge\u0301 des Ressources naturelles, M. Yonis Ali Guedi, a rec\u0327u aujourd&rsquo;hui le coordinateur re\u0301sident du syste\u0300me des Nations Unies a\u0300 Djibouti, M. Jose\u0301 Barahona. Le ministre de l&rsquo;Energie et son interlocuteur ont examine\u0301 ensemble les voies et moyens d\u2019universaliser l\u2019usage des panneaux solaires re\u0301sidentiels a\u0300 Djibouti. Le ministre [&hellip;]<\/p>\n","protected":false},"author":82,"featured_media":17875,"comment_status":"open","ping_status":"closed","sticky":false,"template":"","format":"standard","meta":{"footnotes":""},"categories":[2,20,10],"tags":[36,49,50],"class_list":["post-17876","post","type-post","status-publish","format-standard","has-post-thumbnail","hentry","category-politique","category-top-nouvelles","category-toutes-les-actualites","tag-africa-press","tag-africa-press-djibouti","tag-djibouti"],"yoast_head":"<!-- This site is optimized with the Yoast SEO Premium plugin v26.1 (Yoast SEO v27.0) - https:\/\/yoast.com\/product\/yoast-seo-premium-wordpress\/ -->\n<title>Le ministre de l\u2019Energie re\u00e7oit le coordinateur r\u00e9sident du syst\u00e8me des Nations Unies \u00e0 Djibouti - Djibouti<\/title>\n<meta name=\"description\" content=\"Le ministre de l\u2019Energie charge\u0301 des Ressources naturelles, M. Yonis Ali Guedi, a rec\u0327u aujourd&#039;hui le coordinateur re\u0301s ...\" \/>\n<meta name=\"robots\" content=\"index, follow, max-snippet:-1, max-image-preview:large, max-video-preview:-1\" \/>\n<link rel=\"canonical\" href=\"https:\/\/www.africa-press.net\/djibouti\/politique\/le-ministre-de-lenergie-recoit-le-coordinateur-resident-du-systeme-des-nations-unies-a-djibouti\" \/>\n<meta property=\"og:locale\" content=\"fr_FR\" \/>\n<meta property=\"og:type\" content=\"article\" \/>\n<meta property=\"og:title\" content=\"Le ministre de l\u2019Energie re\u00e7oit le coordinateur r\u00e9sident du syst\u00e8me des Nations Unies \u00e0 Djibouti\" \/>\n<meta property=\"og:description\" content=\"Le ministre de l\u2019Energie charge\u0301 des Ressources naturelles, M. Yonis Ali Guedi, a rec\u0327u aujourd&#039;hui le coordinateur re\u0301s ...\" \/>\n<meta property=\"og:url\" content=\"https:\/\/www.africa-press.net\/djibouti\/politique\/le-ministre-de-lenergie-recoit-le-coordinateur-resident-du-systeme-des-nations-unies-a-djibouti\" \/>\n<meta property=\"og:site_name\" content=\"Djibouti\" \/>\n<meta property=\"article:published_time\" content=\"2023-09-15T17:52:22+00:00\" \/>\n<meta property=\"article:modified_time\" content=\"2023-09-15T18:40:34+00:00\" \/>\n<meta property=\"og:image\" content=\"https:\/\/static.africa-press.net\/djibouti\/sites\/52\/2023\/09\/sm_1694790582.747285.jpg\" \/>\n\t<meta property=\"og:image:width\" content=\"1080\" \/>\n\t<meta property=\"og:image:height\" content=\"810\" \/>\n\t<meta property=\"og:image:type\" content=\"image\/jpeg\" \/>\n<meta name=\"author\" content=\"cfeditorfr\" \/>\n<meta name=\"twitter:card\" content=\"summary_large_image\" \/>\n<meta name=\"twitter:label1\" content=\"\u00c9crit par\" \/>\n\t<meta name=\"twitter:data1\" content=\"cfeditorfr\" \/>\n\t<meta name=\"twitter:label2\" content=\"Dur\u00e9e de lecture estim\u00e9e\" \/>\n\t<meta name=\"twitter:data2\" content=\"3 minutes\" \/>\n<script type=\"application\/ld+json\" class=\"yoast-schema-graph\">{\"@context\":\"https:\/\/schema.org\",\"@graph\":[{\"@type\":\"Article\",\"@id\":\"https:\/\/www.africa-press.net\/djibouti\/politique\/le-ministre-de-lenergie-recoit-le-coordinateur-resident-du-systeme-des-nations-unies-a-djibouti#article\",\"isPartOf\":{\"@id\":\"https:\/\/www.africa-press.net\/djibouti\/politique\/le-ministre-de-lenergie-recoit-le-coordinateur-resident-du-systeme-des-nations-unies-a-djibouti\"},\"author\":{\"name\":\"cfeditorfr\",\"@id\":\"https:\/\/www.africa-press.net\/djibouti\/#\/schema\/person\/2b1cf3cd81a31e3cd26889ca66d677f1\"},\"headline\":\"Le ministre de l\u2019Energie re\u00e7oit le coordinateur r\u00e9sident du syst\u00e8me des Nations Unies \u00e0 Djibouti\",\"datePublished\":\"2023-09-15T17:52:22+00:00\",\"dateModified\":\"2023-09-15T18:40:34+00:00\",\"mainEntityOfPage\":{\"@id\":\"https:\/\/www.africa-press.net\/djibouti\/politique\/le-ministre-de-lenergie-recoit-le-coordinateur-resident-du-systeme-des-nations-unies-a-djibouti\"},\"wordCount\":681,\"commentCount\":0,\"image\":{\"@id\":\"https:\/\/www.africa-press.net\/djibouti\/politique\/le-ministre-de-lenergie-recoit-le-coordinateur-resident-du-systeme-des-nations-unies-a-djibouti#primaryimage\"},\"thumbnailUrl\":\"https:\/\/static.africa-press.net\/djibouti\/sites\/52\/2023\/09\/sm_1694790582.747285.jpg\",\"keywords\":[\"Africa Press\",\"Africa Press-Djibouti\",\"Djibouti\"],\"articleSection\":[\"Politique\",\"Top Nouvelles\",\"Toutes les actualit\u00e9s\"],\"inLanguage\":\"fr-FR\",\"potentialAction\":[{\"@type\":\"CommentAction\",\"name\":\"Comment\",\"target\":[\"https:\/\/www.africa-press.net\/djibouti\/politique\/le-ministre-de-lenergie-recoit-le-coordinateur-resident-du-systeme-des-nations-unies-a-djibouti#respond\"]}]},{\"@type\":\"WebPage\",\"@id\":\"https:\/\/www.africa-press.net\/djibouti\/politique\/le-ministre-de-lenergie-recoit-le-coordinateur-resident-du-systeme-des-nations-unies-a-djibouti\",\"url\":\"https:\/\/www.africa-press.net\/djibouti\/politique\/le-ministre-de-lenergie-recoit-le-coordinateur-resident-du-systeme-des-nations-unies-a-djibouti\",\"name\":\"Le ministre de l\u2019Energie re\u00e7oit le coordinateur r\u00e9sident du syst\u00e8me des Nations Unies \u00e0 Djibouti - Djibouti\",\"isPartOf\":{\"@id\":\"https:\/\/www.africa-press.net\/djibouti\/#website\"},\"primaryImageOfPage\":{\"@id\":\"https:\/\/www.africa-press.net\/djibouti\/politique\/le-ministre-de-lenergie-recoit-le-coordinateur-resident-du-systeme-des-nations-unies-a-djibouti#primaryimage\"},\"image\":{\"@id\":\"https:\/\/www.africa-press.net\/djibouti\/politique\/le-ministre-de-lenergie-recoit-le-coordinateur-resident-du-systeme-des-nations-unies-a-djibouti#primaryimage\"},\"thumbnailUrl\":\"https:\/\/static.africa-press.net\/djibouti\/sites\/52\/2023\/09\/sm_1694790582.747285.jpg\",\"datePublished\":\"2023-09-15T17:52:22+00:00\",\"dateModified\":\"2023-09-15T18:40:34+00:00\",\"author\":{\"@id\":\"https:\/\/www.africa-press.net\/djibouti\/#\/schema\/person\/2b1cf3cd81a31e3cd26889ca66d677f1\"},\"description\":\"Le ministre de l\u2019Energie charge\u0301 des Ressources naturelles, M. Yonis Ali Guedi, a rec\u0327u aujourd'hui le coordinateur re\u0301s ...\",\"breadcrumb\":{\"@id\":\"https:\/\/www.africa-press.net\/djibouti\/politique\/le-ministre-de-lenergie-recoit-le-coordinateur-resident-du-systeme-des-nations-unies-a-djibouti#breadcrumb\"},\"inLanguage\":\"fr-FR\",\"potentialAction\":[{\"@type\":\"ReadAction\",\"target\":[\"https:\/\/www.africa-press.net\/djibouti\/politique\/le-ministre-de-lenergie-recoit-le-coordinateur-resident-du-systeme-des-nations-unies-a-djibouti\"]}]},{\"@type\":\"ImageObject\",\"inLanguage\":\"fr-FR\",\"@id\":\"https:\/\/www.africa-press.net\/djibouti\/politique\/le-ministre-de-lenergie-recoit-le-coordinateur-resident-du-systeme-des-nations-unies-a-djibouti#primaryimage\",\"url\":\"https:\/\/static.africa-press.net\/djibouti\/sites\/52\/2023\/09\/sm_1694790582.747285.jpg\",\"contentUrl\":\"https:\/\/static.africa-press.net\/djibouti\/sites\/52\/2023\/09\/sm_1694790582.747285.jpg\",\"width\":1080,\"height\":810,\"caption\":\"Le ministre de l\u2019Energie re\u00e7oit le coordinateur r\u00e9sident du syst\u00e8me des Nations Unies \u00e0 Djibouti\"},{\"@type\":\"BreadcrumbList\",\"@id\":\"https:\/\/www.africa-press.net\/djibouti\/politique\/le-ministre-de-lenergie-recoit-le-coordinateur-resident-du-systeme-des-nations-unies-a-djibouti#breadcrumb\",\"itemListElement\":[{\"@type\":\"ListItem\",\"position\":1,\"name\":\"Accueil\",\"item\":\"https:\/\/www.africa-press.net\/djibouti\/\"},{\"@type\":\"ListItem\",\"position\":2,\"name\":\"Le ministre de l\u2019Energie re\u00e7oit le coordinateur r\u00e9sident du syst\u00e8me des Nations Unies \u00e0 Djibouti\"}]},{\"@type\":\"WebSite\",\"@id\":\"https:\/\/www.africa-press.net\/djibouti\/#website\",\"url\":\"https:\/\/www.africa-press.net\/djibouti\/\",\"name\":\"Djibouti\",\"description\":\"Just another Africa News Agency Sites site\",\"potentialAction\":[{\"@type\":\"SearchAction\",\"target\":{\"@type\":\"EntryPoint\",\"urlTemplate\":\"https:\/\/www.africa-press.net\/djibouti\/?s={search_term_string}\"},\"query-input\":{\"@type\":\"PropertyValueSpecification\",\"valueRequired\":true,\"valueName\":\"search_term_string\"}}],\"inLanguage\":\"fr-FR\"},{\"@type\":\"Person\",\"@id\":\"https:\/\/www.africa-press.net\/djibouti\/#\/schema\/person\/2b1cf3cd81a31e3cd26889ca66d677f1\",\"name\":\"cfeditorfr\"}]}<\/script>\n<!-- \/ Yoast SEO Premium plugin. -->","yoast_head_json":{"title":"Le ministre de l\u2019Energie re\u00e7oit le coordinateur r\u00e9sident du syst\u00e8me des Nations Unies \u00e0 Djibouti - Djibouti","description":"Le ministre de l\u2019Energie charge\u0301 des Ressources naturelles, M. Yonis Ali Guedi, a rec\u0327u aujourd'hui le coordinateur re\u0301s ...","robots":{"index":"index","follow":"follow","max-snippet":"max-snippet:-1","max-image-preview":"max-image-preview:large","max-video-preview":"max-video-preview:-1"},"canonical":"https:\/\/www.africa-press.net\/djibouti\/politique\/le-ministre-de-lenergie-recoit-le-coordinateur-resident-du-systeme-des-nations-unies-a-djibouti","og_locale":"fr_FR","og_type":"article","og_title":"Le ministre de l\u2019Energie re\u00e7oit le coordinateur r\u00e9sident du syst\u00e8me des Nations Unies \u00e0 Djibouti","og_description":"Le ministre de l\u2019Energie charge\u0301 des Ressources naturelles, M. Yonis Ali Guedi, a rec\u0327u aujourd'hui le coordinateur re\u0301s ...","og_url":"https:\/\/www.africa-press.net\/djibouti\/politique\/le-ministre-de-lenergie-recoit-le-coordinateur-resident-du-systeme-des-nations-unies-a-djibouti","og_site_name":"Djibouti","article_published_time":"2023-09-15T17:52:22+00:00","article_modified_time":"2023-09-15T18:40:34+00:00","og_image":[{"width":1080,"height":810,"url":"https:\/\/static.africa-press.net\/djibouti\/sites\/52\/2023\/09\/sm_1694790582.747285.jpg","type":"image\/jpeg"}],"author":"cfeditorfr","twitter_card":"summary_large_image","twitter_misc":{"\u00c9crit par":"cfeditorfr","Dur\u00e9e de lecture estim\u00e9e":"3 minutes"},"schema":{"@context":"https:\/\/schema.org","@graph":[{"@type":"Article","@id":"https:\/\/www.africa-press.net\/djibouti\/politique\/le-ministre-de-lenergie-recoit-le-coordinateur-resident-du-systeme-des-nations-unies-a-djibouti#article","isPartOf":{"@id":"https:\/\/www.africa-press.net\/djibouti\/politique\/le-ministre-de-lenergie-recoit-le-coordinateur-resident-du-systeme-des-nations-unies-a-djibouti"},"author":{"name":"cfeditorfr","@id":"https:\/\/www.africa-press.net\/djibouti\/#\/schema\/person\/2b1cf3cd81a31e3cd26889ca66d677f1"},"headline":"Le ministre de l\u2019Energie re\u00e7oit le coordinateur r\u00e9sident du syst\u00e8me des Nations Unies \u00e0 Djibouti","datePublished":"2023-09-15T17:52:22+00:00","dateModified":"2023-09-15T18:40:34+00:00","mainEntityOfPage":{"@id":"https:\/\/www.africa-press.net\/djibouti\/politique\/le-ministre-de-lenergie-recoit-le-coordinateur-resident-du-systeme-des-nations-unies-a-djibouti"},"wordCount":681,"commentCount":0,"image":{"@id":"https:\/\/www.africa-press.net\/djibouti\/politique\/le-ministre-de-lenergie-recoit-le-coordinateur-resident-du-systeme-des-nations-unies-a-djibouti#primaryimage"},"thumbnailUrl":"https:\/\/static.africa-press.net\/djibouti\/sites\/52\/2023\/09\/sm_1694790582.747285.jpg","keywords":["Africa Press","Africa Press-Djibouti","Djibouti"],"articleSection":["Politique","Top Nouvelles","Toutes les actualit\u00e9s"],"inLanguage":"fr-FR","potentialAction":[{"@type":"CommentAction","name":"Comment","target":["https:\/\/www.africa-press.net\/djibouti\/politique\/le-ministre-de-lenergie-recoit-le-coordinateur-resident-du-systeme-des-nations-unies-a-djibouti#respond"]}]},{"@type":"WebPage","@id":"https:\/\/www.africa-press.net\/djibouti\/politique\/le-ministre-de-lenergie-recoit-le-coordinateur-resident-du-systeme-des-nations-unies-a-djibouti","url":"https:\/\/www.africa-press.net\/djibouti\/politique\/le-ministre-de-lenergie-recoit-le-coordinateur-resident-du-systeme-des-nations-unies-a-djibouti","name":"Le ministre de l\u2019Energie re\u00e7oit le coordinateur r\u00e9sident du syst\u00e8me des Nations Unies \u00e0 Djibouti - Djibouti","isPartOf":{"@id":"https:\/\/www.africa-press.net\/djibouti\/#website"},"primaryImageOfPage":{"@id":"https:\/\/www.africa-press.net\/djibouti\/politique\/le-ministre-de-lenergie-recoit-le-coordinateur-resident-du-systeme-des-nations-unies-a-djibouti#primaryimage"},"image":{"@id":"https:\/\/www.africa-press.net\/djibouti\/politique\/le-ministre-de-lenergie-recoit-le-coordinateur-resident-du-systeme-des-nations-unies-a-djibouti#primaryimage"},"thumbnailUrl":"https:\/\/static.africa-press.net\/djibouti\/sites\/52\/2023\/09\/sm_1694790582.747285.jpg","datePublished":"2023-09-15T17:52:22+00:00","dateModified":"2023-09-15T18:40:34+00:00","author":{"@id":"https:\/\/www.africa-press.net\/djibouti\/#\/schema\/person\/2b1cf3cd81a31e3cd26889ca66d677f1"},"description":"Le ministre de l\u2019Energie charge\u0301 des Ressources naturelles, M. Yonis Ali Guedi, a rec\u0327u aujourd'hui le coordinateur re\u0301s ...","breadcrumb":{"@id":"https:\/\/www.africa-press.net\/djibouti\/politique\/le-ministre-de-lenergie-recoit-le-coordinateur-resident-du-systeme-des-nations-unies-a-djibouti#breadcrumb"},"inLanguage":"fr-FR","potentialAction":[{"@type":"ReadAction","target":["https:\/\/www.africa-press.net\/djibouti\/politique\/le-ministre-de-lenergie-recoit-le-coordinateur-resident-du-systeme-des-nations-unies-a-djibouti"]}]},{"@type":"ImageObject","inLanguage":"fr-FR","@id":"https:\/\/www.africa-press.net\/djibouti\/politique\/le-ministre-de-lenergie-recoit-le-coordinateur-resident-du-systeme-des-nations-unies-a-djibouti#primaryimage","url":"https:\/\/static.africa-press.net\/djibouti\/sites\/52\/2023\/09\/sm_1694790582.747285.jpg","contentUrl":"https:\/\/static.africa-press.net\/djibouti\/sites\/52\/2023\/09\/sm_1694790582.747285.jpg","width":1080,"height":810,"caption":"Le ministre de l\u2019Energie re\u00e7oit le coordinateur r\u00e9sident du syst\u00e8me des Nations Unies \u00e0 Djibouti"},{"@type":"BreadcrumbList","@id":"https:\/\/www.africa-press.net\/djibouti\/politique\/le-ministre-de-lenergie-recoit-le-coordinateur-resident-du-systeme-des-nations-unies-a-djibouti#breadcrumb","itemListElement":[{"@type":"ListItem","position":1,"name":"Accueil","item":"https:\/\/www.africa-press.net\/djibouti\/"},{"@type":"ListItem","position":2,"name":"Le ministre de l\u2019Energie re\u00e7oit le coordinateur r\u00e9sident du syst\u00e8me des Nations Unies \u00e0 Djibouti"}]},{"@type":"WebSite","@id":"https:\/\/www.africa-press.net\/djibouti\/#website","url":"https:\/\/www.africa-press.net\/djibouti\/","name":"Djibouti","description":"Just another Africa News Agency Sites site","potentialAction":[{"@type":"SearchAction","target":{"@type":"EntryPoint","urlTemplate":"https:\/\/www.africa-press.net\/djibouti\/?s={search_term_string}"},"query-input":{"@type":"PropertyValueSpecification","valueRequired":true,"valueName":"search_term_string"}}],"inLanguage":"fr-FR"},{"@type":"Person","@id":"https:\/\/www.africa-press.net\/djibouti\/#\/schema\/person\/2b1cf3cd81a31e3cd26889ca66d677f1","name":"cfeditorfr"}]}},"_links":{"self":[{"href":"https:\/\/www.africa-press.net\/djibouti\/wp-json\/wp\/v2\/posts\/17876","targetHints":{"allow":["GET"]}}],"collection":[{"href":"https:\/\/www.africa-press.net\/djibouti\/wp-json\/wp\/v2\/posts"}],"about":[{"href":"https:\/\/www.africa-press.net\/djibouti\/wp-json\/wp\/v2\/types\/post"}],"author":[{"embeddable":true,"href":"https:\/\/www.africa-press.net\/djibouti\/wp-json\/wp\/v2\/users\/82"}],"replies":[{"embeddable":true,"href":"https:\/\/www.africa-press.net\/djibouti\/wp-json\/wp\/v2\/comments?post=17876"}],"version-history":[{"count":0,"href":"https:\/\/www.africa-press.net\/djibouti\/wp-json\/wp\/v2\/posts\/17876\/revisions"}],"wp:featuredmedia":[{"embeddable":true,"href":"https:\/\/www.africa-press.net\/djibouti\/wp-json\/wp\/v2\/media\/17875"}],"wp:attachment":[{"href":"https:\/\/www.africa-press.net\/djibouti\/wp-json\/wp\/v2\/media?parent=17876"}],"wp:term":[{"taxonomy":"category","embeddable":true,"href":"https:\/\/www.africa-press.net\/djibouti\/wp-json\/wp\/v2\/categories?post=17876"},{"taxonomy":"post_tag","embeddable":true,"href":"https:\/\/www.africa-press.net\/djibouti\/wp-json\/wp\/v2\/tags?post=17876"}],"curies":[{"name":"wp","href":"https:\/\/api.w.org\/{rel}","templated":true}]}}