{"id":17879,"date":"2023-09-15T17:52:56","date_gmt":"2023-09-15T17:52:56","guid":{"rendered":"https:\/\/www.africa-press.net\/djibouti\/politique\/le-premier-ministre-abdoulkader-kamil-mohamed-visite-le-parlement-cubain"},"modified":"2023-09-15T18:40:55","modified_gmt":"2023-09-15T18:40:55","slug":"le-premier-ministre-abdoulkader-kamil-mohamed-visite-le-parlement-cubain","status":"publish","type":"post","link":"https:\/\/www.africa-press.net\/djibouti\/politique\/le-premier-ministre-abdoulkader-kamil-mohamed-visite-le-parlement-cubain","title":{"rendered":"Le Premier ministre Abdoulkader Kamil Mohamed visite le Parlement cubain"},"content":{"rendered":"<p><span style=\"color: #ff6600\"><strong>Africa-Press &#8211; Djibouti. <\/strong><\/span>En visite de travail a\u0300 La Havane, le Premier ministre, M. Abdoulkader Kamil Mohamed, s&rsquo;est rendu hier au sie\u0300ge de la repre\u0301sentation nationale cubaine.<\/p>\n<p>Cette visite au Parlement cubain marquait la fin du se\u0301jour du travail du Premier ministre et par ailleurs et de la de\u0301le\u0301gation qui l&rsquo;accompagnait a\u0300 Cuba.<\/p>\n<p>A\u0300 son arrive\u0301e au Capitolio, sie\u0300ge du Parlement cubain, le Premier ministre a e\u0301te\u0301 accueilli par le pre\u0301sident de l\u2019Assemble\u0301e nationale de Cuba M. Esteban Lazo.<\/p>\n<p>M. Abdpulkader Kamil Mohamed et les membres de sa de\u0301le\u0301gation ont ensuite eu droit a\u0300 une visite guide\u0301e dans les diffe\u0301rentes structures de cette institution, haut symbole du pouvoir a\u0300 Cuba.<\/p>\n<p>A l&rsquo;issue de la visite, le Premier ministre s&rsquo;est entretenu en te\u0302te-a\u0300-te\u0302te avec le pre\u0301sident du Parlement cubain avec il a e\u0301change\u0301 sur l\u2019e\u0301tat des relations de coope\u0301ration entre les deux pays, avant de passer en revue plusieurs sujets d&rsquo;inte\u0301re\u0302t commun.<\/p>\n<p>Ils ont convenu de renforcer ces relations en redynamisant la coope\u0301ration parlementaire dans l&rsquo;inte\u0301re\u0302t mutuel des deux peuples.<\/p>\n<p>Le Premier ministre a profite\u0301 de cette occasion pour adresser une invitation au pre\u0301sident de l\u2019Assemble\u0301e nationale a\u0300 visiter Djibouti en vue de promouvoir les liens d\u2019amitie\u0301 et de fraternite\u0301 entre les deux nations a\u0300 travers leurs institutions parlementaires.<\/p>\n<p>En visite de travail a\u0300 La Havane, le Premier ministre, M. Abdoulkader Kamil Mohamed, s&rsquo;est rendu hier au sie\u0300ge de la repre\u0301sentation nationale cubaine.<\/p>\n<p>Cette visite au Parlement cubain marquait la fin du se\u0301jour du travail du Premier ministre et par ailleurs et de la de\u0301le\u0301gation qui l&rsquo;accompagnait a\u0300 Cuba.<\/p>\n<p>A\u0300 son arrive\u0301e au Capitolio, sie\u0300ge du Parlement cubain, le Premier ministre a e\u0301te\u0301 accueilli par le pre\u0301sident de l\u2019Assemble\u0301e nationale de Cuba M. Esteban Lazo.<\/p>\n<p>M. Abdpulkader Kamil Mohamed et les membres de sa de\u0301le\u0301gation ont ensuite eu droit a\u0300 une visite guide\u0301e dans les diffe\u0301rentes structures de cette institution, haut symbole du pouvoir a\u0300 Cuba.<\/p>\n<p>A l&rsquo;issue de la visite, le Premier ministre s&rsquo;est entretenu en te\u0302te-a\u0300-te\u0302te avec le pre\u0301sident du Parlement cubain avec il a e\u0301change\u0301 sur l\u2019e\u0301tat des relations de coope\u0301ration entre les deux pays, avant de passer en revue plusieurs sujets d&rsquo;inte\u0301re\u0302t commun.<\/p>\n<p>Ils ont convenu de renforcer ces relations en redynamisant la coope\u0301ration parlementaire dans l&rsquo;inte\u0301re\u0302t mutuel des deux peuples.<\/p>\n<p>Le Premier ministre a profite\u0301 de cette occasion pour adresser une invitation au pre\u0301sident de l\u2019Assemble\u0301e nationale a\u0300 visiter Djibouti en vue de promouvoir les liens d\u2019amitie\u0301 et de fraternite\u0301 entre les deux nations a\u0300 travers leurs institutions parlementaires.<\/p>\n<p><strong>Pour plus d&rsquo;informations et d&rsquo;analyses sur la <a href=\"https:\/\/www.africa-press.net\/djibouti\">Djibouti<\/a>, suivez <a href=\"https:\/\/www.africa-press.net\/\">Africa-Press<\/a><\/strong><\/p>\n","protected":false},"excerpt":{"rendered":"<p>Africa-Press &#8211; Djibouti. En visite de travail a\u0300 La Havane, le Premier ministre, M. Abdoulkader Kamil Mohamed, s&rsquo;est rendu hier au sie\u0300ge de la repre\u0301sentation nationale cubaine. Cette visite au Parlement cubain marquait la fin du se\u0301jour du travail du Premier ministre et par ailleurs et de la de\u0301le\u0301gation qui l&rsquo;accompagnait a\u0300 Cuba. A\u0300 son [&hellip;]<\/p>\n","protected":false},"author":82,"featured_media":17878,"comment_status":"open","ping_status":"closed","sticky":false,"template":"","format":"standard","meta":{"footnotes":""},"categories":[2,10],"tags":[36,49,50],"class_list":["post-17879","post","type-post","status-publish","format-standard","has-post-thumbnail","hentry","category-politique","category-toutes-les-actualites","tag-africa-press","tag-africa-press-djibouti","tag-djibouti"],"yoast_head":"<!-- This site is optimized with the Yoast SEO Premium plugin v26.1 (Yoast SEO v27.0) - https:\/\/yoast.com\/product\/yoast-seo-premium-wordpress\/ -->\n<title>Le Premier ministre Abdoulkader Kamil Mohamed visite le Parlement cubain - Djibouti<\/title>\n<meta name=\"description\" content=\"En visite de travail a\u0300 La Havane, le Premier ministre, M. Abdoulkader Kamil Mohamed, s&#039;est rendu hier au sie\u0300ge de la r ...\" \/>\n<meta name=\"robots\" content=\"index, follow, max-snippet:-1, max-image-preview:large, max-video-preview:-1\" \/>\n<link rel=\"canonical\" href=\"https:\/\/www.africa-press.net\/djibouti\/politique\/le-premier-ministre-abdoulkader-kamil-mohamed-visite-le-parlement-cubain\" \/>\n<meta property=\"og:locale\" content=\"fr_FR\" \/>\n<meta property=\"og:type\" content=\"article\" \/>\n<meta property=\"og:title\" content=\"Le Premier ministre Abdoulkader Kamil Mohamed visite le Parlement cubain\" \/>\n<meta property=\"og:description\" content=\"En visite de travail a\u0300 La Havane, le Premier ministre, M. Abdoulkader Kamil Mohamed, s&#039;est rendu hier au sie\u0300ge de la r ...\" \/>\n<meta property=\"og:url\" content=\"https:\/\/www.africa-press.net\/djibouti\/politique\/le-premier-ministre-abdoulkader-kamil-mohamed-visite-le-parlement-cubain\" \/>\n<meta property=\"og:site_name\" content=\"Djibouti\" \/>\n<meta property=\"article:published_time\" content=\"2023-09-15T17:52:56+00:00\" \/>\n<meta property=\"article:modified_time\" content=\"2023-09-15T18:40:55+00:00\" \/>\n<meta property=\"og:image\" content=\"https:\/\/static.africa-press.net\/djibouti\/sites\/52\/2023\/09\/sm_1694790610.415425.jpg\" \/>\n\t<meta property=\"og:image:width\" content=\"1080\" \/>\n\t<meta property=\"og:image:height\" content=\"577\" \/>\n\t<meta property=\"og:image:type\" content=\"image\/jpeg\" \/>\n<meta name=\"author\" content=\"cfeditorfr\" \/>\n<meta name=\"twitter:card\" content=\"summary_large_image\" \/>\n<meta name=\"twitter:label1\" content=\"\u00c9crit par\" \/>\n\t<meta name=\"twitter:data1\" content=\"cfeditorfr\" \/>\n\t<meta name=\"twitter:label2\" content=\"Dur\u00e9e de lecture estim\u00e9e\" \/>\n\t<meta name=\"twitter:data2\" content=\"3 minutes\" \/>\n<script type=\"application\/ld+json\" class=\"yoast-schema-graph\">{\"@context\":\"https:\/\/schema.org\",\"@graph\":[{\"@type\":\"Article\",\"@id\":\"https:\/\/www.africa-press.net\/djibouti\/politique\/le-premier-ministre-abdoulkader-kamil-mohamed-visite-le-parlement-cubain#article\",\"isPartOf\":{\"@id\":\"https:\/\/www.africa-press.net\/djibouti\/politique\/le-premier-ministre-abdoulkader-kamil-mohamed-visite-le-parlement-cubain\"},\"author\":{\"name\":\"cfeditorfr\",\"@id\":\"https:\/\/www.africa-press.net\/djibouti\/#\/schema\/person\/2b1cf3cd81a31e3cd26889ca66d677f1\"},\"headline\":\"Le Premier ministre Abdoulkader Kamil Mohamed visite le Parlement cubain\",\"datePublished\":\"2023-09-15T17:52:56+00:00\",\"dateModified\":\"2023-09-15T18:40:55+00:00\",\"mainEntityOfPage\":{\"@id\":\"https:\/\/www.africa-press.net\/djibouti\/politique\/le-premier-ministre-abdoulkader-kamil-mohamed-visite-le-parlement-cubain\"},\"wordCount\":511,\"commentCount\":0,\"image\":{\"@id\":\"https:\/\/www.africa-press.net\/djibouti\/politique\/le-premier-ministre-abdoulkader-kamil-mohamed-visite-le-parlement-cubain#primaryimage\"},\"thumbnailUrl\":\"https:\/\/static.africa-press.net\/djibouti\/sites\/52\/2023\/09\/sm_1694790610.415425.jpg\",\"keywords\":[\"Africa Press\",\"Africa Press-Djibouti\",\"Djibouti\"],\"articleSection\":[\"Politique\",\"Toutes les actualit\u00e9s\"],\"inLanguage\":\"fr-FR\",\"potentialAction\":[{\"@type\":\"CommentAction\",\"name\":\"Comment\",\"target\":[\"https:\/\/www.africa-press.net\/djibouti\/politique\/le-premier-ministre-abdoulkader-kamil-mohamed-visite-le-parlement-cubain#respond\"]}]},{\"@type\":\"WebPage\",\"@id\":\"https:\/\/www.africa-press.net\/djibouti\/politique\/le-premier-ministre-abdoulkader-kamil-mohamed-visite-le-parlement-cubain\",\"url\":\"https:\/\/www.africa-press.net\/djibouti\/politique\/le-premier-ministre-abdoulkader-kamil-mohamed-visite-le-parlement-cubain\",\"name\":\"Le Premier ministre Abdoulkader Kamil Mohamed visite le Parlement cubain - Djibouti\",\"isPartOf\":{\"@id\":\"https:\/\/www.africa-press.net\/djibouti\/#website\"},\"primaryImageOfPage\":{\"@id\":\"https:\/\/www.africa-press.net\/djibouti\/politique\/le-premier-ministre-abdoulkader-kamil-mohamed-visite-le-parlement-cubain#primaryimage\"},\"image\":{\"@id\":\"https:\/\/www.africa-press.net\/djibouti\/politique\/le-premier-ministre-abdoulkader-kamil-mohamed-visite-le-parlement-cubain#primaryimage\"},\"thumbnailUrl\":\"https:\/\/static.africa-press.net\/djibouti\/sites\/52\/2023\/09\/sm_1694790610.415425.jpg\",\"datePublished\":\"2023-09-15T17:52:56+00:00\",\"dateModified\":\"2023-09-15T18:40:55+00:00\",\"author\":{\"@id\":\"https:\/\/www.africa-press.net\/djibouti\/#\/schema\/person\/2b1cf3cd81a31e3cd26889ca66d677f1\"},\"description\":\"En visite de travail a\u0300 La Havane, le Premier ministre, M. Abdoulkader Kamil Mohamed, s'est rendu hier au sie\u0300ge de la r ...\",\"breadcrumb\":{\"@id\":\"https:\/\/www.africa-press.net\/djibouti\/politique\/le-premier-ministre-abdoulkader-kamil-mohamed-visite-le-parlement-cubain#breadcrumb\"},\"inLanguage\":\"fr-FR\",\"potentialAction\":[{\"@type\":\"ReadAction\",\"target\":[\"https:\/\/www.africa-press.net\/djibouti\/politique\/le-premier-ministre-abdoulkader-kamil-mohamed-visite-le-parlement-cubain\"]}]},{\"@type\":\"ImageObject\",\"inLanguage\":\"fr-FR\",\"@id\":\"https:\/\/www.africa-press.net\/djibouti\/politique\/le-premier-ministre-abdoulkader-kamil-mohamed-visite-le-parlement-cubain#primaryimage\",\"url\":\"https:\/\/static.africa-press.net\/djibouti\/sites\/52\/2023\/09\/sm_1694790610.415425.jpg\",\"contentUrl\":\"https:\/\/static.africa-press.net\/djibouti\/sites\/52\/2023\/09\/sm_1694790610.415425.jpg\",\"width\":1080,\"height\":577,\"caption\":\"Le Premier ministre Abdoulkader Kamil Mohamed visite le Parlement cubain\"},{\"@type\":\"BreadcrumbList\",\"@id\":\"https:\/\/www.africa-press.net\/djibouti\/politique\/le-premier-ministre-abdoulkader-kamil-mohamed-visite-le-parlement-cubain#breadcrumb\",\"itemListElement\":[{\"@type\":\"ListItem\",\"position\":1,\"name\":\"Accueil\",\"item\":\"https:\/\/www.africa-press.net\/djibouti\/\"},{\"@type\":\"ListItem\",\"position\":2,\"name\":\"Le Premier ministre Abdoulkader Kamil Mohamed visite le Parlement cubain\"}]},{\"@type\":\"WebSite\",\"@id\":\"https:\/\/www.africa-press.net\/djibouti\/#website\",\"url\":\"https:\/\/www.africa-press.net\/djibouti\/\",\"name\":\"Djibouti\",\"description\":\"Just another Africa News Agency Sites site\",\"potentialAction\":[{\"@type\":\"SearchAction\",\"target\":{\"@type\":\"EntryPoint\",\"urlTemplate\":\"https:\/\/www.africa-press.net\/djibouti\/?s={search_term_string}\"},\"query-input\":{\"@type\":\"PropertyValueSpecification\",\"valueRequired\":true,\"valueName\":\"search_term_string\"}}],\"inLanguage\":\"fr-FR\"},{\"@type\":\"Person\",\"@id\":\"https:\/\/www.africa-press.net\/djibouti\/#\/schema\/person\/2b1cf3cd81a31e3cd26889ca66d677f1\",\"name\":\"cfeditorfr\"}]}<\/script>\n<!-- \/ Yoast SEO Premium plugin. -->","yoast_head_json":{"title":"Le Premier ministre Abdoulkader Kamil Mohamed visite le Parlement cubain - Djibouti","description":"En visite de travail a\u0300 La Havane, le Premier ministre, M. Abdoulkader Kamil Mohamed, s'est rendu hier au sie\u0300ge de la r ...","robots":{"index":"index","follow":"follow","max-snippet":"max-snippet:-1","max-image-preview":"max-image-preview:large","max-video-preview":"max-video-preview:-1"},"canonical":"https:\/\/www.africa-press.net\/djibouti\/politique\/le-premier-ministre-abdoulkader-kamil-mohamed-visite-le-parlement-cubain","og_locale":"fr_FR","og_type":"article","og_title":"Le Premier ministre Abdoulkader Kamil Mohamed visite le Parlement cubain","og_description":"En visite de travail a\u0300 La Havane, le Premier ministre, M. Abdoulkader Kamil Mohamed, s'est rendu hier au sie\u0300ge de la r ...","og_url":"https:\/\/www.africa-press.net\/djibouti\/politique\/le-premier-ministre-abdoulkader-kamil-mohamed-visite-le-parlement-cubain","og_site_name":"Djibouti","article_published_time":"2023-09-15T17:52:56+00:00","article_modified_time":"2023-09-15T18:40:55+00:00","og_image":[{"width":1080,"height":577,"url":"https:\/\/static.africa-press.net\/djibouti\/sites\/52\/2023\/09\/sm_1694790610.415425.jpg","type":"image\/jpeg"}],"author":"cfeditorfr","twitter_card":"summary_large_image","twitter_misc":{"\u00c9crit par":"cfeditorfr","Dur\u00e9e de lecture estim\u00e9e":"3 minutes"},"schema":{"@context":"https:\/\/schema.org","@graph":[{"@type":"Article","@id":"https:\/\/www.africa-press.net\/djibouti\/politique\/le-premier-ministre-abdoulkader-kamil-mohamed-visite-le-parlement-cubain#article","isPartOf":{"@id":"https:\/\/www.africa-press.net\/djibouti\/politique\/le-premier-ministre-abdoulkader-kamil-mohamed-visite-le-parlement-cubain"},"author":{"name":"cfeditorfr","@id":"https:\/\/www.africa-press.net\/djibouti\/#\/schema\/person\/2b1cf3cd81a31e3cd26889ca66d677f1"},"headline":"Le Premier ministre Abdoulkader Kamil Mohamed visite le Parlement cubain","datePublished":"2023-09-15T17:52:56+00:00","dateModified":"2023-09-15T18:40:55+00:00","mainEntityOfPage":{"@id":"https:\/\/www.africa-press.net\/djibouti\/politique\/le-premier-ministre-abdoulkader-kamil-mohamed-visite-le-parlement-cubain"},"wordCount":511,"commentCount":0,"image":{"@id":"https:\/\/www.africa-press.net\/djibouti\/politique\/le-premier-ministre-abdoulkader-kamil-mohamed-visite-le-parlement-cubain#primaryimage"},"thumbnailUrl":"https:\/\/static.africa-press.net\/djibouti\/sites\/52\/2023\/09\/sm_1694790610.415425.jpg","keywords":["Africa Press","Africa Press-Djibouti","Djibouti"],"articleSection":["Politique","Toutes les actualit\u00e9s"],"inLanguage":"fr-FR","potentialAction":[{"@type":"CommentAction","name":"Comment","target":["https:\/\/www.africa-press.net\/djibouti\/politique\/le-premier-ministre-abdoulkader-kamil-mohamed-visite-le-parlement-cubain#respond"]}]},{"@type":"WebPage","@id":"https:\/\/www.africa-press.net\/djibouti\/politique\/le-premier-ministre-abdoulkader-kamil-mohamed-visite-le-parlement-cubain","url":"https:\/\/www.africa-press.net\/djibouti\/politique\/le-premier-ministre-abdoulkader-kamil-mohamed-visite-le-parlement-cubain","name":"Le Premier ministre Abdoulkader Kamil Mohamed visite le Parlement cubain - Djibouti","isPartOf":{"@id":"https:\/\/www.africa-press.net\/djibouti\/#website"},"primaryImageOfPage":{"@id":"https:\/\/www.africa-press.net\/djibouti\/politique\/le-premier-ministre-abdoulkader-kamil-mohamed-visite-le-parlement-cubain#primaryimage"},"image":{"@id":"https:\/\/www.africa-press.net\/djibouti\/politique\/le-premier-ministre-abdoulkader-kamil-mohamed-visite-le-parlement-cubain#primaryimage"},"thumbnailUrl":"https:\/\/static.africa-press.net\/djibouti\/sites\/52\/2023\/09\/sm_1694790610.415425.jpg","datePublished":"2023-09-15T17:52:56+00:00","dateModified":"2023-09-15T18:40:55+00:00","author":{"@id":"https:\/\/www.africa-press.net\/djibouti\/#\/schema\/person\/2b1cf3cd81a31e3cd26889ca66d677f1"},"description":"En visite de travail a\u0300 La Havane, le Premier ministre, M. Abdoulkader Kamil Mohamed, s'est rendu hier au sie\u0300ge de la r ...","breadcrumb":{"@id":"https:\/\/www.africa-press.net\/djibouti\/politique\/le-premier-ministre-abdoulkader-kamil-mohamed-visite-le-parlement-cubain#breadcrumb"},"inLanguage":"fr-FR","potentialAction":[{"@type":"ReadAction","target":["https:\/\/www.africa-press.net\/djibouti\/politique\/le-premier-ministre-abdoulkader-kamil-mohamed-visite-le-parlement-cubain"]}]},{"@type":"ImageObject","inLanguage":"fr-FR","@id":"https:\/\/www.africa-press.net\/djibouti\/politique\/le-premier-ministre-abdoulkader-kamil-mohamed-visite-le-parlement-cubain#primaryimage","url":"https:\/\/static.africa-press.net\/djibouti\/sites\/52\/2023\/09\/sm_1694790610.415425.jpg","contentUrl":"https:\/\/static.africa-press.net\/djibouti\/sites\/52\/2023\/09\/sm_1694790610.415425.jpg","width":1080,"height":577,"caption":"Le Premier ministre Abdoulkader Kamil Mohamed visite le Parlement cubain"},{"@type":"BreadcrumbList","@id":"https:\/\/www.africa-press.net\/djibouti\/politique\/le-premier-ministre-abdoulkader-kamil-mohamed-visite-le-parlement-cubain#breadcrumb","itemListElement":[{"@type":"ListItem","position":1,"name":"Accueil","item":"https:\/\/www.africa-press.net\/djibouti\/"},{"@type":"ListItem","position":2,"name":"Le Premier ministre Abdoulkader Kamil Mohamed visite le Parlement cubain"}]},{"@type":"WebSite","@id":"https:\/\/www.africa-press.net\/djibouti\/#website","url":"https:\/\/www.africa-press.net\/djibouti\/","name":"Djibouti","description":"Just another Africa News Agency Sites site","potentialAction":[{"@type":"SearchAction","target":{"@type":"EntryPoint","urlTemplate":"https:\/\/www.africa-press.net\/djibouti\/?s={search_term_string}"},"query-input":{"@type":"PropertyValueSpecification","valueRequired":true,"valueName":"search_term_string"}}],"inLanguage":"fr-FR"},{"@type":"Person","@id":"https:\/\/www.africa-press.net\/djibouti\/#\/schema\/person\/2b1cf3cd81a31e3cd26889ca66d677f1","name":"cfeditorfr"}]}},"_links":{"self":[{"href":"https:\/\/www.africa-press.net\/djibouti\/wp-json\/wp\/v2\/posts\/17879","targetHints":{"allow":["GET"]}}],"collection":[{"href":"https:\/\/www.africa-press.net\/djibouti\/wp-json\/wp\/v2\/posts"}],"about":[{"href":"https:\/\/www.africa-press.net\/djibouti\/wp-json\/wp\/v2\/types\/post"}],"author":[{"embeddable":true,"href":"https:\/\/www.africa-press.net\/djibouti\/wp-json\/wp\/v2\/users\/82"}],"replies":[{"embeddable":true,"href":"https:\/\/www.africa-press.net\/djibouti\/wp-json\/wp\/v2\/comments?post=17879"}],"version-history":[{"count":0,"href":"https:\/\/www.africa-press.net\/djibouti\/wp-json\/wp\/v2\/posts\/17879\/revisions"}],"wp:featuredmedia":[{"embeddable":true,"href":"https:\/\/www.africa-press.net\/djibouti\/wp-json\/wp\/v2\/media\/17878"}],"wp:attachment":[{"href":"https:\/\/www.africa-press.net\/djibouti\/wp-json\/wp\/v2\/media?parent=17879"}],"wp:term":[{"taxonomy":"category","embeddable":true,"href":"https:\/\/www.africa-press.net\/djibouti\/wp-json\/wp\/v2\/categories?post=17879"},{"taxonomy":"post_tag","embeddable":true,"href":"https:\/\/www.africa-press.net\/djibouti\/wp-json\/wp\/v2\/tags?post=17879"}],"curies":[{"name":"wp","href":"https:\/\/api.w.org\/{rel}","templated":true}]}}