{"id":17904,"date":"2023-09-16T15:07:27","date_gmt":"2023-09-16T15:07:27","guid":{"rendered":"https:\/\/www.africa-press.net\/djibouti\/politique\/un-livre-pour-repenser-la-prehistoire"},"modified":"2023-09-16T15:45:33","modified_gmt":"2023-09-16T15:45:33","slug":"un-livre-pour-repenser-la-prehistoire","status":"publish","type":"post","link":"https:\/\/www.africa-press.net\/djibouti\/toutes-les-actualites\/un-livre-pour-repenser-la-prehistoire","title":{"rendered":"Un livre pour repenser la pr\u00e9histoire"},"content":{"rendered":"<p><span style=\"color: #ff6600\"><strong>Africa-Press &#8211; Djibouti. <\/strong><\/span><b> Une pre\u0301histoire plurielle <\/b><\/p>\n<p>Pourquoi ne pas parler d&rsquo;histoire des commencements et re\u0301cuser l&rsquo;une des ce\u0301sures couramment accepte\u0301es entre pre\u0301histoire et histoire, l&rsquo;usage de l&rsquo;e\u0301criture ? Pourquoi ne pas se re\u0301fe\u0301rer a\u0300 des pale\u0301olithiques et des ne\u0301olithiques pluriels, plus pertinents a\u0300 l&rsquo;e\u0301gard de la multiplicite\u0301 des re\u0301alite\u0301s sonde\u0301es par l&rsquo;arche\u0301ologie pre\u0301historique ? On marte\u0300le ici que cette science trouve sa comple\u0301tude dans les interactions interdisciplinaires, en particulier avec les sciences humaines, et engendre d&rsquo;ine\u0301dites visions de\u0300s lors qu&rsquo;elle s&rsquo;ouvre aux alte\u0301rite\u0301s ge\u0301ographiques et franchit les frontie\u0300res du temps, des symboliques, des techniques, a\u0300 l&rsquo;inte\u0301rieur desquelles on l&rsquo;a confine\u0301e.<\/p>\n<p><b> Une de\u0301construction de la codification temporelle<\/b><\/p>\n<p>Sortir de l&rsquo;Europe, appre\u0301hender d&rsquo;autres usages des outils, d&rsquo;autres organisations de socie\u0301te\u0301s humaines, d&rsquo;autres imaginaires&#8230; \u00ab\u00a0Regarder d&rsquo;autres lointains \u00a0\u00bb en somme, mieux cohabiter avec les autres vivants, d&rsquo;apre\u0300s Jean-Michel Geneste, codirecteur de l&rsquo;ouvrage. Une cinquantaine de contributeurs &#8211; philosophes, anthropologues, historiens, artistes, e\u0301cologues, dirige\u0301s par un brillant trio de spe\u0301cialistes &#8211; nourrit cette excitante \u0153uvre de de\u0301construction de la codification temporelle, analyse les avance\u0301es techniques, les apports de la multidisciplinarite\u0301, et l&rsquo;e\u0301volution des modes de transmission des connaissances. Car l&rsquo;engouement pour ce que l&rsquo;on nommera encore ici la pre\u0301histoire emme\u0300ne aussi a\u0300 re\u0301inventer le partage des savoirs.<\/p>\n<p>E\u0301ditions de la Maison de sciences de l&rsquo;homme<\/p>\n<p><b>\u00ab\u00a0Pre\u0301histoire, nouvelles frontie\u0300res\u00a0\u00bb,<\/b> <b>sous la direction de Jean-Michel Geneste, Philippe Grosos et Boris Valentin, E\u0301ditions de la Maison de sciences de l&rsquo;homme, 468 p., 25 \u20ac<\/b><\/p>\n<p><strong>Pour plus d&rsquo;informations et d&rsquo;analyses sur la <a href=\"https:\/\/www.africa-press.net\/djibouti\">Djibouti<\/a>, suivez <a href=\"https:\/\/www.africa-press.net\/\">Africa-Press<\/a><\/strong><\/p>\n","protected":false},"excerpt":{"rendered":"<p>Africa-Press &#8211; Djibouti. Une pre\u0301histoire plurielle Pourquoi ne pas parler d&rsquo;histoire des commencements et re\u0301cuser l&rsquo;une des ce\u0301sures couramment accepte\u0301es entre pre\u0301histoire et histoire, l&rsquo;usage de l&rsquo;e\u0301criture ? Pourquoi ne pas se re\u0301fe\u0301rer a\u0300 des pale\u0301olithiques et des ne\u0301olithiques pluriels, plus pertinents a\u0300 l&rsquo;e\u0301gard de la multiplicite\u0301 des re\u0301alite\u0301s sonde\u0301es par l&rsquo;arche\u0301ologie pre\u0301historique ? On [&hellip;]<\/p>\n","protected":false},"author":82,"featured_media":17903,"comment_status":"open","ping_status":"closed","sticky":false,"template":"","format":"standard","meta":{"footnotes":""},"categories":[22,10],"tags":[36,49,50],"class_list":["post-17904","post","type-post","status-publish","format-standard","has-post-thumbnail","hentry","category-divers","category-toutes-les-actualites","tag-africa-press","tag-africa-press-djibouti","tag-djibouti"],"yoast_head":"<!-- This site is optimized with the Yoast SEO Premium plugin v26.1 (Yoast SEO v27.0) - https:\/\/yoast.com\/product\/yoast-seo-premium-wordpress\/ -->\n<title>Un livre pour repenser la pr\u00e9histoire - Djibouti<\/title>\n<meta name=\"description\" content=\"Une pre\u0301histoire plurielle Pourquoi ne pas parler d&#039;histoire des commencements et re\u0301cuser l&#039;une des ce\u0301sures ...\" \/>\n<meta name=\"robots\" content=\"index, follow, max-snippet:-1, max-image-preview:large, max-video-preview:-1\" \/>\n<link rel=\"canonical\" href=\"https:\/\/www.africa-press.net\/djibouti\/toutes-les-actualites\/un-livre-pour-repenser-la-prehistoire\" \/>\n<meta property=\"og:locale\" content=\"fr_FR\" \/>\n<meta property=\"og:type\" content=\"article\" \/>\n<meta property=\"og:title\" content=\"Un livre pour repenser la pr\u00e9histoire\" \/>\n<meta property=\"og:description\" content=\"Une pre\u0301histoire plurielle Pourquoi ne pas parler d&#039;histoire des commencements et re\u0301cuser l&#039;une des ce\u0301sures ...\" \/>\n<meta property=\"og:url\" content=\"https:\/\/www.africa-press.net\/djibouti\/toutes-les-actualites\/un-livre-pour-repenser-la-prehistoire\" \/>\n<meta property=\"og:site_name\" content=\"Djibouti\" \/>\n<meta property=\"article:published_time\" content=\"2023-09-16T15:07:27+00:00\" \/>\n<meta property=\"article:modified_time\" content=\"2023-09-16T15:45:33+00:00\" \/>\n<meta property=\"og:image\" content=\"https:\/\/static.africa-press.net\/djibouti\/sites\/52\/2023\/09\/sm_1694866481.826914.jpg\" \/>\n\t<meta property=\"og:image:width\" content=\"1200\" \/>\n\t<meta property=\"og:image:height\" content=\"898\" \/>\n\t<meta property=\"og:image:type\" content=\"image\/jpeg\" \/>\n<meta name=\"author\" content=\"cfeditorfr\" \/>\n<meta name=\"twitter:card\" content=\"summary_large_image\" \/>\n<meta name=\"twitter:label1\" content=\"\u00c9crit par\" \/>\n\t<meta name=\"twitter:data1\" content=\"cfeditorfr\" \/>\n\t<meta name=\"twitter:label2\" content=\"Dur\u00e9e de lecture estim\u00e9e\" \/>\n\t<meta name=\"twitter:data2\" content=\"2 minutes\" \/>\n<script type=\"application\/ld+json\" class=\"yoast-schema-graph\">{\"@context\":\"https:\/\/schema.org\",\"@graph\":[{\"@type\":\"Article\",\"@id\":\"https:\/\/www.africa-press.net\/djibouti\/toutes-les-actualites\/un-livre-pour-repenser-la-prehistoire#article\",\"isPartOf\":{\"@id\":\"https:\/\/www.africa-press.net\/djibouti\/toutes-les-actualites\/un-livre-pour-repenser-la-prehistoire\"},\"author\":{\"name\":\"cfeditorfr\",\"@id\":\"https:\/\/www.africa-press.net\/djibouti\/#\/schema\/person\/2b1cf3cd81a31e3cd26889ca66d677f1\"},\"headline\":\"Un livre pour repenser la pr\u00e9histoire\",\"datePublished\":\"2023-09-16T15:07:27+00:00\",\"dateModified\":\"2023-09-16T15:45:33+00:00\",\"mainEntityOfPage\":{\"@id\":\"https:\/\/www.africa-press.net\/djibouti\/toutes-les-actualites\/un-livre-pour-repenser-la-prehistoire\"},\"wordCount\":317,\"commentCount\":0,\"image\":{\"@id\":\"https:\/\/www.africa-press.net\/djibouti\/toutes-les-actualites\/un-livre-pour-repenser-la-prehistoire#primaryimage\"},\"thumbnailUrl\":\"https:\/\/static.africa-press.net\/djibouti\/sites\/52\/2023\/09\/sm_1694866481.826914.jpg\",\"keywords\":[\"Africa Press\",\"Africa Press-Djibouti\",\"Djibouti\"],\"articleSection\":[\"Divers\",\"Toutes les actualit\u00e9s\"],\"inLanguage\":\"fr-FR\",\"potentialAction\":[{\"@type\":\"CommentAction\",\"name\":\"Comment\",\"target\":[\"https:\/\/www.africa-press.net\/djibouti\/toutes-les-actualites\/un-livre-pour-repenser-la-prehistoire#respond\"]}]},{\"@type\":\"WebPage\",\"@id\":\"https:\/\/www.africa-press.net\/djibouti\/toutes-les-actualites\/un-livre-pour-repenser-la-prehistoire\",\"url\":\"https:\/\/www.africa-press.net\/djibouti\/toutes-les-actualites\/un-livre-pour-repenser-la-prehistoire\",\"name\":\"Un livre pour repenser la pr\u00e9histoire - Djibouti\",\"isPartOf\":{\"@id\":\"https:\/\/www.africa-press.net\/djibouti\/#website\"},\"primaryImageOfPage\":{\"@id\":\"https:\/\/www.africa-press.net\/djibouti\/toutes-les-actualites\/un-livre-pour-repenser-la-prehistoire#primaryimage\"},\"image\":{\"@id\":\"https:\/\/www.africa-press.net\/djibouti\/toutes-les-actualites\/un-livre-pour-repenser-la-prehistoire#primaryimage\"},\"thumbnailUrl\":\"https:\/\/static.africa-press.net\/djibouti\/sites\/52\/2023\/09\/sm_1694866481.826914.jpg\",\"datePublished\":\"2023-09-16T15:07:27+00:00\",\"dateModified\":\"2023-09-16T15:45:33+00:00\",\"author\":{\"@id\":\"https:\/\/www.africa-press.net\/djibouti\/#\/schema\/person\/2b1cf3cd81a31e3cd26889ca66d677f1\"},\"description\":\"Une pre\u0301histoire plurielle Pourquoi ne pas parler d'histoire des commencements et re\u0301cuser l'une des ce\u0301sures ...\",\"breadcrumb\":{\"@id\":\"https:\/\/www.africa-press.net\/djibouti\/toutes-les-actualites\/un-livre-pour-repenser-la-prehistoire#breadcrumb\"},\"inLanguage\":\"fr-FR\",\"potentialAction\":[{\"@type\":\"ReadAction\",\"target\":[\"https:\/\/www.africa-press.net\/djibouti\/toutes-les-actualites\/un-livre-pour-repenser-la-prehistoire\"]}]},{\"@type\":\"ImageObject\",\"inLanguage\":\"fr-FR\",\"@id\":\"https:\/\/www.africa-press.net\/djibouti\/toutes-les-actualites\/un-livre-pour-repenser-la-prehistoire#primaryimage\",\"url\":\"https:\/\/static.africa-press.net\/djibouti\/sites\/52\/2023\/09\/sm_1694866481.826914.jpg\",\"contentUrl\":\"https:\/\/static.africa-press.net\/djibouti\/sites\/52\/2023\/09\/sm_1694866481.826914.jpg\",\"width\":1200,\"height\":898,\"caption\":\"Un livre pour repenser la pr\u00e9histoire\"},{\"@type\":\"BreadcrumbList\",\"@id\":\"https:\/\/www.africa-press.net\/djibouti\/toutes-les-actualites\/un-livre-pour-repenser-la-prehistoire#breadcrumb\",\"itemListElement\":[{\"@type\":\"ListItem\",\"position\":1,\"name\":\"Accueil\",\"item\":\"https:\/\/www.africa-press.net\/djibouti\/\"},{\"@type\":\"ListItem\",\"position\":2,\"name\":\"Un livre pour repenser la pr\u00e9histoire\"}]},{\"@type\":\"WebSite\",\"@id\":\"https:\/\/www.africa-press.net\/djibouti\/#website\",\"url\":\"https:\/\/www.africa-press.net\/djibouti\/\",\"name\":\"Djibouti\",\"description\":\"Just another Africa News Agency Sites site\",\"potentialAction\":[{\"@type\":\"SearchAction\",\"target\":{\"@type\":\"EntryPoint\",\"urlTemplate\":\"https:\/\/www.africa-press.net\/djibouti\/?s={search_term_string}\"},\"query-input\":{\"@type\":\"PropertyValueSpecification\",\"valueRequired\":true,\"valueName\":\"search_term_string\"}}],\"inLanguage\":\"fr-FR\"},{\"@type\":\"Person\",\"@id\":\"https:\/\/www.africa-press.net\/djibouti\/#\/schema\/person\/2b1cf3cd81a31e3cd26889ca66d677f1\",\"name\":\"cfeditorfr\"}]}<\/script>\n<!-- \/ Yoast SEO Premium plugin. -->","yoast_head_json":{"title":"Un livre pour repenser la pr\u00e9histoire - Djibouti","description":"Une pre\u0301histoire plurielle Pourquoi ne pas parler d'histoire des commencements et re\u0301cuser l'une des ce\u0301sures ...","robots":{"index":"index","follow":"follow","max-snippet":"max-snippet:-1","max-image-preview":"max-image-preview:large","max-video-preview":"max-video-preview:-1"},"canonical":"https:\/\/www.africa-press.net\/djibouti\/toutes-les-actualites\/un-livre-pour-repenser-la-prehistoire","og_locale":"fr_FR","og_type":"article","og_title":"Un livre pour repenser la pr\u00e9histoire","og_description":"Une pre\u0301histoire plurielle Pourquoi ne pas parler d'histoire des commencements et re\u0301cuser l'une des ce\u0301sures ...","og_url":"https:\/\/www.africa-press.net\/djibouti\/toutes-les-actualites\/un-livre-pour-repenser-la-prehistoire","og_site_name":"Djibouti","article_published_time":"2023-09-16T15:07:27+00:00","article_modified_time":"2023-09-16T15:45:33+00:00","og_image":[{"width":1200,"height":898,"url":"https:\/\/static.africa-press.net\/djibouti\/sites\/52\/2023\/09\/sm_1694866481.826914.jpg","type":"image\/jpeg"}],"author":"cfeditorfr","twitter_card":"summary_large_image","twitter_misc":{"\u00c9crit par":"cfeditorfr","Dur\u00e9e de lecture estim\u00e9e":"2 minutes"},"schema":{"@context":"https:\/\/schema.org","@graph":[{"@type":"Article","@id":"https:\/\/www.africa-press.net\/djibouti\/toutes-les-actualites\/un-livre-pour-repenser-la-prehistoire#article","isPartOf":{"@id":"https:\/\/www.africa-press.net\/djibouti\/toutes-les-actualites\/un-livre-pour-repenser-la-prehistoire"},"author":{"name":"cfeditorfr","@id":"https:\/\/www.africa-press.net\/djibouti\/#\/schema\/person\/2b1cf3cd81a31e3cd26889ca66d677f1"},"headline":"Un livre pour repenser la pr\u00e9histoire","datePublished":"2023-09-16T15:07:27+00:00","dateModified":"2023-09-16T15:45:33+00:00","mainEntityOfPage":{"@id":"https:\/\/www.africa-press.net\/djibouti\/toutes-les-actualites\/un-livre-pour-repenser-la-prehistoire"},"wordCount":317,"commentCount":0,"image":{"@id":"https:\/\/www.africa-press.net\/djibouti\/toutes-les-actualites\/un-livre-pour-repenser-la-prehistoire#primaryimage"},"thumbnailUrl":"https:\/\/static.africa-press.net\/djibouti\/sites\/52\/2023\/09\/sm_1694866481.826914.jpg","keywords":["Africa Press","Africa Press-Djibouti","Djibouti"],"articleSection":["Divers","Toutes les actualit\u00e9s"],"inLanguage":"fr-FR","potentialAction":[{"@type":"CommentAction","name":"Comment","target":["https:\/\/www.africa-press.net\/djibouti\/toutes-les-actualites\/un-livre-pour-repenser-la-prehistoire#respond"]}]},{"@type":"WebPage","@id":"https:\/\/www.africa-press.net\/djibouti\/toutes-les-actualites\/un-livre-pour-repenser-la-prehistoire","url":"https:\/\/www.africa-press.net\/djibouti\/toutes-les-actualites\/un-livre-pour-repenser-la-prehistoire","name":"Un livre pour repenser la pr\u00e9histoire - Djibouti","isPartOf":{"@id":"https:\/\/www.africa-press.net\/djibouti\/#website"},"primaryImageOfPage":{"@id":"https:\/\/www.africa-press.net\/djibouti\/toutes-les-actualites\/un-livre-pour-repenser-la-prehistoire#primaryimage"},"image":{"@id":"https:\/\/www.africa-press.net\/djibouti\/toutes-les-actualites\/un-livre-pour-repenser-la-prehistoire#primaryimage"},"thumbnailUrl":"https:\/\/static.africa-press.net\/djibouti\/sites\/52\/2023\/09\/sm_1694866481.826914.jpg","datePublished":"2023-09-16T15:07:27+00:00","dateModified":"2023-09-16T15:45:33+00:00","author":{"@id":"https:\/\/www.africa-press.net\/djibouti\/#\/schema\/person\/2b1cf3cd81a31e3cd26889ca66d677f1"},"description":"Une pre\u0301histoire plurielle Pourquoi ne pas parler d'histoire des commencements et re\u0301cuser l'une des ce\u0301sures ...","breadcrumb":{"@id":"https:\/\/www.africa-press.net\/djibouti\/toutes-les-actualites\/un-livre-pour-repenser-la-prehistoire#breadcrumb"},"inLanguage":"fr-FR","potentialAction":[{"@type":"ReadAction","target":["https:\/\/www.africa-press.net\/djibouti\/toutes-les-actualites\/un-livre-pour-repenser-la-prehistoire"]}]},{"@type":"ImageObject","inLanguage":"fr-FR","@id":"https:\/\/www.africa-press.net\/djibouti\/toutes-les-actualites\/un-livre-pour-repenser-la-prehistoire#primaryimage","url":"https:\/\/static.africa-press.net\/djibouti\/sites\/52\/2023\/09\/sm_1694866481.826914.jpg","contentUrl":"https:\/\/static.africa-press.net\/djibouti\/sites\/52\/2023\/09\/sm_1694866481.826914.jpg","width":1200,"height":898,"caption":"Un livre pour repenser la pr\u00e9histoire"},{"@type":"BreadcrumbList","@id":"https:\/\/www.africa-press.net\/djibouti\/toutes-les-actualites\/un-livre-pour-repenser-la-prehistoire#breadcrumb","itemListElement":[{"@type":"ListItem","position":1,"name":"Accueil","item":"https:\/\/www.africa-press.net\/djibouti\/"},{"@type":"ListItem","position":2,"name":"Un livre pour repenser la pr\u00e9histoire"}]},{"@type":"WebSite","@id":"https:\/\/www.africa-press.net\/djibouti\/#website","url":"https:\/\/www.africa-press.net\/djibouti\/","name":"Djibouti","description":"Just another Africa News Agency Sites site","potentialAction":[{"@type":"SearchAction","target":{"@type":"EntryPoint","urlTemplate":"https:\/\/www.africa-press.net\/djibouti\/?s={search_term_string}"},"query-input":{"@type":"PropertyValueSpecification","valueRequired":true,"valueName":"search_term_string"}}],"inLanguage":"fr-FR"},{"@type":"Person","@id":"https:\/\/www.africa-press.net\/djibouti\/#\/schema\/person\/2b1cf3cd81a31e3cd26889ca66d677f1","name":"cfeditorfr"}]}},"_links":{"self":[{"href":"https:\/\/www.africa-press.net\/djibouti\/wp-json\/wp\/v2\/posts\/17904","targetHints":{"allow":["GET"]}}],"collection":[{"href":"https:\/\/www.africa-press.net\/djibouti\/wp-json\/wp\/v2\/posts"}],"about":[{"href":"https:\/\/www.africa-press.net\/djibouti\/wp-json\/wp\/v2\/types\/post"}],"author":[{"embeddable":true,"href":"https:\/\/www.africa-press.net\/djibouti\/wp-json\/wp\/v2\/users\/82"}],"replies":[{"embeddable":true,"href":"https:\/\/www.africa-press.net\/djibouti\/wp-json\/wp\/v2\/comments?post=17904"}],"version-history":[{"count":0,"href":"https:\/\/www.africa-press.net\/djibouti\/wp-json\/wp\/v2\/posts\/17904\/revisions"}],"wp:featuredmedia":[{"embeddable":true,"href":"https:\/\/www.africa-press.net\/djibouti\/wp-json\/wp\/v2\/media\/17903"}],"wp:attachment":[{"href":"https:\/\/www.africa-press.net\/djibouti\/wp-json\/wp\/v2\/media?parent=17904"}],"wp:term":[{"taxonomy":"category","embeddable":true,"href":"https:\/\/www.africa-press.net\/djibouti\/wp-json\/wp\/v2\/categories?post=17904"},{"taxonomy":"post_tag","embeddable":true,"href":"https:\/\/www.africa-press.net\/djibouti\/wp-json\/wp\/v2\/tags?post=17904"}],"curies":[{"name":"wp","href":"https:\/\/api.w.org\/{rel}","templated":true}]}}